{"id":800,"date":"2008-02-12T08:53:05","date_gmt":"2008-02-12T07:53:05","guid":{"rendered":"http:\/\/www.filindeblogg.nu\/?p=800"},"modified":"2009-06-05T04:39:26","modified_gmt":"2009-06-05T03:39:26","slug":"ar-du-funktionshindrad-lille-van","status":"publish","type":"post","link":"http:\/\/www.filindeblogg.nu\/?p=800","title":{"rendered":"\u00c4r du funktionshindrad lille v\u00e4n?"},"content":{"rendered":"<p><a title=\"bild11.jpg\" href=\"http:\/\/www.filindeblogg.nu\/wp-content\/uploads\/2008\/02\/bild11.jpg\"><img src=\"http:\/\/www.filindeblogg.nu\/wp-content\/uploads\/2008\/02\/bild11.jpg\" alt=\"bild11.jpg\" \/><\/a><\/p>\n<p><a href=\"http:\/\/www.dn.se\/DNet\/jsp\/polopoly.jsp?d=147&amp;a=741879\"><strong>\u00c4r du funktionshindrad lille v\u00e4n?<\/strong><\/a><br \/>\nFritt efter Peter Tillbergs klassiska 70-talsm\u00e5lning: Blir du l\u00f6nsam lille v\u00e4n?<br \/>\nDet \u00e4r n\u00e4mligen precis samma inneb\u00f6rd i m\u00e5lningen som i ben\u00e4mningen <a href=\"http:\/\/www.svd.se\/stockholm\/nyheter\/artikel_861905.svd\">funktionshindrad i Sverige<\/a> idag!<\/p>\n<p><a href=\"http:\/\/www.dn.se\/DNet\/jsp\/polopoly.jsp?d=554&amp;a=741878\">Socialstyrelsen<\/a> kommer nu ut med en alarmerande rapport som visar att s k st\u00f6d fr\u00e5n samh\u00e4llets sida ist\u00e4llet \u00e4r en f\u00e4lla f\u00f6r alla de m\u00e4nniskor som idag klassas som &#8221;funktionshindrade&#8221;. Bland nytillkomna i denna grupp h\u00f6r <strong>personer med egenskaper inom Autismspektrat<\/strong> &#8211; vilket \u00e4r klart anm\u00e4rkningsv\u00e4rt och kr\u00e4nkande.<\/p>\n<p>Det b\u00f6rjar redan i f\u00f6rsta klass i skolan! Har du Aspergers syndrom klassas du som <a href=\"http:\/\/www.svd.se\/nyheter\/inrikes\/artikel_863257.svd\">funktionshindrad <\/a>&#8211; trots att du \u00e4r normal- till \u00f6verbeg\u00e5vad och endast beh\u00f6ver olika former av st\u00f6d f\u00f6r att klara vanlig skolg\u00e5ng<strong>. St\u00f6det kan vara s\u00e5 simpla saker som tyst i klassen!<\/strong><br \/>\nVad g\u00f6r skolan d\u00e5 med dessa Aspergersungar som inte passar in i dagens st\u00f6kiga skola? Jo, stoppar in dom i n\u00e5gon form av &#8221;f\u00f6rvaring&#8221; f\u00f6r att slippa fr\u00e5n problemet! Denna f\u00f6rvaring \u00e4r f\u00f6rutom otroligt f\u00f6r\u00f6dmjukande ocks\u00e5 en v\u00e4g till total utebliven skolutbildning och ett utanf\u00f6rskap! De h\u00e4r eleverna f\u00f6rpassas till skrubbar och k\u00e4llarlokaler under grundskoletiden f\u00f6r att sen sl\u00e4ngas \u00f6ver p\u00e5 IV-programmet i gymnasieskolan. IV-programmet &#8211; individuella programmet &#8211; \u00e4r ett slasktrattsprogram d\u00e4r alla hamnar som inte klarar grundskolan OCH \u00e4r ett av de st\u00f6rsta programmet i gymansieskolan idag!!<\/p>\n<p>OM nu inte det sker \u00e4nnu st\u00f6rre f\u00f6rnedringar gentemot dessa elever &#8211; de placeras i s\u00e4rskola &#8211; s\u00e5v\u00e4l i grundskolan som p\u00e5 gymnasieniv\u00e5. Det inneb\u00e4r ett skolbetyg som inte ens \u00e4r v\u00e4rt att torka sig i arslet med, som pappan i <strong>Uppdrag granskning<\/strong> sa f\u00f6rra veckan!<\/p>\n<p>Vad sen g\u00f6ra med alla dessa outbildade, okunniga m\u00e4nniskor som passerat grundskola och gymnasium utan st\u00f6d eller hj\u00e4lp och i total avsaknad av kunskaper. Jo, ut med dom i s k &#8221;daglig verksamhet&#8221; &#8211; ett slags s\u00e4rskola inom arbetslivet &#8211; eller ge dom f\u00f6rtidspension!<br \/>\nT\u00e4nk er 19-\u00e5riga Einsteins med f\u00f6rtidspension!! Fullst\u00e4ndigt absurt!! (Albert Einstein l\u00e4r ha haft Aspergers syndrom).<\/p>\n<p>Den s k dagliga verksamheten &#8211; p\u00e5hittad syssels\u00e4ttning fr\u00e5n kommunh\u00e5ll &#8211; n\u00e4r F\u00f6rs\u00e4kringskassan v\u00e4grar betala aktivitetsers\u00e4ttning till ungdomar &#8211; leder INTE till vanligt arbete eller m\u00f6jlighet att f\u00f6rs\u00f6rja sig sj\u00e4lv &#8211; med det sj\u00e4lvf\u00f6rtroende och trygghet som det skulle inneb\u00e4ra. Det visar Socialstyrelsens rapport &#8211; som kr\u00e4ver NYT\u00c4NKANDE!<\/p>\n<p>Nyt\u00e4nkande och slut p\u00e5 kr\u00e4nkningarna &#8211; har vi f\u00f6r\u00e4ldrar och anh\u00f6riga till m\u00e4nniskor med egenskaper inom Autismspektrat fodrat l\u00e4nge!<\/p>\n<p>Eftersom politiker \u00e4r helt k\u00e4nslokalla varelser f\u00e5r man vifta med miljonerna framf\u00f6r \u00f6gonen p\u00e5 dom! Pengar f\u00f6rst\u00e5r dom n\u00e4mligen &#8211; och hur man p\u00e5 alla s\u00e4tt ska sn\u00e5la och spara in p\u00e5 dom svagaste!<br \/>\n<strong>Kostnaden f\u00f6r samh\u00e4llets insatser till funktionshindrade var 2006 strax \u00f6ver 36 miljarder kronor!!<\/strong><\/p>\n<p><strong>36 miljarder kronor<\/strong> som \u00e4r helt bortkastade om skolan, kommunerna, politikerna t\u00e4nkte om.<\/p>\n<p>Nyt\u00e4nkande, s\u00e4ger Socialstyrelsen. Ja, och ett l\u00e5ngsiktigt s\u00e5dant, f\u00f6resl\u00e5r jag! Inte minsta m\u00f6jliga \u00e5tg\u00e4rd till billigaste peng &#8211; utan rej\u00e4la f\u00f6r\u00e4ndringar i skola och i synen p\u00e5 s k funktionshindrade! Det kommer att generera fantastiska arbetsinsatser fr\u00e5n m\u00e4nniskor som idag sl\u00e5s ut direkt i f\u00f6rskolan &#8211; och kommer att stoppa pengarna som nu rinner ut ur statskassan!<\/p>\n","protected":false},"excerpt":{"rendered":"<p>\u00c4r du funktionshindrad lille v\u00e4n? Fritt efter Peter Tillbergs klassiska 70-talsm\u00e5lning: Blir du l\u00f6nsam lille v\u00e4n? Det \u00e4r n\u00e4mligen precis samma inneb\u00f6rd i m\u00e5lningen som i ben\u00e4mningen funktionshindrad i Sverige idag! Socialstyrelsen kommer nu ut med en alarmerande rapport som visar att s k st\u00f6d fr\u00e5n samh\u00e4llets sida ist\u00e4llet \u00e4r en f\u00e4lla f\u00f6r alla de [&hellip;]<\/p>\n","protected":false},"author":1,"featured_media":0,"comment_status":"open","ping_status":"open","sticky":false,"template":"","format":"standard","meta":[],"categories":[107,101],"tags":[],"_links":{"self":[{"href":"http:\/\/www.filindeblogg.nu\/index.php?rest_route=\/wp\/v2\/posts\/800"}],"collection":[{"href":"http:\/\/www.filindeblogg.nu\/index.php?rest_route=\/wp\/v2\/posts"}],"about":[{"href":"http:\/\/www.filindeblogg.nu\/index.php?rest_route=\/wp\/v2\/types\/post"}],"author":[{"embeddable":true,"href":"http:\/\/www.filindeblogg.nu\/index.php?rest_route=\/wp\/v2\/users\/1"}],"replies":[{"embeddable":true,"href":"http:\/\/www.filindeblogg.nu\/index.php?rest_route=%2Fwp%2Fv2%2Fcomments&post=800"}],"version-history":[{"count":1,"href":"http:\/\/www.filindeblogg.nu\/index.php?rest_route=\/wp\/v2\/posts\/800\/revisions"}],"predecessor-version":[{"id":6087,"href":"http:\/\/www.filindeblogg.nu\/index.php?rest_route=\/wp\/v2\/posts\/800\/revisions\/6087"}],"wp:attachment":[{"href":"http:\/\/www.filindeblogg.nu\/index.php?rest_route=%2Fwp%2Fv2%2Fmedia&parent=800"}],"wp:term":[{"taxonomy":"category","embeddable":true,"href":"http:\/\/www.filindeblogg.nu\/index.php?rest_route=%2Fwp%2Fv2%2Fcategories&post=800"},{"taxonomy":"post_tag","embeddable":true,"href":"http:\/\/www.filindeblogg.nu\/index.php?rest_route=%2Fwp%2Fv2%2Ftags&post=800"}],"curies":[{"name":"wp","href":"https:\/\/api.w.org\/{rel}","templated":true}]}}