{"id":79996,"date":"2021-03-09T14:04:16","date_gmt":"2021-03-09T13:04:16","guid":{"rendered":"http:\/\/www.filindeblogg.nu\/?p=79996"},"modified":"2021-03-09T14:04:16","modified_gmt":"2021-03-09T13:04:16","slug":"long-time-no-seen-en-blogg-hurra","status":"publish","type":"post","link":"http:\/\/www.filindeblogg.nu\/?p=79996","title":{"rendered":"Long time no seen! En blogg &#8211; hurra!"},"content":{"rendered":"<p><img loading=\"lazy\" class=\"alignnone size-medium wp-image-79997\" src=\"http:\/\/www.filindeblogg.nu\/wp-content\/uploads\/2021\/03\/IMG_2011-263x300.jpg\" alt=\"\" width=\"263\" height=\"300\" srcset=\"http:\/\/www.filindeblogg.nu\/wp-content\/uploads\/2021\/03\/IMG_2011-263x300.jpg 263w, http:\/\/www.filindeblogg.nu\/wp-content\/uploads\/2021\/03\/IMG_2011-768x878.jpg 768w, http:\/\/www.filindeblogg.nu\/wp-content\/uploads\/2021\/03\/IMG_2011.jpg 840w\" sizes=\"(max-width: 263px) 100vw, 263px\" \/> Tiden rusar iv\u00e4g och det var v\u00e4ldigt l\u00e4nge sen jag bloggade! Detta beror p\u00e5 att tiden just rusar iv\u00e4g men ocks\u00e5 att jag skriver kr\u00f6nikor i Magazin24 &#8211; d v s jag f\u00e5r utlopp f\u00f6r mitt skrivande och mina \u00e5sikter d\u00e4r.<\/p>\n<p>En av anledningarna till att det blev en blogg idag \u00e4r Expressen! <img loading=\"lazy\" class=\"alignnone size-full wp-image-80012\" src=\"http:\/\/www.filindeblogg.nu\/wp-content\/uploads\/2021\/03\/Expressen.png\" alt=\"\" width=\"234\" height=\"211\" \/><br \/>\nJag blev kontaktad ig\u00e5r av en journalist p\u00e5 Expressen som t\u00e4nker skriva om ett, \u00e4ven f\u00f6r mig angel\u00e4get \u00e4mne,\u00a0 &#8211; oseri\u00f6sa fastighets\u00e4gare. En grupp som jag definitivt inte r\u00e4knar mig till!<br \/>\nJournalisten hade hittat mig via min blogg! S\u00e5 d\u00e5 t\u00e4nkte jag &#8211; nu m\u00e5ste jag sk\u00e4rpa till mig lite och f\u00e5 till lite fler bloggar. S\u00e5 h\u00e4r kommer en! (Expressen om reportaget d\u00e4r jag \u00e4r med f\u00e5r ni leta upp sj\u00e4lva s\u00e5 sm\u00e5ningom!)<\/p>\n<p>Ig\u00e5r var det <strong>Internationella Kvinnodagen<\/strong> och jag hissade flaggan p\u00e5 v\u00e5r g\u00e5rd! <img loading=\"lazy\" class=\"alignnone size-medium wp-image-79998\" src=\"http:\/\/www.filindeblogg.nu\/wp-content\/uploads\/2021\/03\/IMG_2052-225x300.jpg\" alt=\"\" width=\"225\" height=\"300\" srcset=\"http:\/\/www.filindeblogg.nu\/wp-content\/uploads\/2021\/03\/IMG_2052-225x300.jpg 225w, http:\/\/www.filindeblogg.nu\/wp-content\/uploads\/2021\/03\/IMG_2052.jpg 454w\" sizes=\"(max-width: 225px) 100vw, 225px\" \/> I <strong>Arboga<\/strong> \u00e4r det lokal allm\u00e4n flaggdag denna dag! S\u00e5 Arboga kommun l\u00e4t hissa alla sina flaggor runt om i staden. <img loading=\"lazy\" class=\"alignnone size-medium wp-image-79999\" src=\"http:\/\/www.filindeblogg.nu\/wp-content\/uploads\/2021\/03\/IMG_2088-167x300.jpg\" alt=\"\" width=\"167\" height=\"300\" srcset=\"http:\/\/www.filindeblogg.nu\/wp-content\/uploads\/2021\/03\/IMG_2088-167x300.jpg 167w, http:\/\/www.filindeblogg.nu\/wp-content\/uploads\/2021\/03\/IMG_2088-570x1024.jpg 570w, http:\/\/www.filindeblogg.nu\/wp-content\/uploads\/2021\/03\/IMG_2088.jpg 712w\" sizes=\"(max-width: 167px) 100vw, 167px\" \/> (Foto: Niklas Ingerstedt).<\/p>\n<p><img loading=\"lazy\" class=\"alignnone size-medium wp-image-80000\" src=\"http:\/\/www.filindeblogg.nu\/wp-content\/uploads\/2021\/03\/IMG_2075-225x300.jpg\" alt=\"\" width=\"225\" height=\"300\" srcset=\"http:\/\/www.filindeblogg.nu\/wp-content\/uploads\/2021\/03\/IMG_2075-225x300.jpg 225w, http:\/\/www.filindeblogg.nu\/wp-content\/uploads\/2021\/03\/IMG_2075.jpg 454w\" sizes=\"(max-width: 225px) 100vw, 225px\" \/> Sj\u00e4lv blev jag sugen p\u00e5 lite bubbel dagen till \u00e4ra och s\u00e5 fick det bli!<br \/>\nAlltmedan jag nj\u00f6t av att vara just kvinna &#8211; sj\u00e4lvst\u00e4ndig, oberoende och stark. Men sk\u00e4nkte ocks\u00e5 en f\u00f6rhoppning om att fler ska f\u00e5 k\u00e4nna som jag.<\/p>\n<p><img loading=\"lazy\" class=\"size-medium wp-image-80001 aligncenter\" src=\"http:\/\/www.filindeblogg.nu\/wp-content\/uploads\/2021\/03\/IMG_1795-300x300.jpg\" alt=\"\" width=\"300\" height=\"300\" srcset=\"http:\/\/www.filindeblogg.nu\/wp-content\/uploads\/2021\/03\/IMG_1795-300x300.jpg 300w, http:\/\/www.filindeblogg.nu\/wp-content\/uploads\/2021\/03\/IMG_1795-150x150.jpg 150w, http:\/\/www.filindeblogg.nu\/wp-content\/uploads\/2021\/03\/IMG_1795-144x144.jpg 144w, http:\/\/www.filindeblogg.nu\/wp-content\/uploads\/2021\/03\/IMG_1795.jpg 720w\" sizes=\"(max-width: 300px) 100vw, 300px\" \/><\/p>\n<p>F\u00f6r \u00f6vrigt var det just 8 mars ett \u00e5r sen jag och familjen firade en f\u00f6delsedag i <strong>Stockholm<\/strong>! <img loading=\"lazy\" class=\"alignnone size-medium wp-image-80002\" src=\"http:\/\/www.filindeblogg.nu\/wp-content\/uploads\/2021\/03\/IMG_2089-225x300.jpg\" alt=\"\" width=\"225\" height=\"300\" srcset=\"http:\/\/www.filindeblogg.nu\/wp-content\/uploads\/2021\/03\/IMG_2089-225x300.jpg 225w, http:\/\/www.filindeblogg.nu\/wp-content\/uploads\/2021\/03\/IMG_2089.jpg 720w\" sizes=\"(max-width: 225px) 100vw, 225px\" \/> Stort hotell, stor buff\u00e9, massor av folk och puss och kram! INGEN t\u00e4nkte <strong>covid-19<\/strong>! Veckan efter brakade helvetet l\u00f6st. Och sen blev det v\u00e4rre och v\u00e4rre &#8211; eller hur man v\u00e4ljer att se det.<\/p>\n<p>Jag sj\u00e4lv skrev s\u00e5 h\u00e4r p\u00e5 Facebook 22 mars f\u00f6rra \u00e5ret:<\/p>\n<p><img loading=\"lazy\" class=\"alignnone size-medium wp-image-80003 aligncenter\" src=\"http:\/\/www.filindeblogg.nu\/wp-content\/uploads\/2021\/03\/IMG_2129-300x225.jpg\" alt=\"\" width=\"300\" height=\"225\" srcset=\"http:\/\/www.filindeblogg.nu\/wp-content\/uploads\/2021\/03\/IMG_2129-300x225.jpg 300w, http:\/\/www.filindeblogg.nu\/wp-content\/uploads\/2021\/03\/IMG_2129-768x576.jpg 768w, http:\/\/www.filindeblogg.nu\/wp-content\/uploads\/2021\/03\/IMG_2129.jpg 1008w\" sizes=\"(max-width: 300px) 100vw, 300px\" \/><\/p>\n<p>&#8221;<em>En sak som sl\u00e5r mig i dessa tider: Vi som f\u00f6rs\u00f6ker leva som vanligt trots det som p\u00e5g\u00e5r med corona. Vi som inte f\u00e5r panik. Vi som inte sprider massor av skr\u00e4mmande nyheter. Vi som kommer med mer lugnande information. <strong>VI \u00c4R INTE OANSVARIGA! VI VILL INTE ANDRA ILLA! TV\u00c4RTOM!<\/strong><\/em><br \/>\n<em>Vi f\u00f6rs\u00f6ker bara leva livet \u00e4nd\u00e5. Lugnt och med sunt f\u00f6rnuft. F\u00f6r att f\u00f6rhindra just panik och hysteri i en allvarlig situation.&#8221;<\/em><\/p>\n<p>S\u00e5 k\u00e4nde jag d\u00e5. S\u00e5 f\u00f6rh\u00f6ll jag mig d\u00e5 &#8211; och det fortsatte jag med. Och kan skriva under p\u00e5 dessa rader \u00e4ven idag.<br \/>\nJag lever som vanligt men med avst\u00e5nd och sunt f\u00f6rnuft och jag har hittills inte blivit sjuk i covid-19.<br \/>\nNu v\u00e4ntar jag p\u00e5 att f\u00e5 vaccination! <img loading=\"lazy\" class=\"alignnone size-medium wp-image-80004\" src=\"http:\/\/www.filindeblogg.nu\/wp-content\/uploads\/2021\/03\/Covid19-vaccin-300x147.jpg\" alt=\"\" width=\"300\" height=\"147\" srcset=\"http:\/\/www.filindeblogg.nu\/wp-content\/uploads\/2021\/03\/Covid19-vaccin-300x147.jpg 300w, http:\/\/www.filindeblogg.nu\/wp-content\/uploads\/2021\/03\/Covid19-vaccin.jpg 321w\" sizes=\"(max-width: 300px) 100vw, 300px\" \/><\/p>\n<p>V\u00e4ntar p\u00e5 v\u00e5ren g\u00f6r jag ocks\u00e5! Och visst \u00e4r det v\u00e5rv\u00e4der just nu! Typisk svenskt v\u00e5rv\u00e4der!\u00a0 Dessa bilder \u00e4r tagna i Arboga med cirka 1 timmas mellanrum helgen som gick!<\/p>\n<p><img loading=\"lazy\" class=\"alignnone size-medium wp-image-80005\" src=\"http:\/\/www.filindeblogg.nu\/wp-content\/uploads\/2021\/03\/IMG_1953-225x300.jpg\" alt=\"\" width=\"225\" height=\"300\" srcset=\"http:\/\/www.filindeblogg.nu\/wp-content\/uploads\/2021\/03\/IMG_1953-225x300.jpg 225w, http:\/\/www.filindeblogg.nu\/wp-content\/uploads\/2021\/03\/IMG_1953.jpg 454w\" sizes=\"(max-width: 225px) 100vw, 225px\" \/> V\u00e5rbild 1 <img loading=\"lazy\" class=\"alignnone size-medium wp-image-80006\" src=\"http:\/\/www.filindeblogg.nu\/wp-content\/uploads\/2021\/03\/IMG_1990-225x300.jpg\" alt=\"\" width=\"225\" height=\"300\" srcset=\"http:\/\/www.filindeblogg.nu\/wp-content\/uploads\/2021\/03\/IMG_1990-225x300.jpg 225w, http:\/\/www.filindeblogg.nu\/wp-content\/uploads\/2021\/03\/IMG_1990.jpg 454w\" sizes=\"(max-width: 225px) 100vw, 225px\" \/> V\u00e5rbild 2<\/p>\n<p>S\u00e5 ombytligt \u00e4r det svenska v\u00e5rv\u00e4dret!<\/p>\n<p>Men den kommer &#8211; v\u00e5ren! Och under tiden kan man unna sig lite goda \u00e4gg till helgfrukosten! Det tycker katten <strong>Felix<\/strong> &#8211; <img loading=\"lazy\" class=\"alignnone size-medium wp-image-80007\" src=\"http:\/\/www.filindeblogg.nu\/wp-content\/uploads\/2021\/03\/IMG_1897-225x300.jpg\" alt=\"\" width=\"225\" height=\"300\" srcset=\"http:\/\/www.filindeblogg.nu\/wp-content\/uploads\/2021\/03\/IMG_1897-225x300.jpg 225w, http:\/\/www.filindeblogg.nu\/wp-content\/uploads\/2021\/03\/IMG_1897.jpg 454w\" sizes=\"(max-width: 225px) 100vw, 225px\" \/> och det tycker jag! <img loading=\"lazy\" class=\"alignnone size-medium wp-image-80008\" src=\"http:\/\/www.filindeblogg.nu\/wp-content\/uploads\/2021\/03\/IMG_1983-225x300.jpg\" alt=\"\" width=\"225\" height=\"300\" srcset=\"http:\/\/www.filindeblogg.nu\/wp-content\/uploads\/2021\/03\/IMG_1983-225x300.jpg 225w, http:\/\/www.filindeblogg.nu\/wp-content\/uploads\/2021\/03\/IMG_1983.jpg 454w\" sizes=\"(max-width: 225px) 100vw, 225px\" \/><\/p>\n<p>Via <strong>REKO<\/strong> i Arboga k\u00f6per jag \u00e4gg fr\u00e5n lyckliga h\u00f6nor! <strong>AnnaPia<\/strong>s \u00e4gg har olika f\u00e4rger och olika storlekar &#8211; precis som jag vill ha det! <span class=\"aCOpRe\">En <em>REKO<\/em>-ring \u00e4r ett s\u00e4tt att handla lokalproducerad mat utan mellanh\u00e4nder<\/span><\/p>\n<p><img loading=\"lazy\" class=\"alignnone size-medium wp-image-80009\" src=\"http:\/\/www.filindeblogg.nu\/wp-content\/uploads\/2021\/03\/IMG_1899-262x300.jpg\" alt=\"\" width=\"262\" height=\"300\" srcset=\"http:\/\/www.filindeblogg.nu\/wp-content\/uploads\/2021\/03\/IMG_1899-262x300.jpg 262w, http:\/\/www.filindeblogg.nu\/wp-content\/uploads\/2021\/03\/IMG_1899.jpg 335w\" sizes=\"(max-width: 262px) 100vw, 262px\" \/> Felix blir nyfiken men han gillar bara gulan<\/p>\n<p>och den ska helst vara lite rinnig. <img loading=\"lazy\" class=\"alignnone size-medium wp-image-80010\" src=\"http:\/\/www.filindeblogg.nu\/wp-content\/uploads\/2021\/03\/IMG_1900-231x300.jpg\" alt=\"\" width=\"231\" height=\"300\" srcset=\"http:\/\/www.filindeblogg.nu\/wp-content\/uploads\/2021\/03\/IMG_1900-231x300.jpg 231w, http:\/\/www.filindeblogg.nu\/wp-content\/uploads\/2021\/03\/IMG_1900.jpg 296w\" sizes=\"(max-width: 231px) 100vw, 231px\" \/><\/p>\n<p>\u00c4r ni intresserade av att handla lokalt producerad mat &#8211; \u00e4gg, k\u00f6tt, gr\u00f6nsaker, potatis, honung, br\u00f6d &#8211; ja allt vad man kan t\u00e4nka sig &#8211; s\u00f6k p\u00e5 REKO p\u00e5 <strong>Facebook<\/strong>. Flera kommuner i Sverige har s k reko-ringar!<\/p>\n<p><img loading=\"lazy\" class=\"alignnone size-full wp-image-80014\" src=\"http:\/\/www.filindeblogg.nu\/wp-content\/uploads\/2021\/03\/Ber.jpg\" alt=\"\" width=\"182\" height=\"174\" \/>\u00a0F\u00f6rl\u00e5t att jag inte skrivit blogg p\u00e5 l\u00e4nge! Jag ska f\u00f6rs\u00f6ka b\u00e4ttra mig! Ha det gott! STAY SAFE! H\u00e5ll distans till varandra men \u00f6verdriv inte! Man ska leva ocks\u00e5 \u00e4ven under en pandemi! Leva och \u00f6verleva!<\/p>\n<p>KRAM p\u00e5 er! Snart kommer v\u00e5ren! P\u00e5 riktigt!<\/p>\n<p><img loading=\"lazy\" class=\"alignnone size-medium wp-image-80011 aligncenter\" src=\"http:\/\/www.filindeblogg.nu\/wp-content\/uploads\/2021\/03\/IMG_1976-225x300.jpg\" alt=\"\" width=\"225\" height=\"300\" srcset=\"http:\/\/www.filindeblogg.nu\/wp-content\/uploads\/2021\/03\/IMG_1976-225x300.jpg 225w, http:\/\/www.filindeblogg.nu\/wp-content\/uploads\/2021\/03\/IMG_1976.jpg 454w\" sizes=\"(max-width: 225px) 100vw, 225px\" \/><\/p>\n<p>&nbsp;<\/p>\n","protected":false},"excerpt":{"rendered":"<p>Tiden rusar iv\u00e4g och det var v\u00e4ldigt l\u00e4nge sen jag bloggade! Detta beror p\u00e5 att tiden just rusar iv\u00e4g men ocks\u00e5 att jag skriver kr\u00f6nikor i Magazin24 &#8211; d v s jag f\u00e5r utlopp f\u00f6r mitt skrivande och mina \u00e5sikter d\u00e4r. En av anledningarna till att det blev en blogg idag \u00e4r Expressen! Jag blev [&hellip;]<\/p>\n","protected":false},"author":1,"featured_media":0,"comment_status":"open","ping_status":"open","sticky":false,"template":"","format":"standard","meta":[],"categories":[268,269,121,100],"tags":[],"_links":{"self":[{"href":"http:\/\/www.filindeblogg.nu\/index.php?rest_route=\/wp\/v2\/posts\/79996"}],"collection":[{"href":"http:\/\/www.filindeblogg.nu\/index.php?rest_route=\/wp\/v2\/posts"}],"about":[{"href":"http:\/\/www.filindeblogg.nu\/index.php?rest_route=\/wp\/v2\/types\/post"}],"author":[{"embeddable":true,"href":"http:\/\/www.filindeblogg.nu\/index.php?rest_route=\/wp\/v2\/users\/1"}],"replies":[{"embeddable":true,"href":"http:\/\/www.filindeblogg.nu\/index.php?rest_route=%2Fwp%2Fv2%2Fcomments&post=79996"}],"version-history":[{"count":2,"href":"http:\/\/www.filindeblogg.nu\/index.php?rest_route=\/wp\/v2\/posts\/79996\/revisions"}],"predecessor-version":[{"id":80015,"href":"http:\/\/www.filindeblogg.nu\/index.php?rest_route=\/wp\/v2\/posts\/79996\/revisions\/80015"}],"wp:attachment":[{"href":"http:\/\/www.filindeblogg.nu\/index.php?rest_route=%2Fwp%2Fv2%2Fmedia&parent=79996"}],"wp:term":[{"taxonomy":"category","embeddable":true,"href":"http:\/\/www.filindeblogg.nu\/index.php?rest_route=%2Fwp%2Fv2%2Fcategories&post=79996"},{"taxonomy":"post_tag","embeddable":true,"href":"http:\/\/www.filindeblogg.nu\/index.php?rest_route=%2Fwp%2Fv2%2Ftags&post=79996"}],"curies":[{"name":"wp","href":"https:\/\/api.w.org\/{rel}","templated":true}]}}