{"id":79539,"date":"2019-09-28T12:53:45","date_gmt":"2019-09-28T11:53:45","guid":{"rendered":"http:\/\/www.filindeblogg.nu\/?p=79539"},"modified":"2019-09-29T18:24:48","modified_gmt":"2019-09-29T17:24:48","slug":"naturligt-vis-naturligtvis-om-markliga-man-och-ljuvlig-natur-bland-annat","status":"publish","type":"post","link":"http:\/\/www.filindeblogg.nu\/?p=79539","title":{"rendered":"Naturligt vis &#8211; naturligtvis! Om m\u00e4rkliga m\u00e4n och ljuvlig natur &#8211; bland annat!"},"content":{"rendered":"<p><img loading=\"lazy\" class=\"alignnone wp-image-79540\" src=\"http:\/\/www.filindeblogg.nu\/wp-content\/uploads\/2019\/09\/IMG_1250-215x300.jpg\" alt=\"\" width=\"151\" height=\"211\" srcset=\"http:\/\/www.filindeblogg.nu\/wp-content\/uploads\/2019\/09\/IMG_1250-215x300.jpg 215w, http:\/\/www.filindeblogg.nu\/wp-content\/uploads\/2019\/09\/IMG_1250.jpg 459w\" sizes=\"(max-width: 151px) 100vw, 151px\" \/> Oj, vad det fanns mycket att skriva om idag! Ett uppd\u00e4mt behov kanske. Har varit lite l\u00e5g ett tag. \u00c4r man utbr\u00e4nd som jag s\u00e5 r\u00e4cker inte krafterna alltid till &#8211; inte ens till det roliga man vill g\u00f6ra.<br \/>\nMen nu k\u00e4nns det som om jag snart kan sl\u00e4nga mig upp p\u00e5 banan igen!<\/p>\n<p>Jaha, vad ska vi b\u00f6rja med d\u00e5? Jo, en av de saker som gjorde att min dip och depp blev lite l\u00e4ngre \u00e4n v\u00e4ntat.<strong> Kissen Felix<\/strong> har r\u00e5kat illa ut igen&#8230; <img loading=\"lazy\" class=\"alignnone wp-image-79541\" src=\"http:\/\/www.filindeblogg.nu\/wp-content\/uploads\/2019\/09\/IMG_0792-229x300.jpg\" alt=\"\" width=\"132\" height=\"173\" srcset=\"http:\/\/www.filindeblogg.nu\/wp-content\/uploads\/2019\/09\/IMG_0792-229x300.jpg 229w, http:\/\/www.filindeblogg.nu\/wp-content\/uploads\/2019\/09\/IMG_0792.jpg 489w\" sizes=\"(max-width: 132px) 100vw, 132px\" \/> Hemsk bild, eller hur! Och inget mot verkligheten och hur stackars Felix fick ha det&#8230;<br \/>\nJa, \u00e4ven matte blev f\u00f6rst\u00e5s drabbad. <img loading=\"lazy\" class=\"alignnone size-medium wp-image-79542\" src=\"http:\/\/www.filindeblogg.nu\/wp-content\/uploads\/2019\/09\/IMG_0790-225x300.jpg\" alt=\"\" width=\"225\" height=\"300\" srcset=\"http:\/\/www.filindeblogg.nu\/wp-content\/uploads\/2019\/09\/IMG_0790-225x300.jpg 225w, http:\/\/www.filindeblogg.nu\/wp-content\/uploads\/2019\/09\/IMG_0790.jpg 579w\" sizes=\"(max-width: 225px) 100vw, 225px\" \/> H\u00e4r p\u00e5 bilden \u00e4r dr\u00e4naget borttaget men det skulle forts\u00e4ttas att reng\u00f6ras runt s\u00e5ret &#8211; och tratten skulle vara p\u00e5&#8230;<br \/>\nStackars Felix! Inte nog med det fysiska &#8211; han deppade ihop \u00f6ver att vara inst\u00e4ngd 10 dagar. Inte kul f\u00f6r en frihets\u00e4lskande katt!<\/p>\n<p>Och vad hade h\u00e4nt, undrar n\u00e5gon? Jag misst\u00e4nker starkt <strong>Vilda Wilma<\/strong> igen! Felix \u00e4r en s\u00e5 sn\u00e4ll och v\u00e4nlig kisse och skulle aldrig starta ett br\u00e5k &#8211; men lilla r\u00f6da kissen Wilma har inga problem med det och Felix \u00e4r en som hon g\u00e4rna ger sig p\u00e5&#8230;<br \/>\n<img loading=\"lazy\" class=\"alignnone wp-image-79543\" src=\"http:\/\/www.filindeblogg.nu\/wp-content\/uploads\/2019\/09\/IMG_1106-225x300.jpg\" alt=\"\" width=\"161\" height=\"215\" srcset=\"http:\/\/www.filindeblogg.nu\/wp-content\/uploads\/2019\/09\/IMG_1106-225x300.jpg 225w, http:\/\/www.filindeblogg.nu\/wp-content\/uploads\/2019\/09\/IMG_1106.jpg 756w\" sizes=\"(max-width: 161px) 100vw, 161px\" \/> Men tiden l\u00e4ker alla s\u00e5r, heter det ju, och s\u00e5 \u00e4ven f\u00f6r Felix! Lyckan var STOR n\u00e4r han \u00e4ntligen fick g\u00e5 ut igen! <img loading=\"lazy\" class=\"alignnone size-medium wp-image-79544\" src=\"http:\/\/www.filindeblogg.nu\/wp-content\/uploads\/2019\/09\/IMG_1092-225x300.jpg\" alt=\"\" width=\"225\" height=\"300\" srcset=\"http:\/\/www.filindeblogg.nu\/wp-content\/uploads\/2019\/09\/IMG_1092-225x300.jpg 225w, http:\/\/www.filindeblogg.nu\/wp-content\/uploads\/2019\/09\/IMG_1092.jpg 756w\" sizes=\"(max-width: 225px) 100vw, 225px\" \/> Tidigt, tidigt onsdag morgon gick matte upp f\u00f6r att kissen skulle slippa v\u00e4nta l\u00e4ngre. <img loading=\"lazy\" class=\"alignnone wp-image-78513\" src=\"http:\/\/www.filindeblogg.nu\/wp-content\/uploads\/2019\/03\/HJ\u00c4RTA-300x280.jpg\" alt=\"\" width=\"57\" height=\"53\" srcset=\"http:\/\/www.filindeblogg.nu\/wp-content\/uploads\/2019\/03\/HJ\u00c4RTA-300x280.jpg 300w, http:\/\/www.filindeblogg.nu\/wp-content\/uploads\/2019\/03\/HJ\u00c4RTA.jpg 666w\" sizes=\"(max-width: 57px) 100vw, 57px\" \/><\/p>\n<p>Kanske \u00e4r det s\u00e5 h\u00e4r: <img loading=\"lazy\" class=\"alignnone size-medium wp-image-79545\" src=\"http:\/\/www.filindeblogg.nu\/wp-content\/uploads\/2019\/09\/IMG_1084-225x300.jpg\" alt=\"\" width=\"225\" height=\"300\" srcset=\"http:\/\/www.filindeblogg.nu\/wp-content\/uploads\/2019\/09\/IMG_1084-225x300.jpg 225w, http:\/\/www.filindeblogg.nu\/wp-content\/uploads\/2019\/09\/IMG_1084.jpg 756w\" sizes=\"(max-width: 225px) 100vw, 225px\" \/><strong><em> &#8221;Tid av HELVETE kan f\u00e5 en att f\u00f6rst\u00e5 LYCKA &#8211; n\u00e4r helvetet \u00e4r \u00f6ver.&#8221;<br \/>\n<\/em><\/strong>S\u00e5 k\u00e4nde jag h\u00e4r om morgonen.<\/p>\n<p><img loading=\"lazy\" class=\"alignnone wp-image-79546\" src=\"http:\/\/www.filindeblogg.nu\/wp-content\/uploads\/2019\/09\/Smiley-hysterisk-av-lycka.jpg\" alt=\"\" width=\"82\" height=\"82\" srcset=\"http:\/\/www.filindeblogg.nu\/wp-content\/uploads\/2019\/09\/Smiley-hysterisk-av-lycka.jpg 200w, http:\/\/www.filindeblogg.nu\/wp-content\/uploads\/2019\/09\/Smiley-hysterisk-av-lycka-150x150.jpg 150w, http:\/\/www.filindeblogg.nu\/wp-content\/uploads\/2019\/09\/Smiley-hysterisk-av-lycka-144x144.jpg 144w\" sizes=\"(max-width: 82px) 100vw, 82px\" \/>Annat som kan g\u00f6ra en glad \u00e4r att hitta de d\u00e4r kl\u00e4derna som man inte visste att man letade efter &#8211; men som man direkt k\u00e4nde att man m\u00e5ste ha!! <img loading=\"lazy\" class=\"alignnone wp-image-79547\" src=\"http:\/\/www.filindeblogg.nu\/wp-content\/uploads\/2019\/09\/IMG_1183-229x300.jpg\" alt=\"\" width=\"182\" height=\"239\" srcset=\"http:\/\/www.filindeblogg.nu\/wp-content\/uploads\/2019\/09\/IMG_1183-229x300.jpg 229w, http:\/\/www.filindeblogg.nu\/wp-content\/uploads\/2019\/09\/IMG_1183.jpg 488w\" sizes=\"(max-width: 182px) 100vw, 182px\" \/> S\u00c5 fin gul f\u00e4rg och j\u00e4ttemjuk! M\u00e5ste k\u00f6pa!<\/p>\n<p>Sen den h\u00e4r jackan! OJ! <img loading=\"lazy\" class=\"alignnone wp-image-79548\" src=\"http:\/\/www.filindeblogg.nu\/wp-content\/uploads\/2019\/09\/IMG_1185-227x300.jpg\" alt=\"\" width=\"193\" height=\"255\" srcset=\"http:\/\/www.filindeblogg.nu\/wp-content\/uploads\/2019\/09\/IMG_1185-227x300.jpg 227w, http:\/\/www.filindeblogg.nu\/wp-content\/uploads\/2019\/09\/IMG_1185.jpg 485w\" sizes=\"(max-width: 193px) 100vw, 193px\" \/> Ocks\u00e5 S\u00c5 mjuk och med kapuschong som jag bara \u00e4lskar!<br \/>\nOroade mig lite, men bara lite, \u00f6ver pl\u00e5nboken &#8211; men sen kom jag p\u00e5 att jag var p\u00e5 <strong>KappAhl<\/strong> och att jag faktiskt f\u00e5tt med mig den kupong som kom i brevl\u00e5dan h\u00e4r om dagen!!<\/p>\n<p><img loading=\"lazy\" class=\"alignnone wp-image-79546\" src=\"http:\/\/www.filindeblogg.nu\/wp-content\/uploads\/2019\/09\/Smiley-hysterisk-av-lycka.jpg\" alt=\"\" width=\"82\" height=\"82\" srcset=\"http:\/\/www.filindeblogg.nu\/wp-content\/uploads\/2019\/09\/Smiley-hysterisk-av-lycka.jpg 200w, http:\/\/www.filindeblogg.nu\/wp-content\/uploads\/2019\/09\/Smiley-hysterisk-av-lycka-150x150.jpg 150w, http:\/\/www.filindeblogg.nu\/wp-content\/uploads\/2019\/09\/Smiley-hysterisk-av-lycka-144x144.jpg 144w\" sizes=\"(max-width: 82px) 100vw, 82px\" \/> 30% rabatt!! Hurra!! Det blev n\u00e4stan s\u00e5 jag fick tr\u00f6jan gratis! Min turdag!<br \/>\nKan beh\u00f6vas efter allt el\u00e4nde.<br \/>\nOch inte \u00e4r jag en s\u00e5n som s\u00e4ger nej till second hand heller! Den h\u00e4r fina blusen hittade jag p\u00e5 mitt jobb &#8211;<a href=\"https:\/\/kommun.redcross.se\/vasteras\/vart-arbete\/kansli\/motesplats-kupan\/\"><strong> R\u00f6da Korset i V\u00e4ster\u00e5s<\/strong><\/a>! <img loading=\"lazy\" class=\"alignnone size-medium wp-image-79549\" src=\"http:\/\/www.filindeblogg.nu\/wp-content\/uploads\/2019\/09\/IMG_1194-225x300.jpg\" alt=\"\" width=\"225\" height=\"300\" srcset=\"http:\/\/www.filindeblogg.nu\/wp-content\/uploads\/2019\/09\/IMG_1194-225x300.jpg 225w, http:\/\/www.filindeblogg.nu\/wp-content\/uploads\/2019\/09\/IMG_1194.jpg 756w\" sizes=\"(max-width: 225px) 100vw, 225px\" \/> F\u00f6r 50kr!!<\/p>\n<p>S\u00e5 fina f\u00e4rger och m\u00f6nster! <img loading=\"lazy\" class=\"alignnone size-medium wp-image-79550\" src=\"http:\/\/www.filindeblogg.nu\/wp-content\/uploads\/2019\/09\/IMG_1198-225x300.jpg\" alt=\"\" width=\"225\" height=\"300\" srcset=\"http:\/\/www.filindeblogg.nu\/wp-content\/uploads\/2019\/09\/IMG_1198-225x300.jpg 225w, http:\/\/www.filindeblogg.nu\/wp-content\/uploads\/2019\/09\/IMG_1198.jpg 579w\" sizes=\"(max-width: 225px) 100vw, 225px\" \/><\/p>\n<p>Men ska vi ta lite mer el\u00e4nde n\u00e4r vi \u00e4nd\u00e5 h\u00e5ller p\u00e5? S\u00e5 \u00e4r vi av med det.<\/p>\n<p>S\u00e5 f\u00e5r det bli!<\/p>\n<p>Jag \u00e4r ju kr\u00f6nik\u00f6r i <a href=\"https:\/\/www.magazin24.se\/\"><strong>Magazin24<\/strong><\/a> och min kr\u00f6nika i september s\u00e5g ut s\u00e5 h\u00e4r: <img loading=\"lazy\" class=\"alignnone size-medium wp-image-79551\" src=\"http:\/\/www.filindeblogg.nu\/wp-content\/uploads\/2019\/09\/IMG_1249-225x300.jpg\" alt=\"\" width=\"225\" height=\"300\" srcset=\"http:\/\/www.filindeblogg.nu\/wp-content\/uploads\/2019\/09\/IMG_1249-225x300.jpg 225w, http:\/\/www.filindeblogg.nu\/wp-content\/uploads\/2019\/09\/IMG_1249.jpg 756w\" sizes=\"(max-width: 225px) 100vw, 225px\" \/> Rubriken \u00e4r <strong><em>&#8221;Viljan att d\u00f6da&#8221;<\/em><\/strong> och jag skriver om en sak som jag tycker \u00e4r m\u00e4rklig. Hur man som j\u00e4gare kan k\u00e4nna en vilja att skjuta, d\u00f6da, n\u00e4r man g\u00e5r i skogen och ser ett fint djur.<br \/>\nJag skriver ocks\u00e5 om det sjuka varghatet och om mina egna upplevelser av att m\u00f6ta varg \u00f6ga mot \u00f6ga &#8211; ett fantastiskt m\u00f6te, andaktsfullt och \u00f6dmjukt. Skriver om mitt m\u00e5tto: <em>&#8221;Lev och l\u00e5t leva&#8221;<\/em>. <img loading=\"lazy\" class=\"alignnone size-medium wp-image-79553\" src=\"http:\/\/www.filindeblogg.nu\/wp-content\/uploads\/2019\/09\/IMG_1251-300x197.jpg\" alt=\"\" width=\"300\" height=\"197\" srcset=\"http:\/\/www.filindeblogg.nu\/wp-content\/uploads\/2019\/09\/IMG_1251-300x197.jpg 300w, http:\/\/www.filindeblogg.nu\/wp-content\/uploads\/2019\/09\/IMG_1251.jpg 713w\" sizes=\"(max-width: 300px) 100vw, 300px\" \/><br \/>\nJag ger ocks\u00e5 en sl\u00e4ng av sleven till en del m\u00e4n. F\u00f6r det \u00e4r oftast m\u00e4n som \u00e4r n\u00f6jesj\u00e4gare och \u00e4nnu mer vanligt att det \u00e4r m\u00e4n som vill helt utrota vargen fr\u00e5n jordens yta.<br \/>\nDu kan l\u00e4sa kr\u00f6nikan genom att klicka <a href=\"https:\/\/www.magazin24.se\/kronika\/viljan-att-doda\/repsin!GV0u6CxfBzweIYbImzfVWQ\/\">H\u00c4R!<\/a><\/p>\n<p><img loading=\"lazy\" class=\"alignnone wp-image-79554\" src=\"http:\/\/www.filindeblogg.nu\/wp-content\/uploads\/2019\/09\/Smiley-fundersam.jpg\" alt=\"\" width=\"82\" height=\"88\" \/>\u00a0D\u00f6m om min f\u00f6rv\u00e5ning n\u00e4r jag i dagarna l\u00e4ser en kollegas kr\u00f6nika som handlar om Med\u00e5kers skola men som avslutas s\u00e5 h\u00e4r! <img loading=\"lazy\" class=\"alignnone size-medium wp-image-79552\" src=\"http:\/\/www.filindeblogg.nu\/wp-content\/uploads\/2019\/09\/IMG_1204-300x225.jpg\" alt=\"\" width=\"300\" height=\"225\" srcset=\"http:\/\/www.filindeblogg.nu\/wp-content\/uploads\/2019\/09\/IMG_1204-300x225.jpg 300w, http:\/\/www.filindeblogg.nu\/wp-content\/uploads\/2019\/09\/IMG_1204.jpg 573w\" sizes=\"(max-width: 300px) 100vw, 300px\" \/> Citat, markerat som plus:<em><br \/>\n&#8221;+ Att en ny jakts\u00e4song har startat f\u00f6r V\u00e4stra M\u00e4lardalens digra j\u00e4gark\u00e5r&#8221;<\/em>.<\/p>\n<p><img loading=\"lazy\" class=\"wp-image-79556 aligncenter\" src=\"http:\/\/www.filindeblogg.nu\/wp-content\/uploads\/2019\/09\/Smiley-tittar-upp\u00e5t.jpg\" alt=\"\" width=\"73\" height=\"70\" \/><br \/>\nOch markerat med ett minus, skriver kr\u00f6nik\u00f6ren: <em>&#8221;- Att de villebr\u00e5d man t\u00e4nkte jaga \u00e4r upp\u00e4tna av en okontrollerad vargpopulation&#8221;. <\/em><\/p>\n<p><em><img loading=\"lazy\" class=\"wp-image-79555 aligncenter\" src=\"http:\/\/www.filindeblogg.nu\/wp-content\/uploads\/2019\/09\/Smiley-\u00f6verraskad.jpg\" alt=\"\" width=\"74\" height=\"77\" \/><\/em><\/p>\n<p>Vad det har med Med\u00e5kers skola att g\u00f6ra vet jag inte &#8211; men jag t\u00e4nkte genast:<\/p>\n<p><img loading=\"lazy\" class=\"size-full wp-image-79557 aligncenter\" src=\"http:\/\/www.filindeblogg.nu\/wp-content\/uploads\/2019\/09\/Touch\u00e9.jpg\" alt=\"\" width=\"192\" height=\"192\" srcset=\"http:\/\/www.filindeblogg.nu\/wp-content\/uploads\/2019\/09\/Touch\u00e9.jpg 192w, http:\/\/www.filindeblogg.nu\/wp-content\/uploads\/2019\/09\/Touch\u00e9-150x150.jpg 150w, http:\/\/www.filindeblogg.nu\/wp-content\/uploads\/2019\/09\/Touch\u00e9-144x144.jpg 144w\" sizes=\"(max-width: 192px) 100vw, 192px\" \/><\/p>\n<p><img loading=\"lazy\" class=\"size-medium wp-image-79560 aligncenter\" src=\"http:\/\/www.filindeblogg.nu\/wp-content\/uploads\/2019\/09\/IMG_1251-Kopia-1-300x168.jpg\" alt=\"\" width=\"300\" height=\"168\" srcset=\"http:\/\/www.filindeblogg.nu\/wp-content\/uploads\/2019\/09\/IMG_1251-Kopia-1-300x168.jpg 300w, http:\/\/www.filindeblogg.nu\/wp-content\/uploads\/2019\/09\/IMG_1251-Kopia-1.jpg 665w\" sizes=\"(max-width: 300px) 100vw, 300px\" \/><br \/>\nJag tr\u00e4ffade r\u00e4tt direkt! <img loading=\"lazy\" class=\"alignnone wp-image-79558\" src=\"http:\/\/www.filindeblogg.nu\/wp-content\/uploads\/2019\/09\/Smiley-gapskratt.jpg\" alt=\"\" width=\"104\" height=\"104\" srcset=\"http:\/\/www.filindeblogg.nu\/wp-content\/uploads\/2019\/09\/Smiley-gapskratt.jpg 206w, http:\/\/www.filindeblogg.nu\/wp-content\/uploads\/2019\/09\/Smiley-gapskratt-150x150.jpg 150w, http:\/\/www.filindeblogg.nu\/wp-content\/uploads\/2019\/09\/Smiley-gapskratt-144x144.jpg 144w\" sizes=\"(max-width: 104px) 100vw, 104px\" \/> Trampade p\u00e5 en s\u00e5 \u00f6m t\u00e5 att personen ifr\u00e5ga inte kunde h\u00e5lla sig utan m\u00e5ste l\u00e5ta n\u00e5gra dyrbara kr\u00f6nikerader blir en smocka p\u00e5 mig. <img loading=\"lazy\" class=\"alignnone wp-image-79596\" src=\"http:\/\/www.filindeblogg.nu\/wp-content\/uploads\/2019\/09\/Gapskatt-2.jpg\" alt=\"\" width=\"103\" height=\"108\" \/><br \/>\nOch neej, jag kommer inte att k\u00f6ra n\u00e5gon pinsam krigf\u00f6ring kollegor emellan p\u00e5 Magazin24. Detta har jag ocks\u00e5 meddelat chefredakt\u00f6ren. Pinsamt \u00e4r bara f\u00f6rnamnet&#8230;<\/p>\n<p style=\"text-align: left;\">M\u00e4n, s\u00e4ger jag bara&#8230; <img loading=\"lazy\" class=\"alignnone  wp-image-79556\" src=\"http:\/\/www.filindeblogg.nu\/wp-content\/uploads\/2019\/09\/Smiley-tittar-upp\u00e5t.jpg\" alt=\"\" width=\"122\" height=\"117\" \/><\/p>\n<p style=\"text-align: left;\">\n<img loading=\"lazy\" class=\"alignnone wp-image-79596 aligncenter\" src=\"http:\/\/www.filindeblogg.nu\/wp-content\/uploads\/2019\/09\/Gapskatt-2.jpg\" alt=\"\" width=\"103\" height=\"108\" \/>\u00a0Vita kr\u00e4nkta m\u00e4n&#8230;<\/p>\n<p style=\"text-align: left;\">D\u00e5 kommer jag os\u00f6kt in p\u00e5 dessa rader som kom till mig en morgon:<\/p>\n<p style=\"text-align: center;\"><img loading=\"lazy\" class=\"size-medium wp-image-79561 aligncenter\" src=\"http:\/\/www.filindeblogg.nu\/wp-content\/uploads\/2019\/09\/IMG_0966-236x300.jpg\" alt=\"\" width=\"236\" height=\"300\" srcset=\"http:\/\/www.filindeblogg.nu\/wp-content\/uploads\/2019\/09\/IMG_0966-236x300.jpg 236w, http:\/\/www.filindeblogg.nu\/wp-content\/uploads\/2019\/09\/IMG_0966.jpg 756w\" sizes=\"(max-width: 236px) 100vw, 236px\" \/><br \/>\n<em>&#8221;Kvinnor \u00e4r v\u00e4rda s\u00e5 mycket mer! <\/em><br \/>\n<em>Men p\u00e5 n\u00e5got vis blir deras livsuppgift att ha hand om m\u00e4n&#8230;&#8221;<\/em><\/p>\n<p>Nu slutar vi med el\u00e4ndet f\u00f6r denna g\u00e5ng och g\u00e5r \u00f6ver p\u00e5 positiva saker! En resa till <strong>Stockholm t<\/strong>ill exempel! <img loading=\"lazy\" class=\"alignnone size-medium wp-image-79562\" src=\"http:\/\/www.filindeblogg.nu\/wp-content\/uploads\/2019\/09\/IMG_1078-171x300.jpg\" alt=\"\" width=\"171\" height=\"300\" srcset=\"http:\/\/www.filindeblogg.nu\/wp-content\/uploads\/2019\/09\/IMG_1078-171x300.jpg 171w, http:\/\/www.filindeblogg.nu\/wp-content\/uploads\/2019\/09\/IMG_1078-582x1024.jpg 582w, http:\/\/www.filindeblogg.nu\/wp-content\/uploads\/2019\/09\/IMG_1078.jpg 728w\" sizes=\"(max-width: 171px) 100vw, 171px\" \/> S\u00e5 h\u00e4r glad och lycklig blir man \u00f6ver att f\u00e5 luncha ihop med dottern i v\u00e5r fina huvudstad! <img loading=\"lazy\" class=\"alignnone size-medium wp-image-79563\" src=\"http:\/\/www.filindeblogg.nu\/wp-content\/uploads\/2019\/09\/IMG_1079-230x300.jpg\" alt=\"\" width=\"230\" height=\"300\" srcset=\"http:\/\/www.filindeblogg.nu\/wp-content\/uploads\/2019\/09\/IMG_1079-230x300.jpg 230w, http:\/\/www.filindeblogg.nu\/wp-content\/uploads\/2019\/09\/IMG_1079.jpg 491w\" sizes=\"(max-width: 230px) 100vw, 230px\" \/> Vi \u00e5t p\u00e5 <a href=\"http:\/\/www.feca.se\/\"><strong>Restaurang Feca<\/strong><\/a> som ligger p\u00e5 <strong>Torkel Knutssonsgatan<\/strong>! Maten var toppen och \u00e4ven f\u00f6r veganer!<br \/>\nTill och med toaletten var ut\u00f6ver det vanliga!! <img loading=\"lazy\" class=\"alignnone size-medium wp-image-79567\" src=\"http:\/\/www.filindeblogg.nu\/wp-content\/uploads\/2019\/09\/IMG_1035-225x300.jpg\" alt=\"\" width=\"225\" height=\"300\" srcset=\"http:\/\/www.filindeblogg.nu\/wp-content\/uploads\/2019\/09\/IMG_1035-225x300.jpg 225w, http:\/\/www.filindeblogg.nu\/wp-content\/uploads\/2019\/09\/IMG_1035.jpg 756w\" sizes=\"(max-width: 225px) 100vw, 225px\" \/> Visst \u00e4r den fin!!<\/p>\n<p><img loading=\"lazy\" class=\"alignnone size-medium wp-image-79564\" src=\"http:\/\/www.filindeblogg.nu\/wp-content\/uploads\/2019\/09\/IMG_1051-300x225.jpg\" alt=\"\" width=\"300\" height=\"225\" srcset=\"http:\/\/www.filindeblogg.nu\/wp-content\/uploads\/2019\/09\/IMG_1051-300x225.jpg 300w, http:\/\/www.filindeblogg.nu\/wp-content\/uploads\/2019\/09\/IMG_1051-768x576.jpg 768w, http:\/\/www.filindeblogg.nu\/wp-content\/uploads\/2019\/09\/IMG_1051.jpg 1008w\" sizes=\"(max-width: 300px) 100vw, 300px\" \/>\u00a0<strong>Lovisa<\/strong> visade mig runt i det som numera \u00e4r hennes hemstad. <img loading=\"lazy\" class=\"alignnone size-medium wp-image-79565\" src=\"http:\/\/www.filindeblogg.nu\/wp-content\/uploads\/2019\/09\/IMG_1119-226x300.jpg\" alt=\"\" width=\"226\" height=\"300\" srcset=\"http:\/\/www.filindeblogg.nu\/wp-content\/uploads\/2019\/09\/IMG_1119-226x300.jpg 226w, http:\/\/www.filindeblogg.nu\/wp-content\/uploads\/2019\/09\/IMG_1119.jpg 482w\" sizes=\"(max-width: 226px) 100vw, 226px\" \/><br \/>\nJa, vi har verkligen en vacker huvudstad! <img loading=\"lazy\" class=\"alignnone size-medium wp-image-79566\" src=\"http:\/\/www.filindeblogg.nu\/wp-content\/uploads\/2019\/09\/IMG_1122-230x300.jpg\" alt=\"\" width=\"230\" height=\"300\" srcset=\"http:\/\/www.filindeblogg.nu\/wp-content\/uploads\/2019\/09\/IMG_1122-230x300.jpg 230w, http:\/\/www.filindeblogg.nu\/wp-content\/uploads\/2019\/09\/IMG_1122.jpg 490w\" sizes=\"(max-width: 230px) 100vw, 230px\" \/><\/p>\n<p>Lite vackra bilder hemifr\u00e5n s\u00e5! F\u00f6rst inomhus!\u00a0<img loading=\"lazy\" class=\"alignnone size-medium wp-image-79568\" src=\"http:\/\/www.filindeblogg.nu\/wp-content\/uploads\/2019\/09\/IMG_1247-225x300.jpg\" alt=\"\" width=\"225\" height=\"300\" srcset=\"http:\/\/www.filindeblogg.nu\/wp-content\/uploads\/2019\/09\/IMG_1247-225x300.jpg 225w, http:\/\/www.filindeblogg.nu\/wp-content\/uploads\/2019\/09\/IMG_1247.jpg 756w\" sizes=\"(max-width: 225px) 100vw, 225px\" \/> Den vackra azalean som jag fick av min mamma n\u00e4r hon levde, blommar igen. Detta trots sin tr\u00e5nga kruka och jorden den suttit i under m\u00e5nga \u00e5r.<br \/>\nDet \u00e4r nog k\u00e4rlek! <img loading=\"lazy\" class=\"alignnone size-medium wp-image-79573\" src=\"http:\/\/www.filindeblogg.nu\/wp-content\/uploads\/2019\/09\/IMG_1211-225x300.jpg\" alt=\"\" width=\"225\" height=\"300\" srcset=\"http:\/\/www.filindeblogg.nu\/wp-content\/uploads\/2019\/09\/IMG_1211-225x300.jpg 225w, http:\/\/www.filindeblogg.nu\/wp-content\/uploads\/2019\/09\/IMG_1211.jpg 756w\" sizes=\"(max-width: 225px) 100vw, 225px\" \/><\/p>\n<p>K\u00e4rlek kanske detta \u00e4r ocks\u00e5! <img loading=\"lazy\" class=\"alignnone size-medium wp-image-79569\" src=\"http:\/\/www.filindeblogg.nu\/wp-content\/uploads\/2019\/09\/IMG_1218-225x300.jpg\" alt=\"\" width=\"225\" height=\"300\" srcset=\"http:\/\/www.filindeblogg.nu\/wp-content\/uploads\/2019\/09\/IMG_1218-225x300.jpg 225w, http:\/\/www.filindeblogg.nu\/wp-content\/uploads\/2019\/09\/IMG_1218.jpg 756w\" sizes=\"(max-width: 225px) 100vw, 225px\" \/> Att jag t\u00e5lmodigt vattnat och pysslat om denna Agave som jag haft i \u00f6ver 10 \u00e5r! Jag tog ett skott hos en kille i <strong>Pite\u00e5<\/strong> och Agaven har v\u00e4xt s\u00e5 sakta &#8211; men nu har den f\u00e5tt en knopp! <img loading=\"lazy\" class=\"alignnone size-medium wp-image-79570\" src=\"http:\/\/www.filindeblogg.nu\/wp-content\/uploads\/2019\/09\/IMG_1219-225x300.jpg\" alt=\"\" width=\"225\" height=\"300\" srcset=\"http:\/\/www.filindeblogg.nu\/wp-content\/uploads\/2019\/09\/IMG_1219-225x300.jpg 225w, http:\/\/www.filindeblogg.nu\/wp-content\/uploads\/2019\/09\/IMG_1219.jpg 756w\" sizes=\"(max-width: 225px) 100vw, 225px\" \/> Jag visste inte ens att Agave kunde blomma!<\/p>\n<p>Blommar g\u00f6r min fina porslinsblomma. Igen!\u00a0<img loading=\"lazy\" class=\"alignnone size-medium wp-image-79571\" src=\"http:\/\/www.filindeblogg.nu\/wp-content\/uploads\/2019\/09\/IMG_1253-225x300.jpg\" alt=\"\" width=\"225\" height=\"300\" srcset=\"http:\/\/www.filindeblogg.nu\/wp-content\/uploads\/2019\/09\/IMG_1253-225x300.jpg 225w, http:\/\/www.filindeblogg.nu\/wp-content\/uploads\/2019\/09\/IMG_1253.jpg 756w\" sizes=\"(max-width: 225px) 100vw, 225px\" \/> Ocks\u00e5 fr\u00e5n mamma! Visst \u00e4r dess blommor vackra och s\u00e5 s\u00e4regna!<\/p>\n<p><img loading=\"lazy\" class=\"size-medium wp-image-79572 aligncenter\" src=\"http:\/\/www.filindeblogg.nu\/wp-content\/uploads\/2019\/09\/IMG_1254-225x300.jpg\" alt=\"\" width=\"225\" height=\"300\" srcset=\"http:\/\/www.filindeblogg.nu\/wp-content\/uploads\/2019\/09\/IMG_1254-225x300.jpg 225w, http:\/\/www.filindeblogg.nu\/wp-content\/uploads\/2019\/09\/IMG_1254.jpg 756w\" sizes=\"(max-width: 225px) 100vw, 225px\" \/><\/p>\n<p><img loading=\"lazy\" class=\"alignnone size-medium wp-image-79574\" src=\"http:\/\/www.filindeblogg.nu\/wp-content\/uploads\/2019\/09\/IMG_1290-228x300.jpg\" alt=\"\" width=\"228\" height=\"300\" srcset=\"http:\/\/www.filindeblogg.nu\/wp-content\/uploads\/2019\/09\/IMG_1290-228x300.jpg 228w, http:\/\/www.filindeblogg.nu\/wp-content\/uploads\/2019\/09\/IMG_1290.jpg 486w\" sizes=\"(max-width: 228px) 100vw, 228px\" \/> Utomhus \u00e4r det ocks\u00e5 vackert, tycker jag.<\/p>\n<p><img loading=\"lazy\" class=\"size-medium wp-image-79576 aligncenter\" src=\"http:\/\/www.filindeblogg.nu\/wp-content\/uploads\/2019\/09\/IMG_1291-228x300.jpg\" alt=\"\" width=\"228\" height=\"300\" srcset=\"http:\/\/www.filindeblogg.nu\/wp-content\/uploads\/2019\/09\/IMG_1291-228x300.jpg 228w, http:\/\/www.filindeblogg.nu\/wp-content\/uploads\/2019\/09\/IMG_1291.jpg 486w\" sizes=\"(max-width: 228px) 100vw, 228px\" \/> \u00c4ven om det kan vara lite gr\u00e5tt och regnigt s\u00e5 lyser ju blad och blommor upp!<\/p>\n<p><img loading=\"lazy\" class=\"size-medium wp-image-79577 aligncenter\" src=\"http:\/\/www.filindeblogg.nu\/wp-content\/uploads\/2019\/09\/IMG_1292-227x300.jpg\" alt=\"\" width=\"227\" height=\"300\" srcset=\"http:\/\/www.filindeblogg.nu\/wp-content\/uploads\/2019\/09\/IMG_1292-227x300.jpg 227w, http:\/\/www.filindeblogg.nu\/wp-content\/uploads\/2019\/09\/IMG_1292.jpg 484w\" sizes=\"(max-width: 227px) 100vw, 227px\" \/><\/p>\n<p><img loading=\"lazy\" class=\"alignnone size-medium wp-image-79575\" src=\"http:\/\/www.filindeblogg.nu\/wp-content\/uploads\/2019\/09\/IMG_1289-226x300.jpg\" alt=\"\" width=\"226\" height=\"300\" srcset=\"http:\/\/www.filindeblogg.nu\/wp-content\/uploads\/2019\/09\/IMG_1289-226x300.jpg 226w, http:\/\/www.filindeblogg.nu\/wp-content\/uploads\/2019\/09\/IMG_1289.jpg 483w\" sizes=\"(max-width: 226px) 100vw, 226px\" \/>\u00a0 <img loading=\"lazy\" class=\"alignnone size-medium wp-image-79579\" src=\"http:\/\/www.filindeblogg.nu\/wp-content\/uploads\/2019\/09\/IMG_1295-228x300.jpg\" alt=\"\" width=\"228\" height=\"300\" srcset=\"http:\/\/www.filindeblogg.nu\/wp-content\/uploads\/2019\/09\/IMG_1295-228x300.jpg 228w, http:\/\/www.filindeblogg.nu\/wp-content\/uploads\/2019\/09\/IMG_1295.jpg 487w\" sizes=\"(max-width: 228px) 100vw, 228px\" \/><\/p>\n<p><img loading=\"lazy\" class=\"size-medium wp-image-79580 aligncenter\" src=\"http:\/\/www.filindeblogg.nu\/wp-content\/uploads\/2019\/09\/IMG_1288-226x300.jpg\" alt=\"\" width=\"226\" height=\"300\" srcset=\"http:\/\/www.filindeblogg.nu\/wp-content\/uploads\/2019\/09\/IMG_1288-226x300.jpg 226w, http:\/\/www.filindeblogg.nu\/wp-content\/uploads\/2019\/09\/IMG_1288.jpg 482w\" sizes=\"(max-width: 226px) 100vw, 226px\" \/><\/p>\n<p><img loading=\"lazy\" class=\"alignnone size-medium wp-image-79581\" src=\"http:\/\/www.filindeblogg.nu\/wp-content\/uploads\/2019\/09\/IMG_1304-300x225.jpg\" alt=\"\" width=\"300\" height=\"225\" srcset=\"http:\/\/www.filindeblogg.nu\/wp-content\/uploads\/2019\/09\/IMG_1304-300x225.jpg 300w, http:\/\/www.filindeblogg.nu\/wp-content\/uploads\/2019\/09\/IMG_1304-768x576.jpg 768w, http:\/\/www.filindeblogg.nu\/wp-content\/uploads\/2019\/09\/IMG_1304.jpg 1008w\" sizes=\"(max-width: 300px) 100vw, 300px\" \/> H\u00e4rliga h\u00f6stbilder tagna idag p\u00e5 <strong>Glasbl\u00e5sarg\u00e5rden<\/strong>.<\/p>\n<p>Och \u00e4n finns det blommor! <img loading=\"lazy\" class=\"alignnone size-medium wp-image-79582\" src=\"http:\/\/www.filindeblogg.nu\/wp-content\/uploads\/2019\/09\/IMG_1296-204x300.jpg\" alt=\"\" width=\"204\" height=\"300\" srcset=\"http:\/\/www.filindeblogg.nu\/wp-content\/uploads\/2019\/09\/IMG_1296-204x300.jpg 204w, http:\/\/www.filindeblogg.nu\/wp-content\/uploads\/2019\/09\/IMG_1296.jpg 435w\" sizes=\"(max-width: 204px) 100vw, 204px\" \/> Kaprifolen vid en av portarna \u00e4r \u00f6vers\u00e5llad med ljuvligt doftande blommor!<br \/>\n<img loading=\"lazy\" class=\"alignnone size-medium wp-image-79583\" src=\"http:\/\/www.filindeblogg.nu\/wp-content\/uploads\/2019\/09\/IMG_1298-226x300.jpg\" alt=\"\" width=\"226\" height=\"300\" srcset=\"http:\/\/www.filindeblogg.nu\/wp-content\/uploads\/2019\/09\/IMG_1298-226x300.jpg 226w, http:\/\/www.filindeblogg.nu\/wp-content\/uploads\/2019\/09\/IMG_1298.jpg 483w\" sizes=\"(max-width: 226px) 100vw, 226px\" \/> Och balkongl\u00e5dornas blomster lever \u00e4n!<\/p>\n<p><img loading=\"lazy\" class=\"size-medium wp-image-79584 aligncenter\" src=\"http:\/\/www.filindeblogg.nu\/wp-content\/uploads\/2019\/09\/IMG_1294-227x300.jpg\" alt=\"\" width=\"227\" height=\"300\" srcset=\"http:\/\/www.filindeblogg.nu\/wp-content\/uploads\/2019\/09\/IMG_1294-227x300.jpg 227w, http:\/\/www.filindeblogg.nu\/wp-content\/uploads\/2019\/09\/IMG_1294.jpg 484w\" sizes=\"(max-width: 227px) 100vw, 227px\" \/><\/p>\n<p><img loading=\"lazy\" class=\"alignnone size-medium wp-image-79585\" src=\"http:\/\/www.filindeblogg.nu\/wp-content\/uploads\/2019\/09\/IMG_1301-225x300.jpg\" alt=\"\" width=\"225\" height=\"300\" srcset=\"http:\/\/www.filindeblogg.nu\/wp-content\/uploads\/2019\/09\/IMG_1301-225x300.jpg 225w, http:\/\/www.filindeblogg.nu\/wp-content\/uploads\/2019\/09\/IMG_1301.jpg 481w\" sizes=\"(max-width: 225px) 100vw, 225px\" \/> Primulan har till och med knoppar!<\/p>\n<p>Och \u00e4n f\u00e5r utem\u00f6blerna st\u00e5 kvar ett tag till.<\/p>\n<p><img loading=\"lazy\" class=\"size-medium wp-image-79586 aligncenter\" src=\"http:\/\/www.filindeblogg.nu\/wp-content\/uploads\/2019\/09\/IMG_1300-256x300.jpg\" alt=\"\" width=\"256\" height=\"300\" srcset=\"http:\/\/www.filindeblogg.nu\/wp-content\/uploads\/2019\/09\/IMG_1300-256x300.jpg 256w, http:\/\/www.filindeblogg.nu\/wp-content\/uploads\/2019\/09\/IMG_1300.jpg 547w\" sizes=\"(max-width: 256px) 100vw, 256px\" \/><\/p>\n<p>Titta s\u00e5 vackert bordet \u00e4r &#8211; regnv\u00e5tt och fullt av l\u00f6v!<\/p>\n<p><img loading=\"lazy\" class=\"size-medium wp-image-79587 aligncenter\" src=\"http:\/\/www.filindeblogg.nu\/wp-content\/uploads\/2019\/09\/IMG_1302-225x300.jpg\" alt=\"\" width=\"225\" height=\"300\" srcset=\"http:\/\/www.filindeblogg.nu\/wp-content\/uploads\/2019\/09\/IMG_1302-225x300.jpg 225w, http:\/\/www.filindeblogg.nu\/wp-content\/uploads\/2019\/09\/IMG_1302.jpg 756w\" sizes=\"(max-width: 225px) 100vw, 225px\" \/><br \/>\nJa, nog \u00e4r h\u00f6sten en h\u00e4rlig tid.\u00a0<img loading=\"lazy\" class=\"alignnone size-medium wp-image-79588\" src=\"http:\/\/www.filindeblogg.nu\/wp-content\/uploads\/2019\/09\/IMG_1293-229x300.jpg\" alt=\"\" width=\"229\" height=\"300\" srcset=\"http:\/\/www.filindeblogg.nu\/wp-content\/uploads\/2019\/09\/IMG_1293-229x300.jpg 229w, http:\/\/www.filindeblogg.nu\/wp-content\/uploads\/2019\/09\/IMG_1293.jpg 488w\" sizes=\"(max-width: 229px) 100vw, 229px\" \/> Det tycker b\u00e5de jag och katten <strong>Curry<\/strong>!<\/p>\n<p><img loading=\"lazy\" class=\"alignnone wp-image-79589\" src=\"http:\/\/www.filindeblogg.nu\/wp-content\/uploads\/2019\/09\/Hyundai.jpg\" alt=\"\" width=\"113\" height=\"84\" \/>\u00a0D\u00e5 k\u00e4nner jag att jag vill sjunga som i den d\u00e4r reklamen f\u00f6r <strong>Hyundai!<\/strong><\/p>\n<p><strong>Lucky, lucky, lucky me!<\/strong><br \/>\n<strong>I&#8217;m a lucky son of a gun.<\/strong><br \/>\n<strong>I work eight hours, and sleep eight hours.<\/strong><br \/>\n<strong>That leaves eight hours for fun.<\/strong><\/p>\n<p><strong>Lucky, lucky, lucky me!<\/strong><br \/>\n<strong>Even though I haven&#8217;t a dime,<\/strong><br \/>\n<strong>I laugh and play in a carefree way<\/strong><br \/>\n<strong>And I have a wonderful time.<\/strong><\/p>\n<p><strong>I smile at the sun and when daylight is done<\/strong><br \/>\n<strong>Ev&#8217;ry evening is loaded with charms.<\/strong><br \/>\n<strong>I wish on the moon, and I whistle a tune<\/strong><br \/>\n<strong>And I dream of a boy in my arms.<\/strong><\/p>\n<p><strong>Lucky, lucky, lucky me!<\/strong><br \/>\n<strong>You can kiss your worries goodbye.<\/strong><br \/>\n<strong>Life&#8217;s a chuckle and Lady Luck&#8217;ll<\/strong><br \/>\n<strong>Make you as lucky as I!<\/strong><\/p>\n<p>Det \u00e4r <strong>Evelyn Knight<\/strong> som sjunger i reklamen. Evelyn Knight var en framg\u00e5ngsrik amerikansk s\u00e5ngerska p\u00e5 1940-50-talet. Hon avled 2007, n\u00e4stan 90 \u00e5r gammal.<\/p>\n<p><img loading=\"lazy\" class=\"size-full wp-image-79590 aligncenter\" src=\"http:\/\/www.filindeblogg.nu\/wp-content\/uploads\/2019\/09\/Evelyn-Knight.jpg\" alt=\"\" width=\"225\" height=\"225\" srcset=\"http:\/\/www.filindeblogg.nu\/wp-content\/uploads\/2019\/09\/Evelyn-Knight.jpg 225w, http:\/\/www.filindeblogg.nu\/wp-content\/uploads\/2019\/09\/Evelyn-Knight-150x150.jpg 150w, http:\/\/www.filindeblogg.nu\/wp-content\/uploads\/2019\/09\/Evelyn-Knight-144x144.jpg 144w\" sizes=\"(max-width: 225px) 100vw, 225px\" \/><\/p>\n<p>Du kan lyssna p\u00e5 s\u00e5ngen genom att klicka <a href=\"https:\/\/www.youtube.com\/watch?v=N4maJgXFRhs\"><strong>H\u00c4R!<\/strong><\/a><\/p>\n<p style=\"text-align: center;\">Ja, jag k\u00e4nner mig b\u00e5de &#8221;lucky&#8221; och lycklig!<\/p>\n<p><img loading=\"lazy\" class=\"size-medium wp-image-79592 aligncenter\" src=\"http:\/\/www.filindeblogg.nu\/wp-content\/uploads\/2019\/09\/IMG_1078-1-171x300.jpg\" alt=\"\" width=\"171\" height=\"300\" srcset=\"http:\/\/www.filindeblogg.nu\/wp-content\/uploads\/2019\/09\/IMG_1078-1-171x300.jpg 171w, http:\/\/www.filindeblogg.nu\/wp-content\/uploads\/2019\/09\/IMG_1078-1-582x1024.jpg 582w, http:\/\/www.filindeblogg.nu\/wp-content\/uploads\/2019\/09\/IMG_1078-1.jpg 728w\" sizes=\"(max-width: 171px) 100vw, 171px\" \/><br \/>\n<img loading=\"lazy\" class=\"alignnone size-medium wp-image-79594 aligncenter\" src=\"http:\/\/www.filindeblogg.nu\/wp-content\/uploads\/2019\/09\/IMG_0925-1-300x300.jpg\" alt=\"\" width=\"300\" height=\"300\" srcset=\"http:\/\/www.filindeblogg.nu\/wp-content\/uploads\/2019\/09\/IMG_0925-1-300x300.jpg 300w, http:\/\/www.filindeblogg.nu\/wp-content\/uploads\/2019\/09\/IMG_0925-1-150x150.jpg 150w, http:\/\/www.filindeblogg.nu\/wp-content\/uploads\/2019\/09\/IMG_0925-1-144x144.jpg 144w, http:\/\/www.filindeblogg.nu\/wp-content\/uploads\/2019\/09\/IMG_0925-1.jpg 550w\" sizes=\"(max-width: 300px) 100vw, 300px\" \/><br \/>\n<img loading=\"lazy\" class=\"alignnone size-medium wp-image-79593 aligncenter\" src=\"http:\/\/www.filindeblogg.nu\/wp-content\/uploads\/2019\/09\/IMG_1297-227x300.jpg\" alt=\"\" width=\"227\" height=\"300\" srcset=\"http:\/\/www.filindeblogg.nu\/wp-content\/uploads\/2019\/09\/IMG_1297-227x300.jpg 227w, http:\/\/www.filindeblogg.nu\/wp-content\/uploads\/2019\/09\/IMG_1297.jpg 484w\" sizes=\"(max-width: 227px) 100vw, 227px\" \/><\/p>\n<p style=\"text-align: center;\">\u00d6nskar att du g\u00f6r det samma!<br \/>\nLucky och lycklig!<br \/>\nVar r\u00e4dd om dig!<br \/>\nVi ses igen!<br \/>\n<img loading=\"lazy\" class=\"alignnone wp-image-79528\" src=\"http:\/\/www.filindeblogg.nu\/wp-content\/uploads\/2019\/09\/K\u00e4rlek-hj\u00e4rta-med-h\u00e4nder.jpg\" alt=\"\" width=\"75\" height=\"56\" \/><\/p>\n","protected":false},"excerpt":{"rendered":"<p>Oj, vad det fanns mycket att skriva om idag! Ett uppd\u00e4mt behov kanske. Har varit lite l\u00e5g ett tag. \u00c4r man utbr\u00e4nd som jag s\u00e5 r\u00e4cker inte krafterna alltid till &#8211; inte ens till det roliga man vill g\u00f6ra. Men nu k\u00e4nns det som om jag snart kan sl\u00e4nga mig upp p\u00e5 banan igen! Jaha, [&hellip;]<\/p>\n","protected":false},"author":1,"featured_media":0,"comment_status":"open","ping_status":"open","sticky":false,"template":"","format":"standard","meta":[],"categories":[188,41,142,186,267,251,259,260,101,116],"tags":[],"_links":{"self":[{"href":"http:\/\/www.filindeblogg.nu\/index.php?rest_route=\/wp\/v2\/posts\/79539"}],"collection":[{"href":"http:\/\/www.filindeblogg.nu\/index.php?rest_route=\/wp\/v2\/posts"}],"about":[{"href":"http:\/\/www.filindeblogg.nu\/index.php?rest_route=\/wp\/v2\/types\/post"}],"author":[{"embeddable":true,"href":"http:\/\/www.filindeblogg.nu\/index.php?rest_route=\/wp\/v2\/users\/1"}],"replies":[{"embeddable":true,"href":"http:\/\/www.filindeblogg.nu\/index.php?rest_route=%2Fwp%2Fv2%2Fcomments&post=79539"}],"version-history":[{"count":26,"href":"http:\/\/www.filindeblogg.nu\/index.php?rest_route=\/wp\/v2\/posts\/79539\/revisions"}],"predecessor-version":[{"id":79622,"href":"http:\/\/www.filindeblogg.nu\/index.php?rest_route=\/wp\/v2\/posts\/79539\/revisions\/79622"}],"wp:attachment":[{"href":"http:\/\/www.filindeblogg.nu\/index.php?rest_route=%2Fwp%2Fv2%2Fmedia&parent=79539"}],"wp:term":[{"taxonomy":"category","embeddable":true,"href":"http:\/\/www.filindeblogg.nu\/index.php?rest_route=%2Fwp%2Fv2%2Fcategories&post=79539"},{"taxonomy":"post_tag","embeddable":true,"href":"http:\/\/www.filindeblogg.nu\/index.php?rest_route=%2Fwp%2Fv2%2Ftags&post=79539"}],"curies":[{"name":"wp","href":"https:\/\/api.w.org\/{rel}","templated":true}]}}