{"id":79521,"date":"2019-09-21T09:15:26","date_gmt":"2019-09-21T08:15:26","guid":{"rendered":"http:\/\/www.filindeblogg.nu\/?p=79521"},"modified":"2019-09-21T09:15:26","modified_gmt":"2019-09-21T08:15:26","slug":"25-ar-sedan-estonia","status":"publish","type":"post","link":"http:\/\/www.filindeblogg.nu\/?p=79521","title":{"rendered":"25 \u00e5r sedan Estonia&#8230;"},"content":{"rendered":"<p><img loading=\"lazy\" class=\"alignnone size-medium wp-image-79522\" src=\"http:\/\/www.filindeblogg.nu\/wp-content\/uploads\/2019\/09\/IMG_0783-300x139.jpg\" alt=\"\" width=\"300\" height=\"139\" srcset=\"http:\/\/www.filindeblogg.nu\/wp-content\/uploads\/2019\/09\/IMG_0783-300x139.jpg 300w, http:\/\/www.filindeblogg.nu\/wp-content\/uploads\/2019\/09\/IMG_0783.jpg 563w\" sizes=\"(max-width: 300px) 100vw, 300px\" \/> N\u00e4sta l\u00f6rdag, den 28 september, \u00e4r det 25 \u00e5r sedan <strong>M\/S Estonia<\/strong> gick under och 852 m\u00e4nniskor omkom&#8230;<\/p>\n<p>En fasansfull olycka. Jag fyller \u00e5r 11 september och 17 dagar innan olyckan var jag och familjen p\u00e5 kryssning till <strong>Helsingfors<\/strong>.<br \/>\nV\u00e5gorna gick h\u00f6ga! <img loading=\"lazy\" class=\"alignnone size-full wp-image-79523\" src=\"http:\/\/www.filindeblogg.nu\/wp-content\/uploads\/2019\/09\/H\u00f6ga-v\u00e5gor.jpg\" alt=\"\" width=\"299\" height=\"168\" \/> Jag vaknade mitt i natten av att fartyget gungade och tittade ut!<br \/>\nBecksvart ute &#8211; men man s\u00e5g de enorma v\u00e5gorna sl\u00e5 mot fartyget.<\/p>\n<p><img loading=\"lazy\" class=\"size-full wp-image-79524 aligncenter\" src=\"http:\/\/www.filindeblogg.nu\/wp-content\/uploads\/2019\/09\/H\u00f6ga-v\u00e5gor-i-m\u00f6rkret.jpg\" alt=\"\" width=\"275\" height=\"183\" \/><\/p>\n<p>Jag blev r\u00e4dd men min man sa: <em>&#8211; Det \u00e4r inget farligt! Det h\u00e4r \u00e4r en stor b\u00e5t! Ingenting kan h\u00e4nda.<\/em><\/p>\n<p><img loading=\"lazy\" class=\"alignnone size-medium wp-image-79525\" src=\"http:\/\/www.filindeblogg.nu\/wp-content\/uploads\/2019\/09\/IMG_0786-300x133.jpg\" alt=\"\" width=\"300\" height=\"133\" srcset=\"http:\/\/www.filindeblogg.nu\/wp-content\/uploads\/2019\/09\/IMG_0786-300x133.jpg 300w, http:\/\/www.filindeblogg.nu\/wp-content\/uploads\/2019\/09\/IMG_0786.jpg 675w\" sizes=\"(max-width: 300px) 100vw, 300px\" \/>\u00a017 dagar senare gick M\/S Estonia under i en kraftig storm.<\/p>\n<p>Jag vet att hade jag och familjen varit med p\u00e5 Estonia s\u00e5 hade jag inte \u00f6verlevt. Jag hade aldrig klarat att r\u00e4dda b\u00e5de mig sj\u00e4lv och mina tre barn&#8230;<\/p>\n<p>Jag minns morgonen den 28 september 1994. Som vanligt var jag upp tidigt. Skulle snart till jobbet. Vi hade ett m\u00f6te med facket inbokat. Radion var p\u00e5 lite l\u00e5gt medan jag drack mitt kaffe. Efter en stund h\u00f6rde jag att det flera g\u00e5nger upprepades: <strong><em>&#8211; Mayday,<\/em><\/strong><em><strong> mayday!<\/strong><br \/>\n<\/em>Jag vred upp ljudet och tog del av det obeskrivligt hemska.<\/p>\n<p>Till m\u00f6tet klockan 8 kom inte en av de fackliga representanterna. Det visade sig att b\u00e5de hennes syster och hennes ena dotter befann sig p\u00e5 M\/S Estonia&#8230;<\/p>\n<p><img loading=\"lazy\" class=\"size-medium wp-image-79527 aligncenter\" src=\"http:\/\/www.filindeblogg.nu\/wp-content\/uploads\/2019\/09\/IMG_0785-300x169.jpg\" alt=\"\" width=\"300\" height=\"169\" srcset=\"http:\/\/www.filindeblogg.nu\/wp-content\/uploads\/2019\/09\/IMG_0785-300x169.jpg 300w, http:\/\/www.filindeblogg.nu\/wp-content\/uploads\/2019\/09\/IMG_0785.jpg 563w\" sizes=\"(max-width: 300px) 100vw, 300px\" \/><\/p>\n<p><a href=\"https:\/\/sv.wikipedia.org\/wiki\/Estoniakatastrofen\"><strong>H\u00c4R<\/strong> <\/a>kan ni p\u00e5 <strong>Wikipedia<\/strong> l\u00e4sa om Estoniaolyckan. <img loading=\"lazy\" class=\"alignnone  wp-image-79531\" src=\"http:\/\/www.filindeblogg.nu\/wp-content\/uploads\/2019\/09\/R\u00e4ddningsflotte.jpg\" alt=\"\" width=\"170\" height=\"113\" \/><\/p>\n<p>L\u00f6rdagen den 28 september kommer mina tankar att g\u00e5 till alla de som befann sig p\u00e5 M\/S Estonia. Alla som gick under med fartyget. Och de 126 som r\u00e4ddades och upplevde fasansfulla timmar. Mina tankar g\u00e5r ocks\u00e5 till alla anh\u00f6riga.<\/p>\n<p><img loading=\"lazy\" class=\"size-full wp-image-79528 aligncenter\" src=\"http:\/\/www.filindeblogg.nu\/wp-content\/uploads\/2019\/09\/K\u00e4rlek-hj\u00e4rta-med-h\u00e4nder.jpg\" alt=\"\" width=\"259\" height=\"194\" \/><\/p>\n<p>&nbsp;<\/p>\n<p>Sist vill jag skriva att jag \u00e4lskar skogen. Att skogen g\u00f6r mig lugn och trygg. Skogen \u00e4r en lisa f\u00f6r sj\u00e4len.<br \/>\nDet har numera blivit trendigt att &#8221;bada skog&#8221; men f\u00f6ljande devis:<\/p>\n<h2>&#8221;There&#8217;s no wifi in the forest, but I promise you&#8217;ll find a better connection&#8221;.<\/h2>\n<p><img loading=\"lazy\" class=\"size-medium wp-image-79529 aligncenter\" src=\"http:\/\/www.filindeblogg.nu\/wp-content\/uploads\/2019\/09\/IMG_8740-228x300.jpg\" alt=\"\" width=\"228\" height=\"300\" srcset=\"http:\/\/www.filindeblogg.nu\/wp-content\/uploads\/2019\/09\/IMG_8740-228x300.jpg 228w, http:\/\/www.filindeblogg.nu\/wp-content\/uploads\/2019\/09\/IMG_8740.jpg 375w\" sizes=\"(max-width: 228px) 100vw, 228px\" \/><\/p>\n<p>Kanske en vilsam promenad i skogen k\u00e4nns l\u00e4mpligt n\u00e4sta l\u00f6rdag. Var r\u00e4dda om er och om varandra!<\/p>\n<p>Denna blogg och g\u00e5rdagens kom till som lite terapi. Mitt skrivande \u00e4r ocks\u00e5 terapi &#8211; liksom skogen. Detta p.g.a. ett bakslag vad g\u00e4ller min utbr\u00e4ndhet tillsammans med v\u00e5rdandet av en skadad kisse.\u00a0 <img loading=\"lazy\" class=\"alignnone size-medium wp-image-79530\" src=\"http:\/\/www.filindeblogg.nu\/wp-content\/uploads\/2019\/09\/IMG_0793-226x300.jpg\" alt=\"\" width=\"226\" height=\"300\" srcset=\"http:\/\/www.filindeblogg.nu\/wp-content\/uploads\/2019\/09\/IMG_0793-226x300.jpg 226w, http:\/\/www.filindeblogg.nu\/wp-content\/uploads\/2019\/09\/IMG_0793.jpg 483w\" sizes=\"(max-width: 226px) 100vw, 226px\" \/><\/p>\n<p>&nbsp;<\/p>\n<p>&nbsp;<\/p>\n","protected":false},"excerpt":{"rendered":"<p>N\u00e4sta l\u00f6rdag, den 28 september, \u00e4r det 25 \u00e5r sedan M\/S Estonia gick under och 852 m\u00e4nniskor omkom&#8230; En fasansfull olycka. Jag fyller \u00e5r 11 september och 17 dagar innan olyckan var jag och familjen p\u00e5 kryssning till Helsingfors. V\u00e5gorna gick h\u00f6ga! Jag vaknade mitt i natten av att fartyget gungade och tittade ut! Becksvart [&hellip;]<\/p>\n","protected":false},"author":1,"featured_media":0,"comment_status":"open","ping_status":"open","sticky":false,"template":"","format":"standard","meta":[],"categories":[41,152,190,101],"tags":[],"_links":{"self":[{"href":"http:\/\/www.filindeblogg.nu\/index.php?rest_route=\/wp\/v2\/posts\/79521"}],"collection":[{"href":"http:\/\/www.filindeblogg.nu\/index.php?rest_route=\/wp\/v2\/posts"}],"about":[{"href":"http:\/\/www.filindeblogg.nu\/index.php?rest_route=\/wp\/v2\/types\/post"}],"author":[{"embeddable":true,"href":"http:\/\/www.filindeblogg.nu\/index.php?rest_route=\/wp\/v2\/users\/1"}],"replies":[{"embeddable":true,"href":"http:\/\/www.filindeblogg.nu\/index.php?rest_route=%2Fwp%2Fv2%2Fcomments&post=79521"}],"version-history":[{"count":6,"href":"http:\/\/www.filindeblogg.nu\/index.php?rest_route=\/wp\/v2\/posts\/79521\/revisions"}],"predecessor-version":[{"id":79537,"href":"http:\/\/www.filindeblogg.nu\/index.php?rest_route=\/wp\/v2\/posts\/79521\/revisions\/79537"}],"wp:attachment":[{"href":"http:\/\/www.filindeblogg.nu\/index.php?rest_route=%2Fwp%2Fv2%2Fmedia&parent=79521"}],"wp:term":[{"taxonomy":"category","embeddable":true,"href":"http:\/\/www.filindeblogg.nu\/index.php?rest_route=%2Fwp%2Fv2%2Fcategories&post=79521"},{"taxonomy":"post_tag","embeddable":true,"href":"http:\/\/www.filindeblogg.nu\/index.php?rest_route=%2Fwp%2Fv2%2Ftags&post=79521"}],"curies":[{"name":"wp","href":"https:\/\/api.w.org\/{rel}","templated":true}]}}