{"id":79470,"date":"2019-09-20T12:19:32","date_gmt":"2019-09-20T11:19:32","guid":{"rendered":"http:\/\/www.filindeblogg.nu\/?p=79470"},"modified":"2019-09-20T12:19:32","modified_gmt":"2019-09-20T11:19:32","slug":"vad-man-gar-igang-pa-just-nu-influencer-vad-fan-ar-det-for-yrke","status":"publish","type":"post","link":"http:\/\/www.filindeblogg.nu\/?p=79470","title":{"rendered":"Vad man g\u00e5r ig\u00e5ng p\u00e5&#8230; Just nu &#8211; &#8221;Influencer&#8221; vad fan \u00e4r det f\u00f6r yrke??"},"content":{"rendered":"<p>Jaha, vad g\u00e5r hon ig\u00e5ng p\u00e5 nu d\u00e5,<br \/>\nden d\u00e4r Linde?? <img loading=\"lazy\" class=\"alignnone size-medium wp-image-79472\" src=\"http:\/\/www.filindeblogg.nu\/wp-content\/uploads\/2019\/09\/IMG_0764-238x300.jpg\" alt=\"\" width=\"238\" height=\"300\" srcset=\"http:\/\/www.filindeblogg.nu\/wp-content\/uploads\/2019\/09\/IMG_0764-238x300.jpg 238w, http:\/\/www.filindeblogg.nu\/wp-content\/uploads\/2019\/09\/IMG_0764.jpg 508w\" sizes=\"(max-width: 238px) 100vw, 238px\" \/><\/p>\n<p>Ja, det var ett tag sen jag skrev. Det h\u00e4nder s\u00e5 mycket s\u00e5 jag hinner inte med bloggandet. Men en stillsam period just nu, s\u00e5 kan man kanske uttrycka det lite sn\u00e4llt, s\u00e5 kom det f\u00f6r mig att skriva.<br \/>\nOch varf\u00f6r d\u00e5 d\u00e5? JO, DET H\u00c4R: <img loading=\"lazy\" class=\"alignnone size-medium wp-image-79473\" src=\"http:\/\/www.filindeblogg.nu\/wp-content\/uploads\/2019\/09\/L\u00c5NAT-3-Foto-Johanna-Rosenlew--200x300.jpg\" alt=\"\" width=\"200\" height=\"300\" srcset=\"http:\/\/www.filindeblogg.nu\/wp-content\/uploads\/2019\/09\/L\u00c5NAT-3-Foto-Johanna-Rosenlew--200x300.jpg 200w, http:\/\/www.filindeblogg.nu\/wp-content\/uploads\/2019\/09\/L\u00c5NAT-3-Foto-Johanna-Rosenlew--768x1152.jpg 768w, http:\/\/www.filindeblogg.nu\/wp-content\/uploads\/2019\/09\/L\u00c5NAT-3-Foto-Johanna-Rosenlew--683x1024.jpg 683w, http:\/\/www.filindeblogg.nu\/wp-content\/uploads\/2019\/09\/L\u00c5NAT-3-Foto-Johanna-Rosenlew-.jpg 770w\" sizes=\"(max-width: 200px) 100vw, 200px\" \/> (Foto fr\u00e5n DN)<br \/>\nSTOR artikel i DN (kan l\u00e4sas H<a href=\"https:\/\/www.dn.se\/ekonomi\/margaux-dietz-gifte-sig-men-blev-hon-gift\/\"><strong>\u00c4R<\/strong><\/a>\u00a0 f\u00f6r den som \u00e4r prenumerant) med rubriken: &#8221;<\/p>\n<h1 class=\"article__title\">Margaux Dietz gifte sig \u2013 men blev hon gift?&#8221;<\/h1>\n<p>&nbsp;<\/p>\n<p>Visst \u00e4r det intressant!! Visst vill vi alla veta allt om detta br\u00f6llop d\u00e4r vigself\u00f6rr\u00e4ttaren heter <strong>Ebba Busch Thor (KD)!<\/strong>!<br \/>\nOch blev hon verkligen gift denna <strong>Margaux<\/strong>?? Visst vill vi absolut f\u00e5 klarhet kring denna viktiga fr\u00e5ga genom Sveriges st\u00f6rsta dagstidning <strong>Dagens Nyheter<\/strong>!!!<br \/>\n<strong>ELLER &#8211; INTE!!!<\/strong><\/p>\n<p>Jag vill inte! Och det \u00e4r d\u00e4rf\u00f6r jag g\u00e5r ig\u00e5ng p\u00e5 detta och faktiskt f\u00e5r till en blogg igen!<\/p>\n<p>F\u00f6r vem \u00e4r d\u00e5 denna Margaux som jag sj\u00e4lv s\u00e5g f\u00f6rsta g\u00e5ngen p\u00e5 TV i &#8221;Let&#8217;s Dance&#8221;? S\u00e5 h\u00e4r s\u00e4ger <a href=\"https:\/\/sv.wikipedia.org\/wiki\/Margaux_Dietz\"><strong>Wikipedia<\/strong><\/a>, citat:<\/p>\n<p><em>Margaux St\u00e9phanie Persson Dietz, f\u00f6dd 25 september 1990 i Stockholm<sup id=\"cite_ref-1\" class=\"reference\"><\/sup>, \u00e4r en svensk bloggare och Youtube-profil. Hon bloggar f\u00f6r Elle och har en Youtube-kanal som i juni 2019 har \u00f6ver 234 000 prenumeranter.<\/em><\/p>\n<p><em>Dietz v\u00e4xte upp i Saltsj\u00f6baden och \u00e4r nu bosatt i Stockholm tillsammans med maken Jacob Liebermann Dietz. \u00c5r 2017 f\u00f6ddes parets f\u00f6rsta son. Hon filmade resan till f\u00f6rlossningen och n\u00e4r hon publicerade videon p\u00e5 Youtube kom det att bli hennes genombrott.<\/em><\/p>\n<p><em>\u00c5ret d\u00e4rp\u00e5 fick hon fyra nomineringar p\u00e5 Guldtuben och vann bland annat &#8221;\u00c5rets video&#8221; f\u00f6r sin f\u00f6rlossningsfilm. Samma \u00e5r blev hon ocks\u00e5 utsedd till \u00e5rets <a title=\"Influerare\" href=\"https:\/\/sv.wikipedia.org\/wiki\/Influerare\">influencer<\/a> p\u00e5 ELLE-galan<sup id=\"cite_ref-2\" class=\"reference\"><\/sup>, och kvalade upp p\u00e5 topp 30 bland de mest inflytelserika svenskarna, p\u00e5 Maktbarometern.<\/em><\/p>\n<p><em>Dietz var en av deltagarna i TV-programmet Let&#8217;s Dance 2018; hennes danspartner var Alexander Svanberg.<\/em><\/p>\n<p><em>Hon \u00e4r sedan 2017 en del av n\u00e4tverket Splay.<sup id=\"cite_ref-3\" class=\"reference\"><span class=\"cite-reference-link-bracket\">&#8221;<\/span><\/sup><\/em><\/p>\n<p>P\u00e5 hennes egen sida ser jag inget om hennes utbildning men hon skriver att hon jobbat som butikss\u00e4ljare p\u00e5 <strong>Telia<\/strong>. Har ju jag ocks\u00e5!!!! Fast via 90200 och &#8221;Abonnemang&#8221;!!<\/p>\n<p>Men numera \u00e4r hon allts\u00e5 <em>&#8221;Influencer&#8221; &#8211;<\/em> detta h\u00e4ftiga yrke&#8230;<br \/>\nEller? Ja, vad \u00e4r det f\u00f6r sorts jobb egentligen?<br \/>\nFinns det?? <img loading=\"lazy\" class=\"alignnone size-full wp-image-79475\" src=\"http:\/\/www.filindeblogg.nu\/wp-content\/uploads\/2019\/09\/Vilket-jobb.jpg\" alt=\"\" width=\"264\" height=\"191\" \/><\/p>\n<p><img loading=\"lazy\" class=\"alignnone size-medium wp-image-79474\" src=\"http:\/\/www.filindeblogg.nu\/wp-content\/uploads\/2019\/09\/Im-influencer-300x144.jpg\" alt=\"\" width=\"300\" height=\"144\" srcset=\"http:\/\/www.filindeblogg.nu\/wp-content\/uploads\/2019\/09\/Im-influencer-300x144.jpg 300w, http:\/\/www.filindeblogg.nu\/wp-content\/uploads\/2019\/09\/Im-influencer.jpg 324w\" sizes=\"(max-width: 300px) 100vw, 300px\" \/> Jo, d\u00e5 &#8211; s\u00e5 h\u00e4r s\u00e4ger<strong>Wikipedia &#8211;\u00a0<\/strong>men kallar &#8221;yrket&#8221; influerare&#8230;:<\/p>\n<p><em> &#8221;<b>Influerare<\/b> \u00e4r i reklam- och mediesammanhang ett samlingsnamn f\u00f6r opinionsbildare och andra personer som uttalar sig i sociala medier och andra kanaler f\u00f6r att p\u00e5verka attityder och handlingar hos l\u00e4sare och f\u00f6ljare med samma intressen.<br \/>\n<\/em><br \/>\n<em>Influerare \u00e4r \u00e4ven bloggare inom mode, h\u00e4lsa och livsstil som f\u00e5r betalt f\u00f6r att visa fram eller omtala vissa produkter eller varum\u00e4rken p\u00e5 ett personligt och positivt s\u00e4tt och d\u00e4rigenom p\u00e5verka konsumenterna.<br \/>\n<\/em><br \/>\n<em><sup id=\"cite_ref-1\" class=\"reference\"><\/sup>Influerare kan vara k\u00e4ndisar, men begreppet syftar fr\u00e4mst p\u00e5 f\u00f6rtroendeingivande personer med m\u00e5l och m\u00f6jlighet att p\u00e5verka specifika m\u00e5lgrupper.&#8221;<\/em><\/p>\n<p>Ja, det d\u00e4r sistn\u00e4mnda &#8211; det vete fan!! Att begreppet fr\u00e4mst skulle syfta p\u00e5 f\u00f6rtroendeingivande personer med m\u00e5l och m\u00f6jlighet att p\u00e5verka specifika m\u00e5lgrupper.<\/p>\n<p>H\u00e4r kommer jag genast att t\u00e4nka p\u00e5 andra mediek\u00e5ta personer som <strong>Bianca Ingrosso<\/strong> och <strong>Mia Parnevik <\/strong>m fl. F\u00f6rtroendeingivande? Om vilka m\u00e5l och m\u00f6jligheter d\u00e5?<\/p>\n<p><img loading=\"lazy\" class=\"alignnone size-full wp-image-79476\" src=\"http:\/\/www.filindeblogg.nu\/wp-content\/uploads\/2019\/09\/Influencer.jpg\" alt=\"\" width=\"267\" height=\"189\" \/>\u00a0P\u00e5 <a href=\"https:\/\/www.framtid.se\/yrke\/influencer\"><strong>Framtid.se<\/strong> <\/a>ber\u00e4ttar man om att som &#8221;influencer&#8221; beh\u00f6ver man ingen s\u00e4rskild utbildning. Citat:<\/p>\n<p><em>&#8221;I f\u00f6rsta hand beh\u00f6ver du vara bra p\u00e5 att marknadsf\u00f6ra dig sj\u00e4lv. Du beh\u00f6ver kunna ta och redigera bilder, skapa s\u00e4ljande texter och ha bra koll p\u00e5 vad som h\u00e4nder inom mediabranschen.&#8221;<\/em><\/p>\n<p>Men hall\u00e5!! D\u00e5 kanske jag sj\u00e4lv pl\u00f6tsligt har ett nytt yrke!! INFLUENCER!!! Jag har ju alltid skrivit! Ins\u00e4ndare, bloggar och nu ocks\u00e5 som kr\u00f6nik\u00f6r i<a href=\"https:\/\/www.magazin24.se\/kronika\/viljan-att-doda\/repsin!GV0u6CxfBzweIYbImzfVWQ\/\"> Magazin24<\/a>!!<br \/>\n<img loading=\"lazy\" class=\"alignnone size-medium wp-image-79477\" src=\"http:\/\/www.filindeblogg.nu\/wp-content\/uploads\/2019\/09\/SUSS-M24-300x129.jpg\" alt=\"\" width=\"300\" height=\"129\" srcset=\"http:\/\/www.filindeblogg.nu\/wp-content\/uploads\/2019\/09\/SUSS-M24-300x129.jpg 300w, http:\/\/www.filindeblogg.nu\/wp-content\/uploads\/2019\/09\/SUSS-M24-768x329.jpg 768w, http:\/\/www.filindeblogg.nu\/wp-content\/uploads\/2019\/09\/SUSS-M24.jpg 951w\" sizes=\"(max-width: 300px) 100vw, 300px\" \/> Och nog borde jag vara ganska f\u00f6rtroendeingivande och m\u00e5l har jag med mitt skrivande! I senaste kr\u00f6nikan om\u00a0 jakt, djur och natur med uppmaningen &#8221;live and let live&#8221;!<br \/>\nFast jag har ju utbildning. \u00c4r man diskvalificerad d\u00e5?? S\u00e4kert inte!! Lite kunskaper \u00e4r nog bara positivt&#8230;<\/p>\n<p>Se d\u00e4r, ja!! Nytt yrke!! <img loading=\"lazy\" class=\"alignnone  wp-image-79478\" src=\"http:\/\/www.filindeblogg.nu\/wp-content\/uploads\/2019\/09\/IMG_0765-1-228x300.jpg\" alt=\"\" width=\"131\" height=\"172\" srcset=\"http:\/\/www.filindeblogg.nu\/wp-content\/uploads\/2019\/09\/IMG_0765-1-228x300.jpg 228w, http:\/\/www.filindeblogg.nu\/wp-content\/uploads\/2019\/09\/IMG_0765-1.jpg 487w\" sizes=\"(max-width: 131px) 100vw, 131px\" \/>\u00a0 <img loading=\"lazy\" class=\"alignnone  wp-image-79510\" src=\"http:\/\/www.filindeblogg.nu\/wp-content\/uploads\/2019\/09\/V.jpg\" alt=\"\" width=\"120\" height=\"82\" \/><\/p>\n<p><img loading=\"lazy\" class=\"alignnone size-medium wp-image-79479\" src=\"http:\/\/www.filindeblogg.nu\/wp-content\/uploads\/2019\/09\/L\u00e5nat-1-169x300.png\" alt=\"\" width=\"169\" height=\"300\" srcset=\"http:\/\/www.filindeblogg.nu\/wp-content\/uploads\/2019\/09\/L\u00e5nat-1-169x300.png 169w, http:\/\/www.filindeblogg.nu\/wp-content\/uploads\/2019\/09\/L\u00e5nat-1.png 500w\" sizes=\"(max-width: 169px) 100vw, 169px\" \/> Tja, en influeare kan ju influera om det han eller hon tycker \u00e4r viktigt. Som Margaux &#8211; att f\u00f6da barn p\u00e5 <strong>Youtube<\/strong> &#8211; som en kul grej!<br \/>\nInte alls d\u00e5 som <strong>Gudrun Schyman<\/strong> vars fina film kan ses i utbildningssyfte f\u00f6r den som oroar sig inf\u00f6r f\u00f6rlossningen.<br \/>\nSen kan man ju gifta sig som ett jippo ocks\u00e5! <img loading=\"lazy\" class=\"alignnone size-medium wp-image-79480\" src=\"http:\/\/www.filindeblogg.nu\/wp-content\/uploads\/2019\/09\/L\u00e5nat-2-242x300.jpg\" alt=\"\" width=\"242\" height=\"300\" srcset=\"http:\/\/www.filindeblogg.nu\/wp-content\/uploads\/2019\/09\/L\u00e5nat-2-242x300.jpg 242w, http:\/\/www.filindeblogg.nu\/wp-content\/uploads\/2019\/09\/L\u00e5nat-2.jpg 274w\" sizes=\"(max-width: 242px) 100vw, 242px\" \/> Om man nu tycker det k\u00e4nns bra och \u00e4r n\u00e5got som man som influencer tycker \u00e4r viktigt att f\u00f6ra fram och marknadsf\u00f6ra.<\/p>\n<p>Bilderna p\u00e5 brudparet som faktiskt aldrig gifte sig d\u00e4r och d\u00e5 (!?) \u00e4r l\u00e5nade fr\u00e5n DN och fr\u00e5n Margaux&#8217;s sida. Hon har nog ingenting emot ytterligare spridning.<br \/>\n<strong>&#8211; Annars f\u00e5r du s\u00e4ga till mig, Margaux!!<\/strong><\/p>\n<p><img loading=\"lazy\" class=\"alignnone size-medium wp-image-79481\" src=\"http:\/\/www.filindeblogg.nu\/wp-content\/uploads\/2019\/09\/Vilket-jobb-2-300x156.png\" alt=\"\" width=\"300\" height=\"156\" srcset=\"http:\/\/www.filindeblogg.nu\/wp-content\/uploads\/2019\/09\/Vilket-jobb-2-300x156.png 300w, http:\/\/www.filindeblogg.nu\/wp-content\/uploads\/2019\/09\/Vilket-jobb-2.png 311w\" sizes=\"(max-width: 300px) 100vw, 300px\" \/> Stackars ungar idag som ska v\u00e4lja yrke?? F\u00f6r n\u00e5gra \u00e5r sen var det <strong>Mediaprogrammet<\/strong> som g\u00e4llde f\u00f6r alla som vill bli programledare p\u00e5 <strong>MTV<\/strong>&#8230; <img loading=\"lazy\" class=\"alignnone size-full wp-image-79482\" src=\"http:\/\/www.filindeblogg.nu\/wp-content\/uploads\/2019\/09\/Vilket-jobb-3.jpg\" alt=\"\" width=\"291\" height=\"173\" \/> Nu kan vem fan som helst kalla sig influencer och snitsa med p\u00e5 visitkortet!<\/p>\n<p>Varf\u00f6r inte lite influerande om vilka yrken som \u00e4r n\u00e5got att ha ist\u00e4llet! D v s utbildningar som kan ge arbete och pengar f\u00f6r att klara hyran!<br \/>\n<a href=\"http:\/\/allastudier.se\/jobb-o-l%C3%B6n\/yrken\/?asc=false&amp;sortColumn=oneYearForecast&amp;page=4\"><strong>H\u00c4R<\/strong><\/a> kan du l\u00e4sa vilka utbildningar som ger jobb!<br \/>\nDet kan vara murare, m\u00e5lare, kock, bussf\u00f6rare, billackerare &#8211; inte s\u00e5 flaschigt kanske men du f\u00e5r cash i pl\u00e5nboken.<\/p>\n<p>Eller varf\u00f6r inte g\u00f6ra som min dotter <strong>Lovisa<\/strong>!\u00a0<img loading=\"lazy\" class=\"alignnone size-medium wp-image-79484\" src=\"http:\/\/www.filindeblogg.nu\/wp-content\/uploads\/2019\/09\/IMG_0776-1-190x300.jpg\" alt=\"\" width=\"190\" height=\"300\" srcset=\"http:\/\/www.filindeblogg.nu\/wp-content\/uploads\/2019\/09\/IMG_0776-1-190x300.jpg 190w, http:\/\/www.filindeblogg.nu\/wp-content\/uploads\/2019\/09\/IMG_0776-1.jpg 338w\" sizes=\"(max-width: 190px) 100vw, 190px\" \/><br \/>\n<strong>Bli lokf\u00f6rare!<\/strong><br \/>\n<img loading=\"lazy\" class=\"alignnone  wp-image-79485\" src=\"http:\/\/www.filindeblogg.nu\/wp-content\/uploads\/2019\/09\/Lokf\u00f6rare.jpg\" alt=\"\" width=\"180\" height=\"120\" \/> Ett ansvarsfullt jobb och det kr\u00e4vs en del tester f\u00f6r att bli antagen till utbildningen. Men det finns gott om jobb och l\u00f6nen \u00e4r bra.<br \/>\n<a href=\"https:\/\/www.framtid.se\/yrke\/lokforare\"><strong>H\u00c4R<\/strong> <\/a>kan du l\u00e4sa om lokf\u00f6raryrket!<\/p>\n<p><img loading=\"lazy\" class=\"size-medium wp-image-79486 aligncenter\" src=\"http:\/\/www.filindeblogg.nu\/wp-content\/uploads\/2019\/09\/Goathland-station-300x127.jpg\" alt=\"\" width=\"300\" height=\"127\" srcset=\"http:\/\/www.filindeblogg.nu\/wp-content\/uploads\/2019\/09\/Goathland-station-300x127.jpg 300w, http:\/\/www.filindeblogg.nu\/wp-content\/uploads\/2019\/09\/Goathland-station.jpg 345w\" sizes=\"(max-width: 300px) 100vw, 300px\" \/><\/p>\n<p>Tja, yrkestiteln influencer kanske passar Margaux men inte mig! Jag f\u00f6redrar att bara vara <strong>Susanne Linde<\/strong> r\u00e4tt och sl\u00e4tt!<br \/>\nOch det \u00e4r minsann inte s\u00e5 bara!! \ud83d\ude42 <img loading=\"lazy\" class=\"alignnone size-medium wp-image-79487\" src=\"http:\/\/www.filindeblogg.nu\/wp-content\/uploads\/2019\/09\/IMG_0763-248x300.jpg\" alt=\"\" width=\"248\" height=\"300\" srcset=\"http:\/\/www.filindeblogg.nu\/wp-content\/uploads\/2019\/09\/IMG_0763-248x300.jpg 248w, http:\/\/www.filindeblogg.nu\/wp-content\/uploads\/2019\/09\/IMG_0763.jpg 528w\" sizes=\"(max-width: 248px) 100vw, 248px\" \/><\/p>\n<p>Jag &#8221;influerar&#8221; p\u00e5 mitt s\u00e4tt! T ex genom bloggen h\u00e4r! Och det \u00e4r kanske ibland lite egotrippat men det f\u00e5r ni ta! <img loading=\"lazy\" class=\"alignnone  wp-image-79037\" src=\"http:\/\/www.filindeblogg.nu\/wp-content\/uploads\/2019\/05\/Blinkande-smiley.jpg\" alt=\"\" width=\"78\" height=\"82\" \/><\/p>\n<p>Som n\u00e4r jag ber\u00e4ttar om att jag badar 6 m\u00e5nader om \u00e5ret! Utomhus d\u00e5 allts\u00e5!<br \/>\nNej, jag \u00e4r ingen superentusiast vad g\u00e4ller bad men inte r\u00e4dd f\u00f6r lite kallt vatten heller! Som h\u00e4r: <img loading=\"lazy\" class=\"alignnone  wp-image-79489\" src=\"http:\/\/www.filindeblogg.nu\/wp-content\/uploads\/2019\/09\/IMG_0774-232x300.jpg\" alt=\"\" width=\"191\" height=\"247\" srcset=\"http:\/\/www.filindeblogg.nu\/wp-content\/uploads\/2019\/09\/IMG_0774-232x300.jpg 232w, http:\/\/www.filindeblogg.nu\/wp-content\/uploads\/2019\/09\/IMG_0774.jpg 495w\" sizes=\"(max-width: 191px) 100vw, 191px\" \/> L\u00e5ngfredagen i \u00e5r &#8211; 19 april! <img loading=\"lazy\" class=\"alignnone  wp-image-79488\" src=\"http:\/\/www.filindeblogg.nu\/wp-content\/uploads\/2019\/09\/IMG_0775-227x300.jpg\" alt=\"\" width=\"179\" height=\"237\" srcset=\"http:\/\/www.filindeblogg.nu\/wp-content\/uploads\/2019\/09\/IMG_0775-227x300.jpg 227w, http:\/\/www.filindeblogg.nu\/wp-content\/uploads\/2019\/09\/IMG_0775.jpg 485w\" sizes=\"(max-width: 179px) 100vw, 179px\" \/> Det var inte j\u00e4ttevarmt i vattnet, det kan jag inte p\u00e5st\u00e5, men jag simmade runt ett tag!<\/p>\n<p><img loading=\"lazy\" class=\"size-medium wp-image-79490 aligncenter\" src=\"http:\/\/www.filindeblogg.nu\/wp-content\/uploads\/2019\/09\/IMG_0773-229x300.jpg\" alt=\"\" width=\"229\" height=\"300\" srcset=\"http:\/\/www.filindeblogg.nu\/wp-content\/uploads\/2019\/09\/IMG_0773-229x300.jpg 229w, http:\/\/www.filindeblogg.nu\/wp-content\/uploads\/2019\/09\/IMG_0773.jpg 488w\" sizes=\"(max-width: 229px) 100vw, 229px\" \/><\/p>\n<p>Och h\u00e4r &#8211; 28 augusti &#8211; samma plats, <strong>Bj\u00f6rkl\u00e5ngen i Regna, \u00d6sterg\u00f6tland!<\/strong> <img loading=\"lazy\" class=\"alignnone size-medium wp-image-79491\" src=\"http:\/\/www.filindeblogg.nu\/wp-content\/uploads\/2019\/09\/IMG_0769-300x144.jpg\" alt=\"\" width=\"300\" height=\"144\" srcset=\"http:\/\/www.filindeblogg.nu\/wp-content\/uploads\/2019\/09\/IMG_0769-300x144.jpg 300w, http:\/\/www.filindeblogg.nu\/wp-content\/uploads\/2019\/09\/IMG_0769.jpg 338w\" sizes=\"(max-width: 300px) 100vw, 300px\" \/> 22 grader i vattnet s\u00e5 sent i augusti! Underbart! D\u00e5 trodde jag att det kanske var sista utebadet f\u00f6r i \u00e5r.<\/p>\n<p>Men icke d\u00e5!! <img loading=\"lazy\" class=\"alignnone  wp-image-79492\" src=\"http:\/\/www.filindeblogg.nu\/wp-content\/uploads\/2019\/09\/IMG_0766-225x300.jpg\" alt=\"\" width=\"172\" height=\"229\" srcset=\"http:\/\/www.filindeblogg.nu\/wp-content\/uploads\/2019\/09\/IMG_0766-225x300.jpg 225w, http:\/\/www.filindeblogg.nu\/wp-content\/uploads\/2019\/09\/IMG_0766.jpg 481w\" sizes=\"(max-width: 172px) 100vw, 172px\" \/> P\u00e5 sj\u00e4lvaste f\u00f6delsedagen, 11 september, blev det bad i havet vid <strong>Segelstorps Strand<\/strong>, utanf\u00f6r <strong>B\u00e5stad i Sk\u00e5ne!<\/strong><br \/>\nNej, det var inte kallt &#8211; utan j\u00e4ttesk\u00f6nt! <img loading=\"lazy\" class=\"alignnone size-medium wp-image-79494\" src=\"http:\/\/www.filindeblogg.nu\/wp-content\/uploads\/2019\/09\/IMG_0767-1-227x300.jpg\" alt=\"\" width=\"227\" height=\"300\" srcset=\"http:\/\/www.filindeblogg.nu\/wp-content\/uploads\/2019\/09\/IMG_0767-1-227x300.jpg 227w, http:\/\/www.filindeblogg.nu\/wp-content\/uploads\/2019\/09\/IMG_0767-1.jpg 481w\" sizes=\"(max-width: 227px) 100vw, 227px\" \/><\/p>\n<p>Jag bloggar\/influerar g\u00e4rna om s\u00e5dant jag tycker \u00e4r viktigt. Djur och natur, j\u00e4mst\u00e4lldhet, &#8221;Leva Livet!&#8221; och mycket annat. S\u00e5 forts\u00e4tt g\u00e4rna f\u00f6lja mig &#8211; \u00e4ven om det g\u00e5r ett tag mellan varven av bloggande.<\/p>\n<p>Senaste fr\u00e5n<strong> Tullstugan<\/strong> d\u00e5? Jo, lite fina kv\u00e4llsbilder kan jag bjuda p\u00e5: <img loading=\"lazy\" class=\"alignnone size-medium wp-image-79495\" src=\"http:\/\/www.filindeblogg.nu\/wp-content\/uploads\/2019\/09\/IMG_0770-300x223.jpg\" alt=\"\" width=\"300\" height=\"223\" srcset=\"http:\/\/www.filindeblogg.nu\/wp-content\/uploads\/2019\/09\/IMG_0770-300x223.jpg 300w, http:\/\/www.filindeblogg.nu\/wp-content\/uploads\/2019\/09\/IMG_0770.jpg 563w\" sizes=\"(max-width: 300px) 100vw, 300px\" \/> S\u00e5 h\u00e4rligt att det blev ett s\u00e5 fint litet hus av den fula kiosken till slut!<\/p>\n<p><img loading=\"lazy\" class=\"size-medium wp-image-79496 aligncenter\" src=\"http:\/\/www.filindeblogg.nu\/wp-content\/uploads\/2019\/09\/IMG_0771-300x226.jpg\" alt=\"\" width=\"300\" height=\"226\" srcset=\"http:\/\/www.filindeblogg.nu\/wp-content\/uploads\/2019\/09\/IMG_0771-300x226.jpg 300w, http:\/\/www.filindeblogg.nu\/wp-content\/uploads\/2019\/09\/IMG_0771.jpg 563w\" sizes=\"(max-width: 300px) 100vw, 300px\" \/><\/p>\n<p>Mycket <strong>England<\/strong> blir det ju n\u00e4r jag bloggar! Och mer kommer &#8211; f\u00f6r snart b\u00e4r det av igen!\u00a0<img loading=\"lazy\" class=\"alignnone size-medium wp-image-79497\" src=\"http:\/\/www.filindeblogg.nu\/wp-content\/uploads\/2019\/09\/War-weeken-2019-300x60.png\" alt=\"\" width=\"300\" height=\"60\" srcset=\"http:\/\/www.filindeblogg.nu\/wp-content\/uploads\/2019\/09\/War-weeken-2019-300x60.png 300w, http:\/\/www.filindeblogg.nu\/wp-content\/uploads\/2019\/09\/War-weeken-2019-768x154.png 768w, http:\/\/www.filindeblogg.nu\/wp-content\/uploads\/2019\/09\/War-weeken-2019.png 1000w\" sizes=\"(max-width: 300px) 100vw, 300px\" \/> <strong>War Weekend<\/strong> v\u00e4ntar!<\/p>\n<p><img loading=\"lazy\" class=\"size-medium wp-image-79389 aligncenter\" src=\"http:\/\/www.filindeblogg.nu\/wp-content\/uploads\/2019\/07\/War-Weekend-2-214x300.jpg\" alt=\"\" width=\"214\" height=\"300\" srcset=\"http:\/\/www.filindeblogg.nu\/wp-content\/uploads\/2019\/07\/War-Weekend-2-214x300.jpg 214w, http:\/\/www.filindeblogg.nu\/wp-content\/uploads\/2019\/07\/War-Weekend-2.jpg 641w\" sizes=\"(max-width: 214px) 100vw, 214px\" \/><\/p>\n<p><img loading=\"lazy\" class=\"alignnone  wp-image-79405\" src=\"http:\/\/www.filindeblogg.nu\/wp-content\/uploads\/2019\/07\/IMG_3329-225x300.jpg\" alt=\"\" width=\"119\" height=\"159\" srcset=\"http:\/\/www.filindeblogg.nu\/wp-content\/uploads\/2019\/07\/IMG_3329-225x300.jpg 225w, http:\/\/www.filindeblogg.nu\/wp-content\/uploads\/2019\/07\/IMG_3329.jpg 378w\" sizes=\"(max-width: 119px) 100vw, 119px\" \/>\u00a0Och i England kan allt h\u00e4nda&#8230; <img loading=\"lazy\" class=\"alignnone  wp-image-79037\" src=\"http:\/\/www.filindeblogg.nu\/wp-content\/uploads\/2019\/05\/Blinkande-smiley.jpg\" alt=\"\" width=\"64\" height=\"68\" \/> \u00c5nglok och Fish &amp; Chips och lite annat ocks\u00e5! <img loading=\"lazy\" class=\"alignnone  wp-image-79498\" src=\"http:\/\/www.filindeblogg.nu\/wp-content\/uploads\/2019\/09\/IMG_0772-220x300.jpg\" alt=\"\" width=\"167\" height=\"228\" srcset=\"http:\/\/www.filindeblogg.nu\/wp-content\/uploads\/2019\/09\/IMG_0772-220x300.jpg 220w, http:\/\/www.filindeblogg.nu\/wp-content\/uploads\/2019\/09\/IMG_0772.jpg 470w\" sizes=\"(max-width: 167px) 100vw, 167px\" \/> Men vissa saker h\u00e5ller jag lite hemligt! <img loading=\"lazy\" class=\"alignnone  wp-image-79119\" src=\"http:\/\/www.filindeblogg.nu\/wp-content\/uploads\/2019\/06\/\u00c4lskar-m\u00e4n-PUSS-300x300.jpg\" alt=\"\" width=\"83\" height=\"83\" srcset=\"http:\/\/www.filindeblogg.nu\/wp-content\/uploads\/2019\/06\/\u00c4lskar-m\u00e4n-PUSS-300x300.jpg 300w, http:\/\/www.filindeblogg.nu\/wp-content\/uploads\/2019\/06\/\u00c4lskar-m\u00e4n-PUSS-150x150.jpg 150w, http:\/\/www.filindeblogg.nu\/wp-content\/uploads\/2019\/06\/\u00c4lskar-m\u00e4n-PUSS-144x144.jpg 144w, http:\/\/www.filindeblogg.nu\/wp-content\/uploads\/2019\/06\/\u00c4lskar-m\u00e4n-PUSS.jpg 474w\" sizes=\"(max-width: 83px) 100vw, 83px\" \/><\/p>\n<p>Lite ego men mycket seri\u00f6s s\u00e5 vill jag beskriva mig och mitt skrivande. F\u00f6r om War Weekend finns mycket att ber\u00e4tta och det kommer s\u00e5 sm\u00e5ningom. <img loading=\"lazy\" class=\"alignnone size-medium wp-image-79499\" src=\"http:\/\/www.filindeblogg.nu\/wp-content\/uploads\/2019\/09\/4B81A436-E463-4782-9CC4-6BE42041C165-229x300-229x300.jpeg\" alt=\"\" width=\"229\" height=\"300\" \/> Bilden h\u00e4r \u00e4r fr\u00e5n f\u00f6rra \u00e5ret!<\/p>\n<p>Sen kommer jag att skriva om n\u00e5got v\u00e4ldigt k\u00e4nslosamt i maj\/juni n\u00e4sta \u00e5r. Mina \u00e4lskade s\u00f6ner har gett mig en fantastisk f\u00f6delsedagspresent. En resa till ett st\u00e4lle jag har velat komma s\u00e5 l\u00e4nge! I flera \u00e5r har jag f\u00f6rs\u00f6kt att f\u00e5 till det men inte lyckats. Inte hittat r\u00e4tt tid, inte r\u00e4tt hotell, inte fixat det &#8211; f\u00f6rr\u00e4n nu! Tack var <strong>Carl-Johan och Jakob<\/strong> kommer jag \u00e4ntligen till <strong>Krakow<\/strong>!<br \/>\nOch sen till platsen som f\u00f6r mig \u00e4r ett m\u00e5ste som medm\u00e4nniska: <img loading=\"lazy\" class=\"alignnone size-full wp-image-79500\" src=\"http:\/\/www.filindeblogg.nu\/wp-content\/uploads\/2019\/09\/Auschwitz.jpg\" alt=\"\" width=\"275\" height=\"183\" \/> Jag m\u00e5ste se och uppleva <strong>Auschwitz!<\/strong> F\u00f6r alla dessa stackars m\u00e4nniskor som pl\u00e5gades och dog d\u00e4r &#8211; m\u00e5ste jag ta del av deras upplevelser. M\u00e5ste \u00e5tminstone orka se det som de tvingades genomlida. Det \u00e4r min plikt. S\u00e5 k\u00e4nner jag. Och f\u00f6rintelsen f\u00e5r <strong>ALDRIG H\u00c4NDA MER<\/strong>!<\/p>\n<p>S\u00e5 mycket seri\u00f6st och lite ego &#8211; s\u00e5 f\u00e5r min blogg allt lov att vara!<\/p>\n<p>Njut studen och livet. <img loading=\"lazy\" class=\"alignnone size-medium wp-image-79501\" src=\"http:\/\/www.filindeblogg.nu\/wp-content\/uploads\/2019\/09\/IMG_0768-228x300.jpg\" alt=\"\" width=\"228\" height=\"300\" srcset=\"http:\/\/www.filindeblogg.nu\/wp-content\/uploads\/2019\/09\/IMG_0768-228x300.jpg 228w, http:\/\/www.filindeblogg.nu\/wp-content\/uploads\/2019\/09\/IMG_0768.jpg 487w\" sizes=\"(max-width: 228px) 100vw, 228px\" \/> Tiden g\u00e5r s\u00e5 fort.<br \/>\nJag f\u00f6rs\u00f6ker njuta och leva s\u00e5 gott jag kan. Inte alltid helt l\u00e4tt &#8211; som nu under en f\u00f6rhoppningsvis tillf\u00e4llig, l\u00e5g period.<\/p>\n<p><img loading=\"lazy\" class=\"size-medium wp-image-79502 aligncenter\" src=\"http:\/\/www.filindeblogg.nu\/wp-content\/uploads\/2019\/09\/Susanne-i-Regna-28-aug-2019-300x225.jpeg\" alt=\"\" width=\"300\" height=\"225\" srcset=\"http:\/\/www.filindeblogg.nu\/wp-content\/uploads\/2019\/09\/Susanne-i-Regna-28-aug-2019-300x225.jpeg 300w, http:\/\/www.filindeblogg.nu\/wp-content\/uploads\/2019\/09\/Susanne-i-Regna-28-aug-2019.jpeg 605w\" sizes=\"(max-width: 300px) 100vw, 300px\" \/><\/p>\n<p><img loading=\"lazy\" class=\"alignnone size-full wp-image-79519 aligncenter\" src=\"http:\/\/www.filindeblogg.nu\/wp-content\/uploads\/2019\/09\/Hj\u00e4rta-i-hand.jpg\" alt=\"\" width=\"226\" height=\"223\" \/><\/p>\n<p>&nbsp;<\/p>\n<p>&nbsp;<\/p>\n<p>&nbsp;<\/p>\n<p>&nbsp;<\/p>\n<p>&nbsp;<\/p>\n","protected":false},"excerpt":{"rendered":"<p>Jaha, vad g\u00e5r hon ig\u00e5ng p\u00e5 nu d\u00e5, den d\u00e4r Linde?? Ja, det var ett tag sen jag skrev. Det h\u00e4nder s\u00e5 mycket s\u00e5 jag hinner inte med bloggandet. Men en stillsam period just nu, s\u00e5 kan man kanske uttrycka det lite sn\u00e4llt, s\u00e5 kom det f\u00f6r mig att skriva. Och varf\u00f6r d\u00e5 d\u00e5? JO, [&hellip;]<\/p>\n","protected":false},"author":1,"featured_media":0,"comment_status":"open","ping_status":"open","sticky":false,"template":"","format":"standard","meta":[],"categories":[210,265,233,132,235,266],"tags":[],"_links":{"self":[{"href":"http:\/\/www.filindeblogg.nu\/index.php?rest_route=\/wp\/v2\/posts\/79470"}],"collection":[{"href":"http:\/\/www.filindeblogg.nu\/index.php?rest_route=\/wp\/v2\/posts"}],"about":[{"href":"http:\/\/www.filindeblogg.nu\/index.php?rest_route=\/wp\/v2\/types\/post"}],"author":[{"embeddable":true,"href":"http:\/\/www.filindeblogg.nu\/index.php?rest_route=\/wp\/v2\/users\/1"}],"replies":[{"embeddable":true,"href":"http:\/\/www.filindeblogg.nu\/index.php?rest_route=%2Fwp%2Fv2%2Fcomments&post=79470"}],"version-history":[{"count":16,"href":"http:\/\/www.filindeblogg.nu\/index.php?rest_route=\/wp\/v2\/posts\/79470\/revisions"}],"predecessor-version":[{"id":79520,"href":"http:\/\/www.filindeblogg.nu\/index.php?rest_route=\/wp\/v2\/posts\/79470\/revisions\/79520"}],"wp:attachment":[{"href":"http:\/\/www.filindeblogg.nu\/index.php?rest_route=%2Fwp%2Fv2%2Fmedia&parent=79470"}],"wp:term":[{"taxonomy":"category","embeddable":true,"href":"http:\/\/www.filindeblogg.nu\/index.php?rest_route=%2Fwp%2Fv2%2Fcategories&post=79470"},{"taxonomy":"post_tag","embeddable":true,"href":"http:\/\/www.filindeblogg.nu\/index.php?rest_route=%2Fwp%2Fv2%2Ftags&post=79470"}],"curies":[{"name":"wp","href":"https:\/\/api.w.org\/{rel}","templated":true}]}}