{"id":7923,"date":"2009-10-01T06:46:17","date_gmt":"2009-10-01T05:46:17","guid":{"rendered":"http:\/\/www.filindeblogg.nu\/?p=7923"},"modified":"2009-10-01T06:50:20","modified_gmt":"2009-10-01T05:50:20","slug":"har-ari-behn-adhd","status":"publish","type":"post","link":"http:\/\/www.filindeblogg.nu\/?p=7923","title":{"rendered":"Har Ari Behn ADHD??"},"content":{"rendered":"<p>L\u00e4ser en del nyheter idag som f\u00e5r mig att t\u00e4nka p\u00e5 <strong>ADHD och Aspergers syndrom<\/strong>. F\u00f6rst &#8211; naturligtvis &#8211; om<strong> Lisbeth Salander<\/strong>, vars rollgestaltare <strong>Noomi Rapace<\/strong> nu erbjudits en internationell storroll. Jag \u00e4r inte ett dugg f\u00f6rv\u00e5nad! Noomi Rapace g\u00f6r en fullkomligt lysande rollprestation som Salander! V\u00e5r tids <strong>Greta Garbo <\/strong>skriver <a href=\"http:\/\/www.dn.se\/kultur-noje\/film-tv\/noomi-rapace-far-storroll-1.964465\"><strong>DN<\/strong><\/a> &#8211; ja, kanske \u00e4r det s\u00e5.<\/p>\n<p>Det g\u00f6r mig ocks\u00e5 glad att rollen som f\u00f6r Noomi Rapace till filmhimelska h\u00f6jder \u00e4r en tjej med Apsergers syndrom. N\u00e5gon dum f\u00f6rst\u00e5-sig-p\u00e5ar-psykolog uttalade sig i <strong>Newsmill <\/strong>att kvinnor som Lisbeth Salander inte finns! Ha!! Jag k\u00e4nner flera s\u00e5dana! Dom \u00e4r s\u00e5 verkliga att man h\u00f6r k\u00f6ksporslinet skallra n\u00e4r dom sl\u00e4nger igen d\u00f6rrarna och k\u00e4nner ilskan spruta n\u00e4r dom g\u00e5r upp till f\u00f6rsvar mot n\u00e5gon som gjorts illa! <img loading=\"lazy\" class=\"alignnone size-full wp-image-7924\" title=\"Lisbeth Salander m\u00f6rkkl\u00e4dd\" src=\"http:\/\/www.filindeblogg.nu\/wp-content\/uploads\/2009\/10\/Lisbeth-Salander-m\u00f6rkkl\u00e4dd.jpeg\" alt=\"Lisbeth Salander m\u00f6rkkl\u00e4dd\" width=\"94\" height=\"126\" \/><br \/>\nMilleniumfilmerna kan f\u00e5 m\u00e4nniskor att fatta att Aspergerspersoner \u00e4r fantastiska tillg\u00e5ngar inte idiotiska miffon!<\/p>\n<p>Sen <strong>Ari Behn<\/strong>. L\u00e4ser i<strong> <a href=\"http:\/\/www.svd.se\/nyheter\/utrikes\/artikel_3587405.svd\">Svenskan<\/a><\/strong> att norsk press slagit upp en intervju med den s k prinsessmaken<strong> <\/strong>Ari Behn stort! Ari Behn \u00e4r, f\u00f6r den som inte \u00e4r insatt, gift med prinsessan <strong>M\u00e4rtha Louise av Norge<\/strong>. Karln erk\u00e4nner att han \u00e4r n\u00e4st intill om\u00f6jlig att leva med och s\u00e4ger bl.a. citat:<\/p>\n<p><em>&#8221;- Jag har sm\u00e5 kriser varenda dag. F\u00f6rr eller senare kommer det att ta livet av mig. Jag kan g\u00e5 i taket f\u00f6r minsta bagatell och har ett nerv\u00f6st sammanbrott minst en g\u00e5ng om dagen.&#8221;<\/em><\/p>\n<p>Fortsatt citat: <em>&#8221;P\u00e5 fr\u00e5gan om han \u00e4r lycklig svarar Behn: &#8211; Nej. Hustrun och mina d\u00f6ttrar \u00e4r det finaste jag har i v\u00e4rlden men som \u00e4kta man \u00e4r jag sv\u00e5r att ha att g\u00f6ra med. Dessv\u00e4rre.&#8221;<\/em><\/p>\n<p>N\u00e4r man &#8221;vet&#8221; hur Ari Behn festat runt f\u00f6re prinsesstiden s\u00e5 sl\u00e5r det en faktiskt<a href=\"http:\/\/www.aftonbladet.se\/senastenytt\/ttnyheter\/utrikes\/article5882449.ab\">:<\/a> <strong>Har killen ADHD och kanske Aspergers syndrom?? <\/strong>M\u00e4nniskor med dessa egenskaper kan vara v\u00e4ldigt charmfulla och i\u00f6gonfallande eftersom de ofta beter sig lite annorlunda \u00e4n andra. Men deras egensinniga, fascinerande stil kan ocks\u00e5 g\u00f6ra andra illa. De v\u00e5gar mera \u00e4n folk i gemen s.a.s. Knocka en motst\u00e5ndare, lyckas i aff\u00e4rer, k\u00f6ra \u00f6ver motst\u00e5ndare enkelt och kanske t o m f\u00e5nga en och annan prinsessa<a href=\"http:\/\/www.expressen.se\/Nyheter\/1.1726639\/lasarna-lat-kungahuset-betala-brollopet\">!<\/a><\/p>\n<p><img loading=\"lazy\" class=\"alignnone size-full wp-image-7925\" title=\"Ari Behn f\u00f6re\" src=\"http:\/\/www.filindeblogg.nu\/wp-content\/uploads\/2009\/10\/Ari-Behn-f\u00f6re.jpeg\" alt=\"Ari Behn f\u00f6re\" width=\"128\" height=\"67\" \/> Ari Behn f\u00f6re!<\/p>\n<p>Ari Behn senare &#8211; <img loading=\"lazy\" class=\"alignnone size-full wp-image-7926\" title=\"Ari Behn senare\" src=\"http:\/\/www.filindeblogg.nu\/wp-content\/uploads\/2009\/10\/Ari-Behn-senare.jpeg\" alt=\"Ari Behn senare\" width=\"124\" height=\"98\" \/><\/p>\n<p>och Ari Behn idag: <img loading=\"lazy\" class=\"alignnone size-full wp-image-7927\" title=\"Ari Behn idag\" src=\"http:\/\/www.filindeblogg.nu\/wp-content\/uploads\/2009\/10\/Ari-Behn-idag.jpeg\" alt=\"Ari Behn idag\" width=\"112\" height=\"135\" \/><\/p>\n<p>Men Ari Behn imorgon??<br \/>\nVem vet? Med r\u00e4tt uppbackning och st\u00f6d kan det g\u00e5 v\u00e4gen \u00e4ven f\u00f6r en prinsessgem\u00e5l!<\/p>\n<p>L\u00e4s mer om ADHD och Aspergers syndrom genom <strong>Riksf\u00f6rbundet Attentions<\/strong> hemsida och klicka <a href=\"http:\/\/www.attention-riks.se\/index.php\/neuropsykiatriska-funktionshinder-npf.html\"><strong>H\u00c4R!<\/strong><\/a><\/p>\n","protected":false},"excerpt":{"rendered":"<p>L\u00e4ser en del nyheter idag som f\u00e5r mig att t\u00e4nka p\u00e5 ADHD och Aspergers syndrom. F\u00f6rst &#8211; naturligtvis &#8211; om Lisbeth Salander, vars rollgestaltare Noomi Rapace nu erbjudits en internationell storroll. Jag \u00e4r inte ett dugg f\u00f6rv\u00e5nad! Noomi Rapace g\u00f6r en fullkomligt lysande rollprestation som Salander! V\u00e5r tids Greta Garbo skriver DN &#8211; ja, kanske [&hellip;]<\/p>\n","protected":false},"author":1,"featured_media":0,"comment_status":"open","ping_status":"open","sticky":false,"template":"","format":"standard","meta":[],"categories":[107,100,101],"tags":[],"_links":{"self":[{"href":"http:\/\/www.filindeblogg.nu\/index.php?rest_route=\/wp\/v2\/posts\/7923"}],"collection":[{"href":"http:\/\/www.filindeblogg.nu\/index.php?rest_route=\/wp\/v2\/posts"}],"about":[{"href":"http:\/\/www.filindeblogg.nu\/index.php?rest_route=\/wp\/v2\/types\/post"}],"author":[{"embeddable":true,"href":"http:\/\/www.filindeblogg.nu\/index.php?rest_route=\/wp\/v2\/users\/1"}],"replies":[{"embeddable":true,"href":"http:\/\/www.filindeblogg.nu\/index.php?rest_route=%2Fwp%2Fv2%2Fcomments&post=7923"}],"version-history":[{"count":3,"href":"http:\/\/www.filindeblogg.nu\/index.php?rest_route=\/wp\/v2\/posts\/7923\/revisions"}],"predecessor-version":[{"id":7929,"href":"http:\/\/www.filindeblogg.nu\/index.php?rest_route=\/wp\/v2\/posts\/7923\/revisions\/7929"}],"wp:attachment":[{"href":"http:\/\/www.filindeblogg.nu\/index.php?rest_route=%2Fwp%2Fv2%2Fmedia&parent=7923"}],"wp:term":[{"taxonomy":"category","embeddable":true,"href":"http:\/\/www.filindeblogg.nu\/index.php?rest_route=%2Fwp%2Fv2%2Fcategories&post=7923"},{"taxonomy":"post_tag","embeddable":true,"href":"http:\/\/www.filindeblogg.nu\/index.php?rest_route=%2Fwp%2Fv2%2Ftags&post=7923"}],"curies":[{"name":"wp","href":"https:\/\/api.w.org\/{rel}","templated":true}]}}