{"id":79214,"date":"2019-06-20T20:12:59","date_gmt":"2019-06-20T19:12:59","guid":{"rendered":"http:\/\/www.filindeblogg.nu\/?p=79214"},"modified":"2019-06-20T20:12:59","modified_gmt":"2019-06-20T19:12:59","slug":"jag-var-forst-nagra-dagar-senare-uppmarksammar-andra-tidningar-kajsa-dovstads-rasistiska-jimmie-moments","status":"publish","type":"post","link":"http:\/\/www.filindeblogg.nu\/?p=79214","title":{"rendered":"Jag var f\u00f6rst! N\u00e5gra dagar senare uppm\u00e4rksammar andra tidningar Kajsa Dovstads rasistiska  &#8221;Jimmie moments&#8221;"},"content":{"rendered":"<p><img loading=\"lazy\" class=\"alignnone size-medium wp-image-79116\" src=\"http:\/\/www.filindeblogg.nu\/wp-content\/uploads\/2019\/06\/IMG_1358-1-142x300.jpg\" alt=\"\" width=\"142\" height=\"300\" srcset=\"http:\/\/www.filindeblogg.nu\/wp-content\/uploads\/2019\/06\/IMG_1358-1-142x300.jpg 142w, http:\/\/www.filindeblogg.nu\/wp-content\/uploads\/2019\/06\/IMG_1358-1.jpg 416w\" sizes=\"(max-width: 142px) 100vw, 142px\" \/> Lite kaxigt k\u00e4nns det &#8211; att jag var f\u00f6rst med att uppm\u00e4rksamma <strong>Kajsa Dovstad<\/strong>s rasistiska snack om <em>&#8221;Jimmie moment&#8221;<\/em>.\u00a0<img loading=\"lazy\" class=\"alignnone  wp-image-79160\" src=\"http:\/\/www.filindeblogg.nu\/wp-content\/uploads\/2019\/06\/unnamed-300x150.jpg\" alt=\"\" width=\"164\" height=\"82\" srcset=\"http:\/\/www.filindeblogg.nu\/wp-content\/uploads\/2019\/06\/unnamed-300x150.jpg 300w, http:\/\/www.filindeblogg.nu\/wp-content\/uploads\/2019\/06\/unnamed-768x384.jpg 768w, http:\/\/www.filindeblogg.nu\/wp-content\/uploads\/2019\/06\/unnamed.jpg 1024w\" sizes=\"(max-width: 164px) 100vw, 164px\" \/> Kajsa Dovstad som f\u00e5r nassek\u00e4nslor n\u00e4r hon inte hittar vanliga djupfrysta k\u00f6ttbullar i aff\u00e4ren&#8230;<\/p>\n<p>Jag skrev om det i bloggen 16 juni &#8211; <a href=\"http:\/\/www.filindeblogg.nu\/?p=79159\"><strong>H\u00c4R!<\/strong><\/a> Kajsa beskrev sin rassefeber dagen innan i <strong>G\u00f6teborgs-Posten<\/strong> &#8211; 15 juni. Du kan l\u00e4sa den <a href=\"https:\/\/www.gp.se\/ledare\/har-du-haft-ett-jimmie-moment-1.15599350\"><strong>H\u00c4R.<\/strong><\/a><\/p>\n<p>Lite bilder fr\u00e5n Aftonbladet idag 20 juni:<\/p>\n<p><img loading=\"lazy\" class=\"size-medium wp-image-79218 aligncenter\" src=\"http:\/\/www.filindeblogg.nu\/wp-content\/uploads\/2019\/06\/IMG_2131-169x300.png\" alt=\"\" width=\"169\" height=\"300\" srcset=\"http:\/\/www.filindeblogg.nu\/wp-content\/uploads\/2019\/06\/IMG_2131-169x300.png 169w, http:\/\/www.filindeblogg.nu\/wp-content\/uploads\/2019\/06\/IMG_2131.png 375w\" sizes=\"(max-width: 169px) 100vw, 169px\" \/><\/p>\n<p><img loading=\"lazy\" class=\"alignnone size-medium wp-image-79219\" src=\"http:\/\/www.filindeblogg.nu\/wp-content\/uploads\/2019\/06\/IMG_2132-169x300.png\" alt=\"\" width=\"169\" height=\"300\" srcset=\"http:\/\/www.filindeblogg.nu\/wp-content\/uploads\/2019\/06\/IMG_2132-169x300.png 169w, http:\/\/www.filindeblogg.nu\/wp-content\/uploads\/2019\/06\/IMG_2132.png 375w\" sizes=\"(max-width: 169px) 100vw, 169px\" \/> och <img loading=\"lazy\" class=\"alignnone size-medium wp-image-79217\" src=\"http:\/\/www.filindeblogg.nu\/wp-content\/uploads\/2019\/06\/IMG_2128-169x300.png\" alt=\"\" width=\"169\" height=\"300\" srcset=\"http:\/\/www.filindeblogg.nu\/wp-content\/uploads\/2019\/06\/IMG_2128-169x300.png 169w, http:\/\/www.filindeblogg.nu\/wp-content\/uploads\/2019\/06\/IMG_2128-576x1024.png 576w, http:\/\/www.filindeblogg.nu\/wp-content\/uploads\/2019\/06\/IMG_2128.png 750w\" sizes=\"(max-width: 169px) 100vw, 169px\" \/><\/p>\n<p>Fler h\u00e4ngde p\u00e5: <img loading=\"lazy\" class=\"alignnone size-medium wp-image-79220\" src=\"http:\/\/www.filindeblogg.nu\/wp-content\/uploads\/2019\/06\/IMG_2129-169x300.png\" alt=\"\" width=\"169\" height=\"300\" srcset=\"http:\/\/www.filindeblogg.nu\/wp-content\/uploads\/2019\/06\/IMG_2129-169x300.png 169w, http:\/\/www.filindeblogg.nu\/wp-content\/uploads\/2019\/06\/IMG_2129.png 375w\" sizes=\"(max-width: 169px) 100vw, 169px\" \/><\/p>\n<p><img loading=\"lazy\" class=\"size-medium wp-image-79221 aligncenter\" src=\"http:\/\/www.filindeblogg.nu\/wp-content\/uploads\/2019\/06\/IMG_2130-169x300.png\" alt=\"\" width=\"169\" height=\"300\" srcset=\"http:\/\/www.filindeblogg.nu\/wp-content\/uploads\/2019\/06\/IMG_2130-169x300.png 169w, http:\/\/www.filindeblogg.nu\/wp-content\/uploads\/2019\/06\/IMG_2130.png 375w\" sizes=\"(max-width: 169px) 100vw, 169px\" \/><\/p>\n<p>Och en liten butik i <strong>G\u00e4vle<\/strong> blev tydligen hot stuff&#8230; <img loading=\"lazy\" class=\"alignnone size-medium wp-image-79216\" src=\"http:\/\/www.filindeblogg.nu\/wp-content\/uploads\/2019\/06\/IMG_2133-169x300.png\" alt=\"\" width=\"169\" height=\"300\" srcset=\"http:\/\/www.filindeblogg.nu\/wp-content\/uploads\/2019\/06\/IMG_2133-169x300.png 169w, http:\/\/www.filindeblogg.nu\/wp-content\/uploads\/2019\/06\/IMG_2133-576x1024.png 576w, http:\/\/www.filindeblogg.nu\/wp-content\/uploads\/2019\/06\/IMG_2133.png 750w\" sizes=\"(max-width: 169px) 100vw, 169px\" \/> <a href=\"https:\/\/www.aftonbladet.se\/nyheter\/kolumnister\/a\/4qxo1G\/pa-satra-livs-har-ingen-en-aning-om-debatten\"><strong>H\u00c4R!<\/strong><\/a><\/p>\n<p>Det tog n\u00e5gra dagar f\u00f6r kv\u00e4llspressen att uppt\u00e4cka G\u00f6teborgs-Postens &#8221;moments&#8221;. Kanske kommer det fler.<br \/>\n<img loading=\"lazy\" class=\"alignnone size-full wp-image-79166\" src=\"http:\/\/www.filindeblogg.nu\/wp-content\/uploads\/2019\/06\/IMG_1756-1.jpg\" alt=\"\" width=\"223\" height=\"165\" \/>Jag var i alla fall p\u00e5 alerten direkt! \ud83d\ude42<\/p>\n<p>Jag allts\u00e5: <img loading=\"lazy\" class=\"alignnone size-medium wp-image-78441\" src=\"http:\/\/www.filindeblogg.nu\/wp-content\/uploads\/2019\/02\/IMG_4658-300x250.jpg\" alt=\"\" width=\"300\" height=\"250\" srcset=\"http:\/\/www.filindeblogg.nu\/wp-content\/uploads\/2019\/02\/IMG_4658-300x250.jpg 300w, http:\/\/www.filindeblogg.nu\/wp-content\/uploads\/2019\/02\/IMG_4658.jpg 387w\" sizes=\"(max-width: 300px) 100vw, 300px\" \/> Och &#8211; jag erk\u00e4nner!<br \/>\nJag \u00e4r kaxig nu! <img loading=\"lazy\" class=\"alignnone size-full wp-image-78458\" src=\"http:\/\/www.filindeblogg.nu\/wp-content\/uploads\/2019\/02\/Skrattande-svettig-smiley.png\" alt=\"\" width=\"58\" height=\"60\" \/><\/p>\n<p>S\u00e5 vad ni \u00e4n g\u00f6r &#8211; h\u00e5ll koll p\u00e5 <strong>Feel in the Blogg<\/strong>! Bloggen med k\u00e4nsla och feeling&#8230; Alltid! <img loading=\"lazy\" class=\"alignnone  wp-image-79037\" src=\"http:\/\/www.filindeblogg.nu\/wp-content\/uploads\/2019\/05\/Blinkande-smiley.jpg\" alt=\"\" width=\"43\" height=\"45\" \/><\/p>\n<p>&nbsp;<\/p>\n<p>&nbsp;<\/p>\n<p>&nbsp;<\/p>\n<p>&nbsp;<\/p>\n<p>&nbsp;<\/p>\n<p>&nbsp;<\/p>\n<p>&nbsp;<\/p>\n","protected":false},"excerpt":{"rendered":"<p>Lite kaxigt k\u00e4nns det &#8211; att jag var f\u00f6rst med att uppm\u00e4rksamma Kajsa Dovstads rasistiska snack om &#8221;Jimmie moment&#8221;.\u00a0 Kajsa Dovstad som f\u00e5r nassek\u00e4nslor n\u00e4r hon inte hittar vanliga djupfrysta k\u00f6ttbullar i aff\u00e4ren&#8230; Jag skrev om det i bloggen 16 juni &#8211; H\u00c4R! Kajsa beskrev sin rassefeber dagen innan i G\u00f6teborgs-Posten &#8211; 15 juni. Du [&hellip;]<\/p>\n","protected":false},"author":1,"featured_media":0,"comment_status":"open","ping_status":"open","sticky":false,"template":"","format":"standard","meta":[],"categories":[132,200,101],"tags":[],"_links":{"self":[{"href":"http:\/\/www.filindeblogg.nu\/index.php?rest_route=\/wp\/v2\/posts\/79214"}],"collection":[{"href":"http:\/\/www.filindeblogg.nu\/index.php?rest_route=\/wp\/v2\/posts"}],"about":[{"href":"http:\/\/www.filindeblogg.nu\/index.php?rest_route=\/wp\/v2\/types\/post"}],"author":[{"embeddable":true,"href":"http:\/\/www.filindeblogg.nu\/index.php?rest_route=\/wp\/v2\/users\/1"}],"replies":[{"embeddable":true,"href":"http:\/\/www.filindeblogg.nu\/index.php?rest_route=%2Fwp%2Fv2%2Fcomments&post=79214"}],"version-history":[{"count":9,"href":"http:\/\/www.filindeblogg.nu\/index.php?rest_route=\/wp\/v2\/posts\/79214\/revisions"}],"predecessor-version":[{"id":79229,"href":"http:\/\/www.filindeblogg.nu\/index.php?rest_route=\/wp\/v2\/posts\/79214\/revisions\/79229"}],"wp:attachment":[{"href":"http:\/\/www.filindeblogg.nu\/index.php?rest_route=%2Fwp%2Fv2%2Fmedia&parent=79214"}],"wp:term":[{"taxonomy":"category","embeddable":true,"href":"http:\/\/www.filindeblogg.nu\/index.php?rest_route=%2Fwp%2Fv2%2Fcategories&post=79214"},{"taxonomy":"post_tag","embeddable":true,"href":"http:\/\/www.filindeblogg.nu\/index.php?rest_route=%2Fwp%2Fv2%2Ftags&post=79214"}],"curies":[{"name":"wp","href":"https:\/\/api.w.org\/{rel}","templated":true}]}}