{"id":7918,"date":"2009-09-30T10:35:38","date_gmt":"2009-09-30T09:35:38","guid":{"rendered":"http:\/\/www.filindeblogg.nu\/?p=7918"},"modified":"2009-09-30T10:37:43","modified_gmt":"2009-09-30T09:37:43","slug":"damp-ungar-ar-av-intet-varde","status":"publish","type":"post","link":"http:\/\/www.filindeblogg.nu\/?p=7918","title":{"rendered":"DAMP-UNGAR \u00c4R AV INTET V\u00c4RDE!!"},"content":{"rendered":"<p><strong>DAMP-ungar \u00e4r av intet v\u00e4rde! <\/strong><\/p>\n<p>Barn och ungdomar med diagnoser av typen ADHD och Aspergers syndrom har ingenting att h\u00e4mta i den svenska skolan! V\u00e5rt s k v\u00e4lf\u00e4rds-Sverige, v\u00e4rldens mest demokratiska land<a href=\"http:\/\/www.svd.se\/kulturnoje\/nyheter\/artikel_3584661.svd\">, <\/a>diskriminerar systematisk elever med neuropsykiatriska funktionshinder! L\u00e4s vad <strong>DN <\/strong>skriver idag genom att klicka <a href=\"http:\/\/www.dn.se\/sthlm\/skolans-ersattningssystem-drabbar-utsatta-elever-1.963927\"><strong>H\u00c4R!<\/strong><\/a><\/p>\n<p>De h\u00e4r barnen och ungdomarna \u00e4r minst lika beg\u00e5vade som alla andra, ja ofta med en h\u00f6gre intelligens \u00e4n genomsnittet, men f\u00e5r ingen skoludervisning att tala om. Ist\u00e4llet f\u00f6r st\u00f6d och hj\u00e4lp vid till synes enkla behov &#8211; lugn och ro, ordning och reda, l\u00e5ngsiktig planering &#8211; mobbas dom ut av skolledningen och f\u00f6rpassas till de s\u00e4msta lokalerna med den l\u00e4gst utbildade personalen!<br \/>\nN\u00e4r dessa elever redan i sig sj\u00e4lva har sv\u00e5righeter med koncentration och samspel &#8211; uts\u00e4tts de f\u00f6r \u00e4nnu mer tryck <strong>och f\u00f6rtryck<\/strong> fr\u00e5n en of\u00f6rst\u00e5ende skola!<strong> N\u00e4r livet redan fr\u00e5n b\u00f6rjan \u00e4r s\u00e5 sv\u00e5rt f\u00f6r pojkar och flickor med ADHD och Aspergers\u00a0 ger grundskolan den verkliga r\u00e5sopen r\u00e4tt i magen!<br \/>\n<\/strong>Alla de ungdomar och vuxna som jag k\u00e4nner med de h\u00e4r egenskaperna &#8211; har f\u00e5tt sina liv mer eller mindre krossade av skolan!<\/p>\n<p><strong>Detta \u00e4r en fullst\u00e4ndig skandal!<\/strong> Vi pratar allts\u00e5 om barn och ungdomar med stor potential som aldrig till\u00e5ts blomma ut! Som f\u00f6rv\u00e4gras 9-\u00e5rig grundskola! Som st\u00e4ngs ute fr\u00e5n en framtida f\u00f6rs\u00f6rjning! Som f\u00e5r sina liv slagna i spillror!<\/p>\n<p>Jag vet vad jag talar om! Som mamma till tv\u00e5 av dessa fantastiska barn &#8211; vet jag att det \u00e4r n\u00e4st intill om\u00f6jligt att ge de h\u00e4r barnen skolg\u00e5ng! Att grundskolan inneb\u00e4r utslagning, mobbing &#8211; framf\u00f6r allt fr\u00e5n l\u00e4rarh\u00e5ll och d\u00e4rmed ett sj\u00e4lvf\u00f6rtroende lika med noll. S\u00e5 m\u00e5nga t\u00e5rar som gr\u00e5tits, s\u00e5 mycket sorg och lidande, s\u00e5 m\u00e5nga g\u00e5nger det talats om sj\u00e4lvmord &#8211; jag kan inte r\u00e4kna antalet.<\/p>\n<p>Och ingen lyssnar!<strong> Utbildningsminister Jan Bj\u00f6rklund<\/strong> v\u00e4grar ta emot bes\u00f6k! V\u00e4grar tr\u00e4ffa oss f\u00f6r\u00e4ldrar! Hur \u00e4r det m\u00f6jligt, undrar jag? \u00c4r inte Bj\u00f6rklund vald av folket &#8211; att f\u00f6retr\u00e4da folket och d\u00e4rmed lyssna p\u00e5 folket! Tydligen inte!<\/p>\n<p><strong>TACK DN F\u00d6R ATT NI OF\u00d6RTRUTET SKRIVER OM &#8221;SKOLBARN SOM INTE M\u00c5R BRA&#8221;!<\/strong><\/p>\n<p><strong><img loading=\"lazy\" class=\"aligncenter size-full wp-image-7919\" title=\"ADHD logga\" src=\"http:\/\/www.filindeblogg.nu\/wp-content\/uploads\/2009\/09\/ADHD-logga1.jpeg\" alt=\"ADHD logga\" width=\"124\" height=\"93\" \/><br \/>\n<\/strong><\/p>\n","protected":false},"excerpt":{"rendered":"<p>DAMP-ungar \u00e4r av intet v\u00e4rde! Barn och ungdomar med diagnoser av typen ADHD och Aspergers syndrom har ingenting att h\u00e4mta i den svenska skolan! V\u00e5rt s k v\u00e4lf\u00e4rds-Sverige, v\u00e4rldens mest demokratiska land, diskriminerar systematisk elever med neuropsykiatriska funktionshinder! L\u00e4s vad DN skriver idag genom att klicka H\u00c4R! De h\u00e4r barnen och ungdomarna \u00e4r minst lika [&hellip;]<\/p>\n","protected":false},"author":1,"featured_media":0,"comment_status":"open","ping_status":"open","sticky":false,"template":"","format":"standard","meta":[],"categories":[107,100,101],"tags":[],"_links":{"self":[{"href":"http:\/\/www.filindeblogg.nu\/index.php?rest_route=\/wp\/v2\/posts\/7918"}],"collection":[{"href":"http:\/\/www.filindeblogg.nu\/index.php?rest_route=\/wp\/v2\/posts"}],"about":[{"href":"http:\/\/www.filindeblogg.nu\/index.php?rest_route=\/wp\/v2\/types\/post"}],"author":[{"embeddable":true,"href":"http:\/\/www.filindeblogg.nu\/index.php?rest_route=\/wp\/v2\/users\/1"}],"replies":[{"embeddable":true,"href":"http:\/\/www.filindeblogg.nu\/index.php?rest_route=%2Fwp%2Fv2%2Fcomments&post=7918"}],"version-history":[{"count":3,"href":"http:\/\/www.filindeblogg.nu\/index.php?rest_route=\/wp\/v2\/posts\/7918\/revisions"}],"predecessor-version":[{"id":7921,"href":"http:\/\/www.filindeblogg.nu\/index.php?rest_route=\/wp\/v2\/posts\/7918\/revisions\/7921"}],"wp:attachment":[{"href":"http:\/\/www.filindeblogg.nu\/index.php?rest_route=%2Fwp%2Fv2%2Fmedia&parent=7918"}],"wp:term":[{"taxonomy":"category","embeddable":true,"href":"http:\/\/www.filindeblogg.nu\/index.php?rest_route=%2Fwp%2Fv2%2Fcategories&post=7918"},{"taxonomy":"post_tag","embeddable":true,"href":"http:\/\/www.filindeblogg.nu\/index.php?rest_route=%2Fwp%2Fv2%2Ftags&post=7918"}],"curies":[{"name":"wp","href":"https:\/\/api.w.org\/{rel}","templated":true}]}}