{"id":79159,"date":"2019-06-16T14:19:55","date_gmt":"2019-06-16T13:19:55","guid":{"rendered":"http:\/\/www.filindeblogg.nu\/?p=79159"},"modified":"2019-06-16T14:19:55","modified_gmt":"2019-06-16T13:19:55","slug":"jimmie-moment-och-annat-jobbigt-lite-balsam-for-sjalen-ocksa","status":"publish","type":"post","link":"http:\/\/www.filindeblogg.nu\/?p=79159","title":{"rendered":"&#8221;Jimmie moment&#8221; och annat jobbigt&#8230; Lite balsam f\u00f6r sj\u00e4len ocks\u00e5!"},"content":{"rendered":"<p><img loading=\"lazy\" class=\"alignnone size-medium wp-image-79189\" src=\"http:\/\/www.filindeblogg.nu\/wp-content\/uploads\/2019\/06\/IMG_1791-Kopia-300x225.jpg\" alt=\"\" width=\"300\" height=\"225\" srcset=\"http:\/\/www.filindeblogg.nu\/wp-content\/uploads\/2019\/06\/IMG_1791-Kopia-300x225.jpg 300w, http:\/\/www.filindeblogg.nu\/wp-content\/uploads\/2019\/06\/IMG_1791-Kopia.jpg 605w\" sizes=\"(max-width: 300px) 100vw, 300px\" \/> Dags att hamra ner en ny blogg!<\/p>\n<p><img loading=\"lazy\" class=\"alignnone size-medium wp-image-79160\" src=\"http:\/\/www.filindeblogg.nu\/wp-content\/uploads\/2019\/06\/unnamed-300x150.jpg\" alt=\"\" width=\"300\" height=\"150\" srcset=\"http:\/\/www.filindeblogg.nu\/wp-content\/uploads\/2019\/06\/unnamed-300x150.jpg 300w, http:\/\/www.filindeblogg.nu\/wp-content\/uploads\/2019\/06\/unnamed-768x384.jpg 768w, http:\/\/www.filindeblogg.nu\/wp-content\/uploads\/2019\/06\/unnamed.jpg 1024w\" sizes=\"(max-width: 300px) 100vw, 300px\" \/>Den h\u00e4r kvinnan \u00e4r skribent p\u00e5 <strong>G\u00f6teborgs-Posten<\/strong>.<br \/>\n<strong>Kajsa Dovstad<\/strong> heter hon och hon har <em>&#8221;Jimmie moments&#8221;<\/em>, som hon kallar det&#8230;<br \/>\n<em>&#8221;Jag \u00e4r i Sverige, ett Sverige som inte k\u00e4nns svenskt. Och jag gillar det inte. Jimmie moment, som min bekant skulle s\u00e4ga.&#8221;<br \/>\n<\/em>Citat Kajsa Dovstad allts\u00e5 &#8211; och alltihop kan du l\u00e4sa <a href=\"https:\/\/www.gp.se\/ledare\/har-du-haft-ett-jimmie-moment-1.15599350\"><strong>H\u00c4R!<\/strong><\/a><\/p>\n<p>Det hon skriver om \u00e4r bland annat att hon inte kan k\u00f6pa vanliga frysta k\u00f6ttbullar f\u00f6r alla halal-aff\u00e4rer&#8230;<br \/>\nJa, vad s\u00e4ger man?? Ilandsproblem \u00e1 la sm\u00e5ttighet! <img loading=\"lazy\" class=\"alignnone size-full wp-image-79190\" src=\"http:\/\/www.filindeblogg.nu\/wp-content\/uploads\/2019\/06\/Smiley-som-himlar-med-\u00f6gonen.jpg\" alt=\"\" width=\"90\" height=\"90\" \/>\u00a0 Eller &#8211; Orka&#8230;<\/p>\n<p>MEN hon pratar ocks\u00e5 om det som jag skrev om i f\u00f6rra bloggen! Siffror! R\u00f6da siffror! R\u00f6da samh\u00e4llssiffror som handlar om det h\u00e4r: <img loading=\"lazy\" class=\"alignnone size-full wp-image-79099\" src=\"http:\/\/www.filindeblogg.nu\/wp-content\/uploads\/2019\/06\/Pl\u00e5bok-utan-pengar.jpg\" alt=\"\" width=\"248\" height=\"204\" \/> Att pengar m\u00e5ste in f\u00f6r att kunna betalas ut.<br \/>\nPl\u00e5nboken tenderar att tunnas ur bet\u00e4nkligt annars!<\/p>\n<p>D v s f\u00f6r att alla ska kunna ta del av pensioner, bidrag och samh\u00e4llstj\u00e4nster s\u00e5 m\u00e5ste det jobbas och betalas in skatt till systemet!<\/p>\n<p><strong>OCH &#8211; det \u00e4r INTE ett &#8221;Jimmie moment&#8221;!!<br \/>\n<\/strong><br \/>\nM\u00f6jligen f\u00f6r Kajsa och hennes kompisar men inte f\u00f6r oss andra vanliga svenskar som vill v\u00e4l utan att snegla p\u00e5 <strong>NasseJimmie! <img loading=\"lazy\" class=\"alignnone size-medium wp-image-79168\" src=\"http:\/\/www.filindeblogg.nu\/wp-content\/uploads\/2019\/06\/akessonnazisten-300x197.png\" alt=\"\" width=\"300\" height=\"197\" srcset=\"http:\/\/www.filindeblogg.nu\/wp-content\/uploads\/2019\/06\/akessonnazisten-300x197.png 300w, http:\/\/www.filindeblogg.nu\/wp-content\/uploads\/2019\/06\/akessonnazisten.png 600w\" sizes=\"(max-width: 300px) 100vw, 300px\" \/><\/strong><\/p>\n<p><img loading=\"lazy\" class=\"alignnone  wp-image-79162\" src=\"http:\/\/www.filindeblogg.nu\/wp-content\/uploads\/2019\/06\/IMG_1754-300x294.jpg\" alt=\"\" width=\"186\" height=\"182\" srcset=\"http:\/\/www.filindeblogg.nu\/wp-content\/uploads\/2019\/06\/IMG_1754-300x294.jpg 300w, http:\/\/www.filindeblogg.nu\/wp-content\/uploads\/2019\/06\/IMG_1754.jpg 676w\" sizes=\"(max-width: 186px) 100vw, 186px\" \/> Nej &#8211; det handlar om det h\u00e4r! Ett Eureka moment! <img loading=\"lazy\" class=\"alignnone  wp-image-79163\" src=\"http:\/\/www.filindeblogg.nu\/wp-content\/uploads\/2019\/06\/IMG_1757-300x300.jpg\" alt=\"\" width=\"232\" height=\"232\" srcset=\"http:\/\/www.filindeblogg.nu\/wp-content\/uploads\/2019\/06\/IMG_1757-300x300.jpg 300w, http:\/\/www.filindeblogg.nu\/wp-content\/uploads\/2019\/06\/IMG_1757-150x150.jpg 150w, http:\/\/www.filindeblogg.nu\/wp-content\/uploads\/2019\/06\/IMG_1757-144x144.jpg 144w, http:\/\/www.filindeblogg.nu\/wp-content\/uploads\/2019\/06\/IMG_1757.jpg 596w\" sizes=\"(max-width: 232px) 100vw, 232px\" \/> Det d\u00e4r tillf\u00e4llet n\u00e4r det g\u00e5r upp ett ljus f\u00f6r en hur allt h\u00e4nger ihop!<\/p>\n<p><img loading=\"lazy\" class=\"alignnone size-medium wp-image-79164\" src=\"http:\/\/www.filindeblogg.nu\/wp-content\/uploads\/2019\/06\/IMG_1755-300x198.jpg\" alt=\"\" width=\"300\" height=\"198\" srcset=\"http:\/\/www.filindeblogg.nu\/wp-content\/uploads\/2019\/06\/IMG_1755-300x198.jpg 300w, http:\/\/www.filindeblogg.nu\/wp-content\/uploads\/2019\/06\/IMG_1755.jpg 664w\" sizes=\"(max-width: 300px) 100vw, 300px\" \/> Det kan ta l\u00e4ngre tid f\u00f6r en del och f\u00f6r en del h\u00e4nder det aldrig. Det \u00e4r d\u00e5 man ropar p\u00e5 NasseJimmie och tror att allt handlar om l\u00f6mska invandrare! Att allt \u00e4r de afghanska ensamkommande flyktingbarnens fel!<\/p>\n<p>D\u00e5 tar man Jimmie i hand och \u00e4r sen verkligen ute och cyklar! <img loading=\"lazy\" class=\"alignnone size-medium wp-image-79100\" src=\"http:\/\/www.filindeblogg.nu\/wp-content\/uploads\/2019\/06\/Rasist-SD-300x198.jpg\" alt=\"\" width=\"300\" height=\"198\" srcset=\"http:\/\/www.filindeblogg.nu\/wp-content\/uploads\/2019\/06\/Rasist-SD-300x198.jpg 300w, http:\/\/www.filindeblogg.nu\/wp-content\/uploads\/2019\/06\/Rasist-SD-768x507.jpg 768w, http:\/\/www.filindeblogg.nu\/wp-content\/uploads\/2019\/06\/Rasist-SD-1024x675.jpg 1024w, http:\/\/www.filindeblogg.nu\/wp-content\/uploads\/2019\/06\/Rasist-SD.jpg 1040w\" sizes=\"(max-width: 300px) 100vw, 300px\" \/><\/p>\n<p>F\u00f6r det handlar helt enkelt om matematik!\u00a0<img loading=\"lazy\" class=\"alignnone  wp-image-79098\" src=\"http:\/\/www.filindeblogg.nu\/wp-content\/uploads\/2019\/06\/Pl\u00e5nbok.jpg\" alt=\"\" width=\"95\" height=\"95\" srcset=\"http:\/\/www.filindeblogg.nu\/wp-content\/uploads\/2019\/06\/Pl\u00e5nbok.jpg 225w, http:\/\/www.filindeblogg.nu\/wp-content\/uploads\/2019\/06\/Pl\u00e5nbok-150x150.jpg 150w, http:\/\/www.filindeblogg.nu\/wp-content\/uploads\/2019\/06\/Pl\u00e5nbok-144x144.jpg 144w\" sizes=\"(max-width: 95px) 100vw, 95px\" \/> Om en pl\u00e5nbok som ska r\u00e4cka till f\u00f6r alla &#8211; och d\u00e4r alla som kan m\u00e5ste bidra f\u00f6r att de som beh\u00f6ver ska kunna f\u00e5 den sociala v\u00e4lf\u00e4rd vi har i v\u00e5rt land. <img loading=\"lazy\" class=\"alignnone  wp-image-79097\" src=\"http:\/\/www.filindeblogg.nu\/wp-content\/uploads\/2019\/06\/Massor-av-pengar-300x169.jpg\" alt=\"\" width=\"156\" height=\"88\" srcset=\"http:\/\/www.filindeblogg.nu\/wp-content\/uploads\/2019\/06\/Massor-av-pengar-300x169.jpg 300w, http:\/\/www.filindeblogg.nu\/wp-content\/uploads\/2019\/06\/Massor-av-pengar-768x432.jpg 768w, http:\/\/www.filindeblogg.nu\/wp-content\/uploads\/2019\/06\/Massor-av-pengar.jpg 800w\" sizes=\"(max-width: 156px) 100vw, 156px\" \/><\/p>\n<p><strong>Matematik &#8211; inte rasism!!<\/strong><\/p>\n<p><strong>Inte n\u00e5t &#8221;Jimmie moment&#8221; alls!<\/strong> Det handlar om snilleblixten &#8211; n\u00e4r man kommer p\u00e5 hur saker och ting verkligen h\u00e4nger ihop! <img loading=\"lazy\" class=\"alignnone size-full wp-image-79166\" src=\"http:\/\/www.filindeblogg.nu\/wp-content\/uploads\/2019\/06\/IMG_1756-1.jpg\" alt=\"\" width=\"223\" height=\"165\" \/><br \/>\nUtan att blanda in hudf\u00e4rg och svenska k\u00f6ttbullar!<\/p>\n<p>Det d\u00e4r k\u00e4nslan n\u00e4r man har f\u00f6rst\u00e5tt! N\u00e5got som h\u00e4nt v\u00e4ldigt m\u00e5nga svenskar redan &#8211; men som de som kallar sig politiker inte v\u00e5gar ta i \u00e4ven om de ocks\u00e5 f\u00f6rst\u00e5tt! Man v\u00e5gar inte prata om det. P\u00e5 med skygglapparna bara s\u00e5 NasseJimmie pl\u00f6tsligt blir idol!<br \/>\nBlunda tills allting g\u00e5r \u00e5t helvete&#8230;<\/p>\n<p>Vi v\u00e4ntar alla p\u00e5 politikerna och deras erk\u00e4nnande av ett eureka moment&#8230;<\/p>\n<p><img loading=\"lazy\" class=\"size-medium wp-image-79167 aligncenter\" src=\"http:\/\/www.filindeblogg.nu\/wp-content\/uploads\/2019\/06\/IMG_1751-300x181.jpg\" alt=\"\" width=\"300\" height=\"181\" srcset=\"http:\/\/www.filindeblogg.nu\/wp-content\/uploads\/2019\/06\/IMG_1751-300x181.jpg 300w, http:\/\/www.filindeblogg.nu\/wp-content\/uploads\/2019\/06\/IMG_1751.jpg 750w\" sizes=\"(max-width: 300px) 100vw, 300px\" \/><\/p>\n<p>Lita annat jobbigt ocks\u00e5. <strong>GRETA!<\/strong> <img loading=\"lazy\" class=\"alignnone size-full wp-image-79169\" src=\"http:\/\/www.filindeblogg.nu\/wp-content\/uploads\/2019\/06\/Greta.jpg\" alt=\"\" width=\"275\" height=\"183\" \/><\/p>\n<p><strong>Greta Thunberg<\/strong>, 16 \u00e5r. Har just g\u00e5tt ur 9-an. En vanligt tjej &#8211; eller??<\/p>\n<p><img loading=\"lazy\" class=\"alignnone size-medium wp-image-79170\" src=\"http:\/\/www.filindeblogg.nu\/wp-content\/uploads\/2019\/06\/IMG_1786-225x300.jpg\" alt=\"\" width=\"225\" height=\"300\" srcset=\"http:\/\/www.filindeblogg.nu\/wp-content\/uploads\/2019\/06\/IMG_1786-225x300.jpg 225w, http:\/\/www.filindeblogg.nu\/wp-content\/uploads\/2019\/06\/IMG_1786.jpg 454w\" sizes=\"(max-width: 225px) 100vw, 225px\" \/> <a href=\"https:\/\/www.dn.se\/nyheter\/greta-thunberg-om-jag-inte-skolstrejkat-hade-jag-kunnat-fa-a-i-alla-amnen\/\"><strong>Dagens Nyheter<\/strong><\/a> idag.<\/p>\n<p>Sidorna 6-11 (!) i Sveriges st\u00f6rsta dagstidning handlar om denna 16-\u00e5ring! <img loading=\"lazy\" class=\"alignnone size-medium wp-image-79171\" src=\"http:\/\/www.filindeblogg.nu\/wp-content\/uploads\/2019\/06\/IMG_1787-225x300.jpg\" alt=\"\" width=\"225\" height=\"300\" srcset=\"http:\/\/www.filindeblogg.nu\/wp-content\/uploads\/2019\/06\/IMG_1787-225x300.jpg 225w, http:\/\/www.filindeblogg.nu\/wp-content\/uploads\/2019\/06\/IMG_1787.jpg 454w\" sizes=\"(max-width: 225px) 100vw, 225px\" \/><\/p>\n<p><img loading=\"lazy\" class=\"size-medium wp-image-79172 aligncenter\" src=\"http:\/\/www.filindeblogg.nu\/wp-content\/uploads\/2019\/06\/IMG_1789-300x225.jpg\" alt=\"\" width=\"300\" height=\"225\" srcset=\"http:\/\/www.filindeblogg.nu\/wp-content\/uploads\/2019\/06\/IMG_1789-300x225.jpg 300w, http:\/\/www.filindeblogg.nu\/wp-content\/uploads\/2019\/06\/IMG_1789.jpg 605w\" sizes=\"(max-width: 300px) 100vw, 300px\" \/><\/p>\n<p>Alla tidningsomslag v\u00e4rlden runt som haft Greta, 16 \u00e5r p\u00e5 f\u00f6rsta sidan!<\/p>\n<p>Och s\u00e5 h\u00e4r s\u00e4ger Greta som just slutat 9:an: <img loading=\"lazy\" class=\"alignnone size-medium wp-image-79173\" src=\"http:\/\/www.filindeblogg.nu\/wp-content\/uploads\/2019\/06\/IMG_1788-300x225.jpg\" alt=\"\" width=\"300\" height=\"225\" srcset=\"http:\/\/www.filindeblogg.nu\/wp-content\/uploads\/2019\/06\/IMG_1788-300x225.jpg 300w, http:\/\/www.filindeblogg.nu\/wp-content\/uploads\/2019\/06\/IMG_1788.jpg 605w\" sizes=\"(max-width: 300px) 100vw, 300px\" \/> <em>&#8221;Om jag inte skolstrejkat hade jag kunnat f\u00e5r A i alla \u00e4mnen&#8221;.<\/em><br \/>\nDet fattas allts\u00e5 n\u00e5gra A i Gretas slutbetyg&#8230;<\/p>\n<p>Det \u00e4r s\u00e5 viktigt och bra att uppm\u00e4rksamma v\u00e4rlden p\u00e5 milj\u00f6fr\u00e5gorna!\u00a0 Sj\u00e4lvklart! Jag har ingenting emot stort engagemang i detta alls &#8211; tv\u00e4rtom!\u00a0 Det jag t\u00e4nker p\u00e5 \u00e4r vad h\u00e4nder i en 16-\u00e5ring med all denna ber\u00f6mmelse! Det \u00e4r inte vilken ton\u00e5ring som helst &#8211; det \u00e4r en 16-\u00e5ring med <strong>Aspergers syndrom!<\/strong><\/p>\n<p><img loading=\"lazy\" class=\"alignnone size-medium wp-image-79174\" src=\"http:\/\/www.filindeblogg.nu\/wp-content\/uploads\/2019\/06\/AS-300x146.jpg\" alt=\"\" width=\"300\" height=\"146\" srcset=\"http:\/\/www.filindeblogg.nu\/wp-content\/uploads\/2019\/06\/AS-300x146.jpg 300w, http:\/\/www.filindeblogg.nu\/wp-content\/uploads\/2019\/06\/AS.jpg 322w\" sizes=\"(max-width: 300px) 100vw, 300px\" \/> Jag k\u00e4nner personligen till en del om Aspergers syndrom och det \u00e4r d\u00e4rf\u00f6r jag k\u00e4nner oro f\u00f6r flickan Greta!<br \/>\nHon \u00e4r allts\u00e5 inte bara en ton\u00e5rstjej &#8211; hon har Aspergers syndrom med allt vad det inneb\u00e4r.<br \/>\nJag HOPPAS verkligen att hon har starkt st\u00f6d bakom sig. M\u00e4nniskor som tar hand om henne n\u00e4r det blir f\u00f6r mycket.<\/p>\n<p>L\u00e4s om Aspergers syndrom <a href=\"https:\/\/www.autism.se\/aspergers_syndrom\"><strong>H\u00c4R<\/strong> <\/a>&#8211; sidan \u00e4r fr\u00e5n <strong>Autism- och Aspergerf\u00f6rbunde<\/strong>ts hemsida.<\/p>\n<p>Till slut d\u00e5 &#8211; lite balsam f\u00f6r sj\u00e4len. Det kan beh\u00f6vas!<\/p>\n<p style=\"text-align: center;\"><img loading=\"lazy\" class=\"size-medium wp-image-79175 aligncenter\" src=\"http:\/\/www.filindeblogg.nu\/wp-content\/uploads\/2019\/06\/IMG_1635-225x300.jpg\" alt=\"\" width=\"225\" height=\"300\" srcset=\"http:\/\/www.filindeblogg.nu\/wp-content\/uploads\/2019\/06\/IMG_1635-225x300.jpg 225w, http:\/\/www.filindeblogg.nu\/wp-content\/uploads\/2019\/06\/IMG_1635.jpg 378w\" sizes=\"(max-width: 225px) 100vw, 225px\" \/><br \/>\nPangbild &#8211; eller hur!!<\/p>\n<p><img loading=\"lazy\" class=\"alignnone size-medium wp-image-79176\" src=\"http:\/\/www.filindeblogg.nu\/wp-content\/uploads\/2019\/06\/IMG_1632-225x300.jpg\" alt=\"\" width=\"225\" height=\"300\" srcset=\"http:\/\/www.filindeblogg.nu\/wp-content\/uploads\/2019\/06\/IMG_1632-225x300.jpg 225w, http:\/\/www.filindeblogg.nu\/wp-content\/uploads\/2019\/06\/IMG_1632.jpg 378w\" sizes=\"(max-width: 225px) 100vw, 225px\" \/> Promenad en ljuvlig sommarmorgon.<br \/>\nUt fr\u00e5n <strong>Glasbl\u00e5sarg\u00e5rden<\/strong> &#8211;<br \/>\noch sen genom <strong>Stureparken<\/strong>. <img loading=\"lazy\" class=\"alignnone size-medium wp-image-79177\" src=\"http:\/\/www.filindeblogg.nu\/wp-content\/uploads\/2019\/06\/IMG_1637-225x300.jpg\" alt=\"\" width=\"225\" height=\"300\" srcset=\"http:\/\/www.filindeblogg.nu\/wp-content\/uploads\/2019\/06\/IMG_1637-225x300.jpg 225w, http:\/\/www.filindeblogg.nu\/wp-content\/uploads\/2019\/06\/IMG_1637.jpg 378w\" sizes=\"(max-width: 225px) 100vw, 225px\" \/><\/p>\n<p>\u00d6ver himlen far ett f\u00e5gelstr\u00e4ck! <img loading=\"lazy\" class=\"alignnone size-medium wp-image-79178\" src=\"http:\/\/www.filindeblogg.nu\/wp-content\/uploads\/2019\/06\/IMG_1642-225x300.jpg\" alt=\"\" width=\"225\" height=\"300\" srcset=\"http:\/\/www.filindeblogg.nu\/wp-content\/uploads\/2019\/06\/IMG_1642-225x300.jpg 225w, http:\/\/www.filindeblogg.nu\/wp-content\/uploads\/2019\/06\/IMG_1642.jpg 378w\" sizes=\"(max-width: 225px) 100vw, 225px\" \/>\u00a0 <em>&#8211; Vart ska ni?<\/em> s\u00e4ger jag f\u00f6r mig sj\u00e4lv.<\/p>\n<p><img loading=\"lazy\" class=\"alignnone size-medium wp-image-79179\" src=\"http:\/\/www.filindeblogg.nu\/wp-content\/uploads\/2019\/06\/IMG_1659-225x300.jpg\" alt=\"\" width=\"225\" height=\"300\" srcset=\"http:\/\/www.filindeblogg.nu\/wp-content\/uploads\/2019\/06\/IMG_1659-225x300.jpg 225w, http:\/\/www.filindeblogg.nu\/wp-content\/uploads\/2019\/06\/IMG_1659.jpg 378w\" sizes=\"(max-width: 225px) 100vw, 225px\" \/>\u00a0\u00d6ver cykelbron &#8211; d\u00e4r jag bara m\u00e5ste stanna till och fotografera! Mot v\u00e4ster!<\/p>\n<p>Och mot \u00f6ster: <img loading=\"lazy\" class=\"alignnone size-medium wp-image-79180\" src=\"http:\/\/www.filindeblogg.nu\/wp-content\/uploads\/2019\/06\/IMG_1660-225x300.jpg\" alt=\"\" width=\"225\" height=\"300\" srcset=\"http:\/\/www.filindeblogg.nu\/wp-content\/uploads\/2019\/06\/IMG_1660-225x300.jpg 225w, http:\/\/www.filindeblogg.nu\/wp-content\/uploads\/2019\/06\/IMG_1660.jpg 756w\" sizes=\"(max-width: 225px) 100vw, 225px\" \/><\/p>\n<p>Det \u00e4r tidig morgon och solen stiger. L\u00e4ngs promenaden &#8211; nyponroser! Bland annat.<\/p>\n<p><img loading=\"lazy\" class=\"size-medium wp-image-79181 aligncenter\" src=\"http:\/\/www.filindeblogg.nu\/wp-content\/uploads\/2019\/06\/IMG_1668-225x300.jpg\" alt=\"\" width=\"225\" height=\"300\" srcset=\"http:\/\/www.filindeblogg.nu\/wp-content\/uploads\/2019\/06\/IMG_1668-225x300.jpg 225w, http:\/\/www.filindeblogg.nu\/wp-content\/uploads\/2019\/06\/IMG_1668.jpg 756w\" sizes=\"(max-width: 225px) 100vw, 225px\" \/><\/p>\n<p><img loading=\"lazy\" class=\"alignnone size-medium wp-image-79182\" src=\"http:\/\/www.filindeblogg.nu\/wp-content\/uploads\/2019\/06\/IMG_1694-225x300.jpg\" alt=\"\" width=\"225\" height=\"300\" srcset=\"http:\/\/www.filindeblogg.nu\/wp-content\/uploads\/2019\/06\/IMG_1694-225x300.jpg 225w, http:\/\/www.filindeblogg.nu\/wp-content\/uploads\/2019\/06\/IMG_1694.jpg 756w\" sizes=\"(max-width: 225px) 100vw, 225px\" \/> <strong>Arboga\u00e5n<\/strong> in mot stan.<\/p>\n<p>S\u00e5 fint &#8211; jag m\u00e5ste ta m\u00e5nga bilder. <img loading=\"lazy\" class=\"alignnone size-medium wp-image-79183\" src=\"http:\/\/www.filindeblogg.nu\/wp-content\/uploads\/2019\/06\/IMG_1705-225x300.jpg\" alt=\"\" width=\"225\" height=\"300\" srcset=\"http:\/\/www.filindeblogg.nu\/wp-content\/uploads\/2019\/06\/IMG_1705-225x300.jpg 225w, http:\/\/www.filindeblogg.nu\/wp-content\/uploads\/2019\/06\/IMG_1705.jpg 756w\" sizes=\"(max-width: 225px) 100vw, 225px\" \/><\/p>\n<p>I vassen en eka! <img loading=\"lazy\" class=\"alignnone size-medium wp-image-79184\" src=\"http:\/\/www.filindeblogg.nu\/wp-content\/uploads\/2019\/06\/IMG_1707-300x225.jpg\" alt=\"\" width=\"300\" height=\"225\" srcset=\"http:\/\/www.filindeblogg.nu\/wp-content\/uploads\/2019\/06\/IMG_1707-300x225.jpg 300w, http:\/\/www.filindeblogg.nu\/wp-content\/uploads\/2019\/06\/IMG_1707-768x576.jpg 768w, http:\/\/www.filindeblogg.nu\/wp-content\/uploads\/2019\/06\/IMG_1707.jpg 1008w\" sizes=\"(max-width: 300px) 100vw, 300px\" \/><\/p>\n<p>\u00d6ver <strong>Herrg\u00e5rdsbron<\/strong>! <img loading=\"lazy\" class=\"alignnone size-medium wp-image-79185\" src=\"http:\/\/www.filindeblogg.nu\/wp-content\/uploads\/2019\/06\/IMG_1713-225x300.jpg\" alt=\"\" width=\"225\" height=\"300\" srcset=\"http:\/\/www.filindeblogg.nu\/wp-content\/uploads\/2019\/06\/IMG_1713-225x300.jpg 225w, http:\/\/www.filindeblogg.nu\/wp-content\/uploads\/2019\/06\/IMG_1713.jpg 756w\" sizes=\"(max-width: 225px) 100vw, 225px\" \/> N\u00e4stan molnfritt. Det blir en varm dag.<\/p>\n<p>Vackra blommor utefter f\u00f6nstren p\u00e5 <strong>Herrg\u00e5rdsgatan<\/strong>. <img loading=\"lazy\" class=\"alignnone  wp-image-79186\" src=\"http:\/\/www.filindeblogg.nu\/wp-content\/uploads\/2019\/06\/IMG_1716-225x300.jpg\" alt=\"\" width=\"170\" height=\"227\" srcset=\"http:\/\/www.filindeblogg.nu\/wp-content\/uploads\/2019\/06\/IMG_1716-225x300.jpg 225w, http:\/\/www.filindeblogg.nu\/wp-content\/uploads\/2019\/06\/IMG_1716.jpg 454w\" sizes=\"(max-width: 170px) 100vw, 170px\" \/> Jag kan inte l\u00e5ta bli att fotografera. <img loading=\"lazy\" class=\"alignnone  wp-image-79187\" src=\"http:\/\/www.filindeblogg.nu\/wp-content\/uploads\/2019\/06\/IMG_1717-225x300.jpg\" alt=\"\" width=\"170\" height=\"227\" srcset=\"http:\/\/www.filindeblogg.nu\/wp-content\/uploads\/2019\/06\/IMG_1717-225x300.jpg 225w, http:\/\/www.filindeblogg.nu\/wp-content\/uploads\/2019\/06\/IMG_1717.jpg 454w\" sizes=\"(max-width: 170px) 100vw, 170px\" \/><\/p>\n<p>Snart \u00e4r jag hemma igen. <img loading=\"lazy\" class=\"alignnone size-medium wp-image-79188\" src=\"http:\/\/www.filindeblogg.nu\/wp-content\/uploads\/2019\/06\/IMG_1722-225x300.jpg\" alt=\"\" width=\"225\" height=\"300\" srcset=\"http:\/\/www.filindeblogg.nu\/wp-content\/uploads\/2019\/06\/IMG_1722-225x300.jpg 225w, http:\/\/www.filindeblogg.nu\/wp-content\/uploads\/2019\/06\/IMG_1722.jpg 454w\" sizes=\"(max-width: 225px) 100vw, 225px\" \/> &#8221;Mammas gata&#8221; &#8211; <strong>\u00d6stra Nygatan!<\/strong><\/p>\n<p>Ta g\u00e4rna en promenad ut i naturen! G\u00e5r bra \u00e4ven inne i stan. Det \u00e4r ljuvligt ute nu och tidiga morgnar rekommenderas. <img loading=\"lazy\" class=\"alignnone size-medium wp-image-79191\" src=\"http:\/\/www.filindeblogg.nu\/wp-content\/uploads\/2019\/06\/IMG_1685-225x300.jpg\" alt=\"\" width=\"225\" height=\"300\" srcset=\"http:\/\/www.filindeblogg.nu\/wp-content\/uploads\/2019\/06\/IMG_1685-225x300.jpg 225w, http:\/\/www.filindeblogg.nu\/wp-content\/uploads\/2019\/06\/IMG_1685.jpg 483w\" sizes=\"(max-width: 225px) 100vw, 225px\" \/> Kram\/Susanne<\/p>\n<p>&nbsp;<\/p>\n<p>&nbsp;<\/p>\n<p>&nbsp;<\/p>\n<p>&nbsp;<\/p>\n<p>&nbsp;<\/p>\n","protected":false},"excerpt":{"rendered":"<p>Dags att hamra ner en ny blogg! Den h\u00e4r kvinnan \u00e4r skribent p\u00e5 G\u00f6teborgs-Posten. Kajsa Dovstad heter hon och hon har &#8221;Jimmie moments&#8221;, som hon kallar det&#8230; &#8221;Jag \u00e4r i Sverige, ett Sverige som inte k\u00e4nns svenskt. Och jag gillar det inte. Jimmie moment, som min bekant skulle s\u00e4ga.&#8221; Citat Kajsa Dovstad allts\u00e5 &#8211; och [&hellip;]<\/p>\n","protected":false},"author":1,"featured_media":0,"comment_status":"open","ping_status":"open","sticky":false,"template":"","format":"standard","meta":[],"categories":[127,107,188,162,137,100,216,119,101],"tags":[],"_links":{"self":[{"href":"http:\/\/www.filindeblogg.nu\/index.php?rest_route=\/wp\/v2\/posts\/79159"}],"collection":[{"href":"http:\/\/www.filindeblogg.nu\/index.php?rest_route=\/wp\/v2\/posts"}],"about":[{"href":"http:\/\/www.filindeblogg.nu\/index.php?rest_route=\/wp\/v2\/types\/post"}],"author":[{"embeddable":true,"href":"http:\/\/www.filindeblogg.nu\/index.php?rest_route=\/wp\/v2\/users\/1"}],"replies":[{"embeddable":true,"href":"http:\/\/www.filindeblogg.nu\/index.php?rest_route=%2Fwp%2Fv2%2Fcomments&post=79159"}],"version-history":[{"count":21,"href":"http:\/\/www.filindeblogg.nu\/index.php?rest_route=\/wp\/v2\/posts\/79159\/revisions"}],"predecessor-version":[{"id":79212,"href":"http:\/\/www.filindeblogg.nu\/index.php?rest_route=\/wp\/v2\/posts\/79159\/revisions\/79212"}],"wp:attachment":[{"href":"http:\/\/www.filindeblogg.nu\/index.php?rest_route=%2Fwp%2Fv2%2Fmedia&parent=79159"}],"wp:term":[{"taxonomy":"category","embeddable":true,"href":"http:\/\/www.filindeblogg.nu\/index.php?rest_route=%2Fwp%2Fv2%2Fcategories&post=79159"},{"taxonomy":"post_tag","embeddable":true,"href":"http:\/\/www.filindeblogg.nu\/index.php?rest_route=%2Fwp%2Fv2%2Ftags&post=79159"}],"curies":[{"name":"wp","href":"https:\/\/api.w.org\/{rel}","templated":true}]}}