{"id":79066,"date":"2019-06-11T11:47:03","date_gmt":"2019-06-11T10:47:03","guid":{"rendered":"http:\/\/www.filindeblogg.nu\/?p=79066"},"modified":"2019-06-11T11:47:03","modified_gmt":"2019-06-11T10:47:03","slug":"man-manniskorna-och-jamstalldheten","status":"publish","type":"post","link":"http:\/\/www.filindeblogg.nu\/?p=79066","title":{"rendered":"M\u00e4n&#8230;m\u00e4nniskorna och j\u00e4mst\u00e4lldheten&#8230;"},"content":{"rendered":"<p><img loading=\"lazy\" class=\"alignnone size-medium wp-image-79067\" src=\"http:\/\/www.filindeblogg.nu\/wp-content\/uploads\/2019\/06\/IMG_1178-233x300.jpg\" alt=\"\" width=\"233\" height=\"300\" srcset=\"http:\/\/www.filindeblogg.nu\/wp-content\/uploads\/2019\/06\/IMG_1178-233x300.jpg 233w, http:\/\/www.filindeblogg.nu\/wp-content\/uploads\/2019\/06\/IMG_1178.jpg 375w\" sizes=\"(max-width: 233px) 100vw, 233px\" \/> Massor att skriva om idag MEN vi b\u00f6rjar med den h\u00e4r godingen! <strong>Felix!<br \/>\n<\/strong>Felix \u00e4r katten med nio liv men som avverkat en del av dessa&#8230; P\u00e5k\u00f6rd som liten och \u00f6verlevt, \u00f6verlevt ett par sv\u00e5ra infektioner ocks\u00e5 varav en konstaterades i h\u00f6stas. <img loading=\"lazy\" class=\"alignnone size-medium wp-image-79068\" src=\"http:\/\/www.filindeblogg.nu\/wp-content\/uploads\/2019\/06\/IMG_1169-252x300.jpg\" alt=\"\" width=\"252\" height=\"300\" srcset=\"http:\/\/www.filindeblogg.nu\/wp-content\/uploads\/2019\/06\/IMG_1169-252x300.jpg 252w, http:\/\/www.filindeblogg.nu\/wp-content\/uploads\/2019\/06\/IMG_1169.jpg 375w\" sizes=\"(max-width: 252px) 100vw, 252px\" \/> Efter operation och hj\u00e4lp fr\u00e5n <strong>Anicura Djurklinik i Arboga<\/strong> s\u00e5g Felix&#8217; rygg ut s\u00e5 h\u00e4r. <img loading=\"lazy\" class=\"alignnone size-medium wp-image-79071\" src=\"http:\/\/www.filindeblogg.nu\/wp-content\/uploads\/2019\/06\/IMG_1167-225x300.jpg\" alt=\"\" width=\"225\" height=\"300\" srcset=\"http:\/\/www.filindeblogg.nu\/wp-content\/uploads\/2019\/06\/IMG_1167-225x300.jpg 225w, http:\/\/www.filindeblogg.nu\/wp-content\/uploads\/2019\/06\/IMG_1167.jpg 375w\" sizes=\"(max-width: 225px) 100vw, 225px\" \/> Rakad rygg och dr\u00e4nage&#8230;<br \/>\nFelix blev frisk men p\u00e4lsen ville inte v\u00e4xa ut helt. Den kom bara i tofsar.<\/p>\n<p>I slutet av april tog jag kontakt med djurkliniken igen och veterin\u00e4ren trodde att Felix skulle f\u00e5 leva med bara tofsar p\u00e5 ryggen. <img loading=\"lazy\" class=\"alignnone size-medium wp-image-79072\" src=\"http:\/\/www.filindeblogg.nu\/wp-content\/uploads\/2019\/06\/IMG_1171-202x300.jpg\" alt=\"\" width=\"202\" height=\"300\" srcset=\"http:\/\/www.filindeblogg.nu\/wp-content\/uploads\/2019\/06\/IMG_1171-202x300.jpg 202w, http:\/\/www.filindeblogg.nu\/wp-content\/uploads\/2019\/06\/IMG_1171.jpg 375w\" sizes=\"(max-width: 202px) 100vw, 202px\" \/> Jag fick r\u00e5det att sm\u00f6rja in hans bara rygg med <strong>Solosun<\/strong>:<img loading=\"lazy\" class=\"alignnone  wp-image-79073\" src=\"http:\/\/www.filindeblogg.nu\/wp-content\/uploads\/2019\/06\/solosun-250-g-0.jpg\" alt=\"\" width=\"72\" height=\"196\" \/><br \/>\n&#8221;<em>Solosun \u00e4r en solskyddssalva med solskyddsfaktor 10 f\u00f6r djur. Solosun skyddar mot solens br\u00e4nnande och uttorkande UVA- och UVB-str\u00e5lar som kan orsaka sveda och soleksem.&#8221;<\/em><\/p>\n<p>Huden blev mindre torr OCH nu &#8211; efter sju m\u00e5nader v\u00e4xer p\u00e4lsen ut igen!! <img loading=\"lazy\" class=\"alignnone size-medium wp-image-79075\" src=\"http:\/\/www.filindeblogg.nu\/wp-content\/uploads\/2019\/06\/IMG_1179-Kopia-226x300.jpg\" alt=\"\" width=\"226\" height=\"300\" srcset=\"http:\/\/www.filindeblogg.nu\/wp-content\/uploads\/2019\/06\/IMG_1179-Kopia-226x300.jpg 226w, http:\/\/www.filindeblogg.nu\/wp-content\/uploads\/2019\/06\/IMG_1179-Kopia.jpg 375w\" sizes=\"(max-width: 226px) 100vw, 226px\" \/> Underbart!! Inte undra p\u00e5 att Felix ser s\u00e5 h\u00e4r f\u00f6rn\u00f6jd ut! <img loading=\"lazy\" class=\"alignnone size-medium wp-image-79076\" src=\"http:\/\/www.filindeblogg.nu\/wp-content\/uploads\/2019\/06\/IMG_1178-1-300x233.jpg\" alt=\"\" width=\"300\" height=\"233\" srcset=\"http:\/\/www.filindeblogg.nu\/wp-content\/uploads\/2019\/06\/IMG_1178-1-300x233.jpg 300w, http:\/\/www.filindeblogg.nu\/wp-content\/uploads\/2019\/06\/IMG_1178-1.jpg 483w\" sizes=\"(max-width: 300px) 100vw, 300px\" \/><\/p>\n<p>Nu \u00f6ver till n\u00e5got helt annat, som man s\u00e4ger.\u00a0<img loading=\"lazy\" class=\"alignnone size-medium wp-image-79077\" src=\"http:\/\/www.filindeblogg.nu\/wp-content\/uploads\/2019\/06\/IMG_0815-247x300.jpg\" alt=\"\" width=\"247\" height=\"300\" srcset=\"http:\/\/www.filindeblogg.nu\/wp-content\/uploads\/2019\/06\/IMG_0815-247x300.jpg 247w, http:\/\/www.filindeblogg.nu\/wp-content\/uploads\/2019\/06\/IMG_0815.jpg 619w\" sizes=\"(max-width: 247px) 100vw, 247px\" \/> Hijab! Ha \u00e5sikter om denna huvudbonad och du s\u00e4tter fart p\u00e5 de sociala medier du vistas p\u00e5!!<\/p>\n<p><img loading=\"lazy\" class=\"alignnone size-full wp-image-79078\" src=\"http:\/\/www.filindeblogg.nu\/wp-content\/uploads\/2019\/06\/Feminist-hand.jpg\" alt=\"\" width=\"224\" height=\"224\" srcset=\"http:\/\/www.filindeblogg.nu\/wp-content\/uploads\/2019\/06\/Feminist-hand.jpg 224w, http:\/\/www.filindeblogg.nu\/wp-content\/uploads\/2019\/06\/Feminist-hand-150x150.jpg 150w, http:\/\/www.filindeblogg.nu\/wp-content\/uploads\/2019\/06\/Feminist-hand-144x144.jpg 144w\" sizes=\"(max-width: 224px) 100vw, 224px\" \/>\u00a0Och det hj\u00e4lper inte att man uttrycker sig i ordalag som j\u00e4mst\u00e4lldhet, frihet, r\u00e4tten att sj\u00e4lv v\u00e4lja vad man vill ha p\u00e5 sig eller inte &#8211; man \u00e4r lik f\u00f6rbannat islamofob&#8230; S\u00c5 tr\u00e5kigt!<\/p>\n<p>En del kvinnor kan blir riktigt uppr\u00f6rda \u00f6ver mig och mina \u00e5sikter d\u00e5. Jag f\u00f6rst\u00e5r inte riktigt hur den sortens kvinnor t\u00e4nker och som dessutom kallar sig feminister! HUR kan det vara okey att i Sverige &#8211; v\u00e5rt j\u00e4mst\u00e4llda land &#8211; blunda f\u00f6r s\u00e5dant h\u00e4r: <img loading=\"lazy\" class=\"alignnone size-medium wp-image-79079\" src=\"http:\/\/www.filindeblogg.nu\/wp-content\/uploads\/2019\/06\/Muslimsk-kvinna-och-man-300x200.jpg\" alt=\"\" width=\"300\" height=\"200\" srcset=\"http:\/\/www.filindeblogg.nu\/wp-content\/uploads\/2019\/06\/Muslimsk-kvinna-och-man-300x200.jpg 300w, http:\/\/www.filindeblogg.nu\/wp-content\/uploads\/2019\/06\/Muslimsk-kvinna-och-man.jpg 500w\" sizes=\"(max-width: 300px) 100vw, 300px\" \/> (Foto via Google).<br \/>\nEn varm sommardag &#8211; mannen i kort\u00e4rmat och kvinnan i svart t\u00e4lt!<\/p>\n<p>HUR kan detta f\u00f6rsvaras av en del feminister! HUR kan det vara fel att reagera p\u00e5 detta i j\u00e4mst\u00e4lldhetens namn?\u00a0<img loading=\"lazy\" class=\"alignnone size-medium wp-image-79081\" src=\"http:\/\/www.filindeblogg.nu\/wp-content\/uploads\/2019\/06\/Feminism-300x150.jpg\" alt=\"\" width=\"300\" height=\"150\" srcset=\"http:\/\/www.filindeblogg.nu\/wp-content\/uploads\/2019\/06\/Feminism-300x150.jpg 300w, http:\/\/www.filindeblogg.nu\/wp-content\/uploads\/2019\/06\/Feminism.jpg 318w\" sizes=\"(max-width: 300px) 100vw, 300px\" \/> HUR kan kvinnor blir f\u00f6rbannade p\u00e5 andra kvinnor f\u00f6r att vi tar upp en s\u00e5dan h\u00e4r oj\u00e4mlik och kr\u00e4nkande sak?<\/p>\n<p>M\u00e4n ska INTE f\u00f6rtrycka kvinnor i religionens namn och inte p\u00e5 andra s\u00e4tt heller! Det handlar om att alla m\u00e4nniskor &#8211; \u00e4ven kvinnor &#8211; har m\u00e4nskliga r\u00e4ttigheter!<\/p>\n<p><img loading=\"lazy\" class=\"size-medium wp-image-79080 aligncenter\" src=\"http:\/\/www.filindeblogg.nu\/wp-content\/uploads\/2019\/06\/Feminism-human-rights-300x139.jpg\" alt=\"\" width=\"300\" height=\"139\" srcset=\"http:\/\/www.filindeblogg.nu\/wp-content\/uploads\/2019\/06\/Feminism-human-rights-300x139.jpg 300w, http:\/\/www.filindeblogg.nu\/wp-content\/uploads\/2019\/06\/Feminism-human-rights.jpg 330w\" sizes=\"(max-width: 300px) 100vw, 300px\" \/><\/p>\n<p>Tar man upp det faktum att vissa kvinnor g\u00e5r kl\u00e4dda s\u00e5 h\u00e4r: <img loading=\"lazy\" class=\"alignnone size-medium wp-image-79082\" src=\"http:\/\/www.filindeblogg.nu\/wp-content\/uploads\/2019\/06\/Kvinnor-helt\u00e4ckta-300x200.jpg\" alt=\"\" width=\"300\" height=\"200\" srcset=\"http:\/\/www.filindeblogg.nu\/wp-content\/uploads\/2019\/06\/Kvinnor-helt\u00e4ckta-300x200.jpg 300w, http:\/\/www.filindeblogg.nu\/wp-content\/uploads\/2019\/06\/Kvinnor-helt\u00e4ckta-768x512.jpg 768w, http:\/\/www.filindeblogg.nu\/wp-content\/uploads\/2019\/06\/Kvinnor-helt\u00e4ckta-1024x682.jpg 1024w, http:\/\/www.filindeblogg.nu\/wp-content\/uploads\/2019\/06\/Kvinnor-helt\u00e4ckta.jpg 2000w\" sizes=\"(max-width: 300px) 100vw, 300px\" \/> S\u00e5 kan man f\u00e5 de mest bisarra kommentarer. Fr\u00e5n kvinnor!<\/p>\n<p>Att det \u00e4r lika fel att g\u00e5 kl\u00e4dd s\u00e5 h\u00e4r: <img loading=\"lazy\" class=\"alignnone size-full wp-image-79083\" src=\"http:\/\/www.filindeblogg.nu\/wp-content\/uploads\/2019\/06\/Kortkort.jpg\" alt=\"\" width=\"192\" height=\"262\" \/> Eller s\u00e5 h\u00e4r: <img loading=\"lazy\" class=\"alignnone size-medium wp-image-79085\" src=\"http:\/\/www.filindeblogg.nu\/wp-content\/uploads\/2019\/06\/Urringat-1-1-218x300.jpg\" alt=\"\" width=\"218\" height=\"300\" srcset=\"http:\/\/www.filindeblogg.nu\/wp-content\/uploads\/2019\/06\/Urringat-1-1-218x300.jpg 218w, http:\/\/www.filindeblogg.nu\/wp-content\/uploads\/2019\/06\/Urringat-1-1.jpg 480w\" sizes=\"(max-width: 218px) 100vw, 218px\" \/><br \/>\nMen inte s\u00e5 h\u00e4r&#8230; <img loading=\"lazy\" class=\"alignnone size-medium wp-image-79086\" src=\"http:\/\/www.filindeblogg.nu\/wp-content\/uploads\/2019\/06\/H\u00f6ghalsad-tr\u00f6ja-225x300.jpg\" alt=\"\" width=\"225\" height=\"300\" srcset=\"http:\/\/www.filindeblogg.nu\/wp-content\/uploads\/2019\/06\/H\u00f6ghalsad-tr\u00f6ja-225x300.jpg 225w, http:\/\/www.filindeblogg.nu\/wp-content\/uploads\/2019\/06\/H\u00f6ghalsad-tr\u00f6ja-768x1024.jpg 768w, http:\/\/www.filindeblogg.nu\/wp-content\/uploads\/2019\/06\/H\u00f6ghalsad-tr\u00f6ja.jpg 900w\" sizes=\"(max-width: 225px) 100vw, 225px\" \/><\/p>\n<p>Men var g\u00e5r d\u00e5 gr\u00e4nsen?? HUR kort &#8221;f\u00e5r man ha p\u00e5 sig&#8221; och HUR urringat?? \u00c4r det h\u00e4r f\u00f6r mycket?? <img loading=\"lazy\" class=\"alignnone size-medium wp-image-79087\" src=\"http:\/\/www.filindeblogg.nu\/wp-content\/uploads\/2019\/06\/Urringat-2-300x300.jpg\" alt=\"\" width=\"300\" height=\"300\" srcset=\"http:\/\/www.filindeblogg.nu\/wp-content\/uploads\/2019\/06\/Urringat-2-300x300.jpg 300w, http:\/\/www.filindeblogg.nu\/wp-content\/uploads\/2019\/06\/Urringat-2-150x150.jpg 150w, http:\/\/www.filindeblogg.nu\/wp-content\/uploads\/2019\/06\/Urringat-2-144x144.jpg 144w, http:\/\/www.filindeblogg.nu\/wp-content\/uploads\/2019\/06\/Urringat-2.jpg 600w\" sizes=\"(max-width: 300px) 100vw, 300px\" \/> OCH &#8211; vem best\u00e4mmer det??<\/p>\n<p>Jag har t o m f\u00e5tt kommentarer fr\u00e5n kvinnor som p\u00e5st\u00e5r att det \u00e4r m\u00e4n som best\u00e4mmer att kvinnorna ska ha &#8221;f\u00f6r lite p\u00e5 sig&#8221;! Att dessa stackars kvinnor \u00e4r tvingade av m\u00e4n till att b\u00e4ra korta, sn\u00e4va kjolar och dekolletage!!!<br \/>\nHur bisarra k\u00e4nns inte s\u00e5dana p\u00e5st\u00e5enden!!<\/p>\n<p>D\u00c5 kan man b\u00f6rja t\u00e4nka p\u00e5 det h\u00e4r: <img loading=\"lazy\" class=\"alignnone size-full wp-image-79132\" src=\"http:\/\/www.filindeblogg.nu\/wp-content\/uploads\/2019\/06\/F\u00f6rbud-mot-m\u00e4n-Kopia.jpg\" alt=\"\" width=\"153\" height=\"164\" \/>Att vissa kvinnor inte riktigt gillar m\u00e4n &#8211; \u00f6ver huvud taget. <img loading=\"lazy\" class=\"alignnone size-full wp-image-79089\" src=\"http:\/\/www.filindeblogg.nu\/wp-content\/uploads\/2019\/06\/I-dont-hate-men.jpg\" alt=\"\" width=\"225\" height=\"225\" srcset=\"http:\/\/www.filindeblogg.nu\/wp-content\/uploads\/2019\/06\/I-dont-hate-men.jpg 225w, http:\/\/www.filindeblogg.nu\/wp-content\/uploads\/2019\/06\/I-dont-hate-men-150x150.jpg 150w, http:\/\/www.filindeblogg.nu\/wp-content\/uploads\/2019\/06\/I-dont-hate-men-144x144.jpg 144w\" sizes=\"(max-width: 225px) 100vw, 225px\" \/><\/p>\n<p>Att det liksom inte spelar n\u00e5gon roll hur m\u00e4n beter sig\u00a0 &#8211; vare sig bra eller d\u00e5ligt. Och oavsett vilken man det handlar om. F\u00f6r ALLT vad m\u00e4n g\u00f6r och ALLT vad m\u00e4n s\u00e4ger \u00e4r FEL! <img loading=\"lazy\" class=\"alignnone  wp-image-79132\" src=\"http:\/\/www.filindeblogg.nu\/wp-content\/uploads\/2019\/06\/F\u00f6rbud-mot-m\u00e4n-Kopia.jpg\" alt=\"\" width=\"55\" height=\"59\" \/><img loading=\"lazy\" class=\"alignnone size-medium wp-image-79090\" src=\"http:\/\/www.filindeblogg.nu\/wp-content\/uploads\/2019\/06\/All-men-are-idiots-300x193.jpg\" alt=\"\" width=\"300\" height=\"193\" srcset=\"http:\/\/www.filindeblogg.nu\/wp-content\/uploads\/2019\/06\/All-men-are-idiots-300x193.jpg 300w, http:\/\/www.filindeblogg.nu\/wp-content\/uploads\/2019\/06\/All-men-are-idiots.jpg 539w\" sizes=\"(max-width: 300px) 100vw, 300px\" \/><\/p>\n<p>Som att vissla uppskattande efter en kvinna som g\u00e5r f\u00f6rbi.\u00a0<img loading=\"lazy\" class=\"alignnone size-medium wp-image-79091\" src=\"http:\/\/www.filindeblogg.nu\/wp-content\/uploads\/2019\/06\/Okej-nur\u00e5-300x251.jpg\" alt=\"\" width=\"300\" height=\"251\" srcset=\"http:\/\/www.filindeblogg.nu\/wp-content\/uploads\/2019\/06\/Okej-nur\u00e5-300x251.jpg 300w, http:\/\/www.filindeblogg.nu\/wp-content\/uploads\/2019\/06\/Okej-nur\u00e5.jpg 468w\" sizes=\"(max-width: 300px) 100vw, 300px\" \/> Det \u00e4r S\u00c5 FEL! USCH OCH FY!!<br \/>\nVarf\u00f6r d\u00e5?<br \/>\nJo, en del anser att det \u00e4r sexuellt v\u00e5ld!! <img loading=\"lazy\" class=\"alignnone size-medium wp-image-79093\" src=\"http:\/\/www.filindeblogg.nu\/wp-content\/uploads\/2019\/06\/M\u00e4rkligt-300x150.jpg\" alt=\"\" width=\"300\" height=\"150\" srcset=\"http:\/\/www.filindeblogg.nu\/wp-content\/uploads\/2019\/06\/M\u00e4rkligt-300x150.jpg 300w, http:\/\/www.filindeblogg.nu\/wp-content\/uploads\/2019\/06\/M\u00e4rkligt.jpg 318w\" sizes=\"(max-width: 300px) 100vw, 300px\" \/> Helt otroligt&#8230;<\/p>\n<p>Var g\u00e5r gr\u00e4nsen liksom? HUR ska m\u00e4n f\u00e5 kontakt?<\/p>\n<p>Se f\u00f6r fan till n\u00e4r, var och hur du visslar p\u00e5 den d\u00e4r favoritl\u00e5ten du har &#8211; det KAN uppfattas kr\u00e4nkande!! <img loading=\"lazy\" class=\"alignnone size-medium wp-image-79094\" src=\"http:\/\/www.filindeblogg.nu\/wp-content\/uploads\/2019\/06\/Man-som-visslar-300x293.jpg\" alt=\"\" width=\"300\" height=\"293\" srcset=\"http:\/\/www.filindeblogg.nu\/wp-content\/uploads\/2019\/06\/Man-som-visslar-300x293.jpg 300w, http:\/\/www.filindeblogg.nu\/wp-content\/uploads\/2019\/06\/Man-som-visslar-768x750.jpg 768w, http:\/\/www.filindeblogg.nu\/wp-content\/uploads\/2019\/06\/Man-som-visslar.jpg 1000w\" sizes=\"(max-width: 300px) 100vw, 300px\" \/><br \/>\nSexuellt v\u00e5ld&#8230; <img loading=\"lazy\" class=\"alignnone  wp-image-79139\" src=\"http:\/\/www.filindeblogg.nu\/wp-content\/uploads\/2019\/06\/Himla-med-\u00f6gonen.jpg\" alt=\"\" width=\"55\" height=\"48\" \/><\/p>\n<p>\u00c4r det j\u00e4mst\u00e4lldhet? \u00c4r det feminism? Handlar kampen om att f\u00f6rtrycka och kr\u00e4nka tillbaka?<br \/>\nDet \u00e4r i alla fall inte min feminism och min j\u00e4mst\u00e4lldhet!<\/p>\n<p>Hur kan catcalling vara v\u00e5ld och f\u00f6rtryck &#8211; och inte det h\u00e4r: <img loading=\"lazy\" class=\"alignnone size-medium wp-image-79095\" src=\"http:\/\/www.filindeblogg.nu\/wp-content\/uploads\/2019\/06\/Prison-guard-300x215.jpg\" alt=\"\" width=\"300\" height=\"215\" srcset=\"http:\/\/www.filindeblogg.nu\/wp-content\/uploads\/2019\/06\/Prison-guard-300x215.jpg 300w, http:\/\/www.filindeblogg.nu\/wp-content\/uploads\/2019\/06\/Prison-guard.jpg 600w\" sizes=\"(max-width: 300px) 100vw, 300px\" \/> Mycket m\u00e4rklig inst\u00e4llning hos vissa feminister.<\/p>\n<p>Islamofob \u00e4r jag allts\u00e5 nu &#8211; men blir ocks\u00e5 kallad rasist! F\u00f6r det finns fler saker man inte f\u00e5r prata om och det handlar om antalet m\u00e4nniskor som invandrar hit.<br \/>\nJag bes\u00f6kte nyligen F\u00f6rs\u00e4kringskassans kontor i <strong>V\u00e4ster\u00e5s<\/strong>. Det var kaos d\u00e4r. Hur mycket folk som helst k\u00f6ade f\u00f6r bidrag. Och &#8211; det som man inte f\u00e5r s\u00e4ga &#8211; 95 % var m\u00e4nniskor utan s k svenskt utseende.<br \/>\nDet var gravida mammor med 5 barn och det var m\u00e4n.<\/p>\n<p>DET f\u00e5r man inte skriva eller prata om f\u00f6r d\u00e5 \u00e4r man <img loading=\"lazy\" class=\"alignnone size-full wp-image-79096\" src=\"http:\/\/www.filindeblogg.nu\/wp-content\/uploads\/2019\/06\/Rasse-Kopia.jpg\" alt=\"\" width=\"88\" height=\"29\" \/><\/p>\n<p>Men det handlar inte om vilka m\u00e4nniskor det \u00e4r som kommer hit! Vilket etniskt ursprung eller religion de har! Det handlar om det h\u00e4r: <img loading=\"lazy\" class=\"alignnone size-medium wp-image-79097\" src=\"http:\/\/www.filindeblogg.nu\/wp-content\/uploads\/2019\/06\/Massor-av-pengar-300x169.jpg\" alt=\"\" width=\"300\" height=\"169\" srcset=\"http:\/\/www.filindeblogg.nu\/wp-content\/uploads\/2019\/06\/Massor-av-pengar-300x169.jpg 300w, http:\/\/www.filindeblogg.nu\/wp-content\/uploads\/2019\/06\/Massor-av-pengar-768x432.jpg 768w, http:\/\/www.filindeblogg.nu\/wp-content\/uploads\/2019\/06\/Massor-av-pengar.jpg 800w\" sizes=\"(max-width: 300px) 100vw, 300px\" \/> Pengar!<\/p>\n<p>Hur pengarna ska r\u00e4cka. Mycket enkelt faktiskt &#8211; och jag har skrivit om det tidigare. Enkel matematik. Vi betalar in skatt f\u00f6r att pengarna sen via staten ska g\u00e5 till bidrag av olika slag. MEN &#8211; f\u00f6r att det ska finnas pengar s\u00e5 m\u00e5ste det betalas in skatt ocks\u00e5! D\u00c4R har vi problemet: <img loading=\"lazy\" class=\"alignnone size-full wp-image-79098\" src=\"http:\/\/www.filindeblogg.nu\/wp-content\/uploads\/2019\/06\/Pl\u00e5nbok.jpg\" alt=\"\" width=\"225\" height=\"225\" srcset=\"http:\/\/www.filindeblogg.nu\/wp-content\/uploads\/2019\/06\/Pl\u00e5nbok.jpg 225w, http:\/\/www.filindeblogg.nu\/wp-content\/uploads\/2019\/06\/Pl\u00e5nbok-150x150.jpg 150w, http:\/\/www.filindeblogg.nu\/wp-content\/uploads\/2019\/06\/Pl\u00e5nbok-144x144.jpg 144w\" sizes=\"(max-width: 225px) 100vw, 225px\" \/>Pl\u00e5nboken! Svenska statens pl\u00e5nbok! Den m\u00e5ste regelbundet fyllas p\u00e5! Och ju fler som beh\u00f6ver bidrag &#8211; ju mer pengar m\u00e5ste komma in i pl\u00e5nboken.<br \/>\nBlir det obalans &#8211; d.v.s. f\u00e4rre m\u00e4nniskor jobbar och betalar skatt &#8211; och fler lever p\u00e5 bidrag &#8211; s\u00e5 blir det till slut s\u00e5 h\u00e4r: <img loading=\"lazy\" class=\"alignnone size-full wp-image-79099\" src=\"http:\/\/www.filindeblogg.nu\/wp-content\/uploads\/2019\/06\/Pl\u00e5bok-utan-pengar.jpg\" alt=\"\" width=\"248\" height=\"204\" \/> Tom pl\u00e5nbok!<\/p>\n<p>Enkel matematik och har ingenting med rasism att g\u00f6ra! MEN att inte till\u00e5tas prata om dessa ekonomiska problem ger bara Jimmie och hans bedr\u00f6vliga g\u00e4ng fler medlemmar: <img loading=\"lazy\" class=\"alignnone size-medium wp-image-79100\" src=\"http:\/\/www.filindeblogg.nu\/wp-content\/uploads\/2019\/06\/Rasist-SD-300x198.jpg\" alt=\"\" width=\"300\" height=\"198\" srcset=\"http:\/\/www.filindeblogg.nu\/wp-content\/uploads\/2019\/06\/Rasist-SD-300x198.jpg 300w, http:\/\/www.filindeblogg.nu\/wp-content\/uploads\/2019\/06\/Rasist-SD-768x507.jpg 768w, http:\/\/www.filindeblogg.nu\/wp-content\/uploads\/2019\/06\/Rasist-SD-1024x675.jpg 1024w, http:\/\/www.filindeblogg.nu\/wp-content\/uploads\/2019\/06\/Rasist-SD.jpg 1040w\" sizes=\"(max-width: 300px) 100vw, 300px\" \/><\/p>\n<p>Och det g\u00e5r liksom inte att prata om det p\u00e5 ett vettigt s\u00e4tt &#8211; f\u00f6r &#8221;dom som vet&#8221; har redan best\u00e4mt sig: <img loading=\"lazy\" class=\"alignnone size-full wp-image-79106\" src=\"http:\/\/www.filindeblogg.nu\/wp-content\/uploads\/2019\/06\/Jag-\u00e4r-inte-rasist-men.jpg\" alt=\"\" width=\"275\" height=\"183\" \/><\/p>\n<p>S\u00c5 sorgligt! Och S\u00c5 f\u00f6r\u00f6dande! Genom att blunda f\u00f6r verkligheten som den \u00e4r och m\u00e5la in sig i ett h\u00f6rn &#8211; kommer det att ta HUR L\u00c5NG TID SOM HELST innan vi n\u00e5r j\u00e4mst\u00e4lldhet, demokrati och r\u00e4ttvisa.<\/p>\n<p><img loading=\"lazy\" class=\"alignnone size-full wp-image-79101\" src=\"http:\/\/www.filindeblogg.nu\/wp-content\/uploads\/2019\/06\/Rasse.jpg\" alt=\"\" width=\"125\" height=\"95\" \/>\u00a0S\u00e5 nu \u00e4r jag b\u00e5de islamofob och en j\u00e4vla rasist. Visst \u00e4r det m\u00e4rkligt!<br \/>\nJag som vurmar f\u00f6r alla m\u00e4nniskor lika v\u00e4rde och som dessutom f\u00f6rst\u00e5r lite matematik \u00e4ven om jag ocks\u00e5 har ett gener\u00f6st och varmt hj\u00e4rta.<\/p>\n<p>Och som gillar filmer som den h\u00e4r: <img loading=\"lazy\" class=\"alignnone size-medium wp-image-79103\" src=\"http:\/\/www.filindeblogg.nu\/wp-content\/uploads\/2019\/06\/IMG_1151-215x300.jpg\" alt=\"\" width=\"215\" height=\"300\" srcset=\"http:\/\/www.filindeblogg.nu\/wp-content\/uploads\/2019\/06\/IMG_1151-215x300.jpg 215w, http:\/\/www.filindeblogg.nu\/wp-content\/uploads\/2019\/06\/IMG_1151.jpg 696w\" sizes=\"(max-width: 215px) 100vw, 215px\" \/> <strong>Green Book!<\/strong> Se den! <img loading=\"lazy\" class=\"alignnone size-medium wp-image-79104\" src=\"http:\/\/www.filindeblogg.nu\/wp-content\/uploads\/2019\/06\/IMG_1153-300x171.jpg\" alt=\"\" width=\"300\" height=\"171\" srcset=\"http:\/\/www.filindeblogg.nu\/wp-content\/uploads\/2019\/06\/IMG_1153-300x171.jpg 300w, http:\/\/www.filindeblogg.nu\/wp-content\/uploads\/2019\/06\/IMG_1153.jpg 738w\" sizes=\"(max-width: 300px) 100vw, 300px\" \/> Filmen tar upp rasism &#8211; verklig rasism. MYCKET sev\u00e4rd! Rekommenderas!<\/p>\n<p>Fina bilar \u00e4r det i filmen ocks\u00e5! \ud83d\ude42<\/p>\n<p><img loading=\"lazy\" class=\"size-medium wp-image-79105 aligncenter\" src=\"http:\/\/www.filindeblogg.nu\/wp-content\/uploads\/2019\/06\/IMG_1152-300x147.jpg\" alt=\"\" width=\"300\" height=\"147\" srcset=\"http:\/\/www.filindeblogg.nu\/wp-content\/uploads\/2019\/06\/IMG_1152-300x147.jpg 300w, http:\/\/www.filindeblogg.nu\/wp-content\/uploads\/2019\/06\/IMG_1152.jpg 651w\" sizes=\"(max-width: 300px) 100vw, 300px\" \/><\/p>\n<p>Lite annat p\u00e5 sluttampen! Det h\u00e4r!<\/p>\n<p><img loading=\"lazy\" class=\"size-medium wp-image-79107 aligncenter\" src=\"http:\/\/www.filindeblogg.nu\/wp-content\/uploads\/2019\/06\/IMG_1218-260x300.jpg\" alt=\"\" width=\"260\" height=\"300\" srcset=\"http:\/\/www.filindeblogg.nu\/wp-content\/uploads\/2019\/06\/IMG_1218-260x300.jpg 260w, http:\/\/www.filindeblogg.nu\/wp-content\/uploads\/2019\/06\/IMG_1218.jpg 375w\" sizes=\"(max-width: 260px) 100vw, 260px\" \/>Min gamla tullstuga \u00e4r nu s\u00e5ld! Jag hoppas att den nye \u00e4garen kommer att njuta och m\u00e5 riktigt gott i detta fina lilla hus!<\/p>\n<p>En bok jag nyss k\u00f6pt! <img loading=\"lazy\" class=\"alignnone size-medium wp-image-79108\" src=\"http:\/\/www.filindeblogg.nu\/wp-content\/uploads\/2019\/06\/IMG_0998-225x300.jpg\" alt=\"\" width=\"225\" height=\"300\" srcset=\"http:\/\/www.filindeblogg.nu\/wp-content\/uploads\/2019\/06\/IMG_0998-225x300.jpg 225w, http:\/\/www.filindeblogg.nu\/wp-content\/uploads\/2019\/06\/IMG_0998.jpg 756w\" sizes=\"(max-width: 225px) 100vw, 225px\" \/> Skyll p\u00e5 <strong>\u00c5ke Edwardson<\/strong> som i en av sina deckare skriver om kokboken! S\u00e5 den fick jag ju lov att best\u00e4lla! \ud83d\ude42 <img loading=\"lazy\" class=\"alignnone size-medium wp-image-79109\" src=\"http:\/\/www.filindeblogg.nu\/wp-content\/uploads\/2019\/06\/IMG_0999-225x300.jpg\" alt=\"\" width=\"225\" height=\"300\" srcset=\"http:\/\/www.filindeblogg.nu\/wp-content\/uploads\/2019\/06\/IMG_0999-225x300.jpg 225w, http:\/\/www.filindeblogg.nu\/wp-content\/uploads\/2019\/06\/IMG_0999.jpg 378w\" sizes=\"(max-width: 225px) 100vw, 225px\" \/><\/p>\n<p>Passar mig precis! <img loading=\"lazy\" class=\"alignnone size-medium wp-image-79110\" src=\"http:\/\/www.filindeblogg.nu\/wp-content\/uploads\/2019\/06\/IMG_1001-216x300.jpg\" alt=\"\" width=\"216\" height=\"300\" srcset=\"http:\/\/www.filindeblogg.nu\/wp-content\/uploads\/2019\/06\/IMG_1001-216x300.jpg 216w, http:\/\/www.filindeblogg.nu\/wp-content\/uploads\/2019\/06\/IMG_1001-738x1024.jpg 738w, http:\/\/www.filindeblogg.nu\/wp-content\/uploads\/2019\/06\/IMG_1001.jpg 750w\" sizes=\"(max-width: 216px) 100vw, 216px\" \/><em>&#8230;the perfect gift for the big boss of your family whoever he (or she) may be.&#8221;<img loading=\"lazy\" class=\"alignnone  wp-image-78859\" src=\"http:\/\/www.filindeblogg.nu\/wp-content\/uploads\/2019\/04\/Tummen-upp.jpg\" alt=\"\" width=\"59\" height=\"59\" srcset=\"http:\/\/www.filindeblogg.nu\/wp-content\/uploads\/2019\/04\/Tummen-upp.jpg 225w, http:\/\/www.filindeblogg.nu\/wp-content\/uploads\/2019\/04\/Tummen-upp-150x150.jpg 150w, http:\/\/www.filindeblogg.nu\/wp-content\/uploads\/2019\/04\/Tummen-upp-144x144.jpg 144w\" sizes=\"(max-width: 59px) 100vw, 59px\" \/><\/em><\/p>\n<p>M\u00e4rkligt v\u00e4der \u00e4r det ocks\u00e5! <img loading=\"lazy\" class=\"alignnone size-medium wp-image-79113\" src=\"http:\/\/www.filindeblogg.nu\/wp-content\/uploads\/2019\/06\/IMG_0961-225x300.jpg\" alt=\"\" width=\"225\" height=\"300\" srcset=\"http:\/\/www.filindeblogg.nu\/wp-content\/uploads\/2019\/06\/IMG_0961-225x300.jpg 225w, http:\/\/www.filindeblogg.nu\/wp-content\/uploads\/2019\/06\/IMG_0961.jpg 303w\" sizes=\"(max-width: 225px) 100vw, 225px\" \/>\u00a0 Stekande solsken och \u00f6ver 30 grader &#8211; f\u00f6r att i n\u00e4sta stund vr\u00e4ka ner regn! <img loading=\"lazy\" class=\"alignnone size-medium wp-image-79112\" src=\"http:\/\/www.filindeblogg.nu\/wp-content\/uploads\/2019\/06\/IMG_0776-225x300.jpg\" alt=\"\" width=\"225\" height=\"300\" srcset=\"http:\/\/www.filindeblogg.nu\/wp-content\/uploads\/2019\/06\/IMG_0776-225x300.jpg 225w, http:\/\/www.filindeblogg.nu\/wp-content\/uploads\/2019\/06\/IMG_0776.jpg 681w\" sizes=\"(max-width: 225px) 100vw, 225px\" \/><\/p>\n<p>Men s\u00e5 mycket vackert som v\u00e4xer i detta solsken kombinerat med regnskurar!<\/p>\n<p><img loading=\"lazy\" class=\"wp-image-79111 aligncenter\" src=\"http:\/\/www.filindeblogg.nu\/wp-content\/uploads\/2019\/06\/IMG_0775-227x300.jpg\" alt=\"\" width=\"227\" height=\"300\" srcset=\"http:\/\/www.filindeblogg.nu\/wp-content\/uploads\/2019\/06\/IMG_0775-227x300.jpg 227w, http:\/\/www.filindeblogg.nu\/wp-content\/uploads\/2019\/06\/IMG_0775.jpg 375w\" sizes=\"(max-width: 227px) 100vw, 227px\" \/><\/p>\n<p>Men jag \u00e5ker snart till England &#8211; d\u00e4r \u00e4r v\u00e4dret mer stabilt&#8230; <img loading=\"lazy\" class=\"alignnone  wp-image-79037\" src=\"http:\/\/www.filindeblogg.nu\/wp-content\/uploads\/2019\/05\/Blinkande-smiley.jpg\" alt=\"\" width=\"53\" height=\"56\" \/><\/p>\n<p><img loading=\"lazy\" class=\"size-medium wp-image-79114 aligncenter\" src=\"http:\/\/www.filindeblogg.nu\/wp-content\/uploads\/2019\/06\/IMG_0732-225x300.jpg\" alt=\"\" width=\"225\" height=\"300\" srcset=\"http:\/\/www.filindeblogg.nu\/wp-content\/uploads\/2019\/06\/IMG_0732-225x300.jpg 225w, http:\/\/www.filindeblogg.nu\/wp-content\/uploads\/2019\/06\/IMG_0732.jpg 378w\" sizes=\"(max-width: 225px) 100vw, 225px\" \/><strong>60ths Weekend<\/strong> med massor av h\u00e4rlig musik och gamla bilar. Dessutom kommer b\u00e5de <strong>Gina och David (Tricia Penrose och David Lonsdale)<\/strong> fr\u00e5n TV-serien <strong>&#8221;Tillbaka till Aidensfield&#8221; (Heartbeat)<\/strong> till <strong>Goathland i North Yorkshire.<\/strong> <strong>ABSOLUTELY AWESOME!!!<\/strong><\/p>\n<p>Och s\u00e5 en bild fr\u00e5n en sommar fr\u00e5n f\u00f6rr:<\/p>\n<p><img loading=\"lazy\" class=\"size-medium wp-image-79115 aligncenter\" src=\"http:\/\/www.filindeblogg.nu\/wp-content\/uploads\/2019\/06\/Livet-p\u00e5-landet-1-300x225.jpg\" alt=\"\" width=\"300\" height=\"225\" srcset=\"http:\/\/www.filindeblogg.nu\/wp-content\/uploads\/2019\/06\/Livet-p\u00e5-landet-1-300x225.jpg 300w, http:\/\/www.filindeblogg.nu\/wp-content\/uploads\/2019\/06\/Livet-p\u00e5-landet-1-768x576.jpg 768w, http:\/\/www.filindeblogg.nu\/wp-content\/uploads\/2019\/06\/Livet-p\u00e5-landet-1.jpg 800w\" sizes=\"(max-width: 300px) 100vw, 300px\" \/>Det \u00e4r m\u00f6jligen kaffepaus i h\u00f6b\u00e4rgningen. Platsen \u00e4r <strong>Regna i norra \u00d6sterg\u00f6tland<\/strong>. Fr\u00e5n v\u00e4nster n\u00e4rmast i bild ses min kusin <strong>Torbj\u00f6rn<\/strong>, min <strong>mormor Edith <\/strong>med hatten lite k\u00e4ckt p\u00e5 sned<strong>, morfar Edvin<\/strong> i bl\u00e5byxor och till h\u00f6ger sitter jag som liten tjej i vit h\u00e4tta. Till v\u00e4nster om mig min kusin <strong>Per-Uno<\/strong> och till h\u00f6ger &#8211; min <strong>mamma Hj\u00f6rdis<\/strong>. L\u00e4ngst bak sitter min moster <strong>Doris<\/strong>.<br \/>\nTill v\u00e4nster i bild, l\u00e4ngre bak, sitter <strong>pappa G\u00f6te<\/strong>. Fotot \u00e4r f\u00f6rmodligen taget av min morbror <strong>Bj\u00f6rn.<\/strong><\/p>\n<p>Och h\u00e4r \u00e4r jag nu: <img loading=\"lazy\" class=\"alignnone size-medium wp-image-79116\" src=\"http:\/\/www.filindeblogg.nu\/wp-content\/uploads\/2019\/06\/IMG_1358-1-142x300.jpg\" alt=\"\" width=\"142\" height=\"300\" srcset=\"http:\/\/www.filindeblogg.nu\/wp-content\/uploads\/2019\/06\/IMG_1358-1-142x300.jpg 142w, http:\/\/www.filindeblogg.nu\/wp-content\/uploads\/2019\/06\/IMG_1358-1.jpg 416w\" sizes=\"(max-width: 142px) 100vw, 142px\" \/> En tjej som v\u00e5gar st\u00e5 f\u00f6r sin mening och som har ett stort och varmt hj\u00e4rta. Som \u00e4r optimist men ocks\u00e5 realist! That&#8217;s me!! \ud83d\ude42<\/p>\n<p><img loading=\"lazy\" class=\"alignnone  wp-image-79117\" src=\"http:\/\/www.filindeblogg.nu\/wp-content\/uploads\/2019\/06\/IMG_1237-300x275.jpg\" alt=\"\" width=\"171\" height=\"157\" srcset=\"http:\/\/www.filindeblogg.nu\/wp-content\/uploads\/2019\/06\/IMG_1237-300x275.jpg 300w, http:\/\/www.filindeblogg.nu\/wp-content\/uploads\/2019\/06\/IMG_1237-768x704.jpg 768w, http:\/\/www.filindeblogg.nu\/wp-content\/uploads\/2019\/06\/IMG_1237.jpg 800w\" sizes=\"(max-width: 171px) 100vw, 171px\" \/> <em>&#8221; I will never be a well behaved woman&#8221;<\/em> &#8211; <strong>jag kommer aldrig att bli en v\u00e4luppfostrad flicka!<\/strong> Om det inneb\u00e4r att sitta tyst och h\u00e5lla k\u00e4ften! Aldrig! OCH &#8211; LEVA LIVET g\u00e4ller!! S\u00e5n \u00e4r jag!!<\/p>\n<p><img loading=\"lazy\" class=\"alignnone size-medium wp-image-79118\" src=\"http:\/\/www.filindeblogg.nu\/wp-content\/uploads\/2019\/06\/M\u00e4rkligt-Kopia-1-300x150.jpg\" alt=\"\" width=\"300\" height=\"150\" srcset=\"http:\/\/www.filindeblogg.nu\/wp-content\/uploads\/2019\/06\/M\u00e4rkligt-Kopia-1-300x150.jpg 300w, http:\/\/www.filindeblogg.nu\/wp-content\/uploads\/2019\/06\/M\u00e4rkligt-Kopia-1.jpg 318w\" sizes=\"(max-width: 300px) 100vw, 300px\" \/> I love men!<br \/>\nS\u00e5 vissla p\u00e5 ni! <img loading=\"lazy\" class=\"alignnone  wp-image-79119\" src=\"http:\/\/www.filindeblogg.nu\/wp-content\/uploads\/2019\/06\/\u00c4lskar-m\u00e4n-PUSS-300x300.jpg\" alt=\"\" width=\"156\" height=\"156\" srcset=\"http:\/\/www.filindeblogg.nu\/wp-content\/uploads\/2019\/06\/\u00c4lskar-m\u00e4n-PUSS-300x300.jpg 300w, http:\/\/www.filindeblogg.nu\/wp-content\/uploads\/2019\/06\/\u00c4lskar-m\u00e4n-PUSS-150x150.jpg 150w, http:\/\/www.filindeblogg.nu\/wp-content\/uploads\/2019\/06\/\u00c4lskar-m\u00e4n-PUSS-144x144.jpg 144w, http:\/\/www.filindeblogg.nu\/wp-content\/uploads\/2019\/06\/\u00c4lskar-m\u00e4n-PUSS.jpg 474w\" sizes=\"(max-width: 156px) 100vw, 156px\" \/><\/p>\n<p><img loading=\"lazy\" class=\"alignnone size-medium wp-image-79120\" src=\"http:\/\/www.filindeblogg.nu\/wp-content\/uploads\/2019\/06\/Susanne-i-Magazin24-300x125.jpg\" alt=\"\" width=\"300\" height=\"125\" \/>\u00a0Imorgon har ni en ny kr\u00f6nika skriven av mig i <a href=\"https:\/\/www.magazin24.se\/\"><strong>Magazin24<\/strong><\/a>! Rubriken \u00e4r <strong><em>&#8221;Du borde sk\u00e4mmas!<\/em><\/strong>&#8221;. Kolla in den imorgon! <img loading=\"lazy\" class=\"alignnone  wp-image-79037\" src=\"http:\/\/www.filindeblogg.nu\/wp-content\/uploads\/2019\/05\/Blinkande-smiley.jpg\" alt=\"\" width=\"33\" height=\"35\" \/><\/p>\n<p><img loading=\"lazy\" class=\"size-medium wp-image-79121 aligncenter\" src=\"http:\/\/www.filindeblogg.nu\/wp-content\/uploads\/2019\/06\/IMG_1354-226x300.jpg\" alt=\"\" width=\"226\" height=\"300\" srcset=\"http:\/\/www.filindeblogg.nu\/wp-content\/uploads\/2019\/06\/IMG_1354-226x300.jpg 226w, http:\/\/www.filindeblogg.nu\/wp-content\/uploads\/2019\/06\/IMG_1354.jpg 375w\" sizes=\"(max-width: 226px) 100vw, 226px\" \/><\/p>\n<p>&nbsp;<\/p>\n<p>&nbsp;<\/p>\n<p>&nbsp;<\/p>\n<p>&nbsp;<\/p>\n<p>&nbsp;<\/p>\n<p>&nbsp;<\/p>\n","protected":false},"excerpt":{"rendered":"<p>Massor att skriva om idag MEN vi b\u00f6rjar med den h\u00e4r godingen! Felix! Felix \u00e4r katten med nio liv men som avverkat en del av dessa&#8230; P\u00e5k\u00f6rd som liten och \u00f6verlevt, \u00f6verlevt ett par sv\u00e5ra infektioner ocks\u00e5 varav en konstaterades i h\u00f6stas. Efter operation och hj\u00e4lp fr\u00e5n Anicura Djurklinik i Arboga s\u00e5g Felix&#8217; rygg ut [&hellip;]<\/p>\n","protected":false},"author":1,"featured_media":0,"comment_status":"open","ping_status":"open","sticky":false,"template":"","format":"standard","meta":[],"categories":[41,156,121,237,255,251,100,259,101],"tags":[],"_links":{"self":[{"href":"http:\/\/www.filindeblogg.nu\/index.php?rest_route=\/wp\/v2\/posts\/79066"}],"collection":[{"href":"http:\/\/www.filindeblogg.nu\/index.php?rest_route=\/wp\/v2\/posts"}],"about":[{"href":"http:\/\/www.filindeblogg.nu\/index.php?rest_route=\/wp\/v2\/types\/post"}],"author":[{"embeddable":true,"href":"http:\/\/www.filindeblogg.nu\/index.php?rest_route=\/wp\/v2\/users\/1"}],"replies":[{"embeddable":true,"href":"http:\/\/www.filindeblogg.nu\/index.php?rest_route=%2Fwp%2Fv2%2Fcomments&post=79066"}],"version-history":[{"count":35,"href":"http:\/\/www.filindeblogg.nu\/index.php?rest_route=\/wp\/v2\/posts\/79066\/revisions"}],"predecessor-version":[{"id":79158,"href":"http:\/\/www.filindeblogg.nu\/index.php?rest_route=\/wp\/v2\/posts\/79066\/revisions\/79158"}],"wp:attachment":[{"href":"http:\/\/www.filindeblogg.nu\/index.php?rest_route=%2Fwp%2Fv2%2Fmedia&parent=79066"}],"wp:term":[{"taxonomy":"category","embeddable":true,"href":"http:\/\/www.filindeblogg.nu\/index.php?rest_route=%2Fwp%2Fv2%2Fcategories&post=79066"},{"taxonomy":"post_tag","embeddable":true,"href":"http:\/\/www.filindeblogg.nu\/index.php?rest_route=%2Fwp%2Fv2%2Ftags&post=79066"}],"curies":[{"name":"wp","href":"https:\/\/api.w.org\/{rel}","templated":true}]}}