{"id":78547,"date":"2019-03-15T14:32:22","date_gmt":"2019-03-15T13:32:22","guid":{"rendered":"http:\/\/www.filindeblogg.nu\/?p=78547"},"modified":"2019-03-15T14:32:22","modified_gmt":"2019-03-15T13:32:22","slug":"tullstugans-atertag-och-sa-lite-sorg-men-ocksa-gladje","status":"publish","type":"post","link":"http:\/\/www.filindeblogg.nu\/?p=78547","title":{"rendered":"Tullstugans \u00e5tert\u00e5g! Och s\u00e5 lite sorg men ocks\u00e5 gl\u00e4dje."},"content":{"rendered":"<p><img loading=\"lazy\" class=\"alignnone size-medium wp-image-78548\" src=\"http:\/\/www.filindeblogg.nu\/wp-content\/uploads\/2019\/03\/IMG_5965-256x300.jpg\" alt=\"\" width=\"256\" height=\"300\" srcset=\"http:\/\/www.filindeblogg.nu\/wp-content\/uploads\/2019\/03\/IMG_5965-256x300.jpg 256w, http:\/\/www.filindeblogg.nu\/wp-content\/uploads\/2019\/03\/IMG_5965.jpg 454w\" sizes=\"(max-width: 256px) 100vw, 256px\" \/> <strong>Tullstugan<\/strong> f\u00f6rst!<br \/>\nDen f d lilla tullstugan \u00e4r den som ligger intill mitt stora hus p\u00e5 bilden, l\u00e4ngst bort till h\u00f6ger.<\/p>\n<p><img loading=\"lazy\" class=\"alignnone size-medium wp-image-78549\" src=\"http:\/\/www.filindeblogg.nu\/wp-content\/uploads\/2019\/03\/IMG_5966-225x300.jpg\" alt=\"\" width=\"225\" height=\"300\" srcset=\"http:\/\/www.filindeblogg.nu\/wp-content\/uploads\/2019\/03\/IMG_5966-225x300.jpg 225w, http:\/\/www.filindeblogg.nu\/wp-content\/uploads\/2019\/03\/IMG_5966.jpg 590w\" sizes=\"(max-width: 225px) 100vw, 225px\" \/> Det lilla fina huset som jag s\u00e5lde f\u00f6rra \u00e5ret till <strong>Gustav och Angelica \u00d6berg.\u00a0<img loading=\"lazy\" class=\"alignnone size-medium wp-image-78550\" src=\"http:\/\/www.filindeblogg.nu\/wp-content\/uploads\/2019\/03\/IMG_5969-300x225.jpg\" alt=\"\" width=\"300\" height=\"225\" srcset=\"http:\/\/www.filindeblogg.nu\/wp-content\/uploads\/2019\/03\/IMG_5969-300x225.jpg 300w, http:\/\/www.filindeblogg.nu\/wp-content\/uploads\/2019\/03\/IMG_5969.jpg 605w\" sizes=\"(max-width: 300px) 100vw, 300px\" \/><\/strong><br \/>\nNu \u00e4r det dags att se det senaste som h\u00e4nt inuti stugan!<\/p>\n<p>Vi kliver v\u00e4l in! <img loading=\"lazy\" class=\"alignnone size-medium wp-image-78551\" src=\"http:\/\/www.filindeblogg.nu\/wp-content\/uploads\/2019\/03\/IMG_5968-225x300.jpg\" alt=\"\" width=\"225\" height=\"300\" srcset=\"http:\/\/www.filindeblogg.nu\/wp-content\/uploads\/2019\/03\/IMG_5968-225x300.jpg 225w, http:\/\/www.filindeblogg.nu\/wp-content\/uploads\/2019\/03\/IMG_5968.jpg 454w\" sizes=\"(max-width: 225px) 100vw, 225px\" \/><\/p>\n<p>Det \u00e4r ju inte alls klart &#8211; men det v\u00e4xer fram s\u00e5 sakteliga. Eller inte alls sakta med den speed som Gustav \u00d6berg har inbyggt inom sig! \ud83d\ude42<\/p>\n<p>Farstun eller f\u00f6rstugan &#8211; som var ett tillbyggt garage tidigare: <img loading=\"lazy\" class=\"alignnone size-medium wp-image-78552\" src=\"http:\/\/www.filindeblogg.nu\/wp-content\/uploads\/2019\/03\/IMG_5961-225x300.jpg\" alt=\"\" width=\"225\" height=\"300\" srcset=\"http:\/\/www.filindeblogg.nu\/wp-content\/uploads\/2019\/03\/IMG_5961-225x300.jpg 225w, http:\/\/www.filindeblogg.nu\/wp-content\/uploads\/2019\/03\/IMG_5961.jpg 454w\" sizes=\"(max-width: 225px) 100vw, 225px\" \/> H\u00e4r ser ni porten inifr\u00e5n och l\u00e4ngs med v\u00e4ggen under f\u00f6nstret kommer det att bli tv\u00e4ttmaskin och torktumlare och lite arbetsytor.<\/p>\n<p>L\u00e4ngst bort i f\u00f6rstugan ligger badrummet: <img loading=\"lazy\" class=\"alignnone size-medium wp-image-78553\" src=\"http:\/\/www.filindeblogg.nu\/wp-content\/uploads\/2019\/03\/IMG_5955-225x300.jpg\" alt=\"\" width=\"225\" height=\"300\" srcset=\"http:\/\/www.filindeblogg.nu\/wp-content\/uploads\/2019\/03\/IMG_5955-225x300.jpg 225w, http:\/\/www.filindeblogg.nu\/wp-content\/uploads\/2019\/03\/IMG_5955.jpg 454w\" sizes=\"(max-width: 225px) 100vw, 225px\" \/><br \/>\nInte mycket att se \u00e4n s\u00e5 l\u00e4nge f\u00f6r duschkabinen och det \u00f6vriga \u00e4r fast nere i Italien, sa Gustav. Men golvet \u00e4r lagt och v\u00e4ggar liksom f\u00f6nstret ut mot g\u00e5rden!<\/p>\n<p>Gustav, ja &#8211; h\u00e4r har vi\u00a0 honom! <img loading=\"lazy\" class=\"alignnone size-medium wp-image-78554\" src=\"http:\/\/www.filindeblogg.nu\/wp-content\/uploads\/2019\/03\/IMG_5954-225x300.jpg\" alt=\"\" width=\"225\" height=\"300\" srcset=\"http:\/\/www.filindeblogg.nu\/wp-content\/uploads\/2019\/03\/IMG_5954-225x300.jpg 225w, http:\/\/www.filindeblogg.nu\/wp-content\/uploads\/2019\/03\/IMG_5954.jpg 454w\" sizes=\"(max-width: 225px) 100vw, 225px\" \/> I det som nu \u00e4r k\u00f6ket!<\/p>\n<p>Eller det som ska bli k\u00f6ket!<strong> Felix<\/strong> ska installera spis, kyl och frys m.m. och det diskuterade Gustav med honom om: <img loading=\"lazy\" class=\"alignnone size-medium wp-image-78555\" src=\"http:\/\/www.filindeblogg.nu\/wp-content\/uploads\/2019\/03\/IMG_5952-300x225.jpg\" alt=\"\" width=\"300\" height=\"225\" srcset=\"http:\/\/www.filindeblogg.nu\/wp-content\/uploads\/2019\/03\/IMG_5952-300x225.jpg 300w, http:\/\/www.filindeblogg.nu\/wp-content\/uploads\/2019\/03\/IMG_5952.jpg 605w\" sizes=\"(max-width: 300px) 100vw, 300px\" \/> Det blir arbetsytor mot v\u00e4ggen till h\u00f6ger och f\u00f6nstret vetter ut mot <strong>\u00d6stra Nygatan<\/strong>.<br \/>\n<img loading=\"lazy\" class=\"alignnone size-medium wp-image-78556\" src=\"http:\/\/www.filindeblogg.nu\/wp-content\/uploads\/2019\/03\/IMG_5953-300x225.jpg\" alt=\"\" width=\"300\" height=\"225\" srcset=\"http:\/\/www.filindeblogg.nu\/wp-content\/uploads\/2019\/03\/IMG_5953-300x225.jpg 300w, http:\/\/www.filindeblogg.nu\/wp-content\/uploads\/2019\/03\/IMG_5953.jpg 605w\" sizes=\"(max-width: 300px) 100vw, 300px\" \/> \u00c5t andra h\u00e5llet p\u00e5 nedre botten blir det allrum. D\u00e4r kan man s\u00e5 sm\u00e5ningom mysa framf\u00f6r kaminen n\u00e4r det \u00e4r m\u00f6blerat och klart.<br \/>\nLite l\u00e4ngre fram.\u00a0<img loading=\"lazy\" class=\"alignnone size-medium wp-image-78597\" src=\"http:\/\/www.filindeblogg.nu\/wp-content\/uploads\/2019\/03\/IMG_5962-1-300x225.jpg\" alt=\"\" width=\"300\" height=\"225\" srcset=\"http:\/\/www.filindeblogg.nu\/wp-content\/uploads\/2019\/03\/IMG_5962-1-300x225.jpg 300w, http:\/\/www.filindeblogg.nu\/wp-content\/uploads\/2019\/03\/IMG_5962-1.jpg 605w\" sizes=\"(max-width: 300px) 100vw, 300px\" \/> F\u00f6nster mot infarten till <strong>Glasbl\u00e5sarg\u00e5rden,<\/strong> huset som jag har kvar &#8211; och mot \u00d6stra Nygatan till h\u00f6ger.<br \/>\nH\u00e4r var allts\u00e5 kiosk p\u00e5 senare \u00e5r och till h\u00f6ger var luckan. Allt f\u00f6r\u00e4ndrat &#8211; f\u00f6rb\u00e4ttrat!<\/p>\n<p>En trappa upp d\u00e5! <img loading=\"lazy\" class=\"alignnone size-medium wp-image-78557\" src=\"http:\/\/www.filindeblogg.nu\/wp-content\/uploads\/2019\/03\/IMG_5956-225x300.jpg\" alt=\"\" width=\"225\" height=\"300\" srcset=\"http:\/\/www.filindeblogg.nu\/wp-content\/uploads\/2019\/03\/IMG_5956-225x300.jpg 225w, http:\/\/www.filindeblogg.nu\/wp-content\/uploads\/2019\/03\/IMG_5956.jpg 454w\" sizes=\"(max-width: 225px) 100vw, 225px\" \/> Ja, d\u00e5 kommer vi till sovrummen. <img loading=\"lazy\" class=\"alignnone size-medium wp-image-78560\" src=\"http:\/\/www.filindeblogg.nu\/wp-content\/uploads\/2019\/03\/IMG_5957-300x225.jpg\" alt=\"\" width=\"300\" height=\"225\" srcset=\"http:\/\/www.filindeblogg.nu\/wp-content\/uploads\/2019\/03\/IMG_5957-300x225.jpg 300w, http:\/\/www.filindeblogg.nu\/wp-content\/uploads\/2019\/03\/IMG_5957.jpg 605w\" sizes=\"(max-width: 300px) 100vw, 300px\" \/> H\u00e4r finns gott om plats f\u00f6r en bred dubbels\u00e4ng om man skulle vilja! Det nyupptagna takf\u00f6nstret ger ytterligare ljusinsl\u00e4pp. Den fina v\u00e4ggen med stockar kommer att f\u00e5 vara kvar &#8211; och inte vare sig m\u00e5las \u00f6ver eller tapetseras. Det gillas!<\/p>\n<p><img loading=\"lazy\" class=\"alignnone size-medium wp-image-78561\" src=\"http:\/\/www.filindeblogg.nu\/wp-content\/uploads\/2019\/03\/IMG_5959-300x225.jpg\" alt=\"\" width=\"300\" height=\"225\" srcset=\"http:\/\/www.filindeblogg.nu\/wp-content\/uploads\/2019\/03\/IMG_5959-300x225.jpg 300w, http:\/\/www.filindeblogg.nu\/wp-content\/uploads\/2019\/03\/IMG_5959.jpg 605w\" sizes=\"(max-width: 300px) 100vw, 300px\" \/> Utsikt mot<strong> Stureparken<\/strong>.<br \/>\nOch s\u00e5 h\u00e4r ser den nytapetserade l\u00e5ngsidan ut: <img loading=\"lazy\" class=\"alignnone size-medium wp-image-78562\" src=\"http:\/\/www.filindeblogg.nu\/wp-content\/uploads\/2019\/03\/IMG_5958-300x225.jpg\" alt=\"\" width=\"300\" height=\"225\" srcset=\"http:\/\/www.filindeblogg.nu\/wp-content\/uploads\/2019\/03\/IMG_5958-300x225.jpg 300w, http:\/\/www.filindeblogg.nu\/wp-content\/uploads\/2019\/03\/IMG_5958.jpg 605w\" sizes=\"(max-width: 300px) 100vw, 300px\" \/><\/p>\n<p><img loading=\"lazy\" class=\"alignnone size-medium wp-image-78559\" src=\"http:\/\/www.filindeblogg.nu\/wp-content\/uploads\/2019\/03\/IMG_5960-225x300.jpg\" alt=\"\" width=\"225\" height=\"300\" srcset=\"http:\/\/www.filindeblogg.nu\/wp-content\/uploads\/2019\/03\/IMG_5960-225x300.jpg 225w, http:\/\/www.filindeblogg.nu\/wp-content\/uploads\/2019\/03\/IMG_5960.jpg 454w\" sizes=\"(max-width: 225px) 100vw, 225px\" \/> Ja, Gustav \u00d6berg har all anledning att se n\u00f6jd ut! Hans tullstuga kommer att bli \u00f6ver f\u00f6rv\u00e4ntan!<br \/>\nGustav \u00e4r en fantastisk kille! Driftig och kreativ med massor av goda id\u00e9er som inte har ett dugg med luftslott att g\u00f6ra utan \u00e4r fullt genomf\u00f6rbara. Och han genomf\u00f6r dom!!<br \/>\nJag \u00e4r S\u00c5 glad att jag s\u00e5lde den lilla tullstugan just till honom och hans fru!<\/p>\n<p>Forts\u00e4ttning f\u00f6ljer! Snart \u00e4r huset f\u00e4rdigt och det blir dags f\u00f6r presumtiva hyresg\u00e4ster att komma och titta!<\/p>\n<p>Sorgen d\u00e5. Ja, livet g\u00e5r ju lite upp och ner.\u00a0<img loading=\"lazy\" class=\"alignnone  wp-image-78563\" src=\"http:\/\/www.filindeblogg.nu\/wp-content\/uploads\/2019\/03\/IMG_5817-225x300.jpg\" alt=\"\" width=\"152\" height=\"203\" srcset=\"http:\/\/www.filindeblogg.nu\/wp-content\/uploads\/2019\/03\/IMG_5817-225x300.jpg 225w, http:\/\/www.filindeblogg.nu\/wp-content\/uploads\/2019\/03\/IMG_5817.jpg 378w\" sizes=\"(max-width: 152px) 100vw, 152px\" \/> Ibland h\u00e4nder f\u00f6rf\u00e4rligt sorgliga saker och dessa dagar blir tunga. <img loading=\"lazy\" class=\"alignnone size-full wp-image-78564\" src=\"http:\/\/www.filindeblogg.nu\/wp-content\/uploads\/2019\/03\/IMG_6004.jpg\" alt=\"\" width=\"192\" height=\"251\" \/><\/p>\n<p><strong>K\u00e5re<\/strong> var min f\u00f6rsta k\u00e4rlek och den f\u00f6rsta k\u00e4rleken gl\u00f6mmer man inte. Och kommer nog heller aldrig riktigt \u00f6ver. Den k\u00e4rleken finns f\u00f6r alltid bevarad i hj\u00e4rtat.<br \/>\nK\u00e5re dog pl\u00f6tsligt f\u00f6r ett par m\u00e5nader sedan och jag var med p\u00e5 minnesstunden f\u00f6r honom i l\u00f6rdags. P\u00e5 v\u00e4g dit fick jag vara med om n\u00e5got som jag tar som en h\u00e4lsning. En koltrast fl\u00f6g fram fr\u00e5n en port precis intill mig n\u00e4r jag passerade. <img loading=\"lazy\" class=\"alignnone  wp-image-78566\" src=\"http:\/\/www.filindeblogg.nu\/wp-content\/uploads\/2019\/03\/IMG_5847-300x225.jpg\" alt=\"\" width=\"179\" height=\"134\" srcset=\"http:\/\/www.filindeblogg.nu\/wp-content\/uploads\/2019\/03\/IMG_5847-300x225.jpg 300w, http:\/\/www.filindeblogg.nu\/wp-content\/uploads\/2019\/03\/IMG_5847.jpg 320w\" sizes=\"(max-width: 179px) 100vw, 179px\" \/> Det gjorde stunden lite l\u00e4ttare.<\/p>\n<p>F\u00f6r att n\u00e4rvara vid minnesstunden f\u00f6r K\u00e5re var oerh\u00f6rt sm\u00e4rtsamt. <img loading=\"lazy\" class=\"alignnone size-medium wp-image-78565\" src=\"http:\/\/www.filindeblogg.nu\/wp-content\/uploads\/2019\/03\/IMG_5823-225x300.jpg\" alt=\"\" width=\"225\" height=\"300\" srcset=\"http:\/\/www.filindeblogg.nu\/wp-content\/uploads\/2019\/03\/IMG_5823-225x300.jpg 225w, http:\/\/www.filindeblogg.nu\/wp-content\/uploads\/2019\/03\/IMG_5823.jpg 454w\" sizes=\"(max-width: 225px) 100vw, 225px\" \/> Men trots sorg och t\u00e5rar blev det en s\u00e5 fin stund &#8211; den allra sista med K\u00e5re.\u00a0<img loading=\"lazy\" class=\"alignnone  wp-image-78514\" src=\"http:\/\/www.filindeblogg.nu\/wp-content\/uploads\/2019\/03\/First-love.png\" alt=\"\" width=\"94\" height=\"65\" \/>Hans systerd\u00f6ttrar hade organiserat det s\u00e5 fint och musiken som spelades under minnesstunden var K\u00e5res favoriter &#8211; men ocks\u00e5 mina. Och m\u00e5nga v\u00e4nner n\u00e4rvarade. Det blev ett fint farv\u00e4l mitt i sorgen.<\/p>\n<p style=\"text-align: center;\">Jag t\u00e4nde ett ljus f\u00f6r K\u00e5re n\u00e4r jag kom hem&#8230;<\/p>\n<p><img loading=\"lazy\" class=\"size-medium wp-image-78567 aligncenter\" src=\"http:\/\/www.filindeblogg.nu\/wp-content\/uploads\/2019\/03\/IMG_5806-225x300.jpg\" alt=\"\" width=\"225\" height=\"300\" srcset=\"http:\/\/www.filindeblogg.nu\/wp-content\/uploads\/2019\/03\/IMG_5806-225x300.jpg 225w, http:\/\/www.filindeblogg.nu\/wp-content\/uploads\/2019\/03\/IMG_5806.jpg 378w\" sizes=\"(max-width: 225px) 100vw, 225px\" \/><\/p>\n<p>Men p\u00e5 sorg f\u00f6ljer gl\u00e4dje och den fick jag genom mina s\u00f6ner som kom samma dag. <img loading=\"lazy\" class=\"alignnone size-medium wp-image-78568\" src=\"http:\/\/www.filindeblogg.nu\/wp-content\/uploads\/2019\/03\/IMG_5882-300x225.jpg\" alt=\"\" width=\"300\" height=\"225\" srcset=\"http:\/\/www.filindeblogg.nu\/wp-content\/uploads\/2019\/03\/IMG_5882-300x225.jpg 300w, http:\/\/www.filindeblogg.nu\/wp-content\/uploads\/2019\/03\/IMG_5882.jpg 605w\" sizes=\"(max-width: 300px) 100vw, 300px\" \/> Mina pojkar stannade till s\u00f6ndagen och sj\u00e4lvklart blev de s\u00e5 ompysslade som bara en mor kan g\u00f6ra! Allt det b\u00e4sta f\u00f6r sina barn.<br \/>\nOch v\u00e5fflor d\u00e4rtill! \ud83d\ude42 <img loading=\"lazy\" class=\"alignnone size-medium wp-image-78569\" src=\"http:\/\/www.filindeblogg.nu\/wp-content\/uploads\/2019\/03\/IMG_5885-300x225.jpg\" alt=\"\" width=\"300\" height=\"225\" srcset=\"http:\/\/www.filindeblogg.nu\/wp-content\/uploads\/2019\/03\/IMG_5885-300x225.jpg 300w, http:\/\/www.filindeblogg.nu\/wp-content\/uploads\/2019\/03\/IMG_5885.jpg 605w\" sizes=\"(max-width: 300px) 100vw, 300px\" \/><\/p>\n<p>Mina barn blev till pl\u00e5ster p\u00e5 sorgens s\u00e5r.<\/p>\n<p><img loading=\"lazy\" class=\"wp-image-78570 aligncenter\" src=\"http:\/\/www.filindeblogg.nu\/wp-content\/uploads\/2019\/03\/IMG_5884-300x225.jpg\" alt=\"\" width=\"286\" height=\"215\" srcset=\"http:\/\/www.filindeblogg.nu\/wp-content\/uploads\/2019\/03\/IMG_5884-300x225.jpg 300w, http:\/\/www.filindeblogg.nu\/wp-content\/uploads\/2019\/03\/IMG_5884.jpg 605w\" sizes=\"(max-width: 286px) 100vw, 286px\" \/><\/p>\n<p>Dottern hade f\u00f6delsedag ig\u00e5r! <img loading=\"lazy\" class=\"alignnone  wp-image-78573\" src=\"http:\/\/www.filindeblogg.nu\/wp-content\/uploads\/2019\/03\/IMG_5941-225x300.jpg\" alt=\"\" width=\"186\" height=\"248\" srcset=\"http:\/\/www.filindeblogg.nu\/wp-content\/uploads\/2019\/03\/IMG_5941-225x300.jpg 225w, http:\/\/www.filindeblogg.nu\/wp-content\/uploads\/2019\/03\/IMG_5941.jpg 454w\" sizes=\"(max-width: 186px) 100vw, 186px\" \/><br \/>\n<img loading=\"lazy\" class=\"alignnone  wp-image-78571\" src=\"http:\/\/www.filindeblogg.nu\/wp-content\/uploads\/2019\/03\/IMG_5936-169x300.png\" alt=\"\" width=\"152\" height=\"270\" srcset=\"http:\/\/www.filindeblogg.nu\/wp-content\/uploads\/2019\/03\/IMG_5936-169x300.png 169w, http:\/\/www.filindeblogg.nu\/wp-content\/uploads\/2019\/03\/IMG_5936.png 360w\" sizes=\"(max-width: 152px) 100vw, 152px\" \/>\u00a0 Henne tr\u00e4ffar jag imorgon! D\u00e5 ska jag bjuda henne p\u00e5 en vegansk restaurang i Stockholm. F\u00f6r Lovisa \u00e4r vegan och jag gillar ocks\u00e5 allt gr\u00f6nt och vegetariskt utan att f\u00f6r den skull vara vegan. <img loading=\"lazy\" class=\"alignnone  wp-image-78572\" src=\"http:\/\/www.filindeblogg.nu\/wp-content\/uploads\/2019\/03\/IMG_5934-225x300.jpg\" alt=\"\" width=\"182\" height=\"243\" srcset=\"http:\/\/www.filindeblogg.nu\/wp-content\/uploads\/2019\/03\/IMG_5934-225x300.jpg 225w, http:\/\/www.filindeblogg.nu\/wp-content\/uploads\/2019\/03\/IMG_5934.jpg 375w\" sizes=\"(max-width: 182px) 100vw, 182px\" \/><\/p>\n<p>Annat roligt har ocks\u00e5 h\u00e4nt! Den som k\u00e4nner mig och kanske l\u00e4st det h\u00e4r i bloggen s\u00e5 \u00c4LSKAR jag \u00e5nglok! <img loading=\"lazy\" class=\"alignnone  wp-image-78574\" src=\"http:\/\/www.filindeblogg.nu\/wp-content\/uploads\/2019\/03\/IMG_5779-300x222.jpg\" alt=\"\" width=\"318\" height=\"235\" srcset=\"http:\/\/www.filindeblogg.nu\/wp-content\/uploads\/2019\/03\/IMG_5779-300x222.jpg 300w, http:\/\/www.filindeblogg.nu\/wp-content\/uploads\/2019\/03\/IMG_5779.jpg 750w\" sizes=\"(max-width: 318px) 100vw, 318px\" \/><br \/>\nOch hur l\u00e4nge som helst har jag velat l\u00e4ra mig elda och k\u00f6ra ett \u00e5nglok! I oktober f\u00f6rra \u00e5ret kom jag i alla fall en liten bit n\u00e4rmare genom att f\u00e5 kl\u00e4ttra upp i det lok som stod inne i <strong>Grosmont i North Yorkshire<\/strong>! <img loading=\"lazy\" class=\"alignnone size-medium wp-image-78575\" src=\"http:\/\/www.filindeblogg.nu\/wp-content\/uploads\/2019\/03\/IMG_5777-230x300.jpg\" alt=\"\" width=\"230\" height=\"300\" srcset=\"http:\/\/www.filindeblogg.nu\/wp-content\/uploads\/2019\/03\/IMG_5777-230x300.jpg 230w, http:\/\/www.filindeblogg.nu\/wp-content\/uploads\/2019\/03\/IMG_5777.jpg 375w\" sizes=\"(max-width: 230px) 100vw, 230px\" \/><br \/>\nKillarna p\u00e5 loket var s\u00e5 tillm\u00f6tesg\u00e5ende! <img loading=\"lazy\" class=\"alignnone size-medium wp-image-78576\" src=\"http:\/\/www.filindeblogg.nu\/wp-content\/uploads\/2019\/03\/IMG_5778-229x300.jpg\" alt=\"\" width=\"229\" height=\"300\" srcset=\"http:\/\/www.filindeblogg.nu\/wp-content\/uploads\/2019\/03\/IMG_5778-229x300.jpg 229w, http:\/\/www.filindeblogg.nu\/wp-content\/uploads\/2019\/03\/IMG_5778.jpg 375w\" sizes=\"(max-width: 229px) 100vw, 229px\" \/><br \/>\nMen att f\u00e5 boka en plats f\u00f6r att <em>&#8221;go on the footplate&#8221;<\/em> med <strong>North Yorkshire Moor Railway<\/strong> \u00e4r inte l\u00e4tt! M\u00e5nga vill och platserna \u00e4r f\u00e5. Helst ska man boka in sig ett \u00e5r i f\u00f6rv\u00e4g.<br \/>\nMEN &#8211; jag hittade en chans p\u00e5 n\u00e4rmare h\u00e5ll! <img loading=\"lazy\" class=\"alignnone size-medium wp-image-78577\" src=\"http:\/\/www.filindeblogg.nu\/wp-content\/uploads\/2019\/03\/Nora-Bergslags-Veteranj\u00e4rnv\u00e4g-300x202.jpg\" alt=\"\" width=\"300\" height=\"202\" \/> <strong>Nora Bergslags Veteranj\u00e4rnv\u00e4g!<\/strong><\/p>\n<p>Klicka<a href=\"https:\/\/www.nbvj.se\/\"><strong> H\u00c4R<\/strong> <\/a>f\u00f6r att bes\u00f6ka deras hemsida! <img loading=\"lazy\" class=\"alignnone  wp-image-78578\" src=\"http:\/\/www.filindeblogg.nu\/wp-content\/uploads\/2019\/03\/IMG_5745-300x200.jpg\" alt=\"\" width=\"269\" height=\"179\" srcset=\"http:\/\/www.filindeblogg.nu\/wp-content\/uploads\/2019\/03\/IMG_5745-300x200.jpg 300w, http:\/\/www.filindeblogg.nu\/wp-content\/uploads\/2019\/03\/IMG_5745-768x512.jpg 768w, http:\/\/www.filindeblogg.nu\/wp-content\/uploads\/2019\/03\/IMG_5745.jpg 900w\" sizes=\"(max-width: 269px) 100vw, 269px\" \/>(Fotot\/copyright: Edvin Lindstr\u00f6m)<\/p>\n<p>Jag har f\u00f6rs\u00f6kt d\u00e4r ocks\u00e5 i ett par \u00e5r och nu h\u00f6rde <strong>Mats<\/strong> som \u00e4r eldsj\u00e4l vid denna j\u00e4rnv\u00e4g av sig. S\u00e5 i juni blir det av! D\u00e5 f\u00e5r jag <strong><em>&#8221;Stora \u00c5nglokslektionen&#8221;<\/em><\/strong> under tv\u00e5 dagar i <strong>Nora<\/strong> f\u00f6r att l\u00e4ra mig &#8211; och slutligen f\u00e5r jag k\u00f6ra \u00e5ngloket! Overall \u00e4r inhandlad och \u00e4ven passande kepa! <img loading=\"lazy\" class=\"alignnone size-medium wp-image-78580\" src=\"http:\/\/www.filindeblogg.nu\/wp-content\/uploads\/2019\/03\/IMG_5770-225x300.jpg\" alt=\"\" width=\"225\" height=\"300\" srcset=\"http:\/\/www.filindeblogg.nu\/wp-content\/uploads\/2019\/03\/IMG_5770-225x300.jpg 225w, http:\/\/www.filindeblogg.nu\/wp-content\/uploads\/2019\/03\/IMG_5770.jpg 454w\" sizes=\"(max-width: 225px) 100vw, 225px\" \/> Det ska bli helt fantastiskt underbart h\u00e4rligt!!<\/p>\n<p style=\"text-align: center;\">F\u00f6r jag \u00e4r ju: <img loading=\"lazy\" class=\"size-medium wp-image-78579 aligncenter\" src=\"http:\/\/www.filindeblogg.nu\/wp-content\/uploads\/2019\/03\/IMG_5776-225x300.jpg\" alt=\"\" width=\"225\" height=\"300\" srcset=\"http:\/\/www.filindeblogg.nu\/wp-content\/uploads\/2019\/03\/IMG_5776-225x300.jpg 225w, http:\/\/www.filindeblogg.nu\/wp-content\/uploads\/2019\/03\/IMG_5776.jpg 378w\" sizes=\"(max-width: 225px) 100vw, 225px\" \/><\/p>\n<p style=\"text-align: left;\">Annat som man kan bli glad \u00f6ver \u00e4r att man i<strong> Arboga<\/strong> har en del som kanske inte andra st\u00e4der har! Hj\u00e4lp f\u00f6r personer som \u00e4r helt rudis vad g\u00e4ller tekniska saker som till exempel smart-TV&#8230; <img loading=\"lazy\" class=\"alignnone size-medium wp-image-78582\" src=\"http:\/\/www.filindeblogg.nu\/wp-content\/uploads\/2019\/03\/IMG_6002-225x300.jpg\" alt=\"\" width=\"225\" height=\"300\" srcset=\"http:\/\/www.filindeblogg.nu\/wp-content\/uploads\/2019\/03\/IMG_6002-225x300.jpg 225w, http:\/\/www.filindeblogg.nu\/wp-content\/uploads\/2019\/03\/IMG_6002.jpg 454w\" sizes=\"(max-width: 225px) 100vw, 225px\" \/> Ett telefonsamtal bort bara och s\u00e5 dyker han upp &#8211; TV-doktorn <strong>Richard Fallqvist<\/strong> &#8211; hembes\u00f6k fr\u00e5n G<strong>unnar Karlssons Radio &amp; TV<\/strong>!<br \/>\nF\u00f6rutom att han snabbt och l\u00e4tt fixar din TV s\u00e5 f\u00e5r man sig en trevlig pratstund! <img loading=\"lazy\" class=\"alignnone size-medium wp-image-78583\" src=\"http:\/\/www.filindeblogg.nu\/wp-content\/uploads\/2019\/03\/IMG_6003-225x300.jpg\" alt=\"\" width=\"225\" height=\"300\" srcset=\"http:\/\/www.filindeblogg.nu\/wp-content\/uploads\/2019\/03\/IMG_6003-225x300.jpg 225w, http:\/\/www.filindeblogg.nu\/wp-content\/uploads\/2019\/03\/IMG_6003.jpg 454w\" sizes=\"(max-width: 225px) 100vw, 225px\" \/> Gillar katter g\u00f6r han ocks\u00e5 s\u00e5 mina tre v\u00e4lkomnar honom s\u00e5 g\u00e4rna.<br \/>\nGuld v\u00e4rt att ha en TV-handlare som g\u00f6r hembes\u00f6k! Som hj\u00e4lper dig n\u00e4r du st\u00e5r helt handfallen vad g\u00e4ller s\u00e5v\u00e4l TV som datorer, skrivare och mobiltelefoner!<\/p>\n<p style=\"text-align: center;\">\nKlicka <a href=\"http:\/\/www.gunnarkarlsson.se\/\"><strong>H\u00c4R<\/strong> <\/a>s\u00e5 kommer du till Gunnars Karlssons Radio &amp; TV!<\/p>\n<p><img loading=\"lazy\" class=\"size-medium wp-image-78584 aligncenter\" src=\"http:\/\/www.filindeblogg.nu\/wp-content\/uploads\/2019\/03\/Gunnar-Karlssons-300x181.png\" alt=\"\" width=\"300\" height=\"181\" srcset=\"http:\/\/www.filindeblogg.nu\/wp-content\/uploads\/2019\/03\/Gunnar-Karlssons-300x181.png 300w, http:\/\/www.filindeblogg.nu\/wp-content\/uploads\/2019\/03\/Gunnar-Karlssons.png 568w\" sizes=\"(max-width: 300px) 100vw, 300px\" \/><\/p>\n<p>Annat lite unikt f\u00f6r Arboga. Vi har en skomakare! Och inte vilken skomakare som helst!\u00a0<img loading=\"lazy\" class=\"alignnone size-medium wp-image-78581\" src=\"http:\/\/www.filindeblogg.nu\/wp-content\/uploads\/2019\/03\/IMG_5964-225x300.jpg\" alt=\"\" width=\"225\" height=\"300\" srcset=\"http:\/\/www.filindeblogg.nu\/wp-content\/uploads\/2019\/03\/IMG_5964-225x300.jpg 225w, http:\/\/www.filindeblogg.nu\/wp-content\/uploads\/2019\/03\/IMG_5964.jpg 454w\" sizes=\"(max-width: 225px) 100vw, 225px\" \/> <strong>Marina<\/strong> m\u00e5ste vara <strong>Sveriges<\/strong> snyggaste skomakare! Trevlig \u00e4r hon dessutom och man f\u00e5r alltid en kul pratstund n\u00e4r man bes\u00f6ker hennes <strong><a href=\"http:\/\/www.skofix.se\/\">Sko-Fix!<\/a><img loading=\"lazy\" class=\"alignnone size-medium wp-image-78585\" src=\"http:\/\/www.filindeblogg.nu\/wp-content\/uploads\/2019\/03\/Skofix-300x93.gif\" alt=\"\" width=\"300\" height=\"93\" srcset=\"http:\/\/www.filindeblogg.nu\/wp-content\/uploads\/2019\/03\/Skofix-300x93.gif 300w, http:\/\/www.filindeblogg.nu\/wp-content\/uploads\/2019\/03\/Skofix-768x239.gif 768w\" sizes=\"(max-width: 300px) 100vw, 300px\" \/><br \/>\n<\/strong>Tro det eller ej men Marina har fixat skor och nycklar m m h\u00e4r i Arboga sedan 1984!!<\/p>\n<p>Visst k\u00e4nns det sk\u00f6nt att kunna gl\u00e4djas lite \u00e4ven i m\u00f6rka stunder Gl\u00e4ds g\u00f6r jag ocks\u00e5 \u00f6ver att f\u00e5 skriva som kr\u00f6nik\u00f6r i <a href=\"https:\/\/www.magazin24.se\/\"><strong>Magazin24<\/strong><\/a>. <img loading=\"lazy\" class=\"alignnone size-medium wp-image-78587\" src=\"http:\/\/www.filindeblogg.nu\/wp-content\/uploads\/2019\/03\/Suss-M24-kr\u00f6nik\u00f6r-300x129.jpg\" alt=\"\" width=\"300\" height=\"129\" srcset=\"http:\/\/www.filindeblogg.nu\/wp-content\/uploads\/2019\/03\/Suss-M24-kr\u00f6nik\u00f6r-300x129.jpg 300w, http:\/\/www.filindeblogg.nu\/wp-content\/uploads\/2019\/03\/Suss-M24-kr\u00f6nik\u00f6r-768x329.jpg 768w, http:\/\/www.filindeblogg.nu\/wp-content\/uploads\/2019\/03\/Suss-M24-kr\u00f6nik\u00f6r.jpg 951w\" sizes=\"(max-width: 300px) 100vw, 300px\" \/><br \/>\n\u00c4nnu roligare \u00e4r det n\u00e4r m\u00e4nniskor h\u00f6r av sig &#8211; p\u00e5 stan med en kram eller via telefon och meddelanden &#8211; f\u00f6r att tala om att de gillar det jag skriver. Det g\u00f6r mig \u00f6dmjukt tacksam och s\u00e5 varm i hj\u00e4rtat. <img loading=\"lazy\" class=\"alignnone  wp-image-78513\" src=\"http:\/\/www.filindeblogg.nu\/wp-content\/uploads\/2019\/03\/HJ\u00c4RTA-300x280.jpg\" alt=\"\" width=\"34\" height=\"32\" srcset=\"http:\/\/www.filindeblogg.nu\/wp-content\/uploads\/2019\/03\/HJ\u00c4RTA-300x280.jpg 300w, http:\/\/www.filindeblogg.nu\/wp-content\/uploads\/2019\/03\/HJ\u00c4RTA.jpg 666w\" sizes=\"(max-width: 34px) 100vw, 34px\" \/><\/p>\n<p><img loading=\"lazy\" class=\"alignnone size-medium wp-image-78586\" src=\"http:\/\/www.filindeblogg.nu\/wp-content\/uploads\/2019\/03\/IMG_5896-169x300.png\" alt=\"\" width=\"169\" height=\"300\" srcset=\"http:\/\/www.filindeblogg.nu\/wp-content\/uploads\/2019\/03\/IMG_5896-169x300.png 169w, http:\/\/www.filindeblogg.nu\/wp-content\/uploads\/2019\/03\/IMG_5896.png 360w\" sizes=\"(max-width: 169px) 100vw, 169px\" \/>\u00a0Min senaste kr\u00f6nika som kom f\u00f6rra veckan har rubriken<strong><em> &#8221;\u00c4r inte du lite f\u00f6r gammal f\u00f6r det d\u00e4r?&#8221;<\/em><\/strong> och handlar om den f\u00f6rkastliga \u00e5ldersfixeringen. L\u00e4s den g\u00e4rna <a href=\"https:\/\/www.magazin24.se\/kronika\/ar-inte-du-lite-for-gammal-for-det-dar\/repscg!m4oSnPmTws9xXSiquX8CHQ\/\"><strong>H\u00c4R<\/strong><\/a> om du vill!<\/p>\n<p>Ha det bra! Var r\u00e4dda om er! Lev livet &#8211; t\u00e4nk p\u00e5 att det \u00e4r kort OCH kan vara ov\u00e4ntat kort&#8230; KRAM p\u00e5 er! <img loading=\"lazy\" class=\"alignnone  wp-image-77915\" src=\"http:\/\/www.filindeblogg.nu\/wp-content\/uploads\/2018\/11\/Hj\u00e4rta-i-hand.jpg\" alt=\"\" width=\"98\" height=\"97\" srcset=\"http:\/\/www.filindeblogg.nu\/wp-content\/uploads\/2018\/11\/Hj\u00e4rta-i-hand.jpg 226w, http:\/\/www.filindeblogg.nu\/wp-content\/uploads\/2018\/11\/Hj\u00e4rta-i-hand-150x150.jpg 150w, http:\/\/www.filindeblogg.nu\/wp-content\/uploads\/2018\/11\/Hj\u00e4rta-i-hand-144x144.jpg 144w\" sizes=\"(max-width: 98px) 100vw, 98px\" \/><\/p>\n<p style=\"text-align: center;\"><img loading=\"lazy\" class=\"size-medium wp-image-78588 aligncenter\" src=\"http:\/\/www.filindeblogg.nu\/wp-content\/uploads\/2019\/03\/IMG_6005-Kopia-258x300.jpg\" alt=\"\" width=\"258\" height=\"300\" srcset=\"http:\/\/www.filindeblogg.nu\/wp-content\/uploads\/2019\/03\/IMG_6005-Kopia-258x300.jpg 258w, http:\/\/www.filindeblogg.nu\/wp-content\/uploads\/2019\/03\/IMG_6005-Kopia.jpg 750w\" sizes=\"(max-width: 258px) 100vw, 258px\" \/><img loading=\"lazy\" class=\"alignnone  wp-image-78513\" src=\"http:\/\/www.filindeblogg.nu\/wp-content\/uploads\/2019\/03\/HJ\u00c4RTA-300x280.jpg\" alt=\"\" width=\"18\" height=\"17\" srcset=\"http:\/\/www.filindeblogg.nu\/wp-content\/uploads\/2019\/03\/HJ\u00c4RTA-300x280.jpg 300w, http:\/\/www.filindeblogg.nu\/wp-content\/uploads\/2019\/03\/HJ\u00c4RTA-150x150.jpg 150w, http:\/\/www.filindeblogg.nu\/wp-content\/uploads\/2019\/03\/HJ\u00c4RTA-144x144.jpg 144w, http:\/\/www.filindeblogg.nu\/wp-content\/uploads\/2019\/03\/HJ\u00c4RTA.jpg 666w\" sizes=\"(max-width: 18px) 100vw, 18px\" \/>Vi ses igen&#8230;<\/p>\n<p>&nbsp;<\/p>\n<p>&nbsp;<\/p>\n<p>&nbsp;<\/p>\n<p>&nbsp;<\/p>\n","protected":false},"excerpt":{"rendered":"<p>Tullstugan f\u00f6rst! Den f d lilla tullstugan \u00e4r den som ligger intill mitt stora hus p\u00e5 bilden, l\u00e4ngst bort till h\u00f6ger. Det lilla fina huset som jag s\u00e5lde f\u00f6rra \u00e5ret till Gustav och Angelica \u00d6berg.\u00a0 Nu \u00e4r det dags att se det senaste som h\u00e4nt inuti stugan! Vi kliver v\u00e4l in! Det \u00e4r ju inte [&hellip;]<\/p>\n","protected":false},"author":1,"featured_media":0,"comment_status":"open","ping_status":"open","sticky":false,"template":"","format":"standard","meta":[],"categories":[127,218,257,225,137,181,161,255,100,259,256,233,132,262,101,167],"tags":[],"_links":{"self":[{"href":"http:\/\/www.filindeblogg.nu\/index.php?rest_route=\/wp\/v2\/posts\/78547"}],"collection":[{"href":"http:\/\/www.filindeblogg.nu\/index.php?rest_route=\/wp\/v2\/posts"}],"about":[{"href":"http:\/\/www.filindeblogg.nu\/index.php?rest_route=\/wp\/v2\/types\/post"}],"author":[{"embeddable":true,"href":"http:\/\/www.filindeblogg.nu\/index.php?rest_route=\/wp\/v2\/users\/1"}],"replies":[{"embeddable":true,"href":"http:\/\/www.filindeblogg.nu\/index.php?rest_route=%2Fwp%2Fv2%2Fcomments&post=78547"}],"version-history":[{"count":37,"href":"http:\/\/www.filindeblogg.nu\/index.php?rest_route=\/wp\/v2\/posts\/78547\/revisions"}],"predecessor-version":[{"id":78626,"href":"http:\/\/www.filindeblogg.nu\/index.php?rest_route=\/wp\/v2\/posts\/78547\/revisions\/78626"}],"wp:attachment":[{"href":"http:\/\/www.filindeblogg.nu\/index.php?rest_route=%2Fwp%2Fv2%2Fmedia&parent=78547"}],"wp:term":[{"taxonomy":"category","embeddable":true,"href":"http:\/\/www.filindeblogg.nu\/index.php?rest_route=%2Fwp%2Fv2%2Fcategories&post=78547"},{"taxonomy":"post_tag","embeddable":true,"href":"http:\/\/www.filindeblogg.nu\/index.php?rest_route=%2Fwp%2Fv2%2Ftags&post=78547"}],"curies":[{"name":"wp","href":"https:\/\/api.w.org\/{rel}","templated":true}]}}