{"id":78472,"date":"2019-02-10T12:41:04","date_gmt":"2019-02-10T11:41:04","guid":{"rendered":"http:\/\/www.filindeblogg.nu\/?p=78472"},"modified":"2019-02-10T12:41:04","modified_gmt":"2019-02-10T11:41:04","slug":"mera-tullstuga","status":"publish","type":"post","link":"http:\/\/www.filindeblogg.nu\/?p=78472","title":{"rendered":"Mera tullstuga!!"},"content":{"rendered":"<p><img loading=\"lazy\" class=\"alignnone size-medium wp-image-78437\" src=\"http:\/\/www.filindeblogg.nu\/wp-content\/uploads\/2019\/02\/IMG_4710-300x225.jpg\" alt=\"\" width=\"300\" height=\"225\" srcset=\"http:\/\/www.filindeblogg.nu\/wp-content\/uploads\/2019\/02\/IMG_4710-300x225.jpg 300w, http:\/\/www.filindeblogg.nu\/wp-content\/uploads\/2019\/02\/IMG_4710.jpg 404w\" sizes=\"(max-width: 300px) 100vw, 300px\" \/> Idag hade jag turen att tr\u00e4ffa p\u00e5 <strong>Gustav<\/strong> som jag s\u00e5lde den lilla tullstugan till! <strong>Gustav \u00d6berg<\/strong> \u00e4r alltid s\u00e5 bussig och visar mig g\u00e4rna runt i huset! H\u00e4r kommer fler bilder!<\/p>\n<p><img loading=\"lazy\" class=\"alignnone size-medium wp-image-78473\" src=\"http:\/\/www.filindeblogg.nu\/wp-content\/uploads\/2019\/02\/IMG_4820-225x300.jpg\" alt=\"\" width=\"225\" height=\"300\" srcset=\"http:\/\/www.filindeblogg.nu\/wp-content\/uploads\/2019\/02\/IMG_4820-225x300.jpg 225w, http:\/\/www.filindeblogg.nu\/wp-content\/uploads\/2019\/02\/IMG_4820.jpg 378w\" sizes=\"(max-width: 225px) 100vw, 225px\" \/> Gustav har sl\u00e4ppt in mig i f\u00f6rstugan, som var garage tidigare. H\u00e4r blir det grovk\u00f6k med tv\u00e4ttmaskin och torktumlare till h\u00f6ger. Den gula d\u00f6rren \u00e4r en gammal garderobsd\u00f6rr som Gustav hittat.<br \/>\nDen f\u00e5r bli d\u00f6rr till badrummet! <img loading=\"lazy\" class=\"alignnone size-medium wp-image-78474\" src=\"http:\/\/www.filindeblogg.nu\/wp-content\/uploads\/2019\/02\/IMG_4822-225x300.jpg\" alt=\"\" width=\"225\" height=\"300\" srcset=\"http:\/\/www.filindeblogg.nu\/wp-content\/uploads\/2019\/02\/IMG_4822-225x300.jpg 225w, http:\/\/www.filindeblogg.nu\/wp-content\/uploads\/2019\/02\/IMG_4822.jpg 378w\" sizes=\"(max-width: 225px) 100vw, 225px\" \/> Badrummet blir inte stort men funktionellt och med f\u00f6nster!\u00a0<img loading=\"lazy\" class=\"alignnone size-medium wp-image-78476\" src=\"http:\/\/www.filindeblogg.nu\/wp-content\/uploads\/2019\/02\/IMG_4824-225x300.jpg\" alt=\"\" width=\"225\" height=\"300\" srcset=\"http:\/\/www.filindeblogg.nu\/wp-content\/uploads\/2019\/02\/IMG_4824-225x300.jpg 225w, http:\/\/www.filindeblogg.nu\/wp-content\/uploads\/2019\/02\/IMG_4824.jpg 378w\" sizes=\"(max-width: 225px) 100vw, 225px\" \/> Sv\u00e5rt att g\u00f6ra sig en bild nu men det blir duschkabin, toalett och handfat!<br \/>\nGolvet \u00e4r lagt utanf\u00f6r! <img loading=\"lazy\" class=\"alignnone size-medium wp-image-78475\" src=\"http:\/\/www.filindeblogg.nu\/wp-content\/uploads\/2019\/02\/IMG_4836-300x225.jpg\" alt=\"\" width=\"300\" height=\"225\" srcset=\"http:\/\/www.filindeblogg.nu\/wp-content\/uploads\/2019\/02\/IMG_4836-300x225.jpg 300w, http:\/\/www.filindeblogg.nu\/wp-content\/uploads\/2019\/02\/IMG_4836.jpg 504w\" sizes=\"(max-width: 300px) 100vw, 300px\" \/><\/p>\n<p>Det blivande k\u00f6ket: <img loading=\"lazy\" class=\"alignnone size-medium wp-image-78478\" src=\"http:\/\/www.filindeblogg.nu\/wp-content\/uploads\/2019\/02\/IMG_4821-225x300.jpg\" alt=\"\" width=\"225\" height=\"300\" srcset=\"http:\/\/www.filindeblogg.nu\/wp-content\/uploads\/2019\/02\/IMG_4821-225x300.jpg 225w, http:\/\/www.filindeblogg.nu\/wp-content\/uploads\/2019\/02\/IMG_4821.jpg 378w\" sizes=\"(max-width: 225px) 100vw, 225px\" \/> &#8221;<em>&#8211; K\u00f6ksinredningen kommer n\u00e4sta vecka&#8221;,<\/em> sa Gustav! Jag bara jublade! S\u00e5 h\u00e4rligt att se allt v\u00e4xa fram!<\/p>\n<p>Rummet p\u00e5 nedre botten! <img loading=\"lazy\" class=\"alignnone size-medium wp-image-78477\" src=\"http:\/\/www.filindeblogg.nu\/wp-content\/uploads\/2019\/02\/IMG_4825-300x225.jpg\" alt=\"\" width=\"300\" height=\"225\" srcset=\"http:\/\/www.filindeblogg.nu\/wp-content\/uploads\/2019\/02\/IMG_4825-300x225.jpg 300w, http:\/\/www.filindeblogg.nu\/wp-content\/uploads\/2019\/02\/IMG_4825.jpg 504w\" sizes=\"(max-width: 300px) 100vw, 300px\" \/><br \/>\nIntill kaminen finns f\u00f6rvaring f\u00f6r ved och ett litet spritsk\u00e5p ovanp\u00e5! \ud83d\ude42 <img loading=\"lazy\" class=\"alignnone size-medium wp-image-78479\" src=\"http:\/\/www.filindeblogg.nu\/wp-content\/uploads\/2019\/02\/IMG_4828-225x300.jpg\" alt=\"\" width=\"225\" height=\"300\" srcset=\"http:\/\/www.filindeblogg.nu\/wp-content\/uploads\/2019\/02\/IMG_4828-225x300.jpg 225w, http:\/\/www.filindeblogg.nu\/wp-content\/uploads\/2019\/02\/IMG_4828.jpg 378w\" sizes=\"(max-width: 225px) 100vw, 225px\" \/><\/p>\n<p><img loading=\"lazy\" class=\"size-medium wp-image-78482 aligncenter\" src=\"http:\/\/www.filindeblogg.nu\/wp-content\/uploads\/2019\/02\/IMG_4826-225x300.jpg\" alt=\"\" width=\"225\" height=\"300\" srcset=\"http:\/\/www.filindeblogg.nu\/wp-content\/uploads\/2019\/02\/IMG_4826-225x300.jpg 225w, http:\/\/www.filindeblogg.nu\/wp-content\/uploads\/2019\/02\/IMG_4826.jpg 378w\" sizes=\"(max-width: 225px) 100vw, 225px\" \/><br \/>\nI h\u00f6rnet i rummet st\u00e5r ytterligare en kamin. <img loading=\"lazy\" class=\"alignnone size-medium wp-image-78480\" src=\"http:\/\/www.filindeblogg.nu\/wp-content\/uploads\/2019\/02\/IMG_4835-225x300.jpg\" alt=\"\" width=\"225\" height=\"300\" srcset=\"http:\/\/www.filindeblogg.nu\/wp-content\/uploads\/2019\/02\/IMG_4835-225x300.jpg 225w, http:\/\/www.filindeblogg.nu\/wp-content\/uploads\/2019\/02\/IMG_4835.jpg 378w\" sizes=\"(max-width: 225px) 100vw, 225px\" \/> Den ska upp p\u00e5 \u00f6verv\u00e5ningen!<\/p>\n<p><img loading=\"lazy\" class=\"alignnone size-medium wp-image-78481\" src=\"http:\/\/www.filindeblogg.nu\/wp-content\/uploads\/2019\/02\/IMG_4829-300x225.jpg\" alt=\"\" width=\"300\" height=\"225\" srcset=\"http:\/\/www.filindeblogg.nu\/wp-content\/uploads\/2019\/02\/IMG_4829-300x225.jpg 300w, http:\/\/www.filindeblogg.nu\/wp-content\/uploads\/2019\/02\/IMG_4829.jpg 486w\" sizes=\"(max-width: 300px) 100vw, 300px\" \/> Trappan p\u00e5 v\u00e4gen upp har f\u00e5tt en liten avsats h\u00f6gst upp eftersom golvet lutade s\u00e5. Det finns inga r\u00e4ta vinklar och vr\u00e5r i detta gamla 1600-talshus!<\/p>\n<p>\u00d6verv\u00e5ningen med tv\u00e5 rum. <img loading=\"lazy\" class=\"alignnone size-medium wp-image-78483\" src=\"http:\/\/www.filindeblogg.nu\/wp-content\/uploads\/2019\/02\/IMG_4830-225x300.jpg\" alt=\"\" width=\"225\" height=\"300\" srcset=\"http:\/\/www.filindeblogg.nu\/wp-content\/uploads\/2019\/02\/IMG_4830-225x300.jpg 225w, http:\/\/www.filindeblogg.nu\/wp-content\/uploads\/2019\/02\/IMG_4830.jpg 378w\" sizes=\"(max-width: 225px) 100vw, 225px\" \/><br \/>\nH\u00e4r till v\u00e4nster ska ett smidesr\u00e4cke s\u00e4ttas upp. <img loading=\"lazy\" class=\"alignnone size-medium wp-image-78484\" src=\"http:\/\/www.filindeblogg.nu\/wp-content\/uploads\/2019\/02\/IMG_4831-225x300.jpg\" alt=\"\" width=\"225\" height=\"300\" srcset=\"http:\/\/www.filindeblogg.nu\/wp-content\/uploads\/2019\/02\/IMG_4831-225x300.jpg 225w, http:\/\/www.filindeblogg.nu\/wp-content\/uploads\/2019\/02\/IMG_4831.jpg 378w\" sizes=\"(max-width: 225px) 100vw, 225px\" \/> Ljus kommer in fr\u00e5n takf\u00f6nstret. Och kaminen som stod l\u00f6st i k\u00f6ket ska sitta h\u00e4r: <img loading=\"lazy\" class=\"alignnone size-medium wp-image-78485\" src=\"http:\/\/www.filindeblogg.nu\/wp-content\/uploads\/2019\/02\/IMG_4831-Kopia-225x300.jpg\" alt=\"\" width=\"225\" height=\"300\" srcset=\"http:\/\/www.filindeblogg.nu\/wp-content\/uploads\/2019\/02\/IMG_4831-Kopia-225x300.jpg 225w, http:\/\/www.filindeblogg.nu\/wp-content\/uploads\/2019\/02\/IMG_4831-Kopia.jpg 378w\" sizes=\"(max-width: 225px) 100vw, 225px\" \/><\/p>\n<p><strong>Thomas &#8221;Ketchup&#8221; Andersson<\/strong> som murar har sparat en del detaljer &#8221;p\u00e5 kul&#8221;. <img loading=\"lazy\" class=\"alignnone size-medium wp-image-78486\" src=\"http:\/\/www.filindeblogg.nu\/wp-content\/uploads\/2019\/02\/IMG_4834-225x300.jpg\" alt=\"\" width=\"225\" height=\"300\" srcset=\"http:\/\/www.filindeblogg.nu\/wp-content\/uploads\/2019\/02\/IMG_4834-225x300.jpg 225w, http:\/\/www.filindeblogg.nu\/wp-content\/uploads\/2019\/02\/IMG_4834.jpg 378w\" sizes=\"(max-width: 225px) 100vw, 225px\" \/><\/p>\n<p>Jag tror att Gustav \u00e4r v\u00e4ldigt n\u00f6jd med sitt lilla hus. Han r\u00e4knar med att allt ska vara klart till slutet av mars m\u00e5nad. Vi f\u00e5r se om han f\u00e5r r\u00e4tt. Och <strong>NI<\/strong> f\u00e5r se det ocks\u00e5 &#8211; eftersom jag sj\u00e4lvklart kommer att l\u00e4gga ut fler bilder p\u00e5 tullstugan, den f d kiosken som nu blir en unik och fin bostad mitt i <strong>Arboga<\/strong> men med lugnt och vackert l\u00e4ge!<\/p>\n<p><img loading=\"lazy\" class=\"size-medium wp-image-78487 aligncenter\" src=\"http:\/\/www.filindeblogg.nu\/wp-content\/uploads\/2019\/02\/IMG_4705-1-300x196.jpg\" alt=\"\" width=\"300\" height=\"196\" srcset=\"http:\/\/www.filindeblogg.nu\/wp-content\/uploads\/2019\/02\/IMG_4705-1-300x196.jpg 300w, http:\/\/www.filindeblogg.nu\/wp-content\/uploads\/2019\/02\/IMG_4705-1.jpg 495w\" sizes=\"(max-width: 300px) 100vw, 300px\" \/><\/p>\n<p><img loading=\"lazy\" class=\"alignnone size-medium wp-image-78488\" src=\"http:\/\/www.filindeblogg.nu\/wp-content\/uploads\/2019\/02\/IMG_4800-227x300.jpg\" alt=\"\" width=\"227\" height=\"300\" srcset=\"http:\/\/www.filindeblogg.nu\/wp-content\/uploads\/2019\/02\/IMG_4800-227x300.jpg 227w, http:\/\/www.filindeblogg.nu\/wp-content\/uploads\/2019\/02\/IMG_4800.jpg 375w\" sizes=\"(max-width: 227px) 100vw, 227px\" \/> 3-4 plusgrader och sn\u00f6n f\u00f6rsvinner snabbt. <strong>Glasbl\u00e5sarg\u00e5rden<\/strong> har snart barmark!<br \/>\nOch i rabatten v\u00e4cks v\u00e5rk\u00e4nslorna till liv! <img loading=\"lazy\" class=\"alignnone size-medium wp-image-78489\" src=\"http:\/\/www.filindeblogg.nu\/wp-content\/uploads\/2019\/02\/IMG_4801-227x300.jpg\" alt=\"\" width=\"227\" height=\"300\" srcset=\"http:\/\/www.filindeblogg.nu\/wp-content\/uploads\/2019\/02\/IMG_4801-227x300.jpg 227w, http:\/\/www.filindeblogg.nu\/wp-content\/uploads\/2019\/02\/IMG_4801.jpg 375w\" sizes=\"(max-width: 227px) 100vw, 227px\" \/> Precis som jag sa i bloggen ig\u00e5r: <img loading=\"lazy\" class=\"alignnone size-medium wp-image-78490\" src=\"http:\/\/www.filindeblogg.nu\/wp-content\/uploads\/2019\/02\/IMG_4803-298x300.jpg\" alt=\"\" width=\"298\" height=\"300\" srcset=\"http:\/\/www.filindeblogg.nu\/wp-content\/uploads\/2019\/02\/IMG_4803-298x300.jpg 298w, http:\/\/www.filindeblogg.nu\/wp-content\/uploads\/2019\/02\/IMG_4803-150x150.jpg 150w, http:\/\/www.filindeblogg.nu\/wp-content\/uploads\/2019\/02\/IMG_4803-144x144.jpg 144w, http:\/\/www.filindeblogg.nu\/wp-content\/uploads\/2019\/02\/IMG_4803.jpg 750w\" sizes=\"(max-width: 298px) 100vw, 298px\" \/><\/p>\n<p>Ha en fin s\u00f6ndag! Det har jag! Och vi ses igen s\u00e5 fort jag har h\u00e4rliga bilder att l\u00e4gga ut eller h\u00e4ndelser som bara m\u00e5ste ventileras, protesteras mot, hyllas \u00f6ver eller reageras p\u00e5!<br \/>\n<img loading=\"lazy\" class=\"alignnone  wp-image-78396\" src=\"http:\/\/www.filindeblogg.nu\/wp-content\/uploads\/2019\/02\/Smiley-stirrande-\u00f6gon.jpg\" alt=\"\" width=\"82\" height=\"82\" srcset=\"http:\/\/www.filindeblogg.nu\/wp-content\/uploads\/2019\/02\/Smiley-stirrande-\u00f6gon.jpg 236w, http:\/\/www.filindeblogg.nu\/wp-content\/uploads\/2019\/02\/Smiley-stirrande-\u00f6gon-150x150.jpg 150w, http:\/\/www.filindeblogg.nu\/wp-content\/uploads\/2019\/02\/Smiley-stirrande-\u00f6gon-144x144.jpg 144w\" sizes=\"(max-width: 82px) 100vw, 82px\" \/><img loading=\"lazy\" class=\"alignnone  wp-image-78418\" src=\"http:\/\/www.filindeblogg.nu\/wp-content\/uploads\/2019\/02\/J\u00c4TTEARG-smiley-1.jpg\" alt=\"\" width=\"77\" height=\"77\" srcset=\"http:\/\/www.filindeblogg.nu\/wp-content\/uploads\/2019\/02\/J\u00c4TTEARG-smiley-1.jpg 216w, http:\/\/www.filindeblogg.nu\/wp-content\/uploads\/2019\/02\/J\u00c4TTEARG-smiley-1-150x150.jpg 150w, http:\/\/www.filindeblogg.nu\/wp-content\/uploads\/2019\/02\/J\u00c4TTEARG-smiley-1-144x144.jpg 144w\" sizes=\"(max-width: 77px) 100vw, 77px\" \/><img loading=\"lazy\" class=\"alignnone  wp-image-78458\" src=\"http:\/\/www.filindeblogg.nu\/wp-content\/uploads\/2019\/02\/Skrattande-svettig-smiley.png\" alt=\"\" width=\"80\" height=\"83\" \/><img loading=\"lazy\" class=\"alignnone  wp-image-77312\" src=\"http:\/\/www.filindeblogg.nu\/wp-content\/uploads\/2018\/08\/Puss-smiley.jpg\" alt=\"\" width=\"91\" height=\"88\" \/><\/p>\n","protected":false},"excerpt":{"rendered":"<p>Idag hade jag turen att tr\u00e4ffa p\u00e5 Gustav som jag s\u00e5lde den lilla tullstugan till! Gustav \u00d6berg \u00e4r alltid s\u00e5 bussig och visar mig g\u00e4rna runt i huset! H\u00e4r kommer fler bilder! Gustav har sl\u00e4ppt in mig i f\u00f6rstugan, som var garage tidigare. H\u00e4r blir det grovk\u00f6k med tv\u00e4ttmaskin och torktumlare till h\u00f6ger. Den gula [&hellip;]<\/p>\n","protected":false},"author":1,"featured_media":0,"comment_status":"open","ping_status":"open","sticky":false,"template":"","format":"standard","meta":[],"categories":[127,137,255,233],"tags":[],"_links":{"self":[{"href":"http:\/\/www.filindeblogg.nu\/index.php?rest_route=\/wp\/v2\/posts\/78472"}],"collection":[{"href":"http:\/\/www.filindeblogg.nu\/index.php?rest_route=\/wp\/v2\/posts"}],"about":[{"href":"http:\/\/www.filindeblogg.nu\/index.php?rest_route=\/wp\/v2\/types\/post"}],"author":[{"embeddable":true,"href":"http:\/\/www.filindeblogg.nu\/index.php?rest_route=\/wp\/v2\/users\/1"}],"replies":[{"embeddable":true,"href":"http:\/\/www.filindeblogg.nu\/index.php?rest_route=%2Fwp%2Fv2%2Fcomments&post=78472"}],"version-history":[{"count":16,"href":"http:\/\/www.filindeblogg.nu\/index.php?rest_route=\/wp\/v2\/posts\/78472\/revisions"}],"predecessor-version":[{"id":78506,"href":"http:\/\/www.filindeblogg.nu\/index.php?rest_route=\/wp\/v2\/posts\/78472\/revisions\/78506"}],"wp:attachment":[{"href":"http:\/\/www.filindeblogg.nu\/index.php?rest_route=%2Fwp%2Fv2%2Fmedia&parent=78472"}],"wp:term":[{"taxonomy":"category","embeddable":true,"href":"http:\/\/www.filindeblogg.nu\/index.php?rest_route=%2Fwp%2Fv2%2Fcategories&post=78472"},{"taxonomy":"post_tag","embeddable":true,"href":"http:\/\/www.filindeblogg.nu\/index.php?rest_route=%2Fwp%2Fv2%2Ftags&post=78472"}],"curies":[{"name":"wp","href":"https:\/\/api.w.org\/{rel}","templated":true}]}}