{"id":77839,"date":"2018-11-10T14:58:08","date_gmt":"2018-11-10T13:58:08","guid":{"rendered":"http:\/\/www.filindeblogg.nu\/?p=77839"},"modified":"2018-11-10T14:58:08","modified_gmt":"2018-11-10T13:58:08","slug":"dagen-da-jag-slutade-curla","status":"publish","type":"post","link":"http:\/\/www.filindeblogg.nu\/?p=77839","title":{"rendered":"Dagen d\u00e5 jag slutade curla."},"content":{"rendered":"<p><strong><img loading=\"lazy\" class=\"alignnone size-full wp-image-77848\" src=\"http:\/\/www.filindeblogg.nu\/wp-content\/uploads\/2018\/11\/Fundersam-smiley.jpg\" alt=\"\" width=\"195\" height=\"259\" \/><\/strong>En dag best\u00e4mde jag mig! Nu f\u00e5r det vara nog.<\/p>\n<p><img loading=\"lazy\" class=\"alignnone  wp-image-77846\" src=\"http:\/\/www.filindeblogg.nu\/wp-content\/uploads\/2018\/11\/index.jpg\" alt=\"\" width=\"153\" height=\"142\" \/>\u00a0Jag \u00e4lskar att ge! \u00c4lskar att bry mig om, att visa uppskattning, f\u00f6rgylla vardagen f\u00f6r n\u00e5gon, \u00f6verraska med n\u00e5got bara f\u00f6r att g\u00f6ra n\u00e5gon annan glad.<br \/>\nJag \u00e4lskar ocks\u00e5 att f\u00e5 vykort \u2013 och att skicka! Det g\u00e4ller \u00e4ven jul- och p\u00e5skkort och sj\u00e4lvklart gratulationskort p\u00e5 f\u00f6delsedagar och namnsdagar \u2013 joho d\u00e5, \u00e4ven namnsdagar!<\/p>\n<p>Men med \u00e5ren har m\u00e4nniskor slutat skicka kort. Det kommer f\u00e4rre och f\u00e4rre julkort och s\u00e5 gott som inga p\u00e5skkort alls. Gratulationskort kan det komma men vykort fr\u00e5n semesterresor \u2013 n\u00e4stan aldrig. <img loading=\"lazy\" class=\"alignnone  wp-image-77841\" src=\"http:\/\/www.filindeblogg.nu\/wp-content\/uploads\/2018\/11\/Neutral-smiley.jpg\" alt=\"\" width=\"62\" height=\"62\" srcset=\"http:\/\/www.filindeblogg.nu\/wp-content\/uploads\/2018\/11\/Neutral-smiley.jpg 225w, http:\/\/www.filindeblogg.nu\/wp-content\/uploads\/2018\/11\/Neutral-smiley-150x150.jpg 150w, http:\/\/www.filindeblogg.nu\/wp-content\/uploads\/2018\/11\/Neutral-smiley-144x144.jpg 144w\" sizes=\"(max-width: 62px) 100vw, 62px\" \/><\/p>\n<p>Det handlar om att bry sig om varandra \u2013 och att visa det, s\u00e5 k\u00e4nner jag.<\/p>\n<p>F\u00f6r mig \u00e4r samh\u00f6righet viktig. Omsorg och omtanke. Att bry sig. Det betyder ocks\u00e5 att jag ber\u00e4ttar n\u00e4r jag ska \u00e5ka bort och talar om n\u00e4r jag \u00e4r hemma igen. Uppskattar ocks\u00e5 att mina n\u00e4ra g\u00f6r detsamma. K\u00e4nslan av gemenskap \u2013 att vi bryr oss om varandra \u2013 att vi har lite koll p\u00e5 att allt st\u00e5r r\u00e4tt till. Att vi finns d\u00e4r f\u00f6r varandra.<br \/>\nDet har jag l\u00e4rt mig hemifr\u00e5n fr\u00e5n mina f\u00f6r\u00e4ldrar. Vi hade en s\u00e4rskild ringsignal f\u00f6r att meddela: <em>&#8211; Nu \u00e4r jag hemma! Nu beh\u00f6ver du inte oroa dig mer.<\/em><br \/>\nEn telefonsignal \u2013 det r\u00e4ckte.<\/p>\n<p><img loading=\"lazy\" class=\"alignnone  wp-image-77842\" src=\"http:\/\/www.filindeblogg.nu\/wp-content\/uploads\/2018\/11\/Os\u00e4ker-smiley.jpg\" alt=\"\" width=\"112\" height=\"112\" srcset=\"http:\/\/www.filindeblogg.nu\/wp-content\/uploads\/2018\/11\/Os\u00e4ker-smiley.jpg 225w, http:\/\/www.filindeblogg.nu\/wp-content\/uploads\/2018\/11\/Os\u00e4ker-smiley-150x150.jpg 150w, http:\/\/www.filindeblogg.nu\/wp-content\/uploads\/2018\/11\/Os\u00e4ker-smiley-144x144.jpg 144w\" sizes=\"(max-width: 112px) 100vw, 112px\" \/>\u00a0Men jag har best\u00e4mt mig. Det v\u00e5r vara nog nu.<\/p>\n<p>Jag vill inte g\u00f6ra avkall p\u00e5 min medk\u00e4nsla, min omsorg och min \u00f6nskan om att g\u00f6ra livet lite ljusare f\u00f6r n\u00e5gon om jag bara kan. MEN \u2013 jag hejdar mig en smula. V\u00e4ger in hur mycket det \u00e4r v\u00e4rt.<\/p>\n<p>Med det menar jag inte att jag f\u00f6rv\u00e4ntar mig tack och st\u00e5ende ovationer f\u00f6r det jag g\u00f6r \u2013 inte alls. Det \u00e4r inte den personlighetstyp jag \u00e4r.<br \/>\nMen att hela tiden och ge och inte f\u00e5 respons ger en k\u00e4nsla av tomhet. En sorg. Som att ha en konversation med ett fotografi eller en bild. Glada, varma k\u00e4nslor som ges \u2013 men som aldrig studsar tillbaka. <img loading=\"lazy\" class=\"alignnone  wp-image-77843\" src=\"http:\/\/www.filindeblogg.nu\/wp-content\/uploads\/2018\/11\/Sorgsen-smiley.jpg\" alt=\"\" width=\"107\" height=\"102\" \/><\/p>\n<p>Det handlar inte om bitterhet eller missn\u00f6je fr\u00e5n min sida. Snarare t\u00e4nker jag \u2013 mina omsorger kanske \u00e4r besv\u00e4rande?<br \/>\nAtt inte tacka f\u00f6r ett vykort eller en gratulation betyder kanske: <em>&#8211; \u00c5h herre Gud, nu skickar hon kort igen och det betyder att jag ocks\u00e5 m\u00e5ste skicka n\u00e4sta g\u00e5ng\u2026<\/em><br \/>\nEller: <em>&#8211; Jaha, d\u00e4r kom \u00e4nnu ett telefonsamtal och ett sms \u2013 att hon inte ger sig!! Jag orkar inte ber\u00e4tta hela tiden att jag kommit hem! Orkar inte ber\u00e4tta vad som h\u00e4nder i mitt liv. Varf\u00f6r m\u00e5ste jag? Kan hon inte bara sluta tjata!<\/p>\n<p><\/em> Det handlar f\u00f6r mig om att v\u00e4xa. Fr\u00e5n b\u00e5das h\u00e5ll. B\u00e5de f\u00f6r den som ger av sig sj\u00e4lv och f\u00f6r den som \u00e4r mottagare.<br \/>\nOch det finns en gr\u00e4ns. N\u00e4r ens omtanke och v\u00e4rme stelnar till och blir kall. N\u00e4r man ger upp &#8211; f\u00f6r det verkar \u00e4nd\u00e5 inte uppskattas \u2013 eller tv\u00e4rtom \u2013 det kanske bara \u00e4r jobbigt f\u00f6r motparten. <img loading=\"lazy\" class=\"alignnone  wp-image-77844\" src=\"http:\/\/www.filindeblogg.nu\/wp-content\/uploads\/2018\/11\/Sorgsen-smiley-2.jpg\" alt=\"\" width=\"119\" height=\"116\" \/><\/p>\n<p>D\u00e5 v\u00e4xer jag. Slutar curla, som jag kallar det. Slutar visa s\u00e5 mycket k\u00e4nslor hela tiden. F\u00f6r jag k\u00e4nner mig stark och f\u00f6rst\u00e5r att ta vara p\u00e5 mig sj\u00e4lv. V\u00e4xer f\u00f6r att sj\u00e4lv orka och m\u00e5 bra.<\/p>\n<p><strong><img loading=\"lazy\" class=\"alignnone size-full wp-image-77840\" src=\"http:\/\/www.filindeblogg.nu\/wp-content\/uploads\/2018\/11\/Fundersam-smiley-2.png\" alt=\"\" width=\"299\" height=\"168\" \/><\/strong> Motparten beh\u00f6ver kanske ocks\u00e5 v\u00e4xa. Best\u00e4mma sig f\u00f6r hur han\/hon ska f\u00f6rh\u00e5lla sig. Ska det vara omtanke och medk\u00e4nsla \u2013 eller inte, och om \u2013 hur mycket?<\/p>\n<p>Och vad inneb\u00e4r det att sluta bry sig om? Om det k\u00e4nns jobbigt och pressade att bem\u00f6ta n\u00e5gon \u2013 hur k\u00e4nns det den dag du sj\u00e4lv beh\u00f6ver k\u00e4nna att n\u00e5gon finns d\u00e4r? N\u00e4r du sj\u00e4lv beh\u00f6ver ha koll p\u00e5 att dina n\u00e4rmaste m\u00e5r bra? En form av ansvar faktiskt.<\/p>\n<p>Handlar det kanske om livspusslet och stress i vardagen &#8211; att inte ha tid att bry sig om? Och vad betyder det i sin tur? Vad \u00e4r viktigt i livet och inte?<\/p>\n<p><img loading=\"lazy\" class=\"size-medium wp-image-77845 aligncenter\" src=\"http:\/\/www.filindeblogg.nu\/wp-content\/uploads\/2018\/11\/Hur-ska-jag-vara-smiley-300x114.jpg\" alt=\"\" width=\"300\" height=\"114\" srcset=\"http:\/\/www.filindeblogg.nu\/wp-content\/uploads\/2018\/11\/Hur-ska-jag-vara-smiley-300x114.jpg 300w, http:\/\/www.filindeblogg.nu\/wp-content\/uploads\/2018\/11\/Hur-ska-jag-vara-smiley.jpg 342w\" sizes=\"(max-width: 300px) 100vw, 300px\" \/><\/p>\n<p>En tanke. Ett val. Jag har gjort mitt.<\/p>\n<p>Det k\u00e4nns lite ledsamt och jag kan s\u00e4kert inte h\u00e5lla mig.<br \/>\nMen det jag nu kommer att g\u00f6ra &#8211; det g\u00f6r jag mera f\u00f6r min egen skull. F\u00f6r att jag bryr mig om n\u00e5gon. \u00a0F\u00f6r att det k\u00e4nns gott i mig. F\u00f6r jag \u00e4lskar att ge av mig sj\u00e4lv.<\/p>\n<p>Jag hoppas sj\u00e4lvklart att motparten ska uppskatta det jag g\u00f6r\u00a0 \u2013 men \u00e4r det besv\u00e4rande och bara jobbigt s\u00e5 hoppas jag personen v\u00e5gar s\u00e4ga ifr\u00e5n. F\u00f6r det \u00e4r ocks\u00e5 att bry sig om \u2013 och att v\u00e4xa.<\/p>\n<p>Jag har slutat curla! Hur g\u00f6r du?<\/p>\n<p><img loading=\"lazy\" class=\"alignnone size-full wp-image-77847 aligncenter\" src=\"http:\/\/www.filindeblogg.nu\/wp-content\/uploads\/2018\/11\/Kram-smiley.jpg\" alt=\"\" width=\"279\" height=\"181\" \/><\/p>\n","protected":false},"excerpt":{"rendered":"<p>En dag best\u00e4mde jag mig! Nu f\u00e5r det vara nog. \u00a0Jag \u00e4lskar att ge! \u00c4lskar att bry mig om, att visa uppskattning, f\u00f6rgylla vardagen f\u00f6r n\u00e5gon, \u00f6verraska med n\u00e5got bara f\u00f6r att g\u00f6ra n\u00e5gon annan glad. Jag \u00e4lskar ocks\u00e5 att f\u00e5 vykort \u2013 och att skicka! Det g\u00e4ller \u00e4ven jul- och p\u00e5skkort och sj\u00e4lvklart gratulationskort [&hellip;]<\/p>\n","protected":false},"author":1,"featured_media":0,"comment_status":"open","ping_status":"open","sticky":false,"template":"","format":"standard","meta":[],"categories":[196,203,100,132,201,101,134],"tags":[],"_links":{"self":[{"href":"http:\/\/www.filindeblogg.nu\/index.php?rest_route=\/wp\/v2\/posts\/77839"}],"collection":[{"href":"http:\/\/www.filindeblogg.nu\/index.php?rest_route=\/wp\/v2\/posts"}],"about":[{"href":"http:\/\/www.filindeblogg.nu\/index.php?rest_route=\/wp\/v2\/types\/post"}],"author":[{"embeddable":true,"href":"http:\/\/www.filindeblogg.nu\/index.php?rest_route=\/wp\/v2\/users\/1"}],"replies":[{"embeddable":true,"href":"http:\/\/www.filindeblogg.nu\/index.php?rest_route=%2Fwp%2Fv2%2Fcomments&post=77839"}],"version-history":[{"count":3,"href":"http:\/\/www.filindeblogg.nu\/index.php?rest_route=\/wp\/v2\/posts\/77839\/revisions"}],"predecessor-version":[{"id":77851,"href":"http:\/\/www.filindeblogg.nu\/index.php?rest_route=\/wp\/v2\/posts\/77839\/revisions\/77851"}],"wp:attachment":[{"href":"http:\/\/www.filindeblogg.nu\/index.php?rest_route=%2Fwp%2Fv2%2Fmedia&parent=77839"}],"wp:term":[{"taxonomy":"category","embeddable":true,"href":"http:\/\/www.filindeblogg.nu\/index.php?rest_route=%2Fwp%2Fv2%2Fcategories&post=77839"},{"taxonomy":"post_tag","embeddable":true,"href":"http:\/\/www.filindeblogg.nu\/index.php?rest_route=%2Fwp%2Fv2%2Ftags&post=77839"}],"curies":[{"name":"wp","href":"https:\/\/api.w.org\/{rel}","templated":true}]}}