{"id":77662,"date":"2018-09-25T14:18:29","date_gmt":"2018-09-25T13:18:29","guid":{"rendered":"http:\/\/www.filindeblogg.nu\/?p=77662"},"modified":"2018-09-25T14:18:29","modified_gmt":"2018-09-25T13:18:29","slug":"dont-sit-under-the-appel-tree-with-anyone-else-but-me-lite-fin-tullstuga-ocksa","status":"publish","type":"post","link":"http:\/\/www.filindeblogg.nu\/?p=77662","title":{"rendered":"&#8221;Don&#8217;t sit under the appel tree with anyone else but me&#8230;&#8221; Lite fin tullstuga ocks\u00e5!"},"content":{"rendered":"<p><img loading=\"lazy\" class=\"alignnone  wp-image-77663\" src=\"http:\/\/www.filindeblogg.nu\/wp-content\/uploads\/2018\/09\/Noter.jpg\" alt=\"\" width=\"56\" height=\"49\" \/><em>&#8221;Don&#8217;t sit under the appel tree with anyone else but me&#8230;&#8221;<\/em><img loading=\"lazy\" class=\"alignnone  wp-image-77663\" src=\"http:\/\/www.filindeblogg.nu\/wp-content\/uploads\/2018\/09\/Noter.jpg\" alt=\"\" width=\"56\" height=\"49\" \/><\/p>\n<p><img loading=\"lazy\" class=\"alignnone size-medium wp-image-77664\" src=\"http:\/\/www.filindeblogg.nu\/wp-content\/uploads\/2018\/09\/IMG_4833-225x300.jpg\" alt=\"\" width=\"225\" height=\"300\" srcset=\"http:\/\/www.filindeblogg.nu\/wp-content\/uploads\/2018\/09\/IMG_4833-225x300.jpg 225w, http:\/\/www.filindeblogg.nu\/wp-content\/uploads\/2018\/09\/IMG_4833.jpg 480w\" sizes=\"(max-width: 225px) 100vw, 225px\" \/> <strong>Katten Felix<\/strong> under \u00e4ppeltr\u00e4det! Felix vill v\u00e4ldigt g\u00e4rna vara med n\u00e4r jag plockar \u00e4pplen! Inte helt l\u00e4tt att f\u00e5 fatt i n\u00e5gra \u00e4pplen d\u00e5 n\u00e4r han hela tiden ska slingra sig runt benen och gosa p\u00e5 handen som plockar&#8230;<br \/>\nKatter!! <img loading=\"lazy\" class=\"alignnone size-medium wp-image-77698\" src=\"http:\/\/www.filindeblogg.nu\/wp-content\/uploads\/2018\/09\/IMG_4727-225x300.jpg\" alt=\"\" width=\"225\" height=\"300\" srcset=\"http:\/\/www.filindeblogg.nu\/wp-content\/uploads\/2018\/09\/IMG_4727-225x300.jpg 225w, http:\/\/www.filindeblogg.nu\/wp-content\/uploads\/2018\/09\/IMG_4727.jpg 480w\" sizes=\"(max-width: 225px) 100vw, 225px\" \/> H\u00e4r svalkar han sig lite efter allt \u00e4ppelbestyr! \ud83d\ude42<\/p>\n<p>\u00c4pplen, ja&#8230;\u00a0<img loading=\"lazy\" class=\"alignnone size-full wp-image-77529\" src=\"http:\/\/www.filindeblogg.nu\/wp-content\/uploads\/2018\/09\/3815.jpg\" alt=\"\" width=\"124\" height=\"166\" \/> Det har varit v\u00e4ldigt mycket av den varan denna h\u00f6st och fr\u00e5n ett enda litet \u00e4ppeltr\u00e4d! Jag har l\u00e4mnat \u00e4pplen till v\u00e4nner, till <strong>R\u00f6da Korset<\/strong>, till <strong>H\u00e4llbacken<\/strong>s \u00e4ldre och s\u00e5 har jag transporterat en hel del till komposth\u00f6gen&#8230;<\/p>\n<p><img loading=\"lazy\" class=\"alignnone size-medium wp-image-77665\" src=\"http:\/\/www.filindeblogg.nu\/wp-content\/uploads\/2018\/09\/IMG_4817-225x300.jpg\" alt=\"\" width=\"225\" height=\"300\" srcset=\"http:\/\/www.filindeblogg.nu\/wp-content\/uploads\/2018\/09\/IMG_4817-225x300.jpg 225w, http:\/\/www.filindeblogg.nu\/wp-content\/uploads\/2018\/09\/IMG_4817.jpg 480w\" sizes=\"(max-width: 225px) 100vw, 225px\" \/>MEN &#8211; r\u00e4tt s\u00e5 mycket har jag tagit tillvara sj\u00e4lv ocks\u00e5!\u00a0 \ud83d\ude42\u00a0<img loading=\"lazy\" class=\"alignnone size-medium wp-image-77666\" src=\"http:\/\/www.filindeblogg.nu\/wp-content\/uploads\/2018\/09\/IMG_4821-225x300.jpg\" alt=\"\" width=\"225\" height=\"300\" srcset=\"http:\/\/www.filindeblogg.nu\/wp-content\/uploads\/2018\/09\/IMG_4821-225x300.jpg 225w, http:\/\/www.filindeblogg.nu\/wp-content\/uploads\/2018\/09\/IMG_4821.jpg 480w\" sizes=\"(max-width: 225px) 100vw, 225px\" \/> \u00c4ppelpaj, \u00e4ppelbr\u00f6d, \u00e4ppelmarmelad med s\u00e5v\u00e4l cognac som whiskey, \u00e4ppelkompott &#8211; och \u00e4ppelmos!<\/p>\n<p><img loading=\"lazy\" class=\"alignnone size-medium wp-image-77668\" src=\"http:\/\/www.filindeblogg.nu\/wp-content\/uploads\/2018\/09\/IMG_4823-225x300.jpg\" alt=\"\" width=\"225\" height=\"300\" srcset=\"http:\/\/www.filindeblogg.nu\/wp-content\/uploads\/2018\/09\/IMG_4823-225x300.jpg 225w, http:\/\/www.filindeblogg.nu\/wp-content\/uploads\/2018\/09\/IMG_4823.jpg 480w\" sizes=\"(max-width: 225px) 100vw, 225px\" \/> Det har varit ett plockande och skalande vareviga dag!\u00a0 <img loading=\"lazy\" class=\"alignnone size-medium wp-image-77667\" src=\"http:\/\/www.filindeblogg.nu\/wp-content\/uploads\/2018\/09\/IMG_4822-225x300.jpg\" alt=\"\" width=\"225\" height=\"300\" srcset=\"http:\/\/www.filindeblogg.nu\/wp-content\/uploads\/2018\/09\/IMG_4822-225x300.jpg 225w, http:\/\/www.filindeblogg.nu\/wp-content\/uploads\/2018\/09\/IMG_4822.jpg 480w\" sizes=\"(max-width: 225px) 100vw, 225px\" \/> Mer och mer! Och d\u00e5 \u00e4r det \u00e4nd\u00e5 bara fin fallfrukt jag har plockat med mig in&#8230; <img loading=\"lazy\" class=\"alignnone size-medium wp-image-77669\" src=\"http:\/\/www.filindeblogg.nu\/wp-content\/uploads\/2018\/09\/IMG_4824-300x225.jpg\" alt=\"\" width=\"300\" height=\"225\" srcset=\"http:\/\/www.filindeblogg.nu\/wp-content\/uploads\/2018\/09\/IMG_4824-300x225.jpg 300w, http:\/\/www.filindeblogg.nu\/wp-content\/uploads\/2018\/09\/IMG_4824.jpg 640w\" sizes=\"(max-width: 300px) 100vw, 300px\" \/><\/p>\n<p>Grytorna har inte r\u00e4ckt till!! <img loading=\"lazy\" class=\"alignnone size-medium wp-image-77670\" src=\"http:\/\/www.filindeblogg.nu\/wp-content\/uploads\/2018\/09\/IMG_4826-225x300.jpg\" alt=\"\" width=\"225\" height=\"300\" srcset=\"http:\/\/www.filindeblogg.nu\/wp-content\/uploads\/2018\/09\/IMG_4826-225x300.jpg 225w, http:\/\/www.filindeblogg.nu\/wp-content\/uploads\/2018\/09\/IMG_4826.jpg 480w\" sizes=\"(max-width: 225px) 100vw, 225px\" \/> Och provsmakats har det! F\u00f6r att moset och kompotten inte skulle bli vare sig f\u00f6r s\u00f6t eller f\u00f6r syrlig! <img loading=\"lazy\" class=\"alignnone size-medium wp-image-77671\" src=\"http:\/\/www.filindeblogg.nu\/wp-content\/uploads\/2018\/09\/IMG_4834-300x225.jpg\" alt=\"\" width=\"300\" height=\"225\" srcset=\"http:\/\/www.filindeblogg.nu\/wp-content\/uploads\/2018\/09\/IMG_4834-300x225.jpg 300w, http:\/\/www.filindeblogg.nu\/wp-content\/uploads\/2018\/09\/IMG_4834-768x576.jpg 768w, http:\/\/www.filindeblogg.nu\/wp-content\/uploads\/2018\/09\/IMG_4834-1024x768.jpg 1024w, http:\/\/www.filindeblogg.nu\/wp-content\/uploads\/2018\/09\/IMG_4834.jpg 1950w\" sizes=\"(max-width: 300px) 100vw, 300px\" \/><\/p>\n<p>Och \u00e5h, s\u00e5 gott det blir! <img loading=\"lazy\" class=\"alignnone size-medium wp-image-77672\" src=\"http:\/\/www.filindeblogg.nu\/wp-content\/uploads\/2018\/09\/IMG_4827-225x300.jpg\" alt=\"\" width=\"225\" height=\"300\" srcset=\"http:\/\/www.filindeblogg.nu\/wp-content\/uploads\/2018\/09\/IMG_4827-225x300.jpg 225w, http:\/\/www.filindeblogg.nu\/wp-content\/uploads\/2018\/09\/IMG_4827.jpg 480w\" sizes=\"(max-width: 225px) 100vw, 225px\" \/> Men nu f\u00e5r det r\u00e4cka f\u00f6r det \u00e4r slut p\u00e5 utrymme i frysen!<\/p>\n<p>Vad kan man g\u00f6ra mer d\u00e5!? Jo, kolla in <strong>tullstugan<\/strong> intill f\u00f6rst\u00e5s! <img loading=\"lazy\" class=\"alignnone size-medium wp-image-77673\" src=\"http:\/\/www.filindeblogg.nu\/wp-content\/uploads\/2018\/09\/IMG_4936-300x225.jpg\" alt=\"\" width=\"300\" height=\"225\" srcset=\"http:\/\/www.filindeblogg.nu\/wp-content\/uploads\/2018\/09\/IMG_4936-300x225.jpg 300w, http:\/\/www.filindeblogg.nu\/wp-content\/uploads\/2018\/09\/IMG_4936.jpg 640w\" sizes=\"(max-width: 300px) 100vw, 300px\" \/> Den f d tullstugan, f d kiosken och dess f\u00f6rvandling!<\/p>\n<p><img loading=\"lazy\" class=\"alignnone size-medium wp-image-77678\" src=\"http:\/\/www.filindeblogg.nu\/wp-content\/uploads\/2018\/09\/IMG_4631-225x300.jpg\" alt=\"\" width=\"225\" height=\"300\" srcset=\"http:\/\/www.filindeblogg.nu\/wp-content\/uploads\/2018\/09\/IMG_4631-225x300.jpg 225w, http:\/\/www.filindeblogg.nu\/wp-content\/uploads\/2018\/09\/IMG_4631.jpg 480w\" sizes=\"(max-width: 225px) 100vw, 225px\" \/> F\u00f6r det h\u00e4nder n\u00e5gonting n\u00e4stan varje dag!\u00a0<img loading=\"lazy\" class=\"alignnone size-medium wp-image-77676\" src=\"http:\/\/www.filindeblogg.nu\/wp-content\/uploads\/2018\/09\/IMG_4625-225x300.jpg\" alt=\"\" width=\"225\" height=\"300\" srcset=\"http:\/\/www.filindeblogg.nu\/wp-content\/uploads\/2018\/09\/IMG_4625-225x300.jpg 225w, http:\/\/www.filindeblogg.nu\/wp-content\/uploads\/2018\/09\/IMG_4625.jpg 480w\" sizes=\"(max-width: 225px) 100vw, 225px\" \/><\/p>\n<p><img loading=\"lazy\" class=\"alignnone size-medium wp-image-77679\" src=\"http:\/\/www.filindeblogg.nu\/wp-content\/uploads\/2018\/09\/IMG_4637-300x225.jpg\" alt=\"\" width=\"300\" height=\"225\" srcset=\"http:\/\/www.filindeblogg.nu\/wp-content\/uploads\/2018\/09\/IMG_4637-300x225.jpg 300w, http:\/\/www.filindeblogg.nu\/wp-content\/uploads\/2018\/09\/IMG_4637.jpg 640w\" sizes=\"(max-width: 300px) 100vw, 300px\" \/> Och g\u00e5rden \u00e4r belamrad med bilar och br\u00e5te! <img loading=\"lazy\" class=\"alignnone size-medium wp-image-77680\" src=\"http:\/\/www.filindeblogg.nu\/wp-content\/uploads\/2018\/09\/IMG_4635-300x225.jpg\" alt=\"\" width=\"300\" height=\"225\" srcset=\"http:\/\/www.filindeblogg.nu\/wp-content\/uploads\/2018\/09\/IMG_4635-300x225.jpg 300w, http:\/\/www.filindeblogg.nu\/wp-content\/uploads\/2018\/09\/IMG_4635.jpg 640w\" sizes=\"(max-width: 300px) 100vw, 300px\" \/><\/p>\n<p>&nbsp;<\/p>\n<p><img loading=\"lazy\" class=\"alignnone  wp-image-77681\" src=\"http:\/\/www.filindeblogg.nu\/wp-content\/uploads\/2018\/09\/IMG_4640-225x300.jpg\" alt=\"\" width=\"221\" height=\"295\" srcset=\"http:\/\/www.filindeblogg.nu\/wp-content\/uploads\/2018\/09\/IMG_4640-225x300.jpg 225w, http:\/\/www.filindeblogg.nu\/wp-content\/uploads\/2018\/09\/IMG_4640.jpg 480w\" sizes=\"(max-width: 221px) 100vw, 221px\" \/>\u00a0<strong>Thomas &#8221;Ketchup&#8221; Andersson<\/strong> in action!<\/p>\n<p><img loading=\"lazy\" class=\"size-medium wp-image-77682 aligncenter\" src=\"http:\/\/www.filindeblogg.nu\/wp-content\/uploads\/2018\/09\/IMG_4642-225x300.jpg\" alt=\"\" width=\"225\" height=\"300\" srcset=\"http:\/\/www.filindeblogg.nu\/wp-content\/uploads\/2018\/09\/IMG_4642-225x300.jpg 225w, http:\/\/www.filindeblogg.nu\/wp-content\/uploads\/2018\/09\/IMG_4642.jpg 480w\" sizes=\"(max-width: 225px) 100vw, 225px\" \/><\/p>\n<p><img loading=\"lazy\" class=\"alignnone size-medium wp-image-77674\" src=\"http:\/\/www.filindeblogg.nu\/wp-content\/uploads\/2018\/09\/IMG_4623-225x300.jpg\" alt=\"\" width=\"225\" height=\"300\" srcset=\"http:\/\/www.filindeblogg.nu\/wp-content\/uploads\/2018\/09\/IMG_4623-225x300.jpg 225w, http:\/\/www.filindeblogg.nu\/wp-content\/uploads\/2018\/09\/IMG_4623.jpg 480w\" sizes=\"(max-width: 225px) 100vw, 225px\" \/> V\u00e4ggarna utsides p\u00e5 det f d garaget ska fixas!<br \/>\nIsoleras och putsas till!\u00a0 <img loading=\"lazy\" class=\"alignnone size-medium wp-image-77675\" src=\"http:\/\/www.filindeblogg.nu\/wp-content\/uploads\/2018\/09\/IMG_4624-225x300.jpg\" alt=\"\" width=\"225\" height=\"300\" srcset=\"http:\/\/www.filindeblogg.nu\/wp-content\/uploads\/2018\/09\/IMG_4624-225x300.jpg 225w, http:\/\/www.filindeblogg.nu\/wp-content\/uploads\/2018\/09\/IMG_4624.jpg 480w\" sizes=\"(max-width: 225px) 100vw, 225px\" \/> Det blir j\u00e4ttebra! <img loading=\"lazy\" class=\"alignnone size-medium wp-image-77683\" src=\"http:\/\/www.filindeblogg.nu\/wp-content\/uploads\/2018\/09\/IMG_4755-225x300.jpg\" alt=\"\" width=\"225\" height=\"300\" srcset=\"http:\/\/www.filindeblogg.nu\/wp-content\/uploads\/2018\/09\/IMG_4755-225x300.jpg 225w, http:\/\/www.filindeblogg.nu\/wp-content\/uploads\/2018\/09\/IMG_4755.jpg 480w\" sizes=\"(max-width: 225px) 100vw, 225px\" \/><\/p>\n<p>Ketchup ska f\u00e5 fixa till det hus jag har kvar ocks\u00e5, har jag t\u00e4nkt. Lite i alla fall. Det g\u00e5r ju inte an att lilla tullstugan ska se finare ut \u00e4n<strong> Glasbl\u00e5sarg\u00e5rden<\/strong> intill! <img loading=\"lazy\" class=\"alignnone size-medium wp-image-77684\" src=\"http:\/\/www.filindeblogg.nu\/wp-content\/uploads\/2018\/09\/IMG_4741-300x225.jpg\" alt=\"\" width=\"300\" height=\"225\" srcset=\"http:\/\/www.filindeblogg.nu\/wp-content\/uploads\/2018\/09\/IMG_4741-300x225.jpg 300w, http:\/\/www.filindeblogg.nu\/wp-content\/uploads\/2018\/09\/IMG_4741.jpg 640w\" sizes=\"(max-width: 300px) 100vw, 300px\" \/><\/p>\n<p>Hur tar det sig ut innanf\u00f6r v\u00e4ggarna? <img loading=\"lazy\" class=\"alignnone size-medium wp-image-77685\" src=\"http:\/\/www.filindeblogg.nu\/wp-content\/uploads\/2018\/09\/IMG_4626-1-225x300.jpg\" alt=\"\" width=\"225\" height=\"300\" srcset=\"http:\/\/www.filindeblogg.nu\/wp-content\/uploads\/2018\/09\/IMG_4626-1-225x300.jpg 225w, http:\/\/www.filindeblogg.nu\/wp-content\/uploads\/2018\/09\/IMG_4626-1.jpg 480w\" sizes=\"(max-width: 225px) 100vw, 225px\" \/> Ja, det f d garaget som ska bli grovk\u00f6k och badrum \u00e4r mest arbetsbod just nu.<br \/>\nMen i \u00f6vrigt d\u00e5? <img loading=\"lazy\" class=\"alignnone size-medium wp-image-77686\" src=\"http:\/\/www.filindeblogg.nu\/wp-content\/uploads\/2018\/09\/IMG_4742-225x300.jpg\" alt=\"\" width=\"225\" height=\"300\" srcset=\"http:\/\/www.filindeblogg.nu\/wp-content\/uploads\/2018\/09\/IMG_4742-225x300.jpg 225w, http:\/\/www.filindeblogg.nu\/wp-content\/uploads\/2018\/09\/IMG_4742.jpg 480w\" sizes=\"(max-width: 225px) 100vw, 225px\" \/><\/p>\n<p>Jo, detta har h\u00e4nt! <img loading=\"lazy\" class=\"alignnone size-medium wp-image-77687\" src=\"http:\/\/www.filindeblogg.nu\/wp-content\/uploads\/2018\/09\/IMG_4628-300x225.jpg\" alt=\"\" width=\"300\" height=\"225\" srcset=\"http:\/\/www.filindeblogg.nu\/wp-content\/uploads\/2018\/09\/IMG_4628-300x225.jpg 300w, http:\/\/www.filindeblogg.nu\/wp-content\/uploads\/2018\/09\/IMG_4628.jpg 640w\" sizes=\"(max-width: 300px) 100vw, 300px\" \/> Golven!<br \/>\nDet blir golvv\u00e4rme \u00f6verallt! <img loading=\"lazy\" class=\"alignnone size-medium wp-image-77688\" src=\"http:\/\/www.filindeblogg.nu\/wp-content\/uploads\/2018\/09\/IMG_4629-225x300.jpg\" alt=\"\" width=\"225\" height=\"300\" srcset=\"http:\/\/www.filindeblogg.nu\/wp-content\/uploads\/2018\/09\/IMG_4629-225x300.jpg 225w, http:\/\/www.filindeblogg.nu\/wp-content\/uploads\/2018\/09\/IMG_4629.jpg 480w\" sizes=\"(max-width: 225px) 100vw, 225px\" \/> Och nu har det gjutits klart! <img loading=\"lazy\" class=\"alignnone size-medium wp-image-77689\" src=\"http:\/\/www.filindeblogg.nu\/wp-content\/uploads\/2018\/09\/IMG_4927-300x225.jpg\" alt=\"\" width=\"300\" height=\"225\" srcset=\"http:\/\/www.filindeblogg.nu\/wp-content\/uploads\/2018\/09\/IMG_4927-300x225.jpg 300w, http:\/\/www.filindeblogg.nu\/wp-content\/uploads\/2018\/09\/IMG_4927.jpg 640w\" sizes=\"(max-width: 300px) 100vw, 300px\" \/><br \/>\nGolven sedda fr\u00e5n lite olika h\u00e5ll: <img loading=\"lazy\" class=\"alignnone size-medium wp-image-77693\" src=\"http:\/\/www.filindeblogg.nu\/wp-content\/uploads\/2018\/09\/IMG_4930-1-300x225.jpg\" alt=\"\" width=\"300\" height=\"225\" srcset=\"http:\/\/www.filindeblogg.nu\/wp-content\/uploads\/2018\/09\/IMG_4930-1-300x225.jpg 300w, http:\/\/www.filindeblogg.nu\/wp-content\/uploads\/2018\/09\/IMG_4930-1.jpg 640w\" sizes=\"(max-width: 300px) 100vw, 300px\" \/> D\u00e4r ser man trappan l\u00e4ngst bort &#8211; den som g\u00e5r upp mot \u00f6verv\u00e5ningen.<\/p>\n<p>Och h\u00e4r ser man f\u00f6nstergluggen in mot g\u00e5rden. <img loading=\"lazy\" class=\"alignnone size-medium wp-image-77692\" src=\"http:\/\/www.filindeblogg.nu\/wp-content\/uploads\/2018\/09\/IMG_4931-300x225.jpg\" alt=\"\" width=\"300\" height=\"225\" srcset=\"http:\/\/www.filindeblogg.nu\/wp-content\/uploads\/2018\/09\/IMG_4931-300x225.jpg 300w, http:\/\/www.filindeblogg.nu\/wp-content\/uploads\/2018\/09\/IMG_4931.jpg 640w\" sizes=\"(max-width: 300px) 100vw, 300px\" \/> Riktiga f\u00f6nster ska komma n\u00e4sta vecka, enligt <strong>Gustav \u00d6berg, <\/strong>den nye \u00e4garen till<strong> K\u00f6pingstullen 3<\/strong>!<\/p>\n<p>S\u00e5 h\u00e4r l\u00e5ngt har bygget kommit nu! \ud83d\ude42 <img loading=\"lazy\" class=\"alignnone size-medium wp-image-77694\" src=\"http:\/\/www.filindeblogg.nu\/wp-content\/uploads\/2018\/09\/IMG_4756-300x225.jpg\" alt=\"\" width=\"300\" height=\"225\" srcset=\"http:\/\/www.filindeblogg.nu\/wp-content\/uploads\/2018\/09\/IMG_4756-300x225.jpg 300w, http:\/\/www.filindeblogg.nu\/wp-content\/uploads\/2018\/09\/IMG_4756.jpg 640w\" sizes=\"(max-width: 300px) 100vw, 300px\" \/><\/p>\n<p>Visst blir det fint! <img loading=\"lazy\" class=\"alignnone size-medium wp-image-77695\" src=\"http:\/\/www.filindeblogg.nu\/wp-content\/uploads\/2018\/09\/IMG_4743-225x300.jpg\" alt=\"\" width=\"225\" height=\"300\" srcset=\"http:\/\/www.filindeblogg.nu\/wp-content\/uploads\/2018\/09\/IMG_4743-225x300.jpg 225w, http:\/\/www.filindeblogg.nu\/wp-content\/uploads\/2018\/09\/IMG_4743.jpg 480w\" sizes=\"(max-width: 225px) 100vw, 225px\" \/> En ny vy \u00f6ver <strong>\u00d6stra Nygatan<\/strong>, mitt <strong>Chinatown<\/strong>!<\/p>\n<p><img loading=\"lazy\" class=\"alignnone size-medium wp-image-77699\" src=\"http:\/\/www.filindeblogg.nu\/wp-content\/uploads\/2018\/09\/IMG_4925-225x300.jpg\" alt=\"\" width=\"225\" height=\"300\" srcset=\"http:\/\/www.filindeblogg.nu\/wp-content\/uploads\/2018\/09\/IMG_4925-225x300.jpg 225w, http:\/\/www.filindeblogg.nu\/wp-content\/uploads\/2018\/09\/IMG_4925.jpg 480w\" sizes=\"(max-width: 225px) 100vw, 225px\" \/> <img loading=\"lazy\" class=\"alignnone  wp-image-77602\" src=\"http:\/\/www.filindeblogg.nu\/wp-content\/uploads\/2018\/09\/Hj\u00e4rta.png\" alt=\"\" width=\"72\" height=\"68\" \/><\/p>\n<p><img loading=\"lazy\" class=\"wp-image-77700 aligncenter\" src=\"http:\/\/www.filindeblogg.nu\/wp-content\/uploads\/2018\/09\/IMG_4926-300x225.jpg\" alt=\"\" width=\"300\" height=\"225\" srcset=\"http:\/\/www.filindeblogg.nu\/wp-content\/uploads\/2018\/09\/IMG_4926-300x225.jpg 300w, http:\/\/www.filindeblogg.nu\/wp-content\/uploads\/2018\/09\/IMG_4926.jpg 640w\" sizes=\"(max-width: 300px) 100vw, 300px\" \/><\/p>\n<p><img loading=\"lazy\" class=\"alignnone size-medium wp-image-77696\" src=\"http:\/\/www.filindeblogg.nu\/wp-content\/uploads\/2018\/09\/IMG_4645-300x225.jpg\" alt=\"\" width=\"300\" height=\"225\" srcset=\"http:\/\/www.filindeblogg.nu\/wp-content\/uploads\/2018\/09\/IMG_4645-300x225.jpg 300w, http:\/\/www.filindeblogg.nu\/wp-content\/uploads\/2018\/09\/IMG_4645.jpg 640w\" sizes=\"(max-width: 300px) 100vw, 300px\" \/>\u00a0Och h\u00e5ller man inte p\u00e5 med \u00e4pplen eller pl\u00e5tar tullstugor s\u00e5 fixar man till bloggar och kr\u00f6nikor!<br \/>\nImorgon kommer en ny kr\u00f6nika signerad<strong> fr\u00f6ken Linde i <a href=\"https:\/\/www.magazin24.se\/\">Magazin24<\/a>!<br \/>\n<\/strong>F\u00f6r att roa och oroa&#8230;<img loading=\"lazy\" class=\"alignnone size-medium wp-image-77552\" src=\"http:\/\/www.filindeblogg.nu\/wp-content\/uploads\/2018\/09\/Suss-i-svartvitt-i-M24-n\u00e4tet-ssd71praxvs3il5gbtdaxf7hk6byu5y-300x129.jpg\" alt=\"\" width=\"300\" height=\"129\" srcset=\"http:\/\/www.filindeblogg.nu\/wp-content\/uploads\/2018\/09\/Suss-i-svartvitt-i-M24-n\u00e4tet-ssd71praxvs3il5gbtdaxf7hk6byu5y-300x129.jpg 300w, http:\/\/www.filindeblogg.nu\/wp-content\/uploads\/2018\/09\/Suss-i-svartvitt-i-M24-n\u00e4tet-ssd71praxvs3il5gbtdaxf7hk6byu5y-768x329.jpg 768w, http:\/\/www.filindeblogg.nu\/wp-content\/uploads\/2018\/09\/Suss-i-svartvitt-i-M24-n\u00e4tet-ssd71praxvs3il5gbtdaxf7hk6byu5y.jpg 951w\" sizes=\"(max-width: 300px) 100vw, 300px\" \/><\/p>\n<p><strong><img loading=\"lazy\" class=\"alignnone  wp-image-77310\" src=\"http:\/\/www.filindeblogg.nu\/wp-content\/uploads\/2018\/08\/Smiley-blink-1.jpg\" alt=\"\" width=\"52\" height=\"56\" \/><\/strong><strong>S\u00e5: -Wa<\/strong><strong>tch out folks!! <\/strong><\/p>\n<p style=\"text-align: center;\"><img loading=\"lazy\" class=\"size-medium wp-image-77697 aligncenter\" src=\"http:\/\/www.filindeblogg.nu\/wp-content\/uploads\/2018\/09\/IMG_4643-300x225.jpg\" alt=\"\" width=\"300\" height=\"225\" srcset=\"http:\/\/www.filindeblogg.nu\/wp-content\/uploads\/2018\/09\/IMG_4643-300x225.jpg 300w, http:\/\/www.filindeblogg.nu\/wp-content\/uploads\/2018\/09\/IMG_4643.jpg 640w\" sizes=\"(max-width: 300px) 100vw, 300px\" \/><br \/>\nOch njut sen h\u00f6sten med dess vackra f\u00e4rger! \ud83d\ude42<\/p>\n<p>&nbsp;<\/p>\n","protected":false},"excerpt":{"rendered":"<p>&#8221;Don&#8217;t sit under the appel tree with anyone else but me&#8230;&#8221; Katten Felix under \u00e4ppeltr\u00e4det! Felix vill v\u00e4ldigt g\u00e4rna vara med n\u00e4r jag plockar \u00e4pplen! Inte helt l\u00e4tt att f\u00e5 fatt i n\u00e5gra \u00e4pplen d\u00e5 n\u00e4r han hela tiden ska slingra sig runt benen och gosa p\u00e5 handen som plockar&#8230; Katter!! H\u00e4r svalkar han sig [&hellip;]<\/p>\n","protected":false},"author":1,"featured_media":0,"comment_status":"open","ping_status":"open","sticky":false,"template":"","format":"standard","meta":[],"categories":[127,221,41,177,137,255,100,259,233,101],"tags":[],"_links":{"self":[{"href":"http:\/\/www.filindeblogg.nu\/index.php?rest_route=\/wp\/v2\/posts\/77662"}],"collection":[{"href":"http:\/\/www.filindeblogg.nu\/index.php?rest_route=\/wp\/v2\/posts"}],"about":[{"href":"http:\/\/www.filindeblogg.nu\/index.php?rest_route=\/wp\/v2\/types\/post"}],"author":[{"embeddable":true,"href":"http:\/\/www.filindeblogg.nu\/index.php?rest_route=\/wp\/v2\/users\/1"}],"replies":[{"embeddable":true,"href":"http:\/\/www.filindeblogg.nu\/index.php?rest_route=%2Fwp%2Fv2%2Fcomments&post=77662"}],"version-history":[{"count":28,"href":"http:\/\/www.filindeblogg.nu\/index.php?rest_route=\/wp\/v2\/posts\/77662\/revisions"}],"predecessor-version":[{"id":77728,"href":"http:\/\/www.filindeblogg.nu\/index.php?rest_route=\/wp\/v2\/posts\/77662\/revisions\/77728"}],"wp:attachment":[{"href":"http:\/\/www.filindeblogg.nu\/index.php?rest_route=%2Fwp%2Fv2%2Fmedia&parent=77662"}],"wp:term":[{"taxonomy":"category","embeddable":true,"href":"http:\/\/www.filindeblogg.nu\/index.php?rest_route=%2Fwp%2Fv2%2Fcategories&post=77662"},{"taxonomy":"post_tag","embeddable":true,"href":"http:\/\/www.filindeblogg.nu\/index.php?rest_route=%2Fwp%2Fv2%2Ftags&post=77662"}],"curies":[{"name":"wp","href":"https:\/\/api.w.org\/{rel}","templated":true}]}}