{"id":77588,"date":"2018-09-15T09:21:18","date_gmt":"2018-09-15T08:21:18","guid":{"rendered":"http:\/\/www.filindeblogg.nu\/?p=77588"},"modified":"2018-09-15T09:21:18","modified_gmt":"2018-09-15T08:21:18","slug":"tullstugan-morgonmys-och-morgonrys-om-asa-beckmans-hora-madonna","status":"publish","type":"post","link":"http:\/\/www.filindeblogg.nu\/?p=77588","title":{"rendered":"Tullstugan! Morgonmys! Och morgonrys(!) &#8211; om \u00c5sa Beckmans hora-madonna!"},"content":{"rendered":"<p><img loading=\"lazy\" class=\"alignnone size-medium wp-image-77624\" src=\"http:\/\/www.filindeblogg.nu\/wp-content\/uploads\/2018\/09\/IMG_3340-Kopia-209x300-209x300.jpg\" alt=\"\" width=\"209\" height=\"300\" \/>\u00a0Jaha, vad ska vi b\u00f6rja med idag d\u00e5?? Jag tror vi tar<strong> tullstugan<\/strong>!\u00a0<img loading=\"lazy\" class=\"alignnone size-medium wp-image-77589\" src=\"http:\/\/www.filindeblogg.nu\/wp-content\/uploads\/2018\/09\/IMG_4096-1-280x300.jpg\" alt=\"\" width=\"280\" height=\"300\" srcset=\"http:\/\/www.filindeblogg.nu\/wp-content\/uploads\/2018\/09\/IMG_4096-1-280x300.jpg 280w, http:\/\/www.filindeblogg.nu\/wp-content\/uploads\/2018\/09\/IMG_4096-1-768x821.jpg 768w, http:\/\/www.filindeblogg.nu\/wp-content\/uploads\/2018\/09\/IMG_4096-1-957x1024.jpg 957w, http:\/\/www.filindeblogg.nu\/wp-content\/uploads\/2018\/09\/IMG_4096-1.jpg 1452w\" sizes=\"(max-width: 280px) 100vw, 280px\" \/> Lite nya bilder kommer h\u00e4r:<\/p>\n<p><img loading=\"lazy\" class=\"alignnone size-medium wp-image-77590\" src=\"http:\/\/www.filindeblogg.nu\/wp-content\/uploads\/2018\/09\/IMG_4103-300x225.jpg\" alt=\"\" width=\"300\" height=\"225\" srcset=\"http:\/\/www.filindeblogg.nu\/wp-content\/uploads\/2018\/09\/IMG_4103-300x225.jpg 300w, http:\/\/www.filindeblogg.nu\/wp-content\/uploads\/2018\/09\/IMG_4103.jpg 640w\" sizes=\"(max-width: 300px) 100vw, 300px\" \/> Det f\u00f6re detta garaget blir entr\u00e9 med grovk\u00f6k och badrum! Nytt tak p\u00e5 b\u00e5da husen ska till!<\/p>\n<p><img loading=\"lazy\" class=\"alignnone size-medium wp-image-77591\" src=\"http:\/\/www.filindeblogg.nu\/wp-content\/uploads\/2018\/09\/IMG_4125-225x300.jpg\" alt=\"\" width=\"225\" height=\"300\" srcset=\"http:\/\/www.filindeblogg.nu\/wp-content\/uploads\/2018\/09\/IMG_4125-225x300.jpg 225w, http:\/\/www.filindeblogg.nu\/wp-content\/uploads\/2018\/09\/IMG_4125.jpg 480w\" sizes=\"(max-width: 225px) 100vw, 225px\" \/> Duktiga <strong>Shazades<\/strong> jobbar h\u00e5rt &#8211; en klippa f\u00f6r s\u00e5v\u00e4l <strong>Gustav \u00d6berg<\/strong>, tullstugans \u00e4gare, som f\u00f6r mig.<\/p>\n<p>Rummen p\u00e5 nederv\u00e5ningen b\u00f6rjar ta form: <img loading=\"lazy\" class=\"alignnone size-medium wp-image-77592\" src=\"http:\/\/www.filindeblogg.nu\/wp-content\/uploads\/2018\/09\/IMG_4123-300x225.jpg\" alt=\"\" width=\"300\" height=\"225\" srcset=\"http:\/\/www.filindeblogg.nu\/wp-content\/uploads\/2018\/09\/IMG_4123-300x225.jpg 300w, http:\/\/www.filindeblogg.nu\/wp-content\/uploads\/2018\/09\/IMG_4123.jpg 640w\" sizes=\"(max-width: 300px) 100vw, 300px\" \/> H\u00e4r kommer k\u00f6k<\/p>\n<p>&#8211; och allrum att ligga! <img loading=\"lazy\" class=\"alignnone size-medium wp-image-77593\" src=\"http:\/\/www.filindeblogg.nu\/wp-content\/uploads\/2018\/09\/IMG_4121-300x225.jpg\" alt=\"\" width=\"300\" height=\"225\" srcset=\"http:\/\/www.filindeblogg.nu\/wp-content\/uploads\/2018\/09\/IMG_4121-300x225.jpg 300w, http:\/\/www.filindeblogg.nu\/wp-content\/uploads\/2018\/09\/IMG_4121.jpg 640w\" sizes=\"(max-width: 300px) 100vw, 300px\" \/><\/p>\n<p><img loading=\"lazy\" class=\"alignnone size-medium wp-image-77594\" src=\"http:\/\/www.filindeblogg.nu\/wp-content\/uploads\/2018\/09\/IMG_4128-225x300.jpg\" alt=\"\" width=\"225\" height=\"300\" srcset=\"http:\/\/www.filindeblogg.nu\/wp-content\/uploads\/2018\/09\/IMG_4128-225x300.jpg 225w, http:\/\/www.filindeblogg.nu\/wp-content\/uploads\/2018\/09\/IMG_4128.jpg 480w\" sizes=\"(max-width: 225px) 100vw, 225px\" \/> Shazades st\u00e5r vid trappan upp mot \u00f6verv\u00e5ningen. D\u00e4r blir det tv\u00e5 sovrum med s\u00e5v\u00e4l f\u00f6nster ut mot <strong>Glasm\u00e4starvillan<\/strong> och <strong>Stureparken<\/strong> som takf\u00f6nster!<\/p>\n<p>Grovk\u00f6k och badrum i vardande! <img loading=\"lazy\" class=\"alignnone size-medium wp-image-77595\" src=\"http:\/\/www.filindeblogg.nu\/wp-content\/uploads\/2018\/09\/IMG_4126-225x300.jpg\" alt=\"\" width=\"225\" height=\"300\" srcset=\"http:\/\/www.filindeblogg.nu\/wp-content\/uploads\/2018\/09\/IMG_4126-225x300.jpg 225w, http:\/\/www.filindeblogg.nu\/wp-content\/uploads\/2018\/09\/IMG_4126.jpg 480w\" sizes=\"(max-width: 225px) 100vw, 225px\" \/> S\u00e5 mycket jobb och Gustav \u00d6berg \u00e4r suver\u00e4nt duktig p\u00e5 att planera, fixa och f\u00e5 till det. Och fort g\u00e5r det!<\/p>\n<p>N\u00e4r vi \u00e4nd\u00e5 \u00e4r inne p\u00e5 hus s\u00e5 ska jag v\u00e4l inte gl\u00f6mma bort mitt eget. <img loading=\"lazy\" class=\"alignnone size-medium wp-image-77597\" src=\"http:\/\/www.filindeblogg.nu\/wp-content\/uploads\/2018\/09\/IMG_4172-225x300.jpg\" alt=\"\" width=\"225\" height=\"300\" srcset=\"http:\/\/www.filindeblogg.nu\/wp-content\/uploads\/2018\/09\/IMG_4172-225x300.jpg 225w, http:\/\/www.filindeblogg.nu\/wp-content\/uploads\/2018\/09\/IMG_4172.jpg 480w\" sizes=\"(max-width: 225px) 100vw, 225px\" \/> <strong>Glasbl\u00e5sarg\u00e5rden<\/strong> har 7 l\u00e4genheter men det \u00e4r s\u00e4llan n\u00e5got ledigt. M\u00e4nniskor som bor h\u00e4r trivs och vill inte flytta.<br \/>\n<img loading=\"lazy\" class=\"alignnone size-medium wp-image-77596\" src=\"http:\/\/www.filindeblogg.nu\/wp-content\/uploads\/2018\/09\/IMG_4171-225x300.jpg\" alt=\"\" width=\"225\" height=\"300\" srcset=\"http:\/\/www.filindeblogg.nu\/wp-content\/uploads\/2018\/09\/IMG_4171-225x300.jpg 225w, http:\/\/www.filindeblogg.nu\/wp-content\/uploads\/2018\/09\/IMG_4171.jpg 480w\" sizes=\"(max-width: 225px) 100vw, 225px\" \/>\u00a0Men h\u00e4r om veckan sa <strong>Sandra<\/strong> upp sin 1:a f\u00f6r att studera p\u00e5 annan ort. Unga Sandra har bott i v\u00e5rt hus i 4,5 \u00e5r &#8211; det s\u00e4ger v\u00e4l en del!<\/p>\n<p>Vi har en k\u00f6lista till l\u00e4genheterna och 1:an blev uthyrd direkt! <img loading=\"lazy\" class=\"alignnone size-medium wp-image-77598\" src=\"http:\/\/www.filindeblogg.nu\/wp-content\/uploads\/2018\/09\/IMG_4156-225x300.jpg\" alt=\"\" width=\"225\" height=\"300\" srcset=\"http:\/\/www.filindeblogg.nu\/wp-content\/uploads\/2018\/09\/IMG_4156-225x300.jpg 225w, http:\/\/www.filindeblogg.nu\/wp-content\/uploads\/2018\/09\/IMG_4156.jpg 480w\" sizes=\"(max-width: 225px) 100vw, 225px\" \/> K\u00f6ket!<\/p>\n<p>Och rummet: <img loading=\"lazy\" class=\"alignnone size-medium wp-image-77599\" src=\"http:\/\/www.filindeblogg.nu\/wp-content\/uploads\/2018\/09\/IMG_4161-225x300.jpg\" alt=\"\" width=\"225\" height=\"300\" srcset=\"http:\/\/www.filindeblogg.nu\/wp-content\/uploads\/2018\/09\/IMG_4161-225x300.jpg 225w, http:\/\/www.filindeblogg.nu\/wp-content\/uploads\/2018\/09\/IMG_4161.jpg 480w\" sizes=\"(max-width: 225px) 100vw, 225px\" \/> 39m2 och hyran ligger p\u00e5 3303 kr\/m\u00e5nad.<\/p>\n<p>Det finns 3-or och 1-or i huset och alla har tillg\u00e5ng till garageplatser.<br \/>\nVill n\u00e5gon st\u00e4lla sig p\u00e5 k\u00f6 &#8211; skicka ett meddelande till <strong>linde@telia.com<\/strong><\/p>\n<p><img loading=\"lazy\" class=\"size-medium wp-image-77601 aligncenter\" src=\"http:\/\/www.filindeblogg.nu\/wp-content\/uploads\/2018\/09\/IMG_4188-225x300.jpg\" alt=\"\" width=\"225\" height=\"300\" srcset=\"http:\/\/www.filindeblogg.nu\/wp-content\/uploads\/2018\/09\/IMG_4188-225x300.jpg 225w, http:\/\/www.filindeblogg.nu\/wp-content\/uploads\/2018\/09\/IMG_4188.jpg 480w\" sizes=\"(max-width: 225px) 100vw, 225px\" \/><\/p>\n<p style=\"text-align: center;\">Lite morgonmys s\u00e5.<\/p>\n<p><img loading=\"lazy\" class=\"alignnone  wp-image-77603\" src=\"http:\/\/www.filindeblogg.nu\/wp-content\/uploads\/2018\/09\/IMG_2822-225x300.png\" alt=\"\" width=\"175\" height=\"233\" srcset=\"http:\/\/www.filindeblogg.nu\/wp-content\/uploads\/2018\/09\/IMG_2822-225x300.png 225w, http:\/\/www.filindeblogg.nu\/wp-content\/uploads\/2018\/09\/IMG_2822.png 480w\" sizes=\"(max-width: 175px) 100vw, 175px\" \/>\u00a0Av sn\u00e4lla <strong>Ingrid Altinezer<\/strong> har jag f\u00e5tt \u00e4gg fr\u00e5n hennes lyckliga h\u00f6nor. Ingrid r\u00e4ddar h\u00f6nor fr\u00e5n h\u00f6nserier som annars d\u00f6das s\u00e5 fort de gjort sitt. Ruggiga och el\u00e4ndiga kommer de till henne f\u00f6r att f\u00e5 ett nytt, v\u00e4rdigt liv. Heder \u00e5t m\u00e4nniskor som Ingrid!! <img loading=\"lazy\" class=\"alignnone  wp-image-77602\" src=\"http:\/\/www.filindeblogg.nu\/wp-content\/uploads\/2018\/09\/Hj\u00e4rta.png\" alt=\"\" width=\"56\" height=\"53\" \/><br \/>\n\u00c4ggen \u00e4r S\u00c5 goda! Helt annorlunda \u00e4n vanliga k\u00f6pe\u00e4gg. <img loading=\"lazy\" class=\"alignnone  wp-image-77604\" src=\"http:\/\/www.filindeblogg.nu\/wp-content\/uploads\/2018\/09\/IMG_4184-236x300.jpg\" alt=\"\" width=\"178\" height=\"226\" srcset=\"http:\/\/www.filindeblogg.nu\/wp-content\/uploads\/2018\/09\/IMG_4184-236x300.jpg 236w, http:\/\/www.filindeblogg.nu\/wp-content\/uploads\/2018\/09\/IMG_4184.jpg 504w\" sizes=\"(max-width: 178px) 100vw, 178px\" \/> Jag unnar mig ett s\u00e5dant gott \u00e4gg n\u00e4r jag vill mysa en l\u00f6rdagsmorgon. \ud83d\ude42<\/p>\n<p>Men efter myset kommer ryset! <img loading=\"lazy\" class=\"alignnone size-full wp-image-77609\" src=\"http:\/\/www.filindeblogg.nu\/wp-content\/uploads\/2018\/09\/Smiley-sammanbiten.jpg\" alt=\"\" width=\"90\" height=\"90\" \/>Ni som l\u00e4ser min blogg minns kanske <strong>DN:s bitr\u00e4dande kulturchef \u00c5sa Beckman<\/strong> som har problem med m\u00e4n? Jag skrev om det <a href=\"http:\/\/www.filindeblogg.nu\/?p=77467\"><strong>H\u00c4R<\/strong> <\/a>den 1 september.<\/p>\n<p>\u00c5sa Beckman och n\u00e5gra av hennes medsystrar tr\u00f6star varandra n\u00e4r de i 50-60-\u00e5ldern uppt\u00e4cker att mannen i deras liv tr\u00f6ttnat och vill uppleva n\u00e5got nytt. Ondg\u00f6r sig och spyr galla \u00f6ver &#8221;schabloner&#8221; till m\u00e4n som bara g\u00f6r bort sig enligt deras inskr\u00e4nkta s\u00e4tt att se det. Ist\u00e4llet f\u00f6r att t\u00e4nka: <strong>&#8211; Hej d\u00e5! Nu kan jag ocks\u00e5 b\u00f6rja ett nytt liv!!<\/strong><\/p>\n<p><strong><br \/>\n<\/strong>(L\u00e4s f\u00f6r \u00f6vrigt min kr\u00f6nika i Magazin24 <a href=\"https:\/\/www.magazin24.se\/kronika\/leva-livet-i-tid-och-otid\/reprhD!CofkD3ZodFY4e1fwFgiyyQ\/\"><strong>H\u00c4R<\/strong> <\/a>just om att leva livet!)<\/p>\n<p><img loading=\"lazy\" class=\"alignnone  wp-image-77610\" src=\"http:\/\/www.filindeblogg.nu\/wp-content\/uploads\/2018\/09\/Kissing-300x168.jpg\" alt=\"\" width=\"243\" height=\"136\" \/>\u00a0F\u00f6r det finns ett liv efter 40! Det finns ett liv efter barnaf\u00f6dande och familjehets! Det finns ett nytt liv &#8211; om man bara vill se det! Ihop med sin gamla partner eller med n\u00e5gon annan!<\/p>\n<p><img loading=\"lazy\" class=\"size-full wp-image-77611 aligncenter\" src=\"http:\/\/www.filindeblogg.nu\/wp-content\/uploads\/2018\/09\/K\u00e4ra.jpg\" alt=\"\" width=\"260\" height=\"194\" \/><\/p>\n<p>\u00c5sa Beckman har en mycket m\u00e4rklig syn p\u00e5 relationer och &#8221;vad som passar sig&#8221;.<br \/>\nAtt \u00e4ldre man dejtar yngre kvinna \u00e4r no-no &#8211; men hon n\u00e4mner inget om det omv\u00e4nda &#8211; \u00e4ldre kvinna &#8211; yngre man!<\/p>\n<p>S\u00e5 h\u00e4r l\u00e4ser jag p\u00e5 n\u00e4tet, citat:<br \/>\n<em>&#8221;<strong>F\u00f6rr i tiden<\/strong> s\u00e5g man ut som en tant redan vid 20-\u00e5rs\u00e5ldern. I dag har vi helt ny stil, vi tar hand om v\u00e5ra kroppar och beh\u00f6ver inte vara tanter ens i 60-\u00e5rs\u00e5ldern, s\u00e4ger<strong> psykologen Maria Farm<\/strong>.<\/em>&#8221; <img loading=\"lazy\" class=\"alignnone  wp-image-77612\" src=\"http:\/\/www.filindeblogg.nu\/wp-content\/uploads\/2018\/09\/Maria-Farm-225x300.jpg\" alt=\"\" width=\"106\" height=\"141\" srcset=\"http:\/\/www.filindeblogg.nu\/wp-content\/uploads\/2018\/09\/Maria-Farm-225x300.jpg 225w, http:\/\/www.filindeblogg.nu\/wp-content\/uploads\/2018\/09\/Maria-Farm.jpg 560w\" sizes=\"(max-width: 106px) 100vw, 106px\" \/><br \/>\nOch vidare:<br \/>\n<em>&#8221;- \u00c4ldre kvinnor \u00e4r ofta mer tillfreds med sig sj\u00e4lva och vet att de duger, en trygghet som g\u00f6r att de l\u00e4ttare kan ge sig h\u00e4n.<\/em><br \/>\n<em><strong>Som ung kvinna<\/strong> kan man vara \u00e4ngslig \u00f6ver sitt utseende och sin kropp.<\/em><br \/>\n<em>&#8211; Jag tror att m\u00e5nga m\u00e4n tycker det \u00e4r avt\u00e4ndande och har sv\u00e5rt att hantera den unga kvinnans utseendefixering. Den h\u00e4r typen av fixering och \u00e4ngslan g\u00f6r det ganska sv\u00e5rt att sl\u00e4ppa loss i sexualiteten, utan det blir i st\u00e4llet ett hinder, tror Maria.<\/em><\/p>\n<p><em>Att bli f\u00f6r\u00e4lder och mamma g\u00f6r mycket med de allra flesta kvinnor. Man blir s\u00e4krare och v\u00e5gar leva ut flera k\u00e4nslor.<\/em><\/p>\n<p><em>&#8211; Mammor blir mer jordade och det p\u00e5verkar sexualiteten. Nu kan hon k\u00e4nna sig trygg i att ta f\u00f6r sig, visa vad hon vill och inte vill. Jag tror att de inte \u00e4r lika r\u00e4dda f\u00f6r att bli avvisade heller, och s\u00e5nt borde ju avspegla sig i s\u00e4ngen.&#8221;<\/em><\/p>\n<p>Jag skrev ju en hel blogg om \u00c5sa Beckmans gammaldags \u00e5sikter och det var m\u00e5nga som reagerade p\u00e5 hennes inl\u00e4gg.<a href=\"https:\/\/www.dn.se\/nyheter\/asa-beckman-sa-forklarar-mannen-varfor-de-vill-ha-yngre-kvinnor\/\"> Ig\u00e5r i DN<\/a> skriver hon om den respons hon f\u00e5tt och det hon skriver \u00e4r en sl\u00e4tstruken historia utan n\u00e5gon sv\u00e4ngning \u00e5t det modernare h\u00e5llet. Tv\u00e4rtom forts\u00e4tter tjatet om \u00e5lder men nu l\u00e4gger \u00c5sa Beckman ocks\u00e5 till klasskillnader! Att en kvinna aldrig skulle dejta \u00e4n luspank man! ??? Till sist tycker hon att det handlar om d\u00f6ds\u00e5ngest&#8230; <img loading=\"lazy\" class=\"alignnone  wp-image-77484\" src=\"http:\/\/www.filindeblogg.nu\/wp-content\/uploads\/2018\/09\/Smiley-tittar-upp\u00e5t.jpg\" alt=\"\" width=\"30\" height=\"29\" \/><\/p>\n<p><img loading=\"lazy\" class=\"alignnone size-full wp-image-77613\" src=\"http:\/\/www.filindeblogg.nu\/wp-content\/uploads\/2018\/09\/Siffror-1.jpg\" alt=\"\" width=\"171\" height=\"90\" \/> Men k\u00e4ra \u00c5sa Beckman &#8211; gl\u00f6m nu detta med siffror! F\u00f6r \u00e5lder \u00e4r just bara en siffra och har ingenting med k\u00e4nslor och sex att g\u00f6ra!!<\/p>\n<p><img loading=\"lazy\" class=\"alignnone size-medium wp-image-77614\" src=\"http:\/\/www.filindeblogg.nu\/wp-content\/uploads\/2018\/09\/Hora-Madonna-300x300.jpg\" alt=\"\" width=\"300\" height=\"300\" srcset=\"http:\/\/www.filindeblogg.nu\/wp-content\/uploads\/2018\/09\/Hora-Madonna-300x300.jpg 300w, http:\/\/www.filindeblogg.nu\/wp-content\/uploads\/2018\/09\/Hora-Madonna-150x150.jpg 150w, http:\/\/www.filindeblogg.nu\/wp-content\/uploads\/2018\/09\/Hora-Madonna-768x767.jpg 768w, http:\/\/www.filindeblogg.nu\/wp-content\/uploads\/2018\/09\/Hora-Madonna-1024x1022.jpg 1024w, http:\/\/www.filindeblogg.nu\/wp-content\/uploads\/2018\/09\/Hora-Madonna-144x144.jpg 144w, http:\/\/www.filindeblogg.nu\/wp-content\/uploads\/2018\/09\/Hora-Madonna.jpg 1080w\" sizes=\"(max-width: 300px) 100vw, 300px\" \/>\u00c5sa Beckman ger n\u00e4ring \u00e5t hora-madonna-myten! Att kvinnor bara \u00e4r okej som fertila varelser f\u00f6r reproduktion. En hora som mannen ligger med f\u00f6r sina behov men en sexl\u00f6s madonna i \u00f6vrigt.<br \/>\nGl\u00f6m det! Kvinnor blir k\u00e5ta ocks\u00e5 och \u00e4ven en kvinna i icke-fertil \u00e5lder &#8211; eller kanske \u00e4nnu mer d\u00e5 \u00e4n tidigare! D\u00e5 \u00e4r det fritt fram utan tanke p\u00e5 o\u00f6nskade graviditeter eller annat &#8211; l\u00e4s igen vad Maria Farm skriver ovan!<\/p>\n<p>\u00c5sa Beckman pinsammar sig vidare med s\u00e5dana h\u00e4r inl\u00e4gg, citat:<br \/>\n<em>&#8221;<strong>Sj\u00e4lvklart handlar m\u00e5nga<\/strong> av mejlen om sex. Om hur sexlivet blivit rutinartat i l\u00e5nga f\u00f6rh\u00e5llanden. Om j\u00e4mn\u00e5riga kvinnor som tappat lusten, slutat bry sig om sitt utseende eller tyckt sig f\u00e5 tillr\u00e4cklig fysisk n\u00e4rhet genom barn eller barnbarn. Och det \u00e4r ingen l\u00e4ttsm\u00e4lt l\u00e4sning:<\/em><br \/>\n<em>\u201dYngre kroppar \u00e4r mer attraktiva, fastare, sk\u00f6nare att ha sex med\u201d, \u201dHennes br\u00f6st blev sm\u00e5 och tr\u00e5kiga\u201d eller \u201dDet l\u00e5ter kanske hemskt, men jag fick avsmak f\u00f6r torra sk\u00f6ten.\u201d En 62-\u00e5rig man skrev: \u201dJag ville till slut bara f\u00e5 ligga med n\u00e5gon som var pigg och sl\u00e4t.\u201d &#8211;<\/em> slut citat.<\/p>\n<p><strong><img loading=\"lazy\" class=\"alignnone size-medium wp-image-77615\" src=\"http:\/\/www.filindeblogg.nu\/wp-content\/uploads\/2018\/09\/Sex-300x158.jpg\" alt=\"\" width=\"300\" height=\"158\" srcset=\"http:\/\/www.filindeblogg.nu\/wp-content\/uploads\/2018\/09\/Sex-300x158.jpg 300w, http:\/\/www.filindeblogg.nu\/wp-content\/uploads\/2018\/09\/Sex-768x404.jpg 768w, http:\/\/www.filindeblogg.nu\/wp-content\/uploads\/2018\/09\/Sex.jpg 950w\" sizes=\"(max-width: 300px) 100vw, 300px\" \/>\u00a0\u00c5sa Beckman &#8211; har du n\u00e5gonsin v\u00e5gat t\u00e4nka tanken att det vore sk\u00f6nt att ha sex med en yngre man? V\u00e5gat sl\u00e4ppa ut lusten f\u00f6r en &#8221;pigg och sl\u00e4t&#8221; man som inte har n\u00e5gra problem med att f\u00e5 upp den!? Att till och med som \u00e4ldre kvinna k\u00e4nna lite pirr \u00f6ver att den d\u00e4r yngre, snygga killen faktiskt t\u00e4nder p\u00e5 mig!?<\/strong><\/p>\n<p><strong><img loading=\"lazy\" class=\"alignnone size-medium wp-image-77620\" src=\"http:\/\/www.filindeblogg.nu\/wp-content\/uploads\/2018\/09\/Older-women-sexlife-1-300x149.jpg\" alt=\"\" width=\"300\" height=\"149\" srcset=\"http:\/\/www.filindeblogg.nu\/wp-content\/uploads\/2018\/09\/Older-women-sexlife-1-300x149.jpg 300w, http:\/\/www.filindeblogg.nu\/wp-content\/uploads\/2018\/09\/Older-women-sexlife-1.jpg 310w\" sizes=\"(max-width: 300px) 100vw, 300px\" \/><\/strong><\/p>\n<p>Sl\u00e4pp gamla intorkade id\u00e9er! Vart tog den svenska frigjordheten v\u00e4gen?? Det \u00e4r 2018 nu och det finns ett l\u00e5ngt, rikt och fantastiskt liv efter 40!<br \/>\nOch livet varar inte f\u00f6r evigt s\u00e5 sluta snacka siffror och sn\u00f6rpa p\u00e5 munnen \u00e5t \u00e4ldre m\u00e4nniskor som ger sig h\u00e4n &#8211; vare sig det \u00e4r en pilsk man eller en k\u00e5t kvinna! LEV f\u00f6r tusan! <img loading=\"lazy\" class=\"alignnone size-medium wp-image-77617\" src=\"http:\/\/www.filindeblogg.nu\/wp-content\/uploads\/2018\/09\/Tafsande-kvinna-300x158.jpg\" alt=\"\" width=\"300\" height=\"158\" srcset=\"http:\/\/www.filindeblogg.nu\/wp-content\/uploads\/2018\/09\/Tafsande-kvinna-300x158.jpg 300w, http:\/\/www.filindeblogg.nu\/wp-content\/uploads\/2018\/09\/Tafsande-kvinna.jpg 310w\" sizes=\"(max-width: 300px) 100vw, 300px\" \/><\/p>\n<p>Och &#8211; det \u00e4r naturligt med sex! Som \u00e4ldre tror jag ocks\u00e5 man har mer koll p\u00e5 l\u00e4get. K\u00e4nslor och sex funkar p\u00e5 ett annat s\u00e4tt \u00e4n f\u00f6rr &#8211; och funkar b\u00e4ttre. Man beh\u00f6ver inte alls vara n\u00e5gon sexatlet eller besatt av att &#8221;fucka&#8221; f\u00f6r att gilla sex! Sexualitet \u00e4r en naturlig del av livet f\u00f6r oss m\u00e4nniskor och n\u00e4r lugnet l\u00e4grar sig efter 40 kan man verkligen b\u00f6rja njuta av det.<br \/>\nDet \u00e4r okey med ALLA sorters k\u00e4nslor. Och det handlar inte bara om sex utan om n\u00e4rhet, v\u00e4rme, skratt och harmoni &#8211; utan \u00e5ldersgr\u00e4ns! <img loading=\"lazy\" class=\"alignnone  wp-image-77618\" src=\"http:\/\/www.filindeblogg.nu\/wp-content\/uploads\/2018\/09\/Love-has-no-age-limit-300x168.jpg\" alt=\"\" width=\"200\" height=\"112\" \/><\/p>\n<p><img loading=\"lazy\" class=\"alignnone size-full wp-image-77616 aligncenter\" src=\"http:\/\/www.filindeblogg.nu\/wp-content\/uploads\/2018\/09\/Sex2.jpg\" alt=\"\" width=\"256\" height=\"197\" \/><\/p>\n<p>L\u00e4s \u00c5sa Beckmans inl\u00e4gg fr\u00e5n 31 augusti <a href=\"https:\/\/www.dn.se\/nyheter\/asa-beckman-varfor-ar-det-en-triumf-for-man-att-ha-yngre-kvinnor\/\"><strong>H\u00c4R<\/strong><\/a> och hennes kommenterar fr\u00e5n ig\u00e5r &#8211; <a href=\"https:\/\/www.dn.se\/nyheter\/asa-beckman-sa-forklarar-mannen-varfor-de-vill-ha-yngre-kvinnor\/\"><strong>H\u00c4R<\/strong><\/a>!<\/p>\n<p><img loading=\"lazy\" class=\"alignnone  wp-image-77622\" src=\"http:\/\/www.filindeblogg.nu\/wp-content\/uploads\/2018\/09\/Lev-livet-1.jpg\" alt=\"\" width=\"198\" height=\"148\" \/><img loading=\"lazy\" class=\"alignnone size-full wp-image-77623\" src=\"http:\/\/www.filindeblogg.nu\/wp-content\/uploads\/2018\/09\/Love-has-no-age-1.jpg\" alt=\"\" width=\"226\" height=\"147\" \/><\/p>\n<p><img loading=\"lazy\" class=\"wp-image-77528 aligncenter\" src=\"http:\/\/www.filindeblogg.nu\/wp-content\/uploads\/2018\/09\/IMG_3349-204x300.jpg\" alt=\"\" width=\"204\" height=\"300\" srcset=\"http:\/\/www.filindeblogg.nu\/wp-content\/uploads\/2018\/09\/IMG_3349-204x300.jpg 204w, http:\/\/www.filindeblogg.nu\/wp-content\/uploads\/2018\/09\/IMG_3349.jpg 383w\" sizes=\"(max-width: 204px) 100vw, 204px\" \/><\/p>\n<p><img loading=\"lazy\" class=\"wp-image-77625 aligncenter\" src=\"http:\/\/www.filindeblogg.nu\/wp-content\/uploads\/2018\/09\/Jag-blir-inte-\u00e4ldre-jag-blir-b\u00e4ttre-300x152.jpg\" alt=\"\" width=\"298\" height=\"151\" srcset=\"http:\/\/www.filindeblogg.nu\/wp-content\/uploads\/2018\/09\/Jag-blir-inte-\u00e4ldre-jag-blir-b\u00e4ttre-300x152.jpg 300w, http:\/\/www.filindeblogg.nu\/wp-content\/uploads\/2018\/09\/Jag-blir-inte-\u00e4ldre-jag-blir-b\u00e4ttre.jpg 315w\" sizes=\"(max-width: 298px) 100vw, 298px\" \/><\/p>\n<p>&nbsp;<\/p>\n<p style=\"text-align: center;\">Nu \u00e4r jag klar! Forts\u00e4tt l\u00f6rdagsmyset!<\/p>\n<p><img loading=\"lazy\" class=\"alignnone size-medium wp-image-77626 aligncenter\" src=\"http:\/\/www.filindeblogg.nu\/wp-content\/uploads\/2018\/09\/IMG_4189-1-215x300.jpg\" alt=\"\" width=\"215\" height=\"300\" srcset=\"http:\/\/www.filindeblogg.nu\/wp-content\/uploads\/2018\/09\/IMG_4189-1-215x300.jpg 215w, http:\/\/www.filindeblogg.nu\/wp-content\/uploads\/2018\/09\/IMG_4189-1.jpg 458w\" sizes=\"(max-width: 215px) 100vw, 215px\" \/><\/p>\n<p>&nbsp;<\/p>\n<p>&nbsp;<\/p>\n<p>&nbsp;<\/p>\n","protected":false},"excerpt":{"rendered":"<p>\u00a0Jaha, vad ska vi b\u00f6rja med idag d\u00e5?? Jag tror vi tar tullstugan!\u00a0 Lite nya bilder kommer h\u00e4r: Det f\u00f6re detta garaget blir entr\u00e9 med grovk\u00f6k och badrum! Nytt tak p\u00e5 b\u00e5da husen ska till! Duktiga Shazades jobbar h\u00e5rt &#8211; en klippa f\u00f6r s\u00e5v\u00e4l Gustav \u00d6berg, tullstugans \u00e4gare, som f\u00f6r mig. Rummen p\u00e5 nederv\u00e5ningen b\u00f6rjar [&hellip;]<\/p>\n","protected":false},"author":1,"featured_media":0,"comment_status":"open","ping_status":"open","sticky":false,"template":"","format":"standard","meta":[],"categories":[127,218,221,137,196,255,100,123,101],"tags":[],"_links":{"self":[{"href":"http:\/\/www.filindeblogg.nu\/index.php?rest_route=\/wp\/v2\/posts\/77588"}],"collection":[{"href":"http:\/\/www.filindeblogg.nu\/index.php?rest_route=\/wp\/v2\/posts"}],"about":[{"href":"http:\/\/www.filindeblogg.nu\/index.php?rest_route=\/wp\/v2\/types\/post"}],"author":[{"embeddable":true,"href":"http:\/\/www.filindeblogg.nu\/index.php?rest_route=\/wp\/v2\/users\/1"}],"replies":[{"embeddable":true,"href":"http:\/\/www.filindeblogg.nu\/index.php?rest_route=%2Fwp%2Fv2%2Fcomments&post=77588"}],"version-history":[{"count":32,"href":"http:\/\/www.filindeblogg.nu\/index.php?rest_route=\/wp\/v2\/posts\/77588\/revisions"}],"predecessor-version":[{"id":77659,"href":"http:\/\/www.filindeblogg.nu\/index.php?rest_route=\/wp\/v2\/posts\/77588\/revisions\/77659"}],"wp:attachment":[{"href":"http:\/\/www.filindeblogg.nu\/index.php?rest_route=%2Fwp%2Fv2%2Fmedia&parent=77588"}],"wp:term":[{"taxonomy":"category","embeddable":true,"href":"http:\/\/www.filindeblogg.nu\/index.php?rest_route=%2Fwp%2Fv2%2Fcategories&post=77588"},{"taxonomy":"post_tag","embeddable":true,"href":"http:\/\/www.filindeblogg.nu\/index.php?rest_route=%2Fwp%2Fv2%2Ftags&post=77588"}],"curies":[{"name":"wp","href":"https:\/\/api.w.org\/{rel}","templated":true}]}}