{"id":77540,"date":"2018-09-12T11:02:31","date_gmt":"2018-09-12T10:02:31","guid":{"rendered":"http:\/\/www.filindeblogg.nu\/?p=77540"},"modified":"2018-09-12T11:02:31","modified_gmt":"2018-09-12T10:02:31","slug":"dagen-efter-kvallen-fore-uppdateringar","status":"publish","type":"post","link":"http:\/\/www.filindeblogg.nu\/?p=77540","title":{"rendered":"Dagen efter kv\u00e4llen f\u00f6re &#8211; uppdateringar!"},"content":{"rendered":"<p><img loading=\"lazy\" class=\"alignnone size-medium wp-image-77541\" src=\"http:\/\/www.filindeblogg.nu\/wp-content\/uploads\/2018\/09\/IMG_2821-225x300.png\" alt=\"\" width=\"225\" height=\"300\" srcset=\"http:\/\/www.filindeblogg.nu\/wp-content\/uploads\/2018\/09\/IMG_2821-225x300.png 225w, http:\/\/www.filindeblogg.nu\/wp-content\/uploads\/2018\/09\/IMG_2821.png 480w\" sizes=\"(max-width: 225px) 100vw, 225px\" \/> Hall\u00e5 d\u00e4r! Lite bloggande nu igen &#8211; med betoning p\u00e5 LITE!<\/p>\n<p>F\u00f6rst m\u00e5ste jag s\u00e4ga att jag fortfarande \u00e4r best\u00f6rt \u00f6ver <strong>\u00c5sa Beckman<\/strong>s inl\u00e4gg i <a href=\"https:\/\/www.dn.se\/nyheter\/asa-beckman-varfor-ar-det-en-triumf-for-man-att-ha-yngre-kvinnor\/\"><strong>DN 31 augusti<\/strong><\/a>! <img loading=\"lazy\" class=\"alignnone  wp-image-77469\" src=\"http:\/\/www.filindeblogg.nu\/wp-content\/uploads\/2018\/09\/Beckman-\u00c5sa.jpg\" alt=\"\" width=\"90\" height=\"90\" srcset=\"http:\/\/www.filindeblogg.nu\/wp-content\/uploads\/2018\/09\/Beckman-\u00c5sa.jpg 160w, http:\/\/www.filindeblogg.nu\/wp-content\/uploads\/2018\/09\/Beckman-\u00c5sa-150x150.jpg 150w, http:\/\/www.filindeblogg.nu\/wp-content\/uploads\/2018\/09\/Beckman-\u00c5sa-144x144.jpg 144w\" sizes=\"(max-width: 90px) 100vw, 90px\" \/>\u00a0 \u00c5sa Beckman &#8211; kvinna, 56 \u00e5r och bitr\u00e4dande kulturchef p\u00e5 <strong>Dagens Nyheter<\/strong> och \u00e4nd\u00e5 med s\u00e5 korkat gammaldags syns\u00e4tt!!<\/p>\n<p>\u00c5sa Beckman gr\u00e5ter \u00f6ver 50-60-\u00e5riga kvinnor som blir l\u00e4mnade av sina m\u00e4n. H\u00e5nar m\u00e4nnen och pratar om fertilitet starkt kryddat med \u00e5ldersnoja med uttalanden som det h\u00e4r: <em><strong>\u201dshe had second wife written all over her\u201d<\/strong><\/em>!!<br \/>\n<img loading=\"lazy\" class=\"alignnone  wp-image-77493\" src=\"http:\/\/www.filindeblogg.nu\/wp-content\/uploads\/2018\/09\/Skrattande-smiley-1.jpg\" alt=\"\" width=\"60\" height=\"58\" srcset=\"http:\/\/www.filindeblogg.nu\/wp-content\/uploads\/2018\/09\/Skrattande-smiley-1.jpg 152w, http:\/\/www.filindeblogg.nu\/wp-content\/uploads\/2018\/09\/Skrattande-smiley-1-150x148.jpg 150w\" sizes=\"(max-width: 60px) 100vw, 60px\" \/>\u00a0Om man inte genast b\u00f6rjar gapskratta \u00e5t s\u00e5dana kr\u00e4nkande f\u00f6rdomar s\u00e5 blir man f\u00f6rbannad\u00a0<img loading=\"lazy\" class=\"alignnone  wp-image-77485\" src=\"http:\/\/www.filindeblogg.nu\/wp-content\/uploads\/2018\/09\/Tjurig-smiley-300x275.jpg\" alt=\"\" width=\"56\" height=\"51\" srcset=\"http:\/\/www.filindeblogg.nu\/wp-content\/uploads\/2018\/09\/Tjurig-smiley-300x275.jpg 300w, http:\/\/www.filindeblogg.nu\/wp-content\/uploads\/2018\/09\/Tjurig-smiley.jpg 329w\" sizes=\"(max-width: 56px) 100vw, 56px\" \/> &#8211; eller b\u00e5de ock! <strong> F\u00f6r &#8211;<\/strong><\/p>\n<p style=\"text-align: center;\"><strong>&#8211; HUR SER S\u00c5DANA KVINNOR UT &#8211; \u00c5SA BECKMAN??<\/strong><\/p>\n<p style=\"text-align: left;\"><strong><br \/>\n<\/strong>Jag k\u00e4nner ganska m\u00e5nga kvinnor som \u00e4r fru\/parter nummer tv\u00e5 och jag m\u00e5ste s\u00e4ga att jag inte kan se n\u00e5gra karakt\u00e4ristiska s\u00e4rdrag dem emellan! Varken utseendem\u00e4ssigt eller p\u00e5 annat vis. S\u00e5 f\u00f6rklara \u00c5sa Beckman!<\/p>\n<p><img loading=\"lazy\" class=\"alignnone  wp-image-77472\" src=\"http:\/\/www.filindeblogg.nu\/wp-content\/uploads\/2018\/09\/Mer-f\u00f6rv\u00e5nad-smiley-Kopia.png\" alt=\"\" width=\"65\" height=\"63\" \/>\u00a0Min blogg om \u00c5sa Beckmans pinsamma inl\u00e4gg kom den 1 september och du kan l\u00e4sa den igen <a href=\"http:\/\/www.filindeblogg.nu\/?p=77467\"><strong>H\u00c4R!<\/strong> <\/a><\/p>\n<p>Nu till lite annat! <img loading=\"lazy\" class=\"alignnone  wp-image-77542\" src=\"http:\/\/www.filindeblogg.nu\/wp-content\/uploads\/2018\/09\/IMG_4091-300x225.jpg\" alt=\"\" width=\"153\" height=\"115\" srcset=\"http:\/\/www.filindeblogg.nu\/wp-content\/uploads\/2018\/09\/IMG_4091-300x225.jpg 300w, http:\/\/www.filindeblogg.nu\/wp-content\/uploads\/2018\/09\/IMG_4091.jpg 640w\" sizes=\"(max-width: 153px) 100vw, 153px\" \/> F\u00f6delsedag ig\u00e5r! <img loading=\"lazy\" class=\"alignnone  wp-image-77543\" src=\"http:\/\/www.filindeblogg.nu\/wp-content\/uploads\/2018\/09\/IMG_4057-225x300.jpg\" alt=\"\" width=\"92\" height=\"123\" srcset=\"http:\/\/www.filindeblogg.nu\/wp-content\/uploads\/2018\/09\/IMG_4057-225x300.jpg 225w, http:\/\/www.filindeblogg.nu\/wp-content\/uploads\/2018\/09\/IMG_4057.jpg 480w\" sizes=\"(max-width: 92px) 100vw, 92px\" \/><br \/>\nFirande med presenter och kramar och lite annat!<br \/>\nJag fick bland annat en halv brygga!! <img loading=\"lazy\" class=\"alignnone  wp-image-77056\" src=\"http:\/\/www.filindeblogg.nu\/wp-content\/uploads\/2018\/08\/Smiley-glad.jpg\" alt=\"\" width=\"53\" height=\"54\" srcset=\"http:\/\/www.filindeblogg.nu\/wp-content\/uploads\/2018\/08\/Smiley-glad.jpg 154w, http:\/\/www.filindeblogg.nu\/wp-content\/uploads\/2018\/08\/Smiley-glad-150x150.jpg 150w, http:\/\/www.filindeblogg.nu\/wp-content\/uploads\/2018\/08\/Smiley-glad-144x144.jpg 144w\" sizes=\"(max-width: 53px) 100vw, 53px\" \/><br \/>\nVisst \u00e4r det h\u00e4rligt att ha s\u00e4rskilda dagar att fira att man \u00e4r f\u00f6dd! De d\u00e4r \u00e5ren beh\u00f6ver man ju inte r\u00e4kna &#8211; det r\u00e4cker med att konstatera att man \u00e4r vuxen, glad och 40+ &#8211; och att man fortfarande \u00e4r fit for fight!! <img loading=\"lazy\" class=\"alignnone  wp-image-77060\" src=\"http:\/\/www.filindeblogg.nu\/wp-content\/uploads\/2018\/08\/Smiley-blinkar.jpg\" alt=\"\" width=\"48\" height=\"48\" srcset=\"http:\/\/www.filindeblogg.nu\/wp-content\/uploads\/2018\/08\/Smiley-blinkar.jpg 185w, http:\/\/www.filindeblogg.nu\/wp-content\/uploads\/2018\/08\/Smiley-blinkar-150x150.jpg 150w, http:\/\/www.filindeblogg.nu\/wp-content\/uploads\/2018\/08\/Smiley-blinkar-144x144.jpg 144w\" sizes=\"(max-width: 48px) 100vw, 48px\" \/><\/p>\n<p><img loading=\"lazy\" class=\"alignnone  wp-image-77545\" src=\"http:\/\/www.filindeblogg.nu\/wp-content\/uploads\/2018\/09\/IMG_4093-300x225.jpg\" alt=\"\" width=\"188\" height=\"141\" srcset=\"http:\/\/www.filindeblogg.nu\/wp-content\/uploads\/2018\/09\/IMG_4093-300x225.jpg 300w, http:\/\/www.filindeblogg.nu\/wp-content\/uploads\/2018\/09\/IMG_4093.jpg 640w\" sizes=\"(max-width: 188px) 100vw, 188px\" \/>\u00a0 Jag t\u00e4nkte lite extra p\u00e5 dom som sett till att jag finns idag &#8211;<br \/>\n<img loading=\"lazy\" class=\"alignnone  wp-image-77547\" src=\"http:\/\/www.filindeblogg.nu\/wp-content\/uploads\/2018\/09\/IMG_4092-1-225x300.jpg\" alt=\"\" width=\"131\" height=\"175\" srcset=\"http:\/\/www.filindeblogg.nu\/wp-content\/uploads\/2018\/09\/IMG_4092-1-225x300.jpg 225w, http:\/\/www.filindeblogg.nu\/wp-content\/uploads\/2018\/09\/IMG_4092-1.jpg 480w\" sizes=\"(max-width: 131px) 100vw, 131px\" \/> mina \u00e4lskade f\u00f6r\u00e4ldrar:<\/p>\n<p><img loading=\"lazy\" class=\"size-medium wp-image-77544 aligncenter\" src=\"http:\/\/www.filindeblogg.nu\/wp-content\/uploads\/2018\/09\/IMG_2817-224x300.jpg\" alt=\"\" width=\"224\" height=\"300\" srcset=\"http:\/\/www.filindeblogg.nu\/wp-content\/uploads\/2018\/09\/IMG_2817-224x300.jpg 224w, http:\/\/www.filindeblogg.nu\/wp-content\/uploads\/2018\/09\/IMG_2817.jpg 478w\" sizes=\"(max-width: 224px) 100vw, 224px\" \/><\/p>\n<p>Och ni som f\u00f6ljer mig p\u00e5 <strong>Facebook<\/strong> kunde l\u00e4sa lite tankar jag hade kring f\u00f6delsedagen, livet och dom som betyder n\u00e5got f\u00f6r mig. <img loading=\"lazy\" class=\"alignnone  wp-image-77548\" src=\"http:\/\/www.filindeblogg.nu\/wp-content\/uploads\/2018\/09\/IMG_4115-300x225.jpg\" alt=\"\" width=\"245\" height=\"184\" srcset=\"http:\/\/www.filindeblogg.nu\/wp-content\/uploads\/2018\/09\/IMG_4115-300x225.jpg 300w, http:\/\/www.filindeblogg.nu\/wp-content\/uploads\/2018\/09\/IMG_4115.jpg 640w\" sizes=\"(max-width: 245px) 100vw, 245px\" \/> Lite nostalgisnack s\u00e5 d\u00e4r och en del k\u00e4rleksf\u00f6rklaringar. <img loading=\"lazy\" class=\"alignnone  wp-image-76410\" src=\"http:\/\/www.filindeblogg.nu\/wp-content\/uploads\/2018\/06\/Hj\u00e4rta-i-hand-1.jpg\" alt=\"\" width=\"70\" height=\"69\" srcset=\"http:\/\/www.filindeblogg.nu\/wp-content\/uploads\/2018\/06\/Hj\u00e4rta-i-hand-1.jpg 226w, http:\/\/www.filindeblogg.nu\/wp-content\/uploads\/2018\/06\/Hj\u00e4rta-i-hand-1-150x150.jpg 150w, http:\/\/www.filindeblogg.nu\/wp-content\/uploads\/2018\/06\/Hj\u00e4rta-i-hand-1-144x144.jpg 144w\" sizes=\"(max-width: 70px) 100vw, 70px\" \/><\/p>\n<p><img loading=\"lazy\" class=\"alignnone size-medium wp-image-77549\" src=\"http:\/\/www.filindeblogg.nu\/wp-content\/uploads\/2018\/09\/IMG_3647-169x300.png\" alt=\"\" width=\"169\" height=\"300\" srcset=\"http:\/\/www.filindeblogg.nu\/wp-content\/uploads\/2018\/09\/IMG_3647-169x300.png 169w, http:\/\/www.filindeblogg.nu\/wp-content\/uploads\/2018\/09\/IMG_3647-575x1024.png 575w, http:\/\/www.filindeblogg.nu\/wp-content\/uploads\/2018\/09\/IMG_3647.png 719w\" sizes=\"(max-width: 169px) 100vw, 169px\" \/>\u00a0Sen m\u00e5ste jag ju g\u00f6ra lite reklam f\u00f6r mig sj\u00e4lv i <strong><a href=\"https:\/\/www.magazin24.se\/\">Magazin24<\/a>! <\/strong><\/p>\n<p>Klicka <a href=\"https:\/\/www.magazin24.se\/arboga\/har-ar-var-nya-kronikor-som-inte-ar-radd-for-att-tycka-till\/reprhD!pCeCvQkmPcPezN5rNQewuA\/\"><strong>H\u00c4R<\/strong><\/a> om ni vill l\u00e4sa hela presentationen av mig &#8211; <strong><img loading=\"lazy\" class=\"alignnone size-medium wp-image-77550\" src=\"http:\/\/www.filindeblogg.nu\/wp-content\/uploads\/2018\/09\/IMG_3652-169x300.png\" alt=\"\" width=\"169\" height=\"300\" srcset=\"http:\/\/www.filindeblogg.nu\/wp-content\/uploads\/2018\/09\/IMG_3652-169x300.png 169w, http:\/\/www.filindeblogg.nu\/wp-content\/uploads\/2018\/09\/IMG_3652-575x1024.png 575w, http:\/\/www.filindeblogg.nu\/wp-content\/uploads\/2018\/09\/IMG_3652.png 719w\" sizes=\"(max-width: 169px) 100vw, 169px\" \/> <\/strong>och<a href=\"https:\/\/www.magazin24.se\/kronika\/leva-livet-i-tid-och-otid\/reprhD!CofkD3ZodFY4e1fwFgiyyQ\/\"><strong> H\u00c4R<\/strong><\/a> om ni vill l\u00e4sa min f\u00f6rsta kr\u00f6nika &#8211; <strong><em>&#8221;Leva livet &#8211; i tid och otid!&#8221;<\/em><\/strong>.\u00a0 <img loading=\"lazy\" class=\"alignnone size-medium wp-image-77551\" src=\"http:\/\/www.filindeblogg.nu\/wp-content\/uploads\/2018\/09\/IMG_3504-300x225.jpg\" alt=\"\" width=\"300\" height=\"225\" srcset=\"http:\/\/www.filindeblogg.nu\/wp-content\/uploads\/2018\/09\/IMG_3504-300x225.jpg 300w, http:\/\/www.filindeblogg.nu\/wp-content\/uploads\/2018\/09\/IMG_3504-768x576.jpg 768w, http:\/\/www.filindeblogg.nu\/wp-content\/uploads\/2018\/09\/IMG_3504-1024x767.jpg 1024w, http:\/\/www.filindeblogg.nu\/wp-content\/uploads\/2018\/09\/IMG_3504.jpg 1956w\" sizes=\"(max-width: 300px) 100vw, 300px\" \/><\/p>\n<p>Det kommer mera &#8211; jag lovar! Det finns hur mycket som helst att skriva om! 26 september kommer min n\u00e4sta kr\u00f6nika i Magazin24! S\u00e5 h\u00e5ll i er!\u00a0 \ud83d\ude42 <img loading=\"lazy\" class=\"alignnone size-medium wp-image-77552\" src=\"http:\/\/www.filindeblogg.nu\/wp-content\/uploads\/2018\/09\/Suss-i-svartvitt-i-M24-n\u00e4tet-ssd71praxvs3il5gbtdaxf7hk6byu5y-300x129.jpg\" alt=\"\" width=\"300\" height=\"129\" srcset=\"http:\/\/www.filindeblogg.nu\/wp-content\/uploads\/2018\/09\/Suss-i-svartvitt-i-M24-n\u00e4tet-ssd71praxvs3il5gbtdaxf7hk6byu5y-300x129.jpg 300w, http:\/\/www.filindeblogg.nu\/wp-content\/uploads\/2018\/09\/Suss-i-svartvitt-i-M24-n\u00e4tet-ssd71praxvs3il5gbtdaxf7hk6byu5y-768x329.jpg 768w, http:\/\/www.filindeblogg.nu\/wp-content\/uploads\/2018\/09\/Suss-i-svartvitt-i-M24-n\u00e4tet-ssd71praxvs3il5gbtdaxf7hk6byu5y.jpg 951w\" sizes=\"(max-width: 300px) 100vw, 300px\" \/> Inte ett ljud om valet idag och det lilla som jag kommer att yppa om det blir som slutkl\u00e4m i min kr\u00f6nika i Magazin24 &#8211;\u00a0 onsdag 26\/9 allts\u00e5.<\/p>\n<p>Senaste nytt vad g\u00e4ller tullstugan som jag s\u00e5lde till <strong>Gustav \u00d6berg<\/strong>!?\u00a0<img loading=\"lazy\" class=\"alignnone size-medium wp-image-77553\" src=\"http:\/\/www.filindeblogg.nu\/wp-content\/uploads\/2018\/09\/IMG_4096-225x300.jpg\" alt=\"\" width=\"225\" height=\"300\" srcset=\"http:\/\/www.filindeblogg.nu\/wp-content\/uploads\/2018\/09\/IMG_4096-225x300.jpg 225w, http:\/\/www.filindeblogg.nu\/wp-content\/uploads\/2018\/09\/IMG_4096-768x1024.jpg 768w, http:\/\/www.filindeblogg.nu\/wp-content\/uploads\/2018\/09\/IMG_4096.jpg 1512w\" sizes=\"(max-width: 225px) 100vw, 225px\" \/> Ja, ett par bilder blir det idag! Pojkarna sliter h\u00e5rt f\u00f6r det finns en hel del att g\u00f6ra p\u00e5 detta \u00f6ver 300 \u00e5r gamla hus! Just idag p\u00e5 morgonen var det lugnt men jag pl\u00e5tade \u00e4nd\u00e5 detta: <img loading=\"lazy\" class=\"alignnone size-medium wp-image-77554\" src=\"http:\/\/www.filindeblogg.nu\/wp-content\/uploads\/2018\/09\/IMG_4098-225x300.jpg\" alt=\"\" width=\"225\" height=\"300\" srcset=\"http:\/\/www.filindeblogg.nu\/wp-content\/uploads\/2018\/09\/IMG_4098-225x300.jpg 225w, http:\/\/www.filindeblogg.nu\/wp-content\/uploads\/2018\/09\/IMG_4098-768x1024.jpg 768w, http:\/\/www.filindeblogg.nu\/wp-content\/uploads\/2018\/09\/IMG_4098.jpg 1512w\" sizes=\"(max-width: 225px) 100vw, 225px\" \/> Nytt mindre f\u00f6nster p\u00e5 nederv\u00e5ningen ist\u00e4llet f\u00f6r rutan som fanns d\u00e4r tidigare f\u00f6r kiosken. Det nya f\u00f6nstret ska matcha det som ligger en v\u00e5ning upp.<\/p>\n<p><img loading=\"lazy\" class=\"alignnone size-medium wp-image-77555\" src=\"http:\/\/www.filindeblogg.nu\/wp-content\/uploads\/2018\/09\/IMG_4100-300x225.jpg\" alt=\"\" width=\"300\" height=\"225\" srcset=\"http:\/\/www.filindeblogg.nu\/wp-content\/uploads\/2018\/09\/IMG_4100-300x225.jpg 300w, http:\/\/www.filindeblogg.nu\/wp-content\/uploads\/2018\/09\/IMG_4100-768x576.jpg 768w, http:\/\/www.filindeblogg.nu\/wp-content\/uploads\/2018\/09\/IMG_4100-1024x768.jpg 1024w, http:\/\/www.filindeblogg.nu\/wp-content\/uploads\/2018\/09\/IMG_4100.jpg 2016w\" sizes=\"(max-width: 300px) 100vw, 300px\" \/>\u00a0 H\u00e4r in mot g\u00e5rden har ett nytt f\u00f6nster tagits upp d\u00e4r det faktiskt satt ett f\u00f6nster f\u00f6r flera hundra \u00e5r sedan. Och garaget till h\u00f6ger har b\u00f6rjat sin f\u00f6r\u00e4ndring. D\u00e4r kommer entr\u00e9n till huset att ligga.<\/p>\n<p>De nya f\u00f6nstren som vetter in mot min g\u00e5rd kommer att ge ljus \u00e5t grovk\u00f6ket och det f\u00f6nster som kommer att bli p\u00e5 gaveln (ej i bild) kommer att lysa upp badrummet!\u00a0 <img loading=\"lazy\" class=\"alignnone size-medium wp-image-77556\" src=\"http:\/\/www.filindeblogg.nu\/wp-content\/uploads\/2018\/09\/IMG_4105-300x225.jpg\" alt=\"\" width=\"300\" height=\"225\" srcset=\"http:\/\/www.filindeblogg.nu\/wp-content\/uploads\/2018\/09\/IMG_4105-300x225.jpg 300w, http:\/\/www.filindeblogg.nu\/wp-content\/uploads\/2018\/09\/IMG_4105-768x576.jpg 768w, http:\/\/www.filindeblogg.nu\/wp-content\/uploads\/2018\/09\/IMG_4105-1024x768.jpg 1024w, http:\/\/www.filindeblogg.nu\/wp-content\/uploads\/2018\/09\/IMG_4105.jpg 2016w\" sizes=\"(max-width: 300px) 100vw, 300px\" \/><\/p>\n<p>Inuti kunde jag bara se s\u00e5 h\u00e4r mycket just idag: <img loading=\"lazy\" class=\"alignnone size-medium wp-image-77557\" src=\"http:\/\/www.filindeblogg.nu\/wp-content\/uploads\/2018\/09\/IMG_4106-225x300.jpg\" alt=\"\" width=\"225\" height=\"300\" srcset=\"http:\/\/www.filindeblogg.nu\/wp-content\/uploads\/2018\/09\/IMG_4106-225x300.jpg 225w, http:\/\/www.filindeblogg.nu\/wp-content\/uploads\/2018\/09\/IMG_4106-768x1024.jpg 768w, http:\/\/www.filindeblogg.nu\/wp-content\/uploads\/2018\/09\/IMG_4106.jpg 1512w\" sizes=\"(max-width: 225px) 100vw, 225px\" \/>Men du kan l\u00e4sa mera om <strong>K\u00f6pingstullen 3<\/strong> och Gustav \u00d6berg i Magazin24 som kommer ut idag! <img loading=\"lazy\" class=\"alignnone size-medium wp-image-77558\" src=\"http:\/\/www.filindeblogg.nu\/wp-content\/uploads\/2018\/09\/IMG_4116-300x225.jpg\" alt=\"\" width=\"300\" height=\"225\" srcset=\"http:\/\/www.filindeblogg.nu\/wp-content\/uploads\/2018\/09\/IMG_4116-300x225.jpg 300w, http:\/\/www.filindeblogg.nu\/wp-content\/uploads\/2018\/09\/IMG_4116-768x576.jpg 768w, http:\/\/www.filindeblogg.nu\/wp-content\/uploads\/2018\/09\/IMG_4116-1024x768.jpg 1024w, http:\/\/www.filindeblogg.nu\/wp-content\/uploads\/2018\/09\/IMG_4116.jpg 2016w\" sizes=\"(max-width: 300px) 100vw, 300px\" \/><\/p>\n<p>B\u00e4ttre \u00e4n s\u00e5 h\u00e4r blir inte bloggen idag! Ute bl\u00e5ser det stormvindar s\u00e5 katterna f\u00f6redrar att stanna inomhus. <strong>Felix och Wilma<\/strong> l\u00e4ngtar efter lillhusse som nu har rest tillbaka till <strong>G\u00f6tet<\/strong>. <img loading=\"lazy\" class=\"alignnone size-medium wp-image-77559\" src=\"http:\/\/www.filindeblogg.nu\/wp-content\/uploads\/2018\/09\/IMG_4109-300x225.jpg\" alt=\"\" width=\"300\" height=\"225\" srcset=\"http:\/\/www.filindeblogg.nu\/wp-content\/uploads\/2018\/09\/IMG_4109-300x225.jpg 300w, http:\/\/www.filindeblogg.nu\/wp-content\/uploads\/2018\/09\/IMG_4109.jpg 640w\" sizes=\"(max-width: 300px) 100vw, 300px\" \/> Jag n\u00e4nns inte byta lakan och b\u00e4dda rent i sonens s\u00e4ng n\u00e4r de myser som de g\u00f6r. Det f\u00e5r v\u00e4nta! \ud83d\ude42<\/p>\n<p>Sk\u00f6t om er nu! T\u00e4nk lite nytt och kreativt och inte i gamla inskr\u00e4nkta banor som DN:s kulturchef tycks g\u00f6ra! Det finns ingen anledning att gr\u00e4va ner sig i gammal f\u00f6rlegad sm\u00f6rja &#8211; utan se s\u00e5! Ta lite nya tag! Vi h\u00f6rs snart igen &#8211; och ses!<\/p>\n<p><img loading=\"lazy\" class=\"alignnone size-medium wp-image-77562\" src=\"http:\/\/www.filindeblogg.nu\/wp-content\/uploads\/2018\/09\/IMG_4090-300x225.jpg\" alt=\"\" width=\"300\" height=\"225\" srcset=\"http:\/\/www.filindeblogg.nu\/wp-content\/uploads\/2018\/09\/IMG_4090-300x225.jpg 300w, http:\/\/www.filindeblogg.nu\/wp-content\/uploads\/2018\/09\/IMG_4090.jpg 640w\" sizes=\"(max-width: 300px) 100vw, 300px\" \/><\/p>\n<p><img loading=\"lazy\" class=\"wp-image-77560 aligncenter\" src=\"http:\/\/www.filindeblogg.nu\/wp-content\/uploads\/2018\/09\/IMG_2823-225x300.png\" alt=\"\" width=\"254\" height=\"339\" srcset=\"http:\/\/www.filindeblogg.nu\/wp-content\/uploads\/2018\/09\/IMG_2823-225x300.png 225w, http:\/\/www.filindeblogg.nu\/wp-content\/uploads\/2018\/09\/IMG_2823.png 480w\" sizes=\"(max-width: 254px) 100vw, 254px\" \/><\/p>\n<p><img loading=\"lazy\" class=\"alignnone  wp-image-77561\" src=\"http:\/\/www.filindeblogg.nu\/wp-content\/uploads\/2018\/09\/IMG_4114-300x225.jpg\" alt=\"\" width=\"252\" height=\"189\" srcset=\"http:\/\/www.filindeblogg.nu\/wp-content\/uploads\/2018\/09\/IMG_4114-300x225.jpg 300w, http:\/\/www.filindeblogg.nu\/wp-content\/uploads\/2018\/09\/IMG_4114.jpg 640w\" sizes=\"(max-width: 252px) 100vw, 252px\" \/> <img loading=\"lazy\" class=\"alignnone  wp-image-76185\" src=\"http:\/\/www.filindeblogg.nu\/wp-content\/uploads\/2018\/05\/Take-care-300x272.gif\" alt=\"\" width=\"208\" height=\"189\" \/><\/p>\n<p>&nbsp;<\/p>\n<p>&nbsp;<\/p>\n<p>&nbsp;<\/p>\n","protected":false},"excerpt":{"rendered":"<p>Hall\u00e5 d\u00e4r! Lite bloggande nu igen &#8211; med betoning p\u00e5 LITE! F\u00f6rst m\u00e5ste jag s\u00e4ga att jag fortfarande \u00e4r best\u00f6rt \u00f6ver \u00c5sa Beckmans inl\u00e4gg i DN 31 augusti! \u00a0 \u00c5sa Beckman &#8211; kvinna, 56 \u00e5r och bitr\u00e4dande kulturchef p\u00e5 Dagens Nyheter och \u00e4nd\u00e5 med s\u00e5 korkat gammaldags syns\u00e4tt!! \u00c5sa Beckman gr\u00e5ter \u00f6ver 50-60-\u00e5riga kvinnor som [&hellip;]<\/p>\n","protected":false},"author":1,"featured_media":0,"comment_status":"open","ping_status":"open","sticky":false,"template":"","format":"standard","meta":[],"categories":[127,218,221,41,222,255,100,259,233,101],"tags":[],"_links":{"self":[{"href":"http:\/\/www.filindeblogg.nu\/index.php?rest_route=\/wp\/v2\/posts\/77540"}],"collection":[{"href":"http:\/\/www.filindeblogg.nu\/index.php?rest_route=\/wp\/v2\/posts"}],"about":[{"href":"http:\/\/www.filindeblogg.nu\/index.php?rest_route=\/wp\/v2\/types\/post"}],"author":[{"embeddable":true,"href":"http:\/\/www.filindeblogg.nu\/index.php?rest_route=\/wp\/v2\/users\/1"}],"replies":[{"embeddable":true,"href":"http:\/\/www.filindeblogg.nu\/index.php?rest_route=%2Fwp%2Fv2%2Fcomments&post=77540"}],"version-history":[{"count":24,"href":"http:\/\/www.filindeblogg.nu\/index.php?rest_route=\/wp\/v2\/posts\/77540\/revisions"}],"predecessor-version":[{"id":77586,"href":"http:\/\/www.filindeblogg.nu\/index.php?rest_route=\/wp\/v2\/posts\/77540\/revisions\/77586"}],"wp:attachment":[{"href":"http:\/\/www.filindeblogg.nu\/index.php?rest_route=%2Fwp%2Fv2%2Fmedia&parent=77540"}],"wp:term":[{"taxonomy":"category","embeddable":true,"href":"http:\/\/www.filindeblogg.nu\/index.php?rest_route=%2Fwp%2Fv2%2Fcategories&post=77540"},{"taxonomy":"post_tag","embeddable":true,"href":"http:\/\/www.filindeblogg.nu\/index.php?rest_route=%2Fwp%2Fv2%2Ftags&post=77540"}],"curies":[{"name":"wp","href":"https:\/\/api.w.org\/{rel}","templated":true}]}}