{"id":77502,"date":"2018-09-05T13:30:09","date_gmt":"2018-09-05T12:30:09","guid":{"rendered":"http:\/\/www.filindeblogg.nu\/?p=77502"},"modified":"2018-09-05T13:30:09","modified_gmt":"2018-09-05T12:30:09","slug":"vi-skriver-historia-i-arboga-del-2b-nu-sa","status":"publish","type":"post","link":"http:\/\/www.filindeblogg.nu\/?p=77502","title":{"rendered":"Vi skriver historia i Arboga &#8211; del 2B!! Nu s\u00e5!!"},"content":{"rendered":"<p><img loading=\"lazy\" class=\"alignnone size-full wp-image-77505\" src=\"http:\/\/www.filindeblogg.nu\/wp-content\/uploads\/2018\/09\/3805.jpg\" alt=\"\" width=\"124\" height=\"166\" \/>\u00a0S\u00e5 d\u00e4r ja, del 2B kommer redan!!\u00a0<img loading=\"lazy\" class=\"alignnone  wp-image-77504\" src=\"http:\/\/www.filindeblogg.nu\/wp-content\/uploads\/2018\/09\/IMG_3781-226x300.jpg\" alt=\"\" width=\"116\" height=\"154\" srcset=\"http:\/\/www.filindeblogg.nu\/wp-content\/uploads\/2018\/09\/IMG_3781-226x300.jpg 226w, http:\/\/www.filindeblogg.nu\/wp-content\/uploads\/2018\/09\/IMG_3781.jpg 482w\" sizes=\"(max-width: 116px) 100vw, 116px\" \/><\/p>\n<p><img loading=\"lazy\" class=\"alignnone  wp-image-77503\" src=\"http:\/\/www.filindeblogg.nu\/wp-content\/uploads\/2018\/09\/IMG_3780-182x300.jpg\" alt=\"\" width=\"98\" height=\"162\" srcset=\"http:\/\/www.filindeblogg.nu\/wp-content\/uploads\/2018\/09\/IMG_3780-182x300.jpg 182w, http:\/\/www.filindeblogg.nu\/wp-content\/uploads\/2018\/09\/IMG_3780.jpg 604w\" sizes=\"(max-width: 98px) 100vw, 98px\" \/> Och jag l\u00e5ter nog bilderna f\u00e5 tala f\u00f6r sig sj\u00e4lva &#8211; med n\u00e5gra undantag!<\/p>\n<p><img loading=\"lazy\" class=\"alignnone size-full wp-image-77506\" src=\"http:\/\/www.filindeblogg.nu\/wp-content\/uploads\/2018\/09\/3460.jpg\" alt=\"\" width=\"221\" height=\"166\" \/> *** <img loading=\"lazy\" class=\"alignnone size-full wp-image-77507\" src=\"http:\/\/www.filindeblogg.nu\/wp-content\/uploads\/2018\/09\/3463.jpg\" alt=\"\" width=\"124\" height=\"166\" \/><\/p>\n<p><img loading=\"lazy\" class=\"alignnone size-full wp-image-77510\" src=\"http:\/\/www.filindeblogg.nu\/wp-content\/uploads\/2018\/09\/3680.jpg\" alt=\"\" width=\"124\" height=\"166\" \/> Gluggar f\u00f6r f\u00f6nster upptagna!\u00a0<img loading=\"lazy\" class=\"alignnone size-full wp-image-77509\" src=\"http:\/\/www.filindeblogg.nu\/wp-content\/uploads\/2018\/09\/3682.jpg\" alt=\"\" width=\"124\" height=\"166\" \/><\/p>\n<p><img loading=\"lazy\" class=\"size-full wp-image-77508 aligncenter\" src=\"http:\/\/www.filindeblogg.nu\/wp-content\/uploads\/2018\/09\/3487.jpg\" alt=\"\" width=\"124\" height=\"166\" \/><\/p>\n<p><img loading=\"lazy\" class=\"alignnone size-full wp-image-77511\" src=\"http:\/\/www.filindeblogg.nu\/wp-content\/uploads\/2018\/09\/3479.jpg\" alt=\"\" width=\"221\" height=\"166\" \/> F\u00f6nsterrutor ska det bli h\u00e4r ocks\u00e5 &#8211; p\u00e5 det f d lilla garaget. F\u00f6r garaget kommer att bli entr\u00e9 med badrum!<\/p>\n<p><img loading=\"lazy\" class=\"alignnone size-full wp-image-77512\" src=\"http:\/\/www.filindeblogg.nu\/wp-content\/uploads\/2018\/09\/3789.jpg\" alt=\"\" width=\"124\" height=\"166\" \/> Och en som fixar till det d\u00e4r med r\u00f6r och badrum \u00e4r <strong>Folke Bj\u00f6rndahl<\/strong>! <img loading=\"lazy\" class=\"alignnone size-full wp-image-77514\" src=\"http:\/\/www.filindeblogg.nu\/wp-content\/uploads\/2018\/09\/3795.jpg\" alt=\"\" width=\"221\" height=\"166\" \/> Jod\u00e5, h\u00e4r blir det snart ett h\u00e4rligt badrum! <img loading=\"lazy\" class=\"alignnone size-full wp-image-77515\" src=\"http:\/\/www.filindeblogg.nu\/wp-content\/uploads\/2018\/09\/3797-1.jpg\" alt=\"\" width=\"221\" height=\"166\" \/><\/p>\n<p><img loading=\"lazy\" class=\"alignnone  wp-image-77516\" src=\"http:\/\/www.filindeblogg.nu\/wp-content\/uploads\/2018\/09\/3642.jpg\" alt=\"\" width=\"148\" height=\"198\" \/> Vattnet drogs in ig\u00e5r! <img loading=\"lazy\" class=\"alignnone  wp-image-77517\" src=\"http:\/\/www.filindeblogg.nu\/wp-content\/uploads\/2018\/09\/3643.jpg\" alt=\"\" width=\"150\" height=\"201\" \/><\/p>\n<p>Inuti sj\u00e4lva bostadsdelen d\u00e5 &#8211; hur ser det ut d\u00e4r? <img loading=\"lazy\" class=\"alignnone  wp-image-77518\" src=\"http:\/\/www.filindeblogg.nu\/wp-content\/uploads\/2018\/09\/3803.jpg\" alt=\"\" width=\"156\" height=\"209\" \/><\/p>\n<p><img loading=\"lazy\" class=\"alignnone size-full wp-image-77519\" src=\"http:\/\/www.filindeblogg.nu\/wp-content\/uploads\/2018\/09\/3802.jpg\" alt=\"\" width=\"221\" height=\"166\" \/> Med lite fantasi kan man nog f\u00e5 till hur det kommer att se ut snart! <img loading=\"lazy\" class=\"alignnone size-full wp-image-77520\" src=\"http:\/\/www.filindeblogg.nu\/wp-content\/uploads\/2018\/09\/3800.jpg\" alt=\"\" width=\"221\" height=\"166\" \/><\/p>\n<p><img loading=\"lazy\" class=\"alignnone  wp-image-77521\" src=\"http:\/\/www.filindeblogg.nu\/wp-content\/uploads\/2018\/09\/3786.jpg\" alt=\"\" width=\"186\" height=\"248\" \/> Vi som bor i huset intill har det lite tr\u00e5ng p\u00e5 v\u00e5r uppfart just nu&#8230; \ud83d\ude42 <img loading=\"lazy\" class=\"alignnone size-full wp-image-77522\" src=\"http:\/\/www.filindeblogg.nu\/wp-content\/uploads\/2018\/09\/3809.jpg\" alt=\"\" width=\"221\" height=\"166\" \/> Men med den fart<strong> Gustav \u00d6berg<\/strong>, den nye \u00e4garen till den<strong> f d kiosken, K\u00f6pingstullen 3<\/strong>, h\u00e5ller s\u00e5 \u00e4r snart grush\u00f6gar och byggmaterial ett minne blott!<\/p>\n<p><img loading=\"lazy\" class=\"alignnone size-full wp-image-77523\" src=\"http:\/\/www.filindeblogg.nu\/wp-content\/uploads\/2018\/09\/3807.jpg\" alt=\"\" width=\"221\" height=\"166\" \/> Ett gammalt hus i f\u00f6rvandling!<\/p>\n<p><img loading=\"lazy\" class=\" wp-image-77524 aligncenter\" src=\"http:\/\/www.filindeblogg.nu\/wp-content\/uploads\/2018\/09\/3790.jpg\" alt=\"\" width=\"151\" height=\"202\" \/><\/p>\n<p>Jag forts\u00e4tter att ber\u00e4tta vad som h\u00e4nder! <img loading=\"lazy\" class=\"alignnone size-full wp-image-77525\" src=\"http:\/\/www.filindeblogg.nu\/wp-content\/uploads\/2018\/09\/3794.jpg\" alt=\"\" width=\"221\" height=\"166\" \/><br \/>\nJag lovar!! <img loading=\"lazy\" class=\"alignnone size-full wp-image-77526\" src=\"http:\/\/www.filindeblogg.nu\/wp-content\/uploads\/2018\/09\/3792.jpg\" alt=\"\" width=\"221\" height=\"166\" \/><\/p>\n<p><img loading=\"lazy\" class=\"size-full wp-image-77527 aligncenter\" src=\"http:\/\/www.filindeblogg.nu\/wp-content\/uploads\/2018\/09\/3511.jpg\" alt=\"\" width=\"221\" height=\"166\" \/><\/p>\n<p>\u00c4r jag n\u00e5t glad, d\u00e5?? &#8211; Jaa d\u00e5! Lika glad som tidigare! <img loading=\"lazy\" class=\"alignnone size-medium wp-image-77528\" src=\"http:\/\/www.filindeblogg.nu\/wp-content\/uploads\/2018\/09\/IMG_3349-204x300.jpg\" alt=\"\" width=\"204\" height=\"300\" srcset=\"http:\/\/www.filindeblogg.nu\/wp-content\/uploads\/2018\/09\/IMG_3349-204x300.jpg 204w, http:\/\/www.filindeblogg.nu\/wp-content\/uploads\/2018\/09\/IMG_3349.jpg 383w\" sizes=\"(max-width: 204px) 100vw, 204px\" \/><\/p>\n<p>Efter allt byggdamm k\u00f6r vi lite \u00e4pplen p\u00e5 slutet! Ha det gott! Fler rapporter kommer! H\u00e5ll utkik!<\/p>\n<p><img loading=\"lazy\" class=\"alignnone  wp-image-77529\" src=\"http:\/\/www.filindeblogg.nu\/wp-content\/uploads\/2018\/09\/3815.jpg\" alt=\"\" width=\"147\" height=\"197\" \/> Maglemer! <img loading=\"lazy\" class=\"alignnone  wp-image-77530\" src=\"http:\/\/www.filindeblogg.nu\/wp-content\/uploads\/2018\/09\/3814.jpg\" alt=\"\" width=\"149\" height=\"199\" \/><\/p>\n<p><img loading=\"lazy\" class=\"size-full wp-image-77531 aligncenter\" src=\"http:\/\/www.filindeblogg.nu\/wp-content\/uploads\/2018\/09\/3813.jpg\" alt=\"\" width=\"221\" height=\"166\" \/><\/p>\n<p>&nbsp;<\/p>\n<p>&nbsp;<\/p>\n<p>&nbsp;<\/p>\n<p>&nbsp;<\/p>\n<p>&nbsp;<\/p>\n<p>&nbsp;<\/p>\n","protected":false},"excerpt":{"rendered":"<p>\u00a0S\u00e5 d\u00e4r ja, del 2B kommer redan!!\u00a0 Och jag l\u00e5ter nog bilderna f\u00e5 tala f\u00f6r sig sj\u00e4lva &#8211; med n\u00e5gra undantag! *** Gluggar f\u00f6r f\u00f6nster upptagna!\u00a0 F\u00f6nsterrutor ska det bli h\u00e4r ocks\u00e5 &#8211; p\u00e5 det f d lilla garaget. F\u00f6r garaget kommer att bli entr\u00e9 med badrum! Och en som fixar till det d\u00e4r med [&hellip;]<\/p>\n","protected":false},"author":1,"featured_media":0,"comment_status":"open","ping_status":"open","sticky":false,"template":"","format":"standard","meta":[],"categories":[127,221,172,255,100,101],"tags":[],"_links":{"self":[{"href":"http:\/\/www.filindeblogg.nu\/index.php?rest_route=\/wp\/v2\/posts\/77502"}],"collection":[{"href":"http:\/\/www.filindeblogg.nu\/index.php?rest_route=\/wp\/v2\/posts"}],"about":[{"href":"http:\/\/www.filindeblogg.nu\/index.php?rest_route=\/wp\/v2\/types\/post"}],"author":[{"embeddable":true,"href":"http:\/\/www.filindeblogg.nu\/index.php?rest_route=\/wp\/v2\/users\/1"}],"replies":[{"embeddable":true,"href":"http:\/\/www.filindeblogg.nu\/index.php?rest_route=%2Fwp%2Fv2%2Fcomments&post=77502"}],"version-history":[{"count":7,"href":"http:\/\/www.filindeblogg.nu\/index.php?rest_route=\/wp\/v2\/posts\/77502\/revisions"}],"predecessor-version":[{"id":77538,"href":"http:\/\/www.filindeblogg.nu\/index.php?rest_route=\/wp\/v2\/posts\/77502\/revisions\/77538"}],"wp:attachment":[{"href":"http:\/\/www.filindeblogg.nu\/index.php?rest_route=%2Fwp%2Fv2%2Fmedia&parent=77502"}],"wp:term":[{"taxonomy":"category","embeddable":true,"href":"http:\/\/www.filindeblogg.nu\/index.php?rest_route=%2Fwp%2Fv2%2Fcategories&post=77502"},{"taxonomy":"post_tag","embeddable":true,"href":"http:\/\/www.filindeblogg.nu\/index.php?rest_route=%2Fwp%2Fv2%2Ftags&post=77502"}],"curies":[{"name":"wp","href":"https:\/\/api.w.org\/{rel}","templated":true}]}}