{"id":77408,"date":"2018-08-25T09:24:34","date_gmt":"2018-08-25T08:24:34","guid":{"rendered":"http:\/\/www.filindeblogg.nu\/?p=77408"},"modified":"2018-08-25T09:24:34","modified_gmt":"2018-08-25T08:24:34","slug":"sverige-dubbelmoralens-hogborg","status":"publish","type":"post","link":"http:\/\/www.filindeblogg.nu\/?p=77408","title":{"rendered":"Sverige &#8211; dubbelmoralens h\u00f6gborg!"},"content":{"rendered":"<p>Idag handlar bloggen om det h\u00e4r!<img loading=\"lazy\" class=\"alignnone size-full wp-image-77409\" src=\"http:\/\/www.filindeblogg.nu\/wp-content\/uploads\/2018\/08\/Skygglappar.jpg\" alt=\"\" width=\"225\" height=\"225\" srcset=\"http:\/\/www.filindeblogg.nu\/wp-content\/uploads\/2018\/08\/Skygglappar.jpg 225w, http:\/\/www.filindeblogg.nu\/wp-content\/uploads\/2018\/08\/Skygglappar-150x150.jpg 150w, http:\/\/www.filindeblogg.nu\/wp-content\/uploads\/2018\/08\/Skygglappar-144x144.jpg 144w\" sizes=\"(max-width: 225px) 100vw, 225px\" \/><br \/>\nVet ni inte vad det \u00e4r?<br \/>\nSkygglappar!<\/p>\n<p>Och inte p\u00e5 h\u00e4star &#8211; utan p\u00e5 m\u00e4nniskor! <img loading=\"lazy\" class=\"alignnone  wp-image-77410\" src=\"http:\/\/www.filindeblogg.nu\/wp-content\/uploads\/2018\/08\/Skygglappar-1-278x300.jpg\" alt=\"\" width=\"194\" height=\"209\" srcset=\"http:\/\/www.filindeblogg.nu\/wp-content\/uploads\/2018\/08\/Skygglappar-1-278x300.jpg 278w, http:\/\/www.filindeblogg.nu\/wp-content\/uploads\/2018\/08\/Skygglappar-1.jpg 300w\" sizes=\"(max-width: 194px) 100vw, 194px\" \/><br \/>\nNi vet s\u00e5nt h\u00e4r: <img loading=\"lazy\" class=\"alignnone size-medium wp-image-77411\" src=\"http:\/\/www.filindeblogg.nu\/wp-content\/uploads\/2018\/08\/Tunnelseende-svartvit-300x284.png\" alt=\"\" width=\"300\" height=\"284\" \/><br \/>\nJag menar det h\u00e4r: <img loading=\"lazy\" class=\"alignnone size-medium wp-image-77412\" src=\"http:\/\/www.filindeblogg.nu\/wp-content\/uploads\/2018\/08\/Tunnelseende-\u00f6ga-300x225.png\" alt=\"\" width=\"300\" height=\"225\" srcset=\"http:\/\/www.filindeblogg.nu\/wp-content\/uploads\/2018\/08\/Tunnelseende-\u00f6ga-300x225.png 300w, http:\/\/www.filindeblogg.nu\/wp-content\/uploads\/2018\/08\/Tunnelseende-\u00f6ga.png 555w\" sizes=\"(max-width: 300px) 100vw, 300px\" \/><\/p>\n<p>S\u00e5 kallat &#8221;tunnelseende&#8221;! <img loading=\"lazy\" class=\"alignnone size-full wp-image-77413\" src=\"http:\/\/www.filindeblogg.nu\/wp-content\/uploads\/2018\/08\/Tunnel-vision.jpg\" alt=\"\" width=\"224\" height=\"224\" srcset=\"http:\/\/www.filindeblogg.nu\/wp-content\/uploads\/2018\/08\/Tunnel-vision.jpg 224w, http:\/\/www.filindeblogg.nu\/wp-content\/uploads\/2018\/08\/Tunnel-vision-150x150.jpg 150w, http:\/\/www.filindeblogg.nu\/wp-content\/uploads\/2018\/08\/Tunnel-vision-144x144.jpg 144w\" sizes=\"(max-width: 224px) 100vw, 224px\" \/><\/p>\n<p>D v s man ser det man vill se och skiter i resten! Och varf\u00f6r kom jag p\u00e5 detta just nu d\u00e5?? Jo, med anledning av ett mycket bra TV-program h\u00e4r om dagen: <img loading=\"lazy\" class=\"alignnone size-full wp-image-77414\" src=\"http:\/\/www.filindeblogg.nu\/wp-content\/uploads\/2018\/08\/Uppdrag-granskning.jpg\" alt=\"\" width=\"226\" height=\"161\" \/> <strong><em>&#8221;Uppdrag granskning&#8221;<\/em><\/strong> i<strong> SVT<\/strong> om v\u00e5ldt\u00e4kter och sexualbrott &#8211; och varf\u00f6r man i Sverige inte &#8221;f\u00e5r&#8221; n\u00e4mna varifr\u00e5n v\u00e5ldt\u00e4ktsm\u00e4nnen kommer! Oavsett om det kommer fr\u00e5n <strong>Ume\u00e5, Sp\u00e5nga eller Kabul<\/strong>!!<\/p>\n<p>Och det \u00e4r det som \u00e4r sj\u00e4lva grejen &#8211; Kabul!! D v s trots att utrikesf\u00f6dda och invandrade m\u00e4n \u00e4r \u00f6verrepresenterade i statistiken \u00f6ver v\u00e5ldt\u00e4ktsd\u00f6mda (58%) och i \u00e4nnu h\u00f6gre procent \u00f6ver anm\u00e4lningar av sexualbrott &#8211; s\u00e5 hysch, hysch i Sverige &#8211; denna dubbelmoralens h\u00f6gborg!<\/p>\n<p><img loading=\"lazy\" class=\"alignnone  wp-image-77415\" src=\"http:\/\/www.filindeblogg.nu\/wp-content\/uploads\/2018\/08\/Dubbelmoral-300x282.jpg\" alt=\"\" width=\"184\" height=\"173\" srcset=\"http:\/\/www.filindeblogg.nu\/wp-content\/uploads\/2018\/08\/Dubbelmoral-300x282.jpg 300w, http:\/\/www.filindeblogg.nu\/wp-content\/uploads\/2018\/08\/Dubbelmoral-768x722.jpg 768w, http:\/\/www.filindeblogg.nu\/wp-content\/uploads\/2018\/08\/Dubbelmoral.jpg 960w\" sizes=\"(max-width: 184px) 100vw, 184px\" \/> Det \u00e4ckligaste \u00e4r n\u00e4r folk l\u00e5tsas st\u00e5 upp f\u00f6r kvinnor och f\u00f6r m\u00e4nniskor \u00f6ver huvud taget &#8211; men som sen i n\u00e5gon sorts korkad felriktad v\u00e4lg\u00e4rning\u00a0 (l\u00e4s: bj\u00f6rntj\u00e4nst!) v\u00e4gra ta in fakta! D\u00e5 vill man inte veta!<img loading=\"lazy\" class=\"alignnone  wp-image-77416\" src=\"http:\/\/www.filindeblogg.nu\/wp-content\/uploads\/2018\/08\/Skygglappar-2-200x300.jpg\" alt=\"\" width=\"121\" height=\"182\" srcset=\"http:\/\/www.filindeblogg.nu\/wp-content\/uploads\/2018\/08\/Skygglappar-2-200x300.jpg 200w, http:\/\/www.filindeblogg.nu\/wp-content\/uploads\/2018\/08\/Skygglappar-2.jpg 683w\" sizes=\"(max-width: 121px) 100vw, 121px\" \/> D\u00e5 \u00e4r det bara okey att prata om &#8221;m\u00e4n i st\u00f6rsta allm\u00e4nhet&#8221; och d\u00e4rmed inbegripa alla m\u00e4n som g\u00e4rningsm\u00e4n! D\u00e5 vill man bara se ena sidan och v\u00e4grar ta in helheten! <img loading=\"lazy\" class=\"alignnone  wp-image-77417\" src=\"http:\/\/www.filindeblogg.nu\/wp-content\/uploads\/2018\/08\/Skygglappar-3-300x200.jpg\" alt=\"\" width=\"167\" height=\"111\" srcset=\"http:\/\/www.filindeblogg.nu\/wp-content\/uploads\/2018\/08\/Skygglappar-3-300x200.jpg 300w, http:\/\/www.filindeblogg.nu\/wp-content\/uploads\/2018\/08\/Skygglappar-3-768x511.jpg 768w, http:\/\/www.filindeblogg.nu\/wp-content\/uploads\/2018\/08\/Skygglappar-3.jpg 1000w\" sizes=\"(max-width: 167px) 100vw, 167px\" \/><\/p>\n<p><img loading=\"lazy\" class=\"alignnone  wp-image-77418\" src=\"http:\/\/www.filindeblogg.nu\/wp-content\/uploads\/2018\/08\/Arg-man.jpg\" alt=\"\" width=\"185\" height=\"130\" \/> \u00c4n v\u00e4rre blir det n\u00e4r dessa &#8221;fantastiska, humana och goda m\u00e4nniskor &#8221;ska tracka ner p\u00e5 andra\u00a0<img loading=\"lazy\" class=\"alignnone  wp-image-77419\" src=\"http:\/\/www.filindeblogg.nu\/wp-content\/uploads\/2018\/08\/Arg-diskussion-2.jpg\" alt=\"\" width=\"228\" height=\"152\" \/> &#8211; de som vill se fakta, de som f\u00f6rst\u00e5r att det finns en verklighet och vill g\u00f6ra n\u00e5got \u00e5t saken &#8211; d v s f\u00f6r\u00e4ndra f\u00f6r s\u00e5v\u00e4l eventuellt tillkommande offer som potentiella g\u00e4rningsm\u00e4n!<\/p>\n<p>Vilken dubbelmoral!\u00a0<img loading=\"lazy\" class=\"alignnone  wp-image-77420\" src=\"http:\/\/www.filindeblogg.nu\/wp-content\/uploads\/2018\/08\/Arg-diskussion.jpg\" alt=\"\" width=\"233\" height=\"155\" \/> Att l\u00e5tsas godhj\u00e4rtad och gener\u00f6s i en l\u00e5tsasv\u00e4rld!! <img loading=\"lazy\" class=\"alignnone  wp-image-77421\" src=\"http:\/\/www.filindeblogg.nu\/wp-content\/uploads\/2018\/08\/Arg-kvinna-300x168.jpg\" alt=\"\" width=\"237\" height=\"133\" \/><\/p>\n<p>V\u00e4x upp! Ta in verkligheten! Fatta att det handlar om kultur, tidigare upplevelser, utveckling och kunskap! Att alla m\u00e4nniskor \u00e4r olika! Att det \u00e4r en otrolig verklighetschock att som man komma fr\u00e5n t ex Afghanistan med den typen av religi\u00f6s dubbelmoral med helt t\u00e4ckta kvinnor\u00a0<img loading=\"lazy\" class=\"alignnone  wp-image-77451\" src=\"http:\/\/www.filindeblogg.nu\/wp-content\/uploads\/2018\/08\/T\u00e4ckta-kvinnor-300x150.jpg\" alt=\"\" width=\"200\" height=\"100\" srcset=\"http:\/\/www.filindeblogg.nu\/wp-content\/uploads\/2018\/08\/T\u00e4ckta-kvinnor-300x150.jpg 300w, http:\/\/www.filindeblogg.nu\/wp-content\/uploads\/2018\/08\/T\u00e4ckta-kvinnor-768x384.jpg 768w, http:\/\/www.filindeblogg.nu\/wp-content\/uploads\/2018\/08\/T\u00e4ckta-kvinnor.jpg 960w\" sizes=\"(max-width: 200px) 100vw, 200px\" \/> &#8211; till ett land som Sverige d\u00e4r allt \u00e4r till\u00e5tet i princip <img loading=\"lazy\" class=\"alignnone  wp-image-77452\" src=\"http:\/\/www.filindeblogg.nu\/wp-content\/uploads\/2018\/08\/Kvinna-sverige-194x300.jpg\" alt=\"\" width=\"124\" height=\"192\" srcset=\"http:\/\/www.filindeblogg.nu\/wp-content\/uploads\/2018\/08\/Kvinna-sverige-194x300.jpg 194w, http:\/\/www.filindeblogg.nu\/wp-content\/uploads\/2018\/08\/Kvinna-sverige.jpg 383w\" sizes=\"(max-width: 124px) 100vw, 124px\" \/>\u00a0 &#8211; bara man vet gr\u00e4nserna&#8230; Och det \u00e4r just dessa gr\u00e4nser vi m\u00e5ste ber\u00e4tta om!! VAD \u00c4R DET F\u00d6R FEL MED DET??<\/p>\n<p>Gr\u00e4nser, lagar &#8211; g\u00e4ller f\u00f6r alla!\u00a0<img loading=\"lazy\" class=\"alignnone size-full wp-image-77422\" src=\"http:\/\/www.filindeblogg.nu\/wp-content\/uploads\/2018\/08\/Svensk-lag.jpg\" alt=\"\" width=\"110\" height=\"159\" \/> S\u00e5v\u00e4l svenska m\u00e4n som utrikesf\u00f6dda! Vi g\u00f6r vare sig offer eller g\u00e4rningsm\u00e4n en tj\u00e4nst genom att l\u00e5tsas, genom att m\u00f6rka, genom att inte informera och ber\u00e4tta vad som tolereras och inte!<\/p>\n<p>G\u00e5 till Sverige f\u00f6r hundra \u00e5r sen &#8211; hur s\u00e5g det ut d\u00e5? Eller ett par hundra \u00e5r sen! HUR kan vi f\u00f6rv\u00e4nta oss att m\u00e4nniskor fr\u00e5n andra kulturer ska f\u00f6rst\u00e5 p\u00e5 studs n\u00e4r de anl\u00e4nder till Sverige!? HUR kan vi tro att de ska g\u00f6ra tv\u00e5 hundra \u00e5r av information och utveckling p\u00e5 n\u00e5gra m\u00e5nader!?<\/p>\n<p>Och jag som tycker s\u00e5 h\u00e4r <strong>&#8211; NEJ, JAG JOBBAR INTE F\u00d6R DEN BRUNA R\u00d6RELSEN!<\/strong> Jag tar in verkligheten och vill ALLA v\u00e4l! Det handlar om att ge m\u00e4n fr\u00e5n t ex <strong>Afghanistan<\/strong> r\u00e4tt f\u00f6ruts\u00e4ttningar f\u00f6r ett eventuellt nytt liv i Sverige! Det handlar ocks\u00e5 om att v\u00e4rna kvinnor! FATTA DET! <img loading=\"lazy\" class=\"alignnone size-full wp-image-77423\" src=\"http:\/\/www.filindeblogg.nu\/wp-content\/uploads\/2018\/08\/Bort-med-allt-detta.jpg\" alt=\"\" width=\"299\" height=\"168\" \/><\/p>\n<p><img loading=\"lazy\" class=\"alignnone size-medium wp-image-77425\" src=\"http:\/\/www.filindeblogg.nu\/wp-content\/uploads\/2018\/08\/Tunnelseende-300x246.jpg\" alt=\"\" width=\"300\" height=\"246\" srcset=\"http:\/\/www.filindeblogg.nu\/wp-content\/uploads\/2018\/08\/Tunnelseende-300x246.jpg 300w, http:\/\/www.filindeblogg.nu\/wp-content\/uploads\/2018\/08\/Tunnelseende.jpg 594w\" sizes=\"(max-width: 300px) 100vw, 300px\" \/> S\u00e5 l\u00e4gg av med fantasiv\u00e4rlden i tunnelseendelandet &#8211; dubbelmoralens h\u00f6gborg! N\u00e4r folk b\u00f6rjar t\u00e4nka om, n\u00e4r v\u00e5ra politiker inkl nuvarande regering tar in verkligheten s\u00e5 kommer Nazi-Jimmie att spricka som ett troll i solsken! <img loading=\"lazy\" class=\"alignnone  wp-image-77463\" src=\"http:\/\/www.filindeblogg.nu\/wp-content\/uploads\/2018\/08\/Troll-268x300.jpg\" alt=\"\" width=\"90\" height=\"101\" srcset=\"http:\/\/www.filindeblogg.nu\/wp-content\/uploads\/2018\/08\/Troll-268x300.jpg 268w, http:\/\/www.filindeblogg.nu\/wp-content\/uploads\/2018\/08\/Troll.jpg 300w\" sizes=\"(max-width: 90px) 100vw, 90px\" \/><\/p>\n<p>Detta med kvinnor och m\u00e4n \u00e4r sannerligen inte l\u00e4tt.<\/p>\n<p><img loading=\"lazy\" class=\"size-medium wp-image-77424 aligncenter\" src=\"http:\/\/www.filindeblogg.nu\/wp-content\/uploads\/2018\/08\/M\u00e4n-och-kvinnor-S\u00c5-sv\u00e5rt-300x197.jpg\" alt=\"\" width=\"300\" height=\"197\" srcset=\"http:\/\/www.filindeblogg.nu\/wp-content\/uploads\/2018\/08\/M\u00e4n-och-kvinnor-S\u00c5-sv\u00e5rt-300x197.jpg 300w, http:\/\/www.filindeblogg.nu\/wp-content\/uploads\/2018\/08\/M\u00e4n-och-kvinnor-S\u00c5-sv\u00e5rt.jpg 305w\" sizes=\"(max-width: 300px) 100vw, 300px\" \/><\/p>\n<p><a href=\"https:\/\/www.svtplay.se\/video\/19022330\/uppdrag-granskning\/uppdrag-granskning-sasong-19-domda-for-valdtakt\"><strong>H\u00c4R<\/strong><\/a> kan ni se programmet <strong>Uppdrag granskning!<\/strong> (D\u00e5 f\u00f6rst\u00e5r ni ocks\u00e5 var f\u00f6r jag tar upp just m\u00e4n fr\u00e5n Afghanistan.)\u00a0 <a href=\"https:\/\/www.dn.se\/ledare\/signerat\/erik-helmerson-sta-pa-er-med-journalistiken-om-utlandsfodda-och-brott-uppdrag-granskning\/\"><strong>H\u00c4R<\/strong><\/a> kan ni ocks\u00e5 l\u00e4sa en mycket bra ledare i <strong>Dagens Nyheter<\/strong>. &#8221;<\/p>\n<h1 class=\"article__headline\"><span class=\"article__author dn-color-section-ledare--color\"><a class=\"dn-color-section-ledare--color\" href=\"https:\/\/www.dn.se\/skribent\/erik-helmerson\/\">Erik Helmerson: <\/a> <\/span> St\u00e5 p\u00e5 er med journalistiken om utlandsf\u00f6dda och brott, \u201dUppdrag granskning\u201d <i class=\"blockquote-icon\"><\/i><\/h1>\n<p>&nbsp;<\/p>\n<p>Mycket ilska och uppr\u00f6rdhet blev det idag! Mer kan det bli i en tidning n\u00e4ra dig &#8211; \u00e5tminstone om du bor i <strong>V\u00e4stra M\u00e4lardalen<\/strong>!\u00a0 Jag \u00e4r ny kr\u00f6nik\u00f6r f\u00f6r <strong>Magazin24<\/strong>!\u00a0<img loading=\"lazy\" class=\"alignnone size-full wp-image-77427\" src=\"http:\/\/www.filindeblogg.nu\/wp-content\/uploads\/2018\/08\/M24.jpg\" alt=\"\" width=\"124\" height=\"166\" \/> S\u00e5 fr\u00e5n och med n\u00e4sta vecka f\u00e5r ni se upp! D\u00e5 kommer mina tankar och id\u00e9er att dyka upp n\u00e5gon g\u00e5ng i m\u00e5naden! <img loading=\"lazy\" class=\"alignnone size-full wp-image-77426\" src=\"http:\/\/www.filindeblogg.nu\/wp-content\/uploads\/2018\/08\/Suss-i-M24.jpg\" alt=\"\" width=\"152\" height=\"166\" \/><\/p>\n<p>Lite sn\u00e4llt i bloggen ocks\u00e5! \ud83d\ude42 Jag \u00e4r ju sn\u00e4ll&#8230; Sn\u00e4lla, kontroversiella fj\u00e4lla!! Med ett g\u00e4ng r\u00e4var bakom \u00f6rat och ett sjuhelvetes hum\u00f6r n\u00e4r det sl\u00e5r till.<\/p>\n<p><img loading=\"lazy\" class=\"alignnone size-full wp-image-77428\" src=\"http:\/\/www.filindeblogg.nu\/wp-content\/uploads\/2018\/08\/G\u00e5rden-fram.jpg\" alt=\"\" width=\"221\" height=\"166\" \/> Efter en otroligt het och torr sommar har regnet kommit och gjort sitt!<br \/>\nDet g\u00e4ller att klippa f\u00f6r nu v\u00e4xer gr\u00e4set fort! <img loading=\"lazy\" class=\"alignnone  wp-image-77429\" src=\"http:\/\/www.filindeblogg.nu\/wp-content\/uploads\/2018\/08\/Huset-bak.jpg\" alt=\"\" width=\"155\" height=\"208\" \/><\/p>\n<p>V\u00e4xer fort &#8211; och mycket &#8211; g\u00f6r frukten ocks\u00e5! <img loading=\"lazy\" class=\"alignnone size-full wp-image-77430\" src=\"http:\/\/www.filindeblogg.nu\/wp-content\/uploads\/2018\/08\/Gudruns-plommon.jpg\" alt=\"\" width=\"124\" height=\"166\" \/> Plommon!<br \/>\nMen \u00e4nnu mer av \u00e4pplen!! <img loading=\"lazy\" class=\"alignnone size-full wp-image-77431\" src=\"http:\/\/www.filindeblogg.nu\/wp-content\/uploads\/2018\/08\/\u00c4ppelp\u00e4ppel.jpg\" alt=\"\" width=\"124\" height=\"166\" \/> Maglemer i m\u00e4ngder!! <img loading=\"lazy\" class=\"alignnone size-full wp-image-77432\" src=\"http:\/\/www.filindeblogg.nu\/wp-content\/uploads\/2018\/08\/Maglemer.jpg\" alt=\"\" width=\"124\" height=\"166\" \/><\/p>\n<p>Och p\u00e5 baksidan av min g\u00e5rd finns tv\u00e5 \u00e4ppeltr\u00e4d som s\u00e5tt sig sj\u00e4lva. Det \u00e4r v\u00e4l n\u00e5gra f\u00e5glar som bajsat ur sig k\u00e4rnor som sen blev tv\u00e5 \u00e4ppeltr\u00e4d! <strong>Min mamma Hj\u00f6rdis<\/strong> tog f\u00f6r m\u00e5nga \u00e5r sedan med ett av varje \u00e4pple till <a href=\"https:\/\/www.nordiskamuseet.se\/slott-gardar\/julita-gard\"><strong>Julita G\u00e5rd <\/strong><\/a>och fick d\u00e4r bekr\u00e4ftat att det var fr\u00e5gan om tv\u00e5 helt nya, unika \u00e4ppelsorter. Mamma namngav dom.\u00a0<img loading=\"lazy\" class=\"alignnone size-full wp-image-77433\" src=\"http:\/\/www.filindeblogg.nu\/wp-content\/uploads\/2018\/08\/Hj\u00f6rdis\u00e4pplet.jpg\" alt=\"\" width=\"124\" height=\"166\" \/> Sommar\u00e4pplet fick heta Hj\u00f6rdis och tr\u00e4det\u00a0 med h\u00f6st\u00e4pplen fick min dotters namn, <strong>Lovisa<\/strong>. <img loading=\"lazy\" class=\"alignnone size-full wp-image-77434\" src=\"http:\/\/www.filindeblogg.nu\/wp-content\/uploads\/2018\/08\/Lovisa\u00e4pplet.jpg\" alt=\"\" width=\"124\" height=\"166\" \/><br \/>\nLovisa har f\u00f6rresten namnsdag idag! Grattis! En ros fr\u00e5n <strong>Mamsegulls<\/strong> blomma som jag fick till min f\u00f6rra f\u00f6delsedag f\u00e5r bli gratulationen! <img loading=\"lazy\" class=\"alignnone size-full wp-image-77435\" src=\"http:\/\/www.filindeblogg.nu\/wp-content\/uploads\/2018\/08\/Mamsegulls-ros.jpg\" alt=\"\" width=\"124\" height=\"166\" \/><br \/>\nDen blommar f\u00f6r fullt nu igen. S\u00e5 vacker.<\/p>\n<p>Lite s\u00e5nt h\u00e4r ocks\u00e5! <img loading=\"lazy\" class=\"alignnone size-full wp-image-77436\" src=\"http:\/\/www.filindeblogg.nu\/wp-content\/uploads\/2018\/08\/War-1.jpg\" alt=\"\" width=\"124\" height=\"166\" \/> M\u00e4rkliga ink\u00f6p gjorda av mig! <img loading=\"lazy\" class=\"alignnone size-full wp-image-77437\" src=\"http:\/\/www.filindeblogg.nu\/wp-content\/uploads\/2018\/08\/War-2.jpg\" alt=\"\" width=\"124\" height=\"166\" \/> Kl\u00e4der i 40-talsstuk! Har med detta att g\u00f6ra: <img loading=\"lazy\" class=\"alignnone size-medium wp-image-77439\" src=\"http:\/\/www.filindeblogg.nu\/wp-content\/uploads\/2018\/08\/Engelska-flaggan-300x200.jpg\" alt=\"\" width=\"300\" height=\"200\" srcset=\"http:\/\/www.filindeblogg.nu\/wp-content\/uploads\/2018\/08\/Engelska-flaggan-300x200.jpg 300w, http:\/\/www.filindeblogg.nu\/wp-content\/uploads\/2018\/08\/Engelska-flaggan.jpg 700w\" sizes=\"(max-width: 300px) 100vw, 300px\" \/> Vet ni inte vad det \u00e4r f\u00f6r flagga s\u00e5 googla!<br \/>\nMer om kl\u00e4derna, 40-talet och landet ifr\u00e5ga &#8211; kommer s\u00e5 sm\u00e5ningom.<\/p>\n<p>Nu tar vi det lugnt p\u00e5 mammas gata! <img loading=\"lazy\" class=\"alignnone  wp-image-77440\" src=\"http:\/\/www.filindeblogg.nu\/wp-content\/uploads\/2018\/08\/Mammas-gata.jpg\" alt=\"\" width=\"174\" height=\"229\" \/> Eller s\u00e5 \u00e5ker vi till <strong>Regna Hembygdsg\u00e5rd<\/strong> d\u00e4r det \u00e4r &#8221;marken&#8221; idag! Brorsan och jag har varit d\u00e4r m\u00e5nga g\u00e5nger &#8211; h\u00e4r en bild fr\u00e5n n\u00e5gra \u00e5r sedan&#8230; <img loading=\"lazy\" class=\"alignnone size-full wp-image-77441\" src=\"http:\/\/www.filindeblogg.nu\/wp-content\/uploads\/2018\/08\/Susanne-och-Mats.jpg\" alt=\"\" width=\"226\" height=\"145\" \/><\/p>\n<p><img loading=\"lazy\" class=\"alignnone  wp-image-77442\" src=\"http:\/\/www.filindeblogg.nu\/wp-content\/uploads\/2018\/08\/Suss.jpg\" alt=\"\" width=\"189\" height=\"253\" \/> Sk\u00f6t om er nu! V\u00e4lj era ord och t\u00e4nk till lite f\u00f6re! Sl\u00e4ng av er skygglapparna och kolla utanf\u00f6r tunneln! Vi ses igen!<\/p>\n<p><img loading=\"lazy\" class=\"alignnone  wp-image-77443\" src=\"http:\/\/www.filindeblogg.nu\/wp-content\/uploads\/2018\/08\/Blomma-2.jpg\" alt=\"\" width=\"154\" height=\"206\" \/><img loading=\"lazy\" class=\"alignnone  wp-image-77444\" src=\"http:\/\/www.filindeblogg.nu\/wp-content\/uploads\/2018\/08\/Susanne-och-Mats-koncentrerat.jpg\" alt=\"\" width=\"158\" height=\"206\" \/> <img loading=\"lazy\" class=\"alignnone  wp-image-77445\" src=\"http:\/\/www.filindeblogg.nu\/wp-content\/uploads\/2018\/08\/Blomma-1.jpg\" alt=\"\" width=\"152\" height=\"204\" \/><\/p>\n<p>&nbsp;<\/p>\n<div id=\"save-action\"><\/div>\n<p>&nbsp;<\/p>\n<p>&nbsp;<\/p>\n<p>&nbsp;<\/p>\n<p>&nbsp;<\/p>\n<p>&nbsp;<\/p>\n","protected":false},"excerpt":{"rendered":"<p>Idag handlar bloggen om det h\u00e4r! Vet ni inte vad det \u00e4r? Skygglappar! Och inte p\u00e5 h\u00e4star &#8211; utan p\u00e5 m\u00e4nniskor! Ni vet s\u00e5nt h\u00e4r: Jag menar det h\u00e4r: S\u00e5 kallat &#8221;tunnelseende&#8221;! D v s man ser det man vill se och skiter i resten! Och varf\u00f6r kom jag p\u00e5 detta just nu d\u00e5?? Jo, [&hellip;]<\/p>\n","protected":false},"author":1,"featured_media":0,"comment_status":"open","ping_status":"open","sticky":false,"template":"","format":"standard","meta":[],"categories":[188,131,156,162,137,100,233,132,235,101,150],"tags":[],"_links":{"self":[{"href":"http:\/\/www.filindeblogg.nu\/index.php?rest_route=\/wp\/v2\/posts\/77408"}],"collection":[{"href":"http:\/\/www.filindeblogg.nu\/index.php?rest_route=\/wp\/v2\/posts"}],"about":[{"href":"http:\/\/www.filindeblogg.nu\/index.php?rest_route=\/wp\/v2\/types\/post"}],"author":[{"embeddable":true,"href":"http:\/\/www.filindeblogg.nu\/index.php?rest_route=\/wp\/v2\/users\/1"}],"replies":[{"embeddable":true,"href":"http:\/\/www.filindeblogg.nu\/index.php?rest_route=%2Fwp%2Fv2%2Fcomments&post=77408"}],"version-history":[{"count":18,"href":"http:\/\/www.filindeblogg.nu\/index.php?rest_route=\/wp\/v2\/posts\/77408\/revisions"}],"predecessor-version":[{"id":77466,"href":"http:\/\/www.filindeblogg.nu\/index.php?rest_route=\/wp\/v2\/posts\/77408\/revisions\/77466"}],"wp:attachment":[{"href":"http:\/\/www.filindeblogg.nu\/index.php?rest_route=%2Fwp%2Fv2%2Fmedia&parent=77408"}],"wp:term":[{"taxonomy":"category","embeddable":true,"href":"http:\/\/www.filindeblogg.nu\/index.php?rest_route=%2Fwp%2Fv2%2Fcategories&post=77408"},{"taxonomy":"post_tag","embeddable":true,"href":"http:\/\/www.filindeblogg.nu\/index.php?rest_route=%2Fwp%2Fv2%2Ftags&post=77408"}],"curies":[{"name":"wp","href":"https:\/\/api.w.org\/{rel}","templated":true}]}}