{"id":76323,"date":"2018-06-10T17:05:25","date_gmt":"2018-06-10T16:05:25","guid":{"rendered":"http:\/\/www.filindeblogg.nu\/?p=76323"},"modified":"2018-06-10T17:06:32","modified_gmt":"2018-06-10T16:06:32","slug":"om-utsatta-barn-idag-och-for-20-ar-sedan-favorit-i-repris-om-vardelos-skola-och-mobbande-larare","status":"publish","type":"post","link":"http:\/\/www.filindeblogg.nu\/?p=76323","title":{"rendered":"Om utsatta barn &#8211; idag och f\u00f6r 20 \u00e5r sedan&#8230; &#8221;Favorit&#8221; i repris&#8230; Om v\u00e4rdel\u00f6s skola och mobbande l\u00e4rare!"},"content":{"rendered":"<p><img loading=\"lazy\" class=\"alignnone size-full wp-image-76326\" src=\"http:\/\/www.filindeblogg.nu\/wp-content\/uploads\/2018\/06\/Ensamt-barn.jpg\" alt=\"\" width=\"275\" height=\"183\" \/> Den 24 juni 2014, f\u00f6r fyra \u00e5r sedan, la bloggaren ut ett inl\u00e4gg h\u00e4r som v\u00e4ckte uppm\u00e4rksamhet &#8211; p\u00e5 olika vis&#8230;<br \/>\nInl\u00e4gget b\u00f6rjade som en ins\u00e4ndare &#8211; men <strong>Arboga Tidning<\/strong> v\u00e4grade ta in den. Anledningen, citat:<\/p>\n<p><em>\u201dJag har valt att inte publicera din ins\u00e4ndare, eftersom s\u00e5 m\u00e5nga personer \u00e4r involverade i texten. <strong>Ansvarig utgivare anser att l\u00e4rarna inte f\u00e5r pekas ut, vilket de indirekt blir eftersom staden \u00e4r liten<a href=\"http:\/\/www.dn.se\/nyheter\/sverige\/jag-vill-bryta-blockpolitiken-den-ar-fordummande\/\" target=\"_blank\" rel=\"noopener\">.<\/a>\u201d<\/strong><\/em><\/p>\n<p>D v s trots att ins\u00e4ndaren handlade om saker som h\u00e4nde f\u00f6r 15-20 \u00e5r sedan OCH det faktum att ingen person var namngiven (f\u00f6rutom indirekt huvudpersonen &#8211; den lille pojken i ber\u00e4ttelsen) s\u00e5 ville tidningen v\u00e4rna om l\u00e4rarna &#8211; dom kunde ju k\u00e4nna sig utpekade&#8230;Gud f\u00f6rbjude&#8230;<\/p>\n<p>Bloggaren gick d\u00e5 till <strong>Magazin24<\/strong> och<strong> Fredrik Klevenhaus<\/strong> beslutade direkt att publicera ins\u00e4ndaren. N\u00e4r den kom ut i tidningen ber\u00f6rdes m\u00e5nga. Flera kontaktade bloggaren, en del gr\u00e4t.<\/p>\n<p>Ins\u00e4ndaren i Magazin24 blev ocks\u00e5 en blogg &#8211; och den bloggen kommer nu i repris! <img loading=\"lazy\" class=\"alignnone wp-image-76332\" src=\"http:\/\/www.filindeblogg.nu\/wp-content\/uploads\/2018\/06\/IMG_2401-263x300.png\" alt=\"\" width=\"189\" height=\"216\" srcset=\"http:\/\/www.filindeblogg.nu\/wp-content\/uploads\/2018\/06\/IMG_2401-263x300.png 263w, http:\/\/www.filindeblogg.nu\/wp-content\/uploads\/2018\/06\/IMG_2401.png 480w\" sizes=\"(max-width: 189px) 100vw, 189px\" \/><\/p>\n<p>Varf\u00f6r d\u00e5? Jo, bloggen k\u00e4ndes fortfarande aktuell &#8211; tyv\u00e4rr &#8211; sedan bloggaren h\u00e4r om dagen tr\u00e4ffade en person som ber\u00e4ttade hur sv\u00e5rt barn har det i skolan idag. Och d\u00e5 s\u00e4rskilt utsatta barn och barn med s k s\u00e4rskilt behov av st\u00f6d&#8230;<\/p>\n<p>D\u00e4rf\u00f6r kommer nu ins\u00e4ndaren\/bloggen i repris!<br \/>\nBer\u00e4ttelsen ur verkligheten handlar om en pojke f\u00f6r sis\u00e5d\u00e4r 20 \u00e5r sedan &#8211; MEN ingenting har tydligen h\u00e4nt sedan dess i skolv\u00e4rlden!<\/p>\n<p>Det handlar om <img loading=\"lazy\" class=\"alignnone size-medium wp-image-76327\" src=\"http:\/\/www.filindeblogg.nu\/wp-content\/uploads\/2018\/06\/ADHD-300x147.jpg\" alt=\"\" width=\"300\" height=\"147\" srcset=\"http:\/\/www.filindeblogg.nu\/wp-content\/uploads\/2018\/06\/ADHD-300x147.jpg 300w, http:\/\/www.filindeblogg.nu\/wp-content\/uploads\/2018\/06\/ADHD.jpg 320w\" sizes=\"(max-width: 300px) 100vw, 300px\" \/> och om mobbing! <img loading=\"lazy\" class=\"alignnone size-full wp-image-76328\" src=\"http:\/\/www.filindeblogg.nu\/wp-content\/uploads\/2018\/06\/Mobbad-av-barn.jpg\" alt=\"\" width=\"275\" height=\"183\" \/><\/p>\n<p><img loading=\"lazy\" class=\"alignnone size-full wp-image-76330\" src=\"http:\/\/www.filindeblogg.nu\/wp-content\/uploads\/2018\/06\/Mobbad-av-barn-2.jpg\" alt=\"\" width=\"299\" height=\"168\" \/> Visst &#8211; barn med ADHD, Aspergers syndrom och andra egenskaper kan bli mobbade av skolkamrater<br \/>\n&#8211;\u00a0 det \u00e4r illa! <img loading=\"lazy\" class=\"alignnone size-medium wp-image-76336\" src=\"http:\/\/www.filindeblogg.nu\/wp-content\/uploads\/2018\/06\/Ledsen-flicka-300x168.jpg\" alt=\"\" width=\"300\" height=\"168\" \/><br \/>\nMen \u00e4n v\u00e4rre \u00e4r det &#8211; <img loading=\"lazy\" class=\"alignnone wp-image-76337\" src=\"http:\/\/www.filindeblogg.nu\/wp-content\/uploads\/2018\/06\/Skolpojke-300x199.jpg\" alt=\"\" width=\"188\" height=\"125\" srcset=\"http:\/\/www.filindeblogg.nu\/wp-content\/uploads\/2018\/06\/Skolpojke-300x199.jpg 300w, http:\/\/www.filindeblogg.nu\/wp-content\/uploads\/2018\/06\/Skolpojke.jpg 507w\" sizes=\"(max-width: 188px) 100vw, 188px\" \/><\/p>\n<p>&#8211; <img loading=\"lazy\" class=\"alignnone wp-image-76329\" src=\"http:\/\/www.filindeblogg.nu\/wp-content\/uploads\/2018\/06\/L\u00e4rare-mobbar-elev-300x215.jpg\" alt=\"\" width=\"197\" height=\"141\" srcset=\"http:\/\/www.filindeblogg.nu\/wp-content\/uploads\/2018\/06\/L\u00e4rare-mobbar-elev-300x215.jpg 300w, http:\/\/www.filindeblogg.nu\/wp-content\/uploads\/2018\/06\/L\u00e4rare-mobbar-elev.jpg 728w\" sizes=\"(max-width: 197px) 100vw, 197px\" \/> &#8211; n\u00e4r det \u00e4r l\u00e4rarna som mobbar! <img loading=\"lazy\" class=\"alignnone size-medium wp-image-76345\" src=\"http:\/\/www.filindeblogg.nu\/wp-content\/uploads\/2018\/06\/Mobbande-l\u00e4rare-300x160.jpg\" alt=\"\" width=\"300\" height=\"160\" srcset=\"http:\/\/www.filindeblogg.nu\/wp-content\/uploads\/2018\/06\/Mobbande-l\u00e4rare-300x160.jpg 300w, http:\/\/www.filindeblogg.nu\/wp-content\/uploads\/2018\/06\/Mobbande-l\u00e4rare.jpg 308w\" sizes=\"(max-width: 300px) 100vw, 300px\" \/><\/p>\n<p><img loading=\"lazy\" class=\"wp-image-76331 aligncenter\" src=\"http:\/\/www.filindeblogg.nu\/wp-content\/uploads\/2018\/06\/L\u00e4rare-mobblar-elev-2-300x166.jpg\" alt=\"\" width=\"246\" height=\"136\" srcset=\"http:\/\/www.filindeblogg.nu\/wp-content\/uploads\/2018\/06\/L\u00e4rare-mobblar-elev-2-300x166.jpg 300w, http:\/\/www.filindeblogg.nu\/wp-content\/uploads\/2018\/06\/L\u00e4rare-mobblar-elev-2-768x425.jpg 768w, http:\/\/www.filindeblogg.nu\/wp-content\/uploads\/2018\/06\/L\u00e4rare-mobblar-elev-2.jpg 957w\" sizes=\"(max-width: 246px) 100vw, 246px\" \/><\/p>\n<p>&nbsp;<\/p>\n<p><strong>NU kommer reprisen!<\/strong><\/p>\n<p>&nbsp;<\/p>\n<p><img loading=\"lazy\" class=\"alignnone wp-image-76333\" src=\"http:\/\/www.filindeblogg.nu\/wp-content\/uploads\/2018\/06\/IMG_8709-242x300.jpg\" alt=\"\" width=\"168\" height=\"208\" srcset=\"http:\/\/www.filindeblogg.nu\/wp-content\/uploads\/2018\/06\/IMG_8709-242x300.jpg 242w, http:\/\/www.filindeblogg.nu\/wp-content\/uploads\/2018\/06\/IMG_8709.jpg 516w\" sizes=\"(max-width: 168px) 100vw, 168px\" \/><em>Det var en g\u00e5ng en liten pojke som skulle b\u00f6rja skolan.<\/em><br \/>\n<em>Han var sp\u00e4nd och f\u00f6rv\u00e4ntansfull. Lite orolig \u00f6ver det nya men glad \u00f6ver att han skulle f\u00e5 l\u00e4ra sig saker. Han var en intelligent och vetgirig liten pojke.<\/em><br \/>\n<em>Skolan blev inte rolig f\u00f6r pojken. Han tyckte klassen var f\u00f6r stor och lektionerna f\u00f6r st\u00f6kiga. Pojken blev orolig och ist\u00e4llet f\u00f6r att f\u00e5 hj\u00e4lp fick han bestraffningar, sk\u00e4ll och motades ut fr\u00e5n klassrummet. Ibland h\u00f6lls han fast och st\u00e4lldes ut p\u00e5 skolg\u00e5rden. Mamman fick ofta telefonp\u00e5ringningar hem.<\/em><br \/>\n<em>N\u00e4r pojken var 9 \u00e5r blev det b\u00e4ttre. Han fick en underbar assistent och till fyran fick hon f\u00f6lja med till \u201dmellanstadiet\u201d d\u00e4r det fanns en klok l\u00e4rare som tog honom till sitt hj\u00e4rta. Det blev en ljus och fin tid f\u00f6r pojken. Han var lycklig och l\u00e4rde sig mycket.<\/em><\/p>\n<p><em>N\u00e4r pojken skulle b\u00f6rja sexan blev det \u00e5ter byte av l\u00e4rare och klass. D\u00e5 b\u00f6rjade helvetet igen \u2013 f\u00f6r pojkens grundskoletid blev faktiskt till ett helvete. En \u00e4nnu st\u00f6rre klass med m\u00e5nga st\u00f6kiga elever och l\u00e4rare som inte klarade jobbet.<\/em><br \/>\n<em>Pojken f\u00f6rtalades, anm\u00e4ldes och flyttades till en mindre skolgrupp. D\u00e4r blev det om m\u00f6jligt \u00e4nnu v\u00e4rre.<\/em><\/p>\n<p><em>Pojken fick inte tillg\u00e5ng till alla \u00e4mnen. Fysik och kemi blev uteslutet \u2013 liksom ett antal andra. L\u00e4raren var hotfull, m\u00e5nga br\u00e5k och m\u00e5nga t\u00e5rar \u2013 f\u00f6r p\u00e5 denna lilla grupp gick m\u00e5nga elever med problem. Det h\u00e4nde att l\u00e4raren ringde mamman och bad henne h\u00e4mta pojken eftersom han inte ville g\u00e5 hem fr\u00e5n skolan.<\/em><br \/>\n<em>Vid den tiden fick pojken endast en lektionstimma per dag.<\/em><\/p>\n<p><em>Pojken som var en lugn och sn\u00e4ll liten pojke m\u00e5dde mycket d\u00e5ligt. Blev ledsen \u00e4ven hemma och f\u00f6rstod inte vad han gjorde f\u00f6r fel. Det enda han ville var att g\u00e5 i skolan och l\u00e4ra sig mycket.<\/em><\/p>\n<p><em>N\u00e4r \u00e5rskurs 9 var \u00f6ver ville skolan \u00f6verf\u00f6ra pojken till Individuella programmet p\u00e5 gymnasiet, ett \u201dslasktrattsprogram\u201d f\u00f6r alla som inte klarar grundskolan. Mamman v\u00e4grade och letade med ljus och lykta efter ett annat gymnasium. Ett gymnasium som klarade av att l\u00e4ra ut \u00e4ven till elever med ADHD, Aspergers syndrom och liknande egenskaper.<\/em><br \/>\n<em>Skolverket hade ingen aning men mamman lyckades. Det fanns ett gymnasium i \u00d6rebro! Men pojken fick inte g\u00e5 d\u00e4r eftersom \u00d6rebro tillh\u00f6r ett annat l\u00e4n \u00e4n d\u00e4r pojken bodde. Efter mycket br\u00e5k och kr\u00e5ngel med hemkommunen fick pojken \u00e4nd\u00e5 b\u00f6rja p\u00e5 gymnasiet d\u00e4r.<\/em><br \/>\n<em>Pojken fick en fantastisk l\u00e4rare, trivdes mycket bra och b\u00f6rjade v\u00e4xa som m\u00e4nniska. Han l\u00e4rde sig mycket men eftersom gymnasiet endast tillhandah\u00f6ll Samh\u00e4llsprogrammet fick han inte l\u00e4sa favorit\u00e4mnena.<\/em><\/p>\n<p><em>Efter gymnasieskolan b\u00f6rjade pojken p\u00e5 folkh\u00f6gskola och flyttade hemifr\u00e5n. Han l\u00e4ste in Naturvetenskapligt bas\u00e5r f\u00f6r att komplettera sin utbildning. D\u00e5 fick han \u00e4ntligen studera favorit\u00e4mnena fysik och kemi som han aldrig f\u00e5tt i grundskolan.<\/em><br \/>\n<em>Pojken klarade bas\u00e5ret galant och s\u00f6kte till universitetet.<\/em><\/p>\n<p><em>Den 5 juni tog pojken sin examen som biomedicinsk analytiker vid G\u00f6teborgs Universitet. Den pojken \u00e4r min son.<\/em><\/p>\n<p><em>Tack till er som f\u00f6rstod vad en liten pojke i skolan beh\u00f6ver och fy sk\u00e4ms p\u00e5 er som f\u00f6rst\u00f6rde s\u00e5 m\u00e5nga \u00e5r f\u00f6r honom!<\/em><\/p>\n<p><img loading=\"lazy\" class=\"size-full wp-image-76335 aligncenter\" src=\"http:\/\/www.filindeblogg.nu\/wp-content\/uploads\/2018\/06\/Hj\u00e4rta-i-hand.jpg\" alt=\"\" width=\"226\" height=\"223\" \/><\/p>\n<p>&nbsp;<\/p>\n<p>ALLA barn har lagligt r\u00e4tt till utbildning i <strong>Sverige<\/strong> &#8211; ALLA barn! \u00c4ven de med specialegenskaper! <img loading=\"lazy\" class=\"alignnone size-full wp-image-76338\" src=\"http:\/\/www.filindeblogg.nu\/wp-content\/uploads\/2018\/06\/ADHD-Superkraft.jpg\" alt=\"\" width=\"295\" height=\"171\" \/><br \/>\nDen stillsamme dr\u00f6mmaren, forskartypen &#8211; <img loading=\"lazy\" class=\"alignnone size-medium wp-image-76339\" src=\"http:\/\/www.filindeblogg.nu\/wp-content\/uploads\/2018\/06\/ADD-barn-300x147.jpg\" alt=\"\" width=\"300\" height=\"147\" srcset=\"http:\/\/www.filindeblogg.nu\/wp-content\/uploads\/2018\/06\/ADD-barn-300x147.jpg 300w, http:\/\/www.filindeblogg.nu\/wp-content\/uploads\/2018\/06\/ADD-barn.jpg 676w\" sizes=\"(max-width: 300px) 100vw, 300px\" \/> &#8211; liksom den ivrige, energiske eleven full av id\u00e9er! <img loading=\"lazy\" class=\"alignnone wp-image-76340\" src=\"http:\/\/www.filindeblogg.nu\/wp-content\/uploads\/2018\/06\/ADHD-barn.jpg\" alt=\"\" width=\"224\" height=\"175\" \/><\/p>\n<p><img loading=\"lazy\" class=\"alignnone size-full wp-image-76341\" src=\"http:\/\/www.filindeblogg.nu\/wp-content\/uploads\/2018\/06\/Jag-har-ADHD-vilket-\u00e4r-din-superkraft.png\" alt=\"\" width=\"225\" height=\"225\" srcset=\"http:\/\/www.filindeblogg.nu\/wp-content\/uploads\/2018\/06\/Jag-har-ADHD-vilket-\u00e4r-din-superkraft.png 225w, http:\/\/www.filindeblogg.nu\/wp-content\/uploads\/2018\/06\/Jag-har-ADHD-vilket-\u00e4r-din-superkraft-150x150.png 150w, http:\/\/www.filindeblogg.nu\/wp-content\/uploads\/2018\/06\/Jag-har-ADHD-vilket-\u00e4r-din-superkraft-144x144.png 144w\" sizes=\"(max-width: 225px) 100vw, 225px\" \/>Bra fr\u00e5ga!! Och vi har en del svar&#8230;<img loading=\"lazy\" class=\"alignnone size-medium wp-image-76342\" src=\"http:\/\/www.filindeblogg.nu\/wp-content\/uploads\/2018\/06\/ADHD-Viktor-Frisk-199x300.jpeg\" alt=\"\" width=\"199\" height=\"300\" srcset=\"http:\/\/www.filindeblogg.nu\/wp-content\/uploads\/2018\/06\/ADHD-Viktor-Frisk-199x300.jpeg 199w, http:\/\/www.filindeblogg.nu\/wp-content\/uploads\/2018\/06\/ADHD-Viktor-Frisk.jpeg 200w\" sizes=\"(max-width: 199px) 100vw, 199px\" \/> <strong>Viktor Frisk<\/strong> &#8211; artist, k\u00e4nd fr\u00e5n duetten <strong>Samir &amp; Viktor<\/strong>!<br \/>\nDen h\u00e4r killen kanske ocks\u00e5 k\u00e4nns igen&#8230; <img loading=\"lazy\" class=\"alignnone size-full wp-image-76343\" src=\"http:\/\/www.filindeblogg.nu\/wp-content\/uploads\/2018\/06\/Aspergers-Bill-Gates.jpg\" alt=\"\" width=\"201\" height=\"246\" \/> Grundare av <strong>Microsoft<\/strong>.<br \/>\nDet finns m\u00e5nga m\u00e5nga fler exempel! En del har det g\u00e5tt v\u00e4ldigt bra f\u00f6r &#8211; en del sitter p\u00e5 Kumlaanstalten, uppfinningsrika och intelligenta som de \u00e4r&#8230; <img loading=\"lazy\" class=\"alignnone size-medium wp-image-76346\" src=\"http:\/\/www.filindeblogg.nu\/wp-content\/uploads\/2018\/06\/Skaka-galler-300x185.gif\" alt=\"\" width=\"300\" height=\"185\" \/><\/p>\n<p>S\u00e4rskilda egenskaper b\u00f6r tas tillvara &#8211; det \u00e4r bloggarens absoluta uppfattning! P\u00e5 ett bra s\u00e4tt! P\u00e5 ett v\u00e4rdigt s\u00e4tt!<br \/>\nOm det inte h\u00e4nt n\u00e5gonting i skolan p\u00e5 20 \u00e5r s\u00e5 \u00e4r det banne mig h\u00f6g tid att det blir \u00e4ndring nu. ALLA BARN HAR R\u00c4TT TILL UTBILDNING OCH DET EFTER SIN F\u00d6RM\u00c5GA!<\/p>\n<p>HUR SV\u00c5RT KAN DET VA&#8217;!!!??? <img loading=\"lazy\" class=\"alignnone size-full wp-image-76344\" src=\"http:\/\/www.filindeblogg.nu\/wp-content\/uploads\/2018\/06\/Arg-smiley.jpg\" alt=\"\" width=\"225\" height=\"225\" srcset=\"http:\/\/www.filindeblogg.nu\/wp-content\/uploads\/2018\/06\/Arg-smiley.jpg 225w, http:\/\/www.filindeblogg.nu\/wp-content\/uploads\/2018\/06\/Arg-smiley-150x150.jpg 150w, http:\/\/www.filindeblogg.nu\/wp-content\/uploads\/2018\/06\/Arg-smiley-144x144.jpg 144w\" sizes=\"(max-width: 225px) 100vw, 225px\" \/><\/p>\n<p><img loading=\"lazy\" class=\"alignnone wp-image-76347\" src=\"http:\/\/www.filindeblogg.nu\/wp-content\/uploads\/2018\/06\/Jakob-3-\u00e5r-1990-225x300.jpg\" alt=\"\" width=\"191\" height=\"255\" srcset=\"http:\/\/www.filindeblogg.nu\/wp-content\/uploads\/2018\/06\/Jakob-3-\u00e5r-1990-225x300.jpg 225w, http:\/\/www.filindeblogg.nu\/wp-content\/uploads\/2018\/06\/Jakob-3-\u00e5r-1990.jpg 346w\" sizes=\"(max-width: 191px) 100vw, 191px\" \/>\u00a0L\u00e5t inga flera f\u00f6rv\u00e4ntansfulla sm\u00e5 barn m\u00f6tas av en r\u00e5sop n\u00e4r de b\u00f6rjar skolan.<img loading=\"lazy\" class=\"alignnone wp-image-76348\" src=\"http:\/\/www.filindeblogg.nu\/wp-content\/uploads\/2018\/06\/Smocka.jpg\" alt=\"\" width=\"117\" height=\"117\" srcset=\"http:\/\/www.filindeblogg.nu\/wp-content\/uploads\/2018\/06\/Smocka.jpg 250w, http:\/\/www.filindeblogg.nu\/wp-content\/uploads\/2018\/06\/Smocka-150x150.jpg 150w, http:\/\/www.filindeblogg.nu\/wp-content\/uploads\/2018\/06\/Smocka-144x144.jpg 144w\" sizes=\"(max-width: 117px) 100vw, 117px\" \/><\/p>\n<p>Det \u00e4r val i h\u00f6st! L\u00e5t det inte bli fler ber\u00e4ttelser som om bloggarens son ovan&#8230; <img loading=\"lazy\" class=\"alignnone wp-image-76349\" src=\"http:\/\/www.filindeblogg.nu\/wp-content\/uploads\/2018\/06\/Hj\u00e4rta-i-sn\u00f6-300x259.jpg\" alt=\"\" width=\"159\" height=\"137\" srcset=\"http:\/\/www.filindeblogg.nu\/wp-content\/uploads\/2018\/06\/Hj\u00e4rta-i-sn\u00f6-300x259.jpg 300w, http:\/\/www.filindeblogg.nu\/wp-content\/uploads\/2018\/06\/Hj\u00e4rta-i-sn\u00f6.jpg 637w\" sizes=\"(max-width: 159px) 100vw, 159px\" \/><\/p>\n<p>Avslutar bloggen med <strong>Vilda Wilma<\/strong> &#8211; lite mindre vild just nu. Det \u00e4r F\u00d6R varmt tycker hon och kattbr\u00f6derna.<br \/>\nS\u00e5 h\u00e4r mysigt tr\u00f6tt var hon ig\u00e5r: <img loading=\"lazy\" class=\"alignnone size-medium wp-image-76350\" src=\"http:\/\/www.filindeblogg.nu\/wp-content\/uploads\/2018\/06\/IMG_2426-Kopia-300x164.jpg\" alt=\"\" width=\"300\" height=\"164\" srcset=\"http:\/\/www.filindeblogg.nu\/wp-content\/uploads\/2018\/06\/IMG_2426-Kopia-300x164.jpg 300w, http:\/\/www.filindeblogg.nu\/wp-content\/uploads\/2018\/06\/IMG_2426-Kopia.jpg 640w\" sizes=\"(max-width: 300px) 100vw, 300px\" \/><\/p>\n<p><img loading=\"lazy\" class=\"alignnone size-medium wp-image-76351\" src=\"http:\/\/www.filindeblogg.nu\/wp-content\/uploads\/2018\/06\/IMG_2427-300x300.jpg\" alt=\"\" width=\"300\" height=\"300\" srcset=\"http:\/\/www.filindeblogg.nu\/wp-content\/uploads\/2018\/06\/IMG_2427-300x300.jpg 300w, http:\/\/www.filindeblogg.nu\/wp-content\/uploads\/2018\/06\/IMG_2427-150x150.jpg 150w, http:\/\/www.filindeblogg.nu\/wp-content\/uploads\/2018\/06\/IMG_2427-144x144.jpg 144w, http:\/\/www.filindeblogg.nu\/wp-content\/uploads\/2018\/06\/IMG_2427.jpg 640w\" sizes=\"(max-width: 300px) 100vw, 300px\" \/> Tr\u00f6tt &#8211; var det, ja!<br \/>\nDags att sova d\u00e5. <img loading=\"lazy\" class=\"alignnone size-medium wp-image-76352\" src=\"http:\/\/www.filindeblogg.nu\/wp-content\/uploads\/2018\/06\/IMG_2425-300x300.jpg\" alt=\"\" width=\"300\" height=\"300\" srcset=\"http:\/\/www.filindeblogg.nu\/wp-content\/uploads\/2018\/06\/IMG_2425-300x300.jpg 300w, http:\/\/www.filindeblogg.nu\/wp-content\/uploads\/2018\/06\/IMG_2425-150x150.jpg 150w, http:\/\/www.filindeblogg.nu\/wp-content\/uploads\/2018\/06\/IMG_2425-768x768.jpg 768w, http:\/\/www.filindeblogg.nu\/wp-content\/uploads\/2018\/06\/IMG_2425-1024x1024.jpg 1024w, http:\/\/www.filindeblogg.nu\/wp-content\/uploads\/2018\/06\/IMG_2425-144x144.jpg 144w, http:\/\/www.filindeblogg.nu\/wp-content\/uploads\/2018\/06\/IMG_2425.jpg 1936w\" sizes=\"(max-width: 300px) 100vw, 300px\" \/><\/p>\n<p>Var r\u00e4dda om er nu! Var sn\u00e4ll mot era barn och mot andras ocks\u00e5 f\u00f6r den delen!<br \/>\nF\u00f6lj g\u00e4rna bloggarens r\u00e5d &#8211; ord som hon har p\u00e5 registreringsskylten fram p\u00e5 sin bil: <img loading=\"lazy\" class=\"alignnone size-medium wp-image-76353\" src=\"http:\/\/www.filindeblogg.nu\/wp-content\/uploads\/2018\/06\/IMG_2435-213x300.png\" alt=\"\" width=\"213\" height=\"300\" srcset=\"http:\/\/www.filindeblogg.nu\/wp-content\/uploads\/2018\/06\/IMG_2435-213x300.png 213w, http:\/\/www.filindeblogg.nu\/wp-content\/uploads\/2018\/06\/IMG_2435.png 270w\" sizes=\"(max-width: 213px) 100vw, 213px\" \/> G\u00e4ller det mesta h\u00e4r i livet &#8211; att lugnt f\u00f6lja sitt hj\u00e4rta.<\/p>\n<p>D\u00e5 kommer bloggaren os\u00f6kt in p\u00e5 pussar och kramar till alla men &#8211; som alltid &#8211; maffigaste kyssen <img loading=\"lazy\" class=\"alignnone wp-image-76354\" src=\"http:\/\/www.filindeblogg.nu\/wp-content\/uploads\/2018\/06\/Emoji-puss.jpg\" alt=\"\" width=\"104\" height=\"89\" \/> g\u00e5r till HONOM! <img loading=\"lazy\" class=\"alignnone wp-image-76355\" src=\"http:\/\/www.filindeblogg.nu\/wp-content\/uploads\/2018\/06\/Puss-emoji-300x300.png\" alt=\"\" width=\"82\" height=\"82\" srcset=\"http:\/\/www.filindeblogg.nu\/wp-content\/uploads\/2018\/06\/Puss-emoji-300x300.png 300w, http:\/\/www.filindeblogg.nu\/wp-content\/uploads\/2018\/06\/Puss-emoji-150x150.png 150w, http:\/\/www.filindeblogg.nu\/wp-content\/uploads\/2018\/06\/Puss-emoji-144x144.png 144w, http:\/\/www.filindeblogg.nu\/wp-content\/uploads\/2018\/06\/Puss-emoji.png 512w\" sizes=\"(max-width: 82px) 100vw, 82px\" \/> (Mer om just honom kommer i en blogg n\u00e4sta vecka&#8230; WOW!! <img loading=\"lazy\" class=\"alignnone wp-image-75359\" src=\"http:\/\/www.filindeblogg.nu\/wp-content\/uploads\/2018\/03\/Pussis.jpg\" alt=\"\" width=\"32\" height=\"34\" \/> B\u00e4st ni h\u00e5ller koll p\u00e5 bloggen allts\u00e5! <img loading=\"lazy\" class=\"alignnone wp-image-76359\" src=\"http:\/\/www.filindeblogg.nu\/wp-content\/uploads\/2018\/06\/Blinkande-smiley.jpg\" alt=\"\" width=\"65\" height=\"65\" srcset=\"http:\/\/www.filindeblogg.nu\/wp-content\/uploads\/2018\/06\/Blinkande-smiley.jpg 225w, http:\/\/www.filindeblogg.nu\/wp-content\/uploads\/2018\/06\/Blinkande-smiley-150x150.jpg 150w, http:\/\/www.filindeblogg.nu\/wp-content\/uploads\/2018\/06\/Blinkande-smiley-144x144.jpg 144w\" sizes=\"(max-width: 65px) 100vw, 65px\" \/>)<\/p>\n<p><img loading=\"lazy\" class=\"size-full wp-image-76371 aligncenter\" src=\"http:\/\/www.filindeblogg.nu\/wp-content\/uploads\/2018\/06\/Sorgsen-smiley.jpg\" alt=\"\" width=\"128\" height=\"128\" \/><\/p>\n<p><img loading=\"lazy\" class=\"alignnone wp-image-76364\" src=\"http:\/\/www.filindeblogg.nu\/wp-content\/uploads\/2018\/06\/T\u00e5rar.png\" alt=\"\" width=\"148\" height=\"148\" srcset=\"http:\/\/www.filindeblogg.nu\/wp-content\/uploads\/2018\/06\/T\u00e5rar.png 224w, http:\/\/www.filindeblogg.nu\/wp-content\/uploads\/2018\/06\/T\u00e5rar-150x150.png 150w, http:\/\/www.filindeblogg.nu\/wp-content\/uploads\/2018\/06\/T\u00e5rar-144x144.png 144w\" sizes=\"(max-width: 148px) 100vw, 148px\" \/>Bloggaren kunde inte l\u00e4sa ber\u00e4ttelsen om sin pojke igen utan att t\u00e5rarna b\u00f6rjade rinna igen&#8230; S\u00e5 tufft var det. <img loading=\"lazy\" class=\"alignnone wp-image-76365\" src=\"http:\/\/www.filindeblogg.nu\/wp-content\/uploads\/2018\/06\/T\u00e5r.jpg\" alt=\"\" width=\"121\" height=\"121\" srcset=\"http:\/\/www.filindeblogg.nu\/wp-content\/uploads\/2018\/06\/T\u00e5r.jpg 225w, http:\/\/www.filindeblogg.nu\/wp-content\/uploads\/2018\/06\/T\u00e5r-150x150.jpg 150w, http:\/\/www.filindeblogg.nu\/wp-content\/uploads\/2018\/06\/T\u00e5r-144x144.jpg 144w\" sizes=\"(max-width: 121px) 100vw, 121px\" \/><\/p>\n","protected":false},"excerpt":{"rendered":"<p>Den 24 juni 2014, f\u00f6r fyra \u00e5r sedan, la bloggaren ut ett inl\u00e4gg h\u00e4r som v\u00e4ckte uppm\u00e4rksamhet &#8211; p\u00e5 olika vis&#8230; Inl\u00e4gget b\u00f6rjade som en ins\u00e4ndare &#8211; men Arboga Tidning v\u00e4grade ta in den. Anledningen, citat: \u201dJag har valt att inte publicera din ins\u00e4ndare, eftersom s\u00e5 m\u00e5nga personer \u00e4r involverade i texten. Ansvarig utgivare anser [&hellip;]<\/p>\n","protected":false},"author":1,"featured_media":0,"comment_status":"open","ping_status":"open","sticky":false,"template":"","format":"standard","meta":[],"categories":[1,107,209,100,204,110,101,150],"tags":[],"_links":{"self":[{"href":"http:\/\/www.filindeblogg.nu\/index.php?rest_route=\/wp\/v2\/posts\/76323"}],"collection":[{"href":"http:\/\/www.filindeblogg.nu\/index.php?rest_route=\/wp\/v2\/posts"}],"about":[{"href":"http:\/\/www.filindeblogg.nu\/index.php?rest_route=\/wp\/v2\/types\/post"}],"author":[{"embeddable":true,"href":"http:\/\/www.filindeblogg.nu\/index.php?rest_route=\/wp\/v2\/users\/1"}],"replies":[{"embeddable":true,"href":"http:\/\/www.filindeblogg.nu\/index.php?rest_route=%2Fwp%2Fv2%2Fcomments&post=76323"}],"version-history":[{"count":16,"href":"http:\/\/www.filindeblogg.nu\/index.php?rest_route=\/wp\/v2\/posts\/76323\/revisions"}],"predecessor-version":[{"id":76373,"href":"http:\/\/www.filindeblogg.nu\/index.php?rest_route=\/wp\/v2\/posts\/76323\/revisions\/76373"}],"wp:attachment":[{"href":"http:\/\/www.filindeblogg.nu\/index.php?rest_route=%2Fwp%2Fv2%2Fmedia&parent=76323"}],"wp:term":[{"taxonomy":"category","embeddable":true,"href":"http:\/\/www.filindeblogg.nu\/index.php?rest_route=%2Fwp%2Fv2%2Fcategories&post=76323"},{"taxonomy":"post_tag","embeddable":true,"href":"http:\/\/www.filindeblogg.nu\/index.php?rest_route=%2Fwp%2Fv2%2Ftags&post=76323"}],"curies":[{"name":"wp","href":"https:\/\/api.w.org\/{rel}","templated":true}]}}