{"id":76221,"date":"2018-05-20T16:12:07","date_gmt":"2018-05-20T15:12:07","guid":{"rendered":"http:\/\/www.filindeblogg.nu\/?p=76221"},"modified":"2018-05-20T16:12:07","modified_gmt":"2018-05-20T15:12:07","slug":"skynda-att-alska-2","status":"publish","type":"post","link":"http:\/\/www.filindeblogg.nu\/?p=76221","title":{"rendered":"Skynda att \u00e4lska&#8230;"},"content":{"rendered":"<p><img loading=\"lazy\" class=\"alignnone size-full wp-image-75962\" src=\"http:\/\/www.filindeblogg.nu\/wp-content\/uploads\/2018\/04\/R\u00f6tt-hj\u00e4rta.jpg\" alt=\"\" width=\"162\" height=\"166\" \/><\/p>\n<p>V\u00e4gen hem var mycket l\u00e5ng<br \/>\noch ingen har jag m\u00f6tt,<br \/>\nnu blir kv\u00e4llarna kyliga och sena.<br \/>\nKom, tr\u00f6sta mig en smula,<br \/>\nf\u00f6r nu \u00e4r jag ganska tr\u00f6tt<br \/>\noch med ens s\u00e5 f\u00f6rf\u00e4rligt allena.<\/p>\n<p>Jag m\u00e4rkte aldrig f\u00f6rut<br \/>\natt m\u00f6rkret \u00e4r s\u00e5 stort,<br \/>\ng\u00e5r och t\u00e4nker p\u00e5 allt det d\u00e4r man borde.<br \/>\nDet finns s\u00e5 mycket saker<br \/>\njag skulle sagt och gjort<br \/>\noch det \u00e4r s\u00e5 v\u00e4ldigt lite jag gjorde.<\/p>\n<p>Skynda dig \u00e4lskade, skynda att \u00e4lska,<br \/>\ndagarna m\u00f6rknar minut f\u00f6r minut,<br \/>\nt\u00e4nd v\u00e5ra ljus, det \u00e4r n\u00e4ra till natten,<br \/>\nsnart \u00e4r den blommande sommarn slut.<\/p>\n<p>Jag letar efter n\u00e5gonting<br \/>\nsom vi kanske gl\u00f6mde bort<br \/>\noch som du kunde hj\u00e4lpa mig att finna.<br \/>\nEn sommar g\u00e5r f\u00f6rbi, den \u00e4r alltid lika kort,<br \/>\nden \u00e4r dr\u00f6mmen om allt man kunnat vinna.<br \/>\nDu kommer kanske n\u00e5ng\u00e5ng, f\u00f6rr&#8217;n skymningen blir bl\u00e5<br \/>\ninnan \u00e4ngarna blir torra och tomma.<br \/>\nKanske hitta vi varann, kanske hittar vi d\u00e5 p\u00e5<br \/>\nn\u00e5got s\u00e4tt att f\u00e5 allting att blomma.<\/p>\n<p>Skynda dig \u00e4lskade, skynda att \u00e4lska,<br \/>\ndagarna m\u00f6rknar minut f\u00f6r minut,<br \/>\nt\u00e4nd v\u00e5ra ljus, det \u00e4r n\u00e4ra till natten,<br \/>\nsnart \u00e4r den blommande sommarn slut.<\/p>\n<p>Nu bl\u00e5ser storm d\u00e4rute och st\u00e4nger sommarns d\u00f6rr,<br \/>\ndet \u00e4r f\u00f6r sent f\u00f6r att undra och leta.<br \/>\nJag \u00e4lskar kanske mindre \u00e4n vad jag gjorde f\u00f6rr<br \/>\nmen mer \u00e4n du n\u00e5nsin f\u00e5r veta.<br \/>\nNu ser vi alla fyrar kring h\u00f6stens l\u00e5nga kust<br \/>\noch h\u00f6r v\u00e5gorna villsamma vandra.<br \/>\nEn enda sak \u00e4r viktig och det \u00e4r hj\u00e4rtats lust<br \/>\noch att f\u00e5 vara samman med varandra.<\/p>\n<p>Skynda dej \u00e4lskade, skynda att \u00e4lska,<br \/>\ndagarna m\u00f6rknar minut f\u00f6r minut.<br \/>\nT\u00e4nd v\u00e5ra ljus, det \u00e4r n\u00e4ra till natten,<br \/>\nsnart \u00e4r den blommande sommaren slut.<\/p>\n<p>(Tove Janssons &#8221;H\u00f6stvisa&#8221;)<\/p>\n<p><img loading=\"lazy\" class=\"alignnone size-medium wp-image-76222\" src=\"http:\/\/www.filindeblogg.nu\/wp-content\/uploads\/2018\/05\/image-4-300x224.jpeg\" alt=\"\" width=\"300\" height=\"224\" srcset=\"http:\/\/www.filindeblogg.nu\/wp-content\/uploads\/2018\/05\/image-4-300x224.jpeg 300w, http:\/\/www.filindeblogg.nu\/wp-content\/uploads\/2018\/05\/image-4-768x574.jpeg 768w, http:\/\/www.filindeblogg.nu\/wp-content\/uploads\/2018\/05\/image-4-1024x765.jpeg 1024w\" sizes=\"(max-width: 300px) 100vw, 300px\" \/><\/p>\n<p>&nbsp;<\/p>\n","protected":false},"excerpt":{"rendered":"<p>V\u00e4gen hem var mycket l\u00e5ng och ingen har jag m\u00f6tt, nu blir kv\u00e4llarna kyliga och sena. Kom, tr\u00f6sta mig en smula, f\u00f6r nu \u00e4r jag ganska tr\u00f6tt och med ens s\u00e5 f\u00f6rf\u00e4rligt allena. Jag m\u00e4rkte aldrig f\u00f6rut att m\u00f6rkret \u00e4r s\u00e5 stort, g\u00e5r och t\u00e4nker p\u00e5 allt det d\u00e4r man borde. Det finns s\u00e5 mycket [&hellip;]<\/p>\n","protected":false},"author":1,"featured_media":0,"comment_status":"open","ping_status":"open","sticky":false,"template":"","format":"standard","meta":[],"categories":[1],"tags":[],"_links":{"self":[{"href":"http:\/\/www.filindeblogg.nu\/index.php?rest_route=\/wp\/v2\/posts\/76221"}],"collection":[{"href":"http:\/\/www.filindeblogg.nu\/index.php?rest_route=\/wp\/v2\/posts"}],"about":[{"href":"http:\/\/www.filindeblogg.nu\/index.php?rest_route=\/wp\/v2\/types\/post"}],"author":[{"embeddable":true,"href":"http:\/\/www.filindeblogg.nu\/index.php?rest_route=\/wp\/v2\/users\/1"}],"replies":[{"embeddable":true,"href":"http:\/\/www.filindeblogg.nu\/index.php?rest_route=%2Fwp%2Fv2%2Fcomments&post=76221"}],"version-history":[{"count":1,"href":"http:\/\/www.filindeblogg.nu\/index.php?rest_route=\/wp\/v2\/posts\/76221\/revisions"}],"predecessor-version":[{"id":76223,"href":"http:\/\/www.filindeblogg.nu\/index.php?rest_route=\/wp\/v2\/posts\/76221\/revisions\/76223"}],"wp:attachment":[{"href":"http:\/\/www.filindeblogg.nu\/index.php?rest_route=%2Fwp%2Fv2%2Fmedia&parent=76221"}],"wp:term":[{"taxonomy":"category","embeddable":true,"href":"http:\/\/www.filindeblogg.nu\/index.php?rest_route=%2Fwp%2Fv2%2Fcategories&post=76221"},{"taxonomy":"post_tag","embeddable":true,"href":"http:\/\/www.filindeblogg.nu\/index.php?rest_route=%2Fwp%2Fv2%2Ftags&post=76221"}],"curies":[{"name":"wp","href":"https:\/\/api.w.org\/{rel}","templated":true}]}}