{"id":75951,"date":"2018-04-24T18:29:38","date_gmt":"2018-04-24T17:29:38","guid":{"rendered":"http:\/\/www.filindeblogg.nu\/?p=75951"},"modified":"2018-04-24T18:29:38","modified_gmt":"2018-04-24T17:29:38","slug":"nar-det-basta-man-vet-blir-en-mardrom-om-avicii-om-utbrandhet","status":"publish","type":"post","link":"http:\/\/www.filindeblogg.nu\/?p=75951","title":{"rendered":"N\u00e4r det b\u00e4sta man vet blir en mardr\u00f6m. Om Avicii. Om utbr\u00e4ndhet."},"content":{"rendered":"<p><img loading=\"lazy\" class=\"alignnone size-full wp-image-75952\" src=\"http:\/\/www.filindeblogg.nu\/wp-content\/uploads\/2018\/04\/Avicii-True-stories.jpg\" alt=\"\" width=\"106\" height=\"160\" \/> I natt s\u00e5g bloggaren dokument\u00e4ren om<strong> Tim Bergling<\/strong>: <em>&#8221;<strong>Avicii &#8211;<\/strong> true stories&#8221;<\/em>.<br \/>\nAv en slump blev det p\u00e5 natten &#8211; eller kanske inte&#8230;<br \/>\nDagen hade varit tuff f\u00f6r bloggaren.\u00a0<img loading=\"lazy\" class=\"alignnone  wp-image-75953\" src=\"http:\/\/www.filindeblogg.nu\/wp-content\/uploads\/2018\/04\/Gr\u00e5t-Susanne-201x300.jpg\" alt=\"\" width=\"85\" height=\"127\" srcset=\"http:\/\/www.filindeblogg.nu\/wp-content\/uploads\/2018\/04\/Gr\u00e5t-Susanne-201x300.jpg 201w, http:\/\/www.filindeblogg.nu\/wp-content\/uploads\/2018\/04\/Gr\u00e5t-Susanne.jpg 256w\" sizes=\"(max-width: 85px) 100vw, 85px\" \/> Som utbr\u00e4nd orkar man inte som f\u00f6rr. Man \u00e4r skadad men \u00e4nd\u00e5 samma person som man var tidigare. Denna nya situation, att f\u00f6rst\u00e5 skillnaden, \u00e4r v\u00e4ldigt sv\u00e5r att hantera f\u00f6r bloggaren.<br \/>\nF\u00f6r mycket jobb, f\u00f6r stort engagemang, f\u00f6r mycket &#8221;vilja-v\u00e4l&#8221; men ocks\u00e5 f\u00f6r mycket &#8221;oroa-sig&#8221; &#8211; g\u00f6r att dagen ig\u00e5r \u00e5ter hade varit tung. <img loading=\"lazy\" class=\"alignnone  wp-image-75954\" src=\"http:\/\/www.filindeblogg.nu\/wp-content\/uploads\/2018\/04\/IMG_4766-2-203x300.jpg\" alt=\"\" width=\"62\" height=\"92\" srcset=\"http:\/\/www.filindeblogg.nu\/wp-content\/uploads\/2018\/04\/IMG_4766-2-203x300.jpg 203w, http:\/\/www.filindeblogg.nu\/wp-content\/uploads\/2018\/04\/IMG_4766-2.jpg 275w\" sizes=\"(max-width: 62px) 100vw, 62px\" \/><br \/>\nS\u00e5dana dagar f\u00e5r bloggaren sv\u00e5rt att sova om kv\u00e4llen. Somnar &#8211; om hon har tur &#8211; men vaknar om och om igen. Vid ett s\u00e5dant tillf\u00e4lle &#8211; mitt i natten, i natt &#8211; s\u00e5g bloggaren dokument\u00e4ren om Avicii &#8211; Tim Bergling.<\/p>\n<p><img loading=\"lazy\" class=\"alignnone size-medium wp-image-75960\" src=\"http:\/\/www.filindeblogg.nu\/wp-content\/uploads\/2018\/04\/Avicii-Ibiza-300x200.jpg\" alt=\"\" width=\"300\" height=\"200\" srcset=\"http:\/\/www.filindeblogg.nu\/wp-content\/uploads\/2018\/04\/Avicii-Ibiza-300x200.jpg 300w, http:\/\/www.filindeblogg.nu\/wp-content\/uploads\/2018\/04\/Avicii-Ibiza.jpg 592w\" sizes=\"(max-width: 300px) 100vw, 300px\" \/>\u00a0S\u00e5 h\u00e4r beskrivs dokument\u00e4ren, citat:<br \/>\n<em>&#8221;En av Sveriges st\u00f6rsta musikexporter v\u00e4ljer pl\u00f6tsligt att sluta &#8211; vid 27 \u00e5rs \u00e5lder. Musikv\u00e4rlden undrar och fansen \u00e4r chockade. <\/em><br \/>\n<em>Vi f\u00f6ljer Tim Berglings fantastiska resa som artisten Avicii. Fr\u00e5n de f\u00f6rsta stapplande mixarna, till v\u00e4rldshits och spelningar med Madonna. <\/em><br \/>\n<em>Men framg\u00e5ngen har ett pris och kostnaden blir till slut ohanterbar f\u00f6r Tim Bergling, som i detta n\u00e4rg\u00e5ngna portr\u00e4tt ger sin bild av hur han k\u00e4nde och upplevde karri\u00e4rens uppg\u00e5ngar och fall.&#8221;<\/em><\/p>\n<p>Dokument\u00e4ren kom 2017, f\u00f6rra \u00e5ret. Den 20 april 2018 n\u00e5s vi av detta besked: <img loading=\"lazy\" class=\"alignnone size-full wp-image-75955\" src=\"http:\/\/www.filindeblogg.nu\/wp-content\/uploads\/2018\/04\/Nyhet-D\u00f6d.jpg\" alt=\"\" width=\"260\" height=\"194\" \/><\/p>\n<p>Bloggaren s\u00e5g dokument\u00e4ren och blev skakad fr\u00e5n f\u00f6rsta stund. Under den 2 timmar l\u00e5nga filmen hade hon t\u00e5rar i \u00f6gonen hela tiden. Ibland rann t\u00e5rarna nedf\u00f6r kinderna.<br \/>\nDokument\u00e4ren \u00e4r s\u00e5 otroligt stark.<br \/>\nOch &#8211; bloggaren k\u00e4nde igen sig&#8230;<\/p>\n<p><img loading=\"lazy\" class=\"alignnone  wp-image-75957\" src=\"http:\/\/www.filindeblogg.nu\/wp-content\/uploads\/2018\/04\/Awicii-250x300.jpg\" alt=\"\" width=\"169\" height=\"203\" \/>\u00a0Bloggaren k\u00e4nde naturligtvis inte igen sig som artist, som v\u00e4rldsber\u00f6md eller speciellt beg\u00e5vad p\u00e5 n\u00e5got unikt omr\u00e5de.<br \/>\nHon k\u00e4nde igen sig i den unga, blyga killen. Killen som \u00e4lskade det han gjorde och som snart blev uppskattad f\u00f6r det.<\/p>\n<p>Bloggaren var blyg och mobbad som liten och som ung. Trodde sig inte vara bra p\u00e5 n\u00e5gonting alls. Men i sitt jobb kom hon s\u00e5 sm\u00e5ningom att bli uppskattad. Hon blev omtyckt och till och med beundrad f\u00f6r sitt stora engagemang och sin f\u00f6rm\u00e5ga att prestera bra. Det gick b\u00e4ttre och b\u00e4ttre f\u00f6r bloggaren och hon avancerade.<br \/>\nBloggaren \u00e4lskade sitt jobb &#8211; och \u00e4lskade k\u00e4nslan att duga, att vara bra p\u00e5 n\u00e5got, att uppskattas.<\/p>\n<p>N\u00e4r hon fick ber\u00f6m ville hon prestera \u00e4nnu b\u00e4ttre. Visa sig \u00e4nnu duktigare. Klara allt!<br \/>\nDen lilla mobbade, blyga flickans revansch&#8230;<\/p>\n<p><img loading=\"lazy\" class=\"alignnone  wp-image-75956\" src=\"http:\/\/www.filindeblogg.nu\/wp-content\/uploads\/2018\/04\/Suss-utbr\u00e4nd-2-Foto-Expressen.jpg\" alt=\"\" width=\"239\" height=\"137\" \/> <strong>MEN<\/strong> &#8211; det hade ett pris. Ett fruktansv\u00e4rt pris av stress, press, \u00e5ngest, enorma s\u00f6mnproblem, kollaps, det fruktansv\u00e4rda svarta h\u00e5let och till sist &#8211; total utbr\u00e4ndhet.<\/p>\n<p>Det fanns tillf\u00e4llen under tiden innan den totala kollapsen n\u00e4r bloggaren n\u00e4stan rasade samman av all stress, press och \u00e5ngest.\u00a0 Bara ville s\u00e4tta sig ner p\u00e5 jobbet och storgr\u00e5ta. D\u00e5 tittade hon p\u00e5 klockan och t\u00e4nkte: <em>&#8211; Nej, jag har ju inte tid att gr\u00e5ta just nu&#8230;<\/em><\/p>\n<p>Bloggaren \u00f6verlevde &#8211; men som utbr\u00e4nd med begr\u00e4nsningar i ork och f\u00f6rm\u00e5ga. Och med sjukbidrag och inget jobb.<\/p>\n<p>Allt detta, alla k\u00e4nslor och all \u00e5ngest, alla krav inlindade i uppskattning och ber\u00f6m &#8211; k\u00e4nde bloggaren igen fr\u00e5n Tim Berglings, Aviciis, liv. <img loading=\"lazy\" class=\"alignnone size-medium wp-image-75958\" src=\"http:\/\/www.filindeblogg.nu\/wp-content\/uploads\/2018\/04\/Tim-Bergling-300x169.jpg\" alt=\"\" width=\"300\" height=\"169\" srcset=\"http:\/\/www.filindeblogg.nu\/wp-content\/uploads\/2018\/04\/Tim-Bergling-300x169.jpg 300w, http:\/\/www.filindeblogg.nu\/wp-content\/uploads\/2018\/04\/Tim-Bergling.jpg 720w\" sizes=\"(max-width: 300px) 100vw, 300px\" \/><br \/>\n<strong>Att till slut inte tycka om det man g\u00f6r. Att det man \u00e4lskade blir n\u00e5got man b\u00f6rjar hata.<\/strong><\/p>\n<p>F\u00f6r n\u00e4r bloggaren hade kollapsat HATADE hon sin arbetsplats! Sk\u00e4mdes innerligt \u00f6ver att ha jobbat d\u00e4r och ber\u00e4ttade f\u00f6r alla som ville h\u00f6ra att det f\u00f6rbannade jobbet hade gjort henne sjuk.<br \/>\nEtt av m\u00e5nga symptom vid utmattningsdepression&#8230;<\/p>\n<p>Att se dokument\u00e4ren blev n\u00e4stan f\u00f6r mycket och bloggaren k\u00e4nner stor sorg inf\u00f6r att en s\u00e5g ung m\u00e4nniska levt s\u00e5 h\u00e5rt &#8211; och inte \u00f6verlevde.<br \/>\nN\u00e4r kraven och pressen blir s\u00e5 stora att gl\u00e4djen och f\u00f6rm\u00e5gan f\u00f6rsvinner.<strong> &#8221;N\u00e4r det b\u00e4sta man vet blir en mardr\u00f6m&#8221;.<\/strong><\/p>\n<p><strong>SE DOKUMENT\u00c4REN<\/strong> p\u00e5 SVTPlay!! Klicka <a href=\"https:\/\/www.svtplay.se\/video\/17478602\/avicii-true-stories\"><strong>H\u00c4R<\/strong><\/a>!<\/p>\n<p><img loading=\"lazy\" class=\"size-medium wp-image-75963 aligncenter\" src=\"http:\/\/www.filindeblogg.nu\/wp-content\/uploads\/2018\/04\/IMG_2109-Kopia-269x300.png\" alt=\"\" width=\"269\" height=\"300\" srcset=\"http:\/\/www.filindeblogg.nu\/wp-content\/uploads\/2018\/04\/IMG_2109-Kopia-269x300.png 269w, http:\/\/www.filindeblogg.nu\/wp-content\/uploads\/2018\/04\/IMG_2109-Kopia.png 637w\" sizes=\"(max-width: 269px) 100vw, 269px\" \/><br \/>\n<strong>Se den och ta in historien om Tim Berglings liv.<\/strong> T\u00e4nk, f\u00f6rst\u00e5, utv\u00e4rdera och omv\u00e4rdera &#8211; ditt liv. F\u00f6r livet \u00e4r kort, ibland alldeles f\u00f6r kort.<br \/>\nF\u00f6rs\u00f6k att l\u00e4ra dig att leva f\u00f6rsiktigt. Att f\u00f6rst\u00e5 vad som \u00e4r viktigt och inte. Tyck om dig sj\u00e4lv och var n\u00f6jd med den person du \u00e4r. S\u00e4tt gr\u00e4nser &#8211; och se till att h\u00e5lla dem.<\/p>\n<p>VAR MYCKET MYCKET R\u00c4DDA OM ER! <img loading=\"lazy\" class=\"alignnone  wp-image-74968\" src=\"http:\/\/www.filindeblogg.nu\/wp-content\/uploads\/2018\/03\/Hj\u00e4rth\u00e4nder.jpg\" alt=\"\" width=\"111\" height=\"83\" \/> Det g\u00e4ller f\u00f6rst\u00e5s \u00c4lskling ocks\u00e5 som \u00e4r en person som bloggaren oroar sig mycket \u00f6ver och som ger henne s\u00f6mnproblem om natten. <img loading=\"lazy\" class=\"alignnone  wp-image-75962\" src=\"http:\/\/www.filindeblogg.nu\/wp-content\/uploads\/2018\/04\/R\u00f6tt-hj\u00e4rta.jpg\" alt=\"\" width=\"24\" height=\"25\" srcset=\"http:\/\/www.filindeblogg.nu\/wp-content\/uploads\/2018\/04\/R\u00f6tt-hj\u00e4rta.jpg 162w, http:\/\/www.filindeblogg.nu\/wp-content\/uploads\/2018\/04\/R\u00f6tt-hj\u00e4rta-150x150.jpg 150w, http:\/\/www.filindeblogg.nu\/wp-content\/uploads\/2018\/04\/R\u00f6tt-hj\u00e4rta-144x144.jpg 144w\" sizes=\"(max-width: 24px) 100vw, 24px\" \/><\/p>\n<p style=\"text-align: center;\">Vila i fred, Tim Bergling<\/p>\n<p><img loading=\"lazy\" class=\"aligncenter size-full wp-image-75959\" src=\"http:\/\/www.filindeblogg.nu\/wp-content\/uploads\/2018\/04\/Avicii-n\u00e4rbild.jpg\" alt=\"\" width=\"299\" height=\"168\" \/><\/p>\n","protected":false},"excerpt":{"rendered":"<p>I natt s\u00e5g bloggaren dokument\u00e4ren om Tim Bergling: &#8221;Avicii &#8211; true stories&#8221;. Av en slump blev det p\u00e5 natten &#8211; eller kanske inte&#8230; Dagen hade varit tuff f\u00f6r bloggaren.\u00a0 Som utbr\u00e4nd orkar man inte som f\u00f6rr. Man \u00e4r skadad men \u00e4nd\u00e5 samma person som man var tidigare. Denna nya situation, att f\u00f6rst\u00e5 skillnaden, \u00e4r v\u00e4ldigt [&hellip;]<\/p>\n","protected":false},"author":1,"featured_media":0,"comment_status":"open","ping_status":"open","sticky":false,"template":"","format":"standard","meta":[],"categories":[225,203,132,140,197],"tags":[],"_links":{"self":[{"href":"http:\/\/www.filindeblogg.nu\/index.php?rest_route=\/wp\/v2\/posts\/75951"}],"collection":[{"href":"http:\/\/www.filindeblogg.nu\/index.php?rest_route=\/wp\/v2\/posts"}],"about":[{"href":"http:\/\/www.filindeblogg.nu\/index.php?rest_route=\/wp\/v2\/types\/post"}],"author":[{"embeddable":true,"href":"http:\/\/www.filindeblogg.nu\/index.php?rest_route=\/wp\/v2\/users\/1"}],"replies":[{"embeddable":true,"href":"http:\/\/www.filindeblogg.nu\/index.php?rest_route=%2Fwp%2Fv2%2Fcomments&post=75951"}],"version-history":[{"count":6,"href":"http:\/\/www.filindeblogg.nu\/index.php?rest_route=\/wp\/v2\/posts\/75951\/revisions"}],"predecessor-version":[{"id":75968,"href":"http:\/\/www.filindeblogg.nu\/index.php?rest_route=\/wp\/v2\/posts\/75951\/revisions\/75968"}],"wp:attachment":[{"href":"http:\/\/www.filindeblogg.nu\/index.php?rest_route=%2Fwp%2Fv2%2Fmedia&parent=75951"}],"wp:term":[{"taxonomy":"category","embeddable":true,"href":"http:\/\/www.filindeblogg.nu\/index.php?rest_route=%2Fwp%2Fv2%2Fcategories&post=75951"},{"taxonomy":"post_tag","embeddable":true,"href":"http:\/\/www.filindeblogg.nu\/index.php?rest_route=%2Fwp%2Fv2%2Ftags&post=75951"}],"curies":[{"name":"wp","href":"https:\/\/api.w.org\/{rel}","templated":true}]}}