{"id":75604,"date":"2018-04-08T11:40:46","date_gmt":"2018-04-08T10:40:46","guid":{"rendered":"http:\/\/www.filindeblogg.nu\/?p=75604"},"modified":"2018-04-08T11:40:46","modified_gmt":"2018-04-08T10:40:46","slug":"ord-och-inga-visor","status":"publish","type":"post","link":"http:\/\/www.filindeblogg.nu\/?p=75604","title":{"rendered":"Ord och inga visor!"},"content":{"rendered":"<p><img loading=\"lazy\" class=\"alignnone size-full wp-image-75635\" src=\"http:\/\/www.filindeblogg.nu\/wp-content\/uploads\/2018\/04\/Galet-glad-smiley.jpg\" alt=\"\" width=\"216\" height=\"233\" \/> Den h\u00e4r bloggen om ORD p\u00e5b\u00f6rjades INNAN <em>&#8221;den nationella katastrofen&#8221;<\/em> kring kultursnobbarnas egen lilla sekt b\u00f6rjade avhandlas i media &#8211; Svenska Akademien allts\u00e5! <img loading=\"lazy\" class=\"alignnone  wp-image-75637\" src=\"http:\/\/www.filindeblogg.nu\/wp-content\/uploads\/2018\/04\/Gapskrattande-smiley-1.jpg\" alt=\"\" width=\"112\" height=\"95\" \/><\/p>\n<p><img loading=\"lazy\" class=\"alignnone size-full wp-image-75607\" src=\"http:\/\/www.filindeblogg.nu\/wp-content\/uploads\/2018\/04\/Ord.jpg\" alt=\"\" width=\"238\" height=\"212\" \/> Bloggaren gillar ord!<\/p>\n<p><img loading=\"lazy\" class=\"alignnone wp-image-75606\" src=\"http:\/\/www.filindeblogg.nu\/wp-content\/uploads\/2018\/04\/Suss-2-IMG_6708-1-300x215.jpg\" alt=\"\" width=\"191\" height=\"137\" srcset=\"http:\/\/www.filindeblogg.nu\/wp-content\/uploads\/2018\/04\/Suss-2-IMG_6708-1-300x215.jpg 300w, http:\/\/www.filindeblogg.nu\/wp-content\/uploads\/2018\/04\/Suss-2-IMG_6708-1.jpg 352w\" sizes=\"(max-width: 191px) 100vw, 191px\" \/> Gillar att anv\u00e4nda ord. Att ha ett rikt ordf\u00f6rr\u00e5d. Gillar m\u00e4nniskor som \u00e4r bra p\u00e5 ord, dom som kan formulera sig. Gillar \u00c4lskling som \u00e4r duktig p\u00e5 s\u00e5nt (ocks\u00e5!), som uttrycker sig &#8221;intressant&#8221; och varierat\u00a0 &#8211; \u00e4ven hans &#8221;dirty talk&#8221; uppskattas vid speciella tillf\u00e4llen. <img loading=\"lazy\" class=\"alignnone wp-image-74628\" src=\"http:\/\/www.filindeblogg.nu\/wp-content\/uploads\/2018\/03\/Blinkande-smiley.jpg\" alt=\"\" width=\"34\" height=\"34\" srcset=\"http:\/\/www.filindeblogg.nu\/wp-content\/uploads\/2018\/03\/Blinkande-smiley.jpg 225w, http:\/\/www.filindeblogg.nu\/wp-content\/uploads\/2018\/03\/Blinkande-smiley-150x150.jpg 150w, http:\/\/www.filindeblogg.nu\/wp-content\/uploads\/2018\/03\/Blinkande-smiley-144x144.jpg 144w\" sizes=\"(max-width: 34px) 100vw, 34px\" \/><\/p>\n<p>Bloggaren beundrar m\u00e4nniskor som kan uttrycka sig och inte alltid prata &#8221;vardagligt&#8221; med bara f\u00e5 ord &#8211; utan djupdyka lite.\u00a0<img loading=\"lazy\" class=\"alignnone size-full wp-image-75608\" src=\"http:\/\/www.filindeblogg.nu\/wp-content\/uploads\/2018\/04\/Ord-2.jpg\" alt=\"\" width=\"259\" height=\"194\" \/> Anv\u00e4nda varierat ordf\u00f6rr\u00e5d och kanske en del bortgl\u00f6mda, ibland lite \u00e5lderdomliga formuleringar.<\/p>\n<p>Men har ni t\u00e4nkt p\u00e5 hur ord kan upplevas olika.<img loading=\"lazy\" class=\"alignnone size-full wp-image-75609\" src=\"http:\/\/www.filindeblogg.nu\/wp-content\/uploads\/2018\/04\/Ord-3.png\" alt=\"\" width=\"225\" height=\"225\" srcset=\"http:\/\/www.filindeblogg.nu\/wp-content\/uploads\/2018\/04\/Ord-3.png 225w, http:\/\/www.filindeblogg.nu\/wp-content\/uploads\/2018\/04\/Ord-3-150x150.png 150w, http:\/\/www.filindeblogg.nu\/wp-content\/uploads\/2018\/04\/Ord-3-144x144.png 144w\" sizes=\"(max-width: 225px) 100vw, 225px\" \/> Sj\u00e4lvklart \u00e4r det trevligare att f\u00e5 orden s\u00e5 h\u00e4r: <img loading=\"lazy\" class=\"alignnone size-full wp-image-75610\" src=\"http:\/\/www.filindeblogg.nu\/wp-content\/uploads\/2018\/04\/Viska-mjukt-4.jpg\" alt=\"\" width=\"275\" height=\"183\" \/> Sn\u00e4lla, mjuka ord viskade i \u00f6rat. \u00c4n s\u00e5 h\u00e4r: <img loading=\"lazy\" class=\"alignnone size-full wp-image-75611\" src=\"http:\/\/www.filindeblogg.nu\/wp-content\/uploads\/2018\/04\/Skrika-\u00e5t-n\u00e5gon.jpg\" alt=\"\" width=\"265\" height=\"190\" \/><\/p>\n<p>Ord kan ocks\u00e5 betyda olika beroende p\u00e5 vem som sagt dem och vid vilket tillf\u00e4lle. Visst finns det ord man aldrig gl\u00f6mmer &#8211; hur banala de \u00e4n m\u00e5 vara f\u00f6r andra.<\/p>\n<p>Bloggarens mor ber\u00e4ttade en g\u00e5ng om hur hennes farmor Alma som liten ville g\u00e5 p\u00e5 ett frikyrkom\u00f6te. Alma hade pratat om det med sina f\u00f6r\u00e4ldrar som var h\u00f6gkyrkliga och Alma f\u00f6rstod att de inte gillade id\u00e9n men de sa inte ifr\u00e5n.<br \/>\nN\u00e4r Alma n\u00e4sta dag skulle bege sig mot frikyrkom\u00f6tet sa hennes far bara helt k\u00e4rleksfullt:<em> &#8211; Lilla larva.<\/em><br \/>\nAlma v\u00e4nde direkt och gick aldrig p\u00e5 m\u00f6tet.<br \/>\nDessa f\u00e5 ord skulle inte betyda n\u00e5got s\u00e4rskilt f\u00f6r n\u00e5gon annan &#8211; men f\u00f6r Alma sa de allt.<\/p>\n<p>Vissa ord kan k\u00e4nnas som en klubba i huvudet!\u00a0<img loading=\"lazy\" class=\"alignnone wp-image-75614\" src=\"http:\/\/www.filindeblogg.nu\/wp-content\/uploads\/2018\/04\/Smocka-i-huvudet-2.jpg\" alt=\"\" width=\"143\" height=\"142\" srcset=\"http:\/\/www.filindeblogg.nu\/wp-content\/uploads\/2018\/04\/Smocka-i-huvudet-2.jpg 225w, http:\/\/www.filindeblogg.nu\/wp-content\/uploads\/2018\/04\/Smocka-i-huvudet-2-150x150.jpg 150w, http:\/\/www.filindeblogg.nu\/wp-content\/uploads\/2018\/04\/Smocka-i-huvudet-2-144x144.jpg 144w\" sizes=\"(max-width: 143px) 100vw, 143px\" \/> Trots att det bara \u00e4r n\u00e5gra f\u00e5 ord, till synes enkla och ofarliga, i normal samtalston. <img loading=\"lazy\" class=\"alignnone wp-image-75613\" src=\"http:\/\/www.filindeblogg.nu\/wp-content\/uploads\/2018\/04\/Enkla-ord-300x109.png\" alt=\"\" width=\"242\" height=\"88\" srcset=\"http:\/\/www.filindeblogg.nu\/wp-content\/uploads\/2018\/04\/Enkla-ord-300x109.png 300w, http:\/\/www.filindeblogg.nu\/wp-content\/uploads\/2018\/04\/Enkla-ord.png 309w\" sizes=\"(max-width: 242px) 100vw, 242px\" \/> som blir f\u00f6r\u00f6dande i sitt sammanhang.<\/p>\n<p>Till och med ord som viskas mjukt i \u00f6rat <img loading=\"lazy\" class=\"alignnone size-medium wp-image-75615\" src=\"http:\/\/www.filindeblogg.nu\/wp-content\/uploads\/2018\/04\/Viska-elaka-ord-300x160.jpg\" alt=\"\" width=\"300\" height=\"160\" srcset=\"http:\/\/www.filindeblogg.nu\/wp-content\/uploads\/2018\/04\/Viska-elaka-ord-300x160.jpg 300w, http:\/\/www.filindeblogg.nu\/wp-content\/uploads\/2018\/04\/Viska-elaka-ord.jpg 307w\" sizes=\"(max-width: 300px) 100vw, 300px\" \/> kan klubba ner en fullst\u00e4ndigt <img loading=\"lazy\" class=\"alignnone wp-image-75612\" src=\"http:\/\/www.filindeblogg.nu\/wp-content\/uploads\/2018\/04\/Smocka-i-huvdet-2.png\" alt=\"\" width=\"135\" height=\"169\" \/>beroende p\u00e5 tillf\u00e4lle och vem som viskar. F\u00f6r elaka, h\u00e5rda ord kan ocks\u00e5 viskas&#8230;<\/p>\n<p>Sen kan f\u00f6rst\u00e5s h\u00e5rda, f\u00f6r\u00f6dmjukande ord skrikas ut. <img loading=\"lazy\" class=\"alignnone wp-image-75616\" src=\"http:\/\/www.filindeblogg.nu\/wp-content\/uploads\/2018\/04\/Skrika-164x300.jpg\" alt=\"\" width=\"99\" height=\"181\" srcset=\"http:\/\/www.filindeblogg.nu\/wp-content\/uploads\/2018\/04\/Skrika-164x300.jpg 164w, http:\/\/www.filindeblogg.nu\/wp-content\/uploads\/2018\/04\/Skrika.jpg 166w\" sizes=\"(max-width: 99px) 100vw, 99px\" \/> Mer ovanligt \u00e4r det kanske att vr\u00e5la ut k\u00e4rleksfullt till n\u00e5gon.<\/p>\n<p><img loading=\"lazy\" class=\"alignnone size-full wp-image-75617\" src=\"http:\/\/www.filindeblogg.nu\/wp-content\/uploads\/2018\/04\/Viska-mjukt.jpg\" alt=\"\" width=\"278\" height=\"181\" \/> Ord kan s\u00e5ra ocks\u00e5 om de viskas &#8211; beroende p\u00e5 vad som s\u00e4gs, n\u00e4r det s\u00e4gs och av vem.\u00a0\u00a0 <img loading=\"lazy\" class=\"alignnone size-full wp-image-75625\" src=\"http:\/\/www.filindeblogg.nu\/wp-content\/uploads\/2018\/04\/Elaka-ord.jpg\" alt=\"\" width=\"225\" height=\"225\" srcset=\"http:\/\/www.filindeblogg.nu\/wp-content\/uploads\/2018\/04\/Elaka-ord.jpg 225w, http:\/\/www.filindeblogg.nu\/wp-content\/uploads\/2018\/04\/Elaka-ord-150x150.jpg 150w, http:\/\/www.filindeblogg.nu\/wp-content\/uploads\/2018\/04\/Elaka-ord-144x144.jpg 144w\" sizes=\"(max-width: 225px) 100vw, 225px\" \/> Ord kan k\u00e4nnas som en h\u00e5rd, tung sten n\u00e4r de n\u00e5r ens inre. <img loading=\"lazy\" class=\"alignnone size-full wp-image-75622\" src=\"http:\/\/www.filindeblogg.nu\/wp-content\/uploads\/2018\/04\/Kasta-sten.jpg\" alt=\"\" width=\"275\" height=\"183\" \/> F\u00f6rst\u00f6ra och f\u00f6rg\u00f6ra.<\/p>\n<p>Sen \u00e4r f\u00f6rst\u00e5s det finaste att f\u00e5 varma, mjuka ord i sitt \u00f6ra. <img loading=\"lazy\" class=\"alignnone size-full wp-image-75618\" src=\"http:\/\/www.filindeblogg.nu\/wp-content\/uploads\/2018\/04\/Viska-mjukt-2.jpg\" alt=\"\" width=\"191\" height=\"264\" \/> Ord som \u00e4r som en l\u00e4tt vind. <img loading=\"lazy\" class=\"alignnone size-medium wp-image-75619\" src=\"http:\/\/www.filindeblogg.nu\/wp-content\/uploads\/2018\/04\/Mjuk-vind-2-300x169.jpg\" alt=\"\" width=\"300\" height=\"169\" srcset=\"http:\/\/www.filindeblogg.nu\/wp-content\/uploads\/2018\/04\/Mjuk-vind-2-300x169.jpg 300w, http:\/\/www.filindeblogg.nu\/wp-content\/uploads\/2018\/04\/Mjuk-vind-2-768x432.jpg 768w, http:\/\/www.filindeblogg.nu\/wp-content\/uploads\/2018\/04\/Mjuk-vind-2-1024x576.jpg 1024w, http:\/\/www.filindeblogg.nu\/wp-content\/uploads\/2018\/04\/Mjuk-vind-2.jpg 1920w\" sizes=\"(max-width: 300px) 100vw, 300px\" \/><br \/>\nSom ljuv musik. <img loading=\"lazy\" class=\"alignnone size-medium wp-image-75620\" src=\"http:\/\/www.filindeblogg.nu\/wp-content\/uploads\/2018\/04\/Mjuk-musik-300x141.jpg\" alt=\"\" width=\"300\" height=\"141\" srcset=\"http:\/\/www.filindeblogg.nu\/wp-content\/uploads\/2018\/04\/Mjuk-musik-300x141.jpg 300w, http:\/\/www.filindeblogg.nu\/wp-content\/uploads\/2018\/04\/Mjuk-musik-768x360.jpg 768w, http:\/\/www.filindeblogg.nu\/wp-content\/uploads\/2018\/04\/Mjuk-musik.jpg 800w\" sizes=\"(max-width: 300px) 100vw, 300px\" \/><\/p>\n<p><img loading=\"lazy\" class=\"alignnone size-full wp-image-75623\" src=\"http:\/\/www.filindeblogg.nu\/wp-content\/uploads\/2018\/04\/Talk-dirty-to-me.jpg\" alt=\"\" width=\"150\" height=\"148\" \/> <em>&#8221;Dirty talk&#8221;<\/em> kan ocks\u00e5 vara ljuvligt om man gillar s\u00e5nt OCH om det s\u00e4gs av r\u00e4tt person! <img loading=\"lazy\" class=\"alignnone size-medium wp-image-75626\" src=\"http:\/\/www.filindeblogg.nu\/wp-content\/uploads\/2018\/04\/Viska-mjukt-3-300x125.jpg\" alt=\"\" width=\"300\" height=\"125\" srcset=\"http:\/\/www.filindeblogg.nu\/wp-content\/uploads\/2018\/04\/Viska-mjukt-3-300x125.jpg 300w, http:\/\/www.filindeblogg.nu\/wp-content\/uploads\/2018\/04\/Viska-mjukt-3.jpg 715w\" sizes=\"(max-width: 300px) 100vw, 300px\" \/><\/p>\n<p><img loading=\"lazy\" class=\"size-full wp-image-75624 aligncenter\" src=\"http:\/\/www.filindeblogg.nu\/wp-content\/uploads\/2018\/04\/Dirty-talk.jpg\" alt=\"\" width=\"300\" height=\"300\" srcset=\"http:\/\/www.filindeblogg.nu\/wp-content\/uploads\/2018\/04\/Dirty-talk.jpg 300w, http:\/\/www.filindeblogg.nu\/wp-content\/uploads\/2018\/04\/Dirty-talk-150x150.jpg 150w, http:\/\/www.filindeblogg.nu\/wp-content\/uploads\/2018\/04\/Dirty-talk-144x144.jpg 144w\" sizes=\"(max-width: 300px) 100vw, 300px\" \/>\u00a0<img loading=\"lazy\" class=\"wp-image-75359 aligncenter\" src=\"http:\/\/www.filindeblogg.nu\/wp-content\/uploads\/2018\/03\/Pussis.jpg\" alt=\"\" width=\"75\" height=\"79\" \/><\/p>\n<p>T\u00e4nk s\u00e5 laddade ord \u00e4nd\u00e5 kan vara! Beroende p\u00e5 HUR de s\u00e4gs och av VEM &#8211; och vid vilket TILLF\u00c4LLE. S\u00e5 t\u00e4nk p\u00e5 vad du s\u00e4ger! <strong><em>&#8221;Tala \u00e4r silver men tiga \u00e4r guld&#8221;<\/em><\/strong> &#8211; kan vara nog s\u00e5 bra att ta till sig emellan\u00e5t.<\/p>\n<p>H\u00c4R l\u00e4gger vi till dagens katastrofala nyheter&#8230;<img loading=\"lazy\" class=\"alignnone  wp-image-75637\" src=\"http:\/\/www.filindeblogg.nu\/wp-content\/uploads\/2018\/04\/Gapskrattande-smiley-1.jpg\" alt=\"\" width=\"68\" height=\"58\" \/><img loading=\"lazy\" class=\"alignnone size-medium wp-image-75638\" src=\"http:\/\/www.filindeblogg.nu\/wp-content\/uploads\/2018\/04\/DN-Aka-IMG_6779-300x225.jpg\" alt=\"\" width=\"300\" height=\"225\" srcset=\"http:\/\/www.filindeblogg.nu\/wp-content\/uploads\/2018\/04\/DN-Aka-IMG_6779-300x225.jpg 300w, http:\/\/www.filindeblogg.nu\/wp-content\/uploads\/2018\/04\/DN-Aka-IMG_6779.jpg 640w\" sizes=\"(max-width: 300px) 100vw, 300px\" \/> <strong><em>&#8221;Dagarna d\u00e5 Svenska Akademien sprack och utl\u00f6ste den v\u00e4rsta krisen p\u00e5 232 \u00e5r&#8230;&#8221;<\/em><\/strong><\/p>\n<p>S\u00e5 h\u00e4r tycker tv\u00e5 k\u00e4ndisar&#8230; <img loading=\"lazy\" class=\"alignnone size-medium wp-image-75642\" src=\"http:\/\/www.filindeblogg.nu\/wp-content\/uploads\/2018\/04\/Aka-2-266x300.jpg\" alt=\"\" width=\"266\" height=\"300\" srcset=\"http:\/\/www.filindeblogg.nu\/wp-content\/uploads\/2018\/04\/Aka-2-266x300.jpg 266w, http:\/\/www.filindeblogg.nu\/wp-content\/uploads\/2018\/04\/Aka-2.jpg 568w\" sizes=\"(max-width: 266px) 100vw, 266px\" \/> och s\u00e5 h\u00e4r&#8230; <img loading=\"lazy\" class=\"alignnone size-medium wp-image-75643\" src=\"http:\/\/www.filindeblogg.nu\/wp-content\/uploads\/2018\/04\/Aka-3-225x300.jpg\" alt=\"\" width=\"225\" height=\"300\" srcset=\"http:\/\/www.filindeblogg.nu\/wp-content\/uploads\/2018\/04\/Aka-3-225x300.jpg 225w, http:\/\/www.filindeblogg.nu\/wp-content\/uploads\/2018\/04\/Aka-3.jpg 480w\" sizes=\"(max-width: 225px) 100vw, 225px\" \/><\/p>\n<p>Bloggarens inl\u00e4gg p\u00e5 Facebook: <img loading=\"lazy\" class=\"alignnone size-medium wp-image-75669\" src=\"http:\/\/www.filindeblogg.nu\/wp-content\/uploads\/2018\/04\/Aka-6-1-300x224.jpg\" alt=\"\" width=\"300\" height=\"224\" srcset=\"http:\/\/www.filindeblogg.nu\/wp-content\/uploads\/2018\/04\/Aka-6-1-300x224.jpg 300w, http:\/\/www.filindeblogg.nu\/wp-content\/uploads\/2018\/04\/Aka-6-1.jpg 750w\" sizes=\"(max-width: 300px) 100vw, 300px\" \/><\/p>\n<p>N\u00e4sta fr\u00e5n bloggaren: <img loading=\"lazy\" class=\"alignnone size-medium wp-image-75640\" src=\"http:\/\/www.filindeblogg.nu\/wp-content\/uploads\/2018\/04\/Aka-5-262x300.jpg\" alt=\"\" width=\"262\" height=\"300\" srcset=\"http:\/\/www.filindeblogg.nu\/wp-content\/uploads\/2018\/04\/Aka-5-262x300.jpg 262w, http:\/\/www.filindeblogg.nu\/wp-content\/uploads\/2018\/04\/Aka-5.jpg 750w\" sizes=\"(max-width: 262px) 100vw, 262px\" \/>Med f\u00f6ljande kommentarer hittills: <img loading=\"lazy\" class=\"alignnone size-medium wp-image-75641\" src=\"http:\/\/www.filindeblogg.nu\/wp-content\/uploads\/2018\/04\/Aka-7-194x300.jpg\" alt=\"\" width=\"194\" height=\"300\" srcset=\"http:\/\/www.filindeblogg.nu\/wp-content\/uploads\/2018\/04\/Aka-7-194x300.jpg 194w, http:\/\/www.filindeblogg.nu\/wp-content\/uploads\/2018\/04\/Aka-7-664x1024.jpg 664w, http:\/\/www.filindeblogg.nu\/wp-content\/uploads\/2018\/04\/Aka-7.jpg 750w\" sizes=\"(max-width: 194px) 100vw, 194px\" \/><\/p>\n<p>\u00c4r det pinsamt eller \u00e4r det pinsamt!! <img loading=\"lazy\" class=\"alignnone  wp-image-75056\" src=\"http:\/\/www.filindeblogg.nu\/wp-content\/uploads\/2018\/03\/Vr\u00e5lskratt-smiley.jpg\" alt=\"\" width=\"100\" height=\"100\" srcset=\"http:\/\/www.filindeblogg.nu\/wp-content\/uploads\/2018\/03\/Vr\u00e5lskratt-smiley.jpg 225w, http:\/\/www.filindeblogg.nu\/wp-content\/uploads\/2018\/03\/Vr\u00e5lskratt-smiley-150x150.jpg 150w, http:\/\/www.filindeblogg.nu\/wp-content\/uploads\/2018\/03\/Vr\u00e5lskratt-smiley-144x144.jpg 144w\" sizes=\"(max-width: 100px) 100vw, 100px\" \/><br \/>\nBloggens l\u00e4sare f\u00f6rst\u00e5r s\u00e4kert att bloggaren g\u00e5r p\u00e5 Leif GW Perssons linje! <img loading=\"lazy\" class=\"alignnone  wp-image-75637\" src=\"http:\/\/www.filindeblogg.nu\/wp-content\/uploads\/2018\/04\/Gapskrattande-smiley-1.jpg\" alt=\"\" width=\"104\" height=\"88\" \/><\/p>\n<p>Bloggaren gillar allts\u00e5 ORD men f\u00e5r inte minsta katastrofk\u00e4nsla inf\u00f6r tanken att kultursnobbssekten Svenska Akademien skulle kunna g\u00e5 upp i r\u00f6k helt! <img loading=\"lazy\" class=\"alignnone  wp-image-75644\" src=\"http:\/\/www.filindeblogg.nu\/wp-content\/uploads\/2018\/04\/Smiley-himlar.jpg\" alt=\"\" width=\"92\" height=\"89\" \/><\/p>\n<p>Lite annat nu &#8211; fler tidningsklipp! Bloggaren gillar tidningen <strong>Kup\u00e9<\/strong> \u00e4ven om det senaste numret inte hade alltf\u00f6r m\u00e5nga bra reportage, i bloggarens tycke. <img loading=\"lazy\" class=\"alignnone size-medium wp-image-75627\" src=\"http:\/\/www.filindeblogg.nu\/wp-content\/uploads\/2018\/04\/Kupe-IMG_6712-225x300.jpg\" alt=\"\" width=\"225\" height=\"300\" srcset=\"http:\/\/www.filindeblogg.nu\/wp-content\/uploads\/2018\/04\/Kupe-IMG_6712-225x300.jpg 225w, http:\/\/www.filindeblogg.nu\/wp-content\/uploads\/2018\/04\/Kupe-IMG_6712.jpg 480w\" sizes=\"(max-width: 225px) 100vw, 225px\" \/> Bloggaren gillar t ex inte tramsandet runt <strong>Parnevik<\/strong>s.\u00a0 Vem bryr sig om vad dom g\u00f6r och inte?? Likadant med <strong>Wahlgrens,<\/strong> <strong>Lailaland<\/strong> och allt vad det nu \u00e4r som ska visas p\u00e5 TV och nu ocks\u00e5 i tidningen Kup\u00e9. <img loading=\"lazy\" class=\"alignnone wp-image-75628\" src=\"http:\/\/www.filindeblogg.nu\/wp-content\/uploads\/2018\/04\/Jobbig-smiley.jpg\" alt=\"\" width=\"79\" height=\"79\" srcset=\"http:\/\/www.filindeblogg.nu\/wp-content\/uploads\/2018\/04\/Jobbig-smiley.jpg 225w, http:\/\/www.filindeblogg.nu\/wp-content\/uploads\/2018\/04\/Jobbig-smiley-150x150.jpg 150w, http:\/\/www.filindeblogg.nu\/wp-content\/uploads\/2018\/04\/Jobbig-smiley-144x144.jpg 144w\" sizes=\"(max-width: 79px) 100vw, 79px\" \/><\/p>\n<p>Dock fann bloggaren det h\u00e4r intressant: <img loading=\"lazy\" class=\"alignnone size-medium wp-image-75629\" src=\"http:\/\/www.filindeblogg.nu\/wp-content\/uploads\/2018\/04\/Kupe-6-300x225.jpg\" alt=\"\" width=\"300\" height=\"225\" srcset=\"http:\/\/www.filindeblogg.nu\/wp-content\/uploads\/2018\/04\/Kupe-6-300x225.jpg 300w, http:\/\/www.filindeblogg.nu\/wp-content\/uploads\/2018\/04\/Kupe-6.jpg 640w\" sizes=\"(max-width: 300px) 100vw, 300px\" \/> En artikel om s k kallprat! Ni vet spontanprat i en k\u00f6, p\u00e5 j\u00e4rnv\u00e4gsstationen, p\u00e5 bussen. Bloggaren \u00e4r en s\u00e5n! En kallpratare. Hon gillar att f\u00e5 kontakt p\u00e5 det viset. Livet blir lite l\u00e4ttare d\u00e5 och k\u00f6tiden g\u00e5r mycket fortare precis som bussresan.<\/p>\n<p>Kup\u00e9 ger lite tips f\u00f6r den som inte \u00e4r van kallpratare! \ud83d\ude42 <img loading=\"lazy\" class=\"alignnone size-medium wp-image-75630\" src=\"http:\/\/www.filindeblogg.nu\/wp-content\/uploads\/2018\/04\/Kupe-4-225x300.jpg\" alt=\"\" width=\"225\" height=\"300\" srcset=\"http:\/\/www.filindeblogg.nu\/wp-content\/uploads\/2018\/04\/Kupe-4-225x300.jpg 225w, http:\/\/www.filindeblogg.nu\/wp-content\/uploads\/2018\/04\/Kupe-4.jpg 480w\" sizes=\"(max-width: 225px) 100vw, 225px\" \/><\/p>\n<p>Tidningen hade ocks\u00e5 en notis om &#8221;singlism\/singeldiskriminering&#8221;. <img loading=\"lazy\" class=\"alignnone size-medium wp-image-75631\" src=\"http:\/\/www.filindeblogg.nu\/wp-content\/uploads\/2018\/04\/Kupe-2-208x300.jpg\" alt=\"\" width=\"208\" height=\"300\" srcset=\"http:\/\/www.filindeblogg.nu\/wp-content\/uploads\/2018\/04\/Kupe-2-208x300.jpg 208w, http:\/\/www.filindeblogg.nu\/wp-content\/uploads\/2018\/04\/Kupe-2.jpg 369w\" sizes=\"(max-width: 208px) 100vw, 208px\" \/> Bloggaren tycker inte singel \u00e4r diskriminerande alls &#8211; tv\u00e4rtom ett privilegium att vara r\u00e4dd om! <img loading=\"lazy\" class=\"alignnone wp-image-74628\" src=\"http:\/\/www.filindeblogg.nu\/wp-content\/uploads\/2018\/03\/Blinkande-smiley.jpg\" alt=\"\" width=\"34\" height=\"34\" srcset=\"http:\/\/www.filindeblogg.nu\/wp-content\/uploads\/2018\/03\/Blinkande-smiley.jpg 225w, http:\/\/www.filindeblogg.nu\/wp-content\/uploads\/2018\/03\/Blinkande-smiley-150x150.jpg 150w, http:\/\/www.filindeblogg.nu\/wp-content\/uploads\/2018\/03\/Blinkande-smiley-144x144.jpg 144w\" sizes=\"(max-width: 34px) 100vw, 34px\" \/> Fast det \u00e4r f\u00f6rst\u00e5s fr\u00e5n person till person hur man uppfattar singelskapet &#8211; OCH vad man g\u00f6r det till.<\/p>\n<p>Annons i tidningen Kup\u00e9 ocks\u00e5! <img loading=\"lazy\" class=\"alignnone size-medium wp-image-75632\" src=\"http:\/\/www.filindeblogg.nu\/wp-content\/uploads\/2018\/04\/Kupe-3-223x300.jpg\" alt=\"\" width=\"223\" height=\"300\" srcset=\"http:\/\/www.filindeblogg.nu\/wp-content\/uploads\/2018\/04\/Kupe-3-223x300.jpg 223w, http:\/\/www.filindeblogg.nu\/wp-content\/uploads\/2018\/04\/Kupe-3.jpg 464w\" sizes=\"(max-width: 223px) 100vw, 223px\" \/> Norsfisket i <strong>Arboga\u00e5n<\/strong>!<br \/>\nOm det har bloggaren inte h\u00f6rt n\u00e5got i \u00e5r trots att hon bor i <strong>Arboga<\/strong>. Oklart \u00e4r v\u00e4l ocks\u00e5 n\u00e4r norsen kommer. Norsylingarna har ju p\u00e5 n\u00e5got vis kommit av sig denna l\u00e5nga, sega vinter.<\/p>\n<p>Bloggaren \u00e4r ocks\u00e5 medlem i <a href=\"https:\/\/www.svenskaturistforeningen.se\/\"><strong>Svenska Turistf\u00f6reningen<\/strong><\/a> och d\u00e5 f\u00e5r man den h\u00e4r tidningen: <img loading=\"lazy\" class=\"alignnone size-medium wp-image-75633\" src=\"http:\/\/www.filindeblogg.nu\/wp-content\/uploads\/2018\/04\/Turist-IMG_6703-225x300.jpg\" alt=\"\" width=\"225\" height=\"300\" srcset=\"http:\/\/www.filindeblogg.nu\/wp-content\/uploads\/2018\/04\/Turist-IMG_6703-225x300.jpg 225w, http:\/\/www.filindeblogg.nu\/wp-content\/uploads\/2018\/04\/Turist-IMG_6703.jpg 480w\" sizes=\"(max-width: 225px) 100vw, 225px\" \/><\/p>\n<p>I det senaste numret finns exempel p\u00e5 \u00f6vernattningar i naturen som tilltalar bloggaren! <img loading=\"lazy\" class=\"alignnone size-medium wp-image-75645\" src=\"http:\/\/www.filindeblogg.nu\/wp-content\/uploads\/2018\/04\/T\u00e4lt-1-IMG_6704-300x225.jpg\" alt=\"\" width=\"300\" height=\"225\" srcset=\"http:\/\/www.filindeblogg.nu\/wp-content\/uploads\/2018\/04\/T\u00e4lt-1-IMG_6704-300x225.jpg 300w, http:\/\/www.filindeblogg.nu\/wp-content\/uploads\/2018\/04\/T\u00e4lt-1-IMG_6704.jpg 640w\" sizes=\"(max-width: 300px) 100vw, 300px\" \/> Olika sorters t\u00e4lt!<br \/>\n<img loading=\"lazy\" class=\"alignnone size-medium wp-image-75646\" src=\"http:\/\/www.filindeblogg.nu\/wp-content\/uploads\/2018\/04\/T\u00e4lt-2-IMG_6705-225x300.jpg\" alt=\"\" width=\"225\" height=\"300\" srcset=\"http:\/\/www.filindeblogg.nu\/wp-content\/uploads\/2018\/04\/T\u00e4lt-2-IMG_6705-225x300.jpg 225w, http:\/\/www.filindeblogg.nu\/wp-content\/uploads\/2018\/04\/T\u00e4lt-2-IMG_6705.jpg 480w\" sizes=\"(max-width: 225px) 100vw, 225px\" \/> Alldeles speciella t\u00e4lt! <img loading=\"lazy\" class=\"alignnone size-medium wp-image-75647\" src=\"http:\/\/www.filindeblogg.nu\/wp-content\/uploads\/2018\/04\/T\u00e4lt-4-IMG_6707-300x225.jpg\" alt=\"\" width=\"300\" height=\"225\" srcset=\"http:\/\/www.filindeblogg.nu\/wp-content\/uploads\/2018\/04\/T\u00e4lt-4-IMG_6707-300x225.jpg 300w, http:\/\/www.filindeblogg.nu\/wp-content\/uploads\/2018\/04\/T\u00e4lt-4-IMG_6707.jpg 640w\" sizes=\"(max-width: 300px) 100vw, 300px\" \/><br \/>\nDet kan man verkligen s\u00e4ga&#8230;<img loading=\"lazy\" class=\"alignnone size-medium wp-image-75648\" src=\"http:\/\/www.filindeblogg.nu\/wp-content\/uploads\/2018\/04\/T\u00e4lt-3-IMG_6706-225x300.jpg\" alt=\"\" width=\"225\" height=\"300\" srcset=\"http:\/\/www.filindeblogg.nu\/wp-content\/uploads\/2018\/04\/T\u00e4lt-3-IMG_6706-225x300.jpg 225w, http:\/\/www.filindeblogg.nu\/wp-content\/uploads\/2018\/04\/T\u00e4lt-3-IMG_6706.jpg 480w\" sizes=\"(max-width: 225px) 100vw, 225px\" \/><\/p>\n<p>Den d\u00e4r varianten p\u00e5 klippavsatsen tar bloggaren och avst\u00e5r ifr\u00e5n&#8230; D\u00e4remot att sova under myggn\u00e4t mellan n\u00e5gra tr\u00e4d i skogen en sommarnatt &#8211; det ni! <img loading=\"lazy\" class=\"alignnone  wp-image-75649\" src=\"http:\/\/www.filindeblogg.nu\/wp-content\/uploads\/2018\/04\/Tummen-upp.jpg\" alt=\"\" width=\"77\" height=\"77\" srcset=\"http:\/\/www.filindeblogg.nu\/wp-content\/uploads\/2018\/04\/Tummen-upp.jpg 224w, http:\/\/www.filindeblogg.nu\/wp-content\/uploads\/2018\/04\/Tummen-upp-150x150.jpg 150w, http:\/\/www.filindeblogg.nu\/wp-content\/uploads\/2018\/04\/Tummen-upp-144x144.jpg 144w\" sizes=\"(max-width: 77px) 100vw, 77px\" \/><\/p>\n<p>Lite mer klipp ur dagens DN ocks\u00e5. Bloggaren gillar smileys eller emojis! <img loading=\"lazy\" class=\"alignnone  wp-image-75650\" src=\"http:\/\/www.filindeblogg.nu\/wp-content\/uploads\/2018\/04\/Hj\u00e4rt\u00f6gon.jpg\" alt=\"\" width=\"45\" height=\"45\" srcset=\"http:\/\/www.filindeblogg.nu\/wp-content\/uploads\/2018\/04\/Hj\u00e4rt\u00f6gon.jpg 225w, http:\/\/www.filindeblogg.nu\/wp-content\/uploads\/2018\/04\/Hj\u00e4rt\u00f6gon-150x150.jpg 150w, http:\/\/www.filindeblogg.nu\/wp-content\/uploads\/2018\/04\/Hj\u00e4rt\u00f6gon-144x144.jpg 144w\" sizes=\"(max-width: 45px) 100vw, 45px\" \/><img loading=\"lazy\" class=\"alignnone  wp-image-75359\" src=\"http:\/\/www.filindeblogg.nu\/wp-content\/uploads\/2018\/03\/Pussis.jpg\" alt=\"\" width=\"49\" height=\"51\" \/><img loading=\"lazy\" class=\"alignnone  wp-image-75651\" src=\"http:\/\/www.filindeblogg.nu\/wp-content\/uploads\/2018\/04\/Puss.jpg\" alt=\"\" width=\"53\" height=\"51\" \/><img loading=\"lazy\" class=\"alignnone  wp-image-75652\" src=\"http:\/\/www.filindeblogg.nu\/wp-content\/uploads\/2018\/04\/Kyss.jpg\" alt=\"\" width=\"49\" height=\"49\" srcset=\"http:\/\/www.filindeblogg.nu\/wp-content\/uploads\/2018\/04\/Kyss.jpg 225w, http:\/\/www.filindeblogg.nu\/wp-content\/uploads\/2018\/04\/Kyss-150x150.jpg 150w, http:\/\/www.filindeblogg.nu\/wp-content\/uploads\/2018\/04\/Kyss-144x144.jpg 144w\" sizes=\"(max-width: 49px) 100vw, 49px\" \/> Om det skriver DN idag: <img loading=\"lazy\" class=\"alignnone size-medium wp-image-75653\" src=\"http:\/\/www.filindeblogg.nu\/wp-content\/uploads\/2018\/04\/DN-smiley-IMG_6780-225x300.jpg\" alt=\"\" width=\"225\" height=\"300\" srcset=\"http:\/\/www.filindeblogg.nu\/wp-content\/uploads\/2018\/04\/DN-smiley-IMG_6780-225x300.jpg 225w, http:\/\/www.filindeblogg.nu\/wp-content\/uploads\/2018\/04\/DN-smiley-IMG_6780.jpg 480w\" sizes=\"(max-width: 225px) 100vw, 225px\" \/> Om huruvida det \u00e4r OK eller inte att skicka hj\u00e4rt\u00f6gon till chefen och andra! <img loading=\"lazy\" class=\"alignnone size-medium wp-image-75654\" src=\"http:\/\/www.filindeblogg.nu\/wp-content\/uploads\/2018\/04\/DN-smiley-f\u00f6rst-IMG_6781-300x225.jpg\" alt=\"\" width=\"300\" height=\"225\" srcset=\"http:\/\/www.filindeblogg.nu\/wp-content\/uploads\/2018\/04\/DN-smiley-f\u00f6rst-IMG_6781-300x225.jpg 300w, http:\/\/www.filindeblogg.nu\/wp-content\/uploads\/2018\/04\/DN-smiley-f\u00f6rst-IMG_6781.jpg 640w\" sizes=\"(max-width: 300px) 100vw, 300px\" \/>Spr\u00e5kkr\u00f6nik\u00f6ren <strong>Karin Skagerberg<\/strong> avslutar s\u00e5 h\u00e4r i DN om att skicka iv\u00e4g smileys med hj\u00e4rtan eller pussar: <em>&#8221;I b\u00e4sta fall uppfattas man d\u00e5 som ovanligt trevlig, men i v\u00e4rsta fall som oproffsig och lite gr\u00e4nsl\u00f6s.&#8221;<br \/>\n<img loading=\"lazy\" class=\"alignnone  wp-image-75637\" src=\"http:\/\/www.filindeblogg.nu\/wp-content\/uploads\/2018\/04\/Gapskrattande-smiley-1.jpg\" alt=\"\" width=\"49\" height=\"42\" \/><\/em>Bloggaren g\u00e5r p\u00e5 det d\u00e4r ovanligt trevliga men ocks\u00e5 gr\u00e4nsl\u00f6sa! Passar bloggaren perfekt! <img loading=\"lazy\" class=\"alignnone  wp-image-75650\" src=\"http:\/\/www.filindeblogg.nu\/wp-content\/uploads\/2018\/04\/Hj\u00e4rt\u00f6gon.jpg\" alt=\"\" width=\"43\" height=\"43\" srcset=\"http:\/\/www.filindeblogg.nu\/wp-content\/uploads\/2018\/04\/Hj\u00e4rt\u00f6gon.jpg 225w, http:\/\/www.filindeblogg.nu\/wp-content\/uploads\/2018\/04\/Hj\u00e4rt\u00f6gon-150x150.jpg 150w, http:\/\/www.filindeblogg.nu\/wp-content\/uploads\/2018\/04\/Hj\u00e4rt\u00f6gon-144x144.jpg 144w\" sizes=\"(max-width: 43px) 100vw, 43px\" \/><img loading=\"lazy\" class=\"alignnone  wp-image-75651\" src=\"http:\/\/www.filindeblogg.nu\/wp-content\/uploads\/2018\/04\/Puss.jpg\" alt=\"\" width=\"45\" height=\"44\" srcset=\"http:\/\/www.filindeblogg.nu\/wp-content\/uploads\/2018\/04\/Puss.jpg 229w, http:\/\/www.filindeblogg.nu\/wp-content\/uploads\/2018\/04\/Puss-150x150.jpg 150w, http:\/\/www.filindeblogg.nu\/wp-content\/uploads\/2018\/04\/Puss-144x144.jpg 144w\" sizes=\"(max-width: 45px) 100vw, 45px\" \/><\/p>\n<p>Se bara vad bloggaren inhandlade p\u00e5 resan tur och retur \u00c5land! <img loading=\"lazy\" class=\"alignnone size-medium wp-image-75655\" src=\"http:\/\/www.filindeblogg.nu\/wp-content\/uploads\/2018\/04\/T-shirt-IMG_6702-225x300.jpg\" alt=\"\" width=\"225\" height=\"300\" srcset=\"http:\/\/www.filindeblogg.nu\/wp-content\/uploads\/2018\/04\/T-shirt-IMG_6702-225x300.jpg 225w, http:\/\/www.filindeblogg.nu\/wp-content\/uploads\/2018\/04\/T-shirt-IMG_6702.jpg 480w\" sizes=\"(max-width: 225px) 100vw, 225px\" \/> Kan det blir trevligare och mer gr\u00e4nsl\u00f6st!? <img loading=\"lazy\" class=\"alignnone  wp-image-75359\" src=\"http:\/\/www.filindeblogg.nu\/wp-content\/uploads\/2018\/03\/Pussis.jpg\" alt=\"\" width=\"49\" height=\"51\" \/> Jo, det kan det f\u00f6rst\u00e5s. S\u00e4rskilt om man \u00e4r som bloggaren! <img loading=\"lazy\" class=\"alignnone wp-image-74628\" src=\"http:\/\/www.filindeblogg.nu\/wp-content\/uploads\/2018\/03\/Blinkande-smiley.jpg\" alt=\"\" width=\"39\" height=\"39\" srcset=\"http:\/\/www.filindeblogg.nu\/wp-content\/uploads\/2018\/03\/Blinkande-smiley.jpg 225w, http:\/\/www.filindeblogg.nu\/wp-content\/uploads\/2018\/03\/Blinkande-smiley-150x150.jpg 150w, http:\/\/www.filindeblogg.nu\/wp-content\/uploads\/2018\/03\/Blinkande-smiley-144x144.jpg 144w\" sizes=\"(max-width: 39px) 100vw, 39px\" \/><\/p>\n<p>\u00c5land, ja. Det blev god mat och dryck och lite annat! <img loading=\"lazy\" class=\"alignnone  wp-image-75656\" src=\"http:\/\/www.filindeblogg.nu\/wp-content\/uploads\/2018\/04\/\u00c5land-3-IMG_6652-Kopia-297x300.jpg\" alt=\"\" width=\"201\" height=\"203\" srcset=\"http:\/\/www.filindeblogg.nu\/wp-content\/uploads\/2018\/04\/\u00c5land-3-IMG_6652-Kopia-297x300.jpg 297w, http:\/\/www.filindeblogg.nu\/wp-content\/uploads\/2018\/04\/\u00c5land-3-IMG_6652-Kopia-150x150.jpg 150w, http:\/\/www.filindeblogg.nu\/wp-content\/uploads\/2018\/04\/\u00c5land-3-IMG_6652-Kopia-144x144.jpg 144w, http:\/\/www.filindeblogg.nu\/wp-content\/uploads\/2018\/04\/\u00c5land-3-IMG_6652-Kopia.jpg 475w\" sizes=\"(max-width: 201px) 100vw, 201px\" \/> Det d\u00e4r &#8221;lite annat&#8221; hoppar bloggaren \u00f6ver &#8211; hur trevlig och gr\u00e4nsl\u00f6s hon \u00e4n \u00e4r. Det finns gr\u00e4nser! Inte f\u00f6r henne &#8211; men f\u00f6r vad ni l\u00e4sare st\u00e5r ut med. <img loading=\"lazy\" class=\"alignnone wp-image-74628\" src=\"http:\/\/www.filindeblogg.nu\/wp-content\/uploads\/2018\/03\/Blinkande-smiley.jpg\" alt=\"\" width=\"57\" height=\"57\" srcset=\"http:\/\/www.filindeblogg.nu\/wp-content\/uploads\/2018\/03\/Blinkande-smiley.jpg 225w, http:\/\/www.filindeblogg.nu\/wp-content\/uploads\/2018\/03\/Blinkande-smiley-150x150.jpg 150w, http:\/\/www.filindeblogg.nu\/wp-content\/uploads\/2018\/03\/Blinkande-smiley-144x144.jpg 144w\" sizes=\"(max-width: 57px) 100vw, 57px\" \/><\/p>\n<p>Det h\u00e4r blir det sista\u00a0<img loading=\"lazy\" class=\"alignnone size-medium wp-image-75657\" src=\"http:\/\/www.filindeblogg.nu\/wp-content\/uploads\/2018\/04\/\u00c5land-4-IMG_6693-228x300.jpg\" alt=\"\" width=\"228\" height=\"300\" srcset=\"http:\/\/www.filindeblogg.nu\/wp-content\/uploads\/2018\/04\/\u00c5land-4-IMG_6693-228x300.jpg 228w, http:\/\/www.filindeblogg.nu\/wp-content\/uploads\/2018\/04\/\u00c5land-4-IMG_6693.jpg 486w\" sizes=\"(max-width: 228px) 100vw, 228px\" \/> &#8211; lagom trevligt men inte s\u00e4rskilt gr\u00e4nsl\u00f6st! <img loading=\"lazy\" class=\"alignnone size-medium wp-image-75658\" src=\"http:\/\/www.filindeblogg.nu\/wp-content\/uploads\/2018\/04\/\u00c5land-5-IMG_6694-229x300.jpg\" alt=\"\" width=\"229\" height=\"300\" srcset=\"http:\/\/www.filindeblogg.nu\/wp-content\/uploads\/2018\/04\/\u00c5land-5-IMG_6694-229x300.jpg 229w, http:\/\/www.filindeblogg.nu\/wp-content\/uploads\/2018\/04\/\u00c5land-5-IMG_6694.jpg 488w\" sizes=\"(max-width: 229px) 100vw, 229px\" \/><\/p>\n<p>Ha det bra! Var r\u00e4dda om er och om varandra! G\u00e5 nu inte under f\u00f6r att Svenska Akademien och dess anhang g\u00f6r det! <img loading=\"lazy\" class=\"alignnone  wp-image-75637\" src=\"http:\/\/www.filindeblogg.nu\/wp-content\/uploads\/2018\/04\/Gapskrattande-smiley-1.jpg\" alt=\"\" width=\"76\" height=\"65\" \/><img loading=\"lazy\" class=\"alignnone  wp-image-75056\" src=\"http:\/\/www.filindeblogg.nu\/wp-content\/uploads\/2018\/03\/Vr\u00e5lskratt-smiley.jpg\" alt=\"\" width=\"64\" height=\"64\" srcset=\"http:\/\/www.filindeblogg.nu\/wp-content\/uploads\/2018\/03\/Vr\u00e5lskratt-smiley.jpg 225w, http:\/\/www.filindeblogg.nu\/wp-content\/uploads\/2018\/03\/Vr\u00e5lskratt-smiley-150x150.jpg 150w, http:\/\/www.filindeblogg.nu\/wp-content\/uploads\/2018\/03\/Vr\u00e5lskratt-smiley-144x144.jpg 144w\" sizes=\"(max-width: 64px) 100vw, 64px\" \/><\/p>\n<p>Massor av pussar och kramar fr\u00e5n den trevliga, gr\u00e4nsl\u00f6sa bloggaren! <img loading=\"lazy\" class=\"alignnone  wp-image-75650\" src=\"http:\/\/www.filindeblogg.nu\/wp-content\/uploads\/2018\/04\/Hj\u00e4rt\u00f6gon.jpg\" alt=\"\" width=\"138\" height=\"138\" srcset=\"http:\/\/www.filindeblogg.nu\/wp-content\/uploads\/2018\/04\/Hj\u00e4rt\u00f6gon.jpg 225w, http:\/\/www.filindeblogg.nu\/wp-content\/uploads\/2018\/04\/Hj\u00e4rt\u00f6gon-150x150.jpg 150w, http:\/\/www.filindeblogg.nu\/wp-content\/uploads\/2018\/04\/Hj\u00e4rt\u00f6gon-144x144.jpg 144w\" sizes=\"(max-width: 138px) 100vw, 138px\" \/><img loading=\"lazy\" class=\"alignnone  wp-image-75651\" src=\"http:\/\/www.filindeblogg.nu\/wp-content\/uploads\/2018\/04\/Puss.jpg\" alt=\"\" width=\"142\" height=\"137\" \/><\/p>\n<p>Men &#8211; som vanligt &#8211; goaste pussen f\u00e5r HAN! <img loading=\"lazy\" class=\"alignnone  wp-image-75652\" src=\"http:\/\/www.filindeblogg.nu\/wp-content\/uploads\/2018\/04\/Kyss.jpg\" alt=\"\" width=\"145\" height=\"145\" srcset=\"http:\/\/www.filindeblogg.nu\/wp-content\/uploads\/2018\/04\/Kyss.jpg 225w, http:\/\/www.filindeblogg.nu\/wp-content\/uploads\/2018\/04\/Kyss-150x150.jpg 150w, http:\/\/www.filindeblogg.nu\/wp-content\/uploads\/2018\/04\/Kyss-144x144.jpg 144w\" sizes=\"(max-width: 145px) 100vw, 145px\" \/><\/p>\n<p>&nbsp;<\/p>\n<p>&nbsp;<\/p>\n<p>&nbsp;<\/p>\n<p>&nbsp;<\/p>\n<p>&nbsp;<\/p>\n<p>&nbsp;<\/p>\n<p>&nbsp;<\/p>\n<p>&nbsp;<\/p>\n","protected":false},"excerpt":{"rendered":"<p>Den h\u00e4r bloggen om ORD p\u00e5b\u00f6rjades INNAN &#8221;den nationella katastrofen&#8221; kring kultursnobbarnas egen lilla sekt b\u00f6rjade avhandlas i media &#8211; Svenska Akademien allts\u00e5! Bloggaren gillar ord! Gillar att anv\u00e4nda ord. Att ha ett rikt ordf\u00f6rr\u00e5d. Gillar m\u00e4nniskor som \u00e4r bra p\u00e5 ord, dom som kan formulera sig. Gillar \u00c4lskling som \u00e4r duktig p\u00e5 s\u00e5nt (ocks\u00e5!), [&hellip;]<\/p>\n","protected":false},"author":1,"featured_media":0,"comment_status":"open","ping_status":"open","sticky":false,"template":"","format":"standard","meta":[],"categories":[1,127,222,196,126,100,145,160,233,132,235,101],"tags":[],"_links":{"self":[{"href":"http:\/\/www.filindeblogg.nu\/index.php?rest_route=\/wp\/v2\/posts\/75604"}],"collection":[{"href":"http:\/\/www.filindeblogg.nu\/index.php?rest_route=\/wp\/v2\/posts"}],"about":[{"href":"http:\/\/www.filindeblogg.nu\/index.php?rest_route=\/wp\/v2\/types\/post"}],"author":[{"embeddable":true,"href":"http:\/\/www.filindeblogg.nu\/index.php?rest_route=\/wp\/v2\/users\/1"}],"replies":[{"embeddable":true,"href":"http:\/\/www.filindeblogg.nu\/index.php?rest_route=%2Fwp%2Fv2%2Fcomments&post=75604"}],"version-history":[{"count":23,"href":"http:\/\/www.filindeblogg.nu\/index.php?rest_route=\/wp\/v2\/posts\/75604\/revisions"}],"predecessor-version":[{"id":75682,"href":"http:\/\/www.filindeblogg.nu\/index.php?rest_route=\/wp\/v2\/posts\/75604\/revisions\/75682"}],"wp:attachment":[{"href":"http:\/\/www.filindeblogg.nu\/index.php?rest_route=%2Fwp%2Fv2%2Fmedia&parent=75604"}],"wp:term":[{"taxonomy":"category","embeddable":true,"href":"http:\/\/www.filindeblogg.nu\/index.php?rest_route=%2Fwp%2Fv2%2Fcategories&post=75604"},{"taxonomy":"post_tag","embeddable":true,"href":"http:\/\/www.filindeblogg.nu\/index.php?rest_route=%2Fwp%2Fv2%2Ftags&post=75604"}],"curies":[{"name":"wp","href":"https:\/\/api.w.org\/{rel}","templated":true}]}}