{"id":7537,"date":"2009-09-09T06:17:36","date_gmt":"2009-09-09T05:17:36","guid":{"rendered":"http:\/\/www.filindeblogg.nu\/?p=7537"},"modified":"2009-09-09T10:22:51","modified_gmt":"2009-09-09T09:22:51","slug":"adhd-ar-du-inte-klok","status":"publish","type":"post","link":"http:\/\/www.filindeblogg.nu\/?p=7537","title":{"rendered":"ADHD &#8211; \u00e4r du inte klok!!??"},"content":{"rendered":"<p><img loading=\"lazy\" class=\"alignnone size-full wp-image-7538\" title=\"ADHD logga\" src=\"http:\/\/www.filindeblogg.nu\/wp-content\/uploads\/2009\/09\/ADHD-logga.jpeg\" alt=\"ADHD logga\" width=\"124\" height=\"93\" \/> L\u00e4ser idag i alla tidningar att<strong> &#8221;G\u00e5tan ADHD \u00e4r l\u00f6st&#8221;<a href=\"http:\/\/www.svd.se\/nyheter\/inrikes\/artikel_3489947.svd\">.<\/a><\/strong><a href=\"http:\/\/www.svd.se\/nyheter\/inrikes\/artikel_3489947.svd\"> <\/a>F\u00f6rst tittade jag misstroget p\u00e5 artiklarna<a href=\"http:\/\/sydsvenskan.se\/vetenskap\/article548744\/Genombrott-i-adhd-forskning.html\">. <\/a>Sedan b\u00f6rjade jag n\u00e4stan gr\u00e5ta<a href=\"http:\/\/hd.se\/inrikes\/2009\/09\/08\/genombrott-i-adhd-forskning\/\">.<\/a> Kan det vara sant? Kan detta bli ett genombrott f\u00f6r alla m\u00e4nniskor som har ADHD och andra egenskaper inom Autismspektrat!? Jag blir oerh\u00f6rt lycklig<a href=\"http:\/\/www.aftonbladet.se\/nyheter\/article5761963.ab\">.<\/a> <img loading=\"lazy\" class=\"alignnone size-full wp-image-7539\" title=\"ADHD huvud\" src=\"http:\/\/www.filindeblogg.nu\/wp-content\/uploads\/2009\/09\/ADHD-huvud.jpeg\" alt=\"ADHD huvud\" width=\"113\" height=\"150\" \/><\/p>\n<p><strong>Var 20:e svensk har enligt Dagens Nyheter ADHD<\/strong> som p\u00e5verkar deras vardagsliv<a href=\"http:\/\/www.expressen.se\/1.1699562\">.<\/a> <em>&#8221;Det \u00e4r ett funktionshinder som kan ge koncentrationssv\u00e5righeter, \u00f6veraktivitet och l\u00e5g impulskontroll&#8221;, <\/em>citat <a href=\"http:\/\/www.dn.se\/nyheter\/vetenskap\/fynd-loser-gatan-adhd-1.948284\"><strong>DN<\/strong><\/a>.<\/p>\n<p><img loading=\"lazy\" class=\"alignnone size-full wp-image-7540\" title=\"ADHD skikande barn\" src=\"http:\/\/www.filindeblogg.nu\/wp-content\/uploads\/2009\/09\/ADHD-skikande-barn.jpeg\" alt=\"ADHD skikande barn\" width=\"101\" height=\"127\" \/> Hur m\u00e5nga barn, ungdomar och vuxna som pl\u00e5gats av dessa egenskaper vet vi inte och har sv\u00e5rt att g\u00f6ra oss en uppfattning om. Lidandet beror till st\u00f6rsta delen p\u00e5 omgivningens okunskap! Hur m\u00e5nga skolor i <strong>Sverige <\/strong>diskriminerar elever med ADHD!? En siffra ingen kan ge mig men som \u00e4r fasansfullt stor &#8211; det \u00e4r jag helt \u00f6vertygad om!<\/p>\n<p>L\u00e4rare som st\u00e4nger ute &#8221;br\u00e5kiga elever&#8221;. Grannar, sl\u00e4ktingar, &#8221;v\u00e4nner&#8221; som f\u00f6rfasar sig \u00f6ver den ouppfostrade, vidriga ungen! <img loading=\"lazy\" class=\"alignnone size-full wp-image-7542\" title=\"ADHD skrik\" src=\"http:\/\/www.filindeblogg.nu\/wp-content\/uploads\/2009\/09\/ADHD-skrik.jpeg\" alt=\"ADHD skrik\" width=\"111\" height=\"109\" \/> Arbetskamrater som mobbar kollegor som &#8221;beter sig konstigt&#8221; och arbetsgivare som avskedar pga diagnosen! (Ja, inte officiellt f\u00f6rst\u00e5s! Mer sofistikerat. Jag vet &#8211; jag har bevittnat s\u00e5dana h\u00e4ndelser!)<\/p>\n<p>Nu ser jag verkligen fram emot vad forskaren <strong>Nora D Volkow <\/strong>och hennes kollegor i <strong>USA <\/strong>mer kommer med f\u00f6r information! Och vilken hj\u00e4lp alla m\u00e4nniskor med ADHD kan f\u00e5! <img loading=\"lazy\" class=\"alignnone size-full wp-image-7551\" title=\"nvolkow\" src=\"http:\/\/www.filindeblogg.nu\/wp-content\/uploads\/2009\/09\/nvolkow.jpg\" alt=\"nvolkow\" width=\"120\" height=\"164\" \/> (Dr Nora D Volkow)<\/p>\n<p>Det \u00e4r n\u00e4mligen s\u00e5 att omgivningen \u00e4r det st\u00f6rsta problemet &#8211; men pl\u00e5gan och lidandet av det ADHD uts\u00e4tter en person f\u00f6r ocks\u00e5 \u00e4r v\u00e4ldigt stort.<br \/>\n<strong>Ett exempel:<\/strong><br \/>\n<strong>T\u00e4nk dig att hela tiden vara uppm\u00e4rksam p\u00e5 ALLT omkring dig!<\/strong> Att se, h\u00f6ra, k\u00e4nna av ALLT som h\u00e4nder. Om du sitter i en skolsal eller i ett kontorslandskap <strong>h\u00f6r du allt vad m\u00e4nniskor s\u00e4ger<\/strong> till varandra, n\u00e4rmast intill men ocks\u00e5 p\u00e5 andra sidan lokalen!<strong> <\/strong>Du p\u00e5verkas ocks\u00e5 av\u00a0 klockans tickande, skrapet av en penna mot ett papper, n\u00e5gon som tappar en sak p\u00e5 andra sidan rummet. <strong>Du ser allt som h\u00e4nder,<\/strong> registrerar alla intryck.<strong> Du k\u00e4nner ocks\u00e5 allt<\/strong> &#8211; uppm\u00e4rksammar d\u00e5lig liksom bra st\u00e4mning &#8211; p\u00e5 ett mer markant s\u00e4tt \u00e4n andra m\u00e4nniskor.<br \/>\n<strong>Du kan n\u00e4mlingen inte sovra intrycken.<\/strong> De str\u00f6mmar till dig utan hinder. Du blir stressad, oerh\u00f6rt stressad och till sist v\u00e4ldigt tr\u00f6tt, kanske ledsen eller v\u00e4ldigt arg.<br \/>\n<strong>Jag har liknat det vid ett f\u00f6nster som saknar persienner. <\/strong>Vi &#8221;vanliga m\u00e4nniskor&#8221; har persienner f\u00f6r v\u00e5ra f\u00f6nster och kan sk\u00e4rma av ljuset och den lysande solen. M\u00e4nniskor med ADHD har inga persienner. Solen str\u00e5lar ob\u00f6nh\u00f6rligt in. Ljuset str\u00f6mmar in utan m\u00f6jlighet att v\u00e4rja sig. T\u00e4nk att ha s\u00e5 dag ut och dag in. Reagerar du &#8211; f\u00e5r du bannor och sk\u00e4ll fr\u00e5n en of\u00f6rst\u00e5ende omgivning.<\/p>\n<p>Hoppas det kommer en kommentar fr\u00e5n<strong> Christopher Gillberg <\/strong>om de h\u00e4r forskningsresultaten. Jag ska skriva ett par rader till honom.<\/p>\n<p><img loading=\"lazy\" class=\"aligncenter size-full wp-image-7543\" title=\"ADHD kaos bild\" src=\"http:\/\/www.filindeblogg.nu\/wp-content\/uploads\/2009\/09\/ADHD-kaos-bild.jpeg\" alt=\"ADHD kaos bild\" width=\"169\" height=\"135\" \/><\/p>\n<p>L\u00e4gger till mailsvaret som nu kommit fr\u00e5n Christopher Gillberg:<\/p>\n<p><strong>Christopher Gillberg <\/strong>har nu svarat p\u00e5 mitt mail ang\u00e5ende artikeln om ADHD <a href=\"http:\/\/www.aftonbladet.se\/kropphalsa\/article5761963.ab\">i<\/a> dagens tidningar<a href=\"http:\/\/www.dn.se\/nyheter\/vetenskap\/fynd-loser-gatan-adhd-1.948284\">.<\/a> H\u00e4r kommer hans kommentarer<a href=\"http:\/\/http:\/\/www.svd.se\/nyheter\/inrikes\/artikel_3489947.svd\">:<\/a><\/p>\n<p><a href=\"http:\/\/sydsvenskan.se\/vetenskap\/article548744\/Genombrott-i-adhd-forskning.html\">&#8221;<\/a><strong><em>Hej Susanne!<br \/>\n<\/em><\/strong><\/p>\n<p><strong><em>Nora \u00e4r en ledande forskare inom omr\u00e5det och hennes studier \u00e4r n\u00e4stan alltid h\u00f6gintressanta. Detta \u00e4r den senaste i raden av studier som givit st\u00f6d &#8211; oftast indirekt &#8211; f\u00f6r att bel\u00f6ningssystemet i hj\u00e4rnan \u00e4r p\u00e5verkat vid ADHD<a href=\"http:\/\/hd.se\/inrikes\/2009\/09\/08\/genombrott-i-adhd-forskning\/\">.<\/a> Det \u00e4r inte en ov\u00e4ntad uppt\u00e4ckt och den \u00e4r inte revolutionerande, men \u00e4nd\u00e5 mycket viktig eftersom det denna g\u00e5ng handlar om mera direkt avbildning av funktionen hos m\u00e4nniska. Det \u00e4r inte osannolikt att fokus n\u00e4r det g\u00e4ller nya behandlingsstudier kan komma att skifta n\u00e4r man nu har lite mera &#8221;hard evidence&#8221; att rubbad funktion i bel\u00f6ningssystemet kan vara ett centralt problem vid ADHD i vissa fall. Man skall dock komma ih\u00e5g att Judith Rapoports grupp alldeles nyligen publicerade \u00e4nnu starkare bevis f\u00f6r att andra delar av hj\u00e4rnan (fr a h\u00f6ger pannlob som inte \u00e4r en prim\u00e4r del av bel\u00f6ningssystemet) \u00e4r fundamentalt annorlunda utvecklade vid ADHD. Detta inneb\u00e4r att det inte \u00e4r sannolikt att ADHD &#8221;bara&#8221; beror p\u00e5 brister i bel\u00f6ningssystemet.<br \/>\n<\/em><\/strong><\/p>\n<p><strong><em>Det allra viktigaste med dessa studier \u00e4r att de bevisar att hj\u00e4rnan fungerar annorlunda vid ADHD.<br \/>\n<\/em><\/strong><\/p>\n<p><strong><em>Det \u00e4r j\u00e4tteroligt att h\u00f6ra att det g\u00e5r s\u00e5 bra f\u00f6r X!<br \/>\n<\/em><\/strong><\/p>\n<p style=\"text-align: center;\"><strong><em>M\u00e5nga h\u00e4lsningar!<br \/>\nChristopher&#8221;<img loading=\"lazy\" class=\"aligncenter size-full wp-image-7561\" title=\"Christopher Gillberg vid f\u00f6nstret\" src=\"http:\/\/www.filindeblogg.nu\/wp-content\/uploads\/2009\/09\/Christopher-Gillberg-vid-f\u00f6nstret.jpeg\" alt=\"Christopher Gillberg vid f\u00f6nstret\" width=\"150\" height=\"100\" \/><br \/>\nChristopher Gillberg<\/em><\/strong><\/p>\n<p><strong><em><br \/>\n<\/em><\/strong><\/p>\n","protected":false},"excerpt":{"rendered":"<p>L\u00e4ser idag i alla tidningar att &#8221;G\u00e5tan ADHD \u00e4r l\u00f6st&#8221;. F\u00f6rst tittade jag misstroget p\u00e5 artiklarna. Sedan b\u00f6rjade jag n\u00e4stan gr\u00e5ta. Kan det vara sant? Kan detta bli ett genombrott f\u00f6r alla m\u00e4nniskor som har ADHD och andra egenskaper inom Autismspektrat!? Jag blir oerh\u00f6rt lycklig. Var 20:e svensk har enligt Dagens Nyheter ADHD som p\u00e5verkar [&hellip;]<\/p>\n","protected":false},"author":1,"featured_media":0,"comment_status":"open","ping_status":"open","sticky":false,"template":"","format":"standard","meta":[],"categories":[107,100,101],"tags":[],"_links":{"self":[{"href":"http:\/\/www.filindeblogg.nu\/index.php?rest_route=\/wp\/v2\/posts\/7537"}],"collection":[{"href":"http:\/\/www.filindeblogg.nu\/index.php?rest_route=\/wp\/v2\/posts"}],"about":[{"href":"http:\/\/www.filindeblogg.nu\/index.php?rest_route=\/wp\/v2\/types\/post"}],"author":[{"embeddable":true,"href":"http:\/\/www.filindeblogg.nu\/index.php?rest_route=\/wp\/v2\/users\/1"}],"replies":[{"embeddable":true,"href":"http:\/\/www.filindeblogg.nu\/index.php?rest_route=%2Fwp%2Fv2%2Fcomments&post=7537"}],"version-history":[{"count":7,"href":"http:\/\/www.filindeblogg.nu\/index.php?rest_route=\/wp\/v2\/posts\/7537\/revisions"}],"predecessor-version":[{"id":7554,"href":"http:\/\/www.filindeblogg.nu\/index.php?rest_route=\/wp\/v2\/posts\/7537\/revisions\/7554"}],"wp:attachment":[{"href":"http:\/\/www.filindeblogg.nu\/index.php?rest_route=%2Fwp%2Fv2%2Fmedia&parent=7537"}],"wp:term":[{"taxonomy":"category","embeddable":true,"href":"http:\/\/www.filindeblogg.nu\/index.php?rest_route=%2Fwp%2Fv2%2Fcategories&post=7537"},{"taxonomy":"post_tag","embeddable":true,"href":"http:\/\/www.filindeblogg.nu\/index.php?rest_route=%2Fwp%2Fv2%2Ftags&post=7537"}],"curies":[{"name":"wp","href":"https:\/\/api.w.org\/{rel}","templated":true}]}}