{"id":75270,"date":"2018-03-26T17:14:46","date_gmt":"2018-03-26T16:14:46","guid":{"rendered":"http:\/\/www.filindeblogg.nu\/?p=75270"},"modified":"2018-03-26T17:14:46","modified_gmt":"2018-03-26T16:14:46","slug":"det-lilla-bla-taget-om-vandor-om-civilkurage-och-om-att-ingen-ar-sa-dalig-som-nar-han-gifter-sig-eller-sa-bra-som-nar-han-dor-dessutom-akta-dig-for-sakerhetskistan-vid-begravningen","status":"publish","type":"post","link":"http:\/\/www.filindeblogg.nu\/?p=75270","title":{"rendered":"Det lilla bl\u00e5 t\u00e5get. Om v\u00e5ndor. Om civilkurage. Och om att ingen \u00e4r s\u00e5 d\u00e5lig som n\u00e4r han gifter sig eller s\u00e5 bra som n\u00e4r han d\u00f6r&#8230; Dessutom &#8211; akta dig f\u00f6r s\u00e4kerhetskistan vid begravningen!"},"content":{"rendered":"<p><img loading=\"lazy\" class=\"alignnone size-medium wp-image-75271\" src=\"http:\/\/www.filindeblogg.nu\/wp-content\/uploads\/2018\/03\/Det-lilla-bl\u00e5-t\u00e5get-som-fick-medalj-R\u00c4TT-BOK-249x300.jpg\" alt=\"\" width=\"249\" height=\"300\" srcset=\"http:\/\/www.filindeblogg.nu\/wp-content\/uploads\/2018\/03\/Det-lilla-bl\u00e5-t\u00e5get-som-fick-medalj-R\u00c4TT-BOK-249x300.jpg 249w, http:\/\/www.filindeblogg.nu\/wp-content\/uploads\/2018\/03\/Det-lilla-bl\u00e5-t\u00e5get-som-fick-medalj-R\u00c4TT-BOK-768x926.jpg 768w, http:\/\/www.filindeblogg.nu\/wp-content\/uploads\/2018\/03\/Det-lilla-bl\u00e5-t\u00e5get-som-fick-medalj-R\u00c4TT-BOK-849x1024.jpg 849w, http:\/\/www.filindeblogg.nu\/wp-content\/uploads\/2018\/03\/Det-lilla-bl\u00e5-t\u00e5get-som-fick-medalj-R\u00c4TT-BOK.jpg 1499w\" sizes=\"(max-width: 249px) 100vw, 249px\" \/> N\u00e4r bloggaren var liten l\u00e4ste hennes mor den h\u00e4r boken f\u00f6r henne. Om det lilla bl\u00e5 t\u00e5get som var s\u00e5 litet men som \u00e4nd\u00e5 klarade av saker som ingen hade trott att det skulle klara.<\/p>\n<p><img loading=\"lazy\" class=\"alignnone  wp-image-75274\" src=\"http:\/\/www.filindeblogg.nu\/wp-content\/uploads\/2018\/03\/Lilla-bl\u00e5-t\u00e5get-1-300x225.jpg\" alt=\"\" width=\"201\" height=\"151\" srcset=\"http:\/\/www.filindeblogg.nu\/wp-content\/uploads\/2018\/03\/Lilla-bl\u00e5-t\u00e5get-1-300x225.jpg 300w, http:\/\/www.filindeblogg.nu\/wp-content\/uploads\/2018\/03\/Lilla-bl\u00e5-t\u00e5get-1-768x576.jpg 768w, http:\/\/www.filindeblogg.nu\/wp-content\/uploads\/2018\/03\/Lilla-bl\u00e5-t\u00e5get-1.jpg 1024w\" sizes=\"(max-width: 201px) 100vw, 201px\" \/> Liten och oansenlig uppt\u00e4cker den att det stora fina loket som ska dra alla julklappar till barnen har g\u00e5tt s\u00f6nder. <img loading=\"lazy\" class=\"alignnone  wp-image-75275\" src=\"http:\/\/www.filindeblogg.nu\/wp-content\/uploads\/2018\/03\/Lilla-bl\u00e5-t\u00e5get-2.jpg\" alt=\"\" width=\"208\" height=\"156\" \/><\/p>\n<p><img loading=\"lazy\" class=\"alignnone size-full wp-image-75276\" src=\"http:\/\/www.filindeblogg.nu\/wp-content\/uploads\/2018\/03\/Lilla-bl\u00e5-t\u00e5get-3.jpg\" alt=\"\" width=\"259\" height=\"194\" \/> Men det lilla bl\u00e5 t\u00e5get kan inte l\u00e5ta barnen bli ledsna utan t\u00e4nker g\u00f6ra vad det kan!<\/p>\n<p><em>&#8221;I think I can&#8221;<\/em>! <img loading=\"lazy\" class=\"alignnone size-full wp-image-75277\" src=\"http:\/\/www.filindeblogg.nu\/wp-content\/uploads\/2018\/03\/Lilla-bl\u00e5-t\u00e5get-5.jpg\" alt=\"\" width=\"293\" height=\"183\" \/><\/p>\n<p><em>&#8221;Jag tror att jag kan &#8211; jag tror att jag kan &#8211; jag tror att jag kan&#8221;<\/em>!<img loading=\"lazy\" class=\"alignnone size-full wp-image-75278\" src=\"http:\/\/www.filindeblogg.nu\/wp-content\/uploads\/2018\/03\/Lilla-Bl\u00e5-t\u00e5get-jag-tror-att-jag-kan.jpg\" alt=\"\" width=\"260\" height=\"194\" \/> Och visst kunde det lilla bl\u00e5 t\u00e5get! <img loading=\"lazy\" class=\"alignnone size-medium wp-image-75279\" src=\"http:\/\/www.filindeblogg.nu\/wp-content\/uploads\/2018\/03\/Lilla-bl\u00e5-t\u00e5get-4-300x188.png\" alt=\"\" width=\"300\" height=\"188\" srcset=\"http:\/\/www.filindeblogg.nu\/wp-content\/uploads\/2018\/03\/Lilla-bl\u00e5-t\u00e5get-4-300x188.png 300w, http:\/\/www.filindeblogg.nu\/wp-content\/uploads\/2018\/03\/Lilla-bl\u00e5-t\u00e5get-4.png 627w\" sizes=\"(max-width: 300px) 100vw, 300px\" \/> Mot alla odds och mot alla som inte trodde p\u00e5 det &#8211; drog det lilla bl\u00e5 t\u00e5get alla vagnar med julklappar upp f\u00f6r berget och ner sen till barnen som v\u00e4ntade! <img loading=\"lazy\" class=\"alignnone size-full wp-image-75280\" src=\"http:\/\/www.filindeblogg.nu\/wp-content\/uploads\/2018\/03\/Lilla-bl\u00e5-t\u00e5get-uppe.jpg\" alt=\"\" width=\"260\" height=\"175\" \/><\/p>\n<p>Bloggarens mamma l\u00e4ste den h\u00e4r boken m\u00e5nga g\u00e5nger och kom att kalla bloggaren f\u00f6r<strong> &#8221;Det lilla bl\u00e5 t\u00e5get&#8221;<\/strong>. N\u00e4r allt k\u00e4ndes sv\u00e5rt och hoppl\u00f6st f\u00f6r bloggaren\u00a0 &#8211; p\u00e5minde mamman henne: <strong><em>&#8221;- Du \u00e4r ju det lilla bl\u00e5 t\u00e5get. Du klarar det.&#8221;<\/em><\/strong><\/p>\n<p>Och s\u00e5 har det nog fortsatt. Bloggaren har gett sig in i situationer som verkat \u00f6verm\u00e4ktiga f\u00f6r ett litet bl\u00e5tt t\u00e5g. Ibland har det g\u00e5tt bra, ibland inte &#8211; men det viktiga har varit att f\u00f6rs\u00f6ka.<\/p>\n<p>&#8211; Vad handlar det h\u00e4r om?? &#8211; Hur kan n\u00e5gon bli ett bl\u00e5tt t\u00e5g??\u00a0 S\u00e5 t\u00e4nker ni som l\u00e4ser kanske?<\/p>\n<p><img loading=\"lazy\" class=\"alignnone size-medium wp-image-75282\" src=\"http:\/\/www.filindeblogg.nu\/wp-content\/uploads\/2018\/03\/I-am-the-girl-252x300.jpg\" alt=\"\" width=\"252\" height=\"300\" srcset=\"http:\/\/www.filindeblogg.nu\/wp-content\/uploads\/2018\/03\/I-am-the-girl-252x300.jpg 252w, http:\/\/www.filindeblogg.nu\/wp-content\/uploads\/2018\/03\/I-am-the-girl.jpg 470w\" sizes=\"(max-width: 252px) 100vw, 252px\" \/>\u00a0Jo, med tiden och med erfarenheter l\u00e4r man sig. F\u00f6r bloggaren \u00e4r det viktigt att alltid f\u00f6rs\u00f6ka.<em> &#8221;I am the girl who decided to go for it&#8221;<\/em><br \/>\n&#8211; och det g\u00e4ller det mesta &#8211; alltid! <img loading=\"lazy\" class=\"alignnone  wp-image-75283\" src=\"http:\/\/www.filindeblogg.nu\/wp-content\/uploads\/2018\/03\/Go-for-it-300x168.jpg\" alt=\"\" width=\"234\" height=\"131\" \/><\/p>\n<p><img loading=\"lazy\" class=\"alignnone  wp-image-75284\" src=\"http:\/\/www.filindeblogg.nu\/wp-content\/uploads\/2018\/03\/Do-what-you-have-to-do-300x168.png\" alt=\"\" width=\"271\" height=\"152\" \/>\u00a0Och vad \u00e4r det d\u00e5 som m\u00e5ste g\u00f6ras??<\/p>\n<p>Det vet man om man \u00e4r ett litet bl\u00e5tt lok&#8230; <img loading=\"lazy\" class=\"alignnone size-full wp-image-75285\" src=\"http:\/\/www.filindeblogg.nu\/wp-content\/uploads\/2018\/03\/Du-vet-i-hj\u00e4rtat-vad-som-\u00e4r-r\u00e4tt.jpg\" alt=\"\" width=\"236\" height=\"236\" srcset=\"http:\/\/www.filindeblogg.nu\/wp-content\/uploads\/2018\/03\/Du-vet-i-hj\u00e4rtat-vad-som-\u00e4r-r\u00e4tt.jpg 236w, http:\/\/www.filindeblogg.nu\/wp-content\/uploads\/2018\/03\/Du-vet-i-hj\u00e4rtat-vad-som-\u00e4r-r\u00e4tt-150x150.jpg 150w, http:\/\/www.filindeblogg.nu\/wp-content\/uploads\/2018\/03\/Du-vet-i-hj\u00e4rtat-vad-som-\u00e4r-r\u00e4tt-144x144.jpg 144w\" sizes=\"(max-width: 236px) 100vw, 236px\" \/> Man vet i sitt hj\u00e4rta vad som \u00e4r r\u00e4tt och fel. Det g\u00e4ller bara att g\u00f6ra det r\u00e4tta. Och &#8211; det \u00e4r inte alltid l\u00e4tt&#8230; <img loading=\"lazy\" class=\"alignnone size-full wp-image-75286\" src=\"http:\/\/www.filindeblogg.nu\/wp-content\/uploads\/2018\/03\/Du-vet-vad-som-\u00e4r-r\u00e4tt-men-det-\u00e4r-sv\u00e5rt-att-g\u00f6ra-det.jpg\" alt=\"\" width=\"251\" height=\"201\" \/><\/p>\n<p>Den d\u00e4r k\u00e4nslan. K\u00e4nslan som blir starkare och starkare. <img loading=\"lazy\" class=\"alignnone size-full wp-image-75288\" src=\"http:\/\/www.filindeblogg.nu\/wp-content\/uploads\/2018\/03\/Magk\u00e4nsla.jpg\" alt=\"\" width=\"264\" height=\"191\" \/> Den kallas magk\u00e4nsla.<\/p>\n<p><img loading=\"lazy\" class=\"alignnone size-full wp-image-75287\" src=\"http:\/\/www.filindeblogg.nu\/wp-content\/uploads\/2018\/03\/Magk\u00e4nslan-lita-p\u00e5-den.png\" alt=\"\" width=\"225\" height=\"225\" srcset=\"http:\/\/www.filindeblogg.nu\/wp-content\/uploads\/2018\/03\/Magk\u00e4nslan-lita-p\u00e5-den.png 225w, http:\/\/www.filindeblogg.nu\/wp-content\/uploads\/2018\/03\/Magk\u00e4nslan-lita-p\u00e5-den-150x150.png 150w, http:\/\/www.filindeblogg.nu\/wp-content\/uploads\/2018\/03\/Magk\u00e4nslan-lita-p\u00e5-den-144x144.png 144w\" sizes=\"(max-width: 225px) 100vw, 225px\" \/> <em>&#8221;Lita alltid p\u00e5 magk\u00e4nslan. Din hj\u00e4rna kan luras och ditt hj\u00e4rta \u00e4r en idiot men magk\u00e4nslan kan inte ljuga.&#8221;<\/em><\/p>\n<p><img loading=\"lazy\" class=\"alignnone size-medium wp-image-75289\" src=\"http:\/\/www.filindeblogg.nu\/wp-content\/uploads\/2018\/03\/Lita-p\u00e5-dina-instinkter-300x230.jpg\" alt=\"\" width=\"300\" height=\"230\" srcset=\"http:\/\/www.filindeblogg.nu\/wp-content\/uploads\/2018\/03\/Lita-p\u00e5-dina-instinkter-300x230.jpg 300w, http:\/\/www.filindeblogg.nu\/wp-content\/uploads\/2018\/03\/Lita-p\u00e5-dina-instinkter.jpg 424w\" sizes=\"(max-width: 300px) 100vw, 300px\" \/>\u00a0Magk\u00e4nsla eller intuition \u00e4r en instinkt som en del bortf\u00f6rklarar och struntar i. Bloggaren \u00e4r s\u00e4ker p\u00e5 att denna instinkt \u00e4r ned\u00e4rvd i generna sen urminnes tider. Ett lite djuriskt beteende som inte enkelt kan f\u00f6rklaras men som kan r\u00e4dda en ur sv\u00e5ra situationer men ocks\u00e5 f\u00e5 en att g\u00f6ra r\u00e4tt val. <img loading=\"lazy\" class=\"alignnone size-full wp-image-75290\" src=\"http:\/\/www.filindeblogg.nu\/wp-content\/uploads\/2018\/03\/G\u00e5-p\u00e5-k\u00e4nslan.jpg\" alt=\"\" width=\"225\" height=\"225\" srcset=\"http:\/\/www.filindeblogg.nu\/wp-content\/uploads\/2018\/03\/G\u00e5-p\u00e5-k\u00e4nslan.jpg 225w, http:\/\/www.filindeblogg.nu\/wp-content\/uploads\/2018\/03\/G\u00e5-p\u00e5-k\u00e4nslan-150x150.jpg 150w, http:\/\/www.filindeblogg.nu\/wp-content\/uploads\/2018\/03\/G\u00e5-p\u00e5-k\u00e4nslan-144x144.jpg 144w\" sizes=\"(max-width: 225px) 100vw, 225px\" \/><\/p>\n<p>K\u00e4ndisar litar p\u00e5 magk\u00e4nslan!<strong> Oprah Winfrey<\/strong>: <img loading=\"lazy\" class=\"alignnone size-medium wp-image-75291\" src=\"http:\/\/www.filindeblogg.nu\/wp-content\/uploads\/2018\/03\/Lita-p\u00e5-intuitionen-300x168.jpg\" alt=\"\" width=\"300\" height=\"168\" \/><\/p>\n<p>Steve Jobs: <img loading=\"lazy\" class=\"alignnone size-medium wp-image-75292\" src=\"http:\/\/www.filindeblogg.nu\/wp-content\/uploads\/2018\/03\/Intuition-Jobs-300x150.png\" alt=\"\" width=\"300\" height=\"150\" srcset=\"http:\/\/www.filindeblogg.nu\/wp-content\/uploads\/2018\/03\/Intuition-Jobs-300x150.png 300w, http:\/\/www.filindeblogg.nu\/wp-content\/uploads\/2018\/03\/Intuition-Jobs.png 318w\" sizes=\"(max-width: 300px) 100vw, 300px\" \/><\/p>\n<p><img loading=\"lazy\" class=\"aligncenter size-full wp-image-75293\" src=\"http:\/\/www.filindeblogg.nu\/wp-content\/uploads\/2018\/03\/Einstein-om-intuition.jpg\" alt=\"\" width=\"282\" height=\"179\" \/><\/p>\n<p>OK &#8211; om man nu lyssnar p\u00e5 sin magk\u00e4nsla och best\u00e4mmer sig f\u00f6r att g\u00e5 p\u00e5 den. Och det g\u00e4ller n\u00e5got v\u00e4ldigt viktigt. N\u00e5gon som kan p\u00e5verka b\u00e5de en sj\u00e4lv och andra. Hur l\u00e4tt \u00e4r det d\u00e5 att g\u00e5 p\u00e5 magk\u00e4nslan!?<\/p>\n<p>Inte s\u00e4rskilt l\u00e4tt, om du fr\u00e5gar bloggaren.\u00a0<img loading=\"lazy\" class=\"alignnone size-medium wp-image-75294\" src=\"http:\/\/www.filindeblogg.nu\/wp-content\/uploads\/2018\/03\/Hoppa-vid-klippan-300x199.jpg\" alt=\"\" width=\"300\" height=\"199\" srcset=\"http:\/\/www.filindeblogg.nu\/wp-content\/uploads\/2018\/03\/Hoppa-vid-klippan-300x199.jpg 300w, http:\/\/www.filindeblogg.nu\/wp-content\/uploads\/2018\/03\/Hoppa-vid-klippan.jpg 445w\" sizes=\"(max-width: 300px) 100vw, 300px\" \/> Man st\u00e5r d\u00e4r p\u00e5 klippan och t\u00e4nker: <em>&#8221;- V\u00e5gar jag? V\u00e5gar jag ta steget? Hoppet r\u00e4tt ut i det ok\u00e4nda?&#8221; <\/em><\/p>\n<p>Men \u00e4r man som bloggaren s\u00e5 tar man spr\u00e5nget! <img loading=\"lazy\" class=\"alignnone size-full wp-image-75295\" src=\"http:\/\/www.filindeblogg.nu\/wp-content\/uploads\/2018\/03\/Hoppa-NU.jpg\" alt=\"\" width=\"275\" height=\"183\" \/> Hoppar och faller! Och man vet inte hur man kommer att landa&#8230; Blir det mjukt och sk\u00f6nt &#8211; eller stenh\u00e5rt, iskallt&#8230; <img loading=\"lazy\" class=\"alignnone size-medium wp-image-75296\" src=\"http:\/\/www.filindeblogg.nu\/wp-content\/uploads\/2018\/03\/Hoppa-och-falla-300x210.jpg\" alt=\"\" width=\"300\" height=\"210\" srcset=\"http:\/\/www.filindeblogg.nu\/wp-content\/uploads\/2018\/03\/Hoppa-och-falla-300x210.jpg 300w, http:\/\/www.filindeblogg.nu\/wp-content\/uploads\/2018\/03\/Hoppa-och-falla.jpg 569w\" sizes=\"(max-width: 300px) 100vw, 300px\" \/><\/p>\n<p>Men man hoppar \u00e4nd\u00e5 &#8211; b\u00e4ra eller brista &#8211; f\u00f6r man m\u00e5ste! F\u00f6r magk\u00e4nslan s\u00e4ger en det.<\/p>\n<p><img loading=\"lazy\" class=\"size-full wp-image-75297 aligncenter\" src=\"http:\/\/www.filindeblogg.nu\/wp-content\/uploads\/2018\/03\/Tala-sanning-\u00e4ven-om-r\u00f6sten-skakar.jpg\" alt=\"\" width=\"244\" height=\"207\" \/><\/p>\n<p><img loading=\"lazy\" class=\"alignnone size-medium wp-image-75298\" src=\"http:\/\/www.filindeblogg.nu\/wp-content\/uploads\/2018\/03\/G\u00f6r-det-som-\u00e4r-r\u00e4tt-inte-det-som-\u00e4r-l\u00e4tt-300x300.png\" alt=\"\" width=\"300\" height=\"300\" srcset=\"http:\/\/www.filindeblogg.nu\/wp-content\/uploads\/2018\/03\/G\u00f6r-det-som-\u00e4r-r\u00e4tt-inte-det-som-\u00e4r-l\u00e4tt-300x300.png 300w, http:\/\/www.filindeblogg.nu\/wp-content\/uploads\/2018\/03\/G\u00f6r-det-som-\u00e4r-r\u00e4tt-inte-det-som-\u00e4r-l\u00e4tt-150x150.png 150w, http:\/\/www.filindeblogg.nu\/wp-content\/uploads\/2018\/03\/G\u00f6r-det-som-\u00e4r-r\u00e4tt-inte-det-som-\u00e4r-l\u00e4tt-768x768.png 768w, http:\/\/www.filindeblogg.nu\/wp-content\/uploads\/2018\/03\/G\u00f6r-det-som-\u00e4r-r\u00e4tt-inte-det-som-\u00e4r-l\u00e4tt-144x144.png 144w, http:\/\/www.filindeblogg.nu\/wp-content\/uploads\/2018\/03\/G\u00f6r-det-som-\u00e4r-r\u00e4tt-inte-det-som-\u00e4r-l\u00e4tt.png 800w\" sizes=\"(max-width: 300px) 100vw, 300px\" \/>N\u00e4r man \u00e4r ett litet bl\u00e5tt t\u00e5g och ser enorma sv\u00e5rframkomliga berg framf\u00f6r sig s\u00e5 ger man sig inte. <em>&#8221;Do what is right, not what is easy&#8221;. \u00b4<\/em>Man g\u00f6r det som k\u00e4nns r\u00e4tt \u00e4ven om det \u00e4r sv\u00e5rt.<\/p>\n<p><img loading=\"lazy\" class=\"alignnone  wp-image-75299\" src=\"http:\/\/www.filindeblogg.nu\/wp-content\/uploads\/2018\/03\/Sm\u00e4ll-i-huvudet-300x300.jpg\" alt=\"\" width=\"196\" height=\"196\" srcset=\"http:\/\/www.filindeblogg.nu\/wp-content\/uploads\/2018\/03\/Sm\u00e4ll-i-huvudet-300x300.jpg 300w, http:\/\/www.filindeblogg.nu\/wp-content\/uploads\/2018\/03\/Sm\u00e4ll-i-huvudet-150x150.jpg 150w, http:\/\/www.filindeblogg.nu\/wp-content\/uploads\/2018\/03\/Sm\u00e4ll-i-huvudet-768x767.jpg 768w, http:\/\/www.filindeblogg.nu\/wp-content\/uploads\/2018\/03\/Sm\u00e4ll-i-huvudet-1024x1022.jpg 1024w, http:\/\/www.filindeblogg.nu\/wp-content\/uploads\/2018\/03\/Sm\u00e4ll-i-huvudet-144x144.jpg 144w, http:\/\/www.filindeblogg.nu\/wp-content\/uploads\/2018\/03\/Sm\u00e4ll-i-huvudet.jpg 1300w\" sizes=\"(max-width: 196px) 100vw, 196px\" \/>\u00a0Bloggaren har f\u00e5tt h\u00e5nfulla kommentarer, blivit idiotf\u00f6rklarad och trakasserad f\u00f6r att hon &#8221;v\u00e5gar&#8221;.\u00a0<img loading=\"lazy\" class=\"alignnone size-medium wp-image-75300\" src=\"http:\/\/www.filindeblogg.nu\/wp-content\/uploads\/2018\/03\/Skvaller-300x170.jpg\" alt=\"\" width=\"300\" height=\"170\" srcset=\"http:\/\/www.filindeblogg.nu\/wp-content\/uploads\/2018\/03\/Skvaller-300x170.jpg 300w, http:\/\/www.filindeblogg.nu\/wp-content\/uploads\/2018\/03\/Skvaller.jpg 630w\" sizes=\"(max-width: 300px) 100vw, 300px\" \/> Folk har snackat skit och n\u00e5gra har v\u00e4nt henne ryggen.<\/p>\n<p><img loading=\"lazy\" class=\"alignnone size-full wp-image-75301\" src=\"http:\/\/www.filindeblogg.nu\/wp-content\/uploads\/2018\/03\/Gratulera.jpg\" alt=\"\" width=\"259\" height=\"195\" \/> Men det finns folk som jublat ocks\u00e5!\u00a0<img loading=\"lazy\" class=\"alignnone  wp-image-75313\" src=\"http:\/\/www.filindeblogg.nu\/wp-content\/uploads\/2018\/03\/Klapp-p\u00e5-axeln.png\" alt=\"\" width=\"145\" height=\"145\" srcset=\"http:\/\/www.filindeblogg.nu\/wp-content\/uploads\/2018\/03\/Klapp-p\u00e5-axeln.png 225w, http:\/\/www.filindeblogg.nu\/wp-content\/uploads\/2018\/03\/Klapp-p\u00e5-axeln-150x150.png 150w, http:\/\/www.filindeblogg.nu\/wp-content\/uploads\/2018\/03\/Klapp-p\u00e5-axeln-144x144.png 144w\" sizes=\"(max-width: 145px) 100vw, 145px\" \/> Som tackat. Som tyckt att bloggaren \u00e4r modig som v\u00e5gar. Att hon har civilkurage. <img loading=\"lazy\" class=\"alignnone  wp-image-75302\" src=\"http:\/\/www.filindeblogg.nu\/wp-content\/uploads\/2018\/03\/Gratulera-2.jpg\" alt=\"\" width=\"161\" height=\"177\" \/><br \/>\nBloggaren har allra mest uppskattat dom som stod d\u00e4r intill n\u00e4r hon skulle ta spr\u00e5nget och v\u00e5ga\u00a0<img loading=\"lazy\" class=\"alignnone  wp-image-75294\" src=\"http:\/\/www.filindeblogg.nu\/wp-content\/uploads\/2018\/03\/Hoppa-vid-klippan-300x199.jpg\" alt=\"\" width=\"216\" height=\"143\" srcset=\"http:\/\/www.filindeblogg.nu\/wp-content\/uploads\/2018\/03\/Hoppa-vid-klippan-300x199.jpg 300w, http:\/\/www.filindeblogg.nu\/wp-content\/uploads\/2018\/03\/Hoppa-vid-klippan.jpg 445w\" sizes=\"(max-width: 216px) 100vw, 216px\" \/> &#8211; och D\u00c5 trodde p\u00e5 henne. <img loading=\"lazy\" class=\"alignnone  wp-image-75303\" src=\"http:\/\/www.filindeblogg.nu\/wp-content\/uploads\/2018\/03\/Gratulera-3-209x300.jpg\" alt=\"\" width=\"169\" height=\"243\" srcset=\"http:\/\/www.filindeblogg.nu\/wp-content\/uploads\/2018\/03\/Gratulera-3-209x300.jpg 209w, http:\/\/www.filindeblogg.nu\/wp-content\/uploads\/2018\/03\/Gratulera-3.jpg 640w\" sizes=\"(max-width: 169px) 100vw, 169px\" \/> Att inte k\u00e4nna sig alldeles ensam innan steget ut i tomma intet. <img loading=\"lazy\" class=\"alignnone size-full wp-image-75304\" src=\"http:\/\/www.filindeblogg.nu\/wp-content\/uploads\/2018\/03\/G\u00f6r-det-som-\u00e4r-r\u00e4tt.jpg\" alt=\"\" width=\"225\" height=\"224\" srcset=\"http:\/\/www.filindeblogg.nu\/wp-content\/uploads\/2018\/03\/G\u00f6r-det-som-\u00e4r-r\u00e4tt.jpg 225w, http:\/\/www.filindeblogg.nu\/wp-content\/uploads\/2018\/03\/G\u00f6r-det-som-\u00e4r-r\u00e4tt-150x150.jpg 150w, http:\/\/www.filindeblogg.nu\/wp-content\/uploads\/2018\/03\/G\u00f6r-det-som-\u00e4r-r\u00e4tt-144x144.jpg 144w\" sizes=\"(max-width: 225px) 100vw, 225px\" \/><\/p>\n<p>Ibland k\u00e4nns det s\u00e4rskilt sv\u00e5rt &#8211; det d\u00e4r spr\u00e5nget, att v\u00e5ga. <img loading=\"lazy\" class=\"alignnone size-medium wp-image-75305\" src=\"http:\/\/www.filindeblogg.nu\/wp-content\/uploads\/2018\/03\/Sensation-eller-katastrof-IMG_1875-224x300.jpg\" alt=\"\" width=\"224\" height=\"300\" srcset=\"http:\/\/www.filindeblogg.nu\/wp-content\/uploads\/2018\/03\/Sensation-eller-katastrof-IMG_1875-224x300.jpg 224w, http:\/\/www.filindeblogg.nu\/wp-content\/uploads\/2018\/03\/Sensation-eller-katastrof-IMG_1875.jpg 478w\" sizes=\"(max-width: 224px) 100vw, 224px\" \/> Det kan d\u00e5 handla om v\u00e4nner, m\u00e4nniskor som st\u00e5r en v\u00e4ldigt n\u00e4ra.<br \/>\nMen d\u00e5 t\u00e4nker bloggaren s\u00e5 h\u00e4r: <img loading=\"lazy\" class=\"alignnone size-full wp-image-75306\" src=\"http:\/\/www.filindeblogg.nu\/wp-content\/uploads\/2018\/03\/Riktiga-v\u00e4nner-s\u00e4ger-sanningen.jpg\" alt=\"\" width=\"251\" height=\"201\" \/><strong><em><br \/>\n&#8221;Falska v\u00e4nner s\u00e4ger bara det jag vill h\u00f6ra. Riktiga v\u00e4nner \u00e4r inte r\u00e4dda f\u00f6r att ber\u00e4tta s\u00e5dant som jag kanske inte vill h\u00f6ra.<\/em><\/strong>&#8221;<\/p>\n<p><img loading=\"lazy\" class=\"alignnone size-full wp-image-75307\" src=\"http:\/\/www.filindeblogg.nu\/wp-content\/uploads\/2018\/03\/Riktiga-v\u00e4nner-s\u00e4ger-the-ugly-truth.jpg\" alt=\"\" width=\"225\" height=\"224\" srcset=\"http:\/\/www.filindeblogg.nu\/wp-content\/uploads\/2018\/03\/Riktiga-v\u00e4nner-s\u00e4ger-the-ugly-truth.jpg 225w, http:\/\/www.filindeblogg.nu\/wp-content\/uploads\/2018\/03\/Riktiga-v\u00e4nner-s\u00e4ger-the-ugly-truth-150x150.jpg 150w, http:\/\/www.filindeblogg.nu\/wp-content\/uploads\/2018\/03\/Riktiga-v\u00e4nner-s\u00e4ger-the-ugly-truth-144x144.jpg 144w\" sizes=\"(max-width: 225px) 100vw, 225px\" \/> Bloggaren vill vara en riktig v\u00e4n.\u00a0<img loading=\"lazy\" class=\"alignnone size-full wp-image-75309\" src=\"http:\/\/www.filindeblogg.nu\/wp-content\/uploads\/2018\/03\/I-care.png\" alt=\"\" width=\"268\" height=\"188\" \/> F\u00f6r att hon bryr sig om v\u00e4nnen. <img loading=\"lazy\" class=\"alignnone  wp-image-75308\" src=\"http:\/\/www.filindeblogg.nu\/wp-content\/uploads\/2018\/03\/Jag-bryr-mig-om-dig-Kopia.jpg\" alt=\"\" width=\"156\" height=\"162\" \/>\u00a0 F\u00f6r att hon v\u00e5gar bry sig om \u00e4ven n\u00e4r det k\u00e4nns tufft.<br \/>\nAtt bry sig om &#8211; p\u00e5 riktigt och visa det.<img loading=\"lazy\" class=\"alignnone  wp-image-75310\" src=\"http:\/\/www.filindeblogg.nu\/wp-content\/uploads\/2018\/03\/Alla-kan-s\u00e4ga-att-de-bryr-sig-men-inte-alla-kan-visa-det.jpg\" alt=\"\" width=\"197\" height=\"254\" \/><\/p>\n<p><img loading=\"lazy\" class=\"alignnone size-full wp-image-75311\" src=\"http:\/\/www.filindeblogg.nu\/wp-content\/uploads\/2018\/03\/Utnyttjad.jpg\" alt=\"\" width=\"225\" height=\"225\" srcset=\"http:\/\/www.filindeblogg.nu\/wp-content\/uploads\/2018\/03\/Utnyttjad.jpg 225w, http:\/\/www.filindeblogg.nu\/wp-content\/uploads\/2018\/03\/Utnyttjad-150x150.jpg 150w, http:\/\/www.filindeblogg.nu\/wp-content\/uploads\/2018\/03\/Utnyttjad-144x144.jpg 144w\" sizes=\"(max-width: 225px) 100vw, 225px\" \/> \u00c4ven om det blir sv\u00e5ra sanningar som m\u00e5ste levereras. Som g\u00f6r ont. Som kan g\u00f6ra andra uppr\u00f6rda ocks\u00e5. <img loading=\"lazy\" class=\"alignnone size-medium wp-image-75312\" src=\"http:\/\/www.filindeblogg.nu\/wp-content\/uploads\/2018\/03\/Kommer-inte-att-vara-tyst-285x300.jpg\" alt=\"\" width=\"285\" height=\"300\" srcset=\"http:\/\/www.filindeblogg.nu\/wp-content\/uploads\/2018\/03\/Kommer-inte-att-vara-tyst-285x300.jpg 285w, http:\/\/www.filindeblogg.nu\/wp-content\/uploads\/2018\/03\/Kommer-inte-att-vara-tyst.jpg 640w\" sizes=\"(max-width: 285px) 100vw, 285px\" \/><\/p>\n<p>Eftersom bloggaren \u00e4r en s\u00e5n h\u00e4r &#8211; <img loading=\"lazy\" class=\"alignnone size-full wp-image-75314\" src=\"http:\/\/www.filindeblogg.nu\/wp-content\/uploads\/2018\/03\/I-am-the-girl-Kopia.jpg\" alt=\"\" width=\"249\" height=\"201\" \/> &#8211; men ocks\u00e5 har ett stort och varmt hj\u00e4rta s\u00e5 g\u00f6r hon inget av ondska, h\u00e4mnd eller girighet. Hon vill v\u00e4l &#8211; alltid &#8211; \u00e4ven n\u00e4r det g\u00e4ller &#8221;fiender&#8221;.<\/p>\n<p><img loading=\"lazy\" class=\"size-medium wp-image-75315 aligncenter\" src=\"http:\/\/www.filindeblogg.nu\/wp-content\/uploads\/2018\/03\/G\u00f6r-allt-med-k\u00e4rlek-238x300.jpg\" alt=\"\" width=\"238\" height=\"300\" srcset=\"http:\/\/www.filindeblogg.nu\/wp-content\/uploads\/2018\/03\/G\u00f6r-allt-med-k\u00e4rlek-238x300.jpg 238w, http:\/\/www.filindeblogg.nu\/wp-content\/uploads\/2018\/03\/G\u00f6r-allt-med-k\u00e4rlek.jpg 500w\" sizes=\"(max-width: 238px) 100vw, 238px\" \/><\/p>\n<p>Bloggaren t\u00e4nker ibland p\u00e5 s k &#8221;efterm\u00e4len&#8221;. P\u00e5 <a href=\"https:\/\/sv.wiktionary.org\/wiki\/efterm%C3%A4le\"><strong>Wikipedia<\/strong><\/a> kan man l\u00e4sa den h\u00e4r f\u00f6rklaringen p\u00e5 ordet efterm\u00e4le, citat:<em><br \/>\n&#8221;Vad som s\u00e4gs (f\u00f6rm\u00e4les) om en person efter d\u00f6den; summering av livet, sammanfattande omd\u00f6me, d\u00f6dsruna, levnadsbeskrivning, biografi.&#8221; <\/em><img loading=\"lazy\" class=\"alignnone  wp-image-75316\" src=\"http:\/\/www.filindeblogg.nu\/wp-content\/uploads\/2018\/03\/Kista-300x300.jpg\" alt=\"\" width=\"192\" height=\"192\" srcset=\"http:\/\/www.filindeblogg.nu\/wp-content\/uploads\/2018\/03\/Kista-300x300.jpg 300w, http:\/\/www.filindeblogg.nu\/wp-content\/uploads\/2018\/03\/Kista-150x150.jpg 150w, http:\/\/www.filindeblogg.nu\/wp-content\/uploads\/2018\/03\/Kista-144x144.jpg 144w, http:\/\/www.filindeblogg.nu\/wp-content\/uploads\/2018\/03\/Kista.jpg 400w\" sizes=\"(max-width: 192px) 100vw, 192px\" \/><\/p>\n<p><em>&#8221;Ingen \u00e4r s\u00e5 d\u00e5lig som n\u00e4r han gifter sig eller s\u00e5 bra som n\u00e4r han d\u00f6r&#8221;<\/em> &#8211; \u00e4r ett uttryck. Det uttrycket visar p\u00e5 alltf\u00f6r \u00f6verdrivna &#8221;s\u00e4nkningar&#8221; liksom hyllningar. T ex n\u00e4r en god v\u00e4n l\u00e4mnar kompislivet f\u00f6r att stadga sig &#8211; ingen kompis \u00e4r s\u00e5 d\u00e5lig som d\u00e5. Eller n\u00e4r man \u00f6verdrivet hyllar en d\u00f6d med lovord om hur bra han har varit!<br \/>\nDet \u00e4r s\u00e5 dags d\u00e5&#8230;<br \/>\n<img loading=\"lazy\" class=\"alignnone size-medium wp-image-75317\" src=\"http:\/\/www.filindeblogg.nu\/wp-content\/uploads\/2018\/03\/M\u00e4ssa-vid-begravning-300x162.jpg\" alt=\"\" width=\"300\" height=\"162\" srcset=\"http:\/\/www.filindeblogg.nu\/wp-content\/uploads\/2018\/03\/M\u00e4ssa-vid-begravning-300x162.jpg 300w, http:\/\/www.filindeblogg.nu\/wp-content\/uploads\/2018\/03\/M\u00e4ssa-vid-begravning.jpg 305w\" sizes=\"(max-width: 300px) 100vw, 300px\" \/> Bloggaren tycker att det k\u00e4nns m\u00e4rkligt och skevt att st\u00e5 vid en kista och tala om f\u00f6r en d\u00f6d person hur bra han var en g\u00e5ng. Om det dessutom kanske \u00e4r f\u00f6rsta g\u00e5ngen man ber\u00e4ttar det f\u00f6r den d\u00f6de&#8230;<\/p>\n<p>Tycker du om n\u00e5gon &#8211; s\u00e4g det idag! <img loading=\"lazy\" class=\"alignnone  wp-image-75318\" src=\"http:\/\/www.filindeblogg.nu\/wp-content\/uploads\/2018\/03\/Kistan-.jpg\" alt=\"\" width=\"274\" height=\"273\" srcset=\"http:\/\/www.filindeblogg.nu\/wp-content\/uploads\/2018\/03\/Kistan-.jpg 225w, http:\/\/www.filindeblogg.nu\/wp-content\/uploads\/2018\/03\/Kistan--150x150.jpg 150w, http:\/\/www.filindeblogg.nu\/wp-content\/uploads\/2018\/03\/Kistan--144x144.jpg 144w\" sizes=\"(max-width: 274px) 100vw, 274px\" \/><br \/>\n<em>&#8221;Kom inte till min begravning och visa hur mycket du brydde dig om mig &#8211; visa mig det idag &#8211; medan jag \u00e4r i livet!&#8221;<br \/>\n<\/em>Vem vet &#8211; den d\u00f6de kanske kan protestera! <img loading=\"lazy\" class=\"alignnone  wp-image-74628\" src=\"http:\/\/www.filindeblogg.nu\/wp-content\/uploads\/2018\/03\/Blinkande-smiley.jpg\" alt=\"\" width=\"31\" height=\"31\" srcset=\"http:\/\/www.filindeblogg.nu\/wp-content\/uploads\/2018\/03\/Blinkande-smiley.jpg 225w, http:\/\/www.filindeblogg.nu\/wp-content\/uploads\/2018\/03\/Blinkande-smiley-150x150.jpg 150w, http:\/\/www.filindeblogg.nu\/wp-content\/uploads\/2018\/03\/Blinkande-smiley-144x144.jpg 144w\" sizes=\"(max-width: 31px) 100vw, 31px\" \/> Som p\u00e5 den h\u00e4r bilden som visar en &#8221;s\u00e4kerhetskista&#8221; fr\u00e5n 1800-talet d\u00e5 man var r\u00e4dd f\u00f6r att bli levande begravd. <img loading=\"lazy\" class=\"alignnone size-medium wp-image-75319\" src=\"http:\/\/www.filindeblogg.nu\/wp-content\/uploads\/2018\/03\/S\u00e4kerhetskistan-300x205.jpg\" alt=\"\" width=\"300\" height=\"205\" srcset=\"http:\/\/www.filindeblogg.nu\/wp-content\/uploads\/2018\/03\/S\u00e4kerhetskistan-300x205.jpg 300w, http:\/\/www.filindeblogg.nu\/wp-content\/uploads\/2018\/03\/S\u00e4kerhetskistan.jpg 670w\" sizes=\"(max-width: 300px) 100vw, 300px\" \/>Den skend\u00f6de kunde sen ringa i klockan nere ifr\u00e5n kistan f\u00f6r att p\u00e5kalla uppm\u00e4rksamhet. S\u00e5 se upp! S\u00e4ger du n\u00e5got \u00f6verdrivet k\u00e4nslosamt vid graven till n\u00e5gon som du inte brydde sig s\u00e4rskilt mycket om medan han levde s\u00e5 kanske personen ringer i klockan&#8230; <img loading=\"lazy\" class=\"alignnone size-medium wp-image-75320\" src=\"http:\/\/www.filindeblogg.nu\/wp-content\/uploads\/2018\/03\/Nere-ifr\u00e5n-graven-174x300.jpg\" alt=\"\" width=\"174\" height=\"300\" srcset=\"http:\/\/www.filindeblogg.nu\/wp-content\/uploads\/2018\/03\/Nere-ifr\u00e5n-graven-174x300.jpg 174w, http:\/\/www.filindeblogg.nu\/wp-content\/uploads\/2018\/03\/Nere-ifr\u00e5n-graven.jpg 405w\" sizes=\"(max-width: 174px) 100vw, 174px\" \/> <img loading=\"lazy\" class=\"alignnone  wp-image-74628\" src=\"http:\/\/www.filindeblogg.nu\/wp-content\/uploads\/2018\/03\/Blinkande-smiley.jpg\" alt=\"\" width=\"41\" height=\"41\" srcset=\"http:\/\/www.filindeblogg.nu\/wp-content\/uploads\/2018\/03\/Blinkande-smiley.jpg 225w, http:\/\/www.filindeblogg.nu\/wp-content\/uploads\/2018\/03\/Blinkande-smiley-150x150.jpg 150w, http:\/\/www.filindeblogg.nu\/wp-content\/uploads\/2018\/03\/Blinkande-smiley-144x144.jpg 144w\" sizes=\"(max-width: 41px) 100vw, 41px\" \/><\/p>\n<p><img loading=\"lazy\" class=\"alignnone size-full wp-image-75321\" src=\"http:\/\/www.filindeblogg.nu\/wp-content\/uploads\/2018\/03\/V\u00e4nta-inte-till-imorgon.jpg\" alt=\"\" width=\"194\" height=\"259\" \/> S\u00e5 V\u00c4NTA INTE med att visa att du bryr dig!\u00a0 Visa omtanke och v\u00e4rme IDAG &#8211; innan det \u00e4r f\u00f6rsent.<img loading=\"lazy\" class=\"alignnone size-full wp-image-75322\" src=\"http:\/\/www.filindeblogg.nu\/wp-content\/uploads\/2018\/03\/V\u00e4nta-tills-man-\u00e4r-redo.jpg\" alt=\"\" width=\"190\" height=\"266\" \/><br \/>\nOch \u00e4ven om det inneb\u00e4r att du m\u00e5ste uppb\u00e5da allt mod och all kraft f\u00f6r att s\u00e4ga en sv\u00e5r sanning till en v\u00e4n. <img loading=\"lazy\" class=\"alignnone size-full wp-image-75323\" src=\"http:\/\/www.filindeblogg.nu\/wp-content\/uploads\/2018\/03\/Do-whats-right-not-whats-easy.jpg\" alt=\"\" width=\"225\" height=\"225\" srcset=\"http:\/\/www.filindeblogg.nu\/wp-content\/uploads\/2018\/03\/Do-whats-right-not-whats-easy.jpg 225w, http:\/\/www.filindeblogg.nu\/wp-content\/uploads\/2018\/03\/Do-whats-right-not-whats-easy-150x150.jpg 150w, http:\/\/www.filindeblogg.nu\/wp-content\/uploads\/2018\/03\/Do-whats-right-not-whats-easy-144x144.jpg 144w\" sizes=\"(max-width: 225px) 100vw, 225px\" \/><\/p>\n<p><img loading=\"lazy\" class=\"alignnone  wp-image-75324\" src=\"http:\/\/www.filindeblogg.nu\/wp-content\/uploads\/2018\/03\/Njut-av-stunden-225x300.jpg\" alt=\"\" width=\"181\" height=\"241\" srcset=\"http:\/\/www.filindeblogg.nu\/wp-content\/uploads\/2018\/03\/Njut-av-stunden-225x300.jpg 225w, http:\/\/www.filindeblogg.nu\/wp-content\/uploads\/2018\/03\/Njut-av-stunden.jpg 500w\" sizes=\"(max-width: 181px) 100vw, 181px\" \/> V\u00e4lj r\u00e4tt tid! <img loading=\"lazy\" class=\"alignnone  wp-image-75325\" src=\"http:\/\/www.filindeblogg.nu\/wp-content\/uploads\/2018\/03\/Tomorrow-may-be-to-late.png\" alt=\"\" width=\"211\" height=\"179\" \/><br \/>\nOch v\u00e5ga g\u00f6ra det DU anser vara r\u00e4tt!<\/p>\n<p><img loading=\"lazy\" class=\"size-medium wp-image-75329 aligncenter\" src=\"http:\/\/www.filindeblogg.nu\/wp-content\/uploads\/2018\/03\/Watch-me-2-300x282.jpg\" alt=\"\" width=\"300\" height=\"282\" srcset=\"http:\/\/www.filindeblogg.nu\/wp-content\/uploads\/2018\/03\/Watch-me-2-300x282.jpg 300w, http:\/\/www.filindeblogg.nu\/wp-content\/uploads\/2018\/03\/Watch-me-2.jpg 550w\" sizes=\"(max-width: 300px) 100vw, 300px\" \/><\/p>\n<p>&nbsp;<\/p>\n<p><img loading=\"lazy\" class=\"alignnone  wp-image-75326\" src=\"http:\/\/www.filindeblogg.nu\/wp-content\/uploads\/2018\/03\/Thought-from-a-crowded-brain-IMG_1940-224x300.jpg\" alt=\"\" width=\"202\" height=\"271\" srcset=\"http:\/\/www.filindeblogg.nu\/wp-content\/uploads\/2018\/03\/Thought-from-a-crowded-brain-IMG_1940-224x300.jpg 224w, http:\/\/www.filindeblogg.nu\/wp-content\/uploads\/2018\/03\/Thought-from-a-crowded-brain-IMG_1940.jpg 478w\" sizes=\"(max-width: 202px) 100vw, 202px\" \/> <em>&#8221;Thoughts from a crowded brain&#8221;<\/em>! En rej\u00e4l blogg idag igen fr\u00e5n <strong>Susslightning<\/strong>! <img loading=\"lazy\" class=\"alignnone size-medium wp-image-75327\" src=\"http:\/\/www.filindeblogg.nu\/wp-content\/uploads\/2018\/03\/Suss-lightning-2-IMG_1887-225x300.png\" alt=\"\" width=\"225\" height=\"300\" srcset=\"http:\/\/www.filindeblogg.nu\/wp-content\/uploads\/2018\/03\/Suss-lightning-2-IMG_1887-225x300.png 225w, http:\/\/www.filindeblogg.nu\/wp-content\/uploads\/2018\/03\/Suss-lightning-2-IMG_1887.png 480w\" sizes=\"(max-width: 225px) 100vw, 225px\" \/><\/p>\n<p>Som forts\u00e4tter p\u00e5 sin upptrampade v\u00e4g. <img loading=\"lazy\" class=\"alignnone  wp-image-75328\" src=\"http:\/\/www.filindeblogg.nu\/wp-content\/uploads\/2018\/03\/Keep-calm-and-just-go-for-it.png\" alt=\"\" width=\"217\" height=\"254\" \/><br \/>\nDen v\u00e4g som startade med ett litet bl\u00e5tt t\u00e5g en g\u00e5ng. <img loading=\"lazy\" class=\"alignnone  wp-image-75281\" src=\"http:\/\/www.filindeblogg.nu\/wp-content\/uploads\/2018\/03\/Det-lilla-bl\u00e5-t\u00e5get-som-fick-medalj-Suss-Kopia-233x300.jpg\" alt=\"\" width=\"184\" height=\"237\" srcset=\"http:\/\/www.filindeblogg.nu\/wp-content\/uploads\/2018\/03\/Det-lilla-bl\u00e5-t\u00e5get-som-fick-medalj-Suss-Kopia-233x300.jpg 233w, http:\/\/www.filindeblogg.nu\/wp-content\/uploads\/2018\/03\/Det-lilla-bl\u00e5-t\u00e5get-som-fick-medalj-Suss-Kopia-768x990.jpg 768w, http:\/\/www.filindeblogg.nu\/wp-content\/uploads\/2018\/03\/Det-lilla-bl\u00e5-t\u00e5get-som-fick-medalj-Suss-Kopia-794x1024.jpg 794w, http:\/\/www.filindeblogg.nu\/wp-content\/uploads\/2018\/03\/Det-lilla-bl\u00e5-t\u00e5get-som-fick-medalj-Suss-Kopia.jpg 1170w\" sizes=\"(max-width: 184px) 100vw, 184px\" \/><br \/>\nFast n\u00e5gon medalj har det inte blivit. Det hon f\u00e5tt ist\u00e4llet \u00e4r ett rent samvete, en omsorg om andra och att aldrig n\u00e5gonsin ge upp! \u00c4ven det kom hemifr\u00e5n. Bloggarens mor sa alltid: <strong><em>&#8221;Upph\u00f6r aldrig att k\u00e4mpa f\u00f6r det du anser vara r\u00e4tt&#8221;.<\/em><\/strong> Och p\u00e5 den v\u00e4gen \u00e4r det!<\/p>\n<p><img loading=\"lazy\" class=\"alignnone  wp-image-75330\" src=\"http:\/\/www.filindeblogg.nu\/wp-content\/uploads\/2018\/03\/Du-m\u00e5ste-g\u00f6ra-vad-som-\u00e4r-r\u00e4tt-f\u00f6r-dig.jpg\" alt=\"\" width=\"126\" height=\"189\" \/> <img loading=\"lazy\" class=\"alignnone  wp-image-75331\" src=\"http:\/\/www.filindeblogg.nu\/wp-content\/uploads\/2018\/03\/G\u00f6r-det-du-m\u00e5ste-g\u00f6ra.png\" alt=\"\" width=\"185\" height=\"113\" \/><img loading=\"lazy\" class=\"alignnone  wp-image-75332\" src=\"http:\/\/www.filindeblogg.nu\/wp-content\/uploads\/2018\/03\/Stay-strong-and-dont-give-up.jpg\" alt=\"\" width=\"163\" height=\"190\" \/><\/p>\n<p>Liiite liiite annat ocks\u00e5! <img loading=\"lazy\" class=\"alignnone  wp-image-75333\" src=\"http:\/\/www.filindeblogg.nu\/wp-content\/uploads\/2018\/03\/Trump-ska-bli-trumpen-IMG_1934-224x300.jpg\" alt=\"\" width=\"175\" height=\"235\" srcset=\"http:\/\/www.filindeblogg.nu\/wp-content\/uploads\/2018\/03\/Trump-ska-bli-trumpen-IMG_1934-224x300.jpg 224w, http:\/\/www.filindeblogg.nu\/wp-content\/uploads\/2018\/03\/Trump-ska-bli-trumpen-IMG_1934.jpg 478w\" sizes=\"(max-width: 175px) 100vw, 175px\" \/> Unga i <strong>USA<\/strong> kr\u00e4ver stopp p\u00e5 v\u00e5ld och vapen.<br \/>\n<img loading=\"lazy\" class=\"alignnone  wp-image-75334\" src=\"http:\/\/www.filindeblogg.nu\/wp-content\/uploads\/2018\/03\/Stormy-Daniels.jpg\" alt=\"\" width=\"162\" height=\"243\" \/> Porrstj\u00e4rnan <strong>Stormy Daniels<\/strong> b\u00f6rjar ber\u00e4tta!<br \/>\nSka de unga och kvinnorna f\u00e4lla pajaspresidenten &#8211; \u00e4ntligen?!<br \/>\nAllt i<strong> DN<\/strong> om du klickar <a href=\"https:\/\/www.dn.se\/\"><strong>H\u00c4R!<\/strong><\/a><\/p>\n<p><img loading=\"lazy\" class=\"alignnone  wp-image-75335\" src=\"http:\/\/www.filindeblogg.nu\/wp-content\/uploads\/2018\/03\/P\u00e5sk-2-300x290.jpg\" alt=\"\" width=\"185\" height=\"179\" srcset=\"http:\/\/www.filindeblogg.nu\/wp-content\/uploads\/2018\/03\/P\u00e5sk-2-300x290.jpg 300w, http:\/\/www.filindeblogg.nu\/wp-content\/uploads\/2018\/03\/P\u00e5sk-2.jpg 640w\" sizes=\"(max-width: 185px) 100vw, 185px\" \/>\u00a0Lite p\u00e5sk ocks\u00e5.<img loading=\"lazy\" class=\"alignnone  wp-image-75336\" src=\"http:\/\/www.filindeblogg.nu\/wp-content\/uploads\/2018\/03\/P\u00e5sk-3-IMG_1939-224x300.jpg\" alt=\"\" width=\"183\" height=\"245\" srcset=\"http:\/\/www.filindeblogg.nu\/wp-content\/uploads\/2018\/03\/P\u00e5sk-3-IMG_1939-224x300.jpg 224w, http:\/\/www.filindeblogg.nu\/wp-content\/uploads\/2018\/03\/P\u00e5sk-3-IMG_1939.jpg 478w\" sizes=\"(max-width: 183px) 100vw, 183px\" \/><br \/>\nF\u00f6r p\u00e5sken \u00e4r ju snart h\u00e4r. Om bara n\u00e5gra dagar \u00e4r sk\u00e4rtorsdagen inne och sen rullar det p\u00e5. N\u00e5got som inte rullar p\u00e5 alls \u00e4r v\u00e5ren&#8230; <img loading=\"lazy\" class=\"alignnone size-medium wp-image-75337\" src=\"http:\/\/www.filindeblogg.nu\/wp-content\/uploads\/2018\/03\/Vinter-IMG_1932-224x300.jpg\" alt=\"\" width=\"224\" height=\"300\" srcset=\"http:\/\/www.filindeblogg.nu\/wp-content\/uploads\/2018\/03\/Vinter-IMG_1932-224x300.jpg 224w, http:\/\/www.filindeblogg.nu\/wp-content\/uploads\/2018\/03\/Vinter-IMG_1932.jpg 478w\" sizes=\"(max-width: 224px) 100vw, 224px\" \/> -3 och sn\u00f6fall imorse hos bloggaren. Inte kul!<\/p>\n<p>Bloggarens ena son \u00e4r nu i <strong>Hongkong<\/strong> s\u00e5 han slipper ruskv\u00e4dret. <img loading=\"lazy\" class=\"alignnone size-medium wp-image-75342\" src=\"http:\/\/www.filindeblogg.nu\/wp-content\/uploads\/2018\/03\/Honkong-IMG_1931-1-300x192.jpg\" alt=\"\" width=\"300\" height=\"192\" srcset=\"http:\/\/www.filindeblogg.nu\/wp-content\/uploads\/2018\/03\/Honkong-IMG_1931-1-300x192.jpg 300w, http:\/\/www.filindeblogg.nu\/wp-content\/uploads\/2018\/03\/Honkong-IMG_1931-1.jpg 640w\" sizes=\"(max-width: 300px) 100vw, 300px\" \/> Den r\u00f6da pilen p\u00e5 kartan fr\u00e5n Flightradar24 visar planet p\u00e5 v\u00e4g fr\u00e5n Arlanda och den l\u00e5nga resan mot Asien.<\/p>\n<p><img loading=\"lazy\" class=\"size-medium wp-image-75352 aligncenter\" src=\"http:\/\/www.filindeblogg.nu\/wp-content\/uploads\/2018\/03\/P\u00e5sk-1-IMG_1935-300x224.jpg\" alt=\"\" width=\"300\" height=\"224\" srcset=\"http:\/\/www.filindeblogg.nu\/wp-content\/uploads\/2018\/03\/P\u00e5sk-1-IMG_1935-300x224.jpg 300w, http:\/\/www.filindeblogg.nu\/wp-content\/uploads\/2018\/03\/P\u00e5sk-1-IMG_1935.jpg 640w\" sizes=\"(max-width: 300px) 100vw, 300px\" \/><\/p>\n<p>S\u00e5 d\u00e4r ja, nu knyter vi ihop s\u00e4cken f\u00f6r denna g\u00e5ng. Ha det s\u00e5 bra nu allesammans! P\u00e5skpussar och kramar i m\u00e4ngd nu n\u00e4r p\u00e5sken n\u00e4rmar sig!<\/p>\n<p><img loading=\"lazy\" class=\"size-medium wp-image-75358 aligncenter\" src=\"http:\/\/www.filindeblogg.nu\/wp-content\/uploads\/2018\/03\/Pussar-300x133.jpg\" alt=\"\" width=\"300\" height=\"133\" srcset=\"http:\/\/www.filindeblogg.nu\/wp-content\/uploads\/2018\/03\/Pussar-300x133.jpg 300w, http:\/\/www.filindeblogg.nu\/wp-content\/uploads\/2018\/03\/Pussar.jpg 662w\" sizes=\"(max-width: 300px) 100vw, 300px\" \/><br \/>\nOCH &#8211; som alltid &#8211; bl\u00f6taste, mumsigaste p\u00e5skpussen g\u00e5r till &#8221;ni vet vem&#8221;!!\u00a0<img loading=\"lazy\" class=\"alignnone  wp-image-75359\" src=\"http:\/\/www.filindeblogg.nu\/wp-content\/uploads\/2018\/03\/Pussis.jpg\" alt=\"\" width=\"95\" height=\"100\" \/> <img loading=\"lazy\" class=\"alignnone  wp-image-75357\" src=\"http:\/\/www.filindeblogg.nu\/wp-content\/uploads\/2018\/03\/Puss-i-p\u00e5sk-293x300.jpg\" alt=\"\" width=\"328\" height=\"336\" srcset=\"http:\/\/www.filindeblogg.nu\/wp-content\/uploads\/2018\/03\/Puss-i-p\u00e5sk-293x300.jpg 293w, http:\/\/www.filindeblogg.nu\/wp-content\/uploads\/2018\/03\/Puss-i-p\u00e5sk.jpg 294w\" sizes=\"(max-width: 328px) 100vw, 328px\" \/><\/p>\n<p>Bloggaren forts\u00e4tter som hon g\u00f6r. Det \u00e4r d\u00e4rf\u00f6r hennes d\u00f6rr ser ut s\u00e5 h\u00e4r: <img loading=\"lazy\" class=\"alignnone  wp-image-75338\" src=\"http:\/\/www.filindeblogg.nu\/wp-content\/uploads\/2018\/03\/D\u00f6rren-2-IMG_1917-1-300x300.jpg\" alt=\"\" width=\"220\" height=\"220\" srcset=\"http:\/\/www.filindeblogg.nu\/wp-content\/uploads\/2018\/03\/D\u00f6rren-2-IMG_1917-1-300x300.jpg 300w, http:\/\/www.filindeblogg.nu\/wp-content\/uploads\/2018\/03\/D\u00f6rren-2-IMG_1917-1-150x150.jpg 150w, http:\/\/www.filindeblogg.nu\/wp-content\/uploads\/2018\/03\/D\u00f6rren-2-IMG_1917-1-144x144.jpg 144w, http:\/\/www.filindeblogg.nu\/wp-content\/uploads\/2018\/03\/D\u00f6rren-2-IMG_1917-1.jpg 640w\" sizes=\"(max-width: 220px) 100vw, 220px\" \/> Texten som f\u00e5r ig\u00e5ng henne om hon skulle tappa fart!<img loading=\"lazy\" class=\"alignnone  wp-image-74628\" src=\"http:\/\/www.filindeblogg.nu\/wp-content\/uploads\/2018\/03\/Blinkande-smiley.jpg\" alt=\"\" width=\"20\" height=\"20\" srcset=\"http:\/\/www.filindeblogg.nu\/wp-content\/uploads\/2018\/03\/Blinkande-smiley.jpg 225w, http:\/\/www.filindeblogg.nu\/wp-content\/uploads\/2018\/03\/Blinkande-smiley-150x150.jpg 150w, http:\/\/www.filindeblogg.nu\/wp-content\/uploads\/2018\/03\/Blinkande-smiley-144x144.jpg 144w\" sizes=\"(max-width: 20px) 100vw, 20px\" \/>\u00a0 <img loading=\"lazy\" class=\"alignnone size-full wp-image-75339\" src=\"http:\/\/www.filindeblogg.nu\/wp-content\/uploads\/2018\/03\/D\u00f6rren-2-IMG_1917-Kopia.jpg\" alt=\"\" width=\"266\" height=\"184\" \/><\/p>\n<p>Och den lilla lappen p\u00e5 d\u00f6rren s\u00e4ger s\u00e5 h\u00e4r: <img loading=\"lazy\" class=\"alignnone size-medium wp-image-75340\" src=\"http:\/\/www.filindeblogg.nu\/wp-content\/uploads\/2018\/03\/D\u00f6rren-IMG_1918-300x300.jpg\" alt=\"\" width=\"300\" height=\"300\" srcset=\"http:\/\/www.filindeblogg.nu\/wp-content\/uploads\/2018\/03\/D\u00f6rren-IMG_1918-300x300.jpg 300w, http:\/\/www.filindeblogg.nu\/wp-content\/uploads\/2018\/03\/D\u00f6rren-IMG_1918-150x150.jpg 150w, http:\/\/www.filindeblogg.nu\/wp-content\/uploads\/2018\/03\/D\u00f6rren-IMG_1918-144x144.jpg 144w, http:\/\/www.filindeblogg.nu\/wp-content\/uploads\/2018\/03\/D\u00f6rren-IMG_1918.jpg 640w\" sizes=\"(max-width: 300px) 100vw, 300px\" \/><\/p>\n<p><img loading=\"lazy\" class=\"alignnone  wp-image-75343\" src=\"http:\/\/www.filindeblogg.nu\/wp-content\/uploads\/2018\/03\/Stay-strong-300x296.jpg\" alt=\"\" width=\"116\" height=\"114\" srcset=\"http:\/\/www.filindeblogg.nu\/wp-content\/uploads\/2018\/03\/Stay-strong-300x296.jpg 300w, http:\/\/www.filindeblogg.nu\/wp-content\/uploads\/2018\/03\/Stay-strong.jpg 743w\" sizes=\"(max-width: 116px) 100vw, 116px\" \/><img loading=\"lazy\" class=\"alignnone  wp-image-75402\" src=\"http:\/\/www.filindeblogg.nu\/wp-content\/uploads\/2018\/03\/Suss-1-IMG_6447-Kopia-300x185.jpg\" alt=\"\" width=\"230\" height=\"142\" srcset=\"http:\/\/www.filindeblogg.nu\/wp-content\/uploads\/2018\/03\/Suss-1-IMG_6447-Kopia-300x185.jpg 300w, http:\/\/www.filindeblogg.nu\/wp-content\/uploads\/2018\/03\/Suss-1-IMG_6447-Kopia.jpg 750w\" sizes=\"(max-width: 230px) 100vw, 230px\" \/><img loading=\"lazy\" class=\"alignnone  wp-image-75347\" src=\"http:\/\/www.filindeblogg.nu\/wp-content\/uploads\/2018\/03\/You-cant-stop-me.jpg\" alt=\"\" width=\"100\" height=\"100\" srcset=\"http:\/\/www.filindeblogg.nu\/wp-content\/uploads\/2018\/03\/You-cant-stop-me.jpg 225w, http:\/\/www.filindeblogg.nu\/wp-content\/uploads\/2018\/03\/You-cant-stop-me-150x150.jpg 150w, http:\/\/www.filindeblogg.nu\/wp-content\/uploads\/2018\/03\/You-cant-stop-me-144x144.jpg 144w\" sizes=\"(max-width: 100px) 100vw, 100px\" \/><\/p>\n<p><img loading=\"lazy\" class=\"alignnone  wp-image-75345\" src=\"http:\/\/www.filindeblogg.nu\/wp-content\/uploads\/2018\/03\/Never.jpg\" alt=\"\" width=\"128\" height=\"96\" \/><img loading=\"lazy\" class=\"alignnone  wp-image-75346\" src=\"http:\/\/www.filindeblogg.nu\/wp-content\/uploads\/2018\/03\/The-devil-whispered-in-my-ear-IMG_2510-300x279.jpg\" alt=\"\" width=\"199\" height=\"185\" srcset=\"http:\/\/www.filindeblogg.nu\/wp-content\/uploads\/2018\/03\/The-devil-whispered-in-my-ear-IMG_2510-300x279.jpg 300w, http:\/\/www.filindeblogg.nu\/wp-content\/uploads\/2018\/03\/The-devil-whispered-in-my-ear-IMG_2510.jpg 480w\" sizes=\"(max-width: 199px) 100vw, 199px\" \/><img loading=\"lazy\" class=\"alignnone  wp-image-75348\" src=\"http:\/\/www.filindeblogg.nu\/wp-content\/uploads\/2018\/03\/I-will-never-give-up.jpg\" alt=\"\" width=\"123\" height=\"101\" \/><\/p>\n<p><img loading=\"lazy\" class=\"size-medium wp-image-75349 aligncenter\" src=\"http:\/\/www.filindeblogg.nu\/wp-content\/uploads\/2018\/03\/Stay-strong-2-300x202.jpg\" alt=\"\" width=\"300\" height=\"202\" srcset=\"http:\/\/www.filindeblogg.nu\/wp-content\/uploads\/2018\/03\/Stay-strong-2-300x202.jpg 300w, http:\/\/www.filindeblogg.nu\/wp-content\/uploads\/2018\/03\/Stay-strong-2.jpg 500w\" sizes=\"(max-width: 300px) 100vw, 300px\" \/><\/p>\n<p><img loading=\"lazy\" class=\"alignnone  wp-image-75354\" src=\"http:\/\/www.filindeblogg.nu\/wp-content\/uploads\/2018\/03\/St\u00e5-upp-f\u00f6r-det-som-du-anser-vara-r\u00e4tt-\u00e4ven-om-du-st\u00e5r-ensam-1.jpg\" alt=\"\" width=\"233\" height=\"255\" \/>\u00a0 <img loading=\"lazy\" class=\"alignnone  wp-image-75353\" src=\"http:\/\/www.filindeblogg.nu\/wp-content\/uploads\/2018\/03\/Det-lilla-bl\u00e5-t\u00e5get-som-fick-medalj-Suss-Kopia-1-233x300.jpg\" alt=\"\" width=\"194\" height=\"250\" srcset=\"http:\/\/www.filindeblogg.nu\/wp-content\/uploads\/2018\/03\/Det-lilla-bl\u00e5-t\u00e5get-som-fick-medalj-Suss-Kopia-1-233x300.jpg 233w, http:\/\/www.filindeblogg.nu\/wp-content\/uploads\/2018\/03\/Det-lilla-bl\u00e5-t\u00e5get-som-fick-medalj-Suss-Kopia-1-768x990.jpg 768w, http:\/\/www.filindeblogg.nu\/wp-content\/uploads\/2018\/03\/Det-lilla-bl\u00e5-t\u00e5get-som-fick-medalj-Suss-Kopia-1-794x1024.jpg 794w, http:\/\/www.filindeblogg.nu\/wp-content\/uploads\/2018\/03\/Det-lilla-bl\u00e5-t\u00e5get-som-fick-medalj-Suss-Kopia-1.jpg 1170w\" sizes=\"(max-width: 194px) 100vw, 194px\" \/><\/p>\n<p style=\"text-align: center;\"><img loading=\"lazy\" class=\"size-full wp-image-75411 aligncenter\" src=\"http:\/\/www.filindeblogg.nu\/wp-content\/uploads\/2018\/03\/I-can-I-will-end-of-story-2.jpg\" alt=\"\" width=\"257\" height=\"157\" \/><br \/>\n<img loading=\"lazy\" class=\"aligncenter size-medium wp-image-75356\" src=\"http:\/\/www.filindeblogg.nu\/wp-content\/uploads\/2018\/03\/Rytande-lejon-3-300x225.jpg\" alt=\"\" width=\"300\" height=\"225\" srcset=\"http:\/\/www.filindeblogg.nu\/wp-content\/uploads\/2018\/03\/Rytande-lejon-3-300x225.jpg 300w, http:\/\/www.filindeblogg.nu\/wp-content\/uploads\/2018\/03\/Rytande-lejon-3-768x576.jpg 768w, http:\/\/www.filindeblogg.nu\/wp-content\/uploads\/2018\/03\/Rytande-lejon-3.jpg 989w\" sizes=\"(max-width: 300px) 100vw, 300px\" \/><br \/>\n<strong>WATCH ME!!!<\/strong><\/p>\n<p>&nbsp;<\/p>\n<p>&nbsp;<\/p>\n<p>&nbsp;<\/p>\n<p>&nbsp;<\/p>\n<p>&nbsp;<\/p>\n<p>&nbsp;<\/p>\n","protected":false},"excerpt":{"rendered":"<p>N\u00e4r bloggaren var liten l\u00e4ste hennes mor den h\u00e4r boken f\u00f6r henne. Om det lilla bl\u00e5 t\u00e5get som var s\u00e5 litet men som \u00e4nd\u00e5 klarade av saker som ingen hade trott att det skulle klara. Liten och oansenlig uppt\u00e4cker den att det stora fina loket som ska dra alla julklappar till barnen har g\u00e5tt s\u00f6nder. [&hellip;]<\/p>\n","protected":false},"author":1,"featured_media":0,"comment_status":"open","ping_status":"open","sticky":false,"template":"","format":"standard","meta":[],"categories":[196,203,100,132,201,151,195,101,134,249],"tags":[],"_links":{"self":[{"href":"http:\/\/www.filindeblogg.nu\/index.php?rest_route=\/wp\/v2\/posts\/75270"}],"collection":[{"href":"http:\/\/www.filindeblogg.nu\/index.php?rest_route=\/wp\/v2\/posts"}],"about":[{"href":"http:\/\/www.filindeblogg.nu\/index.php?rest_route=\/wp\/v2\/types\/post"}],"author":[{"embeddable":true,"href":"http:\/\/www.filindeblogg.nu\/index.php?rest_route=\/wp\/v2\/users\/1"}],"replies":[{"embeddable":true,"href":"http:\/\/www.filindeblogg.nu\/index.php?rest_route=%2Fwp%2Fv2%2Fcomments&post=75270"}],"version-history":[{"count":62,"href":"http:\/\/www.filindeblogg.nu\/index.php?rest_route=\/wp\/v2\/posts\/75270\/revisions"}],"predecessor-version":[{"id":75424,"href":"http:\/\/www.filindeblogg.nu\/index.php?rest_route=\/wp\/v2\/posts\/75270\/revisions\/75424"}],"wp:attachment":[{"href":"http:\/\/www.filindeblogg.nu\/index.php?rest_route=%2Fwp%2Fv2%2Fmedia&parent=75270"}],"wp:term":[{"taxonomy":"category","embeddable":true,"href":"http:\/\/www.filindeblogg.nu\/index.php?rest_route=%2Fwp%2Fv2%2Fcategories&post=75270"},{"taxonomy":"post_tag","embeddable":true,"href":"http:\/\/www.filindeblogg.nu\/index.php?rest_route=%2Fwp%2Fv2%2Ftags&post=75270"}],"curies":[{"name":"wp","href":"https:\/\/api.w.org\/{rel}","templated":true}]}}