{"id":75125,"date":"2018-03-25T16:37:35","date_gmt":"2018-03-25T15:37:35","guid":{"rendered":"http:\/\/www.filindeblogg.nu\/?p=75125"},"modified":"2018-03-25T16:37:35","modified_gmt":"2018-03-25T15:37:35","slug":"ar-det-mojligt-att-leva-utan-facebook-om-att-vara-skittrott-pa-feminism-om-konspoliser-och-om-lite-annat-bloggen-idag-ar-skittrott","status":"publish","type":"post","link":"http:\/\/www.filindeblogg.nu\/?p=75125","title":{"rendered":"\u00c4r det m\u00f6jligt att leva utan Facebook?? Om att vara skittr\u00f6tt p\u00e5 feminism &#8211; om k\u00f6nspoliser och om lite annat.     Bloggen idag \u00e4r SKITTR\u00d6TT!"},"content":{"rendered":"<p><img loading=\"lazy\" class=\"alignnone size-medium wp-image-75126\" src=\"http:\/\/www.filindeblogg.nu\/wp-content\/uploads\/2018\/03\/Tr\u00f6tt-SO-fucking-tired-209x300.jpg\" alt=\"\" width=\"209\" height=\"300\" srcset=\"http:\/\/www.filindeblogg.nu\/wp-content\/uploads\/2018\/03\/Tr\u00f6tt-SO-fucking-tired-209x300.jpg 209w, http:\/\/www.filindeblogg.nu\/wp-content\/uploads\/2018\/03\/Tr\u00f6tt-SO-fucking-tired.jpg 640w\" sizes=\"(max-width: 209px) 100vw, 209px\" \/> <strong>S\u00c5\u00c5\u00c5\u00c5 SKITTR\u00d6TT!!!<\/strong><\/p>\n<p>S\u00e5 k\u00e4nner man sig ibland. I alla fall g\u00f6r bloggaren det. N\u00e4r det rinner \u00f6ver. N\u00e4r det blir F\u00d6R mycket.<br \/>\nOch d\u00e5 talar inte bloggaren om utbr\u00e4ndhet den h\u00e4r g\u00e5ngen. Det handlar ist\u00e4llet om n\u00e4r vissa f\u00f6reteelser blir too much.<br \/>\nSKITTR\u00d6TT! Skittr\u00f6tt p\u00e5 feminister! Skittr\u00f6tt p\u00e5 &#8221;lokaltidningen&#8221;! Skittr\u00f6tt p\u00e5 en hel del annat! Med andra ord &#8211; <strong>SKITTR\u00d6TT!<\/strong><\/p>\n<p>Bloggaren blir skittr\u00f6tt n\u00e4r det bara blir toooo much &#8211; s\u00e5 varf\u00f6r inte b\u00f6rja med &#8221;me too&#8221;! <img loading=\"lazy\" class=\"alignnone size-medium wp-image-75186\" src=\"http:\/\/www.filindeblogg.nu\/wp-content\/uploads\/2018\/03\/Metoo-300x168.png\" alt=\"\" width=\"300\" height=\"168\" \/><\/p>\n<p><img loading=\"lazy\" class=\"alignnone size-full wp-image-75179\" src=\"http:\/\/www.filindeblogg.nu\/wp-content\/uploads\/2018\/03\/Orka-me-too.jpg\" alt=\"\" width=\"275\" height=\"183\" \/>Bloggaren har f\u00e5tt utst\u00e5 en del spott och spe f\u00f6r att hon v\u00e5gar protestera mot hur felaktigt uppbl\u00e5st Metoo-r\u00f6relsen har blivit. F\u00f6r som kvinna f\u00e5r man inte protestera n\u00e4r det g\u00e4ller detta drev. Man klubbas ner direkt av andra mer s.a.s. inkonsekventa feminister som anser att \u00e4r du inte med s\u00e5 \u00e4r du mot. Att f\u00f6rs\u00f6ka f\u00e5 till en balans finns inte p\u00e5 kartan!<\/p>\n<p>Bloggaren har skrivit om det tidigare! Att n\u00e4r kvinnor hetsar varandra att dra upp gammal byk f\u00f6r att avr\u00e4tta m\u00e4n offentligt f\u00f6rskjuter de det verkligt viktiga med #metoo.<br \/>\n10-20 \u00e5r gamla h\u00e4ndelser, ja kanske \u00e4nnu \u00e4ldre, tar udden av r\u00f6relsen. N\u00e4r det viktiga \u00e4r vad som h\u00e4nder m\u00e5nga kvinnor NU, idag, 2018!<\/p>\n<p><strong>Ett omv\u00e4nt drev mot kvinnor vore helt ot\u00e4nkbart! F\u00f6rest\u00e4ll er det i svensk media! M\u00e4n i grupp som h\u00e4nger ut enskilda kvinnor offentligt med namn anklagade f\u00f6r grova brott.<\/strong><\/p>\n<p>N\u00e4r osakliga, falska anklagelser g\u00f6rs och n\u00e4r anspelningar och skvaller f\u00e5r m\u00e4n att f\u00f6rlora jobbet, ja till och med ta sitt eget liv &#8211; d\u00e5 har det g\u00e5tt f\u00f6r l\u00e5ngt!<\/p>\n<p><strong>Kulturhuset Stadsteaterns f\u00f6rre vd Benny Fredriksson<\/strong>. <img loading=\"lazy\" class=\"alignnone wp-image-75185\" src=\"http:\/\/www.filindeblogg.nu\/wp-content\/uploads\/2018\/03\/Benny-Fredriksson-300x200.jpg\" alt=\"\" width=\"227\" height=\"151\" srcset=\"http:\/\/www.filindeblogg.nu\/wp-content\/uploads\/2018\/03\/Benny-Fredriksson-300x200.jpg 300w, http:\/\/www.filindeblogg.nu\/wp-content\/uploads\/2018\/03\/Benny-Fredriksson.jpg 700w\" sizes=\"(max-width: 227px) 100vw, 227px\" \/> Benny Fredriksson \u00e4r d\u00f6d. Han tog sitt liv som en f\u00f6ljd av #metoo och drevet som fick honom att l\u00e4mna sin post.<br \/>\nS\u00e5 h\u00e4r kan man l\u00e4sa i<strong> Svenska Dagbladet<\/strong>, citat:<br \/>\n<em>&#8221;\u2013 Efter att under 16 \u00e5rs tid ha vigt sitt liv \u00e5t att leda och utveckla Kulturhuset Stadsteatern l\u00e4mnade Benny Fredriksson abrupt sitt livsverk till f\u00f6ljd av ett gr\u00e4nsl\u00f6st mediedrev. Det var b\u00e5de fruktansv\u00e4rt sorgligt och or\u00e4ttvist. Hos honom skapade det ett s\u00e5r som icke gick att l\u00e4ka. Det \u00e4r en stor tragedi, s\u00e4ger Sture Carlsson, tillf\u00f6rordnad vd i pressmeddelandet.&#8221;<\/em><\/p>\n<p>Vidare i SvD, citat: <em>&#8221;Men i december 2017 l\u00e4mnade Benny Fredriksson chefsrummet vid Drottninggatan, efter att ha anklagats f\u00f6r en h\u00e5rd ledarstil i k\u00f6lvattnet av metoo.&#8221;<br \/>\n<\/em>L\u00e4s artikeln i SvD <a href=\"https:\/\/www.svd.se\/benny-fredriksson-begick-sjalvmord-granslost-mediedrev\"><strong>H\u00c4R!<\/strong><\/a><\/p>\n<p>S\u00e5 h\u00e4r skrev <strong>Aftonbladet<\/strong> den 5 december 2017 om Benny Fredriksson, citat:<\/p>\n<p><em>&#8221;Vd Benny Fredrikssons h\u00e5rdh\u00e4nta ledarstil har skapat en tystnadskultur p\u00e5 Stockholms Stadsteater.<\/em><br \/>\n<em>Personalen liknar honom vid en ober\u00e4knelig diktator som pressat fram en abort, sextrakasserat personal och upprepade g\u00e5nger l\u00e5tit manliga sk\u00e5despelare beg\u00e5 \u00f6vergrepp utan \u00e5tg\u00e4rd.<\/em><br \/>\n<em>\u2013 Alla som jobbar p\u00e5 Stadsteatern \u00e4r r\u00e4dda f\u00f6r honom, uppger en tidigare anst\u00e4lld.&#8221;<\/em><\/p>\n<p>Och vidare i artikeln som ni kan l\u00e4sa i sin helhet<a href=\"https:\/\/www.aftonbladet.se\/nyheter\/a\/G1G6WB\/teater-vdns-harda-ledarstil-har-skapat-tystnadskultur\"><strong> H\u00c4R<\/strong><\/a>:<\/p>\n<p class=\"_2ZkCB\">&#8221;<em>Vi som vittnat mot Benny Fredriksson anser att den givna konsekvensen av <strong>#metoo<\/strong> och #tystnadtagning \u00e4r att rikta blickarna mot de verkliga makthavarna, i detta fall Benny Fredriksson, som suttit som fast anst\u00e4lld teaterchef\/vd f\u00f6r landets st\u00f6rsta teater i 15 \u00e5r.<br \/>\nMissf\u00f6rh\u00e5llandena och tystnadskulturen p\u00e5 teatern \u00e4r vida k\u00e4nd. \u00c4nd\u00e5 sitter han d\u00e4r. Hur \u00e4r det m\u00f6jligt? Pengar? Politik? Vem \u00e4r ansvarig?<br \/>\n<\/em><em>Hj\u00e4lp oss att frig\u00f6ra alla de resurser som finns p\u00e5 Stockholms Stadsteater. Hj\u00e4lp oss att rensa i de \u00f6versta skikten f\u00f6r att l\u00e5ta konsten f\u00e5 ny fart. <strong>Hj\u00e4lp oss att f\u00e5 bort Benny Fredriksson s\u00e5 att n\u00e5gon annan kan ta vid.&#8221;<\/strong><\/em><\/p>\n<p>L\u00e4ngst ner i Aftonbladets artikel st\u00e5r f\u00f6ljande, citat:<br \/>\n&#8221;<em>Fotnot: <strong>Aftonbladet publicerar Benny Fredrikssons namn, trots att han sj\u00e4lv inte vill svara p\u00e5 v\u00e5ra fr\u00e5go<\/strong>r.<br \/>\nOrsaken till namnpubliceringen \u00e4r att Fredriksson, n\u00e4rmare ett dygn efter han fick fr\u00e5gorna, genom Stadsteaterns presstj\u00e4nst meddelade att han \u00f6verl\u00e4t till stadsdirekt\u00f6r Ingela Lindh, att svara. Hon \u00e4r vd f\u00f6r Stockholms Stadshus AB.<\/em><\/p>\n<p class=\"_2ZkCB\"><em><strong>Lena Mellin<\/strong>, tf ansvarig utgivare&#8221;<\/em><\/p>\n<p class=\"_2ZkCB\"><em><img loading=\"lazy\" class=\"alignnone size-medium wp-image-75187\" src=\"http:\/\/www.filindeblogg.nu\/wp-content\/uploads\/2018\/03\/Mediadrev-300x138.jpg\" alt=\"\" width=\"300\" height=\"138\" srcset=\"http:\/\/www.filindeblogg.nu\/wp-content\/uploads\/2018\/03\/Mediadrev-300x138.jpg 300w, http:\/\/www.filindeblogg.nu\/wp-content\/uploads\/2018\/03\/Mediadrev-768x354.jpg 768w, http:\/\/www.filindeblogg.nu\/wp-content\/uploads\/2018\/03\/Mediadrev.jpg 800w\" sizes=\"(max-width: 300px) 100vw, 300px\" \/><\/em>Det \u00e4r s\u00e5 d\u00e4r ett mediedrev g\u00e5r till! Benny Fredriksson &#8221;ville inte svara p\u00e5 fr\u00e5gor&#8221; och d\u00e4rmed \u00e4r journalistens ord lag!<br \/>\nDet \u00e4r s\u00e5 pressen med hj\u00e4lp av #metoo avr\u00e4ttar m\u00e4nniskor! <img loading=\"lazy\" class=\"alignnone size-full wp-image-75188\" src=\"http:\/\/www.filindeblogg.nu\/wp-content\/uploads\/2018\/03\/Halshuggning.gif\" alt=\"\" width=\"152\" height=\"134\" \/><\/p>\n<p>Bloggaren vet! Hon k\u00e4nner till <strong>Lena Mellin<\/strong> sen f\u00f6rr.\u00a0<img loading=\"lazy\" class=\"alignnone size-full wp-image-75189\" src=\"http:\/\/www.filindeblogg.nu\/wp-content\/uploads\/2018\/03\/Lena-Mellin.jpg\" alt=\"\" width=\"186\" height=\"186\" srcset=\"http:\/\/www.filindeblogg.nu\/wp-content\/uploads\/2018\/03\/Lena-Mellin.jpg 186w, http:\/\/www.filindeblogg.nu\/wp-content\/uploads\/2018\/03\/Lena-Mellin-150x150.jpg 150w, http:\/\/www.filindeblogg.nu\/wp-content\/uploads\/2018\/03\/Lena-Mellin-144x144.jpg 144w\" sizes=\"(max-width: 186px) 100vw, 186px\" \/> Bloggaren blev sj\u00e4lv utsatt f\u00f6r ett drev dygnet runt i samband med bildandet av <strong>Fi &#8211; Feministiskt initiativ<\/strong>. <img loading=\"lazy\" class=\"alignnone size-full wp-image-75190\" src=\"http:\/\/www.filindeblogg.nu\/wp-content\/uploads\/2018\/03\/Sussdrevet-2.jpg\" alt=\"\" width=\"200\" height=\"221\" \/><br \/>\nDet hj\u00e4lpte inte om vad bloggaren svarade. Journalisterna tolkade hennes ord som de sj\u00e4lva ville. <img loading=\"lazy\" class=\"alignnone size-medium wp-image-75191\" src=\"http:\/\/www.filindeblogg.nu\/wp-content\/uploads\/2018\/03\/Sussdrevet-136x300.jpg\" alt=\"\" width=\"136\" height=\"300\" srcset=\"http:\/\/www.filindeblogg.nu\/wp-content\/uploads\/2018\/03\/Sussdrevet-136x300.jpg 136w, http:\/\/www.filindeblogg.nu\/wp-content\/uploads\/2018\/03\/Sussdrevet.jpg 142w\" sizes=\"(max-width: 136px) 100vw, 136px\" \/> N\u00e4r bloggaren gick med sin dotter till skolan en morgon 2005 fanns Aftonbladets l\u00f6psedel utanf\u00f6r <strong>Kajs Tobak i Arboga<\/strong> med bara bloggarens ansikte och rubriken<strong><em> &#8221;Fi-ledare f\u00f6rs\u00e4kringsbedragare!&#8221;<\/em><\/strong><\/p>\n<p>Den alltid mindre nogr\u00e4knade <strong>F\u00f6rs\u00e4kringskassan<\/strong> gick p\u00e5 skvallerpressens linje och tog bort bloggarens sjukers\u00e4ttning. Bloggaren v\u00e4grade acceptera och drev fr\u00e5gan vidare. N\u00e4r hon vann i tingsr\u00e4tten skrev Aftonbladet ingenting&#8230;<br \/>\nBloggaren hade inte ljugit, var ingen bedragare &#8211; och fick tillbaka sin sjukpeng. Men det tyckte inte journalisterna var intressant att skriva om&#8230;<\/p>\n<p><img loading=\"lazy\" class=\"alignnone size-full wp-image-75193\" src=\"http:\/\/www.filindeblogg.nu\/wp-content\/uploads\/2018\/03\/Avr\u00e4ttning-2.jpg\" alt=\"\" width=\"97\" height=\"200\" \/> Det \u00e4r s\u00e5 den tredje statsmakten i Sverige avr\u00e4ttar folk!<\/p>\n<p>Tursamt nog tar nog inte de flesta som drabbas livet av sig &#8211; s\u00e5 inte heller bloggaren. Men man d\u00f6r kanske en smula \u00e4nd\u00e5 n\u00e4r man blir trampad p\u00e5, or\u00e4ttvist behandlad, uth\u00e4ngd och f\u00f6rtalad. N\u00e4r det inte g\u00e5r att f\u00f6rsvara sig. N\u00e4r vad man \u00e4n s\u00e4ger v\u00e4nds till ens nackdel. Och om man sen blir av med jobbet eller sin sjukpeng.<\/p>\n<p>Och detta med den tredje statsmaten &#8211; media &#8211; har bara blivit v\u00e4rre sedan allt g\u00e5r blixtsnabbt via internet. Lite om det kommer senare i bloggen.<\/p>\n<p>Bloggaren gillar allts\u00e5 inte drev &#8211; absolut inte! D\u00e4rf\u00f6r h\u00e4nger hon inte p\u00e5 metoo-drevet heller.<br \/>\nBloggaren \u00e4lskar m\u00e4n och anser att de allra flesta m\u00e4n \u00e4r hyggliga individer som respekterar m\u00e4nniskor och d\u00e5 \u00e4ven kvinnor&#8230;<\/p>\n<p>M\u00e4n \u00e4r dessutom kontaktbara &#8211; man kan f\u00f6ra en diskussion med de flesta av dom och d\u00e5 ta upp \u00e5sikter och beteenden som k\u00e4nns m\u00e4rkliga.<\/p>\n<p>M\u00e4n kan ocks\u00e5 \u00e4ndra sig. M\u00e4n som gjorde idiotiska saker f\u00f6r 20 \u00e5r sedan kan faktiskt ha l\u00e4rt sig ett och annat under \u00e5ren som g\u00e5tt.<\/p>\n<p>Via Metoo och m\u00e4rkligt t\u00e4nkande hos en del kvinnor som urholkar och f\u00f6rst\u00f6r ordet feminism kommer bloggaren in p\u00e5 just FEMINISM!<br \/>\nBloggaren kallar sig feminist. Hon \u00e4r f\u00f6r j\u00e4mst\u00e4lldhet och alla m\u00e4nniskors lika v\u00e4rde. D\u00e4rf\u00f6r v\u00e4grar hon att acceptera att detta skulle vara feminism! <img loading=\"lazy\" class=\"alignnone size-medium wp-image-75180\" src=\"http:\/\/www.filindeblogg.nu\/wp-content\/uploads\/2018\/03\/Alla-m\u00e4n-\u00e4r-v\u00e5ldt\u00e4ktsm\u00e4n-300x204.jpg\" alt=\"\" width=\"300\" height=\"204\" srcset=\"http:\/\/www.filindeblogg.nu\/wp-content\/uploads\/2018\/03\/Alla-m\u00e4n-\u00e4r-v\u00e5ldt\u00e4ktsm\u00e4n-300x204.jpg 300w, http:\/\/www.filindeblogg.nu\/wp-content\/uploads\/2018\/03\/Alla-m\u00e4n-\u00e4r-v\u00e5ldt\u00e4ktsm\u00e4n.jpg 321w\" sizes=\"(max-width: 300px) 100vw, 300px\" \/><\/p>\n<p>Bloggaren \u00e4r innerligt tr\u00f6tt p\u00e5 att feminism \u00e4r lika med manshat!<br \/>\n<img loading=\"lazy\" class=\"alignnone size-medium wp-image-75195\" src=\"http:\/\/www.filindeblogg.nu\/wp-content\/uploads\/2018\/03\/Kvinna-sl\u00e5r-man-Kopia-300x224.jpg\" alt=\"\" width=\"300\" height=\"224\" srcset=\"http:\/\/www.filindeblogg.nu\/wp-content\/uploads\/2018\/03\/Kvinna-sl\u00e5r-man-Kopia-300x224.jpg 300w, http:\/\/www.filindeblogg.nu\/wp-content\/uploads\/2018\/03\/Kvinna-sl\u00e5r-man-Kopia.jpg 359w\" sizes=\"(max-width: 300px) 100vw, 300px\" \/>Att feminism ska vara n\u00e5gon sorts h\u00e4mnd p\u00e5 ALLA m\u00e4n f\u00f6r of\u00f6rr\u00e4tter som drabbat en del kvinnor och som dessutom kan ha h\u00e4nt l\u00e5ngt tillbaka i tiden. Som n\u00e5gon form av arvsynd.<br \/>\nS\u00e5 n\u00e5r vi inte samarbete! S\u00e5 kommer vi inte fram\u00e5t! Att acceptera varandra och respektera varandras olikheter &#8211; s\u00e5 kan vi n\u00e5 ett f\u00f6r alla bra resultat.<\/p>\n<p><img loading=\"lazy\" class=\"size-medium wp-image-75196 aligncenter\" src=\"http:\/\/www.filindeblogg.nu\/wp-content\/uploads\/2018\/03\/Det-H\u00c4R-\u00e4r-feminism-223x300.jpg\" alt=\"\" width=\"223\" height=\"300\" srcset=\"http:\/\/www.filindeblogg.nu\/wp-content\/uploads\/2018\/03\/Det-H\u00c4R-\u00e4r-feminism-223x300.jpg 223w, http:\/\/www.filindeblogg.nu\/wp-content\/uploads\/2018\/03\/Det-H\u00c4R-\u00e4r-feminism.jpg 500w\" sizes=\"(max-width: 223px) 100vw, 223px\" \/><\/p>\n<p><img loading=\"lazy\" class=\"alignnone size-medium wp-image-75181\" src=\"http:\/\/www.filindeblogg.nu\/wp-content\/uploads\/2018\/03\/Feminism-ordet-300x61.jpg\" alt=\"\" width=\"300\" height=\"61\" srcset=\"http:\/\/www.filindeblogg.nu\/wp-content\/uploads\/2018\/03\/Feminism-ordet-300x61.jpg 300w, http:\/\/www.filindeblogg.nu\/wp-content\/uploads\/2018\/03\/Feminism-ordet.jpg 524w\" sizes=\"(max-width: 300px) 100vw, 300px\" \/>Feminister, ja. Det \u00e4r inte s\u00e4kert att vem som helst &#8221;f\u00e5r&#8221; kalla sig feminist heller &#8211; inte ens kvinnor&#8230; F\u00f6r andra, mer rabiata feminister (HU! F\u00e5r man skriva s\u00e5!!??), best\u00e4mmer vad som g\u00e4ller. <img loading=\"lazy\" class=\"alignnone size-medium wp-image-75182\" src=\"http:\/\/www.filindeblogg.nu\/wp-content\/uploads\/2018\/03\/RIktiga-feminister-bild-av-Fanny-\u00c5str\u00f6m-298x300.jpeg\" alt=\"\" width=\"298\" height=\"300\" srcset=\"http:\/\/www.filindeblogg.nu\/wp-content\/uploads\/2018\/03\/RIktiga-feminister-bild-av-Fanny-\u00c5str\u00f6m-298x300.jpeg 298w, http:\/\/www.filindeblogg.nu\/wp-content\/uploads\/2018\/03\/RIktiga-feminister-bild-av-Fanny-\u00c5str\u00f6m-150x150.jpeg 150w, http:\/\/www.filindeblogg.nu\/wp-content\/uploads\/2018\/03\/RIktiga-feminister-bild-av-Fanny-\u00c5str\u00f6m-144x144.jpeg 144w, http:\/\/www.filindeblogg.nu\/wp-content\/uploads\/2018\/03\/RIktiga-feminister-bild-av-Fanny-\u00c5str\u00f6m.jpeg 566w\" sizes=\"(max-width: 298px) 100vw, 298px\" \/>(Tecknat av <strong>Fanny \u00c5str\u00f6m<\/strong>)<\/p>\n<p><img loading=\"lazy\" class=\"alignnone  wp-image-75183\" src=\"http:\/\/www.filindeblogg.nu\/wp-content\/uploads\/2018\/03\/Hurra.jpg\" alt=\"\" width=\"175\" height=\"128\" \/>Hurra! F\u00f6r det finns andra kvinnor och feminister som tycker som bloggaren &#8211; d v s v\u00e4gra manshat f\u00f6r samarbete! H\u00e4r \u00e4r tv\u00e5!<strong> Cissi Wallin<\/strong>, svensk TV-och radioprofil: <img loading=\"lazy\" class=\"alignnone size-medium wp-image-75197\" src=\"http:\/\/www.filindeblogg.nu\/wp-content\/uploads\/2018\/03\/Cissi-Wallin-om-feminism-300x168.png\" alt=\"\" width=\"300\" height=\"168\" srcset=\"http:\/\/www.filindeblogg.nu\/wp-content\/uploads\/2018\/03\/Cissi-Wallin-om-feminism-300x168.png 300w, http:\/\/www.filindeblogg.nu\/wp-content\/uploads\/2018\/03\/Cissi-Wallin-om-feminism.png 633w\" sizes=\"(max-width: 300px) 100vw, 300px\" \/><\/p>\n<p><strong>Kate Nash<\/strong>, engelsk s\u00e5ngerska och musiker: <img loading=\"lazy\" class=\"alignnone size-full wp-image-75198\" src=\"http:\/\/www.filindeblogg.nu\/wp-content\/uploads\/2018\/03\/Feminism-av-Kate-Nash.jpg\" alt=\"\" width=\"269\" height=\"187\" \/><\/p>\n<p>Som feminist tycker bloggaren att J\u00c4MST\u00c4LLDHET MELLAN M\u00c4NNISKOR \u00e4r det viktiga!<br \/>\nM\u00c4NNISKOR &#8211; inte k\u00f6nstillh\u00f6righeter!<br \/>\n<img loading=\"lazy\" class=\"alignnone size-medium wp-image-75199\" src=\"http:\/\/www.filindeblogg.nu\/wp-content\/uploads\/2018\/03\/Gender-300x169.jpg\" alt=\"\" width=\"300\" height=\"169\" srcset=\"http:\/\/www.filindeblogg.nu\/wp-content\/uploads\/2018\/03\/Gender-300x169.jpg 300w, http:\/\/www.filindeblogg.nu\/wp-content\/uploads\/2018\/03\/Gender-768x432.jpg 768w, http:\/\/www.filindeblogg.nu\/wp-content\/uploads\/2018\/03\/Gender-1024x576.jpg 1024w, http:\/\/www.filindeblogg.nu\/wp-content\/uploads\/2018\/03\/Gender.jpg 1280w\" sizes=\"(max-width: 300px) 100vw, 300px\" \/>\u00a0Om man <a href=\"https:\/\/sv.wikipedia.org\/wiki\/Transgender\">googlar<\/a> p\u00e5 antalet gender\/k\u00f6nstillh\u00f6righeter s\u00e5 kan man f\u00e5 fram 63 stycken (!) eller \u00f6ver 100 ibland(!!).<br \/>\nOch om du anv\u00e4nder FEL ben\u00e4mning kommer du att bannas H\u00c5RT av de feministiska k\u00f6nstillh\u00f6righetspoliserna!<br \/>\nS\u00e5 h\u00e4r kan det se ut n\u00e4r man \u00e4r r\u00e4dd f\u00f6r k\u00f6nspolisen!? <img loading=\"lazy\" class=\"alignnone size-medium wp-image-75202\" src=\"http:\/\/www.filindeblogg.nu\/wp-content\/uploads\/2018\/03\/Feminism-IMG_6446-300x114.jpg\" alt=\"\" width=\"300\" height=\"114\" srcset=\"http:\/\/www.filindeblogg.nu\/wp-content\/uploads\/2018\/03\/Feminism-IMG_6446-300x114.jpg 300w, http:\/\/www.filindeblogg.nu\/wp-content\/uploads\/2018\/03\/Feminism-IMG_6446.jpg 750w\" sizes=\"(max-width: 300px) 100vw, 300px\" \/>\u00a0 <img loading=\"lazy\" class=\"alignnone  wp-image-75203\" src=\"http:\/\/www.filindeblogg.nu\/wp-content\/uploads\/2018\/03\/Stirrande-smiley.jpg\" alt=\"\" width=\"73\" height=\"73\" srcset=\"http:\/\/www.filindeblogg.nu\/wp-content\/uploads\/2018\/03\/Stirrande-smiley.jpg 225w, http:\/\/www.filindeblogg.nu\/wp-content\/uploads\/2018\/03\/Stirrande-smiley-150x150.jpg 150w, http:\/\/www.filindeblogg.nu\/wp-content\/uploads\/2018\/03\/Stirrande-smiley-144x144.jpg 144w\" sizes=\"(max-width: 73px) 100vw, 73px\" \/><\/p>\n<p><img loading=\"lazy\" class=\"alignnone size-medium wp-image-75204\" src=\"http:\/\/www.filindeblogg.nu\/wp-content\/uploads\/2018\/03\/FB-k\u00f6nstillh\u00f6righeter-56-300x168.jpg\" alt=\"\" width=\"300\" height=\"168\" \/>\u00a0I en <a href=\"https:\/\/www.aftonbladet.se\/nyheter\/article18360743.ab\">artikel<\/a> l\u00e4ser bloggaren att <em>&#8221;<strong>Facebook<\/strong> &#8221;godk\u00e4nner&#8221; 56 olika k\u00f6nstillh\u00f6righeter&#8221;<\/em>&#8230; Oh, my God&#8230;<\/p>\n<p><strong><img loading=\"lazy\" class=\"alignnone  wp-image-75205\" src=\"http:\/\/www.filindeblogg.nu\/wp-content\/uploads\/2018\/03\/WTF.jpg\" alt=\"\" width=\"95\" height=\"114\" \/>\u00a0VAD \u00c4R DET F\u00d6R TOKIGHETER!!<\/strong> Att trampa runt i denna s\u00f6rja ger inte mer j\u00e4mst\u00e4llda l\u00f6ner eller mindre kvinnomisshandel i Sverige!<br \/>\nDet minskar inte bortgifta sm\u00e5flickor och hedersv\u00e5ld &#8211; inte heller gruppv\u00e5ldt\u00e4kter i Indien eller i andra delar av v\u00e5r v\u00e4rld.<br \/>\nDet ger inte alla m\u00e4nniskor (ocks\u00e5 kvinnor!) r\u00f6str\u00e4tt och r\u00e4tt att f\u00f6ra sin egen talan!<\/p>\n<p>RESPEKTERA DIN MEDM\u00c4NNISKA OAVSETT\u00a0 &#8211; DET \u00c4R FEMINISM F\u00d6R BLOGGAREN! D\u00e5 g\u00f6r vi det hela betydligt enklare!<\/p>\n<p><img loading=\"lazy\" class=\"alignnone  wp-image-75200\" src=\"http:\/\/www.filindeblogg.nu\/wp-content\/uploads\/2018\/03\/Facebook.png\" alt=\"\" width=\"147\" height=\"147\" srcset=\"http:\/\/www.filindeblogg.nu\/wp-content\/uploads\/2018\/03\/Facebook.png 225w, http:\/\/www.filindeblogg.nu\/wp-content\/uploads\/2018\/03\/Facebook-150x150.png 150w, http:\/\/www.filindeblogg.nu\/wp-content\/uploads\/2018\/03\/Facebook-144x144.png 144w\" sizes=\"(max-width: 147px) 100vw, 147px\" \/> <strong>Facebook,<\/strong> ja! D\u00e5 kommer bloggaren in p\u00e5 \u00e4nnu ett \u00e4mne som hon \u00e4r skittr\u00f6tt p\u00e5! Facebook som med rapidfart skvallrar runt rykten bland dina v\u00e4nner och som avr\u00e4ttar folk via kv\u00e4llspressen.<\/p>\n<p>Facebook som har gjort en del beroende! <img loading=\"lazy\" class=\"alignnone size-medium wp-image-75201\" src=\"http:\/\/www.filindeblogg.nu\/wp-content\/uploads\/2018\/03\/FACEBOOKBEROENDE-281x300.jpg\" alt=\"\" width=\"281\" height=\"300\" srcset=\"http:\/\/www.filindeblogg.nu\/wp-content\/uploads\/2018\/03\/FACEBOOKBEROENDE-281x300.jpg 281w, http:\/\/www.filindeblogg.nu\/wp-content\/uploads\/2018\/03\/FACEBOOKBEROENDE.jpg 768w\" sizes=\"(max-width: 281px) 100vw, 281px\" \/><strong>S\u00c5 SJUKT!!<\/strong><br \/>\nArtikeln i <strong>DN<\/strong> kom upp i samband med att Facebook hamnat i bl\u00e5sv\u00e4der f\u00f6r att man samlar och vidarebefordrar privat information. L\u00e4s <a href=\"https:\/\/www.dn.se\/ekonomi\/den-som-inte-har-facebook-hamnar-utanfor\/\"><strong>H\u00c4R!<\/strong><\/a><br \/>\nOm <strong>Cambridge Analytica<\/strong>, kan du l\u00e4sa <a href=\"https:\/\/www.dn.se\/ekonomi\/cambridge-analytica-skandalen-detta-har-hant\/\"><strong>H\u00c4R<\/strong><\/a> i <strong>Dagens Nyheter<\/strong>!<\/p>\n<p>Ur artikeln, citat: <em>&#8221;Den aktuella anklagelsen mot Cambridge Analytica \u00e4r att man sedan 2014 samlat in uppskattningsvis 50 miljoner Facebook-anv\u00e4ndares uppgifter.&#8221;<\/em><\/p>\n<p><strong>Prova att st\u00e4nga av Facebook ett tag! Det kommer att g\u00f6ra dig S\u00c5 GOTT! Logga inte in, helt enkelt!<br \/>\nLev ditt liv utanf\u00f6r datorv\u00e4rlden och internet! Det g\u00e5r faktiskt!!\u00a0<img loading=\"lazy\" class=\"alignnone  wp-image-73516\" src=\"http:\/\/www.filindeblogg.nu\/wp-content\/uploads\/2018\/01\/Himla-med-\u00f6gonen-smiley.jpg\" alt=\"\" width=\"82\" height=\"72\" \/><\/strong><\/p>\n<p>Skittr\u00f6tt p\u00e5 mer!! Ja, ett \u00e4mne som n\u00e5gra som l\u00e4ser bloggen kanske k\u00e4nner igen. Lokaltidningen som inte \u00e4r lokal&#8230; <img loading=\"lazy\" class=\"alignnone  wp-image-75206\" src=\"http:\/\/www.filindeblogg.nu\/wp-content\/uploads\/2018\/03\/bblat.png\" alt=\"\" width=\"126\" height=\"126\" srcset=\"http:\/\/www.filindeblogg.nu\/wp-content\/uploads\/2018\/03\/bblat.png 225w, http:\/\/www.filindeblogg.nu\/wp-content\/uploads\/2018\/03\/bblat-150x150.png 150w, http:\/\/www.filindeblogg.nu\/wp-content\/uploads\/2018\/03\/bblat-144x144.png 144w\" sizes=\"(max-width: 126px) 100vw, 126px\" \/><\/p>\n<p>F\u00f6r drygt en vecka sedan, l\u00f6rdagen den 17 mars, var det 10 \u00e5r sedan en fruktansv\u00e4rd h\u00e4ndelse intr\u00e4ffade i <strong>Arboga<\/strong>. Ett brutalt mord p\u00e5 tv\u00e5 sm\u00e5 barn och mordf\u00f6rs\u00f6k p\u00e5 deras mamma. En h\u00e4ndelse som skakade hela Sverige och fick alla att k\u00e4nna till vad <em>&#8221;Arbogamorden&#8221;<\/em>\u00a0<img loading=\"lazy\" class=\"alignnone  wp-image-75207\" src=\"http:\/\/www.filindeblogg.nu\/wp-content\/uploads\/2018\/03\/Ondskan-tyskan-207x300.jpg\" alt=\"\" width=\"146\" height=\"212\" srcset=\"http:\/\/www.filindeblogg.nu\/wp-content\/uploads\/2018\/03\/Ondskan-tyskan-207x300.jpg 207w, http:\/\/www.filindeblogg.nu\/wp-content\/uploads\/2018\/03\/Ondskan-tyskan.jpg 320w\" sizes=\"(max-width: 146px) 100vw, 146px\" \/> betyder<br \/>\n&#8211; liksom <em>&#8221;Arbogamamman&#8221;<\/em>. <img loading=\"lazy\" class=\"alignnone size-full wp-image-75208\" src=\"http:\/\/www.filindeblogg.nu\/wp-content\/uploads\/2018\/03\/Arbogamamman.jpg\" alt=\"\" width=\"275\" height=\"183\" \/><\/p>\n<p>10-\u00e5rsdagen uppm\u00e4rksammades av m\u00e5nga som samlades till minne av <strong>Max och Saga<\/strong>. Men lokala <strong>Arboga Tidning<\/strong> s\u00e5g ut s\u00e5 h\u00e4r m\u00e5ndagen efter: <img loading=\"lazy\" class=\"alignnone size-medium wp-image-75209\" src=\"http:\/\/www.filindeblogg.nu\/wp-content\/uploads\/2018\/03\/Lokaltidn-1-IMG_6449-225x300.jpg\" alt=\"\" width=\"225\" height=\"300\" srcset=\"http:\/\/www.filindeblogg.nu\/wp-content\/uploads\/2018\/03\/Lokaltidn-1-IMG_6449-225x300.jpg 225w, http:\/\/www.filindeblogg.nu\/wp-content\/uploads\/2018\/03\/Lokaltidn-1-IMG_6449.jpg 480w\" sizes=\"(max-width: 225px) 100vw, 225px\" \/> Ingenting p\u00e5 f\u00f6rstasidan om minnesh\u00f6gtiden f\u00f6r tv\u00e5 sm\u00e5 m\u00f6rdade barn fr\u00e5n Arboga. Man fick bl\u00e4ddra m\u00e5nga sidor in i tidningen f\u00f6r att hitta halvsidan. <img loading=\"lazy\" class=\"alignnone size-medium wp-image-75210\" src=\"http:\/\/www.filindeblogg.nu\/wp-content\/uploads\/2018\/03\/Lokaltidn-2-IMG_6450-300x225.jpg\" alt=\"\" width=\"300\" height=\"225\" srcset=\"http:\/\/www.filindeblogg.nu\/wp-content\/uploads\/2018\/03\/Lokaltidn-2-IMG_6450-300x225.jpg 300w, http:\/\/www.filindeblogg.nu\/wp-content\/uploads\/2018\/03\/Lokaltidn-2-IMG_6450.jpg 640w\" sizes=\"(max-width: 300px) 100vw, 300px\" \/><br \/>\nDet kallar inte bloggaren en &#8221;lokal tidning&#8221;!<\/p>\n<p><img loading=\"lazy\" class=\"alignnone size-medium wp-image-75211\" src=\"http:\/\/www.filindeblogg.nu\/wp-content\/uploads\/2018\/03\/Lokaltidn-4-IMG_6452-225x300.jpg\" alt=\"\" width=\"225\" height=\"300\" srcset=\"http:\/\/www.filindeblogg.nu\/wp-content\/uploads\/2018\/03\/Lokaltidn-4-IMG_6452-225x300.jpg 225w, http:\/\/www.filindeblogg.nu\/wp-content\/uploads\/2018\/03\/Lokaltidn-4-IMG_6452.jpg 480w\" sizes=\"(max-width: 225px) 100vw, 225px\" \/>\u00a0Detta som p\u00e5g\u00e5r med Arboga Tidning g\u00f6r det l\u00e4ttare att acceptera att stan inte l\u00e4ngre har n\u00e5gon lokaltidning. Man gl\u00f6mmer bort den n\u00e4r den varken k\u00e4nns lokal l\u00e4ngre eller kommer varje dag.<br \/>\nDet h\u00e4nder faktiskt att man helt gl\u00f6mmer bort att titta i den. Den blir liggande d\u00e4r p\u00e5 bordet &#8211; ointressant. <img loading=\"lazy\" class=\"alignnone size-medium wp-image-75212\" src=\"http:\/\/www.filindeblogg.nu\/wp-content\/uploads\/2018\/03\/Lokaltidn-3-IMG_6451-225x300.jpg\" alt=\"\" width=\"225\" height=\"300\" srcset=\"http:\/\/www.filindeblogg.nu\/wp-content\/uploads\/2018\/03\/Lokaltidn-3-IMG_6451-225x300.jpg 225w, http:\/\/www.filindeblogg.nu\/wp-content\/uploads\/2018\/03\/Lokaltidn-3-IMG_6451.jpg 480w\" sizes=\"(max-width: 225px) 100vw, 225px\" \/> Det finns ju \u00e4nd\u00e5 inte mycket lokalt i tidningen. S\u00e5 vem bryr sig?? <img loading=\"lazy\" class=\"alignnone size-medium wp-image-75213\" src=\"http:\/\/www.filindeblogg.nu\/wp-content\/uploads\/2018\/03\/Lokaltidn-5-IMG_6453-225x300.jpg\" alt=\"\" width=\"225\" height=\"300\" srcset=\"http:\/\/www.filindeblogg.nu\/wp-content\/uploads\/2018\/03\/Lokaltidn-5-IMG_6453-225x300.jpg 225w, http:\/\/www.filindeblogg.nu\/wp-content\/uploads\/2018\/03\/Lokaltidn-5-IMG_6453.jpg 480w\" sizes=\"(max-width: 225px) 100vw, 225px\" \/> Den f\u00e5r g\u00e5 r\u00e4tt i kassen f\u00f6r \u00e5tervinning!<\/p>\n<p>Inget f\u00f6rnyande av prenumerationen \u00e4r aktuellt. Bloggaren \u00e4r skittr\u00f6tt p\u00e5 fakeblaskan!<\/p>\n<p>Bloggaren \u00e4r dock en r\u00e4ttvis person.En artikel i tidningen har hon tyckt om p\u00e5 senare tid. Den h\u00e4r: <img loading=\"lazy\" class=\"alignnone size-medium wp-image-75214\" src=\"http:\/\/www.filindeblogg.nu\/wp-content\/uploads\/2018\/03\/Varg-nyhet-205x300.jpg\" alt=\"\" width=\"205\" height=\"300\" srcset=\"http:\/\/www.filindeblogg.nu\/wp-content\/uploads\/2018\/03\/Varg-nyhet-205x300.jpg 205w, http:\/\/www.filindeblogg.nu\/wp-content\/uploads\/2018\/03\/Varg-nyhet.jpg 438w\" sizes=\"(max-width: 205px) 100vw, 205px\" \/> Vargen \u00f6verlevde den sjuka licensjakten! Det h\u00e4nde sig i och f\u00f6r sig i<strong> Kolsva<\/strong> &#8211; men orten ligger n\u00e4stg\u00e5rds. <img loading=\"lazy\" class=\"alignnone size-full wp-image-75215\" src=\"http:\/\/www.filindeblogg.nu\/wp-content\/uploads\/2018\/03\/Varg.jpg\" alt=\"\" width=\"190\" height=\"188\" \/><img loading=\"lazy\" class=\"alignnone size-full wp-image-75183\" src=\"http:\/\/www.filindeblogg.nu\/wp-content\/uploads\/2018\/03\/Hurra.jpg\" alt=\"\" width=\"262\" height=\"192\" \/><\/p>\n<p>Lite annat lokalt som bloggaren gillar f\u00e5s via <strong>Magazin24<\/strong>. Det h\u00e4r: <img loading=\"lazy\" class=\"alignnone size-medium wp-image-75217\" src=\"http:\/\/www.filindeblogg.nu\/wp-content\/uploads\/2018\/03\/P\u00e5sk-IMG_1872-225x300.png\" alt=\"\" width=\"225\" height=\"300\" srcset=\"http:\/\/www.filindeblogg.nu\/wp-content\/uploads\/2018\/03\/P\u00e5sk-IMG_1872-225x300.png 225w, http:\/\/www.filindeblogg.nu\/wp-content\/uploads\/2018\/03\/P\u00e5sk-IMG_1872.png 480w\" sizes=\"(max-width: 225px) 100vw, 225px\" \/> Att <strong>Arboga kommun<\/strong> avst\u00e5r fr\u00e5n fj\u00e4drar i sina p\u00e5skris av djuretiska sk\u00e4l. S\u00e5nt gillas!<br \/>\nMen det var allts\u00e5 <a href=\"https:\/\/www.magazin24.se\/\"><strong>Magazin24<\/strong> <\/a>som levererade den nyheten till bloggaren.<\/p>\n<p><img loading=\"lazy\" class=\"alignnone  wp-image-75218\" src=\"http:\/\/www.filindeblogg.nu\/wp-content\/uploads\/2018\/03\/Bubblan-ensam-tjej-300x261.jpg\" alt=\"\" width=\"182\" height=\"158\" srcset=\"http:\/\/www.filindeblogg.nu\/wp-content\/uploads\/2018\/03\/Bubblan-ensam-tjej-300x261.jpg 300w, http:\/\/www.filindeblogg.nu\/wp-content\/uploads\/2018\/03\/Bubblan-ensam-tjej.jpg 692w\" sizes=\"(max-width: 182px) 100vw, 182px\" \/> Ni m\u00e4rker kanske att bloggaren b\u00f6rjar glutta ut fr\u00e5n sin bubbla igen. Det \u00e4r lite mera fart p\u00e5 henne s\u00e5 att s\u00e4ga &#8211; och v\u00e4ldigt mycket som hon vill ha sagt&#8230;<br \/>\nUtbr\u00e4ndhet och f\u00f6r m\u00e5nga ledsamma h\u00e4ndelser kan f\u00e5 bloggaren att rasa ihop. D\u00e5 \u00e4r det sk\u00f6nt &#8211; och dessutom n\u00f6dv\u00e4ndigt &#8211; att st\u00e4nga av. Koppla ur, koppla av och g\u00e5 in i en skyddande bubbla.<\/p>\n<p>Men det finns hopp! Precis som n\u00e4r det g\u00e4ller v\u00e5ren! F\u00f6r s\u00e5 h\u00e4r s\u00e5g det ut i <strong>Chinatown<\/strong> p\u00e5 f\u00f6rmiddagen. <img loading=\"lazy\" class=\"alignnone size-medium wp-image-75219\" src=\"http:\/\/www.filindeblogg.nu\/wp-content\/uploads\/2018\/03\/Chinatown-IMG_1911-224x300.jpg\" alt=\"\" width=\"224\" height=\"300\" srcset=\"http:\/\/www.filindeblogg.nu\/wp-content\/uploads\/2018\/03\/Chinatown-IMG_1911-224x300.jpg 224w, http:\/\/www.filindeblogg.nu\/wp-content\/uploads\/2018\/03\/Chinatown-IMG_1911.jpg 478w\" sizes=\"(max-width: 224px) 100vw, 224px\" \/> Nu ser man ju grusg\u00e5ngen och himlen skymtar bl\u00e5!<\/p>\n<p>G\u00e5ngv\u00e4gen mot garagen &#8211; d\u00e4r har is och sn\u00f6 sm\u00e4lt! Hurra! <img loading=\"lazy\" class=\"alignnone size-medium wp-image-75220\" src=\"http:\/\/www.filindeblogg.nu\/wp-content\/uploads\/2018\/03\/Chinatown-25-mars-18-224x300.jpg\" alt=\"\" width=\"224\" height=\"300\" srcset=\"http:\/\/www.filindeblogg.nu\/wp-content\/uploads\/2018\/03\/Chinatown-25-mars-18-224x300.jpg 224w, http:\/\/www.filindeblogg.nu\/wp-content\/uploads\/2018\/03\/Chinatown-25-mars-18.jpg 478w\" sizes=\"(max-width: 224px) 100vw, 224px\" \/><\/p>\n<p>Och f\u00f6r bloggaren som har huvudet lite under armen just nu s\u00e5 l\u00e5g den h\u00e4r lappen p\u00e5 nattduksbordet&#8230; <img loading=\"lazy\" class=\"alignnone size-medium wp-image-75221\" src=\"http:\/\/www.filindeblogg.nu\/wp-content\/uploads\/2018\/03\/Sommartid-IMG_1910-224x300.jpg\" alt=\"\" width=\"224\" height=\"300\" srcset=\"http:\/\/www.filindeblogg.nu\/wp-content\/uploads\/2018\/03\/Sommartid-IMG_1910-224x300.jpg 224w, http:\/\/www.filindeblogg.nu\/wp-content\/uploads\/2018\/03\/Sommartid-IMG_1910.jpg 478w\" sizes=\"(max-width: 224px) 100vw, 224px\" \/><\/p>\n<p>Bloggen avklarad! Bloggaren har gjort sig av med en hel del av det som legat och pyrt och som hon \u00e4r SKITTR\u00d6TT p\u00e5! Men det finns mer &#8211; gissa om det finns mer&#8230; <img loading=\"lazy\" class=\"alignnone  wp-image-73516\" src=\"http:\/\/www.filindeblogg.nu\/wp-content\/uploads\/2018\/01\/Himla-med-\u00f6gonen-smiley.jpg\" alt=\"\" width=\"87\" height=\"76\" \/><img loading=\"lazy\" class=\"alignnone  wp-image-74628\" src=\"http:\/\/www.filindeblogg.nu\/wp-content\/uploads\/2018\/03\/Blinkande-smiley.jpg\" alt=\"\" width=\"74\" height=\"74\" srcset=\"http:\/\/www.filindeblogg.nu\/wp-content\/uploads\/2018\/03\/Blinkande-smiley.jpg 225w, http:\/\/www.filindeblogg.nu\/wp-content\/uploads\/2018\/03\/Blinkande-smiley-150x150.jpg 150w, http:\/\/www.filindeblogg.nu\/wp-content\/uploads\/2018\/03\/Blinkande-smiley-144x144.jpg 144w\" sizes=\"(max-width: 74px) 100vw, 74px\" \/><\/p>\n<p>Ha en fin s\u00f6ndag! Imorgon \u00e4r en annan dag.\u00a0<img loading=\"lazy\" class=\"alignnone size-medium wp-image-75259\" src=\"http:\/\/www.filindeblogg.nu\/wp-content\/uploads\/2018\/03\/Suss-i-ljus-Kopia-230x300.jpg\" alt=\"\" width=\"230\" height=\"300\" srcset=\"http:\/\/www.filindeblogg.nu\/wp-content\/uploads\/2018\/03\/Suss-i-ljus-Kopia-230x300.jpg 230w, http:\/\/www.filindeblogg.nu\/wp-content\/uploads\/2018\/03\/Suss-i-ljus-Kopia.jpg 533w\" sizes=\"(max-width: 230px) 100vw, 230px\" \/>\u00a0 D\u00e5 m\u00e5r nog bloggaren \u00e4nnu b\u00e4ttre och kan b\u00f6rja leva efter den vanliga devisen&#8230; <img loading=\"lazy\" class=\"alignnone  wp-image-75222\" src=\"http:\/\/www.filindeblogg.nu\/wp-content\/uploads\/2018\/03\/D\u00f6rren-2-IMG_1917-300x218.jpg\" alt=\"\" width=\"378\" height=\"275\" srcset=\"http:\/\/www.filindeblogg.nu\/wp-content\/uploads\/2018\/03\/D\u00f6rren-2-IMG_1917-300x218.jpg 300w, http:\/\/www.filindeblogg.nu\/wp-content\/uploads\/2018\/03\/D\u00f6rren-2-IMG_1917.jpg 304w\" sizes=\"(max-width: 378px) 100vw, 378px\" \/>\u00a0\u00a0\u00a0 <strong>WATCH ME!!!<\/strong><\/p>\n<p><img loading=\"lazy\" class=\"alignnone  wp-image-75223\" src=\"http:\/\/www.filindeblogg.nu\/wp-content\/uploads\/2018\/03\/Rytande-lejon-2-300x225.jpg\" alt=\"\" width=\"228\" height=\"171\" srcset=\"http:\/\/www.filindeblogg.nu\/wp-content\/uploads\/2018\/03\/Rytande-lejon-2-300x225.jpg 300w, http:\/\/www.filindeblogg.nu\/wp-content\/uploads\/2018\/03\/Rytande-lejon-2-768x576.jpg 768w, http:\/\/www.filindeblogg.nu\/wp-content\/uploads\/2018\/03\/Rytande-lejon-2.jpg 989w\" sizes=\"(max-width: 228px) 100vw, 228px\" \/><img loading=\"lazy\" class=\"alignnone  wp-image-75224\" src=\"http:\/\/www.filindeblogg.nu\/wp-content\/uploads\/2018\/03\/Grrrr-300x135.png\" alt=\"\" width=\"249\" height=\"112\" srcset=\"http:\/\/www.filindeblogg.nu\/wp-content\/uploads\/2018\/03\/Grrrr-300x135.png 300w, http:\/\/www.filindeblogg.nu\/wp-content\/uploads\/2018\/03\/Grrrr-768x345.png 768w, http:\/\/www.filindeblogg.nu\/wp-content\/uploads\/2018\/03\/Grrrr.png 896w\" sizes=\"(max-width: 249px) 100vw, 249px\" \/><\/p>\n<p>Pussar och kramar till dom som beh\u00f6ver! V\u00e4rsta sm\u00e4llkyssen till \u00c4lskling &#8211; sj\u00e4lvklart! <img loading=\"lazy\" class=\"alignnone  wp-image-74960\" src=\"http:\/\/www.filindeblogg.nu\/wp-content\/uploads\/2018\/03\/Puss.png\" alt=\"\" width=\"44\" height=\"36\" \/><\/p>\n<p>Vi ses &#8211; om ni v\u00e5gar! \ud83d\ude09 <img loading=\"lazy\" class=\"alignnone size-full wp-image-75225\" src=\"http:\/\/www.filindeblogg.nu\/wp-content\/uploads\/2018\/03\/Tigervr\u00e5l.jpg\" alt=\"\" width=\"222\" height=\"227\" \/><\/p>\n<p>&nbsp;<\/p>\n<p>&nbsp;<\/p>\n<p>&nbsp;<\/p>\n<p>&nbsp;<\/p>\n","protected":false},"excerpt":{"rendered":"<p>S\u00c5\u00c5\u00c5\u00c5 SKITTR\u00d6TT!!! S\u00e5 k\u00e4nner man sig ibland. I alla fall g\u00f6r bloggaren det. N\u00e4r det rinner \u00f6ver. N\u00e4r det blir F\u00d6R mycket. Och d\u00e5 talar inte bloggaren om utbr\u00e4ndhet den h\u00e4r g\u00e5ngen. Det handlar ist\u00e4llet om n\u00e4r vissa f\u00f6reteelser blir too much. SKITTR\u00d6TT! Skittr\u00f6tt p\u00e5 feminister! Skittr\u00f6tt p\u00e5 &#8221;lokaltidningen&#8221;! Skittr\u00f6tt p\u00e5 en hel del annat! [&hellip;]<\/p>\n","protected":false},"author":1,"featured_media":0,"comment_status":"open","ping_status":"open","sticky":false,"template":"","format":"standard","meta":[],"categories":[1,127,131,222,121,137,243,100,160,132,235,151,101,105,198],"tags":[],"_links":{"self":[{"href":"http:\/\/www.filindeblogg.nu\/index.php?rest_route=\/wp\/v2\/posts\/75125"}],"collection":[{"href":"http:\/\/www.filindeblogg.nu\/index.php?rest_route=\/wp\/v2\/posts"}],"about":[{"href":"http:\/\/www.filindeblogg.nu\/index.php?rest_route=\/wp\/v2\/types\/post"}],"author":[{"embeddable":true,"href":"http:\/\/www.filindeblogg.nu\/index.php?rest_route=\/wp\/v2\/users\/1"}],"replies":[{"embeddable":true,"href":"http:\/\/www.filindeblogg.nu\/index.php?rest_route=%2Fwp%2Fv2%2Fcomments&post=75125"}],"version-history":[{"count":43,"href":"http:\/\/www.filindeblogg.nu\/index.php?rest_route=\/wp\/v2\/posts\/75125\/revisions"}],"predecessor-version":[{"id":75269,"href":"http:\/\/www.filindeblogg.nu\/index.php?rest_route=\/wp\/v2\/posts\/75125\/revisions\/75269"}],"wp:attachment":[{"href":"http:\/\/www.filindeblogg.nu\/index.php?rest_route=%2Fwp%2Fv2%2Fmedia&parent=75125"}],"wp:term":[{"taxonomy":"category","embeddable":true,"href":"http:\/\/www.filindeblogg.nu\/index.php?rest_route=%2Fwp%2Fv2%2Fcategories&post=75125"},{"taxonomy":"post_tag","embeddable":true,"href":"http:\/\/www.filindeblogg.nu\/index.php?rest_route=%2Fwp%2Fv2%2Ftags&post=75125"}],"curies":[{"name":"wp","href":"https:\/\/api.w.org\/{rel}","templated":true}]}}