{"id":74928,"date":"2018-03-17T15:17:35","date_gmt":"2018-03-17T14:17:35","guid":{"rendered":"http:\/\/www.filindeblogg.nu\/?p=74928"},"modified":"2018-03-17T15:17:35","modified_gmt":"2018-03-17T14:17:35","slug":"hur-vagar-du","status":"publish","type":"post","link":"http:\/\/www.filindeblogg.nu\/?p=74928","title":{"rendered":"HUR V\u00c5GAR DU????"},"content":{"rendered":"<p><img loading=\"lazy\" class=\"alignnone size-medium wp-image-74929\" src=\"http:\/\/www.filindeblogg.nu\/wp-content\/uploads\/2018\/03\/Hur-v\u00e5gar-du-300x69.jpg\" alt=\"\" width=\"300\" height=\"69\" srcset=\"http:\/\/www.filindeblogg.nu\/wp-content\/uploads\/2018\/03\/Hur-v\u00e5gar-du-300x69.jpg 300w, http:\/\/www.filindeblogg.nu\/wp-content\/uploads\/2018\/03\/Hur-v\u00e5gar-du.jpg 510w\" sizes=\"(max-width: 300px) 100vw, 300px\" \/><\/p>\n<p><img loading=\"lazy\" class=\"alignnone size-medium wp-image-74930\" src=\"http:\/\/www.filindeblogg.nu\/wp-content\/uploads\/2018\/03\/Klockan-tickar-ner-300x123.jpg\" alt=\"\" width=\"300\" height=\"123\" srcset=\"http:\/\/www.filindeblogg.nu\/wp-content\/uploads\/2018\/03\/Klockan-tickar-ner-300x123.jpg 300w, http:\/\/www.filindeblogg.nu\/wp-content\/uploads\/2018\/03\/Klockan-tickar-ner.jpg 660w\" sizes=\"(max-width: 300px) 100vw, 300px\" \/>\u00a0Idag handlar bloggen om den tickande klockan. Om tid!<br \/>\nTid som vi tror vi har obegr\u00e4nsat av &#8211; vilket inte \u00e4r sant.<br \/>\nN\u00e4r vi \u00e4r unga tror vi att vi \u00e4r od\u00f6dliga men ju mer tiden g\u00e5r och vi m\u00e5ste uppleva hur far- och morf\u00f6r\u00e4ldrar d\u00f6r, hur de egna f\u00f6r\u00e4ldrarna l\u00e4mnar jordelivet och \u00e4ven v\u00e4nner och bekanta g\u00e5r bort &#8211; s\u00e5 b\u00f6rjar det sl\u00e5 en:<\/p>\n<p>Allt har ett slut! <img loading=\"lazy\" class=\"alignnone size-full wp-image-74932\" src=\"http:\/\/www.filindeblogg.nu\/wp-content\/uploads\/2018\/03\/You-are-going-to-die.jpg\" alt=\"\" width=\"224\" height=\"225\" srcset=\"http:\/\/www.filindeblogg.nu\/wp-content\/uploads\/2018\/03\/You-are-going-to-die.jpg 224w, http:\/\/www.filindeblogg.nu\/wp-content\/uploads\/2018\/03\/You-are-going-to-die-150x150.jpg 150w, http:\/\/www.filindeblogg.nu\/wp-content\/uploads\/2018\/03\/You-are-going-to-die-144x144.jpg 144w\" sizes=\"(max-width: 224px) 100vw, 224px\" \/><\/p>\n<p><img loading=\"lazy\" class=\"alignnone  wp-image-74931\" src=\"http:\/\/www.filindeblogg.nu\/wp-content\/uploads\/2018\/03\/Sv\u00e5rt-sjuk-kvinna-300x201.jpg\" alt=\"\" width=\"201\" height=\"135\" srcset=\"http:\/\/www.filindeblogg.nu\/wp-content\/uploads\/2018\/03\/Sv\u00e5rt-sjuk-kvinna-300x201.jpg 300w, http:\/\/www.filindeblogg.nu\/wp-content\/uploads\/2018\/03\/Sv\u00e5rt-sjuk-kvinna.jpg 390w\" sizes=\"(max-width: 201px) 100vw, 201px\" \/> F\u00f6r n\u00e5gra m\u00e5nader sedan m\u00f6tte bloggaren en gammal v\u00e4n helt aprop\u00e5. Hon \u00e4r i bloggarens egen \u00e5lder, kanske n\u00e5gra \u00e5r yngre och vi har haft mycket roligt tillsammans f\u00f6rr i v\u00e4rlden. Nu hade vi inte setts p\u00e5 ett tag. Det som f\u00f6rst slog bloggaren var hur t\u00e4rd och blek v\u00e4nnen s\u00e5g ut. &#8221;D\u00f6dsm\u00e4rkt&#8221; &#8211; for det genom bloggarens huvud.<\/p>\n<p>Det v\u00e4nnen ber\u00e4ttade gjorde bloggaren stum. Kvinnan levde p\u00e5 &#8221;l\u00e5nad tid&#8221;. En sv\u00e5r och obotlig sjukdom g\u00f6r att hennes liv h\u00e4r p\u00e5 jorden v\u00e4ldigt snart \u00e4r till \u00e4nda.<\/p>\n<p>Massor av tankar for genom bloggarens huvud. Sorg och f\u00f6rtvivlan men ocks\u00e5 frustration. En oro \u00f6ver att inte hinna med allt. Inte hinna s\u00e4ga allt man vill ha sagt och inte hinna g\u00f6ra allt man vill ha gjort.<\/p>\n<p>H\u00e4r nedan f\u00f6ljer lite av den frustration som satte an bloggaren!<\/p>\n<p><img loading=\"lazy\" class=\"alignnone  wp-image-74930\" src=\"http:\/\/www.filindeblogg.nu\/wp-content\/uploads\/2018\/03\/Klockan-tickar-ner-300x123.jpg\" alt=\"\" width=\"161\" height=\"66\" srcset=\"http:\/\/www.filindeblogg.nu\/wp-content\/uploads\/2018\/03\/Klockan-tickar-ner-300x123.jpg 300w, http:\/\/www.filindeblogg.nu\/wp-content\/uploads\/2018\/03\/Klockan-tickar-ner.jpg 660w\" sizes=\"(max-width: 161px) 100vw, 161px\" \/><img loading=\"lazy\" class=\"alignnone  wp-image-74929\" src=\"http:\/\/www.filindeblogg.nu\/wp-content\/uploads\/2018\/03\/Hur-v\u00e5gar-du-300x69.jpg\" alt=\"\" width=\"191\" height=\"44\" srcset=\"http:\/\/www.filindeblogg.nu\/wp-content\/uploads\/2018\/03\/Hur-v\u00e5gar-du-300x69.jpg 300w, http:\/\/www.filindeblogg.nu\/wp-content\/uploads\/2018\/03\/Hur-v\u00e5gar-du.jpg 510w\" sizes=\"(max-width: 191px) 100vw, 191px\" \/>Klockan tickar p\u00e5 &#8211; tiden g\u00e5r. HUR V\u00c5GAR DU ta risker den dag som idag \u00e4r &#8211; och som kan vara din sista?<\/p>\n<p><img loading=\"lazy\" class=\"alignnone  wp-image-74937\" src=\"http:\/\/www.filindeblogg.nu\/wp-content\/uploads\/2018\/03\/Br\u00e5kande-par-med-barn-300x225.jpg\" alt=\"\" width=\"193\" height=\"145\" srcset=\"http:\/\/www.filindeblogg.nu\/wp-content\/uploads\/2018\/03\/Br\u00e5kande-par-med-barn-300x225.jpg 300w, http:\/\/www.filindeblogg.nu\/wp-content\/uploads\/2018\/03\/Br\u00e5kande-par-med-barn.jpg 639w\" sizes=\"(max-width: 193px) 100vw, 193px\" \/>\u00a0HUR V\u00c5GAR DU riskera att g\u00f6ra n\u00e5gon illa denna dag? Vad vet du om vad som v\u00e4ntar runt h\u00f6rnet? <img loading=\"lazy\" class=\"alignnone  wp-image-74936\" src=\"http:\/\/www.filindeblogg.nu\/wp-content\/uploads\/2018\/03\/Sjuk-ung-man-i-s\u00e4ng-3-300x264.jpg\" alt=\"\" width=\"188\" height=\"165\" srcset=\"http:\/\/www.filindeblogg.nu\/wp-content\/uploads\/2018\/03\/Sjuk-ung-man-i-s\u00e4ng-3-300x264.jpg 300w, http:\/\/www.filindeblogg.nu\/wp-content\/uploads\/2018\/03\/Sjuk-ung-man-i-s\u00e4ng-3.jpg 602w\" sizes=\"(max-width: 188px) 100vw, 188px\" \/><\/p>\n<p><img loading=\"lazy\" class=\"alignnone  wp-image-74939\" src=\"http:\/\/www.filindeblogg.nu\/wp-content\/uploads\/2018\/03\/Br\u00e5kande-par-300x204.jpg\" alt=\"\" width=\"229\" height=\"156\" srcset=\"http:\/\/www.filindeblogg.nu\/wp-content\/uploads\/2018\/03\/Br\u00e5kande-par-300x204.jpg 300w, http:\/\/www.filindeblogg.nu\/wp-content\/uploads\/2018\/03\/Br\u00e5kande-par.jpg 493w\" sizes=\"(max-width: 229px) 100vw, 229px\" \/>\u00a0HUR V\u00c5GAR DU l\u00e5ta bli att kontakta, be om f\u00f6rl\u00e5telse, f\u00f6r det d\u00e4r du gjorde och som gr\u00e4mer dig? Hur vet du om du n\u00e5gonsin f\u00e5r chansen igen? <img loading=\"lazy\" class=\"alignnone  wp-image-74940\" src=\"http:\/\/www.filindeblogg.nu\/wp-content\/uploads\/2018\/03\/Krasch-300x225.jpg\" alt=\"\" width=\"232\" height=\"174\" srcset=\"http:\/\/www.filindeblogg.nu\/wp-content\/uploads\/2018\/03\/Krasch-300x225.jpg 300w, http:\/\/www.filindeblogg.nu\/wp-content\/uploads\/2018\/03\/Krasch.jpg 534w\" sizes=\"(max-width: 232px) 100vw, 232px\" \/><\/p>\n<p><img loading=\"lazy\" class=\"alignnone  wp-image-74938\" src=\"http:\/\/www.filindeblogg.nu\/wp-content\/uploads\/2018\/03\/Kvinnor-som-br\u00e5kar-300x164.jpg\" alt=\"\" width=\"225\" height=\"123\" srcset=\"http:\/\/www.filindeblogg.nu\/wp-content\/uploads\/2018\/03\/Kvinnor-som-br\u00e5kar-300x164.jpg 300w, http:\/\/www.filindeblogg.nu\/wp-content\/uploads\/2018\/03\/Kvinnor-som-br\u00e5kar.jpg 618w\" sizes=\"(max-width: 225px) 100vw, 225px\" \/> HUR V\u00c5GAR DU l\u00e5ta bli att vara v\u00e4nlig och positiv mot m\u00e4nniskor du m\u00f6ter?<br \/>\nVad vet du om deras liv och vad som v\u00e4ntar? <img loading=\"lazy\" class=\"alignnone  wp-image-74941\" src=\"http:\/\/www.filindeblogg.nu\/wp-content\/uploads\/2018\/03\/Sjuk-kvinna-i-s\u00e4ng-2-1-300x200.jpg\" alt=\"\" width=\"201\" height=\"134\" srcset=\"http:\/\/www.filindeblogg.nu\/wp-content\/uploads\/2018\/03\/Sjuk-kvinna-i-s\u00e4ng-2-1-300x200.jpg 300w, http:\/\/www.filindeblogg.nu\/wp-content\/uploads\/2018\/03\/Sjuk-kvinna-i-s\u00e4ng-2-1-768x511.jpg 768w, http:\/\/www.filindeblogg.nu\/wp-content\/uploads\/2018\/03\/Sjuk-kvinna-i-s\u00e4ng-2-1.jpg 856w\" sizes=\"(max-width: 201px) 100vw, 201px\" \/><\/p>\n<p><img loading=\"lazy\" class=\"alignnone size-medium wp-image-74942\" src=\"http:\/\/www.filindeblogg.nu\/wp-content\/uploads\/2018\/03\/V\u00e4nda-sig-fr\u00e5n-f\u00f6r\u00e4ldrar-300x198.jpg\" alt=\"\" width=\"300\" height=\"198\" srcset=\"http:\/\/www.filindeblogg.nu\/wp-content\/uploads\/2018\/03\/V\u00e4nda-sig-fr\u00e5n-f\u00f6r\u00e4ldrar-300x198.jpg 300w, http:\/\/www.filindeblogg.nu\/wp-content\/uploads\/2018\/03\/V\u00e4nda-sig-fr\u00e5n-f\u00f6r\u00e4ldrar.jpg 620w\" sizes=\"(max-width: 300px) 100vw, 300px\" \/>\u00a0HUR V\u00c5GAR DU att l\u00e5ta bli att ringa dina n\u00e4ra och k\u00e4ra bara f\u00f6r att s\u00e4ga: JAG \u00c4LSKAR DIG. En dag &#8211; kanske redan imorgon &#8211;<br \/>\n\u00e4r allt du velat s\u00e4ga f\u00f6rsent&#8230; <img loading=\"lazy\" class=\"alignnone size-medium wp-image-74943\" src=\"http:\/\/www.filindeblogg.nu\/wp-content\/uploads\/2018\/03\/Krock-300x139.jpg\" alt=\"\" width=\"300\" height=\"139\" srcset=\"http:\/\/www.filindeblogg.nu\/wp-content\/uploads\/2018\/03\/Krock-300x139.jpg 300w, http:\/\/www.filindeblogg.nu\/wp-content\/uploads\/2018\/03\/Krock.jpg 465w\" sizes=\"(max-width: 300px) 100vw, 300px\" \/><\/p>\n<p>HUR V\u00c5GAR DU&#8230;<br \/>\ntro att du f\u00e5r en chans ocks\u00e5 imorgon&#8230;<\/p>\n<p><img loading=\"lazy\" class=\"size-medium wp-image-74944 aligncenter\" src=\"http:\/\/www.filindeblogg.nu\/wp-content\/uploads\/2018\/03\/Begravning-300x169.jpg\" alt=\"\" width=\"300\" height=\"169\" srcset=\"http:\/\/www.filindeblogg.nu\/wp-content\/uploads\/2018\/03\/Begravning-300x169.jpg 300w, http:\/\/www.filindeblogg.nu\/wp-content\/uploads\/2018\/03\/Begravning-768x432.jpg 768w, http:\/\/www.filindeblogg.nu\/wp-content\/uploads\/2018\/03\/Begravning-1024x576.jpg 1024w, http:\/\/www.filindeblogg.nu\/wp-content\/uploads\/2018\/03\/Begravning.jpg 1280w\" sizes=\"(max-width: 300px) 100vw, 300px\" \/><\/p>\n<p>M\u00f6tet med v\u00e4nnen vars liv hastigt g\u00e5r mot sitt slut fick bloggaren \u00e5ter att t\u00e4nka till. <img loading=\"lazy\" class=\"alignnone size-medium wp-image-74945\" src=\"http:\/\/www.filindeblogg.nu\/wp-content\/uploads\/2018\/03\/N\u00c4R-\u00e4r-ditt-liv-slut-300x162.jpg\" alt=\"\" width=\"300\" height=\"162\" srcset=\"http:\/\/www.filindeblogg.nu\/wp-content\/uploads\/2018\/03\/N\u00c4R-\u00e4r-ditt-liv-slut-300x162.jpg 300w, http:\/\/www.filindeblogg.nu\/wp-content\/uploads\/2018\/03\/N\u00c4R-\u00e4r-ditt-liv-slut.jpg 305w\" sizes=\"(max-width: 300px) 100vw, 300px\" \/> Snart \u00e4r det \u00f6ver &#8211; och vi vet inte n\u00e4r&#8230;<\/p>\n<p><img loading=\"lazy\" class=\"alignnone size-medium wp-image-74946\" src=\"http:\/\/www.filindeblogg.nu\/wp-content\/uploads\/2018\/03\/Missar-sista-t\u00e5get-300x225.jpg\" alt=\"\" width=\"300\" height=\"225\" srcset=\"http:\/\/www.filindeblogg.nu\/wp-content\/uploads\/2018\/03\/Missar-sista-t\u00e5get-300x225.jpg 300w, http:\/\/www.filindeblogg.nu\/wp-content\/uploads\/2018\/03\/Missar-sista-t\u00e5get.jpg 640w\" sizes=\"(max-width: 300px) 100vw, 300px\" \/>\u00a0Snart har sista t\u00e5get g\u00e5tt&#8230;<\/p>\n<p><img loading=\"lazy\" class=\"aligncenter size-medium wp-image-74947\" src=\"http:\/\/www.filindeblogg.nu\/wp-content\/uploads\/2018\/03\/Sjuk-kvinna-i-s\u00e4ng-300x291.jpg\" alt=\"\" width=\"300\" height=\"291\" srcset=\"http:\/\/www.filindeblogg.nu\/wp-content\/uploads\/2018\/03\/Sjuk-kvinna-i-s\u00e4ng-300x291.jpg 300w, http:\/\/www.filindeblogg.nu\/wp-content\/uploads\/2018\/03\/Sjuk-kvinna-i-s\u00e4ng.jpg 653w\" sizes=\"(max-width: 300px) 100vw, 300px\" \/><\/p>\n<p>Men IDAG lever du! IDAG kan du st\u00e4lla tillr\u00e4tta! <img loading=\"lazy\" class=\"alignnone  wp-image-74948\" src=\"http:\/\/www.filindeblogg.nu\/wp-content\/uploads\/2018\/03\/Var-sn\u00e4ll.jpg\" alt=\"\" width=\"167\" height=\"107\" \/><\/p>\n<p><img loading=\"lazy\" class=\"alignnone size-medium wp-image-74949\" src=\"http:\/\/www.filindeblogg.nu\/wp-content\/uploads\/2018\/03\/Fokusera-p\u00e5-det-goda-300x300.jpg\" alt=\"\" width=\"300\" height=\"300\" srcset=\"http:\/\/www.filindeblogg.nu\/wp-content\/uploads\/2018\/03\/Fokusera-p\u00e5-det-goda-300x300.jpg 300w, http:\/\/www.filindeblogg.nu\/wp-content\/uploads\/2018\/03\/Fokusera-p\u00e5-det-goda-150x150.jpg 150w, http:\/\/www.filindeblogg.nu\/wp-content\/uploads\/2018\/03\/Fokusera-p\u00e5-det-goda-144x144.jpg 144w, http:\/\/www.filindeblogg.nu\/wp-content\/uploads\/2018\/03\/Fokusera-p\u00e5-det-goda.jpg 480w\" sizes=\"(max-width: 300px) 100vw, 300px\" \/> Fokusera p\u00e5 det som \u00e4r bra! Sl\u00e4pp det d\u00e4r andra! T\u00e4nk positiva tankar och l\u00e5t inte negativa h\u00e4ndelser f\u00f6rst\u00f6ra och f\u00f6rg\u00f6ra ditt liv!<br \/>\nDU HAR INTE TID att l\u00e5ta skitsnack, h\u00e4mndbehov och elakheter ta \u00f6ver de dagar du f\u00e5tt!<br \/>\nSL\u00d6SA INTE TID P\u00c5 D\u00c5LIGA SAKER! <img loading=\"lazy\" class=\"alignnone  wp-image-74950\" src=\"http:\/\/www.filindeblogg.nu\/wp-content\/uploads\/2018\/03\/Sl\u00f6sa-inte-tid-300x213.jpg\" alt=\"\" width=\"217\" height=\"154\" srcset=\"http:\/\/www.filindeblogg.nu\/wp-content\/uploads\/2018\/03\/Sl\u00f6sa-inte-tid-300x213.jpg 300w, http:\/\/www.filindeblogg.nu\/wp-content\/uploads\/2018\/03\/Sl\u00f6sa-inte-tid.jpg 600w\" sizes=\"(max-width: 217px) 100vw, 217px\" \/><\/p>\n<p>F\u00f6r s\u00e5 h\u00e4r \u00e4r det: <img loading=\"lazy\" class=\"alignnone size-medium wp-image-74951\" src=\"http:\/\/www.filindeblogg.nu\/wp-content\/uploads\/2018\/03\/4-saker-som-aldrig-kommer-tillbaka-300x203.jpg\" alt=\"\" width=\"300\" height=\"203\" srcset=\"http:\/\/www.filindeblogg.nu\/wp-content\/uploads\/2018\/03\/4-saker-som-aldrig-kommer-tillbaka-300x203.jpg 300w, http:\/\/www.filindeblogg.nu\/wp-content\/uploads\/2018\/03\/4-saker-som-aldrig-kommer-tillbaka.jpg 320w\" sizes=\"(max-width: 300px) 100vw, 300px\" \/><\/p>\n<p>S\u00e5 ta tillvara den tid du har IDAG! Du vet inte om du f\u00e5r morgondagen. Du vet inte hur m\u00e5nga ytterligare dagar i ditt liv som du har att spela med.<br \/>\nOm vi t\u00e4nker oss att detta \u00e4r din sista dag &#8211;<br \/>\n<img loading=\"lazy\" class=\"alignnone size-medium wp-image-74952\" src=\"http:\/\/www.filindeblogg.nu\/wp-content\/uploads\/2018\/03\/LEV-LIVET-300x166.jpg\" alt=\"\" width=\"300\" height=\"166\" \/> <strong>LEV LIVET!<\/strong><\/p>\n<p><img loading=\"lazy\" class=\"alignnone size-full wp-image-74953\" src=\"http:\/\/www.filindeblogg.nu\/wp-content\/uploads\/2018\/03\/Krama-n\u00e5gon-medan-tid-\u00e4r.jpg\" alt=\"\" width=\"225\" height=\"225\" srcset=\"http:\/\/www.filindeblogg.nu\/wp-content\/uploads\/2018\/03\/Krama-n\u00e5gon-medan-tid-\u00e4r.jpg 225w, http:\/\/www.filindeblogg.nu\/wp-content\/uploads\/2018\/03\/Krama-n\u00e5gon-medan-tid-\u00e4r-150x150.jpg 150w, http:\/\/www.filindeblogg.nu\/wp-content\/uploads\/2018\/03\/Krama-n\u00e5gon-medan-tid-\u00e4r-144x144.jpg 144w\" sizes=\"(max-width: 225px) 100vw, 225px\" \/> <strong>KRAMAS!<\/strong> Medan du har m\u00f6jlighet&#8230; En varm kram g\u00f6r underverk &#8211; b\u00e5de f\u00f6r dig och f\u00f6r den du kramar!<\/p>\n<p><img loading=\"lazy\" class=\"size-full wp-image-74954 aligncenter\" src=\"http:\/\/www.filindeblogg.nu\/wp-content\/uploads\/2018\/03\/K\u00e4nslan-att-krama.jpg\" alt=\"\" width=\"251\" height=\"201\" \/><\/p>\n<p><img loading=\"lazy\" class=\"alignnone  wp-image-74955\" src=\"http:\/\/www.filindeblogg.nu\/wp-content\/uploads\/2018\/03\/K\u00e4rlek-g\u00f6r-det-200x300.jpg\" alt=\"\" width=\"172\" height=\"259\" srcset=\"http:\/\/www.filindeblogg.nu\/wp-content\/uploads\/2018\/03\/K\u00e4rlek-g\u00f6r-det-200x300.jpg 200w, http:\/\/www.filindeblogg.nu\/wp-content\/uploads\/2018\/03\/K\u00e4rlek-g\u00f6r-det.jpg 620w\" sizes=\"(max-width: 172px) 100vw, 172px\" \/> <strong>VISA K\u00c4RLEK!<\/strong> <img loading=\"lazy\" class=\"alignnone  wp-image-74956\" src=\"http:\/\/www.filindeblogg.nu\/wp-content\/uploads\/2018\/03\/All-you-need-is-love.jpg\" alt=\"\" width=\"187\" height=\"226\" \/><\/p>\n<p><img loading=\"lazy\" class=\"alignnone size-full wp-image-74959\" src=\"http:\/\/www.filindeblogg.nu\/wp-content\/uploads\/2018\/03\/Keep-calm-and-kiss-me-Kopia.png\" alt=\"\" width=\"152\" height=\"217\" \/> <img loading=\"lazy\" class=\"alignnone  wp-image-74957\" src=\"http:\/\/www.filindeblogg.nu\/wp-content\/uploads\/2018\/03\/Kiss-me-skrivande.jpg\" alt=\"\" width=\"179\" height=\"134\" \/> <img loading=\"lazy\" class=\"alignnone  wp-image-74960\" src=\"http:\/\/www.filindeblogg.nu\/wp-content\/uploads\/2018\/03\/Puss.png\" alt=\"\" width=\"93\" height=\"76\" \/><\/p>\n<p><img loading=\"lazy\" class=\"aligncenter size-medium wp-image-74961\" src=\"http:\/\/www.filindeblogg.nu\/wp-content\/uploads\/2018\/03\/Fokusera-p\u00e5-det-som-\u00e4r-bra-300x294.jpg\" alt=\"\" width=\"300\" height=\"294\" srcset=\"http:\/\/www.filindeblogg.nu\/wp-content\/uploads\/2018\/03\/Fokusera-p\u00e5-det-som-\u00e4r-bra-300x294.jpg 300w, http:\/\/www.filindeblogg.nu\/wp-content\/uploads\/2018\/03\/Fokusera-p\u00e5-det-som-\u00e4r-bra.jpg 640w\" sizes=\"(max-width: 300px) 100vw, 300px\" \/><\/p>\n<p><img loading=\"lazy\" class=\"alignnone size-medium wp-image-74963\" src=\"http:\/\/www.filindeblogg.nu\/wp-content\/uploads\/2018\/03\/Inte-visste-jag-det-var-livet-300x195.jpg\" alt=\"\" width=\"300\" height=\"195\" srcset=\"http:\/\/www.filindeblogg.nu\/wp-content\/uploads\/2018\/03\/Inte-visste-jag-det-var-livet-300x195.jpg 300w, http:\/\/www.filindeblogg.nu\/wp-content\/uploads\/2018\/03\/Inte-visste-jag-det-var-livet-768x500.jpg 768w, http:\/\/www.filindeblogg.nu\/wp-content\/uploads\/2018\/03\/Inte-visste-jag-det-var-livet.jpg 800w\" sizes=\"(max-width: 300px) 100vw, 300px\" \/> <img loading=\"lazy\" class=\"alignnone  wp-image-74529\" src=\"http:\/\/www.filindeblogg.nu\/wp-content\/uploads\/2018\/02\/Hj\u00e4rta-svart-ram.png\" alt=\"\" width=\"26\" height=\"26\" \/><\/p>\n<p><img loading=\"lazy\" class=\"alignnone  wp-image-74529\" src=\"http:\/\/www.filindeblogg.nu\/wp-content\/uploads\/2018\/02\/Hj\u00e4rta-svart-ram.png\" alt=\"\" width=\"26\" height=\"26\" \/> <img loading=\"lazy\" class=\"wp-image-74964 aligncenter\" src=\"http:\/\/www.filindeblogg.nu\/wp-content\/uploads\/2018\/03\/Var-lycklig-\u00f6ver-det-du-har.jpg\" alt=\"\" width=\"201\" height=\"251\" \/><\/p>\n<p><img loading=\"lazy\" class=\"wp-image-74529 aligncenter\" src=\"http:\/\/www.filindeblogg.nu\/wp-content\/uploads\/2018\/02\/Hj\u00e4rta-svart-ram.png\" alt=\"\" width=\"26\" height=\"26\" \/><\/p>\n<p>Om vi t\u00e4nker oss att du bara f\u00e5r en enda dag till&#8230; Var r\u00e4dd om den dagen.<\/p>\n<p><img loading=\"lazy\" class=\"wp-image-74965 aligncenter\" src=\"http:\/\/www.filindeblogg.nu\/wp-content\/uploads\/2018\/03\/Kramas-och-vag-god-300x202.jpg\" alt=\"\" width=\"251\" height=\"169\" srcset=\"http:\/\/www.filindeblogg.nu\/wp-content\/uploads\/2018\/03\/Kramas-och-vag-god-300x202.jpg 300w, http:\/\/www.filindeblogg.nu\/wp-content\/uploads\/2018\/03\/Kramas-och-vag-god.jpg 550w\" sizes=\"(max-width: 251px) 100vw, 251px\" \/><\/p>\n<p><img loading=\"lazy\" class=\"alignnone  wp-image-74903\" src=\"http:\/\/www.filindeblogg.nu\/wp-content\/uploads\/2018\/03\/Lilla-Saga-och-lilla-Max-ur-Expressen.jpg\" alt=\"\" width=\"96\" height=\"93\" \/>\u00a0En s\u00e4rskild h\u00e4lsning till <strong>Emma Jangestig<\/strong> idag, till<strong> Nicklas<\/strong>, <strong>Togge<\/strong> och \u00f6vriga anh\u00f6riga till tv\u00e5 sm\u00e5 barn &#8211; <strong>Max och Saga.<br \/>\n<\/strong>\u00c4lskade barn som fick alldeles f\u00f6r f\u00e5 dagar av livet&#8230; <img loading=\"lazy\" class=\"alignnone  wp-image-74966\" src=\"http:\/\/www.filindeblogg.nu\/wp-content\/uploads\/2018\/03\/Hj\u00e4rtan-av-blommor-fr\u00e5n-begravningen-Max-och-Saga-1-300x225.jpg\" alt=\"\" width=\"160\" height=\"120\" srcset=\"http:\/\/www.filindeblogg.nu\/wp-content\/uploads\/2018\/03\/Hj\u00e4rtan-av-blommor-fr\u00e5n-begravningen-Max-och-Saga-1-300x225.jpg 300w, http:\/\/www.filindeblogg.nu\/wp-content\/uploads\/2018\/03\/Hj\u00e4rtan-av-blommor-fr\u00e5n-begravningen-Max-och-Saga-1.jpg 640w\" sizes=\"(max-width: 160px) 100vw, 160px\" \/><\/p>\n<p><img loading=\"lazy\" class=\"aligncenter size-medium wp-image-74969\" src=\"http:\/\/www.filindeblogg.nu\/wp-content\/uploads\/2018\/03\/Tv\u00e5-t\u00e4nda-ljus-300x287.jpg\" alt=\"\" width=\"300\" height=\"287\" srcset=\"http:\/\/www.filindeblogg.nu\/wp-content\/uploads\/2018\/03\/Tv\u00e5-t\u00e4nda-ljus-300x287.jpg 300w, http:\/\/www.filindeblogg.nu\/wp-content\/uploads\/2018\/03\/Tv\u00e5-t\u00e4nda-ljus.jpg 460w\" sizes=\"(max-width: 300px) 100vw, 300px\" \/><\/p>\n<p><img loading=\"lazy\" class=\"wp-image-74529 aligncenter\" src=\"http:\/\/www.filindeblogg.nu\/wp-content\/uploads\/2018\/02\/Hj\u00e4rta-svart-ram.png\" alt=\"\" width=\"26\" height=\"26\" \/><img loading=\"lazy\" class=\"wp-image-74529 aligncenter\" src=\"http:\/\/www.filindeblogg.nu\/wp-content\/uploads\/2018\/02\/Hj\u00e4rta-svart-ram.png\" alt=\"\" width=\"26\" height=\"26\" \/><\/p>\n<p><img loading=\"lazy\" class=\"alignnone size-medium wp-image-74997\" src=\"http:\/\/www.filindeblogg.nu\/wp-content\/uploads\/2018\/03\/Viritual-kram-2-276x300.png\" alt=\"\" width=\"276\" height=\"300\" srcset=\"http:\/\/www.filindeblogg.nu\/wp-content\/uploads\/2018\/03\/Viritual-kram-2-276x300.png 276w, http:\/\/www.filindeblogg.nu\/wp-content\/uploads\/2018\/03\/Viritual-kram-2.png 500w\" sizes=\"(max-width: 276px) 100vw, 276px\" \/>\u00a0<strong>KRAM<\/strong> fr\u00e5n bloggaren till er alla!<br \/>\nOch som vanligt &#8211; en s\u00e4rskilt varm kram till en s\u00e4rskild man som f\u00f6r alltid finns i bloggarens hj\u00e4rta. <img loading=\"lazy\" class=\"alignnone  wp-image-74968\" src=\"http:\/\/www.filindeblogg.nu\/wp-content\/uploads\/2018\/03\/Hj\u00e4rth\u00e4nder.jpg\" alt=\"\" width=\"115\" height=\"86\" \/><\/p>\n<p><img loading=\"lazy\" class=\"aligncenter size-medium wp-image-74962\" src=\"http:\/\/www.filindeblogg.nu\/wp-content\/uploads\/2018\/03\/K\u00e4rlekstr\u00e4d-295x300.jpg\" alt=\"\" width=\"295\" height=\"300\" srcset=\"http:\/\/www.filindeblogg.nu\/wp-content\/uploads\/2018\/03\/K\u00e4rlekstr\u00e4d-295x300.jpg 295w, http:\/\/www.filindeblogg.nu\/wp-content\/uploads\/2018\/03\/K\u00e4rlekstr\u00e4d.jpg 589w\" sizes=\"(max-width: 295px) 100vw, 295px\" \/><\/p>\n<p>&nbsp;<\/p>\n<p>&nbsp;<\/p>\n<p>&nbsp;<\/p>\n<p>&nbsp;<\/p>\n<p>&nbsp;<\/p>\n<p>&nbsp;<\/p>\n<p>&nbsp;<\/p>\n<p>&nbsp;<\/p>\n","protected":false},"excerpt":{"rendered":"<p>\u00a0Idag handlar bloggen om den tickande klockan. Om tid! Tid som vi tror vi har obegr\u00e4nsat av &#8211; vilket inte \u00e4r sant. N\u00e4r vi \u00e4r unga tror vi att vi \u00e4r od\u00f6dliga men ju mer tiden g\u00e5r och vi m\u00e5ste uppleva hur far- och morf\u00f6r\u00e4ldrar d\u00f6r, hur de egna f\u00f6r\u00e4ldrarna l\u00e4mnar jordelivet och \u00e4ven v\u00e4nner [&hellip;]<\/p>\n","protected":false},"author":1,"featured_media":0,"comment_status":"open","ping_status":"open","sticky":false,"template":"","format":"standard","meta":[],"categories":[1,225,196,203,100,191,212,101,134,150],"tags":[],"_links":{"self":[{"href":"http:\/\/www.filindeblogg.nu\/index.php?rest_route=\/wp\/v2\/posts\/74928"}],"collection":[{"href":"http:\/\/www.filindeblogg.nu\/index.php?rest_route=\/wp\/v2\/posts"}],"about":[{"href":"http:\/\/www.filindeblogg.nu\/index.php?rest_route=\/wp\/v2\/types\/post"}],"author":[{"embeddable":true,"href":"http:\/\/www.filindeblogg.nu\/index.php?rest_route=\/wp\/v2\/users\/1"}],"replies":[{"embeddable":true,"href":"http:\/\/www.filindeblogg.nu\/index.php?rest_route=%2Fwp%2Fv2%2Fcomments&post=74928"}],"version-history":[{"count":47,"href":"http:\/\/www.filindeblogg.nu\/index.php?rest_route=\/wp\/v2\/posts\/74928\/revisions"}],"predecessor-version":[{"id":75017,"href":"http:\/\/www.filindeblogg.nu\/index.php?rest_route=\/wp\/v2\/posts\/74928\/revisions\/75017"}],"wp:attachment":[{"href":"http:\/\/www.filindeblogg.nu\/index.php?rest_route=%2Fwp%2Fv2%2Fmedia&parent=74928"}],"wp:term":[{"taxonomy":"category","embeddable":true,"href":"http:\/\/www.filindeblogg.nu\/index.php?rest_route=%2Fwp%2Fv2%2Fcategories&post=74928"},{"taxonomy":"post_tag","embeddable":true,"href":"http:\/\/www.filindeblogg.nu\/index.php?rest_route=%2Fwp%2Fv2%2Ftags&post=74928"}],"curies":[{"name":"wp","href":"https:\/\/api.w.org\/{rel}","templated":true}]}}