{"id":74621,"date":"2018-03-05T14:28:00","date_gmt":"2018-03-05T13:28:00","guid":{"rendered":"http:\/\/www.filindeblogg.nu\/?p=74621"},"modified":"2018-03-05T14:28:00","modified_gmt":"2018-03-05T13:28:00","slug":"gubbslem-och-ruggugglor-om-vikten-av-en-lockande-rubrik","status":"publish","type":"post","link":"http:\/\/www.filindeblogg.nu\/?p=74621","title":{"rendered":"Gubbslem och ruggugglor! Om vikten av en lockande rubrik!"},"content":{"rendered":"<p><img loading=\"lazy\" class=\"alignnone size-medium wp-image-74622\" src=\"http:\/\/www.filindeblogg.nu\/wp-content\/uploads\/2018\/03\/Gubbslem-300x201.jpg\" alt=\"\" width=\"300\" height=\"201\" srcset=\"http:\/\/www.filindeblogg.nu\/wp-content\/uploads\/2018\/03\/Gubbslem-300x201.jpg 300w, http:\/\/www.filindeblogg.nu\/wp-content\/uploads\/2018\/03\/Gubbslem-768x514.jpg 768w, http:\/\/www.filindeblogg.nu\/wp-content\/uploads\/2018\/03\/Gubbslem.jpg 800w\" sizes=\"(max-width: 300px) 100vw, 300px\" \/> Gubbslem!<\/p>\n<p>Rugguggla! <img loading=\"lazy\" class=\"alignnone size-medium wp-image-74624\" src=\"http:\/\/www.filindeblogg.nu\/wp-content\/uploads\/2018\/03\/Rugguggla-Kopia-300x170.jpg\" alt=\"\" width=\"300\" height=\"170\" srcset=\"http:\/\/www.filindeblogg.nu\/wp-content\/uploads\/2018\/03\/Rugguggla-Kopia-300x170.jpg 300w, http:\/\/www.filindeblogg.nu\/wp-content\/uploads\/2018\/03\/Rugguggla-Kopia.jpg 565w\" sizes=\"(max-width: 300px) 100vw, 300px\" \/><br \/>\nVad trodde ni!?<\/p>\n<p>Bloggaren har haft sin datasupport hemma och han konstaterade att hon har flera tusen l\u00e4sare av bloggen och m\u00e5nga \u00e4r m\u00e4n! Det tackar vi f\u00f6r!<img loading=\"lazy\" class=\"alignnone  wp-image-74625\" src=\"http:\/\/www.filindeblogg.nu\/wp-content\/uploads\/2018\/03\/Puss-smiley.jpg\" alt=\"\" width=\"42\" height=\"42\" srcset=\"http:\/\/www.filindeblogg.nu\/wp-content\/uploads\/2018\/03\/Puss-smiley.jpg 225w, http:\/\/www.filindeblogg.nu\/wp-content\/uploads\/2018\/03\/Puss-smiley-150x150.jpg 150w, http:\/\/www.filindeblogg.nu\/wp-content\/uploads\/2018\/03\/Puss-smiley-144x144.jpg 144w\" sizes=\"(max-width: 42px) 100vw, 42px\" \/><br \/>\nEn annan sak som datakillen uppt\u00e4ckte var att torsdagskv\u00e4llar \u00e4r en vanlig tid att kolla in bloggen! Men nu \u00e4r det m\u00e5ndag och det f\u00e5r bli en blogg \u00e4nd\u00e5!<\/p>\n<p>Jo, det d\u00e4r om vikten av en lockande rubrik!<img loading=\"lazy\" class=\"alignnone  wp-image-74626\" src=\"http:\/\/www.filindeblogg.nu\/wp-content\/uploads\/2018\/03\/Gubbslem-300x204.png\" alt=\"\" width=\"221\" height=\"150\" srcset=\"http:\/\/www.filindeblogg.nu\/wp-content\/uploads\/2018\/03\/Gubbslem-300x204.png 300w, http:\/\/www.filindeblogg.nu\/wp-content\/uploads\/2018\/03\/Gubbslem.png 480w\" sizes=\"(max-width: 221px) 100vw, 221px\" \/> Det \u00e4r f\u00f6r att f\u00e5 folk att vilja l\u00e4sa bloggen! <img loading=\"lazy\" class=\"alignnone  wp-image-74627\" src=\"http:\/\/www.filindeblogg.nu\/wp-content\/uploads\/2018\/03\/Skrattande-f\u00e5glar-300x243.jpg\" alt=\"\" width=\"189\" height=\"153\" srcset=\"http:\/\/www.filindeblogg.nu\/wp-content\/uploads\/2018\/03\/Skrattande-f\u00e5glar-300x243.jpg 300w, http:\/\/www.filindeblogg.nu\/wp-content\/uploads\/2018\/03\/Skrattande-f\u00e5glar.jpg 320w\" sizes=\"(max-width: 189px) 100vw, 189px\" \/> Lura dit dom lite extra ibland f\u00f6r att f\u00e5 ut det budskap man har! <img loading=\"lazy\" class=\"alignnone  wp-image-74628\" src=\"http:\/\/www.filindeblogg.nu\/wp-content\/uploads\/2018\/03\/Blinkande-smiley.jpg\" alt=\"\" width=\"80\" height=\"80\" srcset=\"http:\/\/www.filindeblogg.nu\/wp-content\/uploads\/2018\/03\/Blinkande-smiley.jpg 225w, http:\/\/www.filindeblogg.nu\/wp-content\/uploads\/2018\/03\/Blinkande-smiley-150x150.jpg 150w, http:\/\/www.filindeblogg.nu\/wp-content\/uploads\/2018\/03\/Blinkande-smiley-144x144.jpg 144w\" sizes=\"(max-width: 80px) 100vw, 80px\" \/><\/p>\n<p>Idag handlar det om kvinnors m\u00e4rkliga s\u00e4tt. En del kvinnors allts\u00e5. Och om bloggarens oro \u00f6ver dessa cykler som sv\u00e4nger fram och \u00e5ter i samh\u00e4llet genom tiderna.<\/p>\n<p><img loading=\"lazy\" class=\"alignnone size-full wp-image-74629\" src=\"http:\/\/www.filindeblogg.nu\/wp-content\/uploads\/2018\/03\/Arg-feminist.jpg\" alt=\"\" width=\"225\" height=\"224\" srcset=\"http:\/\/www.filindeblogg.nu\/wp-content\/uploads\/2018\/03\/Arg-feminist.jpg 225w, http:\/\/www.filindeblogg.nu\/wp-content\/uploads\/2018\/03\/Arg-feminist-150x150.jpg 150w, http:\/\/www.filindeblogg.nu\/wp-content\/uploads\/2018\/03\/Arg-feminist-144x144.jpg 144w\" sizes=\"(max-width: 225px) 100vw, 225px\" \/> \u00c5 ena sidan har vi de arga, rabiata feministerna &#8211; en klick extrema kvinnor som hatar m\u00e4n oavsett hur m\u00e4n beter sig. Denna klick smittar av sitt hat p\u00e5 andra kvinnor (och en del m\u00e4n! Jo, faktiskt!) som ringar p\u00e5 vattnet. Ringarna tunnas ur ju l\u00e4ngre bort de kommer (tack och lov)&#8230;<\/p>\n<p>\u00c5 andra sidan har vi <strong>KD-Ebba<\/strong> och hennes g\u00e4ng! <img loading=\"lazy\" class=\"alignnone size-medium wp-image-74630\" src=\"http:\/\/www.filindeblogg.nu\/wp-content\/uploads\/2018\/03\/KD-konstigt-300x233.jpg\" alt=\"\" width=\"300\" height=\"233\" srcset=\"http:\/\/www.filindeblogg.nu\/wp-content\/uploads\/2018\/03\/KD-konstigt-300x233.jpg 300w, http:\/\/www.filindeblogg.nu\/wp-content\/uploads\/2018\/03\/KD-konstigt-768x597.jpg 768w, http:\/\/www.filindeblogg.nu\/wp-content\/uploads\/2018\/03\/KD-konstigt-1024x797.jpg 1024w\" sizes=\"(max-width: 300px) 100vw, 300px\" \/> Som s\u00e4ger sig v\u00e4rna om familjen! H\u00e4r ses Ebba och fyra (4!) m\u00e4n &#8211; men i verkligheten \u00e4r det inte alls 80% m\u00e4n som tar hand om familjen n\u00e4r KD sj\u00e4lva f\u00e5r best\u00e4mma! D\u00e5 \u00e4r det hem till spisen som g\u00e4ller f\u00f6r lilla mamma &#8211; 100%!! <img loading=\"lazy\" class=\"alignnone size-full wp-image-74631\" src=\"http:\/\/www.filindeblogg.nu\/wp-content\/uploads\/2018\/03\/If-trapped.jpg\" alt=\"\" width=\"300\" height=\"300\" srcset=\"http:\/\/www.filindeblogg.nu\/wp-content\/uploads\/2018\/03\/If-trapped.jpg 300w, http:\/\/www.filindeblogg.nu\/wp-content\/uploads\/2018\/03\/If-trapped-150x150.jpg 150w, http:\/\/www.filindeblogg.nu\/wp-content\/uploads\/2018\/03\/If-trapped-144x144.jpg 144w\" sizes=\"(max-width: 300px) 100vw, 300px\" \/><\/p>\n<p>Och till sin hj\u00e4lp i valr\u00f6relsen kommer nu Ebba att ta &#8211; tro det om ni vill men det \u00e4r sant &#8211; denne man! <img loading=\"lazy\" class=\"alignnone size-medium wp-image-74634\" src=\"http:\/\/www.filindeblogg.nu\/wp-content\/uploads\/2018\/03\/Bert-Karlsson-300x161.jpg\" alt=\"\" width=\"300\" height=\"161\" srcset=\"http:\/\/www.filindeblogg.nu\/wp-content\/uploads\/2018\/03\/Bert-Karlsson-300x161.jpg 300w, http:\/\/www.filindeblogg.nu\/wp-content\/uploads\/2018\/03\/Bert-Karlsson.jpg 600w\" sizes=\"(max-width: 300px) 100vw, 300px\" \/> Men <strong>Bert Karlsson<\/strong> f\u00e5r nog v\u00e5rda spr\u00e5ket lite om han ska passa in i det kristdemokratiska.<\/p>\n<p><img loading=\"lazy\" class=\"aligncenter size-medium wp-image-74652\" src=\"http:\/\/www.filindeblogg.nu\/wp-content\/uploads\/2018\/03\/Lobotomi-300x300.jpg\" alt=\"\" width=\"300\" height=\"300\" srcset=\"http:\/\/www.filindeblogg.nu\/wp-content\/uploads\/2018\/03\/Lobotomi-300x300.jpg 300w, http:\/\/www.filindeblogg.nu\/wp-content\/uploads\/2018\/03\/Lobotomi-150x150.jpg 150w, http:\/\/www.filindeblogg.nu\/wp-content\/uploads\/2018\/03\/Lobotomi-144x144.jpg 144w, http:\/\/www.filindeblogg.nu\/wp-content\/uploads\/2018\/03\/Lobotomi.jpg 500w\" sizes=\"(max-width: 300px) 100vw, 300px\" \/><\/p>\n<p>Sen har vi d\u00e5 de d\u00e4r ot\u00e4cka cyklerna som sv\u00e4nger! <img loading=\"lazy\" class=\"alignnone  wp-image-74574\" src=\"http:\/\/www.filindeblogg.nu\/wp-content\/uploads\/2018\/02\/Bita-p\u00e5-naglarna-emoji-Kopia-292x300.jpg\" alt=\"\" width=\"91\" height=\"93\" srcset=\"http:\/\/www.filindeblogg.nu\/wp-content\/uploads\/2018\/02\/Bita-p\u00e5-naglarna-emoji-Kopia-292x300.jpg 292w, http:\/\/www.filindeblogg.nu\/wp-content\/uploads\/2018\/02\/Bita-p\u00e5-naglarna-emoji-Kopia.jpg 359w\" sizes=\"(max-width: 91px) 100vw, 91px\" \/><br \/>\n<img loading=\"lazy\" class=\"alignnone  wp-image-74635\" src=\"http:\/\/www.filindeblogg.nu\/wp-content\/uploads\/2018\/03\/Glad-hemmafru-210x300.jpg\" alt=\"\" width=\"99\" height=\"141\" srcset=\"http:\/\/www.filindeblogg.nu\/wp-content\/uploads\/2018\/03\/Glad-hemmafru-210x300.jpg 210w, http:\/\/www.filindeblogg.nu\/wp-content\/uploads\/2018\/03\/Glad-hemmafru.jpg 629w\" sizes=\"(max-width: 99px) 100vw, 99px\" \/>\u00a0Dom d\u00e4r yngre kvinnorna som gulligullar \u00e1 la hemmafru n\u00e4r barnen ploppar ut och utbildningen \u00e4r skral och jobben d\u00e5 likas\u00e5. D v s mannen\/pappan f\u00e5r jobba och f\u00f6rs\u00f6rja familjen. Dom d\u00e4r kvinnorna som f\u00e5r sig en obehaglig \u00f6verraskning den dag det gulligulliga tar slut!<\/p>\n<p><img loading=\"lazy\" class=\"aligncenter size-full wp-image-74651\" src=\"http:\/\/www.filindeblogg.nu\/wp-content\/uploads\/2018\/03\/Byta-bl\u00f6jor-ocks\u00e5.jpg\" alt=\"\" width=\"225\" height=\"224\" srcset=\"http:\/\/www.filindeblogg.nu\/wp-content\/uploads\/2018\/03\/Byta-bl\u00f6jor-ocks\u00e5.jpg 225w, http:\/\/www.filindeblogg.nu\/wp-content\/uploads\/2018\/03\/Byta-bl\u00f6jor-ocks\u00e5-150x150.jpg 150w, http:\/\/www.filindeblogg.nu\/wp-content\/uploads\/2018\/03\/Byta-bl\u00f6jor-ocks\u00e5-144x144.jpg 144w\" sizes=\"(max-width: 225px) 100vw, 225px\" \/><\/p>\n<p><img loading=\"lazy\" class=\"alignnone  wp-image-74632\" src=\"http:\/\/www.filindeblogg.nu\/wp-content\/uploads\/2018\/03\/Lisa-Magnusson-Foto-DN-225x300.jpeg\" alt=\"\" width=\"95\" height=\"127\" srcset=\"http:\/\/www.filindeblogg.nu\/wp-content\/uploads\/2018\/03\/Lisa-Magnusson-Foto-DN-225x300.jpeg 225w, http:\/\/www.filindeblogg.nu\/wp-content\/uploads\/2018\/03\/Lisa-Magnusson-Foto-DN.jpeg 337w\" sizes=\"(max-width: 95px) 100vw, 95px\" \/>\u00a0En som dykt upp i cykelsv\u00e4ngen \u00e4r <strong>Lisa Magnusson,<\/strong> som skriver f\u00f6r <strong>Dagens Nyheter<\/strong>. En m\u00e4rklig kvinna som m\u00f6jligen tycker att hon provocerar mer \u00e4n antas vara dum n\u00e4r hon t ex skriver att, citat <a href=\"https:\/\/www.dn.se\/ledare\/signerat\/lisa-magnusson-p-piller-ar-framfor-allt-en-sexuell-revolution-for-man\/\"><strong><em>&#8221;P-piller \u00e4r framf\u00f6r allt en sexuell revolution f\u00f6r m\u00e4n&#8221;<\/em><\/strong><\/a> i DN 10 december 2017. <img loading=\"lazy\" class=\"alignnone  wp-image-74637\" src=\"http:\/\/www.filindeblogg.nu\/wp-content\/uploads\/2018\/03\/F\u00f6rv\u00e5nad-kvinna.jpg\" alt=\"\" width=\"127\" height=\"111\" \/><br \/>\nOm den korkade twisten skrev bloggaren den 11 december &#8211; klicka <a href=\"http:\/\/www.filindeblogg.nu\/?p=72639\"><strong>H\u00c4R<\/strong><\/a>!<\/p>\n<p>Nu \u00e4r det dags igen! <img loading=\"lazy\" class=\"alignnone size-medium wp-image-74633\" src=\"http:\/\/www.filindeblogg.nu\/wp-content\/uploads\/2018\/03\/Lisa-dumpar-300x156.jpg\" alt=\"\" width=\"300\" height=\"156\" srcset=\"http:\/\/www.filindeblogg.nu\/wp-content\/uploads\/2018\/03\/Lisa-dumpar-300x156.jpg 300w, http:\/\/www.filindeblogg.nu\/wp-content\/uploads\/2018\/03\/Lisa-dumpar.jpg 311w\" sizes=\"(max-width: 300px) 100vw, 300px\" \/> <a href=\"https:\/\/www.dn.se\/ledare\/signerat\/lisa-magnusson-att-dumpa-bebisar-ar-inte-feminism\/\"><strong><em>&#8221;Att dumpa bebisar \u00e4r inte feminism&#8221;<\/em><\/strong>.<\/a><br \/>\nN\u00e5gra av er som l\u00e4ser fattar kanske redan vart\u00e5t det lutar med Lisa&#8230; <img loading=\"lazy\" class=\"alignnone  wp-image-74636\" src=\"http:\/\/www.filindeblogg.nu\/wp-content\/uploads\/2018\/03\/Tillbaka-till-spisen-300x248.jpg\" alt=\"\" width=\"195\" height=\"161\" srcset=\"http:\/\/www.filindeblogg.nu\/wp-content\/uploads\/2018\/03\/Tillbaka-till-spisen-300x248.jpg 300w, http:\/\/www.filindeblogg.nu\/wp-content\/uploads\/2018\/03\/Tillbaka-till-spisen.jpg 481w\" sizes=\"(max-width: 195px) 100vw, 195px\" \/> (Spisen&#8230;)<\/p>\n<p>I artikeln vill hon (precis som f\u00f6rr i v\u00e4rlden) f\u00e5 kvinnor (inte m\u00e4n!) att k\u00e4nna riktigt d\u00e5ligt samvete om de inte vill\/kan vara hemma l\u00e4nge med sina barn.<br \/>\nCitat ur Lisa Magnussons artikel:<br \/>\n<em>&#8221;Det konstiga \u00e4r att s\u00e5 m\u00e5nga l\u00e4ngs hela den politiska skalan, fr\u00e5n h\u00f6ger till v\u00e4nster, i praktiken h\u00e5ller med om sj\u00e4lva grundantagandet: <strong>Det \u00e4r inte bra om en kvinna \u00e4r hemma l\u00e4nge med barn. Genom arbetet f\u00f6rverkligar hon sig.<\/strong>&#8221;<br \/>\n<\/em>Och vidare: &#8221;<em>Jag kan inte hj\u00e4lpa att jag tycker att argumentationen \u00e4r uppochned. Visst \u00e4r det samh\u00e4llsnyttigt med en arbetslinje, men de allra flesta arbetar ju f\u00f6r att leva. Utan l\u00f6n skulle de stanna hemma.&#8221;<\/em><\/p>\n<p>Sen har Lisa mage att till\u00e4gga, citat: <strong><em>&#8221;S\u00e5 varf\u00f6r ska kvinnor dessutom f\u00f6rverkliga sig genom jobbet? Vad betyder detta f\u00f6rverkligande ens?&#8221;<\/em><\/strong><\/p>\n<p><img loading=\"lazy\" class=\"alignnone  wp-image-74638\" src=\"http:\/\/www.filindeblogg.nu\/wp-content\/uploads\/2018\/03\/Smiley-tappar-hakan.jpg\" alt=\"\" width=\"122\" height=\"122\" srcset=\"http:\/\/www.filindeblogg.nu\/wp-content\/uploads\/2018\/03\/Smiley-tappar-hakan.jpg 224w, http:\/\/www.filindeblogg.nu\/wp-content\/uploads\/2018\/03\/Smiley-tappar-hakan-150x150.jpg 150w, http:\/\/www.filindeblogg.nu\/wp-content\/uploads\/2018\/03\/Smiley-tappar-hakan-144x144.jpg 144w\" sizes=\"(max-width: 122px) 100vw, 122px\" \/><strong><em>&#8211; \u00c4r hon dum p\u00e5 riktigt!?<\/em> <\/strong>kan n\u00e5gon nu t\u00e4nka &#8211; men bloggaren antar att eftersom hon jobbar f\u00f6r DN s\u00e5 \u00e4r det nog mer provokativ och m\u00f6jligen lite barnsligt naiv som Lisa \u00e4r &#8211; inte korkad.<\/p>\n<p>F\u00f6r s\u00e5 h\u00e4r \u00e4r det ju!\u00a0 Det h\u00e4r med att &#8221;dumpa bebisar&#8221; handlar varken om att kvinnor eller m\u00e4n p\u00e5 n\u00e5got vis sl\u00e4nger ungen p\u00e5 soptippen i n\u00e5gon form av spyf\u00e4rdig egotripp. <img loading=\"lazy\" class=\"alignnone  wp-image-74640\" src=\"http:\/\/www.filindeblogg.nu\/wp-content\/uploads\/2018\/03\/Kastar-iv\u00e4g-ett-barn-man-Kopia.jpg\" alt=\"\" width=\"128\" height=\"149\" \/><\/p>\n<p>Lisa vill att kvinnor ska f\u00e5 riktigt d\u00e5ligt samvete och undra: VARF\u00d6R STANNAR JAG INTE HEMMA F\u00d6R GOTT OCH TAR HAND OM MITT BARN!?<br \/>\n<img loading=\"lazy\" class=\"alignnone  wp-image-74642\" src=\"http:\/\/www.filindeblogg.nu\/wp-content\/uploads\/2018\/03\/Kvinna-lagar-mat-300x295.jpg\" alt=\"\" width=\"256\" height=\"252\" srcset=\"http:\/\/www.filindeblogg.nu\/wp-content\/uploads\/2018\/03\/Kvinna-lagar-mat-300x295.jpg 300w, http:\/\/www.filindeblogg.nu\/wp-content\/uploads\/2018\/03\/Kvinna-lagar-mat.jpg 603w\" sizes=\"(max-width: 256px) 100vw, 256px\" \/>\u00a0Hon vill att kvinnor blir f\u00f6r\u00e4ldrar &#8211; men inte m\u00e4n!<br \/>\nTillbaka till spisen igen &#8211; med allt vad det inneb\u00e4r. <img loading=\"lazy\" class=\"alignnone  wp-image-74641\" src=\"http:\/\/www.filindeblogg.nu\/wp-content\/uploads\/2018\/03\/Kvinnor-vid-spisen-264x300.jpg\" alt=\"\" width=\"214\" height=\"243\" srcset=\"http:\/\/www.filindeblogg.nu\/wp-content\/uploads\/2018\/03\/Kvinnor-vid-spisen-264x300.jpg 264w, http:\/\/www.filindeblogg.nu\/wp-content\/uploads\/2018\/03\/Kvinnor-vid-spisen.jpg 300w\" sizes=\"(max-width: 214px) 100vw, 214px\" \/><\/p>\n<p><img loading=\"lazy\" class=\"alignnone  wp-image-74536\" src=\"http:\/\/www.filindeblogg.nu\/wp-content\/uploads\/2018\/02\/Illam\u00e5ende-smiley.jpg\" alt=\"\" width=\"88\" height=\"88\" srcset=\"http:\/\/www.filindeblogg.nu\/wp-content\/uploads\/2018\/02\/Illam\u00e5ende-smiley.jpg 225w, http:\/\/www.filindeblogg.nu\/wp-content\/uploads\/2018\/02\/Illam\u00e5ende-smiley-150x150.jpg 150w, http:\/\/www.filindeblogg.nu\/wp-content\/uploads\/2018\/02\/Illam\u00e5ende-smiley-144x144.jpg 144w\" sizes=\"(max-width: 88px) 100vw, 88px\" \/>\u00a0Kr\u00e4ks p\u00e5 det h\u00e4r ni kvinnor &#8211; och m\u00e4n! Lisa igen:<\/p>\n<p><em>&#8221;\u201dVadd\u00e5, en helt ny person som \u00e4r utl\u00e4mnad \u00e5t mig, det \u00e4r v\u00e4l inget?\u201d, s\u00e4ger Statsfeminismen och g\u00e4spar utstuderat. <\/em><em>\u201dVem som helst kan ta hand om den d\u00e4r.\u201d<br \/>\n&#8221;Varp\u00e5 hon \u2013 i Timbros fantasi \u2013 stegar in p\u00e5 f\u00f6rskolan och r\u00e4cker \u00f6ver en bebis som allts\u00e5 bara \u00e4r \u00e5tta m\u00e5nader, som just l\u00e4rt sig krypa, som blivit medveten om att det kan uppst\u00e5 avst\u00e5nd till mamman. <\/em><br \/>\n<em>Som d\u00e4rf\u00f6r k\u00e4nner extra mycket \u00e5ngest inf\u00f6r att bli \u00f6vergiven, som \u00e4r r\u00e4dd f\u00f6r fr\u00e4mlingar, som i den h\u00e4r delen av sin utveckling hela tiden vill veta att den fasta punkten, f\u00f6r\u00e4ldern, finns kvar. Och allt detta f\u00f6r att tj\u00e4na in n\u00e5gra ynka m\u00e5naders yrkesarbete.&#8221;<\/em><\/p>\n<p><img loading=\"lazy\" class=\"alignnone size-medium wp-image-74646\" src=\"http:\/\/www.filindeblogg.nu\/wp-content\/uploads\/2018\/03\/Kvinna-kastar-iv\u00e4g-barn-300x169.jpg\" alt=\"\" width=\"300\" height=\"169\" srcset=\"http:\/\/www.filindeblogg.nu\/wp-content\/uploads\/2018\/03\/Kvinna-kastar-iv\u00e4g-barn-300x169.jpg 300w, http:\/\/www.filindeblogg.nu\/wp-content\/uploads\/2018\/03\/Kvinna-kastar-iv\u00e4g-barn-768x432.jpg 768w, http:\/\/www.filindeblogg.nu\/wp-content\/uploads\/2018\/03\/Kvinna-kastar-iv\u00e4g-barn-1024x576.jpg 1024w, http:\/\/www.filindeblogg.nu\/wp-content\/uploads\/2018\/03\/Kvinna-kastar-iv\u00e4g-barn.jpg 1920w\" sizes=\"(max-width: 300px) 100vw, 300px\" \/> Fattar ni!! Ser ni hur Lisa vill f\u00e5 alla nyf\u00f6rl\u00f6sta att darrande se det lilla r\u00e4dda barnet framf\u00f6r sig och som HON\/MAMMAN dumpar till f\u00f6rskolan. Ser ni hur hon\/mamman fixar en livsl\u00e5ng \u00e5ngest hos det lilla barnet!<br \/>\nPappan n\u00e4mns inte ens i sammanhanget! Han finns inte!!<img loading=\"lazy\" class=\"alignnone  wp-image-74610\" src=\"http:\/\/www.filindeblogg.nu\/wp-content\/uploads\/2018\/02\/Smiley-spyr-1.jpg\" alt=\"\" width=\"168\" height=\"126\" \/>Ja, bloggaren kr\u00e4ks p\u00e5 s\u00e5nt skitsnack!<\/p>\n<p>Lisas citat igen: <strong><em>&#8221;S\u00e5 varf\u00f6r ska kvinnor dessutom f\u00f6rverkliga sig genom jobbet? Vad betyder detta f\u00f6rverkligande ens?&#8221;<\/em><\/strong><\/p>\n<p>Ja, kan f\u00f6rverkligande kanske handla om det h\u00e4r, Lisa: <img loading=\"lazy\" class=\"alignnone size-full wp-image-74643\" src=\"http:\/\/www.filindeblogg.nu\/wp-content\/uploads\/2018\/03\/Utbildar-sig.jpg\" alt=\"\" width=\"256\" height=\"196\" \/> Att utbilda sig, satsa tid och pengar p\u00e5 ett yrke som jag tycker om och som jag vill &#8221;f\u00f6rverkliga mig sj\u00e4lv&#8221; med.<br \/>\nYrken som m\u00e4n och kvinnor sen b\u00e5da ut\u00f6var!\u00a0F\u00f6r att kunna flytta hemifr\u00e5n, skaffa bostad och f\u00f6rs\u00f6rja sig sj\u00e4lv.<br \/>\nPengar p\u00e5 fickan!\u00a0<img loading=\"lazy\" class=\"alignnone size-medium wp-image-74648\" src=\"http:\/\/www.filindeblogg.nu\/wp-content\/uploads\/2018\/03\/Pengar-i-fickan-300x200.jpg\" alt=\"\" width=\"300\" height=\"200\" srcset=\"http:\/\/www.filindeblogg.nu\/wp-content\/uploads\/2018\/03\/Pengar-i-fickan-300x200.jpg 300w, http:\/\/www.filindeblogg.nu\/wp-content\/uploads\/2018\/03\/Pengar-i-fickan.jpg 512w\" sizes=\"(max-width: 300px) 100vw, 300px\" \/><br \/>\n<img loading=\"lazy\" class=\"alignnone size-medium wp-image-74644\" src=\"http:\/\/www.filindeblogg.nu\/wp-content\/uploads\/2018\/03\/Olika-l\u00f6ner-300x177.jpg\" alt=\"\" width=\"300\" height=\"177\" srcset=\"http:\/\/www.filindeblogg.nu\/wp-content\/uploads\/2018\/03\/Olika-l\u00f6ner-300x177.jpg 300w, http:\/\/www.filindeblogg.nu\/wp-content\/uploads\/2018\/03\/Olika-l\u00f6ner.jpg 725w\" sizes=\"(max-width: 300px) 100vw, 300px\" \/> F\u00f6r att p\u00e5 sikt kanske m\u00f6jligen ocks\u00e5 uppn\u00e5 en j\u00e4mst\u00e4lld l\u00f6nes\u00e4ttning! <img loading=\"lazy\" class=\"alignnone size-medium wp-image-74645\" src=\"http:\/\/www.filindeblogg.nu\/wp-content\/uploads\/2018\/03\/Pengar-eller-baby-300x169.jpg\" alt=\"\" width=\"300\" height=\"169\" srcset=\"http:\/\/www.filindeblogg.nu\/wp-content\/uploads\/2018\/03\/Pengar-eller-baby-300x169.jpg 300w, http:\/\/www.filindeblogg.nu\/wp-content\/uploads\/2018\/03\/Pengar-eller-baby.jpg 635w\" sizes=\"(max-width: 300px) 100vw, 300px\" \/><br \/>\nDet \u00e4r sv\u00e5rt att h\u00e4vda lika l\u00f6n n\u00e4r den ena parten (m\u00e4n) jobbar full tid medan den andra (kvinnor) stannar hemma l\u00e4ngst med barnen och arbetar deltid.<\/p>\n<p><img loading=\"lazy\" class=\"alignnone size-medium wp-image-74647\" src=\"http:\/\/www.filindeblogg.nu\/wp-content\/uploads\/2018\/03\/Lyckliga-familjen-300x200.jpg\" alt=\"\" width=\"300\" height=\"200\" srcset=\"http:\/\/www.filindeblogg.nu\/wp-content\/uploads\/2018\/03\/Lyckliga-familjen-300x200.jpg 300w, http:\/\/www.filindeblogg.nu\/wp-content\/uploads\/2018\/03\/Lyckliga-familjen-768x512.jpg 768w, http:\/\/www.filindeblogg.nu\/wp-content\/uploads\/2018\/03\/Lyckliga-familjen.jpg 1000w\" sizes=\"(max-width: 300px) 100vw, 300px\" \/>\u00a0Och Lisa Magnusson i den b\u00e4sta av v\u00e4rldar \u00e4r det happy family som g\u00e4ller livet ut &#8211; men s\u00e5 ser det ju inte ut!<br \/>\nS\u00e5 den dagen gulligullandet med hemmafrutillvaro tar slut &#8211;<br \/>\ns\u00e5 st\u00e5r HON &#8211; MAMMAN d\u00e4r!\u00a0<img loading=\"lazy\" class=\"alignnone  wp-image-74649\" src=\"http:\/\/www.filindeblogg.nu\/wp-content\/uploads\/2018\/03\/Tomma-fickor-300x200.jpg\" alt=\"\" width=\"219\" height=\"146\" \/><br \/>\nSnacka om den \u00e5ngesten!! <img loading=\"lazy\" class=\"alignnone size-full wp-image-74650\" src=\"http:\/\/www.filindeblogg.nu\/wp-content\/uploads\/2018\/03\/Inga-pengar.jpg\" alt=\"\" width=\"275\" height=\"183\" \/><\/p>\n<p>Lisa Magnusson och andra med liknande tendenser &#8211; SLUTA!<br \/>\nVi vill INTE att cykeln ska sv\u00e4nga tillbaka till hemmafru d\u00e4r mannen\/pappan st\u00e4ngs ute och allt ansvar f\u00f6r s\u00e5v\u00e4l barn, hem och sin egen kommande omintetgjorda ekonomi ska l\u00e4ggas p\u00e5 kvinnan\/mamman! <img loading=\"lazy\" class=\"alignnone size-full wp-image-74653\" src=\"http:\/\/www.filindeblogg.nu\/wp-content\/uploads\/2018\/03\/Arsenik-kanske.jpg\" alt=\"\" width=\"225\" height=\"225\" srcset=\"http:\/\/www.filindeblogg.nu\/wp-content\/uploads\/2018\/03\/Arsenik-kanske.jpg 225w, http:\/\/www.filindeblogg.nu\/wp-content\/uploads\/2018\/03\/Arsenik-kanske-150x150.jpg 150w, http:\/\/www.filindeblogg.nu\/wp-content\/uploads\/2018\/03\/Arsenik-kanske-144x144.jpg 144w\" sizes=\"(max-width: 225px) 100vw, 225px\" \/><\/p>\n<p><img loading=\"lazy\" class=\"alignnone size-full wp-image-74654\" src=\"http:\/\/www.filindeblogg.nu\/wp-content\/uploads\/2018\/03\/Mamma-och-bebis.jpg\" alt=\"\" width=\"299\" height=\"169\" \/> Mammor blir f\u00f6r\u00e4ldrar!<\/p>\n<p>Men det blir pappor ocks\u00e5! <img loading=\"lazy\" class=\"alignnone size-medium wp-image-74655\" src=\"http:\/\/www.filindeblogg.nu\/wp-content\/uploads\/2018\/03\/Pappa-och-bebis-300x200.jpg\" alt=\"\" width=\"300\" height=\"200\" srcset=\"http:\/\/www.filindeblogg.nu\/wp-content\/uploads\/2018\/03\/Pappa-och-bebis-300x200.jpg 300w, http:\/\/www.filindeblogg.nu\/wp-content\/uploads\/2018\/03\/Pappa-och-bebis-768x513.jpg 768w, http:\/\/www.filindeblogg.nu\/wp-content\/uploads\/2018\/03\/Pappa-och-bebis.jpg 800w\" sizes=\"(max-width: 300px) 100vw, 300px\" \/><\/p>\n<p>Vi vill INTE tillbaka till det h\u00e4r: <img loading=\"lazy\" class=\"alignnone  wp-image-74656\" src=\"http:\/\/www.filindeblogg.nu\/wp-content\/uploads\/2018\/03\/Gamla-stuket-300x238.jpg\" alt=\"\" width=\"219\" height=\"174\" srcset=\"http:\/\/www.filindeblogg.nu\/wp-content\/uploads\/2018\/03\/Gamla-stuket-300x238.jpg 300w, http:\/\/www.filindeblogg.nu\/wp-content\/uploads\/2018\/03\/Gamla-stuket.jpg 692w\" sizes=\"(max-width: 219px) 100vw, 219px\" \/> Vi vill ha det s\u00e5 h\u00e4r ocks\u00e5! <img loading=\"lazy\" class=\"alignnone size-full wp-image-74657\" src=\"http:\/\/www.filindeblogg.nu\/wp-content\/uploads\/2018\/03\/Pappa-i-k\u00f6ket.jpg\" alt=\"\" width=\"275\" height=\"183\" \/><\/p>\n<p>B\u00e5da kan!! <img loading=\"lazy\" class=\"alignnone size-medium wp-image-74658\" src=\"http:\/\/www.filindeblogg.nu\/wp-content\/uploads\/2018\/03\/M\u00e4n-kan-ocks\u00e5-300x185.jpg\" alt=\"\" width=\"300\" height=\"185\" srcset=\"http:\/\/www.filindeblogg.nu\/wp-content\/uploads\/2018\/03\/M\u00e4n-kan-ocks\u00e5-300x185.jpg 300w, http:\/\/www.filindeblogg.nu\/wp-content\/uploads\/2018\/03\/M\u00e4n-kan-ocks\u00e5.jpg 740w\" sizes=\"(max-width: 300px) 100vw, 300px\" \/><\/p>\n<p><img loading=\"lazy\" class=\"alignnone size-medium wp-image-74661\" src=\"http:\/\/www.filindeblogg.nu\/wp-content\/uploads\/2018\/03\/Jag-vill-r\u00f6sta-men-jag-f\u00e5r-inte-f\u00f6r-min-fru-188x300.jpg\" alt=\"\" width=\"188\" height=\"300\" srcset=\"http:\/\/www.filindeblogg.nu\/wp-content\/uploads\/2018\/03\/Jag-vill-r\u00f6sta-men-jag-f\u00e5r-inte-f\u00f6r-min-fru-188x300.jpg 188w, http:\/\/www.filindeblogg.nu\/wp-content\/uploads\/2018\/03\/Jag-vill-r\u00f6sta-men-jag-f\u00e5r-inte-f\u00f6r-min-fru.jpg 502w\" sizes=\"(max-width: 188px) 100vw, 188px\" \/>\u00a0Och det handlar INTE om n\u00e5gon sorts kall egoistisk tanke om rent sj\u00e4lvf\u00f6rverkligande fr\u00e5n en bebisdumpande mamma! <img loading=\"lazy\" class=\"alignnone  wp-image-74659\" src=\"http:\/\/www.filindeblogg.nu\/wp-content\/uploads\/2018\/03\/Turn-blue-290x300.jpg\" alt=\"\" width=\"226\" height=\"234\" srcset=\"http:\/\/www.filindeblogg.nu\/wp-content\/uploads\/2018\/03\/Turn-blue-290x300.jpg 290w, http:\/\/www.filindeblogg.nu\/wp-content\/uploads\/2018\/03\/Turn-blue-768x795.jpg 768w, http:\/\/www.filindeblogg.nu\/wp-content\/uploads\/2018\/03\/Turn-blue-989x1024.jpg 989w, http:\/\/www.filindeblogg.nu\/wp-content\/uploads\/2018\/03\/Turn-blue.jpg 1559w\" sizes=\"(max-width: 226px) 100vw, 226px\" \/><\/p>\n<p>Det handlar om f\u00f6r\u00e4ldraskap, om alla m\u00e4nniskors lika v\u00e4rde, om samh\u00e4llsf\u00f6r\u00e4ndringar, j\u00e4mst\u00e4lldhet, ekonomi, utveckling och &#8211; barns b\u00e4sta!<\/p>\n<p><img loading=\"lazy\" class=\"aligncenter size-medium wp-image-74660\" src=\"http:\/\/www.filindeblogg.nu\/wp-content\/uploads\/2018\/03\/Detta-\u00e4r-feminism-219x300.jpg\" alt=\"\" width=\"219\" height=\"300\" srcset=\"http:\/\/www.filindeblogg.nu\/wp-content\/uploads\/2018\/03\/Detta-\u00e4r-feminism-219x300.jpg 219w, http:\/\/www.filindeblogg.nu\/wp-content\/uploads\/2018\/03\/Detta-\u00e4r-feminism.jpg 467w\" sizes=\"(max-width: 219px) 100vw, 219px\" \/><\/p>\n<p>Efter korkinl\u00e4gget om att p-piller skulle vara m\u00e4ns stora lycka i livet skrev bloggaren till Lisa Magnusson och h\u00e4nvisade till bloggen. Fick bloggaren svar? Inte d\u00e5!<br \/>\nBloggaren kommer att g\u00f6ra samma sak den h\u00e4r g\u00e5ngen. OM Lisa svarar ska ni f\u00e5 veta!<\/p>\n<p><img loading=\"lazy\" class=\"alignnone size-full wp-image-74662\" src=\"http:\/\/www.filindeblogg.nu\/wp-content\/uploads\/2018\/03\/Mamma-pappa-barn.png\" alt=\"\" width=\"269\" height=\"187\" \/> Ja, se det var en riktig blogg det! Det ska bli intressant att se hur m\u00e5nga som l\u00e4ser &#8211; och hur det f\u00f6rdelar sig mellan m\u00e4n och kvinnor.<\/p>\n<p>Bloggaren v\u00e4grar h\u00e4nga p\u00e5 cykeln som sv\u00e4nger mot hemmafruar och samtidigt ska det klankas p\u00e5 m\u00e4n i tid och otid. So boooring!! F\u00f6r att inte tala om DUMT och n\u00e5got som inte fr\u00e4mjar j\u00e4mst\u00e4lldheten alls!<br \/>\nP\u00e5 tal om rubriken&#8230;<img loading=\"lazy\" class=\"alignnone  wp-image-74622\" src=\"http:\/\/www.filindeblogg.nu\/wp-content\/uploads\/2018\/03\/Gubbslem-300x201.jpg\" alt=\"\" width=\"124\" height=\"83\" srcset=\"http:\/\/www.filindeblogg.nu\/wp-content\/uploads\/2018\/03\/Gubbslem-300x201.jpg 300w, http:\/\/www.filindeblogg.nu\/wp-content\/uploads\/2018\/03\/Gubbslem-768x514.jpg 768w, http:\/\/www.filindeblogg.nu\/wp-content\/uploads\/2018\/03\/Gubbslem.jpg 800w\" sizes=\"(max-width: 124px) 100vw, 124px\" \/> och <img loading=\"lazy\" class=\"alignnone  wp-image-74624\" src=\"http:\/\/www.filindeblogg.nu\/wp-content\/uploads\/2018\/03\/Rugguggla-Kopia-300x170.jpg\" alt=\"\" width=\"155\" height=\"88\" srcset=\"http:\/\/www.filindeblogg.nu\/wp-content\/uploads\/2018\/03\/Rugguggla-Kopia-300x170.jpg 300w, http:\/\/www.filindeblogg.nu\/wp-content\/uploads\/2018\/03\/Rugguggla-Kopia.jpg 565w\" sizes=\"(max-width: 155px) 100vw, 155px\" \/><\/p>\n<p>Bloggaren har fortfarande sviter av flunsan och dricker en klunk s\u00e5dant h\u00e4r varje morgon. <img loading=\"lazy\" class=\"alignnone size-medium wp-image-74663\" src=\"http:\/\/www.filindeblogg.nu\/wp-content\/uploads\/2018\/03\/IMG_6097-179x300.jpg\" alt=\"\" width=\"179\" height=\"300\" srcset=\"http:\/\/www.filindeblogg.nu\/wp-content\/uploads\/2018\/03\/IMG_6097-179x300.jpg 179w, http:\/\/www.filindeblogg.nu\/wp-content\/uploads\/2018\/03\/IMG_6097.jpg 382w\" sizes=\"(max-width: 179px) 100vw, 179px\" \/> Hon l\u00e4ste lite mer noggrant p\u00e5 etiketten imorse och uppt\u00e4ckte det h\u00e4r r\u00e5det&#8230; <img loading=\"lazy\" class=\"alignnone size-medium wp-image-74664\" src=\"http:\/\/www.filindeblogg.nu\/wp-content\/uploads\/2018\/03\/IMG_6096-225x300.jpg\" alt=\"\" width=\"225\" height=\"300\" srcset=\"http:\/\/www.filindeblogg.nu\/wp-content\/uploads\/2018\/03\/IMG_6096-225x300.jpg 225w, http:\/\/www.filindeblogg.nu\/wp-content\/uploads\/2018\/03\/IMG_6096.jpg 480w\" sizes=\"(max-width: 225px) 100vw, 225px\" \/><br \/>\n<em>&#8221;T\u00e4nk p\u00e5 vikten av en h\u00e4lsosam livsstil&#8221;<\/em>!<br \/>\nVad menas med det? Vem best\u00e4mmer vilken livsstil som \u00e4r h\u00e4lsosam och inte!?<img loading=\"lazy\" class=\"alignnone  wp-image-74547\" src=\"http:\/\/www.filindeblogg.nu\/wp-content\/uploads\/2018\/02\/Blinka-med-ett-\u00f6ga-emoji.jpg\" alt=\"\" width=\"74\" height=\"82\" \/><\/p>\n<p>Bloggaren struntar i r\u00e5det och lever som hon vill! En del tycker att hon kanske \u00e4r too much &#8211; men det bryr hon sig inte ett dugg om!<br \/>\nOch f\u00f6r dom som undrar eller kanske inte snappat budskapet \u00e4n s\u00e5 g\u00e4ller detta f\u00f6r bloggaren: <img loading=\"lazy\" class=\"alignnone size-full wp-image-74665\" src=\"http:\/\/www.filindeblogg.nu\/wp-content\/uploads\/2018\/03\/I-love-men.jpg\" alt=\"\" width=\"248\" height=\"192\" \/><\/p>\n<p><img loading=\"lazy\" class=\"alignnone  wp-image-74666\" src=\"http:\/\/www.filindeblogg.nu\/wp-content\/uploads\/2018\/03\/I-feel-a-sin-coming-on-297x300.jpg\" alt=\"\" width=\"224\" height=\"226\" srcset=\"http:\/\/www.filindeblogg.nu\/wp-content\/uploads\/2018\/03\/I-feel-a-sin-coming-on-297x300.jpg 297w, http:\/\/www.filindeblogg.nu\/wp-content\/uploads\/2018\/03\/I-feel-a-sin-coming-on-150x150.jpg 150w, http:\/\/www.filindeblogg.nu\/wp-content\/uploads\/2018\/03\/I-feel-a-sin-coming-on-144x144.jpg 144w, http:\/\/www.filindeblogg.nu\/wp-content\/uploads\/2018\/03\/I-feel-a-sin-coming-on.jpg 354w\" sizes=\"(max-width: 224px) 100vw, 224px\" \/> + <img loading=\"lazy\" class=\"alignnone size-full wp-image-74667\" src=\"http:\/\/www.filindeblogg.nu\/wp-content\/uploads\/2018\/03\/Think-of-me-as-a-challenge.jpg\" alt=\"\" width=\"225\" height=\"225\" srcset=\"http:\/\/www.filindeblogg.nu\/wp-content\/uploads\/2018\/03\/Think-of-me-as-a-challenge.jpg 225w, http:\/\/www.filindeblogg.nu\/wp-content\/uploads\/2018\/03\/Think-of-me-as-a-challenge-150x150.jpg 150w, http:\/\/www.filindeblogg.nu\/wp-content\/uploads\/2018\/03\/Think-of-me-as-a-challenge-144x144.jpg 144w\" sizes=\"(max-width: 225px) 100vw, 225px\" \/> &#8211; THAT&#8217;S ME! <img loading=\"lazy\" class=\"alignnone  wp-image-74563\" src=\"http:\/\/www.filindeblogg.nu\/wp-content\/uploads\/2018\/02\/Puss-3-mindre-261x300.jpg\" alt=\"\" width=\"194\" height=\"223\" srcset=\"http:\/\/www.filindeblogg.nu\/wp-content\/uploads\/2018\/02\/Puss-3-mindre-261x300.jpg 261w, http:\/\/www.filindeblogg.nu\/wp-content\/uploads\/2018\/02\/Puss-3-mindre.jpg 278w\" sizes=\"(max-width: 194px) 100vw, 194px\" \/><\/p>\n<p>Som slutkl\u00e4m V\u00e4stra M\u00e4lardalens nya polisbil! <img loading=\"lazy\" class=\"alignnone size-medium wp-image-74668\" src=\"http:\/\/www.filindeblogg.nu\/wp-content\/uploads\/2018\/03\/IMG_6114-300x225.jpg\" alt=\"\" width=\"300\" height=\"225\" srcset=\"http:\/\/www.filindeblogg.nu\/wp-content\/uploads\/2018\/03\/IMG_6114-300x225.jpg 300w, http:\/\/www.filindeblogg.nu\/wp-content\/uploads\/2018\/03\/IMG_6114.jpg 640w\" sizes=\"(max-width: 300px) 100vw, 300px\" \/> En fin <strong>Volvo V90 Cross Country<\/strong>! (Foto:Alexandra Edman\/MittMedia).<\/p>\n<p>Bloggarens egen \u00e4lskling g\u00e5r heller inte av f\u00f6r hackor! <img loading=\"lazy\" class=\"alignnone  wp-image-74529\" src=\"http:\/\/www.filindeblogg.nu\/wp-content\/uploads\/2018\/02\/Hj\u00e4rta-svart-ram.png\" alt=\"\" width=\"23\" height=\"23\" \/>\u00a0 <img loading=\"lazy\" class=\"alignnone  wp-image-74670\" src=\"http:\/\/www.filindeblogg.nu\/wp-content\/uploads\/2018\/03\/IMG_6528-283x300.jpg\" alt=\"\" width=\"227\" height=\"241\" srcset=\"http:\/\/www.filindeblogg.nu\/wp-content\/uploads\/2018\/03\/IMG_6528-283x300.jpg 283w, http:\/\/www.filindeblogg.nu\/wp-content\/uploads\/2018\/03\/IMG_6528.jpg 750w\" sizes=\"(max-width: 227px) 100vw, 227px\" \/> Och d\u00e5 snackar vi bilar och inte andra \u00e4lsklingar. <img loading=\"lazy\" class=\"alignnone  wp-image-74669\" src=\"http:\/\/www.filindeblogg.nu\/wp-content\/uploads\/2018\/03\/Puss-smiley-1.jpg\" alt=\"\" width=\"57\" height=\"57\" srcset=\"http:\/\/www.filindeblogg.nu\/wp-content\/uploads\/2018\/03\/Puss-smiley-1.jpg 225w, http:\/\/www.filindeblogg.nu\/wp-content\/uploads\/2018\/03\/Puss-smiley-1-150x150.jpg 150w, http:\/\/www.filindeblogg.nu\/wp-content\/uploads\/2018\/03\/Puss-smiley-1-144x144.jpg 144w\" sizes=\"(max-width: 57px) 100vw, 57px\" \/><\/p>\n<p>&nbsp;<\/p>\n<p>&nbsp;<\/p>\n","protected":false},"excerpt":{"rendered":"<p>Gubbslem! Rugguggla! Vad trodde ni!? Bloggaren har haft sin datasupport hemma och han konstaterade att hon har flera tusen l\u00e4sare av bloggen och m\u00e5nga \u00e4r m\u00e4n! Det tackar vi f\u00f6r! En annan sak som datakillen uppt\u00e4ckte var att torsdagskv\u00e4llar \u00e4r en vanlig tid att kolla in bloggen! Men nu \u00e4r det m\u00e5ndag och det f\u00e5r [&hellip;]<\/p>\n","protected":false},"author":1,"featured_media":0,"comment_status":"open","ping_status":"open","sticky":false,"template":"","format":"standard","meta":[],"categories":[125,189,156,121,100,119,151,133],"tags":[],"_links":{"self":[{"href":"http:\/\/www.filindeblogg.nu\/index.php?rest_route=\/wp\/v2\/posts\/74621"}],"collection":[{"href":"http:\/\/www.filindeblogg.nu\/index.php?rest_route=\/wp\/v2\/posts"}],"about":[{"href":"http:\/\/www.filindeblogg.nu\/index.php?rest_route=\/wp\/v2\/types\/post"}],"author":[{"embeddable":true,"href":"http:\/\/www.filindeblogg.nu\/index.php?rest_route=\/wp\/v2\/users\/1"}],"replies":[{"embeddable":true,"href":"http:\/\/www.filindeblogg.nu\/index.php?rest_route=%2Fwp%2Fv2%2Fcomments&post=74621"}],"version-history":[{"count":21,"href":"http:\/\/www.filindeblogg.nu\/index.php?rest_route=\/wp\/v2\/posts\/74621\/revisions"}],"predecessor-version":[{"id":74691,"href":"http:\/\/www.filindeblogg.nu\/index.php?rest_route=\/wp\/v2\/posts\/74621\/revisions\/74691"}],"wp:attachment":[{"href":"http:\/\/www.filindeblogg.nu\/index.php?rest_route=%2Fwp%2Fv2%2Fmedia&parent=74621"}],"wp:term":[{"taxonomy":"category","embeddable":true,"href":"http:\/\/www.filindeblogg.nu\/index.php?rest_route=%2Fwp%2Fv2%2Fcategories&post=74621"},{"taxonomy":"post_tag","embeddable":true,"href":"http:\/\/www.filindeblogg.nu\/index.php?rest_route=%2Fwp%2Fv2%2Ftags&post=74621"}],"curies":[{"name":"wp","href":"https:\/\/api.w.org\/{rel}","templated":true}]}}