{"id":7457,"date":"2009-09-01T06:44:56","date_gmt":"2009-09-01T05:44:56","guid":{"rendered":"http:\/\/www.filindeblogg.nu\/?p=7457"},"modified":"2009-09-01T06:59:47","modified_gmt":"2009-09-01T05:59:47","slug":"dod-at-folket-och-andra-funderingar","status":"publish","type":"post","link":"http:\/\/www.filindeblogg.nu\/?p=7457","title":{"rendered":"D\u00d6D \u00c5T FOLKET och andra funderingar"},"content":{"rendered":"<p>Idag f\u00f6rv\u00e4ntas den sista sommardagen infinna sig. V\u00e4derleksrapporter har under flera dagar ber\u00e4ttat om att just tisdagen den 1 september ska ge solsken och v\u00e4rme upp mot 25 grader n\u00e4stan \u00f6ver hela landet. Vi f\u00e5r se hur det blir med det.<\/p>\n<p>Sista sommardagen och f\u00f6rsta h\u00f6stdagen &#8211; i alla fall f\u00f6rsta september<a href=\"http:\/\/www.aftonbladet.se\/nyheter\/svininfluensan\/article5723014.ab\">.<\/a> Jag bl\u00e4ddrar bland internetsidorna och finner D\u00d6D bland de flesta, som vanligt. Nu lite d\u00f6d och f\u00f6rst\u00f6relse p\u00e5 n\u00e4ra h\u00e5ll ocks\u00e5 &#8211; inte bara i <strong>Afrika, Afganistan eller Burma<\/strong>.<\/p>\n<p><strong>Expressen<\/strong> m fl skriver om 3 d\u00f6da sp\u00e4dbarn i<strong> V\u00e4ster\u00e5s<\/strong><a href=\"http:\/\/www.expressen.se\/Nyheter\/1.1690526\/tre-barn-dog-av-resistent-bakterie\">. <\/a>Avlidna p g a en multiresistent bakterie som f\u00e5tt grepp om dom p\u00e5 Centrallasarettet i <a href=\"http:\/\/www.dn.se\/nyheter\/sverige\/tre-barn-dog-av-resistent-bakterie-1.942620\"><\/a><a href=\"http:\/\/vlt.se\/nyheter\/vasteras\/1.550230\">V\u00e4ster\u00e5s<\/a>! Ruskigt och en tragedi f\u00f6r de anh\u00f6riga.<\/p>\n<p>Det f\u00f6rsta d\u00f6dsfallet i <strong>Svininfluensan<\/strong> har ocks\u00e5 konstaterats i <strong>Sverige<\/strong>. Nu blir det gatlopp mot v\u00e5rdcentralerna f\u00f6r vaccination! Men \u00e4r det l\u00f6nt spr\u00e5ngmarschen? Finns det n\u00e5got vaccin \u00e4nnu<a href=\"http:\/\/www.svd.se\/nyheter\/inrikes\/artikel_3446533.svd\">?<\/a> Hj\u00e4lper den i s\u00e5 fall<a href=\"http:\/\/www.dn.se\/nyheter\/sverige\/ungdomar-brande-ned-behandlingshem-1.942623\">? <\/a>Och vilka \u00e4r bieffekterna?<\/p>\n<p><em><strong>&#8221;Ungdomar br\u00e4nde ner behandlingshem&#8221;<\/strong><\/em> skriker rubrikerna och jag undrar i mitt stilla sinne hur l\u00e4nge skriken p\u00e5 hj\u00e4lp p\u00e5g\u00e5tt fr\u00e5n ungdomarna<a href=\"http:\/\/www.expressen.se\/Nyheter\/1.1690534\/ungdomar-brande-ned-behandlingshem\">. <\/a><\/p>\n<p>Behandlingshemmet heter <a href=\"http:\/\/www.flarka.se\/v2\/index.asp\"><strong>Flarka <\/strong><\/a>och ligger i <strong>\u00d6sterg\u00f6tland<\/strong>. Hemsidan talar om olika behandlingsformer och kompetent personal f\u00f6r en m\u00e5lgrupp som f\u00f6retaget beskriver s\u00e5 h\u00e4r: <strong><em>&#8221;LVU och SoL placerade ungdomar mellan 13-19 \u00e5r med psykiska st\u00f6rningar samt psykoneurologisk problematik som bl a tar sig uttryck i social problematik och relationsproblematik. Vi jobbar \u00e4ven med integrationsproblematik.&#8221;<\/em><\/strong><\/p>\n<p>Mycket misst\u00e4nksam som jag \u00e4r mot privata behandlingshem i allm\u00e4nhet och mot behandlingen av ungdomar &#8221;med psykiska st\u00f6rningar samt psykoneurologisk problematik&#8221; i synnerhet undrar jag vilken kontroll som finns av Flarka och behandlingen av ungdomarna n\u00e4r? Vad ligger egentligen bakom den st\u00f6kiga kv\u00e4llen som ledde till att huset sattes i brand? Vilken \u00e4r kontrollinstansen och g\u00f6r dom sitt jobb? \u00c4r det n\u00e5gon som bryr sig om dessa ungdomar &#8211; egentligen?<strong> Eller \u00e4r det bara fritt fram att tj\u00e4na pengar p\u00e5 barns och ungdomars olycka i v\u00e5rt &#8221;v\u00e4lf\u00e4rdsland&#8221;!?<\/strong><\/p>\n<p>D\u00f6den v\u00e4ntar p\u00e5 oss alla s\u00e5 sm\u00e5ningom. Tills dess vore det v\u00e4l r\u00e4tt nice om vi f\u00e5r ett bra liv den tid vi f\u00e5r oss tilldelat &#8211; eller har jag fel? G\u00e4ller s\u00e5v\u00e4l presumtiva influensasmittade<a href=\"http:\/\/www.dn.se\/nyheter\/vetenskap\/forsta-svensken-sjuk-i-svininfluensa-dod-1.942546\">, <\/a>nyf\u00f6dda sp\u00e4dbarn som s k st\u00f6kiga ungdomar! S\u00e5v\u00e4l i Sverige som resten av v\u00e4rlden.<br \/>\n<strong>RESPEKT<\/strong> \u00e4r mitt ledord!<\/p>\n<p style=\"text-align: center;\"><strong>*****<\/strong><\/p>\n<p>Inte mycket jag kan g\u00f6ra \u00e5t hemskheterna i v\u00e4rlden mer \u00e4n uttrycka mina \u00e5sikter p\u00e5 en blogg. Och det \u00e4r v\u00e4l \u00e4nd\u00e5 n\u00e5got?<\/p>\n<p>Tillbaka till min egen lilla verklighet bland katter och kor! Ja, f\u00f6r kor har jag ocks\u00e5 &#8211; p\u00e5 v\u00e4ggen h\u00e4r nere i <strong>Sk\u00e5ne<\/strong>. Min sv\u00e4rmor var utbildad i konsthistoria och annat. Som amanuens p\u00e5 <strong>V\u00e4ster\u00e5s Konstmuseum<\/strong> kom hon i kontakt med m\u00e4ngder av konstn\u00e4rer\u00a0 och deras verk. Huruvida tavlan som h\u00e4nger h\u00e4r nere \u00e4r av n\u00e5got s\u00e4rskilt v\u00e4rde l\u00e5ter jag vara osagt men den \u00e4r kul och visar en av de sidor som min <strong>sv\u00e4rmor Kerstin <\/strong>uppskattades mycket f\u00f6r &#8211; humorn!<\/p>\n<p><img loading=\"lazy\" class=\"alignnone size-thumbnail wp-image-7458\" title=\"Kor p\u00e5 tavla\" src=\"http:\/\/www.filindeblogg.nu\/wp-content\/uploads\/2009\/09\/Kor-p\u00e5-tavla-150x150.jpg\" alt=\"Kor p\u00e5 tavla\" width=\"150\" height=\"150\" \/> Och lite n\u00e4rmare: <img loading=\"lazy\" class=\"alignnone size-medium wp-image-7459\" title=\"Kor n\u00e4rbild p\u00e5 tavla\" src=\"http:\/\/www.filindeblogg.nu\/wp-content\/uploads\/2009\/09\/Kor-n\u00e4rbild-p\u00e5-tavla-300x225.jpg\" alt=\"Kor n\u00e4rbild p\u00e5 tavla\" width=\"210\" height=\"158\" srcset=\"http:\/\/www.filindeblogg.nu\/wp-content\/uploads\/2009\/09\/Kor-n\u00e4rbild-p\u00e5-tavla-300x225.jpg 300w, http:\/\/www.filindeblogg.nu\/wp-content\/uploads\/2009\/09\/Kor-n\u00e4rbild-p\u00e5-tavla.jpg 640w\" sizes=\"(max-width: 210px) 100vw, 210px\" \/><\/p>\n<p>P\u00e5 tal om kor! Kor har heller ingen s\u00e4rskilt rolig levnadstid&#8230; Men det \u00e4r en annan blogg.<\/p>\n<p>Mina katter lever sina liv r\u00e4tt bra, tror jag. En familj som \u00e4lskar och respekterar dom. Alla katter \u00e4r detta tyv\u00e4rr inte f\u00f6runnat. (Ocks\u00e5 en annan blogg&#8230;)<\/p>\n<p>Den h\u00e4r morgonen var en matta en v\u00e4ldigt rolig leksak! <strong>Wilma<\/strong> kr\u00f6p under den medan<strong> Curry<\/strong> hoppade efter henne. H\u00e4r busar de ovanp\u00e5 n\u00e4mnda matta! <img loading=\"lazy\" class=\"alignnone size-thumbnail wp-image-7460\" title=\"Curry, Wilma och en matta\" src=\"http:\/\/www.filindeblogg.nu\/wp-content\/uploads\/2009\/09\/Curry-Wilma-och-en-matta-150x150.jpg\" alt=\"Curry, Wilma och en matta\" width=\"150\" height=\"150\" \/> Medan ensamvargen <strong>Felix<\/strong> inte bryr sig utan slumrar lugnt vidare p\u00e5 bordet!! Det b\u00e4sta mor har s\u00e4tter hon p\u00e5 bordet, heter det ju! \ud83d\ude42 <img loading=\"lazy\" class=\"alignnone size-medium wp-image-7461\" title=\"Felix ensamvargen\" src=\"http:\/\/www.filindeblogg.nu\/wp-content\/uploads\/2009\/09\/Felix-ensamvargen-300x225.jpg\" alt=\"Felix ensamvargen\" width=\"180\" height=\"135\" srcset=\"http:\/\/www.filindeblogg.nu\/wp-content\/uploads\/2009\/09\/Felix-ensamvargen-300x225.jpg 300w, http:\/\/www.filindeblogg.nu\/wp-content\/uploads\/2009\/09\/Felix-ensamvargen.jpg 640w\" sizes=\"(max-width: 180px) 100vw, 180px\" \/><\/p>\n<p>Klockan har passerat halv \u00e5tta och solen str\u00e5lar in mellan bj\u00f6rkarna utanf\u00f6r stugan. Det blir nog en solig dag!<\/p>\n<p>Var r\u00e4dda om er och om varandra! Gl\u00f6m aldrig:<strong> <\/strong><\/p>\n<p style=\"text-align: center;\"><strong> Respekt f\u00f6r allt levande! Och en m\u00e4nniska \u00e4r mycket mer \u00e4n sitt yttre och sina handlingar!<br \/>\nDet f\u00e5r bli veckans visdomsord!<\/strong><\/p>\n<p style=\"text-align: center;\"><strong><img loading=\"lazy\" class=\"aligncenter size-medium wp-image-7462\" title=\"Spindel i n\u00e4t\" src=\"http:\/\/www.filindeblogg.nu\/wp-content\/uploads\/2009\/09\/Spindel-i-n\u00e4t-300x225.jpg\" alt=\"Spindel i n\u00e4t\" width=\"300\" height=\"225\" srcset=\"http:\/\/www.filindeblogg.nu\/wp-content\/uploads\/2009\/09\/Spindel-i-n\u00e4t-300x225.jpg 300w, http:\/\/www.filindeblogg.nu\/wp-content\/uploads\/2009\/09\/Spindel-i-n\u00e4t.jpg 640w\" sizes=\"(max-width: 300px) 100vw, 300px\" \/><\/strong><\/p>\n<p style=\"text-align: center;\"><strong>Ni vet v\u00e4l att det heter &#8221;Lyckospindel&#8221;!?<br \/>\nOch att det blir regn om du d\u00f6dar en spindel!?<br \/>\nRESPEKT!<br \/>\n<\/strong><\/p>\n<p><strong><br \/>\n<\/strong><\/p>\n","protected":false},"excerpt":{"rendered":"<p>Idag f\u00f6rv\u00e4ntas den sista sommardagen infinna sig. V\u00e4derleksrapporter har under flera dagar ber\u00e4ttat om att just tisdagen den 1 september ska ge solsken och v\u00e4rme upp mot 25 grader n\u00e4stan \u00f6ver hela landet. Vi f\u00e5r se hur det blir med det. Sista sommardagen och f\u00f6rsta h\u00f6stdagen &#8211; i alla fall f\u00f6rsta september. Jag bl\u00e4ddrar bland [&hellip;]<\/p>\n","protected":false},"author":1,"featured_media":0,"comment_status":"open","ping_status":"open","sticky":false,"template":"","format":"standard","meta":[],"categories":[107,100,101],"tags":[],"_links":{"self":[{"href":"http:\/\/www.filindeblogg.nu\/index.php?rest_route=\/wp\/v2\/posts\/7457"}],"collection":[{"href":"http:\/\/www.filindeblogg.nu\/index.php?rest_route=\/wp\/v2\/posts"}],"about":[{"href":"http:\/\/www.filindeblogg.nu\/index.php?rest_route=\/wp\/v2\/types\/post"}],"author":[{"embeddable":true,"href":"http:\/\/www.filindeblogg.nu\/index.php?rest_route=\/wp\/v2\/users\/1"}],"replies":[{"embeddable":true,"href":"http:\/\/www.filindeblogg.nu\/index.php?rest_route=%2Fwp%2Fv2%2Fcomments&post=7457"}],"version-history":[{"count":4,"href":"http:\/\/www.filindeblogg.nu\/index.php?rest_route=\/wp\/v2\/posts\/7457\/revisions"}],"predecessor-version":[{"id":7465,"href":"http:\/\/www.filindeblogg.nu\/index.php?rest_route=\/wp\/v2\/posts\/7457\/revisions\/7465"}],"wp:attachment":[{"href":"http:\/\/www.filindeblogg.nu\/index.php?rest_route=%2Fwp%2Fv2%2Fmedia&parent=7457"}],"wp:term":[{"taxonomy":"category","embeddable":true,"href":"http:\/\/www.filindeblogg.nu\/index.php?rest_route=%2Fwp%2Fv2%2Fcategories&post=7457"},{"taxonomy":"post_tag","embeddable":true,"href":"http:\/\/www.filindeblogg.nu\/index.php?rest_route=%2Fwp%2Fv2%2Ftags&post=7457"}],"curies":[{"name":"wp","href":"https:\/\/api.w.org\/{rel}","templated":true}]}}