{"id":74342,"date":"2018-02-20T14:06:48","date_gmt":"2018-02-20T13:06:48","guid":{"rendered":"http:\/\/www.filindeblogg.nu\/?p=74342"},"modified":"2018-02-20T14:16:22","modified_gmt":"2018-02-20T13:16:22","slug":"om-superkraften-adhd-och-om-att-hata-vinter","status":"publish","type":"post","link":"http:\/\/www.filindeblogg.nu\/?p=74342","title":{"rendered":"Om superkraften ADHD! Och om att HATA VINTER!"},"content":{"rendered":"<p><img loading=\"lazy\" class=\"alignnone size-full wp-image-74343\" src=\"http:\/\/www.filindeblogg.nu\/wp-content\/uploads\/2018\/02\/ADHD.jpg\" alt=\"\" width=\"244\" height=\"207\" \/> Bloggaren vet inte allt om ADHD men hon vet en hel del. D\u00e4rf\u00f6r blir hon ARG, galet frustrerad och M\u00c5R ILLA n\u00e4r hon l\u00e4ser &#8221;uppt\u00e4ckter&#8221; som g\u00f6rs 2018 och som borde ha avklarats f\u00f6r L\u00c4NGE sedan!<\/p>\n<p>Som den h\u00e4r &#8221;nyheten&#8221;: &#8221;<\/p>\n<h1 class=\"nyh_article__heading\">Barn med adhd beh\u00f6ver r\u00f6relse f\u00f6r att l\u00e4ra<\/h1>\n<p><em>&#8221;Barn med adhd som r\u00f6r sig mycket och har sv\u00e5rt att sitta stilla i klassrummet beh\u00f6ver inte vara omotiverade. Ist\u00e4llet m\u00e5ste de r\u00f6ra sig f\u00f6r att klara av sv\u00e5ra arbetsuppgifter.&#8221;<\/em><\/p>\n<p>D v s det \u00e4r helt galet fel att l\u00e4rare sk\u00e4ller, &#8221;tar i \u00f6rat&#8221; och tvingar skolelever att sitta stilla!<\/p>\n<p>Ur artikeln: <em>&#8221;\u2013 Barn med adhd beh\u00f6ver r\u00f6ra sig n\u00e4r de anv\u00e4nder exekutiva f\u00f6rm\u00e5gor. R\u00f6relse hj\u00e4lper dem att vara alerta, s\u00e4ger psykologiprofessor Mark Rapport vid University of Central Florida. &#8221;<\/em><\/p>\n<p><em>Och mer! &#8221;Om barnen missar information som st\u00e4ller krav p\u00e5 arbetsminne s\u00e5 m\u00e5ste vi anpassa hur man ger information s\u00e5 att de har m\u00f6jlighet och f\u00f6ruts\u00e4ttningar att ta till sig den, menar Ylva Ginsberg (<\/em>medicinsk sakkunnig p\u00e5 Socialstyrelsen och adhd-forskare vid Karolinska institutet, bloggarens anm.<em>)<\/em><\/p>\n<p><em>\u2013 Det m\u00e5ste p\u00e5 allvar bli \u00e4ndringar i skolsituationen, f\u00f6r det beh\u00f6vs ju. Det hj\u00e4lper inte att s\u00e4ga till barn med adhd \u201dmen sitt stilla nu\u201d.<\/em><\/p>\n<p><img loading=\"lazy\" class=\"size-medium wp-image-74347 aligncenter\" src=\"http:\/\/www.filindeblogg.nu\/wp-content\/uploads\/2018\/02\/R\u00f6riga-barn-300x200.jpg\" alt=\"\" width=\"300\" height=\"200\" srcset=\"http:\/\/www.filindeblogg.nu\/wp-content\/uploads\/2018\/02\/R\u00f6riga-barn-300x200.jpg 300w, http:\/\/www.filindeblogg.nu\/wp-content\/uploads\/2018\/02\/R\u00f6riga-barn.jpg 700w\" sizes=\"(max-width: 300px) 100vw, 300px\" \/><\/p>\n<p>L\u00e4s hela artikeln p\u00e5<strong> SVT Nyheter<\/strong> genom att klicka <a href=\"https:\/\/www.svt.se\/nyheter\/vetenskap\/barn-med-adhd-behover-rorelse-for-inlarning\"><strong>H\u00c4R!<\/strong> <\/a><br \/>\nOch artikeln h\u00e4nvisar sedan till ett inslag ur g\u00e5rdagens (19\/2) <strong>Vetenskapens V\u00e4rld <em>&#8221;Adhd, vad och varf\u00f6r?&#8221; <\/em><\/strong>Ett mycket intressant avsnitt om det d\u00e5liga eller det verkligt bra med att ha ADHD!<br \/>\n<strong>SE PROGRAMMET <a href=\"https:\/\/www.svtplay.se\/video\/16937454\/vetenskapens-varld\/vetenskapens-varld-sasong-28-vad-ar-adhd?start=auto\">H\u00c4R!!<\/a><\/strong> (Finns kvar i 30 dagar!)<br \/>\n<img loading=\"lazy\" class=\"alignnone wp-image-74348\" src=\"http:\/\/www.filindeblogg.nu\/wp-content\/uploads\/2018\/02\/Rory-Bremner-300x168.jpg\" alt=\"\" width=\"223\" height=\"125\" \/>\u00a0Som komikern <strong>Rory Bremner<\/strong> s\u00e4ger i programmet efter att ha f\u00e5tt diagnosen ADHD men ocks\u00e5 f\u00e5tt prova att ta medicin mot dess effekter: <strong><em>&#8221;- F\u00f6redrar jag den uppskruvade paniken eller ett mer kontrollerat kaos?&#8221;<\/em><\/strong><\/p>\n<p><img loading=\"lazy\" class=\"aligncenter size-medium wp-image-74349\" src=\"http:\/\/www.filindeblogg.nu\/wp-content\/uploads\/2018\/02\/Tromb-Kopia-219x300.jpg\" alt=\"\" width=\"219\" height=\"300\" srcset=\"http:\/\/www.filindeblogg.nu\/wp-content\/uploads\/2018\/02\/Tromb-Kopia-219x300.jpg 219w, http:\/\/www.filindeblogg.nu\/wp-content\/uploads\/2018\/02\/Tromb-Kopia.jpg 497w\" sizes=\"(max-width: 219px) 100vw, 219px\" \/><\/p>\n<p><img loading=\"lazy\" class=\"alignnone wp-image-74344\" src=\"http:\/\/www.filindeblogg.nu\/wp-content\/uploads\/2018\/02\/Sara-300x248.jpg\" alt=\"\" width=\"183\" height=\"151\" srcset=\"http:\/\/www.filindeblogg.nu\/wp-content\/uploads\/2018\/02\/Sara-300x248.jpg 300w, http:\/\/www.filindeblogg.nu\/wp-content\/uploads\/2018\/02\/Sara.jpg 680w\" sizes=\"(max-width: 183px) 100vw, 183px\" \/> Och nej, bloggaren gillar inte inl\u00e4gg som den om <strong>Sara Modigh<\/strong> som utbrister: <em>&#8221;Nej, adhd \u00e4r inte en superkraft.&#8221;<\/em> i <a href=\"https:\/\/www.expressen.se\/nyheter\/sara-27-nej-adhd-ar-inte-en-superkraft\/\"><strong>Expressen<\/strong><\/a>.<\/p>\n<p>Bloggaren tycker det finns tillr\u00e4ckligt m\u00e5nga som pratar illa om ADHD s\u00e5 hon k\u00e4nner f\u00f6r att peppa om &#8221;superkraft&#8221;.<\/p>\n<p>F\u00f6r som <strong>psykiatern Anders Hansen<\/strong> s\u00e4ger i Vetenskapens V\u00e4rld &#8211; <strong>m\u00e5nga m\u00e4nniskor med ADHD \u00e4r mer energirika, mer kreativa, mer nyfikna och mer drivande \u00e4n andra. De har bara inte f\u00e5tt blomma ut!<\/strong><br \/>\nSnacka om superkrafter! <img loading=\"lazy\" class=\"alignnone wp-image-74345\" src=\"http:\/\/www.filindeblogg.nu\/wp-content\/uploads\/2018\/02\/The-power-of-ADHD-300x161.png\" alt=\"\" width=\"170\" height=\"91\" srcset=\"http:\/\/www.filindeblogg.nu\/wp-content\/uploads\/2018\/02\/The-power-of-ADHD-300x161.png 300w, http:\/\/www.filindeblogg.nu\/wp-content\/uploads\/2018\/02\/The-power-of-ADHD.png 306w\" sizes=\"(max-width: 170px) 100vw, 170px\" \/><img loading=\"lazy\" class=\"alignnone wp-image-74346\" src=\"http:\/\/www.filindeblogg.nu\/wp-content\/uploads\/2018\/02\/ADHD-supertjej-300x160.jpg\" alt=\"\" width=\"169\" height=\"90\" srcset=\"http:\/\/www.filindeblogg.nu\/wp-content\/uploads\/2018\/02\/ADHD-supertjej-300x160.jpg 300w, http:\/\/www.filindeblogg.nu\/wp-content\/uploads\/2018\/02\/ADHD-supertjej.jpg 307w\" sizes=\"(max-width: 169px) 100vw, 169px\" \/><\/p>\n<p>L\u00e4s <a href=\"https:\/\/www.1177.se\/Sormland\/Fakta-och-rad\/Sjukdomar\/Adhd\/\"><strong>H\u00c4R<\/strong> <\/a>om ADHD p\u00e5 <strong>1177<\/strong> och <a href=\"http:\/\/attention.se\/npf\/adhd\/\"><strong>H\u00c4R<\/strong> <\/a>p\u00e5 <strong>Riksf\u00f6rbundet Attention<\/strong>s hemsida!<\/p>\n<p><img loading=\"lazy\" class=\"alignnone wp-image-74386\" src=\"http:\/\/www.filindeblogg.nu\/wp-content\/uploads\/2018\/02\/F\u00e4rgpalett-300x168.jpg\" alt=\"\" width=\"243\" height=\"136\" srcset=\"http:\/\/www.filindeblogg.nu\/wp-content\/uploads\/2018\/02\/F\u00e4rgpalett-300x168.jpg 300w, http:\/\/www.filindeblogg.nu\/wp-content\/uploads\/2018\/02\/F\u00e4rgpalett-768x431.jpg 768w, http:\/\/www.filindeblogg.nu\/wp-content\/uploads\/2018\/02\/F\u00e4rgpalett.jpg 1013w\" sizes=\"(max-width: 243px) 100vw, 243px\" \/> P\u00e5 tal om skolan och dess of\u00f6rm\u00e5ga att f\u00f6rst\u00e5 sina elever &#8211; regeringen f\u00f6resl\u00e5r nu detta, l\u00e4ser bloggaren i <strong>DN<\/strong>:<strong><em> &#8221;Ett estetiskt \u00e4mne ska inf\u00f6ras i alla nationella program i gymnasieskolan.&#8221;<br \/>\n<\/em><\/strong>Ur artikeln som du hittar <a href=\"https:\/\/www.dn.se\/nyheter\/politik\/forslaget-estetiska-amnen-obligatoriska\/\"><strong>H\u00c4R<\/strong><\/a>: <em>&#8221;\u2013 Vi tror att estetiska \u00e4mnen \u00e4r bra f\u00f6r utvecklingen p\u00e5 m\u00e5nga omr\u00e5den.&#8221;<\/em> BRA D\u00c4R REGERINGEN!! <img loading=\"lazy\" class=\"alignnone wp-image-74387\" src=\"http:\/\/www.filindeblogg.nu\/wp-content\/uploads\/2018\/02\/Tummen-upp.jpg\" alt=\"\" width=\"93\" height=\"93\" srcset=\"http:\/\/www.filindeblogg.nu\/wp-content\/uploads\/2018\/02\/Tummen-upp.jpg 224w, http:\/\/www.filindeblogg.nu\/wp-content\/uploads\/2018\/02\/Tummen-upp-150x150.jpg 150w, http:\/\/www.filindeblogg.nu\/wp-content\/uploads\/2018\/02\/Tummen-upp-144x144.jpg 144w\" sizes=\"(max-width: 93px) 100vw, 93px\" \/><\/p>\n<p>Sen det h\u00e4r d\u00e5&#8230; <img loading=\"lazy\" class=\"alignnone size-full wp-image-74350\" src=\"http:\/\/www.filindeblogg.nu\/wp-content\/uploads\/2018\/02\/Im-bored.jpg\" alt=\"\" width=\"225\" height=\"225\" srcset=\"http:\/\/www.filindeblogg.nu\/wp-content\/uploads\/2018\/02\/Im-bored.jpg 225w, http:\/\/www.filindeblogg.nu\/wp-content\/uploads\/2018\/02\/Im-bored-150x150.jpg 150w, http:\/\/www.filindeblogg.nu\/wp-content\/uploads\/2018\/02\/Im-bored-144x144.jpg 144w\" sizes=\"(max-width: 225px) 100vw, 225px\" \/>Och varf\u00f6r \u00e4r bloggaren s\u00e5 otroligt uttr\u00e5kad!?<img loading=\"lazy\" class=\"alignnone size-medium wp-image-74354\" src=\"http:\/\/www.filindeblogg.nu\/wp-content\/uploads\/2018\/02\/Sn\u00f6tr\u00f6tt-Kopia-300x196.jpg\" alt=\"\" width=\"300\" height=\"196\" srcset=\"http:\/\/www.filindeblogg.nu\/wp-content\/uploads\/2018\/02\/Sn\u00f6tr\u00f6tt-Kopia-300x196.jpg 300w, http:\/\/www.filindeblogg.nu\/wp-content\/uploads\/2018\/02\/Sn\u00f6tr\u00f6tt-Kopia-768x503.jpg 768w, http:\/\/www.filindeblogg.nu\/wp-content\/uploads\/2018\/02\/Sn\u00f6tr\u00f6tt-Kopia-1024x670.jpg 1024w, http:\/\/www.filindeblogg.nu\/wp-content\/uploads\/2018\/02\/Sn\u00f6tr\u00f6tt-Kopia.jpg 1280w\" sizes=\"(max-width: 300px) 100vw, 300px\" \/> Jo, just det: Snow bored &#8211; uttr\u00e5kad p\u00e5 sn\u00f6! Och framf\u00f6r allt &#8211; UTTR\u00c5KAD P\u00c5 VINTER!! <img loading=\"lazy\" class=\"alignnone size-full wp-image-74355\" src=\"http:\/\/www.filindeblogg.nu\/wp-content\/uploads\/2018\/02\/Jag-hatar-vinter-1.jpg\" alt=\"\" width=\"255\" height=\"197\" \/><\/p>\n<p>Hur kul \u00e4r det h\u00e4r?? <img loading=\"lazy\" class=\"alignnone wp-image-74356\" src=\"http:\/\/www.filindeblogg.nu\/wp-content\/uploads\/2018\/02\/Iskallt-5-300x200.jpg\" alt=\"\" width=\"246\" height=\"164\" srcset=\"http:\/\/www.filindeblogg.nu\/wp-content\/uploads\/2018\/02\/Iskallt-5-300x200.jpg 300w, http:\/\/www.filindeblogg.nu\/wp-content\/uploads\/2018\/02\/Iskallt-5-768x512.jpg 768w, http:\/\/www.filindeblogg.nu\/wp-content\/uploads\/2018\/02\/Iskallt-5.jpg 1000w\" sizes=\"(max-width: 246px) 100vw, 246px\" \/><br \/>\n&#8230; <img loading=\"lazy\" class=\"alignnone wp-image-74357\" src=\"http:\/\/www.filindeblogg.nu\/wp-content\/uploads\/2018\/02\/Iskallt-4.jpg\" alt=\"\" width=\"242\" height=\"161\" \/>&#8230; <img loading=\"lazy\" class=\"alignnone wp-image-74358\" src=\"http:\/\/www.filindeblogg.nu\/wp-content\/uploads\/2018\/02\/Iskallt-2-300x200.jpg\" alt=\"\" width=\"242\" height=\"161\" srcset=\"http:\/\/www.filindeblogg.nu\/wp-content\/uploads\/2018\/02\/Iskallt-2-300x200.jpg 300w, http:\/\/www.filindeblogg.nu\/wp-content\/uploads\/2018\/02\/Iskallt-2-768x512.jpg 768w, http:\/\/www.filindeblogg.nu\/wp-content\/uploads\/2018\/02\/Iskallt-2.jpg 960w\" sizes=\"(max-width: 242px) 100vw, 242px\" \/>&#8230; <img loading=\"lazy\" class=\"alignnone size-medium wp-image-74359\" src=\"http:\/\/www.filindeblogg.nu\/wp-content\/uploads\/2018\/02\/Iskallt-3-300x162.jpg\" alt=\"\" width=\"300\" height=\"162\" srcset=\"http:\/\/www.filindeblogg.nu\/wp-content\/uploads\/2018\/02\/Iskallt-3-300x162.jpg 300w, http:\/\/www.filindeblogg.nu\/wp-content\/uploads\/2018\/02\/Iskallt-3-768x415.jpg 768w, http:\/\/www.filindeblogg.nu\/wp-content\/uploads\/2018\/02\/Iskallt-3.jpg 1000w\" sizes=\"(max-width: 300px) 100vw, 300px\" \/><\/p>\n<p>och det h\u00e4r&#8230; <img loading=\"lazy\" class=\"alignnone size-medium wp-image-74360\" src=\"http:\/\/www.filindeblogg.nu\/wp-content\/uploads\/2018\/02\/Iskallt-300x225.jpg\" alt=\"\" width=\"300\" height=\"225\" srcset=\"http:\/\/www.filindeblogg.nu\/wp-content\/uploads\/2018\/02\/Iskallt-300x225.jpg 300w, http:\/\/www.filindeblogg.nu\/wp-content\/uploads\/2018\/02\/Iskallt-768x576.jpg 768w, http:\/\/www.filindeblogg.nu\/wp-content\/uploads\/2018\/02\/Iskallt.jpg 1024w\" sizes=\"(max-width: 300px) 100vw, 300px\" \/><\/p>\n<p>Och hur mycket roligare \u00e4r inte det h\u00e4r!! <img loading=\"lazy\" class=\"alignnone size-full wp-image-74361\" src=\"http:\/\/www.filindeblogg.nu\/wp-content\/uploads\/2018\/02\/Gr\u00f6n-v\u00e5r-2.jpg\" alt=\"\" width=\"275\" height=\"183\" \/>&#8230; <img loading=\"lazy\" class=\"alignnone wp-image-74362\" src=\"http:\/\/www.filindeblogg.nu\/wp-content\/uploads\/2018\/02\/Gr\u00f6n-v\u00e5r-3.jpg\" alt=\"\" width=\"241\" height=\"181\" \/>&#8230; <img loading=\"lazy\" class=\"alignnone size-medium wp-image-74363\" src=\"http:\/\/www.filindeblogg.nu\/wp-content\/uploads\/2018\/02\/Gr\u00f6n-v\u00e5r-300x112.jpg\" alt=\"\" width=\"300\" height=\"112\" srcset=\"http:\/\/www.filindeblogg.nu\/wp-content\/uploads\/2018\/02\/Gr\u00f6n-v\u00e5r-300x112.jpg 300w, http:\/\/www.filindeblogg.nu\/wp-content\/uploads\/2018\/02\/Gr\u00f6n-v\u00e5r.jpg 367w\" sizes=\"(max-width: 300px) 100vw, 300px\" \/>&#8230; <img loading=\"lazy\" class=\"alignnone size-medium wp-image-74364\" src=\"http:\/\/www.filindeblogg.nu\/wp-content\/uploads\/2018\/02\/Gr\u00f6n-v\u00e5r-f\u00f6rst-199x300.jpg\" alt=\"\" width=\"199\" height=\"300\" srcset=\"http:\/\/www.filindeblogg.nu\/wp-content\/uploads\/2018\/02\/Gr\u00f6n-v\u00e5r-f\u00f6rst-199x300.jpg 199w, http:\/\/www.filindeblogg.nu\/wp-content\/uploads\/2018\/02\/Gr\u00f6n-v\u00e5r-f\u00f6rst.jpg 530w\" sizes=\"(max-width: 199px) 100vw, 199px\" \/> och det h\u00e4r: <img loading=\"lazy\" class=\"alignnone size-medium wp-image-74365\" src=\"http:\/\/www.filindeblogg.nu\/wp-content\/uploads\/2018\/02\/Ligga-p\u00e5-gr\u00e4set-300x200.jpg\" alt=\"\" width=\"300\" height=\"200\" srcset=\"http:\/\/www.filindeblogg.nu\/wp-content\/uploads\/2018\/02\/Ligga-p\u00e5-gr\u00e4set-300x200.jpg 300w, http:\/\/www.filindeblogg.nu\/wp-content\/uploads\/2018\/02\/Ligga-p\u00e5-gr\u00e4set-768x511.jpg 768w, http:\/\/www.filindeblogg.nu\/wp-content\/uploads\/2018\/02\/Ligga-p\u00e5-gr\u00e4set.jpg 850w\" sizes=\"(max-width: 300px) 100vw, 300px\" \/> JO, MYCKET ROLIGARE OCH H\u00c4RLIGARE!!<img loading=\"lazy\" class=\"alignnone size-medium wp-image-74366\" src=\"http:\/\/www.filindeblogg.nu\/wp-content\/uploads\/2018\/02\/Love-spring-300x200.jpg\" alt=\"\" width=\"300\" height=\"200\" srcset=\"http:\/\/www.filindeblogg.nu\/wp-content\/uploads\/2018\/02\/Love-spring-300x200.jpg 300w, http:\/\/www.filindeblogg.nu\/wp-content\/uploads\/2018\/02\/Love-spring-768x512.jpg 768w, http:\/\/www.filindeblogg.nu\/wp-content\/uploads\/2018\/02\/Love-spring-1024x682.jpg 1024w, http:\/\/www.filindeblogg.nu\/wp-content\/uploads\/2018\/02\/Love-spring.jpg 1698w\" sizes=\"(max-width: 300px) 100vw, 300px\" \/><\/p>\n<p>S\u00e5 detta g\u00e4ller nu! <img loading=\"lazy\" class=\"alignnone size-full wp-image-74367\" src=\"http:\/\/www.filindeblogg.nu\/wp-content\/uploads\/2018\/02\/D\u00f6-vinter-d\u00f6-Kopia.jpg\" alt=\"\" width=\"253\" height=\"185\" \/> Bloggaren k\u00e4nner ett allvarligt och starkt behov av att g\u00f6ra som flyttf\u00e5glarna! <img loading=\"lazy\" class=\"alignnone size-full wp-image-74368\" src=\"http:\/\/www.filindeblogg.nu\/wp-content\/uploads\/2018\/02\/FLyttf\u00e5glar.jpg\" alt=\"\" width=\"288\" height=\"175\" \/><br \/>\n<img loading=\"lazy\" class=\"alignnone size-medium wp-image-74369\" src=\"http:\/\/www.filindeblogg.nu\/wp-content\/uploads\/2018\/02\/Packar-199x300.jpg\" alt=\"\" width=\"199\" height=\"300\" srcset=\"http:\/\/www.filindeblogg.nu\/wp-content\/uploads\/2018\/02\/Packar-199x300.jpg 199w, http:\/\/www.filindeblogg.nu\/wp-content\/uploads\/2018\/02\/Packar.jpg 299w\" sizes=\"(max-width: 199px) 100vw, 199px\" \/>\u00a0F\u00f6rsvinna fr\u00e5n platsen n\u00e4r is och kyla s\u00e4tter fart n\u00e4sta g\u00e5ng! <img loading=\"lazy\" class=\"alignnone size-medium wp-image-74371\" src=\"http:\/\/www.filindeblogg.nu\/wp-content\/uploads\/2018\/02\/Flyttbuss-300x188.jpg\" alt=\"\" width=\"300\" height=\"188\" srcset=\"http:\/\/www.filindeblogg.nu\/wp-content\/uploads\/2018\/02\/Flyttbuss-300x188.jpg 300w, http:\/\/www.filindeblogg.nu\/wp-content\/uploads\/2018\/02\/Flyttbuss.jpg 431w\" sizes=\"(max-width: 300px) 100vw, 300px\" \/> Flytta! Ge sig av!<\/p>\n<p><img loading=\"lazy\" class=\"alignnone size-medium wp-image-74370\" src=\"http:\/\/www.filindeblogg.nu\/wp-content\/uploads\/2018\/02\/Lifta-300x200.jpg\" alt=\"\" width=\"300\" height=\"200\" srcset=\"http:\/\/www.filindeblogg.nu\/wp-content\/uploads\/2018\/02\/Lifta-300x200.jpg 300w, http:\/\/www.filindeblogg.nu\/wp-content\/uploads\/2018\/02\/Lifta-768x512.jpg 768w, http:\/\/www.filindeblogg.nu\/wp-content\/uploads\/2018\/02\/Lifta-1024x683.jpg 1024w, http:\/\/www.filindeblogg.nu\/wp-content\/uploads\/2018\/02\/Lifta.jpg 1200w\" sizes=\"(max-width: 300px) 100vw, 300px\" \/> Sjappa f\u00f6r gott kanske!!\u00a0 Ja, varf\u00f6r inte!? <img loading=\"lazy\" class=\"alignnone size-medium wp-image-74372\" src=\"http:\/\/www.filindeblogg.nu\/wp-content\/uploads\/2018\/02\/S\u00f6derut-2-300x200.jpg\" alt=\"\" width=\"300\" height=\"200\" srcset=\"http:\/\/www.filindeblogg.nu\/wp-content\/uploads\/2018\/02\/S\u00f6derut-2-300x200.jpg 300w, http:\/\/www.filindeblogg.nu\/wp-content\/uploads\/2018\/02\/S\u00f6derut-2-768x512.jpg 768w, http:\/\/www.filindeblogg.nu\/wp-content\/uploads\/2018\/02\/S\u00f6derut-2-1024x682.jpg 1024w, http:\/\/www.filindeblogg.nu\/wp-content\/uploads\/2018\/02\/S\u00f6derut-2.jpg 2000w\" sizes=\"(max-width: 300px) 100vw, 300px\" \/><img loading=\"lazy\" class=\"alignnone size-medium wp-image-74373\" src=\"http:\/\/www.filindeblogg.nu\/wp-content\/uploads\/2018\/02\/S\u00f6derut-300x159.jpg\" alt=\"\" width=\"300\" height=\"159\" srcset=\"http:\/\/www.filindeblogg.nu\/wp-content\/uploads\/2018\/02\/S\u00f6derut-300x159.jpg 300w, http:\/\/www.filindeblogg.nu\/wp-content\/uploads\/2018\/02\/S\u00f6derut-768x406.jpg 768w, http:\/\/www.filindeblogg.nu\/wp-content\/uploads\/2018\/02\/S\u00f6derut-1024x541.jpg 1024w\" sizes=\"(max-width: 300px) 100vw, 300px\" \/> Bort! L\u00e5ngt s\u00f6derut!<\/p>\n<p><img loading=\"lazy\" class=\"alignnone size-full wp-image-74374\" src=\"http:\/\/www.filindeblogg.nu\/wp-content\/uploads\/2018\/02\/Gillar-inte-kallt-v\u00e4der.jpg\" alt=\"\" width=\"198\" height=\"255\" \/><img loading=\"lazy\" class=\"alignnone size-full wp-image-74375\" src=\"http:\/\/www.filindeblogg.nu\/wp-content\/uploads\/2018\/02\/I-love-warm-weather.jpg\" alt=\"\" width=\"183\" height=\"275\" \/><\/p>\n<p><img loading=\"lazy\" class=\"aligncenter size-full wp-image-74376\" src=\"http:\/\/www.filindeblogg.nu\/wp-content\/uploads\/2018\/02\/Keep-calm-and-move-south.jpg\" alt=\"\" width=\"225\" height=\"225\" srcset=\"http:\/\/www.filindeblogg.nu\/wp-content\/uploads\/2018\/02\/Keep-calm-and-move-south.jpg 225w, http:\/\/www.filindeblogg.nu\/wp-content\/uploads\/2018\/02\/Keep-calm-and-move-south-150x150.jpg 150w, http:\/\/www.filindeblogg.nu\/wp-content\/uploads\/2018\/02\/Keep-calm-and-move-south-144x144.jpg 144w\" sizes=\"(max-width: 225px) 100vw, 225px\" \/><img loading=\"lazy\" class=\"aligncenter size-full wp-image-74384\" src=\"http:\/\/www.filindeblogg.nu\/wp-content\/uploads\/2018\/02\/Hallo-sunshine.jpg\" alt=\"\" width=\"220\" height=\"165\" \/><\/p>\n<p><img loading=\"lazy\" class=\"alignnone size-full wp-image-74390\" src=\"http:\/\/www.filindeblogg.nu\/wp-content\/uploads\/2018\/02\/Anders-Hansen.jpg\" alt=\"\" width=\"224\" height=\"126\" \/>\u00a0Slutligen &#8211; mer pepp f\u00f6r dig som vill utveckla dina superkrafter ADHD! Klicka <a href=\"https:\/\/www.svt.se\/nyheter\/vetenskap\/lista-5-rad-till-dig-med-adhd\"><strong>H\u00c4R<\/strong><\/a> f\u00f6r fem r\u00e5d fr\u00e5n \u00f6verl\u00e4karen i psykiatri Anders Hansen!<br \/>\nEtt av r\u00e5den \u00e4r: F\u00d6LJ DIN PASSION! <img loading=\"lazy\" class=\"alignnone  wp-image-74391\" src=\"http:\/\/www.filindeblogg.nu\/wp-content\/uploads\/2018\/02\/Stj\u00e4rna.jpg\" alt=\"\" width=\"59\" height=\"59\" srcset=\"http:\/\/www.filindeblogg.nu\/wp-content\/uploads\/2018\/02\/Stj\u00e4rna.jpg 225w, http:\/\/www.filindeblogg.nu\/wp-content\/uploads\/2018\/02\/Stj\u00e4rna-150x150.jpg 150w, http:\/\/www.filindeblogg.nu\/wp-content\/uploads\/2018\/02\/Stj\u00e4rna-144x144.jpg 144w\" sizes=\"(max-width: 59px) 100vw, 59px\" \/><\/p>\n<p>&nbsp;<\/p>\n","protected":false},"excerpt":{"rendered":"<p>Bloggaren vet inte allt om ADHD men hon vet en hel del. D\u00e4rf\u00f6r blir hon ARG, galet frustrerad och M\u00c5R ILLA n\u00e4r hon l\u00e4ser &#8221;uppt\u00e4ckter&#8221; som g\u00f6rs 2018 och som borde ha avklarats f\u00f6r L\u00c4NGE sedan! Som den h\u00e4r &#8221;nyheten&#8221;: &#8221; Barn med adhd beh\u00f6ver r\u00f6relse f\u00f6r att l\u00e4ra &#8221;Barn med adhd som r\u00f6r sig [&hellip;]<\/p>\n","protected":false},"author":1,"featured_media":0,"comment_status":"open","ping_status":"open","sticky":false,"template":"","format":"standard","meta":[],"categories":[1,107,196,203,100,170,151,110,101,150],"tags":[],"_links":{"self":[{"href":"http:\/\/www.filindeblogg.nu\/index.php?rest_route=\/wp\/v2\/posts\/74342"}],"collection":[{"href":"http:\/\/www.filindeblogg.nu\/index.php?rest_route=\/wp\/v2\/posts"}],"about":[{"href":"http:\/\/www.filindeblogg.nu\/index.php?rest_route=\/wp\/v2\/types\/post"}],"author":[{"embeddable":true,"href":"http:\/\/www.filindeblogg.nu\/index.php?rest_route=\/wp\/v2\/users\/1"}],"replies":[{"embeddable":true,"href":"http:\/\/www.filindeblogg.nu\/index.php?rest_route=%2Fwp%2Fv2%2Fcomments&post=74342"}],"version-history":[{"count":11,"href":"http:\/\/www.filindeblogg.nu\/index.php?rest_route=\/wp\/v2\/posts\/74342\/revisions"}],"predecessor-version":[{"id":74392,"href":"http:\/\/www.filindeblogg.nu\/index.php?rest_route=\/wp\/v2\/posts\/74342\/revisions\/74392"}],"wp:attachment":[{"href":"http:\/\/www.filindeblogg.nu\/index.php?rest_route=%2Fwp%2Fv2%2Fmedia&parent=74342"}],"wp:term":[{"taxonomy":"category","embeddable":true,"href":"http:\/\/www.filindeblogg.nu\/index.php?rest_route=%2Fwp%2Fv2%2Fcategories&post=74342"},{"taxonomy":"post_tag","embeddable":true,"href":"http:\/\/www.filindeblogg.nu\/index.php?rest_route=%2Fwp%2Fv2%2Ftags&post=74342"}],"curies":[{"name":"wp","href":"https:\/\/api.w.org\/{rel}","templated":true}]}}