{"id":73978,"date":"2018-01-26T16:06:29","date_gmt":"2018-01-26T15:06:29","guid":{"rendered":"http:\/\/www.filindeblogg.nu\/?p=73978"},"modified":"2018-01-26T16:06:29","modified_gmt":"2018-01-26T15:06:29","slug":"forintelsens-dag-imorgon","status":"publish","type":"post","link":"http:\/\/www.filindeblogg.nu\/?p=73978","title":{"rendered":"F\u00f6rintelsens dag imorgon!"},"content":{"rendered":"<p><img loading=\"lazy\" class=\"alignnone size-medium wp-image-73979\" src=\"http:\/\/www.filindeblogg.nu\/wp-content\/uploads\/2018\/01\/IMG_5386-225x300.jpg\" alt=\"\" width=\"225\" height=\"300\" srcset=\"http:\/\/www.filindeblogg.nu\/wp-content\/uploads\/2018\/01\/IMG_5386-225x300.jpg 225w, http:\/\/www.filindeblogg.nu\/wp-content\/uploads\/2018\/01\/IMG_5386.jpg 480w\" sizes=\"(max-width: 225px) 100vw, 225px\" \/> Imorgon, den 27 januari 2018, \u00e4r det <em><strong>&#8221;F\u00f6rintelsens minnesdag&#8221;.<\/strong><\/em><\/p>\n<p>S\u00e5 h\u00e4r st\u00e5r det om dagen p\u00e5 <strong>Wikipedia:<\/strong><\/p>\n<p><img loading=\"lazy\" class=\"alignnone size-medium wp-image-73980\" src=\"http:\/\/www.filindeblogg.nu\/wp-content\/uploads\/2018\/01\/Auschwitz-300x197.jpg\" alt=\"\" width=\"300\" height=\"197\" \/> <em>&#8221;<b>F\u00f6rintelsens minnesdag<\/b> den 27 januari \u00e4r den internationella minnesdagen f\u00f6r <b>F\u00f6rintelsens offer<\/b>, baserad p\u00e5 dagen med samma datum d\u00e5 f\u00e5ngarna i koncentrationsl\u00e4gret i Auschwitz befriades, 1945. <\/em><\/p>\n<p><em>Minnesdagen \u00e4r till f\u00f6r alla som bek\u00e4mpar intolerans, fr\u00e4mlingsfientlighet, rasism och antisemitism. Sedan 1999 har det varit en nationell minnesdag i Sverige och FN deklarerade 2005 denna dag som internationell minnesdag.<sup id=\"cite_ref-1\" class=\"reference\"> <\/sup>Denna dag h\u00f6gtidligh\u00e5lls \u00e5rligen av bland annat Forum f\u00f6r levande historia.&#8221;<\/em><\/p>\n<p>L\u00e4s <a href=\"https:\/\/sv.wikipedia.org\/wiki\/F%C3%B6rintelsens_minnesdag\"><strong>H\u00c4R<\/strong> <\/a>p\u00e5 Wikipedia! <a href=\"http:\/\/www.levandehistoria.se\/fakta-fordjupning\/forintelsen\/forintelsens-minnesdag\"><strong>H\u00c4R<\/strong> <\/a>finns mycket fakta om minnesdagen: <strong><em>&#8221;Forum f\u00f6r levande historia<\/em><\/strong>&#8221;!<\/p>\n<p><img loading=\"lazy\" class=\"alignnone size-medium wp-image-73981\" src=\"http:\/\/www.filindeblogg.nu\/wp-content\/uploads\/2018\/01\/IMG_5305-225x300.jpg\" alt=\"\" width=\"225\" height=\"300\" srcset=\"http:\/\/www.filindeblogg.nu\/wp-content\/uploads\/2018\/01\/IMG_5305-225x300.jpg 225w, http:\/\/www.filindeblogg.nu\/wp-content\/uploads\/2018\/01\/IMG_5305.jpg 480w\" sizes=\"(max-width: 225px) 100vw, 225px\" \/> Bloggaren \u00e4r med i <strong>B\u00f6ckernas Klubb<\/strong> och det senaste bladet s\u00e5g ut s\u00e5 h\u00e4r. Och ett av uppslagen s\u00e5 h\u00e4r: <img loading=\"lazy\" class=\"alignnone size-medium wp-image-73982\" src=\"http:\/\/www.filindeblogg.nu\/wp-content\/uploads\/2018\/01\/IMG_5306-300x192.jpg\" alt=\"\" width=\"300\" height=\"192\" srcset=\"http:\/\/www.filindeblogg.nu\/wp-content\/uploads\/2018\/01\/IMG_5306-300x192.jpg 300w, http:\/\/www.filindeblogg.nu\/wp-content\/uploads\/2018\/01\/IMG_5306.jpg 640w\" sizes=\"(max-width: 300px) 100vw, 300px\" \/> Fyra bokf\u00f6rslag som ber\u00e4ttar om F\u00f6rintelsen. Klicka <a href=\"http:\/\/www.bockernasklubb.se\/\"><strong>H\u00c4R<\/strong> <\/a>f\u00f6r att komma till B\u00f6ckernas Klubb.<\/p>\n<p>Bloggaren har best\u00e4llt den h\u00e4r boken! <img loading=\"lazy\" class=\"alignnone size-full wp-image-73983\" src=\"http:\/\/www.filindeblogg.nu\/wp-content\/uploads\/2018\/01\/Vi-kommer-snart-hem-BOK-jag-k\u00f6pt.jpg\" alt=\"\" width=\"150\" height=\"230\" \/> Den har dock inte kommit \u00e4n.<\/p>\n<p>S\u00e5 h\u00e4r st\u00e5r det om boken, citat:<br \/>\n<em>&#8221; I den h\u00e4r boken f\u00e5r vi i serieform f\u00f6lja sex barn vars liv slogs i spillror under F\u00f6rintelsen. De ber\u00e4ttar vad som h\u00e4nde dem och deras familjer och om hur de lyckades \u00f6verleva. De ber\u00e4ttar om undern\u00e4ring, missad skolg\u00e5ng, familjer som slits is\u00e4r och f\u00f6rsta m\u00f6tet med Sverige och hur man forts\u00e4tter leva, trots allt.&#8221;<\/em><br \/>\nDu hittar den <a href=\"http:\/\/www.bockernasklubb.se\/klubb\/artikel\/57307\"><strong>H\u00c4R<\/strong><\/a> p\u00e5 B\u00f6ckernas Klubb!<\/p>\n<p style=\"text-align: center;\"><strong>L\u00c5T DET ALDRIG H\u00c4NDA IGEN!!!!<\/strong><\/p>\n<p><img loading=\"lazy\" class=\"alignnone size-full wp-image-73985\" src=\"http:\/\/www.filindeblogg.nu\/wp-content\/uploads\/2018\/01\/Aus.jpg\" alt=\"\" width=\"283\" height=\"178\" \/> <img loading=\"lazy\" class=\"alignnone  wp-image-73986\" src=\"http:\/\/www.filindeblogg.nu\/wp-content\/uploads\/2018\/01\/T\u00e5rar-man.jpg\" alt=\"\" width=\"83\" height=\"55\" \/><\/p>\n<p><img loading=\"lazy\" class=\"alignnone  wp-image-73988\" src=\"http:\/\/www.filindeblogg.nu\/wp-content\/uploads\/2018\/01\/T\u00e5rar-kvinna.jpg\" alt=\"\" width=\"93\" height=\"58\" \/> <img loading=\"lazy\" class=\"alignnone  wp-image-73987\" src=\"http:\/\/www.filindeblogg.nu\/wp-content\/uploads\/2018\/01\/Aus-2-300x215.jpeg\" alt=\"\" width=\"261\" height=\"187\" srcset=\"http:\/\/www.filindeblogg.nu\/wp-content\/uploads\/2018\/01\/Aus-2-300x215.jpeg 300w, http:\/\/www.filindeblogg.nu\/wp-content\/uploads\/2018\/01\/Aus-2-768x551.jpeg 768w, http:\/\/www.filindeblogg.nu\/wp-content\/uploads\/2018\/01\/Aus-2-1024x735.jpeg 1024w, http:\/\/www.filindeblogg.nu\/wp-content\/uploads\/2018\/01\/Aus-2.jpeg 1115w\" sizes=\"(max-width: 261px) 100vw, 261px\" \/><\/p>\n<p><img loading=\"lazy\" class=\"alignnone  wp-image-73989\" src=\"http:\/\/www.filindeblogg.nu\/wp-content\/uploads\/2018\/01\/Aus-3.gif\" alt=\"\" width=\"257\" height=\"196\" \/>\u00a0 <img loading=\"lazy\" class=\"alignnone  wp-image-73986\" src=\"http:\/\/www.filindeblogg.nu\/wp-content\/uploads\/2018\/01\/T\u00e5rar-man.jpg\" alt=\"\" width=\"83\" height=\"55\" \/><\/p>\n<p><img loading=\"lazy\" class=\"alignnone  wp-image-73988\" src=\"http:\/\/www.filindeblogg.nu\/wp-content\/uploads\/2018\/01\/T\u00e5rar-kvinna.jpg\" alt=\"\" width=\"93\" height=\"58\" \/> <img loading=\"lazy\" class=\"alignnone  wp-image-73990\" src=\"http:\/\/www.filindeblogg.nu\/wp-content\/uploads\/2018\/01\/Aus-4-300x239.gif\" alt=\"\" width=\"240\" height=\"191\" \/><\/p>\n<p><img loading=\"lazy\" class=\"alignnone  wp-image-73992\" src=\"http:\/\/www.filindeblogg.nu\/wp-content\/uploads\/2018\/01\/Aus-6-Kopia-300x228.jpg\" alt=\"\" width=\"263\" height=\"200\" srcset=\"http:\/\/www.filindeblogg.nu\/wp-content\/uploads\/2018\/01\/Aus-6-Kopia-300x228.jpg 300w, http:\/\/www.filindeblogg.nu\/wp-content\/uploads\/2018\/01\/Aus-6-Kopia-768x584.jpg 768w, http:\/\/www.filindeblogg.nu\/wp-content\/uploads\/2018\/01\/Aus-6-Kopia.jpg 841w\" sizes=\"(max-width: 263px) 100vw, 263px\" \/>\u00a0 <img loading=\"lazy\" class=\"alignnone  wp-image-73986\" src=\"http:\/\/www.filindeblogg.nu\/wp-content\/uploads\/2018\/01\/T\u00e5rar-man.jpg\" alt=\"\" width=\"83\" height=\"55\" \/><\/p>\n<p><img loading=\"lazy\" class=\"alignnone  wp-image-73988\" src=\"http:\/\/www.filindeblogg.nu\/wp-content\/uploads\/2018\/01\/T\u00e5rar-kvinna.jpg\" alt=\"\" width=\"93\" height=\"58\" \/> <img loading=\"lazy\" class=\"alignnone size-full wp-image-73994\" src=\"http:\/\/www.filindeblogg.nu\/wp-content\/uploads\/2018\/01\/Aus-5-Kopia.jpg\" alt=\"\" width=\"276\" height=\"168\" \/><\/p>\n<p><img loading=\"lazy\" class=\"alignnone  wp-image-73986\" src=\"http:\/\/www.filindeblogg.nu\/wp-content\/uploads\/2018\/01\/T\u00e5rar-man.jpg\" alt=\"\" width=\"83\" height=\"55\" \/><img loading=\"lazy\" class=\"alignnone size-medium wp-image-73995\" src=\"http:\/\/www.filindeblogg.nu\/wp-content\/uploads\/2018\/01\/Aus-7-300x236.jpg\" alt=\"\" width=\"300\" height=\"236\" srcset=\"http:\/\/www.filindeblogg.nu\/wp-content\/uploads\/2018\/01\/Aus-7-300x236.jpg 300w, http:\/\/www.filindeblogg.nu\/wp-content\/uploads\/2018\/01\/Aus-7.jpg 400w\" sizes=\"(max-width: 300px) 100vw, 300px\" \/>\u00a0 <img loading=\"lazy\" class=\"alignnone  wp-image-73988\" src=\"http:\/\/www.filindeblogg.nu\/wp-content\/uploads\/2018\/01\/T\u00e5rar-kvinna.jpg\" alt=\"\" width=\"93\" height=\"58\" \/><\/p>\n<p style=\"text-align: center;\"><strong>L \u00c5 T\u00a0\u00a0 D E T\u00a0\u00a0 A L D R I G\u00a0\u00a0 H \u00c4 N D A\u00a0\u00a0 I G E N !!!<\/strong><\/p>\n","protected":false},"excerpt":{"rendered":"<p>Imorgon, den 27 januari 2018, \u00e4r det &#8221;F\u00f6rintelsens minnesdag&#8221;. S\u00e5 h\u00e4r st\u00e5r det om dagen p\u00e5 Wikipedia: &#8221;F\u00f6rintelsens minnesdag den 27 januari \u00e4r den internationella minnesdagen f\u00f6r F\u00f6rintelsens offer, baserad p\u00e5 dagen med samma datum d\u00e5 f\u00e5ngarna i koncentrationsl\u00e4gret i Auschwitz befriades, 1945. Minnesdagen \u00e4r till f\u00f6r alla som bek\u00e4mpar intolerans, fr\u00e4mlingsfientlighet, rasism och antisemitism. [&hellip;]<\/p>\n","protected":false},"author":1,"featured_media":0,"comment_status":"open","ping_status":"open","sticky":false,"template":"","format":"standard","meta":[],"categories":[1,152,212,101,150],"tags":[],"_links":{"self":[{"href":"http:\/\/www.filindeblogg.nu\/index.php?rest_route=\/wp\/v2\/posts\/73978"}],"collection":[{"href":"http:\/\/www.filindeblogg.nu\/index.php?rest_route=\/wp\/v2\/posts"}],"about":[{"href":"http:\/\/www.filindeblogg.nu\/index.php?rest_route=\/wp\/v2\/types\/post"}],"author":[{"embeddable":true,"href":"http:\/\/www.filindeblogg.nu\/index.php?rest_route=\/wp\/v2\/users\/1"}],"replies":[{"embeddable":true,"href":"http:\/\/www.filindeblogg.nu\/index.php?rest_route=%2Fwp%2Fv2%2Fcomments&post=73978"}],"version-history":[{"count":6,"href":"http:\/\/www.filindeblogg.nu\/index.php?rest_route=\/wp\/v2\/posts\/73978\/revisions"}],"predecessor-version":[{"id":74001,"href":"http:\/\/www.filindeblogg.nu\/index.php?rest_route=\/wp\/v2\/posts\/73978\/revisions\/74001"}],"wp:attachment":[{"href":"http:\/\/www.filindeblogg.nu\/index.php?rest_route=%2Fwp%2Fv2%2Fmedia&parent=73978"}],"wp:term":[{"taxonomy":"category","embeddable":true,"href":"http:\/\/www.filindeblogg.nu\/index.php?rest_route=%2Fwp%2Fv2%2Fcategories&post=73978"},{"taxonomy":"post_tag","embeddable":true,"href":"http:\/\/www.filindeblogg.nu\/index.php?rest_route=%2Fwp%2Fv2%2Ftags&post=73978"}],"curies":[{"name":"wp","href":"https:\/\/api.w.org\/{rel}","templated":true}]}}