{"id":73671,"date":"2018-01-17T18:20:52","date_gmt":"2018-01-17T17:20:52","guid":{"rendered":"http:\/\/www.filindeblogg.nu\/?p=73671"},"modified":"2018-01-17T18:20:52","modified_gmt":"2018-01-17T17:20:52","slug":"dejting-forr-och-nu-och-aldrig-mer-politiker","status":"publish","type":"post","link":"http:\/\/www.filindeblogg.nu\/?p=73671","title":{"rendered":"Dejting f\u00f6rr och nu&#8230; Och &#8211; aldrig mer politiker!"},"content":{"rendered":"<p><img loading=\"lazy\" class=\"alignnone  wp-image-73672\" src=\"http:\/\/www.filindeblogg.nu\/wp-content\/uploads\/2018\/01\/\u00d6verfall-ansikte-1-300x168.jpg\" alt=\"\" width=\"232\" height=\"130\" \/> Bloggaren har b\u00f6rjat titta p\u00e5<strong> ID<\/strong> &#8211; en kanal som hon kan v\u00e4lja ur sitt kanalutbud.<\/p>\n<p>ID &#8211; det vill s\u00e4ga <strong>Investigation Discovery<\/strong>. <img loading=\"lazy\" class=\"alignnone size-full wp-image-73673\" src=\"http:\/\/www.filindeblogg.nu\/wp-content\/uploads\/2018\/01\/ID-Investigation-Discovery.jpg\" alt=\"\" width=\"214\" height=\"235\" \/><\/p>\n<p>Vad \u00e4r d\u00e5 ID f\u00f6r kanal? S\u00e5 h\u00e4r s\u00e4ger <a href=\"https:\/\/sv.wikipedia.org\/wiki\/Investigation_Discovery\">Wikipedia<\/a> bland annat, citat:<em><br \/>\n&#8221;<b>Investigation Discovery<\/b> (ofta skrivs endast <b>ID<\/b>) \u00e4r en amerikansk digital kabel-tv-kanal som \u00e4gs av Discovery Communications och lanserades p\u00e5 hemmamarknaden 2008&#8230;<\/em><br \/>\n<em>&#8230; Programutbudet fokuserar fr\u00e4mst p\u00e5 kriminalprogram, verkliga brottsutredningar och r\u00e4ttsmedicinska g\u00e5tor.&#8221;<\/em><\/p>\n<p>Det \u00e4r en ruggig kanal! Verkliga h\u00e4ndelser dramatiseras men offren och deras anh\u00f6riga finns ocks\u00e5 med. Det som f\u00e5tt bloggaren att skriva om det h\u00e4r \u00e4r detta: <img loading=\"lazy\" class=\"alignnone size-medium wp-image-73674\" src=\"http:\/\/www.filindeblogg.nu\/wp-content\/uploads\/2018\/01\/Fake-profile-300x164.jpg\" alt=\"\" width=\"300\" height=\"164\" srcset=\"http:\/\/www.filindeblogg.nu\/wp-content\/uploads\/2018\/01\/Fake-profile-300x164.jpg 300w, http:\/\/www.filindeblogg.nu\/wp-content\/uploads\/2018\/01\/Fake-profile.jpg 303w\" sizes=\"(max-width: 300px) 100vw, 300px\" \/><\/p>\n<p>V\u00e4rlden \u00e4r full av ensamma m\u00e4nniskor. V\u00e4rlden \u00e4r ocks\u00e5 full av unga s\u00e5v\u00e4l som gamla som g\u00e4rna vill tr\u00e4ffa n\u00e5gon.<br \/>\nF\u00f6rr i tiden &#8211; innan datorer och mobiltelefoner &#8211; hur tr\u00e4ffades man d\u00e5?<\/p>\n<p><img loading=\"lazy\" class=\"alignnone  wp-image-73675\" src=\"http:\/\/www.filindeblogg.nu\/wp-content\/uploads\/2018\/01\/Telefon-r\u00f6d-dialog-300x209.jpg\" alt=\"\" width=\"128\" height=\"89\" srcset=\"http:\/\/www.filindeblogg.nu\/wp-content\/uploads\/2018\/01\/Telefon-r\u00f6d-dialog-300x209.jpg 300w, http:\/\/www.filindeblogg.nu\/wp-content\/uploads\/2018\/01\/Telefon-r\u00f6d-dialog-768x535.jpg 768w, http:\/\/www.filindeblogg.nu\/wp-content\/uploads\/2018\/01\/Telefon-r\u00f6d-dialog.jpg 1000w\" sizes=\"(max-width: 128px) 100vw, 128px\" \/> Jo, ofta genom en s\u00e5n h\u00e4r! En vanlig telefon men ocks\u00e5 via djungeltrafiken. Kompisens kompis hade en granne vars son nog var k\u00e4r i en&#8230; Eller man tr\u00e4ffades p\u00e5 dans, disco eller vad det nu kunde vara. <img loading=\"lazy\" class=\"alignnone  wp-image-73680\" src=\"http:\/\/www.filindeblogg.nu\/wp-content\/uploads\/2018\/01\/Dejt-p\u00e5-stan-300x169.jpg\" alt=\"\" width=\"227\" height=\"128\" srcset=\"http:\/\/www.filindeblogg.nu\/wp-content\/uploads\/2018\/01\/Dejt-p\u00e5-stan-300x169.jpg 300w, http:\/\/www.filindeblogg.nu\/wp-content\/uploads\/2018\/01\/Dejt-p\u00e5-stan-768x433.jpg 768w, http:\/\/www.filindeblogg.nu\/wp-content\/uploads\/2018\/01\/Dejt-p\u00e5-stan.jpg 940w\" sizes=\"(max-width: 227px) 100vw, 227px\" \/><br \/>\nOch sen ringde man varandra! <img loading=\"lazy\" class=\"alignnone  wp-image-73676\" src=\"http:\/\/www.filindeblogg.nu\/wp-content\/uploads\/2018\/01\/Ringa-som-f\u00f6rr.png\" alt=\"\" width=\"132\" height=\"129\" \/> St\u00e4mde tr\u00e4ff n\u00e5gonstans och kollade om det var n\u00e5got av intresse. \ud83d\ude09 <img loading=\"lazy\" class=\"alignnone  wp-image-73679\" src=\"http:\/\/www.filindeblogg.nu\/wp-content\/uploads\/2018\/01\/Date-som-Greese-300x178.jpg\" alt=\"\" width=\"266\" height=\"158\" srcset=\"http:\/\/www.filindeblogg.nu\/wp-content\/uploads\/2018\/01\/Date-som-Greese-300x178.jpg 300w, http:\/\/www.filindeblogg.nu\/wp-content\/uploads\/2018\/01\/Date-som-Greese.jpg 590w\" sizes=\"(max-width: 266px) 100vw, 266px\" \/><\/p>\n<p>Hur g\u00e5r det till idag om man vill tr\u00e4ffa n\u00e5gon? Om man l\u00e4ngtar efter att bli k\u00e4r?\u00a0 Tja, ibland som f\u00f6rr i tiden &#8211; men ocks\u00e5 s\u00e5 h\u00e4r:\u00a0 <img loading=\"lazy\" class=\"alignnone size-medium wp-image-73677\" src=\"http:\/\/www.filindeblogg.nu\/wp-content\/uploads\/2018\/01\/Dejta-via-datorn-300x165.jpg\" alt=\"\" width=\"300\" height=\"165\" srcset=\"http:\/\/www.filindeblogg.nu\/wp-content\/uploads\/2018\/01\/Dejta-via-datorn-300x165.jpg 300w, http:\/\/www.filindeblogg.nu\/wp-content\/uploads\/2018\/01\/Dejta-via-datorn-768x423.jpg 768w, http:\/\/www.filindeblogg.nu\/wp-content\/uploads\/2018\/01\/Dejta-via-datorn.jpg 992w\" sizes=\"(max-width: 300px) 100vw, 300px\" \/><\/p>\n<p>Via datorn! Via dejtingsidor som det finns en uppsj\u00f6 av &#8211; men ocks\u00e5 genom spel p\u00e5 datorn eller mobilen &#8211; och via <strong>Facebook<\/strong>! <img loading=\"lazy\" class=\"alignnone size-full wp-image-73678\" src=\"http:\/\/www.filindeblogg.nu\/wp-content\/uploads\/2018\/01\/Dejt-Facebook.jpg\" alt=\"\" width=\"260\" height=\"190\" \/><\/p>\n<p>Det \u00e4r dom d\u00e4r datoriserade tr\u00e4ffarna som TV-kanalen ID ofta tar upp. Inte dom som g\u00e5r r\u00e4tt &#8211; utan dom andra&#8230; <img loading=\"lazy\" class=\"alignnone  wp-image-73681\" src=\"http:\/\/www.filindeblogg.nu\/wp-content\/uploads\/2018\/01\/Fake-profile-1-300x164.jpg\" alt=\"\" width=\"263\" height=\"144\" srcset=\"http:\/\/www.filindeblogg.nu\/wp-content\/uploads\/2018\/01\/Fake-profile-1-300x164.jpg 300w, http:\/\/www.filindeblogg.nu\/wp-content\/uploads\/2018\/01\/Fake-profile-1.jpg 303w\" sizes=\"(max-width: 263px) 100vw, 263px\" \/> Dom med de d\u00e4r fejkade profilerna!<br \/>\nKvinnor och m\u00e4n som bara finns i datorn men aldrig i verkligheten! <img loading=\"lazy\" class=\"alignnone size-medium wp-image-73682\" src=\"http:\/\/www.filindeblogg.nu\/wp-content\/uploads\/2018\/01\/Fake-profile-1-1-300x157.jpg\" alt=\"\" width=\"300\" height=\"157\" srcset=\"http:\/\/www.filindeblogg.nu\/wp-content\/uploads\/2018\/01\/Fake-profile-1-1-300x157.jpg 300w, http:\/\/www.filindeblogg.nu\/wp-content\/uploads\/2018\/01\/Fake-profile-1-1.jpg 602w\" sizes=\"(max-width: 300px) 100vw, 300px\" \/> Jo, dom finns men \u00e4r inte de personer de utger sig f\u00f6r att vara&#8230;Dom med ont upps\u00e5t! <img loading=\"lazy\" class=\"alignnone  wp-image-73683\" src=\"http:\/\/www.filindeblogg.nu\/wp-content\/uploads\/2018\/01\/Fake-profile-3.jpg\" alt=\"\" width=\"187\" height=\"174\" \/> Dom som bluffar, stj\u00e4l identiteter och l\u00e4gger upp en falsk profil f\u00f6r att lura av andra m\u00e4nniskor pengar men mest i ID-kanalen: falska profiler upplagda av sjuka m\u00e4n som inte kan hantera kvinnor p\u00e5 vanligt s\u00e4tt&#8230; <img loading=\"lazy\" class=\"alignnone  wp-image-73684\" src=\"http:\/\/www.filindeblogg.nu\/wp-content\/uploads\/2018\/01\/Fake-stalker-300x239.jpg\" alt=\"\" width=\"230\" height=\"183\" srcset=\"http:\/\/www.filindeblogg.nu\/wp-content\/uploads\/2018\/01\/Fake-stalker-300x239.jpg 300w, http:\/\/www.filindeblogg.nu\/wp-content\/uploads\/2018\/01\/Fake-stalker.jpg 388w\" sizes=\"(max-width: 230px) 100vw, 230px\" \/><\/p>\n<p>Sjuka m\u00e4n som f\u00e5ngar upp ensamma, k\u00e4rlekst\u00f6rstande kvinnor med sina fejkade profiler och falska foton.\u00a0<img loading=\"lazy\" class=\"alignnone size-medium wp-image-73687\" src=\"http:\/\/www.filindeblogg.nu\/wp-content\/uploads\/2018\/01\/Stalking-on-facebook-2-300x213.jpg\" alt=\"\" width=\"300\" height=\"213\" \/> Som skriver heta, lockande meddelanden f\u00f6r att s\u00e5 sm\u00e5ningom f\u00f6rs\u00f6ka f\u00e5 till ett m\u00f6te i verkligheten&#8230;<\/p>\n<p>Det \u00e4r sen det b\u00f6rjar&#8230;<img loading=\"lazy\" class=\"alignnone size-medium wp-image-73685\" src=\"http:\/\/www.filindeblogg.nu\/wp-content\/uploads\/2018\/01\/Stalking-on-facebook-300x150.jpg\" alt=\"\" width=\"300\" height=\"150\" srcset=\"http:\/\/www.filindeblogg.nu\/wp-content\/uploads\/2018\/01\/Stalking-on-facebook-300x150.jpg 300w, http:\/\/www.filindeblogg.nu\/wp-content\/uploads\/2018\/01\/Stalking-on-facebook.jpg 318w\" sizes=\"(max-width: 300px) 100vw, 300px\" \/><\/p>\n<p><img loading=\"lazy\" class=\"alignnone  wp-image-73686\" src=\"http:\/\/www.filindeblogg.nu\/wp-content\/uploads\/2018\/01\/Stalking-1.jpg\" alt=\"\" width=\"272\" height=\"161\" \/> F\u00f6rf\u00f6ljandet&#8230; <img loading=\"lazy\" class=\"alignnone size-medium wp-image-73688\" src=\"http:\/\/www.filindeblogg.nu\/wp-content\/uploads\/2018\/01\/Stalking-2-300x150.jpg\" alt=\"\" width=\"300\" height=\"150\" srcset=\"http:\/\/www.filindeblogg.nu\/wp-content\/uploads\/2018\/01\/Stalking-2-300x150.jpg 300w, http:\/\/www.filindeblogg.nu\/wp-content\/uploads\/2018\/01\/Stalking-2.jpg 318w\" sizes=\"(max-width: 300px) 100vw, 300px\" \/> Oavsett om du b\u00f6rjar f\u00f6rst\u00e5 att &#8221;den d\u00e4r killen st\u00e4mmer nog inte riktigt&#8221; &#8211; s\u00e5 har du kanske l\u00e4mnat ut uppgifter om dig sj\u00e4lv som g\u00f6r din situation FARLIG! <img loading=\"lazy\" class=\"alignnone size-medium wp-image-73689\" src=\"http:\/\/www.filindeblogg.nu\/wp-content\/uploads\/2018\/01\/Stalking-3-300x200.jpg\" alt=\"\" width=\"300\" height=\"200\" srcset=\"http:\/\/www.filindeblogg.nu\/wp-content\/uploads\/2018\/01\/Stalking-3-300x200.jpg 300w, http:\/\/www.filindeblogg.nu\/wp-content\/uploads\/2018\/01\/Stalking-3-768x512.jpg 768w, http:\/\/www.filindeblogg.nu\/wp-content\/uploads\/2018\/01\/Stalking-3.jpg 900w\" sizes=\"(max-width: 300px) 100vw, 300px\" \/><\/p>\n<p>Stalking i dess allvarligaste form. <img loading=\"lazy\" class=\"alignnone size-full wp-image-73690\" src=\"http:\/\/www.filindeblogg.nu\/wp-content\/uploads\/2018\/01\/Stalking-4.jpg\" alt=\"\" width=\"275\" height=\"183\" \/><br \/>\nSom i ID-kanalens reportage fr\u00e5n verkligheten skildrar \u00f6verfall, v\u00e5ldt\u00e4kt och mord&#8230; <img loading=\"lazy\" class=\"alignnone size-medium wp-image-73691\" src=\"http:\/\/www.filindeblogg.nu\/wp-content\/uploads\/2018\/01\/\u00d6verfall-300x166.jpg\" alt=\"\" width=\"300\" height=\"166\" srcset=\"http:\/\/www.filindeblogg.nu\/wp-content\/uploads\/2018\/01\/\u00d6verfall-300x166.jpg 300w, http:\/\/www.filindeblogg.nu\/wp-content\/uploads\/2018\/01\/\u00d6verfall.jpg 301w\" sizes=\"(max-width: 300px) 100vw, 300px\" \/><\/p>\n<p>K\u00e4rlekshungern \u00e4r densamma nu som f\u00f6rr hos m\u00e4nniskor &#8211; men s\u00f6kmetoderna helt annorlunda. Vem \u00e4r \u00e4rlig och vem ljuger? Vem kan du lita p\u00e5 och vem ska du akta dig f\u00f6r?<br \/>\nDet finns ett ordspr\u00e5k som s\u00e4ger <strong><em>&#8221;- Verkar n\u00e5got f\u00f6r bra f\u00f6r att vara sant &#8211; s\u00e5 \u00e4r det nog s\u00e5 &#8211; det vill s\u00e4ga inte sant!&#8221;<\/em><\/strong><\/p>\n<p><img loading=\"lazy\" class=\"aligncenter size-full wp-image-73693\" src=\"http:\/\/www.filindeblogg.nu\/wp-content\/uploads\/2018\/01\/\u00d6verfall-ansikte-2.jpg\" alt=\"\" width=\"299\" height=\"168\" \/><\/p>\n<p>Bloggaren har sj\u00e4lv r\u00e5kat ut f\u00f6r en skum person p\u00e5 n\u00e4tet. Helt oskyldigt till en b\u00f6rjan i ett datorspel. S\u00e5 sm\u00e5ningom b\u00f6rjade vi prata, blev f\u00f6rtroliga &#8211; det k\u00e4ndes bra. MEN &#8211; till slut kom tankarna att det var n\u00e5gonting som inte riktigt st\u00e4mde. Bloggaren avslutade kontakten p\u00e5 ett v\u00e4nligt med best\u00e4mt s\u00e4tt och t\u00e4nker idag att den personen sa ingenting om sig sj\u00e4lv som g\u00e5r att kontrollera. Allt var f\u00f6rmodligen falskt.<\/p>\n<p>S\u00c5 &#8211; <strong>VAR F\u00d6RSIKTIG! <img loading=\"lazy\" class=\"alignnone size-medium wp-image-73692\" src=\"http:\/\/www.filindeblogg.nu\/wp-content\/uploads\/2018\/01\/Be-careful-out-there-300x239.jpg\" alt=\"\" width=\"300\" height=\"239\" srcset=\"http:\/\/www.filindeblogg.nu\/wp-content\/uploads\/2018\/01\/Be-careful-out-there-300x239.jpg 300w, http:\/\/www.filindeblogg.nu\/wp-content\/uploads\/2018\/01\/Be-careful-out-there.jpg 392w\" sizes=\"(max-width: 300px) 100vw, 300px\" \/><\/strong><\/p>\n<p>ID-kanalen hittar du <a href=\"https:\/\/www.investigationdiscovery.com\/\"><strong>H\u00c4R<\/strong> <\/a>p\u00e5 n\u00e4tet.<\/p>\n<p><img loading=\"lazy\" class=\"alignnone size-medium wp-image-73699\" src=\"http:\/\/www.filindeblogg.nu\/wp-content\/uploads\/2018\/01\/Politiker-kvinna-300x155.jpg\" alt=\"\" width=\"300\" height=\"155\" srcset=\"http:\/\/www.filindeblogg.nu\/wp-content\/uploads\/2018\/01\/Politiker-kvinna-300x155.jpg 300w, http:\/\/www.filindeblogg.nu\/wp-content\/uploads\/2018\/01\/Politiker-kvinna-768x397.jpg 768w, http:\/\/www.filindeblogg.nu\/wp-content\/uploads\/2018\/01\/Politiker-kvinna.jpg 937w\" sizes=\"(max-width: 300px) 100vw, 300px\" \/>\u00a0Nu \u00f6ver till VARF\u00d6R BLOGGAREN ALDRIG MER BLIR POLITIKER! Hennes erfarenheter kan symboliseras s\u00e5 h\u00e4r: <img loading=\"lazy\" class=\"alignnone  wp-image-73694\" src=\"http:\/\/www.filindeblogg.nu\/wp-content\/uploads\/2018\/01\/Bullshit-2.jpg\" alt=\"\" width=\"188\" height=\"189\" srcset=\"http:\/\/www.filindeblogg.nu\/wp-content\/uploads\/2018\/01\/Bullshit-2.jpg 224w, http:\/\/www.filindeblogg.nu\/wp-content\/uploads\/2018\/01\/Bullshit-2-150x150.jpg 150w, http:\/\/www.filindeblogg.nu\/wp-content\/uploads\/2018\/01\/Bullshit-2-144x144.jpg 144w\" sizes=\"(max-width: 188px) 100vw, 188px\" \/> Det mesta \u00e4r &#8221;bullshit&#8221;!!<\/p>\n<p>Bloggaren har provat p\u00e5 en del politik &#8211; Folkpartiet, Feministiskt initiativ och sist Milj\u00f6partiet. K\u00e4nt sig sympatisera med de r\u00f6da p\u00e5 senare \u00e5r MEN kommit fram till att det mesta \u00e4r skitsnack! <img loading=\"lazy\" class=\"alignnone size-full wp-image-73695\" src=\"http:\/\/www.filindeblogg.nu\/wp-content\/uploads\/2018\/01\/Bullshit-1.jpg\" alt=\"\" width=\"200\" height=\"200\" srcset=\"http:\/\/www.filindeblogg.nu\/wp-content\/uploads\/2018\/01\/Bullshit-1.jpg 200w, http:\/\/www.filindeblogg.nu\/wp-content\/uploads\/2018\/01\/Bullshit-1-150x150.jpg 150w, http:\/\/www.filindeblogg.nu\/wp-content\/uploads\/2018\/01\/Bullshit-1-144x144.jpg 144w\" sizes=\"(max-width: 200px) 100vw, 200px\" \/><br \/>\n<img loading=\"lazy\" class=\"alignnone size-full wp-image-73700\" src=\"http:\/\/www.filindeblogg.nu\/wp-content\/uploads\/2018\/01\/Politker-man.jpg\" alt=\"\" width=\"271\" height=\"186\" \/>\u00a0L\u00f6gner, f\u00f6rtal, inb\u00f6rdes beundran, krig mellan partier ist\u00e4llet f\u00f6r att l\u00e4gga krutet och energin p\u00e5 den egna kommunen\/den egna regionen\/landet Sverige.<\/p>\n<p>De senaste \u00e5ren har det varit kvalificerat bullshit i fr\u00e5ga om invandringen, anser bloggaren! Lilla naiva Sverige tror gott om alla. V\u00c4LKOMMEN HIT &#8211; \u00f6ppna armar &#8211; och kreti och pleti str\u00f6mmar in \u00f6ver gr\u00e4nserna. Bloggaren kastar \u00e5ter en blick p\u00e5 s\u00f6ndagens blogg med den h\u00e4r bilden fr\u00e5n DN d\u00e5. <img loading=\"lazy\" class=\"alignnone  wp-image-73554\" src=\"http:\/\/www.filindeblogg.nu\/wp-content\/uploads\/2018\/01\/IMG_5064-225x300.jpg\" alt=\"\" width=\"123\" height=\"164\" srcset=\"http:\/\/www.filindeblogg.nu\/wp-content\/uploads\/2018\/01\/IMG_5064-225x300.jpg 225w, http:\/\/www.filindeblogg.nu\/wp-content\/uploads\/2018\/01\/IMG_5064.jpg 480w\" sizes=\"(max-width: 123px) 100vw, 123px\" \/><\/p>\n<p>Jo, bloggaren \u00e4r m\u00e4nniskov\u00e4n. Tror p\u00e5 att vi ska hj\u00e4lpa varandra. Bryr sig inte ett dugg om hudf\u00e4rg, religion, genustillh\u00f6righet eller vad det nu kan vara som eventuellt skulle skilja n\u00e5gon fr\u00e5n en annan.<\/p>\n<p>MEN vi m\u00e5ste sluta vara s\u00e5 korkat naiva! Vi M\u00c5STE st\u00e4lla krav! Det \u00e4r inte fel att villkora! Det vill s\u00e4ga kr\u00e4va n\u00e5got tillbaka n\u00e4r man ger n\u00e5got.<br \/>\nOch det handlar om m\u00e4nniskor som kommer hit fr\u00e5n andra l\u00e4nder. S\u00e5dant f\u00e5r man inte prata om! Man kan inte f\u00f6rsvara sig heller\u00a0 &#8211; f\u00f6r det finns arga grupperingar som h\u00e5nfullt h\u00e4rmar<strong><em> &#8221;- Jag \u00e4r inte rasist men&#8230;.&#8221;<\/em><\/strong><\/p>\n<p>Men t\u00e4nk om det faktiskt \u00e4r s\u00e5 att v\u00e4ldigt m\u00e5nga m\u00e4nniskor INTE \u00e4r rasister men f\u00f6rst\u00e5r \u00e4nd\u00e5 att n\u00e5gonstans m\u00e5ste vi dra gr\u00e4nsen! F\u00f6r ALLAS v\u00e4lbefinnande! Det vill s\u00e4ga \u00e4ven f\u00f6r de som vill komma hit.<br \/>\nDe m\u00e4nniskor som vill hit och som vill g\u00f6ra r\u00e4tt f\u00f6r sig &#8211; det vill s\u00e4ga bidra till samh\u00e4llet och f\u00e5 del av utbudet &#8211; m\u00e5ste f\u00e5 en chans till det!<\/p>\n<p>I morse n\u00e4r bloggaren kollade <strong>Dagens Nyheter<\/strong> p\u00e5 n\u00e4tet s\u00e5 var detta de nyheter som stack ut:<\/p>\n<p>1 )\u00a0 <img loading=\"lazy\" class=\"alignnone  wp-image-73697\" src=\"http:\/\/www.filindeblogg.nu\/wp-content\/uploads\/2018\/01\/Isabella-Lovn-MP-spr\u00e5kr\u00f6r-300x168.jpg\" alt=\"\" width=\"250\" height=\"140\" srcset=\"http:\/\/www.filindeblogg.nu\/wp-content\/uploads\/2018\/01\/Isabella-Lovn-MP-spr\u00e5kr\u00f6r-300x168.jpg 300w, http:\/\/www.filindeblogg.nu\/wp-content\/uploads\/2018\/01\/Isabella-Lovn-MP-spr\u00e5kr\u00f6r-768x431.jpg 768w, http:\/\/www.filindeblogg.nu\/wp-content\/uploads\/2018\/01\/Isabella-Lovn-MP-spr\u00e5kr\u00f6r.jpg 1012w\" sizes=\"(max-width: 250px) 100vw, 250px\" \/> <strong><em>&#8221;Isabella L\u00f6vin: sluta svartm\u00e5la Sverige&#8221;<\/em><\/strong><\/p>\n<div class=\"article__lead\">\n<p><em>&#8221;MP:s spr\u00e5kr\u00f6r Isabella L\u00f6vin tar avst\u00e5nd fr\u00e5n den bild av invandringspolitiken som regeringskollegorna i S ger. Hon tycker ocks\u00e5 att det p\u00e5g\u00e5r en politisk svartm\u00e5lning av tillst\u00e5ndet i Sverige.<\/em><br \/>\n<em><strong>\u2013\u00a0Alla partier f\u00f6rst\u00e4rker bilden av hur brottslighet och sexuella \u00f6vergrepp \u00e4r n\u00e5got som i princip h\u00e5ller p\u00e5 att ta \u00f6ver Sverige. Det st\u00e4mmer inte,<\/strong> s\u00e4ger Isabella L\u00f6vin.&#8221;<\/em><\/p>\n<p><a href=\"https:\/\/www.dn.se\/nyheter\/politik\/isabella-lovin-sluta-svartmala-sverige\/\"><strong>H\u00c4R<\/strong><\/a> finns artikeln!<\/p>\n<p>2)\u00a0 <img loading=\"lazy\" class=\"alignnone size-medium wp-image-73698\" src=\"http:\/\/www.filindeblogg.nu\/wp-content\/uploads\/2018\/01\/Nicholas-Jessen-sonen-knivr\u00e5nad-i-J\u00e4rla-Nacka-300x168.jpg\" alt=\"\" width=\"300\" height=\"168\" srcset=\"http:\/\/www.filindeblogg.nu\/wp-content\/uploads\/2018\/01\/Nicholas-Jessen-sonen-knivr\u00e5nad-i-J\u00e4rla-Nacka-300x168.jpg 300w, http:\/\/www.filindeblogg.nu\/wp-content\/uploads\/2018\/01\/Nicholas-Jessen-sonen-knivr\u00e5nad-i-J\u00e4rla-Nacka-768x430.jpg 768w, http:\/\/www.filindeblogg.nu\/wp-content\/uploads\/2018\/01\/Nicholas-Jessen-sonen-knivr\u00e5nad-i-J\u00e4rla-Nacka.jpg 1014w\" sizes=\"(max-width: 300px) 100vw, 300px\" \/> <strong><em>&#8221;Nicholas 8-\u00e5rige son blev knivr\u00e5nad p\u00e5 v\u00e4g hem fr\u00e5n skolan&#8221;<\/em><\/strong><\/p>\n<p><em><strong>&#8221;P\u00e5 m\u00e5ndagseftermiddagen blev en \u00e5tta\u00e5rig pojke knivr\u00e5nad p\u00e5 sin v\u00e4g hem fr\u00e5n skolan i J\u00e4rla i Nacka.<\/strong> Pappan Nicholas Jessen ber\u00e4ttar att sonen inte v\u00e5gar g\u00e5 ensam l\u00e4ngre och Nackapolisen efterlyser nu vittnen.&#8221;<\/em><\/p>\n<p><a href=\"https:\/\/www.dn.se\/sthlm\/nicholas-8-arige-son-blev-knivranad-pa-vag-hem-fran-skolan\/\"><strong>H\u00c4R<\/strong><\/a> finns artikeln!<\/p>\n<p>3)<strong><em>\u00a0 <img loading=\"lazy\" class=\"alignnone  wp-image-73696\" src=\"http:\/\/www.filindeblogg.nu\/wp-content\/uploads\/2018\/01\/Elisabeth-Svantesson-Moderaternas-ekonomisk-politiska-talesperson-300x168.jpg\" alt=\"\" width=\"268\" height=\"150\" srcset=\"http:\/\/www.filindeblogg.nu\/wp-content\/uploads\/2018\/01\/Elisabeth-Svantesson-Moderaternas-ekonomisk-politiska-talesperson-300x168.jpg 300w, http:\/\/www.filindeblogg.nu\/wp-content\/uploads\/2018\/01\/Elisabeth-Svantesson-Moderaternas-ekonomisk-politiska-talesperson-768x431.jpg 768w, http:\/\/www.filindeblogg.nu\/wp-content\/uploads\/2018\/01\/Elisabeth-Svantesson-Moderaternas-ekonomisk-politiska-talesperson.jpg 1013w\" sizes=\"(max-width: 268px) 100vw, 268px\" \/>\u00a0&#8221;Moderaterna: Sprickan i regeringen om migrationen \u00e4r allvarlig.&#8221;<\/em><\/strong><\/p>\n<p>Ur texten:<em> &#8221;Moderaterna \u00e4r kritisk mot att de tv\u00e5 regeringspartierna, S och MP, \u00e4r oeniga om hur m\u00e5nga flyktingar Sverige ska ta emot.<br \/>\n<strong>\u2013 Det \u00e4r anm\u00e4rkningsv\u00e4rt att ett regeringsparti (MP) inte f\u00f6rm\u00e5r se kopplingen mellan migration och integration.<\/strong>Det s\u00e4ger Elisabeth Svantesson, Moderaternas ekonomisk-politiska talesperson till DN.&#8221;<br \/>\n<\/em><a href=\"https:\/\/www.dn.se\/nyheter\/politik\/moderaterna-sprickan-i-regeringen-om-migrationen-ar-allvarlig\/\"><strong>H\u00c4R<\/strong> <\/a>finns artikeln!<\/p>\n<p><img loading=\"lazy\" class=\"alignnone  wp-image-73726\" src=\"http:\/\/www.filindeblogg.nu\/wp-content\/uploads\/2018\/01\/Fr\u00e5getecken-300x294.jpg\" alt=\"\" width=\"176\" height=\"172\" srcset=\"http:\/\/www.filindeblogg.nu\/wp-content\/uploads\/2018\/01\/Fr\u00e5getecken-300x294.jpg 300w, http:\/\/www.filindeblogg.nu\/wp-content\/uploads\/2018\/01\/Fr\u00e5getecken-768x751.jpg 768w, http:\/\/www.filindeblogg.nu\/wp-content\/uploads\/2018\/01\/Fr\u00e5getecken-1024x1002.jpg 1024w\" sizes=\"(max-width: 176px) 100vw, 176px\" \/>\u00a0Varf\u00f6r kan inte alla politiker se verkligheten som den \u00e4r utan skygglappar och \u00f6nsket\u00e4nkande!?<\/p>\n<p>P\u00e5 <strong>SVT Nyheter<\/strong> l\u00e4ste bloggaren detta p\u00e5 morgonen:<\/p>\n<p><img loading=\"lazy\" class=\"alignnone size-medium wp-image-73704\" src=\"http:\/\/www.filindeblogg.nu\/wp-content\/uploads\/2018\/01\/Ulf-Kristersson-300x169.jpg\" alt=\"\" width=\"300\" height=\"169\" srcset=\"http:\/\/www.filindeblogg.nu\/wp-content\/uploads\/2018\/01\/Ulf-Kristersson-300x169.jpg 300w, http:\/\/www.filindeblogg.nu\/wp-content\/uploads\/2018\/01\/Ulf-Kristersson-768x432.jpg 768w, http:\/\/www.filindeblogg.nu\/wp-content\/uploads\/2018\/01\/Ulf-Kristersson.jpg 992w\" sizes=\"(max-width: 300px) 100vw, 300px\" \/> <strong><em>&#8221;M vill ha h\u00e5rdare spr\u00e5kkrav&#8221;<\/em><\/strong><\/p>\n<p><em>&#8221;Moderatledaren Ulf Kristersson vill att kraven p\u00e5 svenskkunskaper f\u00f6r nya svenskar blir h\u00e5rdare.&#8221;<\/em><\/p>\n<p><img loading=\"lazy\" class=\"alignnone  wp-image-73709\" src=\"http:\/\/www.filindeblogg.nu\/wp-content\/uploads\/2018\/01\/L\u00e4ra-sig-spr\u00e5k-Kopia-300x218.jpg\" alt=\"\" width=\"222\" height=\"161\" srcset=\"http:\/\/www.filindeblogg.nu\/wp-content\/uploads\/2018\/01\/L\u00e4ra-sig-spr\u00e5k-Kopia-300x218.jpg 300w, http:\/\/www.filindeblogg.nu\/wp-content\/uploads\/2018\/01\/L\u00e4ra-sig-spr\u00e5k-Kopia.jpg 728w\" sizes=\"(max-width: 222px) 100vw, 222px\" \/>\u00a0Bloggaren undrar &#8211; kan det uttalandet bli kontroversiellt??\u00a0<img loading=\"lazy\" class=\"alignnone  wp-image-73705\" src=\"http:\/\/www.filindeblogg.nu\/wp-content\/uploads\/2018\/01\/Spr\u00e5k-300x156.png\" alt=\"\" width=\"227\" height=\"118\" srcset=\"http:\/\/www.filindeblogg.nu\/wp-content\/uploads\/2018\/01\/Spr\u00e5k-300x156.png 300w, http:\/\/www.filindeblogg.nu\/wp-content\/uploads\/2018\/01\/Spr\u00e5k.png 600w\" sizes=\"(max-width: 227px) 100vw, 227px\" \/> Varf\u00f6r i s\u00e5 fall? Skulle det vara f\u00f6r det farliga ordet &#8221;krav&#8221; som finns med??<br \/>\n\u00c4r inte spr\u00e5ket det viktigaste vid integration? Att kunna f\u00f6rst\u00e5 och g\u00f6ra sig f\u00f6rst\u00e5dd! <img loading=\"lazy\" class=\"alignnone size-medium wp-image-73706\" src=\"http:\/\/www.filindeblogg.nu\/wp-content\/uploads\/2018\/01\/Spr\u00e5k-f\u00f6rst\u00e5-varandra-300x166.jpg\" alt=\"\" width=\"300\" height=\"166\" srcset=\"http:\/\/www.filindeblogg.nu\/wp-content\/uploads\/2018\/01\/Spr\u00e5k-f\u00f6rst\u00e5-varandra-300x166.jpg 300w, http:\/\/www.filindeblogg.nu\/wp-content\/uploads\/2018\/01\/Spr\u00e5k-f\u00f6rst\u00e5-varandra.jpg 301w\" sizes=\"(max-width: 300px) 100vw, 300px\" \/> F\u00f6r att kunna bidra till allas v\u00e5rt samh\u00e4lle beh\u00f6ver man jobba.\u00a0<img loading=\"lazy\" class=\"alignnone  wp-image-73707\" src=\"http:\/\/www.filindeblogg.nu\/wp-content\/uploads\/2018\/01\/Spr\u00e5k-f\u00f6r-jobb-300x231.jpg\" alt=\"\" width=\"236\" height=\"182\" srcset=\"http:\/\/www.filindeblogg.nu\/wp-content\/uploads\/2018\/01\/Spr\u00e5k-f\u00f6r-jobb-300x231.jpg 300w, http:\/\/www.filindeblogg.nu\/wp-content\/uploads\/2018\/01\/Spr\u00e5k-f\u00f6r-jobb.jpg 370w\" sizes=\"(max-width: 236px) 100vw, 236px\" \/> S\u00f6ker man jobb \u00e4r det viktigt att kunna spr\u00e5ket. Ta till exempel v\u00e5rden &#8211; hur m\u00e5nga klagar inte p\u00e5 att <em>&#8221;- jag f\u00f6rst\u00e5r inte vad doktorn s\u00e4ger&#8230;&#8221;.<br \/>\n<\/em>D\u00e5ligt f\u00f6r alla &#8211; f\u00f6r patienten, f\u00f6r den v\u00e5rdande l\u00e4karen, f\u00f6r den medicinska behandlingen o.s.v.<\/p>\n<p><a href=\"https:\/\/www.svt.se\/nyheter\/inrikes\/m-vill-ha-hardare-sprakkrav\"><strong>H\u00c4R<\/strong> <\/a>finns artikeln om spr\u00e5kkrav.<\/p>\n<p>Det sn\u00e4lla, demokratiska landet Sverige som vill hj\u00e4lpa alla&#8230; I den b\u00e4sta av v\u00e4rldar \u00e4r det kanske m\u00f6jligt. Men den v\u00e4rlden finns inte. Alla m\u00e4nniskor \u00e4r inte \u00e4rliga, seri\u00f6sa och v\u00e4lvilliga. V\u00e4rlden \u00e4r full av giriga och sluga. M\u00e4nniskor som vill sko sig sj\u00e4lva. Som luras f\u00f6r egen vinning. Kriminella och v\u00e5ldsverkare.<\/p>\n<p><img loading=\"lazy\" class=\"alignnone  wp-image-73710\" src=\"http:\/\/www.filindeblogg.nu\/wp-content\/uploads\/2018\/01\/Bullshit-nej.jpg\" alt=\"\" width=\"137\" height=\"137\" srcset=\"http:\/\/www.filindeblogg.nu\/wp-content\/uploads\/2018\/01\/Bullshit-nej.jpg 225w, http:\/\/www.filindeblogg.nu\/wp-content\/uploads\/2018\/01\/Bullshit-nej-150x150.jpg 150w, http:\/\/www.filindeblogg.nu\/wp-content\/uploads\/2018\/01\/Bullshit-nej-144x144.jpg 144w\" sizes=\"(max-width: 137px) 100vw, 137px\" \/>\u00a0Det m\u00e5ste bli ett SLUT p\u00e5 flumpolitiken! Slut med denna bullshit! Slut p\u00e5 mantrat som kommer att krackelera till sist!<\/p>\n<p style=\"text-align: center;\"><strong><em>Vi m\u00e5ste hj\u00e4lpa varandra! <\/em><\/strong><br \/>\n<strong><em>Vi m\u00e5ste hj\u00e4lpa varandra! <\/em><\/strong><br \/>\n<strong><em>Vi m\u00e5ste ha hj\u00e4lp av andra..<\/em><em>.<\/em><\/strong><\/p>\n<p><img loading=\"lazy\" class=\"aligncenter  wp-image-73712\" src=\"http:\/\/www.filindeblogg.nu\/wp-content\/uploads\/2018\/01\/Tomma-fickor-247x300.jpg\" alt=\"\" width=\"214\" height=\"260\" srcset=\"http:\/\/www.filindeblogg.nu\/wp-content\/uploads\/2018\/01\/Tomma-fickor-247x300.jpg 247w, http:\/\/www.filindeblogg.nu\/wp-content\/uploads\/2018\/01\/Tomma-fickor.jpg 300w\" sizes=\"(max-width: 214px) 100vw, 214px\" \/><\/p>\n<p><strong>Det \u00e4r dags att trycka p\u00e5 knappen!<\/strong> <img loading=\"lazy\" class=\"alignnone size-full wp-image-73711\" src=\"http:\/\/www.filindeblogg.nu\/wp-content\/uploads\/2018\/01\/Bullshit-button.jpg\" alt=\"\" width=\"225\" height=\"225\" srcset=\"http:\/\/www.filindeblogg.nu\/wp-content\/uploads\/2018\/01\/Bullshit-button.jpg 225w, http:\/\/www.filindeblogg.nu\/wp-content\/uploads\/2018\/01\/Bullshit-button-150x150.jpg 150w, http:\/\/www.filindeblogg.nu\/wp-content\/uploads\/2018\/01\/Bullshit-button-144x144.jpg 144w\" sizes=\"(max-width: 225px) 100vw, 225px\" \/><\/p>\n<p>Det handlar om att ge men ocks\u00e5 om att f\u00e5 tillbaka. Att se till att m\u00e4nniskor ocks\u00e5 har m\u00f6jlighet att ge tillbaka. F\u00e5r chans och m\u00f6jlighet att bidra till samh\u00e4llets alla funktioner.<br \/>\nDet handlar faktiskt om enkel matematik! <img loading=\"lazy\" class=\"alignnone size-medium wp-image-73701\" src=\"http:\/\/www.filindeblogg.nu\/wp-content\/uploads\/2018\/01\/spargris-ledsen--300x168.jpg\" alt=\"\" width=\"300\" height=\"168\" \/> En spargris med pengar. <img loading=\"lazy\" class=\"alignnone size-full wp-image-73702\" src=\"http:\/\/www.filindeblogg.nu\/wp-content\/uploads\/2018\/01\/spargris-s\u00f6nder.jpg\" alt=\"\" width=\"278\" height=\"181\" \/> Tar man ur f\u00f6r mycket ur spargrisen och inte fyller p\u00e5 s\u00e5 \u00e4r den snart tom! <img loading=\"lazy\" class=\"alignnone size-medium wp-image-73703\" src=\"http:\/\/www.filindeblogg.nu\/wp-content\/uploads\/2018\/01\/spargris-tom-300x225.jpg\" alt=\"\" width=\"300\" height=\"225\" srcset=\"http:\/\/www.filindeblogg.nu\/wp-content\/uploads\/2018\/01\/spargris-tom-300x225.jpg 300w, http:\/\/www.filindeblogg.nu\/wp-content\/uploads\/2018\/01\/spargris-tom.jpg 665w\" sizes=\"(max-width: 300px) 100vw, 300px\" \/><\/p>\n<p>Ord och inga visor! Nu blir det annat! Lite bilder hemifr\u00e5n.<\/p>\n<p>I morse. Det har sn\u00f6at i natt. <img loading=\"lazy\" class=\"alignnone size-medium wp-image-73713\" src=\"http:\/\/www.filindeblogg.nu\/wp-content\/uploads\/2018\/01\/IMG_5161-225x300.jpg\" alt=\"\" width=\"225\" height=\"300\" srcset=\"http:\/\/www.filindeblogg.nu\/wp-content\/uploads\/2018\/01\/IMG_5161-225x300.jpg 225w, http:\/\/www.filindeblogg.nu\/wp-content\/uploads\/2018\/01\/IMG_5161.jpg 756w\" sizes=\"(max-width: 225px) 100vw, 225px\" \/><\/p>\n<p><img loading=\"lazy\" class=\"alignnone size-medium wp-image-73714\" src=\"http:\/\/www.filindeblogg.nu\/wp-content\/uploads\/2018\/01\/IMG_5205-225x300.jpg\" alt=\"\" width=\"225\" height=\"300\" srcset=\"http:\/\/www.filindeblogg.nu\/wp-content\/uploads\/2018\/01\/IMG_5205-225x300.jpg 225w, http:\/\/www.filindeblogg.nu\/wp-content\/uploads\/2018\/01\/IMG_5205.jpg 756w\" sizes=\"(max-width: 225px) 100vw, 225px\" \/> Och det forts\u00e4tter sn\u00f6a&#8230; Vackert men slitsamt p\u00e5 Glasbl\u00e5sarg\u00e5rden! \ud83d\ude09<\/p>\n<p><img loading=\"lazy\" class=\"alignnone  wp-image-73715\" src=\"http:\/\/www.filindeblogg.nu\/wp-content\/uploads\/2018\/01\/Puss-3-mindre-3-261x300.jpg\" alt=\"\" width=\"77\" height=\"89\" srcset=\"http:\/\/www.filindeblogg.nu\/wp-content\/uploads\/2018\/01\/Puss-3-mindre-3-261x300.jpg 261w, http:\/\/www.filindeblogg.nu\/wp-content\/uploads\/2018\/01\/Puss-3-mindre-3.jpg 278w\" sizes=\"(max-width: 77px) 100vw, 77px\" \/> F\u00f6rs\u00f6k att sk\u00f6ta er nu! Puss och kram och allt det andra.<\/p>\n<p>Avslutar med en vacker bild av <strong>Gun-Britt Lawurn<\/strong>, en konstn\u00e4r fr\u00e5n <strong>G\u00f6teborg<\/strong>. Hennes vackra tavlor uppt\u00e4ckte bloggaren f\u00f6r ett antal \u00e5r sedan d\u00e5 hon och dottern bes\u00f6kte <strong>Drottning Silvias Barnsjukhus<\/strong> nere i <strong>G\u00f6tet<\/strong>. Vi fick bo p\u00e5 fina<strong> Ronald McDonalds Hus<\/strong> d\u00e4r och huset hade m\u00e5nga vackra tavlor av Gun-Britt Lawurn. Gun-Britt finns p\u00e5<strong> Instagram<\/strong>!<\/p>\n<p style=\"text-align: center;\"><img loading=\"lazy\" class=\"aligncenter size-medium wp-image-73716\" src=\"http:\/\/www.filindeblogg.nu\/wp-content\/uploads\/2018\/01\/IMG_5083-212x300.jpg\" alt=\"\" width=\"212\" height=\"300\" srcset=\"http:\/\/www.filindeblogg.nu\/wp-content\/uploads\/2018\/01\/IMG_5083-212x300.jpg 212w, http:\/\/www.filindeblogg.nu\/wp-content\/uploads\/2018\/01\/IMG_5083-723x1024.jpg 723w, http:\/\/www.filindeblogg.nu\/wp-content\/uploads\/2018\/01\/IMG_5083.jpg 750w\" sizes=\"(max-width: 212px) 100vw, 212px\" \/><br \/>\n<em>&#8221;N\u00e4rvaro \u00e4r nyckel till frihet. <\/em><br \/>\n<em>D\u00e4r allt \u00e4r himmel ovanf\u00f6r.&#8221;<\/em><\/p>\n<p>&nbsp;<\/p>\n<p>&nbsp;<\/p>\n<\/div>\n<p>&nbsp;<\/p>\n<p>&nbsp;<\/p>\n","protected":false},"excerpt":{"rendered":"<p>Bloggaren har b\u00f6rjat titta p\u00e5 ID &#8211; en kanal som hon kan v\u00e4lja ur sitt kanalutbud. ID &#8211; det vill s\u00e4ga Investigation Discovery. Vad \u00e4r d\u00e5 ID f\u00f6r kanal? S\u00e5 h\u00e4r s\u00e4ger Wikipedia bland annat, citat: &#8221;Investigation Discovery (ofta skrivs endast ID) \u00e4r en amerikansk digital kabel-tv-kanal som \u00e4gs av Discovery Communications och lanserades p\u00e5 [&hellip;]<\/p>\n","protected":false},"author":1,"featured_media":0,"comment_status":"open","ping_status":"open","sticky":false,"template":"","format":"standard","meta":[],"categories":[131,156,222,137,100,160,132,119,235,151,231,101,150],"tags":[],"_links":{"self":[{"href":"http:\/\/www.filindeblogg.nu\/index.php?rest_route=\/wp\/v2\/posts\/73671"}],"collection":[{"href":"http:\/\/www.filindeblogg.nu\/index.php?rest_route=\/wp\/v2\/posts"}],"about":[{"href":"http:\/\/www.filindeblogg.nu\/index.php?rest_route=\/wp\/v2\/types\/post"}],"author":[{"embeddable":true,"href":"http:\/\/www.filindeblogg.nu\/index.php?rest_route=\/wp\/v2\/users\/1"}],"replies":[{"embeddable":true,"href":"http:\/\/www.filindeblogg.nu\/index.php?rest_route=%2Fwp%2Fv2%2Fcomments&post=73671"}],"version-history":[{"count":24,"href":"http:\/\/www.filindeblogg.nu\/index.php?rest_route=\/wp\/v2\/posts\/73671\/revisions"}],"predecessor-version":[{"id":73741,"href":"http:\/\/www.filindeblogg.nu\/index.php?rest_route=\/wp\/v2\/posts\/73671\/revisions\/73741"}],"wp:attachment":[{"href":"http:\/\/www.filindeblogg.nu\/index.php?rest_route=%2Fwp%2Fv2%2Fmedia&parent=73671"}],"wp:term":[{"taxonomy":"category","embeddable":true,"href":"http:\/\/www.filindeblogg.nu\/index.php?rest_route=%2Fwp%2Fv2%2Fcategories&post=73671"},{"taxonomy":"post_tag","embeddable":true,"href":"http:\/\/www.filindeblogg.nu\/index.php?rest_route=%2Fwp%2Fv2%2Ftags&post=73671"}],"curies":[{"name":"wp","href":"https:\/\/api.w.org\/{rel}","templated":true}]}}