{"id":73605,"date":"2018-01-16T18:50:40","date_gmt":"2018-01-16T17:50:40","guid":{"rendered":"http:\/\/www.filindeblogg.nu\/?p=73605"},"modified":"2018-01-16T18:50:40","modified_gmt":"2018-01-16T17:50:40","slug":"maximerar-du-mojligheterna","status":"publish","type":"post","link":"http:\/\/www.filindeblogg.nu\/?p=73605","title":{"rendered":"Maximerar du m\u00f6jligheterna?"},"content":{"rendered":"<p><img loading=\"lazy\" class=\"alignnone wp-image-73606\" src=\"http:\/\/www.filindeblogg.nu\/wp-content\/uploads\/2018\/01\/Suss-bloggar-IMG_4911-1-225x300.jpg\" alt=\"\" width=\"105\" height=\"140\" srcset=\"http:\/\/www.filindeblogg.nu\/wp-content\/uploads\/2018\/01\/Suss-bloggar-IMG_4911-1-225x300.jpg 225w, http:\/\/www.filindeblogg.nu\/wp-content\/uploads\/2018\/01\/Suss-bloggar-IMG_4911-1.jpg 480w\" sizes=\"(max-width: 105px) 100vw, 105px\" \/> Nu dimper det ner en blogg igen! Bloggaren \u00e4r som synes v\u00e4ldigt skrivsugen s\u00e5 h\u00e4r en bit in p\u00e5 nya \u00e5ret.<\/p>\n<p>F\u00f6rst en kommentar till s\u00f6ndagens blogg: <img loading=\"lazy\" class=\"alignnone wp-image-73607\" src=\"http:\/\/www.filindeblogg.nu\/wp-content\/uploads\/2018\/01\/IMG_5064-1-225x300.jpg\" alt=\"\" width=\"134\" height=\"179\" srcset=\"http:\/\/www.filindeblogg.nu\/wp-content\/uploads\/2018\/01\/IMG_5064-1-225x300.jpg 225w, http:\/\/www.filindeblogg.nu\/wp-content\/uploads\/2018\/01\/IMG_5064-1.jpg 480w\" sizes=\"(max-width: 134px) 100vw, 134px\" \/><br \/>\nVad ska vi g\u00f6ra n\u00e4r g\u00e4ngkrigen flyttar in p\u00e5 lasaretten??<\/p>\n<p>Och inte bara d\u00e4r! Vem vill bo i <strong>Roseng\u00e5rd<\/strong>? Vem vill bo i<strong> Bergsj\u00f6n<\/strong>? Vem v\u00e4ljer<strong> Rinkeby<\/strong>? Vem vill bo i n\u00e5gon av de andra f\u00f6rorterna d\u00e4r v\u00e5ldet blivit mer regel \u00e4n undantag? V\u00e5ldet som eskalerar till andra st\u00e4der \u00e4n de st\u00f6rsta &#8211; <strong>V\u00e4ster\u00e5s, \u00d6rebro, Eskilstuna<\/strong> &#8211; f\u00f6r att n\u00e4mna n\u00e5gra n\u00e4rbel\u00e4gna st\u00e4der till bloggarens hemort. Vem vill bo d\u00e4r? Och vilka f\u00e5r ta sig r\u00e4tten att ockupera \u00e4nnu fler st\u00e4der?<\/p>\n<p>Detta \u00e4r av n\u00e5gon anledning spr\u00e4ngstoff i svensk politik. Man f\u00e5r inte prata om vilka som krigar f\u00f6r d\u00e5 \u00e4r man rasist! Men som sk\u00f6terskan s\u00e4ger p\u00e5 bilden ur <strong>DN<\/strong> ovan &#8211; hon \u00e4r sj\u00e4lv fr\u00e5n <strong>Bosnien<\/strong>, citat:<\/p>\n<p><strong><em>&#8221;\u2013 Ibland blir jag s\u00e5 arg. Tyv\u00e4rr \u00e4r det oftast barn till utl\u00e4nningar som g\u00f6r d\u00e5liga saker p\u00e5 sjukhuset. S\u00e5 jag blir bara&#8230; ja, men sn\u00e4lla. Det h\u00e4r \u00e4r ett lugnt land, en lugn stad, fint. Man kan skaffa sig ett jobb och liv, i Sverige finns alla m\u00f6jligheter. S\u00e5 g\u00e5r man vid sidan om och g\u00f6r dumheter.&#8221;<\/em><\/strong><\/p>\n<p>S\u00e5 sanna ord och bloggren k\u00e4nner s\u00e5 h\u00e4r:<\/p>\n<p><strong>N\u00c4R ska vi v\u00e5ga s\u00e4tta gr\u00e4nser? N\u00c4R ska Sveriges politiker fatta att den naiva stil man tror \u00e4r &#8221;demokrati&#8221; h\u00e5ller p\u00e5 att f\u00e5 landet att kollapsa? N\u00c4R ska vi b\u00f6rja st\u00e4lla krav? N\u00c4R ska Sveriges politiker f\u00f6rst\u00e5 att ledarskap &#8211; att s\u00e4ga JA men ocks\u00e5 NEJ &#8211; \u00e4r en f\u00f6ruts\u00e4ttning f\u00f6r att f\u00e5 ett samh\u00e4lle d\u00e4r m\u00e4nniskor inte bara tar &#8211; utan ocks\u00e5 ger, ger tillbaka? <\/strong><br \/>\n<strong>N\u00c4R SKA POLITIKERNA FATTA??? <\/strong><\/p>\n<p><strong>Gl\u00f6m inte: Det \u00e4r val i h\u00f6st!!<\/strong><\/p>\n<p>DN:s hela artikel <em>&#8221;N\u00e4r g\u00e4ngkrigen klev in p\u00e5 akuten&#8221;<\/em> hittar du <a href=\"https:\/\/www.dn.se\/nyheter\/sverige\/anhoriga-storsta-hotet-nar-skottskadade-kommer-in-till-sjukhuset-i-malmo\/\"><strong>H\u00c4R!<\/strong><\/a><\/p>\n<p><img loading=\"lazy\" class=\"size-full wp-image-73608 aligncenter\" src=\"http:\/\/www.filindeblogg.nu\/wp-content\/uploads\/2018\/01\/Flicka-p\u00e5-gunga-med-hj\u00e4rta.jpg\" alt=\"\" width=\"245\" height=\"206\" \/><\/p>\n<p>Nu n\u00e5got annat som bloggaren ocks\u00e5 tagit upp tidigare: <img loading=\"lazy\" class=\"alignnone wp-image-73609\" src=\"http:\/\/www.filindeblogg.nu\/wp-content\/uploads\/2018\/01\/Sj\u00e4lvk\u00e4nsla.png\" alt=\"\" width=\"167\" height=\"134\" \/><\/p>\n<p>Bloggaren kom att t\u00e4nka p\u00e5 att hennes mor ofta sa till henne:<em> &#8221;- Vad du \u00e4r modig. Att du klarar detta! Att du v\u00e5gar? Vad duktig du \u00e4r.&#8221;<\/em><\/p>\n<p>Varf\u00f6r sa hon s\u00e5? Hur var det med mammas sj\u00e4lvk\u00e4nsla? Maximerade hon sina m\u00f6jligheter i livet? Antagligen inte. S\u00e5 var det inte p\u00e5 den tiden &#8211; och s\u00e4rskilt inte f\u00f6r flickor.<\/p>\n<p><img loading=\"lazy\" class=\"alignnone wp-image-73610\" src=\"http:\/\/www.filindeblogg.nu\/wp-content\/uploads\/2018\/01\/193-211x300.jpg\" alt=\"\" width=\"113\" height=\"161\" srcset=\"http:\/\/www.filindeblogg.nu\/wp-content\/uploads\/2018\/01\/193-211x300.jpg 211w, http:\/\/www.filindeblogg.nu\/wp-content\/uploads\/2018\/01\/193.jpg 309w\" sizes=\"(max-width: 113px) 100vw, 113px\" \/> Vad hade hon f\u00f6r dr\u00f6mmar? Hur l\u00e5ngt hade hon kunnat komma? Vad ville hon innerst inne. Och &#8211; hur tyckte hon att hennes liv sen blev &#8211;<strong> mamma Hj\u00f6rdis<\/strong>? <img loading=\"lazy\" class=\"alignnone wp-image-73611\" src=\"http:\/\/www.filindeblogg.nu\/wp-content\/uploads\/2018\/01\/Hj\u00f6rdis-p\u00e5-Lucia-2010-227x300.jpg\" alt=\"\" width=\"128\" height=\"169\" srcset=\"http:\/\/www.filindeblogg.nu\/wp-content\/uploads\/2018\/01\/Hj\u00f6rdis-p\u00e5-Lucia-2010-227x300.jpg 227w, http:\/\/www.filindeblogg.nu\/wp-content\/uploads\/2018\/01\/Hj\u00f6rdis-p\u00e5-Lucia-2010.jpg 346w\" sizes=\"(max-width: 128px) 100vw, 128px\" \/><\/p>\n<p><img loading=\"lazy\" class=\"alignnone wp-image-73612\" src=\"http:\/\/www.filindeblogg.nu\/wp-content\/uploads\/2018\/01\/Svea-Nilsson-min-farmor-300x274.jpg\" alt=\"\" width=\"165\" height=\"151\" srcset=\"http:\/\/www.filindeblogg.nu\/wp-content\/uploads\/2018\/01\/Svea-Nilsson-min-farmor-300x274.jpg 300w, http:\/\/www.filindeblogg.nu\/wp-content\/uploads\/2018\/01\/Svea-Nilsson-min-farmor.jpg 447w\" sizes=\"(max-width: 165px) 100vw, 165px\" \/> Detsamma g\u00e4ller kvinnorna f\u00f6re henne. Bloggarens <strong>farmor Svea<\/strong>:\u00a0<img loading=\"lazy\" class=\"alignnone wp-image-73619\" src=\"http:\/\/www.filindeblogg.nu\/wp-content\/uploads\/2018\/01\/Farmor-Svea-som-konfirmandIMG_3518-Kopia-180x300.jpg\" alt=\"\" width=\"138\" height=\"230\" srcset=\"http:\/\/www.filindeblogg.nu\/wp-content\/uploads\/2018\/01\/Farmor-Svea-som-konfirmandIMG_3518-Kopia-180x300.jpg 180w, http:\/\/www.filindeblogg.nu\/wp-content\/uploads\/2018\/01\/Farmor-Svea-som-konfirmandIMG_3518-Kopia.jpg 225w\" sizes=\"(max-width: 138px) 100vw, 138px\" \/><br \/>\noch <strong>mormor Edit<\/strong>: <img loading=\"lazy\" class=\"alignnone wp-image-73613\" src=\"http:\/\/www.filindeblogg.nu\/wp-content\/uploads\/2018\/01\/207-Kopia-137x300.jpg\" alt=\"\" width=\"120\" height=\"263\" srcset=\"http:\/\/www.filindeblogg.nu\/wp-content\/uploads\/2018\/01\/207-Kopia-137x300.jpg 137w, http:\/\/www.filindeblogg.nu\/wp-content\/uploads\/2018\/01\/207-Kopia.jpg 241w\" sizes=\"(max-width: 120px) 100vw, 120px\" \/> Hur gick deras tankar n\u00e4r de var unga? V\u00e5gade de ens dr\u00f6mma? Maximerade de sina m\u00f6jligheter och hur summerade de sina liv n\u00e4r slutet kom? Var de n\u00f6jda? Hade de f\u00e5tt utr\u00e4tta det de hoppats p\u00e5?<\/p>\n<p>Pojkar hade inte heller det l\u00e4tt f\u00f6rr i v\u00e4rlden. Pappa hade tur. Kom fr\u00e5n en fattig familj men fick studera till ingenj\u00f6r.\u00a0<img loading=\"lazy\" class=\"alignnone wp-image-73614\" src=\"http:\/\/www.filindeblogg.nu\/wp-content\/uploads\/2018\/01\/Pappa-G\u00f6te-25-\u00e5r.jpg\" alt=\"\" width=\"103\" height=\"123\" \/> Om han sen ville bli ingenj\u00f6r det \u00e4r en helt annan sak. Hans f\u00f6r\u00e4ldrar gav honom en chans och han tog den. Men var det detta <strong>pappa G\u00f6te<\/strong> dr\u00f6mde om en g\u00e5ng och hur tyckte han att livet blev? <img loading=\"lazy\" class=\"alignnone size-full wp-image-73615\" src=\"http:\/\/www.filindeblogg.nu\/wp-content\/uploads\/2018\/01\/Pappa-och-jag-2.jpg\" alt=\"\" width=\"203\" height=\"135\" \/><\/p>\n<p>Maximerade de sina m\u00f6jligheter? Troligen inte. N\u00e5gra dr\u00f6mmar slog s\u00e4kert in men m\u00f6jligheterna var begr\u00e4nsade oavsett dr\u00f6mmarna. Och sen var det ju det d\u00e4r med sj\u00e4lvk\u00e4nslan&#8230;<\/p>\n<p><img loading=\"lazy\" class=\"alignnone wp-image-73616\" src=\"http:\/\/www.filindeblogg.nu\/wp-content\/uploads\/2018\/01\/Pappa-och-jag-Kopia-Kopia.jpg\" alt=\"\" width=\"149\" height=\"176\" \/>\u00a0Men hur gick det d\u00e5 f\u00f6r deras barn, Hj\u00f6rdis och G\u00f6tes dotter, Sveas och Edits barnbarn? <img loading=\"lazy\" class=\"alignnone wp-image-73617\" src=\"http:\/\/www.filindeblogg.nu\/wp-content\/uploads\/2018\/01\/004-Kopia-136x300.jpg\" alt=\"\" width=\"110\" height=\"243\" srcset=\"http:\/\/www.filindeblogg.nu\/wp-content\/uploads\/2018\/01\/004-Kopia-136x300.jpg 136w, http:\/\/www.filindeblogg.nu\/wp-content\/uploads\/2018\/01\/004-Kopia.jpg 263w\" sizes=\"(max-width: 110px) 100vw, 110px\" \/> Vad dr\u00f6mde hon om d\u00e4r hon st\u00e5r p\u00e5 skidorna p\u00e5 <strong>Sjukhusg\u00e4rdet<\/strong>? Hon ler mot kameran &#8211; ser lycklig ut. Ovetandes om att mobbande skolkamrater snart kommer att trycka ner hennes sj\u00e4lvk\u00e4nsla och f\u00f6rminska hennes m\u00f6jligheter radikalt.<\/p>\n<p>Men hur gick det d\u00e5? <img loading=\"lazy\" class=\"alignnone wp-image-73618\" src=\"http:\/\/www.filindeblogg.nu\/wp-content\/uploads\/2018\/01\/F\u00f6re-218x300.jpg\" alt=\"\" width=\"142\" height=\"195\" srcset=\"http:\/\/www.filindeblogg.nu\/wp-content\/uploads\/2018\/01\/F\u00f6re-218x300.jpg 218w, http:\/\/www.filindeblogg.nu\/wp-content\/uploads\/2018\/01\/F\u00f6re.jpg 353w\" sizes=\"(max-width: 142px) 100vw, 142px\" \/> Jo, det har ju bloggaren skrivit om tidigare. Livet levde h\u00e5rt med flickan p\u00e5 bilden. Men att bli mobbad, utfryst och nedtryckt ger en groende kamplust. En vilja till revansch! <img loading=\"lazy\" class=\"alignnone wp-image-73620\" src=\"http:\/\/www.filindeblogg.nu\/wp-content\/uploads\/2018\/01\/Suss-\u00e4lskar-sin-nya-V70-300x300.jpg\" alt=\"\" width=\"136\" height=\"136\" srcset=\"http:\/\/www.filindeblogg.nu\/wp-content\/uploads\/2018\/01\/Suss-\u00e4lskar-sin-nya-V70-300x300.jpg 300w, http:\/\/www.filindeblogg.nu\/wp-content\/uploads\/2018\/01\/Suss-\u00e4lskar-sin-nya-V70-150x150.jpg 150w, http:\/\/www.filindeblogg.nu\/wp-content\/uploads\/2018\/01\/Suss-\u00e4lskar-sin-nya-V70-768x766.jpg 768w, http:\/\/www.filindeblogg.nu\/wp-content\/uploads\/2018\/01\/Suss-\u00e4lskar-sin-nya-V70-144x144.jpg 144w, http:\/\/www.filindeblogg.nu\/wp-content\/uploads\/2018\/01\/Suss-\u00e4lskar-sin-nya-V70.jpg 959w\" sizes=\"(max-width: 136px) 100vw, 136px\" \/><br \/>\nOch alla de d\u00e4r negativa upplevelserna &#8211; f\u00f6r det kom fler genom livet &#8211; blev till nyttiga kunskaper. Till f\u00f6rst\u00e5else f\u00f6r andra. Till en vilja &#8211; inte att h\u00e4mnas &#8211; utan att g\u00f6ra gott. <img loading=\"lazy\" class=\"alignnone wp-image-73621\" src=\"http:\/\/www.filindeblogg.nu\/wp-content\/uploads\/2018\/01\/Suss-i-skinn-20-jan-2017-Kopia-1-300x287.jpg\" alt=\"\" width=\"168\" height=\"161\" srcset=\"http:\/\/www.filindeblogg.nu\/wp-content\/uploads\/2018\/01\/Suss-i-skinn-20-jan-2017-Kopia-1-300x287.jpg 300w, http:\/\/www.filindeblogg.nu\/wp-content\/uploads\/2018\/01\/Suss-i-skinn-20-jan-2017-Kopia-1.jpg 604w\" sizes=\"(max-width: 168px) 100vw, 168px\" \/><\/p>\n<p>\u00c4nd\u00e5 hinner minnena ikapp bloggaren ibland. Det svarta h\u00e5let \u00f6ppnar sig igen. Och d\u00e4rf\u00f6r damp den h\u00e4r boken in genom brevl\u00e5dan i fredags: <img loading=\"lazy\" class=\"alignnone wp-image-73622\" src=\"http:\/\/www.filindeblogg.nu\/wp-content\/uploads\/2018\/01\/IMG_5035-1-225x300.jpg\" alt=\"\" width=\"163\" height=\"217\" srcset=\"http:\/\/www.filindeblogg.nu\/wp-content\/uploads\/2018\/01\/IMG_5035-1-225x300.jpg 225w, http:\/\/www.filindeblogg.nu\/wp-content\/uploads\/2018\/01\/IMG_5035-1.jpg 480w\" sizes=\"(max-width: 163px) 100vw, 163px\" \/> <strong>Tomas Gunnarssons <em>&#8221;Att \u00f6verlista Jante&#8221;<\/em><\/strong>.<\/p>\n<p>Boken med sj\u00e4lvtester&#8230; <img loading=\"lazy\" class=\"alignnone size-medium wp-image-73623\" src=\"http:\/\/www.filindeblogg.nu\/wp-content\/uploads\/2018\/01\/IMG_5044-1-225x300.jpg\" alt=\"\" width=\"225\" height=\"300\" srcset=\"http:\/\/www.filindeblogg.nu\/wp-content\/uploads\/2018\/01\/IMG_5044-1-225x300.jpg 225w, http:\/\/www.filindeblogg.nu\/wp-content\/uploads\/2018\/01\/IMG_5044-1.jpg 480w\" sizes=\"(max-width: 225px) 100vw, 225px\" \/><\/p>\n<p>Med fr\u00e5gor som de h\u00e4r: <img loading=\"lazy\" class=\"alignnone size-medium wp-image-73624\" src=\"http:\/\/www.filindeblogg.nu\/wp-content\/uploads\/2018\/01\/IMG_5044-Kopia-300x118.jpg\" alt=\"\" width=\"300\" height=\"118\" srcset=\"http:\/\/www.filindeblogg.nu\/wp-content\/uploads\/2018\/01\/IMG_5044-Kopia-300x118.jpg 300w, http:\/\/www.filindeblogg.nu\/wp-content\/uploads\/2018\/01\/IMG_5044-Kopia.jpg 388w\" sizes=\"(max-width: 300px) 100vw, 300px\" \/> <em>&#8221;Hindrar du dig sj\u00e4lv fr\u00e5n att g\u00f6ra n\u00e5got som \u00e4r viktigt f\u00f6r dig, n\u00e5got du l\u00e4ngtar efter eller dr\u00f6mmer om att g\u00f6ra?&#8221;<\/em><\/p>\n<p>D\u00e5 tar bloggaren fram s\u00e5dana h\u00e4r bilder via Google p\u00e5 datorn! <img loading=\"lazy\" class=\"alignnone size-full wp-image-73625\" src=\"http:\/\/www.filindeblogg.nu\/wp-content\/uploads\/2018\/01\/I-am-good-enough.jpg\" alt=\"\" width=\"290\" height=\"174\" \/><\/p>\n<p>Och s\u00e5dana h\u00e4r: <img loading=\"lazy\" class=\"alignnone size-full wp-image-73626\" src=\"http:\/\/www.filindeblogg.nu\/wp-content\/uploads\/2018\/01\/Du-\u00e4r-v\u00e4rdefull-h\u00e4r-och-nu.jpg\" alt=\"\" width=\"268\" height=\"188\" \/> + <img loading=\"lazy\" class=\"alignnone size-full wp-image-73627\" src=\"http:\/\/www.filindeblogg.nu\/wp-content\/uploads\/2018\/01\/Du-\u00e4r-v\u00e4rdefull-spegel.jpg\" alt=\"\" width=\"193\" height=\"240\" \/><\/p>\n<p>D\u00e5 sneglar bloggaren p\u00e5 s\u00e5dana h\u00e4r b\u00f6cker: <img loading=\"lazy\" class=\"alignnone size-medium wp-image-73628\" src=\"http:\/\/www.filindeblogg.nu\/wp-content\/uploads\/2018\/01\/Alla-har-talang-Bok-189x300.jpg\" alt=\"\" width=\"189\" height=\"300\" srcset=\"http:\/\/www.filindeblogg.nu\/wp-content\/uploads\/2018\/01\/Alla-har-talang-Bok-189x300.jpg 189w, http:\/\/www.filindeblogg.nu\/wp-content\/uploads\/2018\/01\/Alla-har-talang-Bok.jpg 200w\" sizes=\"(max-width: 189px) 100vw, 189px\" \/><br \/>\nOch d\u00e5 skriver hon bloggar som den h\u00e4r.<br \/>\nN\u00e4r minnena dyker upp eller n\u00e4r hon ser andra m\u00e4nniskor m\u00e5 d\u00e5ligt f\u00f6r att de l\u00e5ter sig tryckas ner. D\u00e5 blir bloggaren ARG!<\/p>\n<p>F\u00f6r <strong>ALLA M\u00c4NNISKOR HAR ETT V\u00c4RDE!<\/strong> <img loading=\"lazy\" class=\"alignnone wp-image-73630\" src=\"http:\/\/www.filindeblogg.nu\/wp-content\/uploads\/2018\/01\/Du-duger-precis-som-du-\u00e4r-1.jpg\" alt=\"\" width=\"160\" height=\"147\" \/><\/p>\n<p><img loading=\"lazy\" class=\"aligncenter size-medium wp-image-73629\" src=\"http:\/\/www.filindeblogg.nu\/wp-content\/uploads\/2018\/01\/L\u00e4r-dig-\u00e4lska-dig-sj\u00e4lv-m\u00e5la-hj\u00e4rtat-r\u00f6tt-igen-300x167.jpg\" alt=\"\" width=\"300\" height=\"167\" srcset=\"http:\/\/www.filindeblogg.nu\/wp-content\/uploads\/2018\/01\/L\u00e4r-dig-\u00e4lska-dig-sj\u00e4lv-m\u00e5la-hj\u00e4rtat-r\u00f6tt-igen-300x167.jpg 300w, http:\/\/www.filindeblogg.nu\/wp-content\/uploads\/2018\/01\/L\u00e4r-dig-\u00e4lska-dig-sj\u00e4lv-m\u00e5la-hj\u00e4rtat-r\u00f6tt-igen.jpg 500w\" sizes=\"(max-width: 300px) 100vw, 300px\" \/><\/p>\n<p>Bloggaren har nog \u00e4nd\u00e5 en ganska bra sj\u00e4lvk\u00e4nsla idag. Hon v\u00e5gar. \u00c4r modig. L\u00e5ter sig aldrig mer tryckas ner. D\u00e4rf\u00f6r s\u00e4tter hon s\u00e5dana h\u00e4r lappar p\u00e5 sin d\u00f6rr! <img loading=\"lazy\" class=\"alignnone size-medium wp-image-73631\" src=\"http:\/\/www.filindeblogg.nu\/wp-content\/uploads\/2018\/01\/IMG_5093-300x159.jpg\" alt=\"\" width=\"300\" height=\"159\" srcset=\"http:\/\/www.filindeblogg.nu\/wp-content\/uploads\/2018\/01\/IMG_5093-300x159.jpg 300w, http:\/\/www.filindeblogg.nu\/wp-content\/uploads\/2018\/01\/IMG_5093-768x407.jpg 768w, http:\/\/www.filindeblogg.nu\/wp-content\/uploads\/2018\/01\/IMG_5093-1024x543.jpg 1024w, http:\/\/www.filindeblogg.nu\/wp-content\/uploads\/2018\/01\/IMG_5093.jpg 1917w\" sizes=\"(max-width: 300px) 100vw, 300px\" \/> \ud83d\ude00 F\u00f6r att peppa andra. F\u00f6r idag V\u00c5GAR OCH KAN bloggaren och hon s\u00e4ger stolt och utmanande:<\/p>\n<p style=\"text-align: center;\"><strong><em>&#8221;-WATCH ME!!&#8221;<\/em><\/strong><\/p>\n<p>Och s\u00e5 h\u00e4r \u00e4r det: Du M\u00c5STE tycka om dig sj\u00e4lv! Tycka att du sj\u00e4lv \u00e4r bra! Ha respekt f\u00f6r den du \u00e4r! Det \u00e4r det viktigaste av allt f\u00f6r att MAXIMERA DINA M\u00d6JLIGHETER! <img loading=\"lazy\" class=\"alignnone wp-image-73632\" src=\"http:\/\/www.filindeblogg.nu\/wp-content\/uploads\/2018\/01\/\u00c4lska-dig-sj\u00e4lv-1.png\" alt=\"\" width=\"133\" height=\"116\" \/> <img loading=\"lazy\" class=\"alignnone wp-image-73633\" src=\"http:\/\/www.filindeblogg.nu\/wp-content\/uploads\/2018\/01\/R\u00d6TT-hj\u00e4rta.jpg\" alt=\"\" width=\"64\" height=\"65\" srcset=\"http:\/\/www.filindeblogg.nu\/wp-content\/uploads\/2018\/01\/R\u00d6TT-hj\u00e4rta.jpg 223w, http:\/\/www.filindeblogg.nu\/wp-content\/uploads\/2018\/01\/R\u00d6TT-hj\u00e4rta-150x150.jpg 150w, http:\/\/www.filindeblogg.nu\/wp-content\/uploads\/2018\/01\/R\u00d6TT-hj\u00e4rta-144x144.jpg 144w\" sizes=\"(max-width: 64px) 100vw, 64px\" \/><img loading=\"lazy\" class=\"alignnone wp-image-73634\" src=\"http:\/\/www.filindeblogg.nu\/wp-content\/uploads\/2018\/01\/Qoute-221x300.jpg\" alt=\"\" width=\"99\" height=\"134\" srcset=\"http:\/\/www.filindeblogg.nu\/wp-content\/uploads\/2018\/01\/Qoute-221x300.jpg 221w, http:\/\/www.filindeblogg.nu\/wp-content\/uploads\/2018\/01\/Qoute.jpg 617w\" sizes=\"(max-width: 99px) 100vw, 99px\" \/> Och det handlar INTE om att vara egoistisk eller st\u00f6ddig! Det handlar om att ta sig sj\u00e4lv p\u00e5 allvar och ge sig sj\u00e4lv den respekt man f\u00f6rtj\u00e4nar!<\/p>\n<p><img loading=\"lazy\" class=\"alignnone wp-image-73635\" src=\"http:\/\/www.filindeblogg.nu\/wp-content\/uploads\/2018\/01\/Always-take-care-of-yourself-first.jpg\" alt=\"\" width=\"249\" height=\"204\" \/><img loading=\"lazy\" class=\"alignnone wp-image-73636\" src=\"http:\/\/www.filindeblogg.nu\/wp-content\/uploads\/2018\/01\/\u00c4lska-dig-sj\u00e4lv-flicka-med-hj\u00e4rta-300x300.jpg\" alt=\"\" width=\"204\" height=\"204\" srcset=\"http:\/\/www.filindeblogg.nu\/wp-content\/uploads\/2018\/01\/\u00c4lska-dig-sj\u00e4lv-flicka-med-hj\u00e4rta-300x300.jpg 300w, http:\/\/www.filindeblogg.nu\/wp-content\/uploads\/2018\/01\/\u00c4lska-dig-sj\u00e4lv-flicka-med-hj\u00e4rta-150x150.jpg 150w, http:\/\/www.filindeblogg.nu\/wp-content\/uploads\/2018\/01\/\u00c4lska-dig-sj\u00e4lv-flicka-med-hj\u00e4rta-144x144.jpg 144w, http:\/\/www.filindeblogg.nu\/wp-content\/uploads\/2018\/01\/\u00c4lska-dig-sj\u00e4lv-flicka-med-hj\u00e4rta.jpg 400w\" sizes=\"(max-width: 204px) 100vw, 204px\" \/><\/p>\n<p><strong>TA ALLTID HAND OM DIG SJ\u00c4LV F\u00d6RST!<\/strong><\/p>\n<p>Var r\u00e4dda om er! \u00c4lska dig sj\u00e4lv s\u00e5 orkar du \u00e4lska andra s\u00e5 mycket mer! Puss och kram m m fr\u00e5n bloggaren: <img loading=\"lazy\" class=\"alignnone  wp-image-73667\" src=\"http:\/\/www.filindeblogg.nu\/wp-content\/uploads\/2018\/01\/Puss-3-mindre-2-261x300.jpg\" alt=\"\" width=\"77\" height=\"89\" srcset=\"http:\/\/www.filindeblogg.nu\/wp-content\/uploads\/2018\/01\/Puss-3-mindre-2-261x300.jpg 261w, http:\/\/www.filindeblogg.nu\/wp-content\/uploads\/2018\/01\/Puss-3-mindre-2.jpg 278w\" sizes=\"(max-width: 77px) 100vw, 77px\" \/><\/p>\n<p style=\"text-align: center;\"><img loading=\"lazy\" class=\"aligncenter size-medium wp-image-73637\" src=\"http:\/\/www.filindeblogg.nu\/wp-content\/uploads\/2018\/01\/Susanne-letar-stenar-d\u00e5-som-nu-H\u00e4r-5-\u00e5r-i-Danmark-Kopia-300x225.jpg\" alt=\"\" width=\"300\" height=\"225\" srcset=\"http:\/\/www.filindeblogg.nu\/wp-content\/uploads\/2018\/01\/Susanne-letar-stenar-d\u00e5-som-nu-H\u00e4r-5-\u00e5r-i-Danmark-Kopia-300x225.jpg 300w, http:\/\/www.filindeblogg.nu\/wp-content\/uploads\/2018\/01\/Susanne-letar-stenar-d\u00e5-som-nu-H\u00e4r-5-\u00e5r-i-Danmark-Kopia.jpg 461w\" sizes=\"(max-width: 300px) 100vw, 300px\" \/><br \/>\nBloggaren vid havet &#8211; en g\u00e5ng f\u00f6r l\u00e4nge sedan&#8230;<br \/>\nVad t\u00e4nkte hon p\u00e5?<br \/>\nVad dr\u00f6mde hon om?<br \/>\nEn sak \u00e4r s\u00e4ker &#8211; hon samlar fortfarande p\u00e5 vackra stenar fr\u00e5n stranden nu som d\u00e5&#8230;<\/p>\n<p>&nbsp;<\/p>\n<p>&nbsp;<\/p>\n<p>&nbsp;<\/p>\n","protected":false},"excerpt":{"rendered":"<p>Nu dimper det ner en blogg igen! Bloggaren \u00e4r som synes v\u00e4ldigt skrivsugen s\u00e5 h\u00e4r en bit in p\u00e5 nya \u00e5ret. F\u00f6rst en kommentar till s\u00f6ndagens blogg: Vad ska vi g\u00f6ra n\u00e4r g\u00e4ngkrigen flyttar in p\u00e5 lasaretten?? Och inte bara d\u00e4r! Vem vill bo i Roseng\u00e5rd? Vem vill bo i Bergsj\u00f6n? Vem v\u00e4ljer Rinkeby? Vem [&hellip;]<\/p>\n","protected":false},"author":1,"featured_media":0,"comment_status":"open","ping_status":"open","sticky":false,"template":"","format":"standard","meta":[],"categories":[156,100,204,132,119,151,101,134,150],"tags":[],"_links":{"self":[{"href":"http:\/\/www.filindeblogg.nu\/index.php?rest_route=\/wp\/v2\/posts\/73605"}],"collection":[{"href":"http:\/\/www.filindeblogg.nu\/index.php?rest_route=\/wp\/v2\/posts"}],"about":[{"href":"http:\/\/www.filindeblogg.nu\/index.php?rest_route=\/wp\/v2\/types\/post"}],"author":[{"embeddable":true,"href":"http:\/\/www.filindeblogg.nu\/index.php?rest_route=\/wp\/v2\/users\/1"}],"replies":[{"embeddable":true,"href":"http:\/\/www.filindeblogg.nu\/index.php?rest_route=%2Fwp%2Fv2%2Fcomments&post=73605"}],"version-history":[{"count":31,"href":"http:\/\/www.filindeblogg.nu\/index.php?rest_route=\/wp\/v2\/posts\/73605\/revisions"}],"predecessor-version":[{"id":73669,"href":"http:\/\/www.filindeblogg.nu\/index.php?rest_route=\/wp\/v2\/posts\/73605\/revisions\/73669"}],"wp:attachment":[{"href":"http:\/\/www.filindeblogg.nu\/index.php?rest_route=%2Fwp%2Fv2%2Fmedia&parent=73605"}],"wp:term":[{"taxonomy":"category","embeddable":true,"href":"http:\/\/www.filindeblogg.nu\/index.php?rest_route=%2Fwp%2Fv2%2Fcategories&post=73605"},{"taxonomy":"post_tag","embeddable":true,"href":"http:\/\/www.filindeblogg.nu\/index.php?rest_route=%2Fwp%2Fv2%2Ftags&post=73605"}],"curies":[{"name":"wp","href":"https:\/\/api.w.org\/{rel}","templated":true}]}}