{"id":73552,"date":"2018-01-14T16:08:54","date_gmt":"2018-01-14T15:08:54","guid":{"rendered":"http:\/\/www.filindeblogg.nu\/?p=73552"},"modified":"2018-01-14T16:08:54","modified_gmt":"2018-01-14T15:08:54","slug":"blaljus-och-katter-sondagsfunderingar","status":"publish","type":"post","link":"http:\/\/www.filindeblogg.nu\/?p=73552","title":{"rendered":"Bl\u00e5ljus och katter &#8211; s\u00f6ndagsfunderingar."},"content":{"rendered":"<p><img loading=\"lazy\" class=\"alignnone  wp-image-73553\" src=\"http:\/\/www.filindeblogg.nu\/wp-content\/uploads\/2018\/01\/Suss-hos-frissan-10-jan-2018-IMG_4940-189x300.jpg\" alt=\"\" width=\"105\" height=\"167\" srcset=\"http:\/\/www.filindeblogg.nu\/wp-content\/uploads\/2018\/01\/Suss-hos-frissan-10-jan-2018-IMG_4940-189x300.jpg 189w, http:\/\/www.filindeblogg.nu\/wp-content\/uploads\/2018\/01\/Suss-hos-frissan-10-jan-2018-IMG_4940.jpg 401w\" sizes=\"(max-width: 105px) 100vw, 105px\" \/> S\u00f6ndag idag och bloggaren t\u00e4nker bl\u00e4ddra i <a href=\"https:\/\/www.dn.se\/\"><strong>Dagens Nyheter<\/strong> <\/a>som ramlar in genom brevinkastet en dag i veckan. Bl\u00e4ddra ja, men hon hinner inte mer \u00e4n till f\u00f6rstasidan f\u00f6rr\u00e4n tankarna b\u00f6rjar snurra och hon b\u00f6rjar l\u00e4sa.<img loading=\"lazy\" class=\"alignnone size-medium wp-image-73554\" src=\"http:\/\/www.filindeblogg.nu\/wp-content\/uploads\/2018\/01\/IMG_5064-225x300.jpg\" alt=\"\" width=\"225\" height=\"300\" srcset=\"http:\/\/www.filindeblogg.nu\/wp-content\/uploads\/2018\/01\/IMG_5064-225x300.jpg 225w, http:\/\/www.filindeblogg.nu\/wp-content\/uploads\/2018\/01\/IMG_5064.jpg 480w\" sizes=\"(max-width: 225px) 100vw, 225px\" \/> <strong><em>&#8221;N\u00e4r g\u00e4ngkrigen klev in p\u00e5 akuten&#8221;<\/em> <\/strong>\u00e4r rubriken p\u00e5 <strong>DN<\/strong>:s f\u00f6rstasida 14 januari 2018.<\/p>\n<p>Det \u00e4r en skakande l\u00e4sning. <img loading=\"lazy\" class=\"alignnone size-medium wp-image-73555\" src=\"http:\/\/www.filindeblogg.nu\/wp-content\/uploads\/2018\/01\/IMG_5077-300x225.jpg\" alt=\"\" width=\"300\" height=\"225\" srcset=\"http:\/\/www.filindeblogg.nu\/wp-content\/uploads\/2018\/01\/IMG_5077-300x225.jpg 300w, http:\/\/www.filindeblogg.nu\/wp-content\/uploads\/2018\/01\/IMG_5077.jpg 640w\" sizes=\"(max-width: 300px) 100vw, 300px\" \/><\/p>\n<p>Om fullst\u00e4ndigt kaotiska h\u00e4ndelser inom sjukv\u00e5rden i <strong>Sverige<\/strong>. Om fullst\u00e4ndigt oacceptabla arbetsf\u00f6rh\u00e5llanden f\u00f6r sjukv\u00e5rdens personal!<\/p>\n<p><img loading=\"lazy\" class=\"alignnone size-medium wp-image-73556\" src=\"http:\/\/www.filindeblogg.nu\/wp-content\/uploads\/2018\/01\/IMG_5073-300x225.jpg\" alt=\"\" width=\"300\" height=\"225\" srcset=\"http:\/\/www.filindeblogg.nu\/wp-content\/uploads\/2018\/01\/IMG_5073-300x225.jpg 300w, http:\/\/www.filindeblogg.nu\/wp-content\/uploads\/2018\/01\/IMG_5073.jpg 640w\" sizes=\"(max-width: 300px) 100vw, 300px\" \/> Sjuksk\u00f6terskan och avdelningschefen f\u00f6r avdelningen som DN:s reportage handlar om sitter p\u00e5 s\u00e4ngen hemma i bostaden. Under s\u00e4ngen skymtar baseballtr\u00e4et han plockat fram sen en tid. F\u00f6r att f\u00e5 n\u00e5gon k\u00e4nsla av trygghet i sitt eget hem efter att ha blivit hotad p\u00e5 jobbet. <strong><em>&#8221;-Vi vet var du bor!&#8221; <\/em><\/strong><\/p>\n<p><img loading=\"lazy\" class=\"alignnone size-medium wp-image-73583\" src=\"http:\/\/www.filindeblogg.nu\/wp-content\/uploads\/2018\/01\/Namnskylt-foto-DN-300x168.jpg\" alt=\"\" width=\"300\" height=\"168\" srcset=\"http:\/\/www.filindeblogg.nu\/wp-content\/uploads\/2018\/01\/Namnskylt-foto-DN-300x168.jpg 300w, http:\/\/www.filindeblogg.nu\/wp-content\/uploads\/2018\/01\/Namnskylt-foto-DN-768x431.jpg 768w, http:\/\/www.filindeblogg.nu\/wp-content\/uploads\/2018\/01\/Namnskylt-foto-DN-1024x574.jpg 1024w, http:\/\/www.filindeblogg.nu\/wp-content\/uploads\/2018\/01\/Namnskylt-foto-DN.jpg 1100w\" sizes=\"(max-width: 300px) 100vw, 300px\" \/>\u00a0Sjukv\u00e5rdspersonal som tejpar \u00f6ver sina efternamn p\u00e5 namnbrickan f\u00f6r att inte f\u00e5 &#8221;hembes\u00f6k&#8221;&#8230;Och det enda sjukv\u00e5rdspersonalen vill \u00e4r att ta hand om sjuka och skadade m\u00e4nniskor som kommer till sjukhusen.<\/p>\n<p>Om du tror att det \u00e4r bara \u00e4r poliser och brandm\u00e4n som hotas och uts\u00e4tts f\u00f6r v\u00e5ld i sina jobb &#8211; s\u00e5 f\u00e5r du t\u00e4nka om! Som om inte sjukv\u00e5rdspersonal \u00e4nd\u00e5 har en minst sagt sv\u00e5r situation idag &#8211; f\u00f6r mycket jobb, f\u00f6r f\u00e5 personal, f\u00f6r l\u00e5g l\u00f6n &#8211; s\u00e5 kan du addera till hot om v\u00e5ld och scener p\u00e5 jobbet som ur v\u00e4rsta v\u00e5ldsfilmen!<\/p>\n<p><img loading=\"lazy\" class=\"alignnone size-medium wp-image-73557\" src=\"http:\/\/www.filindeblogg.nu\/wp-content\/uploads\/2018\/01\/IMG_5078-144x300.jpg\" alt=\"\" width=\"144\" height=\"300\" srcset=\"http:\/\/www.filindeblogg.nu\/wp-content\/uploads\/2018\/01\/IMG_5078-144x300.jpg 144w, http:\/\/www.filindeblogg.nu\/wp-content\/uploads\/2018\/01\/IMG_5078.jpg 268w\" sizes=\"(max-width: 144px) 100vw, 144px\" \/> Citat:<em>&#8221;I en unders\u00f6kning publicerad i tidningen &#8221;Framtidens karri\u00e4r &#8211; sjuksk\u00f6terska&#8221; i oktober 2017 har drygt 600 sjuksk\u00f6terskor i Sverige svarat p\u00e5 fr\u00e5gorna:<\/em><br \/>\n<em>1) \u00c4r hot eller v\u00e5ld mot personal inom h\u00e4lso- och sjukv\u00e5rden ett problem? 2) Har du som sjuksk\u00f6terska varit utsatt f\u00f6r hot eller v\u00e5ld i din yrkesut\u00f6vning?&#8221;<br \/>\n<\/em>Svaren: <img loading=\"lazy\" class=\"alignnone size-medium wp-image-73558\" src=\"http:\/\/www.filindeblogg.nu\/wp-content\/uploads\/2018\/01\/IMG_5080-262x300.jpg\" alt=\"\" width=\"262\" height=\"300\" srcset=\"http:\/\/www.filindeblogg.nu\/wp-content\/uploads\/2018\/01\/IMG_5080-262x300.jpg 262w, http:\/\/www.filindeblogg.nu\/wp-content\/uploads\/2018\/01\/IMG_5080.jpg 441w\" sizes=\"(max-width: 262px) 100vw, 262px\" \/><\/p>\n<p>Hemsk l\u00e4sning om m\u00e5nga m\u00e4nniskors verklighet en dag p\u00e5 jobbet. Fr\u00e5gan \u00e4r &#8211; hur l\u00f6ser man problemet?? Den fr\u00e5gan har m\u00e5nga f\u00f6rs\u00f6kt svara p\u00e5 men \u00e4nnu utan n\u00e5gon n\u00e4mnbar framg\u00e5ng.<\/p>\n<p><a href=\"https:\/\/www.dn.se\/nyheter\/sverige\/anhoriga-storsta-hotet-nar-skottskadade-kommer-in-till-sjukhuset-i-malmo\/\"><strong>H\u00c4R<\/strong><\/a> finns hela artikeln p\u00e5 DN:s webbsida.<\/p>\n<p>Bloggaren l\u00e4ser klart och bl\u00e4ddrar vidare. Kommer till sidorna &#8221;f\u00f6dda och d\u00f6da&#8221;. <img loading=\"lazy\" class=\"alignnone  wp-image-73559\" src=\"http:\/\/www.filindeblogg.nu\/wp-content\/uploads\/2018\/01\/IMG_5068-225x300.jpg\" alt=\"\" width=\"175\" height=\"233\" srcset=\"http:\/\/www.filindeblogg.nu\/wp-content\/uploads\/2018\/01\/IMG_5068-225x300.jpg 225w, http:\/\/www.filindeblogg.nu\/wp-content\/uploads\/2018\/01\/IMG_5068.jpg 480w\" sizes=\"(max-width: 175px) 100vw, 175px\" \/> Minnesorden p\u00e5 sidan om sj\u00e4lva annonserna ber\u00e4ttar om en danspedagog och en \u00f6verl\u00e4kares livsg\u00e4rningar.<br \/>\nBloggaren saknar de d\u00e4r minnesorden som alltid fanns f\u00f6rr i tidningarna &#8211; om &#8221;vanliga m\u00e4nniskor&#8221;. Pigan som slet p\u00e5 g\u00e5rdarna och avancerade till kokerska p\u00e5 herrg\u00e5rden &#8211; eller bonddr\u00e4ngen som l\u00e4mnade landsbygdens slit f\u00f6r kanske minst lika h\u00e5rt jobb p\u00e5 en smutsig verkstad i stan. Dom historierna fascinerar bloggaren &#8211; dom om de vanliga, enkla m\u00e4nniskorna och deras livs\u00f6den!<\/p>\n<p>P\u00e5 tal om m\u00e4nniskors livshistoria &#8211; hur blir din egen? Bloggaren har skrivit om det tidigare &#8211; sj\u00e4lvk\u00e4nslan och vad den g\u00f6r med oss m\u00e4nniskor.<br \/>\nI fredags kom boken! <img loading=\"lazy\" class=\"alignnone size-medium wp-image-73560\" src=\"http:\/\/www.filindeblogg.nu\/wp-content\/uploads\/2018\/01\/IMG_5035-225x300.jpg\" alt=\"\" width=\"225\" height=\"300\" srcset=\"http:\/\/www.filindeblogg.nu\/wp-content\/uploads\/2018\/01\/IMG_5035-225x300.jpg 225w, http:\/\/www.filindeblogg.nu\/wp-content\/uploads\/2018\/01\/IMG_5035.jpg 480w\" sizes=\"(max-width: 225px) 100vw, 225px\" \/> <strong>Tomas Gunnarsson<\/strong>s <strong><em>&#8221;Att \u00f6verlista Jante&#8221;<\/em><\/strong>. <em>&#8221;Om konsten att lyfta sig sj\u00e4lv och andra&#8221;<\/em>.<br \/>\nEn mycket bra bok, l\u00e4ttl\u00e4st och med fr\u00e5gor att st\u00e4lla sig sj\u00e4lv&#8230; <img loading=\"lazy\" class=\"alignnone size-medium wp-image-73561\" src=\"http:\/\/www.filindeblogg.nu\/wp-content\/uploads\/2018\/01\/IMG_5044-225x300.jpg\" alt=\"\" width=\"225\" height=\"300\" srcset=\"http:\/\/www.filindeblogg.nu\/wp-content\/uploads\/2018\/01\/IMG_5044-225x300.jpg 225w, http:\/\/www.filindeblogg.nu\/wp-content\/uploads\/2018\/01\/IMG_5044.jpg 480w\" sizes=\"(max-width: 225px) 100vw, 225px\" \/> <em>&#8221;K\u00e4nner du att du riktigt duger?&#8221;<br \/>\n<\/em>Boken k\u00f6pte bloggaren p\u00e5 <strong>Bokus<\/strong> men den finns s\u00e4kert p\u00e5 fler st\u00e4llen. Bokus n\u00e5r du <a href=\"https:\/\/www.bokus.com\/bok\/9789187225017\/att-overlista-jante-om-konsten-att-lyfta-sig-sjalv-och-andra\/\"><strong>H\u00c4R!<\/strong> <\/a><\/p>\n<p>Tillbaka till DN och den h\u00e4r rubriken&#8230; <img loading=\"lazy\" class=\"alignnone size-medium wp-image-73562\" src=\"http:\/\/www.filindeblogg.nu\/wp-content\/uploads\/2018\/01\/IMG_5066-300x225.jpg\" alt=\"\" width=\"300\" height=\"225\" srcset=\"http:\/\/www.filindeblogg.nu\/wp-content\/uploads\/2018\/01\/IMG_5066-300x225.jpg 300w, http:\/\/www.filindeblogg.nu\/wp-content\/uploads\/2018\/01\/IMG_5066.jpg 640w\" sizes=\"(max-width: 300px) 100vw, 300px\" \/> <em>&#8221;Vad \u00e4r maxl\u00f6nen f\u00f6r att bli lycklig?&#8221;<\/em><br \/>\n<img loading=\"lazy\" class=\"alignnone size-medium wp-image-73563\" src=\"http:\/\/www.filindeblogg.nu\/wp-content\/uploads\/2018\/01\/IMG_5067-225x300.jpg\" alt=\"\" width=\"225\" height=\"300\" srcset=\"http:\/\/www.filindeblogg.nu\/wp-content\/uploads\/2018\/01\/IMG_5067-225x300.jpg 225w, http:\/\/www.filindeblogg.nu\/wp-content\/uploads\/2018\/01\/IMG_5067.jpg 480w\" sizes=\"(max-width: 225px) 100vw, 225px\" \/>\u00a0Bloggaren blir lite full i skratt. Att maximera sin lycka genom mer och mer pengar &#8211; nej, det tror inte bloggaren alls p\u00e5! Troligen beh\u00f6ver man livets n\u00f6dtorft f\u00f6r att kunna k\u00e4nna lite lycka lite oftare men bloggaren s\u00e4ger som hon alltid sagt till sina barn alltsedan de var sm\u00e5: <strong><em>&#8221;- Pengar \u00e4r inte allt!&#8221;<\/em><\/strong><\/p>\n<p><img loading=\"lazy\" class=\"alignnone  wp-image-73564\" src=\"http:\/\/www.filindeblogg.nu\/wp-content\/uploads\/2018\/01\/IMG_5070-300x225.jpg\" alt=\"\" width=\"279\" height=\"209\" srcset=\"http:\/\/www.filindeblogg.nu\/wp-content\/uploads\/2018\/01\/IMG_5070-300x225.jpg 300w, http:\/\/www.filindeblogg.nu\/wp-content\/uploads\/2018\/01\/IMG_5070.jpg 640w\" sizes=\"(max-width: 279px) 100vw, 279px\" \/>\u00a0Lycka kan vara att baka br\u00f6d<br \/>\nen lite gr\u00e5 s\u00f6ndag!\u00a0<img loading=\"lazy\" class=\"alignnone  wp-image-73565\" src=\"http:\/\/www.filindeblogg.nu\/wp-content\/uploads\/2018\/01\/IMG_5074-300x225.jpg\" alt=\"\" width=\"288\" height=\"217\" srcset=\"http:\/\/www.filindeblogg.nu\/wp-content\/uploads\/2018\/01\/IMG_5074-300x225.jpg 300w, http:\/\/www.filindeblogg.nu\/wp-content\/uploads\/2018\/01\/IMG_5074.jpg 640w\" sizes=\"(max-width: 288px) 100vw, 288px\" \/> Baka br\u00f6dkakor som p\u00e5 <strong>mamma Hj\u00f6rdis<\/strong> vis! \ud83d\ude42 <img loading=\"lazy\" class=\"alignnone  wp-image-73566\" src=\"http:\/\/www.filindeblogg.nu\/wp-content\/uploads\/2018\/01\/IMG_5076-300x225.jpg\" alt=\"\" width=\"317\" height=\"238\" srcset=\"http:\/\/www.filindeblogg.nu\/wp-content\/uploads\/2018\/01\/IMG_5076-300x225.jpg 300w, http:\/\/www.filindeblogg.nu\/wp-content\/uploads\/2018\/01\/IMG_5076.jpg 640w\" sizes=\"(max-width: 317px) 100vw, 317px\" \/><\/p>\n<p><img loading=\"lazy\" class=\"alignnone size-medium wp-image-73567\" src=\"http:\/\/www.filindeblogg.nu\/wp-content\/uploads\/2018\/01\/IMG_5063-300x225.jpg\" alt=\"\" width=\"300\" height=\"225\" srcset=\"http:\/\/www.filindeblogg.nu\/wp-content\/uploads\/2018\/01\/IMG_5063-300x225.jpg 300w, http:\/\/www.filindeblogg.nu\/wp-content\/uploads\/2018\/01\/IMG_5063.jpg 640w\" sizes=\"(max-width: 300px) 100vw, 300px\" \/>\u00a0Lycka kan ocks\u00e5 vara en v\u00e4xande gran &#8211; trots att tjugondag Knut passerat&#8230;<\/p>\n<p>Men katter m\u00e5ste nog \u00e4nd\u00e5 vara betydligt lyckligare i sin tillvaro \u00e4n vi m\u00e4nniskor. \ud83d\ude00 <img loading=\"lazy\" class=\"alignnone  wp-image-73568\" src=\"http:\/\/www.filindeblogg.nu\/wp-content\/uploads\/2018\/01\/IMG_4969-300x189.jpg\" alt=\"\" width=\"256\" height=\"161\" srcset=\"http:\/\/www.filindeblogg.nu\/wp-content\/uploads\/2018\/01\/IMG_4969-300x189.jpg 300w, http:\/\/www.filindeblogg.nu\/wp-content\/uploads\/2018\/01\/IMG_4969.jpg 640w\" sizes=\"(max-width: 256px) 100vw, 256px\" \/> \u00c4ta n\u00e4r man vill.<br \/>\nDricka n\u00e4r man vill &#8211; och hur man vill!! \ud83d\ude00<img loading=\"lazy\" class=\"alignnone size-medium wp-image-73569\" src=\"http:\/\/www.filindeblogg.nu\/wp-content\/uploads\/2018\/01\/IMG_4975-225x300.jpg\" alt=\"\" width=\"225\" height=\"300\" srcset=\"http:\/\/www.filindeblogg.nu\/wp-content\/uploads\/2018\/01\/IMG_4975-225x300.jpg 225w, http:\/\/www.filindeblogg.nu\/wp-content\/uploads\/2018\/01\/IMG_4975.jpg 480w\" sizes=\"(max-width: 225px) 100vw, 225px\" \/><\/p>\n<p>Ta sig en sv\u00e4ng ut! <img loading=\"lazy\" class=\"alignnone size-medium wp-image-73571\" src=\"http:\/\/www.filindeblogg.nu\/wp-content\/uploads\/2018\/01\/IMG_4983-Kopia-225x300.jpg\" alt=\"\" width=\"225\" height=\"300\" srcset=\"http:\/\/www.filindeblogg.nu\/wp-content\/uploads\/2018\/01\/IMG_4983-Kopia-225x300.jpg 225w, http:\/\/www.filindeblogg.nu\/wp-content\/uploads\/2018\/01\/IMG_4983-Kopia.jpg 605w\" sizes=\"(max-width: 225px) 100vw, 225px\" \/> Kolla l\u00e4get, jaga n\u00e5gon liten skr\u00e4md mus och sen in igen och sova! <img loading=\"lazy\" class=\"alignnone size-medium wp-image-73572\" src=\"http:\/\/www.filindeblogg.nu\/wp-content\/uploads\/2018\/01\/Felix-en-sovande-boll-300x225.jpg\" alt=\"\" width=\"300\" height=\"225\" srcset=\"http:\/\/www.filindeblogg.nu\/wp-content\/uploads\/2018\/01\/Felix-en-sovande-boll-300x225.jpg 300w, http:\/\/www.filindeblogg.nu\/wp-content\/uploads\/2018\/01\/Felix-en-sovande-boll.jpg 600w\" sizes=\"(max-width: 300px) 100vw, 300px\" \/> Det h\u00e4r \u00e4r <strong>Felix!<\/strong> Han har f\u00f6rresten namnsdag idag! <img loading=\"lazy\" class=\"alignnone  wp-image-73573\" src=\"http:\/\/www.filindeblogg.nu\/wp-content\/uploads\/2018\/01\/Litet-hj\u00e4rta.jpg\" alt=\"\" width=\"21\" height=\"19\" \/> Och Felix betyder lycka! <img loading=\"lazy\" class=\"alignnone  wp-image-73573\" src=\"http:\/\/www.filindeblogg.nu\/wp-content\/uploads\/2018\/01\/Litet-hj\u00e4rta.jpg\" alt=\"\" width=\"21\" height=\"19\" \/><br \/>\nLeva livet &#8211; p\u00e5 katters vis! Inte s\u00e5 dumt.<\/p>\n<p>Till sist lite kul ur DN ocks\u00e5. <img loading=\"lazy\" class=\"alignnone size-full wp-image-73575\" src=\"http:\/\/www.filindeblogg.nu\/wp-content\/uploads\/2018\/01\/IMG_5072-Kopia.jpg\" alt=\"\" width=\"258\" height=\"227\" \/> Fj\u00e4rilar i magen! \ud83d\ude00 <img loading=\"lazy\" class=\"alignnone  wp-image-73576\" src=\"http:\/\/www.filindeblogg.nu\/wp-content\/uploads\/2018\/01\/Fj\u00e4rilar-196x300.jpg\" alt=\"\" width=\"156\" height=\"239\" srcset=\"http:\/\/www.filindeblogg.nu\/wp-content\/uploads\/2018\/01\/Fj\u00e4rilar-196x300.jpg 196w, http:\/\/www.filindeblogg.nu\/wp-content\/uploads\/2018\/01\/Fj\u00e4rilar.jpg 319w\" sizes=\"(max-width: 156px) 100vw, 156px\" \/> Ja, s\u00e5dana fj\u00e4rilar kan bloggaren ocks\u00e5 f\u00e5 utan minsta intag av n\u00e5got \u00e4tbart. Det r\u00e4cker bara med en blick p\u00e5 r\u00e4tt person&#8230; <img loading=\"lazy\" class=\"alignnone  wp-image-73577\" src=\"http:\/\/www.filindeblogg.nu\/wp-content\/uploads\/2018\/01\/Smiley-med-hj\u00e4rtan-i-\u00f6gonen-2.jpg\" alt=\"\" width=\"66\" height=\"66\" srcset=\"http:\/\/www.filindeblogg.nu\/wp-content\/uploads\/2018\/01\/Smiley-med-hj\u00e4rtan-i-\u00f6gonen-2.jpg 225w, http:\/\/www.filindeblogg.nu\/wp-content\/uploads\/2018\/01\/Smiley-med-hj\u00e4rtan-i-\u00f6gonen-2-150x150.jpg 150w, http:\/\/www.filindeblogg.nu\/wp-content\/uploads\/2018\/01\/Smiley-med-hj\u00e4rtan-i-\u00f6gonen-2-144x144.jpg 144w\" sizes=\"(max-width: 66px) 100vw, 66px\" \/><\/p>\n<p>Sk\u00f6t er nu resten av s\u00f6ndagen! Sk\u00e4nk en tanke, helst fler, till alla som bara g\u00f6r sitt jobb men som oprovocerat uts\u00e4tts f\u00f6r v\u00e5ld och hot om v\u00e5ld i sina yrken.<br \/>\nG\u00e4rna inte bara tankar, g\u00f6r n\u00e5got &#8211; det m\u00e5ste till f\u00f6r\u00e4ndring! <strong>KOM IH\u00c5G &#8211; DET \u00c4R VAL I H\u00d6ST!!<\/strong> Dags att s\u00e4tta \u00e5t politikerna f\u00f6r att ta v\u00e5ld i jobbet, stressad personal och l\u00e5ga l\u00f6ner h\u00f6gst upp p\u00e5 agendan!<\/p>\n<p><img loading=\"lazy\" class=\"alignnone  wp-image-73578\" src=\"http:\/\/www.filindeblogg.nu\/wp-content\/uploads\/2018\/01\/Poliser.jpg\" alt=\"\" width=\"202\" height=\"124\" \/> ! <img loading=\"lazy\" class=\"alignnone  wp-image-73579\" src=\"http:\/\/www.filindeblogg.nu\/wp-content\/uploads\/2018\/01\/Brandm\u00e4n.jpg\" alt=\"\" width=\"215\" height=\"121\" \/> !<\/p>\n<p><img loading=\"lazy\" class=\"wp-image-73580 aligncenter\" src=\"http:\/\/www.filindeblogg.nu\/wp-content\/uploads\/2018\/01\/Sjukv\u00e5rdspersonal-300x200.jpeg\" alt=\"\" width=\"180\" height=\"120\" srcset=\"http:\/\/www.filindeblogg.nu\/wp-content\/uploads\/2018\/01\/Sjukv\u00e5rdspersonal-300x200.jpeg 300w, http:\/\/www.filindeblogg.nu\/wp-content\/uploads\/2018\/01\/Sjukv\u00e5rdspersonal.jpeg 650w\" sizes=\"(max-width: 180px) 100vw, 180px\" \/><\/p>\n<p>H\u00f6rrni &#8211; puss \u00e5 kram mm p\u00e5 er nu d\u00e5! Vi ses!\u00a0 <img loading=\"lazy\" class=\"alignnone  wp-image-73581\" src=\"http:\/\/www.filindeblogg.nu\/wp-content\/uploads\/2018\/01\/Puss-3-mindre-1-261x300.jpg\" alt=\"\" width=\"182\" height=\"209\" srcset=\"http:\/\/www.filindeblogg.nu\/wp-content\/uploads\/2018\/01\/Puss-3-mindre-1-261x300.jpg 261w, http:\/\/www.filindeblogg.nu\/wp-content\/uploads\/2018\/01\/Puss-3-mindre-1.jpg 278w\" sizes=\"(max-width: 182px) 100vw, 182px\" \/><\/p>\n<p><img loading=\"lazy\" class=\"aligncenter size-medium wp-image-73582\" src=\"http:\/\/www.filindeblogg.nu\/wp-content\/uploads\/2018\/01\/IMG_5071-300x225.jpg\" alt=\"\" width=\"300\" height=\"225\" srcset=\"http:\/\/www.filindeblogg.nu\/wp-content\/uploads\/2018\/01\/IMG_5071-300x225.jpg 300w, http:\/\/www.filindeblogg.nu\/wp-content\/uploads\/2018\/01\/IMG_5071.jpg 640w\" sizes=\"(max-width: 300px) 100vw, 300px\" \/><\/p>\n<p>&nbsp;<\/p>\n<p>&nbsp;<\/p>\n","protected":false},"excerpt":{"rendered":"<p>S\u00f6ndag idag och bloggaren t\u00e4nker bl\u00e4ddra i Dagens Nyheter som ramlar in genom brevinkastet en dag i veckan. Bl\u00e4ddra ja, men hon hinner inte mer \u00e4n till f\u00f6rstasidan f\u00f6rr\u00e4n tankarna b\u00f6rjar snurra och hon b\u00f6rjar l\u00e4sa. &#8221;N\u00e4r g\u00e4ngkrigen klev in p\u00e5 akuten&#8221; \u00e4r rubriken p\u00e5 DN:s f\u00f6rstasida 14 januari 2018. Det \u00e4r en skakande l\u00e4sning. [&hellip;]<\/p>\n","protected":false},"author":1,"featured_media":0,"comment_status":"open","ping_status":"open","sticky":false,"template":"","format":"standard","meta":[],"categories":[41,131,210,100,160,132,119,235,151,101,199,124],"tags":[],"_links":{"self":[{"href":"http:\/\/www.filindeblogg.nu\/index.php?rest_route=\/wp\/v2\/posts\/73552"}],"collection":[{"href":"http:\/\/www.filindeblogg.nu\/index.php?rest_route=\/wp\/v2\/posts"}],"about":[{"href":"http:\/\/www.filindeblogg.nu\/index.php?rest_route=\/wp\/v2\/types\/post"}],"author":[{"embeddable":true,"href":"http:\/\/www.filindeblogg.nu\/index.php?rest_route=\/wp\/v2\/users\/1"}],"replies":[{"embeddable":true,"href":"http:\/\/www.filindeblogg.nu\/index.php?rest_route=%2Fwp%2Fv2%2Fcomments&post=73552"}],"version-history":[{"count":20,"href":"http:\/\/www.filindeblogg.nu\/index.php?rest_route=\/wp\/v2\/posts\/73552\/revisions"}],"predecessor-version":[{"id":73603,"href":"http:\/\/www.filindeblogg.nu\/index.php?rest_route=\/wp\/v2\/posts\/73552\/revisions\/73603"}],"wp:attachment":[{"href":"http:\/\/www.filindeblogg.nu\/index.php?rest_route=%2Fwp%2Fv2%2Fmedia&parent=73552"}],"wp:term":[{"taxonomy":"category","embeddable":true,"href":"http:\/\/www.filindeblogg.nu\/index.php?rest_route=%2Fwp%2Fv2%2Fcategories&post=73552"},{"taxonomy":"post_tag","embeddable":true,"href":"http:\/\/www.filindeblogg.nu\/index.php?rest_route=%2Fwp%2Fv2%2Ftags&post=73552"}],"curies":[{"name":"wp","href":"https:\/\/api.w.org\/{rel}","templated":true}]}}