{"id":73305,"date":"2018-01-06T20:44:12","date_gmt":"2018-01-06T19:44:12","guid":{"rendered":"http:\/\/www.filindeblogg.nu\/?p=73305"},"modified":"2018-01-06T20:44:12","modified_gmt":"2018-01-06T19:44:12","slug":"sjalvkansla-eller-inte","status":"publish","type":"post","link":"http:\/\/www.filindeblogg.nu\/?p=73305","title":{"rendered":"Sj\u00e4lvk\u00e4nsla! Eller inte&#8230;"},"content":{"rendered":"<p><img loading=\"lazy\" class=\"alignnone size-medium wp-image-73306\" src=\"http:\/\/www.filindeblogg.nu\/wp-content\/uploads\/2018\/01\/Sj\u00e4lvk\u00e4nsla-ord-300x108.jpg\" alt=\"\" width=\"300\" height=\"108\" srcset=\"http:\/\/www.filindeblogg.nu\/wp-content\/uploads\/2018\/01\/Sj\u00e4lvk\u00e4nsla-ord-300x108.jpg 300w, http:\/\/www.filindeblogg.nu\/wp-content\/uploads\/2018\/01\/Sj\u00e4lvk\u00e4nsla-ord.jpg 354w\" sizes=\"(max-width: 300px) 100vw, 300px\" \/>Sj\u00e4lvk\u00e4nsla! Har du det? Och i s\u00e5 fall &#8211; \u00e4r den bra eller d\u00e5lig??<\/p>\n<p>Jaha, och vad menas d\u00e5 egentligen med &#8221;sj\u00e4lvk\u00e4nsla&#8221;?? S\u00e5 h\u00e4r s\u00e4ger <a href=\"https:\/\/sv.wikipedia.org\/wiki\/Sj%C3%A4lvk%C3%A4nsla\"><strong>Wikipedia<\/strong><\/a>, citat:<br \/>\n<em>&#8221;<b>Sj\u00e4lvk\u00e4nsla<\/b> eller <b>sj\u00e4lvuppfattning<\/b> \u00e4r den sj\u00e4lvk\u00e4nnedom som handlar om uppfattningen man har om sig sj\u00e4lv och den man \u00e4r.&#8221;<br \/>\n<\/em>Och mer<em>: &#8221;Att ha d\u00e5lig och l\u00e5g sj\u00e4lvk\u00e4nsla kallas minderv\u00e4rdeskomplex eller sj\u00e4lvf\u00f6rkastelse, vilket \u00e4r mycket destruktivt f\u00f6r personen.&#8221;<br \/>\n<\/em><\/p>\n<p>S\u00e5 ser du dig s\u00e5 h\u00e4r: <img loading=\"lazy\" class=\"alignnone size-medium wp-image-73308\" src=\"http:\/\/www.filindeblogg.nu\/wp-content\/uploads\/2018\/01\/Ful-300x130.jpg\" alt=\"\" width=\"300\" height=\"130\" srcset=\"http:\/\/www.filindeblogg.nu\/wp-content\/uploads\/2018\/01\/Ful-300x130.jpg 300w, http:\/\/www.filindeblogg.nu\/wp-content\/uploads\/2018\/01\/Ful.jpg 341w\" sizes=\"(max-width: 300px) 100vw, 300px\" \/>\u00a0 Du tycker att du inte \u00e4r bra nog&#8230;<img loading=\"lazy\" class=\"alignnone size-full wp-image-73307\" src=\"http:\/\/www.filindeblogg.nu\/wp-content\/uploads\/2018\/01\/D\u00e5lig-sj\u00e4lvk\u00e4nsla.jpg\" alt=\"\" width=\"247\" height=\"204\" \/><\/p>\n<p>Bloggaren vet hur det \u00e4r att ha d\u00e5lig sj\u00e4lvk\u00e4nsla. Att tycka sig vara s\u00e4mst p\u00e5 allt. Det b\u00f6rjade n\u00e4r hon var liten.<\/p>\n<p><img loading=\"lazy\" class=\"alignnone  wp-image-73309\" src=\"http:\/\/www.filindeblogg.nu\/wp-content\/uploads\/2018\/01\/014-225x300.jpg\" alt=\"\" width=\"173\" height=\"231\" srcset=\"http:\/\/www.filindeblogg.nu\/wp-content\/uploads\/2018\/01\/014-225x300.jpg 225w, http:\/\/www.filindeblogg.nu\/wp-content\/uploads\/2018\/01\/014.jpg 450w\" sizes=\"(max-width: 173px) 100vw, 173px\" \/> Inte hemma hos mamma och pappa &#8211; eller som h\u00e4r med farmor &#8211; utan n\u00e4r skolan b\u00f6rjade. D\u00e5 fick bloggaren veta att hon var fel &#8211; helt fel. Det hj\u00e4lpte inte vad mamma och pappa sa hemma &#8211; orden, h\u00e5net, mobbingen etsade sig fast.\u00a0<img loading=\"lazy\" class=\"alignnone size-medium wp-image-73310\" src=\"http:\/\/www.filindeblogg.nu\/wp-content\/uploads\/2018\/01\/004-225x300.jpg\" alt=\"\" width=\"225\" height=\"300\" srcset=\"http:\/\/www.filindeblogg.nu\/wp-content\/uploads\/2018\/01\/004-225x300.jpg 225w, http:\/\/www.filindeblogg.nu\/wp-content\/uploads\/2018\/01\/004.jpg 450w\" sizes=\"(max-width: 225px) 100vw, 225px\" \/> Den lilla flickan, glad och trygg en g\u00e5ng &#8211; fick en skoltid som formade henne. Som gav henne en v\u00e4ldigt d\u00e5lig sj\u00e4lvk\u00e4nsla.<\/p>\n<p>Bloggaren vet hur det \u00e4r att komma in i en stor lokal med massor av folk och helst vilja springa ut igen direkt. Hur man sen liksom glider in i skuggan intill v\u00e4ggen &#8211; om man nu m\u00e5ste vara kvar. F\u00f6rsvinner, blir liksom ett med skuggan och v\u00e4ggen. Finns inte &#8211; och hoppas att ingen ska uppt\u00e4cka en.<\/p>\n<p>Men bloggaren gjorde upp med livet sen! Genom arbete och chefer, jobbarkompisar och goda v\u00e4nner fick hon klart f\u00f6r sig att hon var helt okey!<\/p>\n<p>F\u00f6r det g\u00e5r att \u00e4ndra p\u00e5 sj\u00e4lvk\u00e4nslan &#8211; fr\u00e5n d\u00e5lig till god, det vill s\u00e4ga till den sj\u00e4lvk\u00e4nsla du verkligen \u00e4r v\u00e4rd att ha! Ett bra knep \u00e4r en s\u00e5n h\u00e4r: <img loading=\"lazy\" class=\"alignnone  wp-image-73311\" src=\"http:\/\/www.filindeblogg.nu\/wp-content\/uploads\/2018\/01\/Spegel-159x300.jpg\" alt=\"\" width=\"75\" height=\"142\" srcset=\"http:\/\/www.filindeblogg.nu\/wp-content\/uploads\/2018\/01\/Spegel-159x300.jpg 159w, http:\/\/www.filindeblogg.nu\/wp-content\/uploads\/2018\/01\/Spegel.jpg 163w\" sizes=\"(max-width: 75px) 100vw, 75px\" \/> En spegel! Den ger en lite hj\u00e4lp p\u00e5 traven!<br \/>\nDu \u00e4r banne mig inte alls ful! Inte alls dum! <img loading=\"lazy\" class=\"alignnone  wp-image-73312\" src=\"http:\/\/www.filindeblogg.nu\/wp-content\/uploads\/2018\/01\/Titta-sig-i-spegeln-300x172.jpg\" alt=\"\" width=\"220\" height=\"126\" srcset=\"http:\/\/www.filindeblogg.nu\/wp-content\/uploads\/2018\/01\/Titta-sig-i-spegeln-300x172.jpg 300w, http:\/\/www.filindeblogg.nu\/wp-content\/uploads\/2018\/01\/Titta-sig-i-spegeln.jpg 640w\" sizes=\"(max-width: 220px) 100vw, 220px\" \/>Du \u00e4r ju bara b\u00e4st!! <img loading=\"lazy\" class=\"alignnone  wp-image-73313\" src=\"http:\/\/www.filindeblogg.nu\/wp-content\/uploads\/2018\/01\/Titta-i-spegeln-JAG-\u00c4R-B\u00c4ST.jpg\" alt=\"\" width=\"221\" height=\"175\" \/><\/p>\n<p><img loading=\"lazy\" class=\"alignnone size-full wp-image-73314\" src=\"http:\/\/www.filindeblogg.nu\/wp-content\/uploads\/2018\/01\/Hj\u00e4rnan.jpg\" alt=\"\" width=\"225\" height=\"225\" srcset=\"http:\/\/www.filindeblogg.nu\/wp-content\/uploads\/2018\/01\/Hj\u00e4rnan.jpg 225w, http:\/\/www.filindeblogg.nu\/wp-content\/uploads\/2018\/01\/Hj\u00e4rnan-150x150.jpg 150w, http:\/\/www.filindeblogg.nu\/wp-content\/uploads\/2018\/01\/Hj\u00e4rnan-144x144.jpg 144w\" sizes=\"(max-width: 225px) 100vw, 225px\" \/> Hj\u00e4rnan \u00e4r en lurig sak! Den tror helt enkelt p\u00e5 vad du s\u00e4ger! <img loading=\"lazy\" class=\"alignnone size-full wp-image-73315\" src=\"http:\/\/www.filindeblogg.nu\/wp-content\/uploads\/2018\/01\/Lura-hj\u00e4rnan.jpg\" alt=\"\" width=\"188\" height=\"168\" \/><\/p>\n<p><img loading=\"lazy\" class=\"alignnone  wp-image-73318\" src=\"http:\/\/www.filindeblogg.nu\/wp-content\/uploads\/2018\/01\/Badrumsspegel-300x300.jpg\" alt=\"\" width=\"177\" height=\"177\" srcset=\"http:\/\/www.filindeblogg.nu\/wp-content\/uploads\/2018\/01\/Badrumsspegel-300x300.jpg 300w, http:\/\/www.filindeblogg.nu\/wp-content\/uploads\/2018\/01\/Badrumsspegel-150x150.jpg 150w, http:\/\/www.filindeblogg.nu\/wp-content\/uploads\/2018\/01\/Badrumsspegel-768x768.jpg 768w, http:\/\/www.filindeblogg.nu\/wp-content\/uploads\/2018\/01\/Badrumsspegel-144x144.jpg 144w, http:\/\/www.filindeblogg.nu\/wp-content\/uploads\/2018\/01\/Badrumsspegel.jpg 1000w\" sizes=\"(max-width: 177px) 100vw, 177px\" \/>\u00a0S\u00e5 g\u00e5 till exempel in i badrummet, titta dig sj\u00e4lv i spegeln och s\u00e4g h\u00f6gt f\u00f6r dig sj\u00e4lv:\u00a0 <img loading=\"lazy\" class=\"alignnone size-medium wp-image-73316\" src=\"http:\/\/www.filindeblogg.nu\/wp-content\/uploads\/2018\/01\/JAG-\u00c4R-B\u00c4ST-300x118.jpg\" alt=\"\" width=\"300\" height=\"118\" srcset=\"http:\/\/www.filindeblogg.nu\/wp-content\/uploads\/2018\/01\/JAG-\u00c4R-B\u00c4ST-300x118.jpg 300w, http:\/\/www.filindeblogg.nu\/wp-content\/uploads\/2018\/01\/JAG-\u00c4R-B\u00c4ST.jpg 358w\" sizes=\"(max-width: 300px) 100vw, 300px\" \/>\u00a0 <img loading=\"lazy\" class=\"alignnone  wp-image-73319\" src=\"http:\/\/www.filindeblogg.nu\/wp-content\/uploads\/2018\/01\/IMG_4793-228x300.jpg\" alt=\"\" width=\"160\" height=\"211\" srcset=\"http:\/\/www.filindeblogg.nu\/wp-content\/uploads\/2018\/01\/IMG_4793-228x300.jpg 228w, http:\/\/www.filindeblogg.nu\/wp-content\/uploads\/2018\/01\/IMG_4793.jpg 750w\" sizes=\"(max-width: 160px) 100vw, 160px\" \/><\/p>\n<p><img loading=\"lazy\" class=\"aligncenter size-medium wp-image-73317\" src=\"http:\/\/www.filindeblogg.nu\/wp-content\/uploads\/2018\/01\/Jag-\u00e4r-inte-bara-snygg-214x300.jpg\" alt=\"\" width=\"214\" height=\"300\" srcset=\"http:\/\/www.filindeblogg.nu\/wp-content\/uploads\/2018\/01\/Jag-\u00e4r-inte-bara-snygg-214x300.jpg 214w, http:\/\/www.filindeblogg.nu\/wp-content\/uploads\/2018\/01\/Jag-\u00e4r-inte-bara-snygg.jpg 230w\" sizes=\"(max-width: 214px) 100vw, 214px\" \/><\/p>\n<p>&nbsp;<\/p>\n<p><img loading=\"lazy\" class=\"alignnone size-medium wp-image-73320\" src=\"http:\/\/www.filindeblogg.nu\/wp-content\/uploads\/2018\/01\/Spegeln-300x278.jpg\" alt=\"\" width=\"300\" height=\"278\" srcset=\"http:\/\/www.filindeblogg.nu\/wp-content\/uploads\/2018\/01\/Spegeln-300x278.jpg 300w, http:\/\/www.filindeblogg.nu\/wp-content\/uploads\/2018\/01\/Spegeln.jpg 700w\" sizes=\"(max-width: 300px) 100vw, 300px\" \/> Kom ih\u00e5g knepet! Se glad ut och s\u00e4g h\u00f6gt till dig sj\u00e4v: DU \u00c4R S\u00c5 J\u00c4VLA BRA! F\u00d6RUTOM ATT DU \u00c4R B\u00c4ST S\u00c5 \u00c4R DU SNYGGAST OCKS\u00c5!! GL\u00d6M ALDRIG DET!!<\/p>\n<p><img loading=\"lazy\" class=\"alignnone size-full wp-image-73321\" src=\"http:\/\/www.filindeblogg.nu\/wp-content\/uploads\/2018\/01\/Katten-och-lejonet-2.jpg\" alt=\"\" width=\"206\" height=\"245\" \/> Anv\u00e4nd r\u00e4tt teknik! <img loading=\"lazy\" class=\"alignnone size-medium wp-image-73322\" src=\"http:\/\/www.filindeblogg.nu\/wp-content\/uploads\/2018\/01\/How-others-see-you-gammal-dam-300x275.jpg\" alt=\"\" width=\"300\" height=\"275\" srcset=\"http:\/\/www.filindeblogg.nu\/wp-content\/uploads\/2018\/01\/How-others-see-you-gammal-dam-300x275.jpg 300w, http:\/\/www.filindeblogg.nu\/wp-content\/uploads\/2018\/01\/How-others-see-you-gammal-dam.jpg 500w\" sizes=\"(max-width: 300px) 100vw, 300px\" \/><\/p>\n<p>Och j\u00e4mf\u00f6r dig inte med andra! <img loading=\"lazy\" class=\"alignnone size-medium wp-image-73324\" src=\"http:\/\/www.filindeblogg.nu\/wp-content\/uploads\/2018\/01\/J\u00e4nf\u00f6ra-sig-med-andra-300x300.jpg\" alt=\"\" width=\"300\" height=\"300\" srcset=\"http:\/\/www.filindeblogg.nu\/wp-content\/uploads\/2018\/01\/J\u00e4nf\u00f6ra-sig-med-andra-300x300.jpg 300w, http:\/\/www.filindeblogg.nu\/wp-content\/uploads\/2018\/01\/J\u00e4nf\u00f6ra-sig-med-andra-150x150.jpg 150w, http:\/\/www.filindeblogg.nu\/wp-content\/uploads\/2018\/01\/J\u00e4nf\u00f6ra-sig-med-andra-144x144.jpg 144w, http:\/\/www.filindeblogg.nu\/wp-content\/uploads\/2018\/01\/J\u00e4nf\u00f6ra-sig-med-andra.jpg 450w\" sizes=\"(max-width: 300px) 100vw, 300px\" \/> Alla \u00e4r goda och bra p\u00e5 sitt vis!<\/p>\n<p><img loading=\"lazy\" class=\"alignnone  wp-image-73327\" src=\"http:\/\/www.filindeblogg.nu\/wp-content\/uploads\/2018\/01\/Sj\u00e4lvk\u00e4nsla-barnbild-Kopia.jpg\" alt=\"\" width=\"131\" height=\"124\" \/><img loading=\"lazy\" class=\"alignnone  wp-image-73328\" src=\"http:\/\/www.filindeblogg.nu\/wp-content\/uploads\/2018\/01\/Du-duger-precis-som-du-\u00e4r.jpg\" alt=\"\" width=\"148\" height=\"136\" \/><img loading=\"lazy\" class=\"alignnone  wp-image-73329\" src=\"http:\/\/www.filindeblogg.nu\/wp-content\/uploads\/2018\/01\/Go-for-it-bild-med-barn.jpg\" alt=\"\" width=\"178\" height=\"128\" \/><\/p>\n<p><img loading=\"lazy\" class=\"aligncenter size-full wp-image-73325\" src=\"http:\/\/www.filindeblogg.nu\/wp-content\/uploads\/2018\/01\/Keel-calm-and-love-yourself.jpg\" alt=\"\" width=\"208\" height=\"243\" \/><\/p>\n<p>Sen kanske den som haft en d\u00e5lig sj\u00e4lvk\u00e4nsla f\u00f6rs\u00f6ker kompensera. G\u00f6ra allting s\u00e5 bra som m\u00f6jligt. F\u00f6r att k\u00e4nna sig uppskattad, omtyckt &#8211; v\u00e4rd n\u00e5got&#8230;<br \/>\n<img loading=\"lazy\" class=\"alignnone size-medium wp-image-73330\" src=\"http:\/\/www.filindeblogg.nu\/wp-content\/uploads\/2018\/01\/Utbr\u00e4nd-kvinna-300x171.jpg\" alt=\"\" width=\"300\" height=\"171\" srcset=\"http:\/\/www.filindeblogg.nu\/wp-content\/uploads\/2018\/01\/Utbr\u00e4nd-kvinna-300x171.jpg 300w, http:\/\/www.filindeblogg.nu\/wp-content\/uploads\/2018\/01\/Utbr\u00e4nd-kvinna.jpg 767w\" sizes=\"(max-width: 300px) 100vw, 300px\" \/>D\u00e5 \u00e4r det v\u00e4ldigt l\u00e4tt att g\u00f6ra f\u00f6r mycket. Vilja f\u00f6r mycket. Slita f\u00f6r h\u00e5rt&#8230; <img loading=\"lazy\" class=\"alignnone  wp-image-73331\" src=\"http:\/\/www.filindeblogg.nu\/wp-content\/uploads\/2018\/01\/Bara-den-som-brinner-kan-br\u00e4nna-ut-sig.jpg\" alt=\"\" width=\"156\" height=\"174\" \/> Bara den som brinner kan br\u00e4nna ut sig s\u00e4gs det&#8230; <img loading=\"lazy\" class=\"alignnone size-full wp-image-73332\" src=\"http:\/\/www.filindeblogg.nu\/wp-content\/uploads\/2018\/01\/Utbr\u00e4nd-man.jpg\" alt=\"\" width=\"188\" height=\"268\" \/> Det gjorde bloggaren &#8211; brann och br\u00e4nde sig&#8230; Slet ut sig totalt f\u00f6r att vara bra p\u00e5 allt &#8211; mamma, maka och jobb. <img loading=\"lazy\" class=\"alignnone  wp-image-73334\" src=\"http:\/\/www.filindeblogg.nu\/wp-content\/uploads\/2018\/01\/Gr\u00e5t-Susanne-Kopia-225x300.jpg\" alt=\"\" width=\"150\" height=\"200\" srcset=\"http:\/\/www.filindeblogg.nu\/wp-content\/uploads\/2018\/01\/Gr\u00e5t-Susanne-Kopia-225x300.jpg 225w, http:\/\/www.filindeblogg.nu\/wp-content\/uploads\/2018\/01\/Gr\u00e5t-Susanne-Kopia.jpg 346w\" sizes=\"(max-width: 150px) 100vw, 150px\" \/> \u00c5ter ville hon krypa in och g\u00f6mma sig. Inte visa sig f\u00f6r n\u00e5gon. K\u00e4nde sig minst och obetydligast i v\u00e4rlden.<\/p>\n<p>D\u00e5 s\u00e5g prioriteringsordningen ut s\u00e5 h\u00e4r&#8230; <img loading=\"lazy\" class=\"alignnone size-medium wp-image-73335\" src=\"http:\/\/www.filindeblogg.nu\/wp-content\/uploads\/2018\/01\/IMG_4794-225x300.jpg\" alt=\"\" width=\"225\" height=\"300\" srcset=\"http:\/\/www.filindeblogg.nu\/wp-content\/uploads\/2018\/01\/IMG_4794-225x300.jpg 225w, http:\/\/www.filindeblogg.nu\/wp-content\/uploads\/2018\/01\/IMG_4794.jpg 480w\" sizes=\"(max-width: 225px) 100vw, 225px\" \/> Kvinnan som hade hand om rehabiliteringen av bloggaren fr\u00e5gade n\u00e4r hon s\u00e5g listan:<br \/>\n<em>&#8221;- Var finns du n\u00e5gonstans p\u00e5 listan?&#8221;<\/em><br \/>\nDet hade bloggaren aldrig t\u00e4nkt p\u00e5. Att hon sj\u00e4lv skulle finnas med&#8230;<\/p>\n<p>Idag ser listan ut s\u00e5 h\u00e4r: <img loading=\"lazy\" class=\"alignnone size-medium wp-image-73336\" src=\"http:\/\/www.filindeblogg.nu\/wp-content\/uploads\/2018\/01\/IMG_4795-225x300.jpg\" alt=\"\" width=\"225\" height=\"300\" srcset=\"http:\/\/www.filindeblogg.nu\/wp-content\/uploads\/2018\/01\/IMG_4795-225x300.jpg 225w, http:\/\/www.filindeblogg.nu\/wp-content\/uploads\/2018\/01\/IMG_4795.jpg 480w\" sizes=\"(max-width: 225px) 100vw, 225px\" \/> Kanske borde bloggaren ha sig sj\u00e4lv p\u00e5 f\u00f6rsta plats. Det \u00e4r viktigt att t\u00e4nka p\u00e5 sig sj\u00e4lv &#8211; ocks\u00e5! F\u00f6r att kunna hj\u00e4lpa andra m\u00e5ste man hj\u00e4lpa sig sj\u00e4lv f\u00f6rst. F\u00f6r att kunna visa sig sn\u00e4ll och varm mot andra &#8211; m\u00e5ste man faktiskt vara sn\u00e4ll och omt\u00e4nksam mot sig sj\u00e4lv f\u00f6rst. Det \u00e4r INTE egoistiskt!<\/p>\n<p><img loading=\"lazy\" class=\"aligncenter size-full wp-image-73337\" src=\"http:\/\/www.filindeblogg.nu\/wp-content\/uploads\/2018\/01\/Jag-duger-utbr\u00e4ndhet-suger.png\" alt=\"\" width=\"299\" height=\"169\" \/><\/p>\n<p>Bloggaren klarade det &#8211; igen! L\u00e4rde sig att t\u00e4nka s\u00e5 h\u00e4r: <img loading=\"lazy\" class=\"alignnone size-full wp-image-73338\" src=\"http:\/\/www.filindeblogg.nu\/wp-content\/uploads\/2018\/01\/Jag-kan.jpg\" alt=\"\" width=\"281\" height=\"180\" \/> JAG KAN!!\u00a0 Jag \u00e4r v\u00e4rd n\u00e5got! Fr\u00e5n det h\u00e4r: <img loading=\"lazy\" class=\"alignnone  wp-image-73340\" src=\"http:\/\/www.filindeblogg.nu\/wp-content\/uploads\/2018\/01\/IMG_4766-2-Kopia-225x300.jpg\" alt=\"\" width=\"93\" height=\"124\" srcset=\"http:\/\/www.filindeblogg.nu\/wp-content\/uploads\/2018\/01\/IMG_4766-2-Kopia-225x300.jpg 225w, http:\/\/www.filindeblogg.nu\/wp-content\/uploads\/2018\/01\/IMG_4766-2-Kopia.jpg 346w\" sizes=\"(max-width: 93px) 100vw, 93px\" \/> Till det h\u00e4r: <img loading=\"lazy\" class=\"alignnone  wp-image-73341\" src=\"http:\/\/www.filindeblogg.nu\/wp-content\/uploads\/2018\/01\/Suss-221x300.jpg\" alt=\"\" width=\"125\" height=\"170\" srcset=\"http:\/\/www.filindeblogg.nu\/wp-content\/uploads\/2018\/01\/Suss-221x300.jpg 221w, http:\/\/www.filindeblogg.nu\/wp-content\/uploads\/2018\/01\/Suss.jpg 617w\" sizes=\"(max-width: 125px) 100vw, 125px\" \/> S\u00e5 t\u00e4nk p\u00e5 att DU \u00c4R V\u00c4RDEFULL! Strunta i dom som f\u00f6rs\u00f6ker s\u00e4ga dig n\u00e5got annat!<\/p>\n<p><img loading=\"lazy\" class=\"size-full wp-image-73342 aligncenter\" src=\"http:\/\/www.filindeblogg.nu\/wp-content\/uploads\/2018\/01\/Silence-for-a-fool-smiley.jpg\" alt=\"\" width=\"194\" height=\"259\" \/><\/p>\n<p>Idag vet bloggaren hur det \u00e4r att g\u00e5 in i ett stort rum fullt med folk och riktigt \u00e4ga st\u00e4llet! Den k\u00e4nslan!! <img loading=\"lazy\" class=\"alignnone  wp-image-73362\" src=\"http:\/\/www.filindeblogg.nu\/wp-content\/uploads\/2018\/01\/Tummen-upp.jpg\" alt=\"\" width=\"82\" height=\"113\" \/><\/p>\n<p><img loading=\"lazy\" class=\"alignnone  wp-image-73343\" src=\"http:\/\/www.filindeblogg.nu\/wp-content\/uploads\/2018\/01\/Titta-i-spegeln-300x200.jpg\" alt=\"\" width=\"248\" height=\"165\" \/>\u00a0S\u00e5 titta dig i spegeln och s\u00e4g h\u00f6gt till dig sj\u00e4lv: <strong>DU \u00c4R B\u00c4ST!!!<\/strong><\/p>\n<p>S\u00e5 h\u00e4r till exempel! \ud83d\ude09<\/p>\n<p><img loading=\"lazy\" class=\"alignnone  wp-image-73344\" src=\"http:\/\/www.filindeblogg.nu\/wp-content\/uploads\/2018\/01\/IMG_4790-261x300.jpg\" alt=\"\" width=\"136\" height=\"156\" srcset=\"http:\/\/www.filindeblogg.nu\/wp-content\/uploads\/2018\/01\/IMG_4790-261x300.jpg 261w, http:\/\/www.filindeblogg.nu\/wp-content\/uploads\/2018\/01\/IMG_4790.jpg 556w\" sizes=\"(max-width: 136px) 100vw, 136px\" \/> <img loading=\"lazy\" class=\"alignnone  wp-image-73346\" src=\"http:\/\/www.filindeblogg.nu\/wp-content\/uploads\/2018\/01\/\u00c4lska-dig-sj\u00e4lv-Kopia.png\" alt=\"\" width=\"160\" height=\"154\" \/><img loading=\"lazy\" class=\"alignnone  wp-image-73347\" src=\"http:\/\/www.filindeblogg.nu\/wp-content\/uploads\/2018\/01\/IMG_4792-249x300.jpg\" alt=\"\" width=\"130\" height=\"157\" srcset=\"http:\/\/www.filindeblogg.nu\/wp-content\/uploads\/2018\/01\/IMG_4792-249x300.jpg 249w, http:\/\/www.filindeblogg.nu\/wp-content\/uploads\/2018\/01\/IMG_4792.jpg 532w\" sizes=\"(max-width: 130px) 100vw, 130px\" \/> \ud83d\ude00<\/p>\n<p><img loading=\"lazy\" class=\"aligncenter size-full wp-image-73348\" src=\"http:\/\/www.filindeblogg.nu\/wp-content\/uploads\/2018\/01\/Yes-Linus-p\u00e5-linjen.jpg\" alt=\"\" width=\"225\" height=\"225\" srcset=\"http:\/\/www.filindeblogg.nu\/wp-content\/uploads\/2018\/01\/Yes-Linus-p\u00e5-linjen.jpg 225w, http:\/\/www.filindeblogg.nu\/wp-content\/uploads\/2018\/01\/Yes-Linus-p\u00e5-linjen-150x150.jpg 150w, http:\/\/www.filindeblogg.nu\/wp-content\/uploads\/2018\/01\/Yes-Linus-p\u00e5-linjen-144x144.jpg 144w\" sizes=\"(max-width: 225px) 100vw, 225px\" \/><\/p>\n<p><img loading=\"lazy\" class=\"alignnone size-full wp-image-73349\" src=\"http:\/\/www.filindeblogg.nu\/wp-content\/uploads\/2018\/01\/Katten-och-lejonet.jpg\" alt=\"\" width=\"195\" height=\"258\" \/> Gl\u00f6m aldrig det: Det som betyder mest \u00e4r hur du ser p\u00e5 dig sj\u00e4lv. Hur du tycker om dig sj\u00e4lv. <strong>TYCK OM DIG SJ\u00c4LV!!<\/strong><br \/>\nSen \u00e4r det ju s\u00e5 h\u00e4r ocks\u00e5: <img loading=\"lazy\" class=\"alignnone size-medium wp-image-73350\" src=\"http:\/\/www.filindeblogg.nu\/wp-content\/uploads\/2018\/01\/IMG_4786-300x225.jpg\" alt=\"\" width=\"300\" height=\"225\" srcset=\"http:\/\/www.filindeblogg.nu\/wp-content\/uploads\/2018\/01\/IMG_4786-300x225.jpg 300w, http:\/\/www.filindeblogg.nu\/wp-content\/uploads\/2018\/01\/IMG_4786-768x576.jpg 768w, http:\/\/www.filindeblogg.nu\/wp-content\/uploads\/2018\/01\/IMG_4786-1024x769.jpg 1024w, http:\/\/www.filindeblogg.nu\/wp-content\/uploads\/2018\/01\/IMG_4786.jpg 1900w\" sizes=\"(max-width: 300px) 100vw, 300px\" \/><\/p>\n<p><img loading=\"lazy\" class=\"aligncenter size-medium wp-image-73351\" src=\"http:\/\/www.filindeblogg.nu\/wp-content\/uploads\/2018\/01\/IMG_4777-300x225.jpg\" alt=\"\" width=\"300\" height=\"225\" srcset=\"http:\/\/www.filindeblogg.nu\/wp-content\/uploads\/2018\/01\/IMG_4777-300x225.jpg 300w, http:\/\/www.filindeblogg.nu\/wp-content\/uploads\/2018\/01\/IMG_4777.jpg 640w\" sizes=\"(max-width: 300px) 100vw, 300px\" \/><\/p>\n<p>Nu \u00f6ver till n\u00e5got helt annat! <img loading=\"lazy\" class=\"alignnone size-medium wp-image-73352\" src=\"http:\/\/www.filindeblogg.nu\/wp-content\/uploads\/2018\/01\/IMG_4971-225x300.jpg\" alt=\"\" width=\"225\" height=\"300\" srcset=\"http:\/\/www.filindeblogg.nu\/wp-content\/uploads\/2018\/01\/IMG_4971-225x300.jpg 225w, http:\/\/www.filindeblogg.nu\/wp-content\/uploads\/2018\/01\/IMG_4971.jpg 480w\" sizes=\"(max-width: 225px) 100vw, 225px\" \/> Svenska flaggan &#8211; och svenska flaggdagar! Visste ni att vi har en ny flaggdag bland Sveriges allm\u00e4nna flaggdagar?<br \/>\nInte? Det visste inte <a href=\"https:\/\/www.almanacksforlaget.se\/\"><strong>Almanacksf\u00f6rlaget<\/strong> <\/a>heller! <img loading=\"lazy\" class=\"alignnone size-medium wp-image-73353\" src=\"http:\/\/www.filindeblogg.nu\/wp-content\/uploads\/2018\/01\/IMG_4771-225x300.jpg\" alt=\"\" width=\"225\" height=\"300\" srcset=\"http:\/\/www.filindeblogg.nu\/wp-content\/uploads\/2018\/01\/IMG_4771-225x300.jpg 225w, http:\/\/www.filindeblogg.nu\/wp-content\/uploads\/2018\/01\/IMG_4771-768x1024.jpg 768w, http:\/\/www.filindeblogg.nu\/wp-content\/uploads\/2018\/01\/IMG_4771.jpg 1512w\" sizes=\"(max-width: 225px) 100vw, 225px\" \/> F\u00f6r det finns ingen markering i 2018 \u00e5rs almanacka f\u00f6r 29 maj!<br \/>\nMen s\u00e5 h\u00e4r \u00e4r det: <img loading=\"lazy\" class=\"alignnone size-medium wp-image-73354\" src=\"http:\/\/www.filindeblogg.nu\/wp-content\/uploads\/2018\/01\/IMG_4772-Kopia-169x300.png\" alt=\"\" width=\"169\" height=\"300\" srcset=\"http:\/\/www.filindeblogg.nu\/wp-content\/uploads\/2018\/01\/IMG_4772-Kopia-169x300.png 169w, http:\/\/www.filindeblogg.nu\/wp-content\/uploads\/2018\/01\/IMG_4772-Kopia-576x1024.png 576w, http:\/\/www.filindeblogg.nu\/wp-content\/uploads\/2018\/01\/IMG_4772-Kopia.png 750w\" sizes=\"(max-width: 169px) 100vw, 169px\" \/><strong> 29 maj<\/strong> \u00e4r ny allm\u00e4n flaggdag i Sverige! Det beslutade regeringen att g\u00e4lla fr\u00e5n och med den 14 juli 2017. Och eftersom 29 maj d\u00e5 redan var passerad s\u00e5 blir det f\u00f6rst i \u00e5r som bloggaren och alla andra som h\u00e5ller p\u00e5 flaggdagarna f\u00e5r hissa flaggan den 29 maj &#8211; <strong>Veterandagen! <img loading=\"lazy\" class=\"alignnone size-medium wp-image-73355\" src=\"http:\/\/www.filindeblogg.nu\/wp-content\/uploads\/2018\/01\/IMG_4773-169x300.png\" alt=\"\" width=\"169\" height=\"300\" srcset=\"http:\/\/www.filindeblogg.nu\/wp-content\/uploads\/2018\/01\/IMG_4773-169x300.png 169w, http:\/\/www.filindeblogg.nu\/wp-content\/uploads\/2018\/01\/IMG_4773-576x1024.png 576w, http:\/\/www.filindeblogg.nu\/wp-content\/uploads\/2018\/01\/IMG_4773.png 750w\" sizes=\"(max-width: 169px) 100vw, 169px\" \/> <\/strong>Citat fr\u00e5n regeringens hemsida: <strong><em>&#8221;Det \u00e4r \u00e4gnat att \u00f6ka kunskapen hos befolkningen om veteranernas viktiga insatser och tj\u00e4na som en p\u00e5minnelse om att milit\u00e4ra och civila veteraner och deras insatser f\u00f6r fred och s\u00e4kerhet \u00e4r av s\u00e4rskild betydelse f\u00f6r Sverige som nation.&#8221;<\/em><\/strong><br \/>\nL\u00e4s mer <a href=\"http:\/\/www.regeringen.se\/pressmeddelanden\/2017\/05\/regeringen-beslutar-att-gora-veterandagen-den-29-maj-till-allman-flaggdag\/\"><strong>H\u00c4R<\/strong><\/a> p\u00e5 hemsidan.<\/p>\n<p><img loading=\"lazy\" class=\"alignnone  wp-image-73356\" src=\"http:\/\/www.filindeblogg.nu\/wp-content\/uploads\/2018\/01\/Keep-calm-and-be-nice.png\" alt=\"\" width=\"133\" height=\"155\" \/>\u00a0<img loading=\"lazy\" class=\"alignnone  wp-image-73372\" src=\"http:\/\/www.filindeblogg.nu\/wp-content\/uploads\/2018\/01\/Katt-och-lejon-3-Kopia.jpg\" alt=\"\" width=\"193\" height=\"162\" \/> <img loading=\"lazy\" class=\"alignnone  wp-image-73358\" src=\"http:\/\/www.filindeblogg.nu\/wp-content\/uploads\/2018\/01\/Keep-calm-and-be-nice-even-to-yourself.jpg\" alt=\"\" width=\"126\" height=\"179\" \/><\/p>\n<p>Var sn\u00e4lla nu mot varandra men &#8211; var allra mest sn\u00e4ll mot dig sj\u00e4lv! <img loading=\"lazy\" class=\"alignnone  wp-image-73359\" src=\"http:\/\/www.filindeblogg.nu\/wp-content\/uploads\/2018\/01\/Suss-i-skinn-20-jan-2017-Kopia-300x194.jpg\" alt=\"\" width=\"114\" height=\"74\" srcset=\"http:\/\/www.filindeblogg.nu\/wp-content\/uploads\/2018\/01\/Suss-i-skinn-20-jan-2017-Kopia-300x194.jpg 300w, http:\/\/www.filindeblogg.nu\/wp-content\/uploads\/2018\/01\/Suss-i-skinn-20-jan-2017-Kopia.jpg 503w\" sizes=\"(max-width: 114px) 100vw, 114px\" \/><\/p>\n<p>&nbsp;<\/p>\n<p>&nbsp;<\/p>\n","protected":false},"excerpt":{"rendered":"<p>Sj\u00e4lvk\u00e4nsla! Har du det? Och i s\u00e5 fall &#8211; \u00e4r den bra eller d\u00e5lig?? Jaha, och vad menas d\u00e5 egentligen med &#8221;sj\u00e4lvk\u00e4nsla&#8221;?? S\u00e5 h\u00e4r s\u00e4ger Wikipedia, citat: &#8221;Sj\u00e4lvk\u00e4nsla eller sj\u00e4lvuppfattning \u00e4r den sj\u00e4lvk\u00e4nnedom som handlar om uppfattningen man har om sig sj\u00e4lv och den man \u00e4r.&#8221; Och mer: &#8221;Att ha d\u00e5lig och l\u00e5g sj\u00e4lvk\u00e4nsla kallas [&hellip;]<\/p>\n","protected":false},"author":1,"featured_media":0,"comment_status":"open","ping_status":"open","sticky":false,"template":"","format":"standard","meta":[],"categories":[196,203,100,204,132,101,150],"tags":[],"_links":{"self":[{"href":"http:\/\/www.filindeblogg.nu\/index.php?rest_route=\/wp\/v2\/posts\/73305"}],"collection":[{"href":"http:\/\/www.filindeblogg.nu\/index.php?rest_route=\/wp\/v2\/posts"}],"about":[{"href":"http:\/\/www.filindeblogg.nu\/index.php?rest_route=\/wp\/v2\/types\/post"}],"author":[{"embeddable":true,"href":"http:\/\/www.filindeblogg.nu\/index.php?rest_route=\/wp\/v2\/users\/1"}],"replies":[{"embeddable":true,"href":"http:\/\/www.filindeblogg.nu\/index.php?rest_route=%2Fwp%2Fv2%2Fcomments&post=73305"}],"version-history":[{"count":17,"href":"http:\/\/www.filindeblogg.nu\/index.php?rest_route=\/wp\/v2\/posts\/73305\/revisions"}],"predecessor-version":[{"id":73378,"href":"http:\/\/www.filindeblogg.nu\/index.php?rest_route=\/wp\/v2\/posts\/73305\/revisions\/73378"}],"wp:attachment":[{"href":"http:\/\/www.filindeblogg.nu\/index.php?rest_route=%2Fwp%2Fv2%2Fmedia&parent=73305"}],"wp:term":[{"taxonomy":"category","embeddable":true,"href":"http:\/\/www.filindeblogg.nu\/index.php?rest_route=%2Fwp%2Fv2%2Fcategories&post=73305"},{"taxonomy":"post_tag","embeddable":true,"href":"http:\/\/www.filindeblogg.nu\/index.php?rest_route=%2Fwp%2Fv2%2Ftags&post=73305"}],"curies":[{"name":"wp","href":"https:\/\/api.w.org\/{rel}","templated":true}]}}