{"id":72092,"date":"2017-11-18T15:27:35","date_gmt":"2017-11-18T14:27:35","guid":{"rendered":"http:\/\/www.filindeblogg.nu\/?p=72092"},"modified":"2017-11-18T18:33:56","modified_gmt":"2017-11-18T17:33:56","slug":"kanner-du-igen-dig","status":"publish","type":"post","link":"http:\/\/www.filindeblogg.nu\/?p=72092","title":{"rendered":"K\u00e4nner du igen dig!?"},"content":{"rendered":"<p><img loading=\"lazy\" class=\"alignnone size-medium wp-image-72093\" src=\"http:\/\/www.filindeblogg.nu\/wp-content\/uploads\/2017\/11\/IMG_1229-300x225.jpg\" alt=\"\" width=\"300\" height=\"225\" srcset=\"http:\/\/www.filindeblogg.nu\/wp-content\/uploads\/2017\/11\/IMG_1229-300x225.jpg 300w, http:\/\/www.filindeblogg.nu\/wp-content\/uploads\/2017\/11\/IMG_1229-768x576.jpg 768w, http:\/\/www.filindeblogg.nu\/wp-content\/uploads\/2017\/11\/IMG_1229-1024x768.jpg 1024w, http:\/\/www.filindeblogg.nu\/wp-content\/uploads\/2017\/11\/IMG_1229.jpg 2048w\" sizes=\"(max-width: 300px) 100vw, 300px\" \/> Idag avslutades en fotoutst\u00e4llning p\u00e5 <strong>Arboga Stadsbibliotek<\/strong>.<\/p>\n<p>Den h\u00e4r:\u00a0<img loading=\"lazy\" class=\"alignnone size-medium wp-image-72095\" src=\"http:\/\/www.filindeblogg.nu\/wp-content\/uploads\/2017\/11\/IMG_1232-225x300.jpg\" alt=\"\" width=\"225\" height=\"300\" srcset=\"http:\/\/www.filindeblogg.nu\/wp-content\/uploads\/2017\/11\/IMG_1232-225x300.jpg 225w, http:\/\/www.filindeblogg.nu\/wp-content\/uploads\/2017\/11\/IMG_1232-768x1024.jpg 768w, http:\/\/www.filindeblogg.nu\/wp-content\/uploads\/2017\/11\/IMG_1232.jpg 1536w\" sizes=\"(max-width: 225px) 100vw, 225px\" \/> <strong><em>&#8221;K\u00e4nner du igen dig? Skolbilder fr\u00e5n 1950-70-talet&#8221;<\/em><\/strong> <img loading=\"lazy\" class=\"alignnone size-medium wp-image-72094\" src=\"http:\/\/www.filindeblogg.nu\/wp-content\/uploads\/2017\/11\/IMG_1231-223x300.jpg\" alt=\"\" width=\"223\" height=\"300\" srcset=\"http:\/\/www.filindeblogg.nu\/wp-content\/uploads\/2017\/11\/IMG_1231-223x300.jpg 223w, http:\/\/www.filindeblogg.nu\/wp-content\/uploads\/2017\/11\/IMG_1231-768x1032.jpg 768w, http:\/\/www.filindeblogg.nu\/wp-content\/uploads\/2017\/11\/IMG_1231-762x1024.jpg 762w, http:\/\/www.filindeblogg.nu\/wp-content\/uploads\/2017\/11\/IMG_1231.jpg 1530w\" sizes=\"(max-width: 223px) 100vw, 223px\" \/><\/p>\n<p><img loading=\"lazy\" class=\"alignnone size-medium wp-image-72105\" src=\"http:\/\/www.filindeblogg.nu\/wp-content\/uploads\/2017\/11\/IMG_1220-225x300.jpg\" alt=\"\" width=\"225\" height=\"300\" srcset=\"http:\/\/www.filindeblogg.nu\/wp-content\/uploads\/2017\/11\/IMG_1220-225x300.jpg 225w, http:\/\/www.filindeblogg.nu\/wp-content\/uploads\/2017\/11\/IMG_1220.jpg 308w\" sizes=\"(max-width: 225px) 100vw, 225px\" \/>\u00a0Bloggaren k\u00e4nde inte till utst\u00e4llningen f\u00f6rr\u00e4n ig\u00e5r och tycker att det varit alltf\u00f6r lite reklam f\u00f6r den. Den har p\u00e5g\u00e5tt i tv\u00e5 veckor och avslutades allts\u00e5 idag klockan 14.<\/p>\n<p>I sista minuten &#8211; kan man s\u00e4ga &#8211; var bloggaren d\u00e4r och h\u00e4r \u00e4r n\u00e5gra av bilderna:<\/p>\n<p><img loading=\"lazy\" class=\"alignnone size-medium wp-image-72096\" src=\"http:\/\/www.filindeblogg.nu\/wp-content\/uploads\/2017\/11\/IMG_1221-225x300.jpg\" alt=\"\" width=\"225\" height=\"300\" srcset=\"http:\/\/www.filindeblogg.nu\/wp-content\/uploads\/2017\/11\/IMG_1221-225x300.jpg 225w, http:\/\/www.filindeblogg.nu\/wp-content\/uploads\/2017\/11\/IMG_1221.jpg 308w\" sizes=\"(max-width: 225px) 100vw, 225px\" \/> ** <img loading=\"lazy\" class=\"alignnone size-medium wp-image-72097\" src=\"http:\/\/www.filindeblogg.nu\/wp-content\/uploads\/2017\/11\/IMG_1223-300x225.jpg\" alt=\"\" width=\"300\" height=\"225\" srcset=\"http:\/\/www.filindeblogg.nu\/wp-content\/uploads\/2017\/11\/IMG_1223-300x225.jpg 300w, http:\/\/www.filindeblogg.nu\/wp-content\/uploads\/2017\/11\/IMG_1223-768x576.jpg 768w, http:\/\/www.filindeblogg.nu\/wp-content\/uploads\/2017\/11\/IMG_1223-1024x768.jpg 1024w, http:\/\/www.filindeblogg.nu\/wp-content\/uploads\/2017\/11\/IMG_1223.jpg 2048w\" sizes=\"(max-width: 300px) 100vw, 300px\" \/> L\u00e4rarna p\u00e5 kurs \u00e4r <strong>Bo Lannsj\u00f6<\/strong>, ?, <strong>Karin Eriksson<\/strong>, <strong>Britta Torshage<\/strong> och st\u00e5ende<strong> Gunnar Bjur\u00e9n<\/strong> och rektor <strong>Bror Gustafsson<\/strong>.<\/p>\n<p><img loading=\"lazy\" class=\"alignnone size-medium wp-image-72098\" src=\"http:\/\/www.filindeblogg.nu\/wp-content\/uploads\/2017\/11\/IMG_1224-300x225.jpg\" alt=\"\" width=\"300\" height=\"225\" srcset=\"http:\/\/www.filindeblogg.nu\/wp-content\/uploads\/2017\/11\/IMG_1224-300x225.jpg 300w, http:\/\/www.filindeblogg.nu\/wp-content\/uploads\/2017\/11\/IMG_1224-768x576.jpg 768w, http:\/\/www.filindeblogg.nu\/wp-content\/uploads\/2017\/11\/IMG_1224-1024x768.jpg 1024w, http:\/\/www.filindeblogg.nu\/wp-content\/uploads\/2017\/11\/IMG_1224.jpg 2048w\" sizes=\"(max-width: 300px) 100vw, 300px\" \/> Nummer 2 fr\u00e5n h\u00f6ger &#8211; bloggarens l\u00e4rare i franska, <strong>Walter Jakobsson<\/strong>. <img loading=\"lazy\" class=\"alignnone size-medium wp-image-72099\" src=\"http:\/\/www.filindeblogg.nu\/wp-content\/uploads\/2017\/11\/IMG_1226-300x225.jpg\" alt=\"\" width=\"300\" height=\"225\" srcset=\"http:\/\/www.filindeblogg.nu\/wp-content\/uploads\/2017\/11\/IMG_1226-300x225.jpg 300w, http:\/\/www.filindeblogg.nu\/wp-content\/uploads\/2017\/11\/IMG_1226-768x576.jpg 768w, http:\/\/www.filindeblogg.nu\/wp-content\/uploads\/2017\/11\/IMG_1226-1024x768.jpg 1024w, http:\/\/www.filindeblogg.nu\/wp-content\/uploads\/2017\/11\/IMG_1226.jpg 2048w\" sizes=\"(max-width: 300px) 100vw, 300px\" \/> L\u00e4rare p\u00e5 pedagogikdag i januari 1961, <strong>G\u00e4ddg\u00e5rdsskolan<\/strong>.<\/p>\n<p><img loading=\"lazy\" class=\"alignnone size-medium wp-image-72100\" src=\"http:\/\/www.filindeblogg.nu\/wp-content\/uploads\/2017\/11\/IMG_1227-225x300.jpg\" alt=\"\" width=\"225\" height=\"300\" srcset=\"http:\/\/www.filindeblogg.nu\/wp-content\/uploads\/2017\/11\/IMG_1227-225x300.jpg 225w, http:\/\/www.filindeblogg.nu\/wp-content\/uploads\/2017\/11\/IMG_1227-768x1024.jpg 768w, http:\/\/www.filindeblogg.nu\/wp-content\/uploads\/2017\/11\/IMG_1227.jpg 1536w\" sizes=\"(max-width: 225px) 100vw, 225px\" \/> <strong>Jan-Urban Modigh<\/strong> mannek\u00e4ngar p\u00e5 elevernas modevisning p\u00e5 <strong>Stureskolan<\/strong> 1964!<\/p>\n<p><img loading=\"lazy\" class=\"alignnone size-medium wp-image-72101\" src=\"http:\/\/www.filindeblogg.nu\/wp-content\/uploads\/2017\/11\/IMG_1230-225x300.jpg\" alt=\"\" width=\"225\" height=\"300\" srcset=\"http:\/\/www.filindeblogg.nu\/wp-content\/uploads\/2017\/11\/IMG_1230-225x300.jpg 225w, http:\/\/www.filindeblogg.nu\/wp-content\/uploads\/2017\/11\/IMG_1230-768x1024.jpg 768w, http:\/\/www.filindeblogg.nu\/wp-content\/uploads\/2017\/11\/IMG_1230.jpg 1536w\" sizes=\"(max-width: 225px) 100vw, 225px\" \/>\u00a0 <strong>Skolidrott p\u00e5 Sturevallen<\/strong>!<br \/>\nLite n\u00e4rmare ser bloggaren att det \u00e4r <strong>Eva &#8221;Pyrran&#8221; Campner<\/strong> (fd Carlsson\/Schenstr\u00f6m). <img loading=\"lazy\" class=\"alignnone size-medium wp-image-72102\" src=\"http:\/\/www.filindeblogg.nu\/wp-content\/uploads\/2017\/11\/IMG_1235-225x300.jpg\" alt=\"\" width=\"225\" height=\"300\" srcset=\"http:\/\/www.filindeblogg.nu\/wp-content\/uploads\/2017\/11\/IMG_1235-225x300.jpg 225w, http:\/\/www.filindeblogg.nu\/wp-content\/uploads\/2017\/11\/IMG_1235-768x1024.jpg 768w, http:\/\/www.filindeblogg.nu\/wp-content\/uploads\/2017\/11\/IMG_1235.jpg 1536w\" sizes=\"(max-width: 225px) 100vw, 225px\" \/><\/p>\n<p><img loading=\"lazy\" class=\"alignnone size-medium wp-image-72103\" src=\"http:\/\/www.filindeblogg.nu\/wp-content\/uploads\/2017\/11\/IMG_1233-225x300.jpg\" alt=\"\" width=\"225\" height=\"300\" srcset=\"http:\/\/www.filindeblogg.nu\/wp-content\/uploads\/2017\/11\/IMG_1233-225x300.jpg 225w, http:\/\/www.filindeblogg.nu\/wp-content\/uploads\/2017\/11\/IMG_1233-768x1024.jpg 768w, http:\/\/www.filindeblogg.nu\/wp-content\/uploads\/2017\/11\/IMG_1233.jpg 1536w\" sizes=\"(max-width: 225px) 100vw, 225px\" \/> <strong><em>&#8221;Skolhockey, mars 1965&#8221;<\/em><\/strong>. Texten under bilden anger fr\u00e5n v\u00e4nster, \u00f6vre raden: <strong>Gunnar Johansson<\/strong>,<strong> Lars &#8221;Lacke&#8221; Johansson<\/strong>, <strong>Ronny Wanberg<\/strong>,<strong> Charlie Carlsson<\/strong>, <strong>Bengt Olsson<\/strong>, <strong>Bo Sandqvist<\/strong> och <strong>Bengt-Arne Sj\u00f6qvist.<\/strong><br \/>\nNedre raden fr\u00e5n v\u00e4nster: A<strong>nders Liljeborg<\/strong>, <strong>Gert Persson<\/strong>, <strong>P\u00e4r Sj\u00f6berg<\/strong>, <strong>Olle Emanuelsson<\/strong> och <strong>Peter Svensson<\/strong>.<\/p>\n<p><img loading=\"lazy\" class=\"alignnone size-medium wp-image-72104\" src=\"http:\/\/www.filindeblogg.nu\/wp-content\/uploads\/2017\/11\/IMG_1234-225x300.jpg\" alt=\"\" width=\"225\" height=\"300\" srcset=\"http:\/\/www.filindeblogg.nu\/wp-content\/uploads\/2017\/11\/IMG_1234-225x300.jpg 225w, http:\/\/www.filindeblogg.nu\/wp-content\/uploads\/2017\/11\/IMG_1234-768x1024.jpg 768w, http:\/\/www.filindeblogg.nu\/wp-content\/uploads\/2017\/11\/IMG_1234.jpg 1536w\" sizes=\"(max-width: 225px) 100vw, 225px\" \/><strong><em>&#8221;Skolbarn hos Brandk\u00e5ren, april 1963&#8221;<br \/>\n<\/em><\/strong>De som finns namngivna \u00e4r: <strong>Curt Paulsson, Christer Eriksson, Lennart Wall\u00e9n, H\u00e5kan Waern, Karl-Erik Johansson, Raymond Hahne, Kjell-Olof Lindgren, Hans-Olof Grankvist, Peder Gernandt och Kent W Johansson. <\/strong><\/p>\n<p>Alla foton \u00e4r tagna av <strong>Reinhold Carlsson<\/strong>.<\/p>\n<p>Bloggaren har varit i kontakt med ansvarig f\u00f6r utst\u00e4llningen f\u00f6r att f\u00f6rs\u00f6ka utverka att den f\u00e5r vara kvar n\u00e5gra veckor till &#8211; alternativt g\u00e5 i repris vid senare tillf\u00e4lle.<br \/>\nOm s\u00e5 blir fallet meddelas detta h\u00e4r i bloggen!<\/p>\n<p><img loading=\"lazy\" class=\"alignnone size-medium wp-image-72106\" src=\"http:\/\/www.filindeblogg.nu\/wp-content\/uploads\/2017\/11\/IMG_1228-300x225.jpg\" alt=\"\" width=\"300\" height=\"225\" srcset=\"http:\/\/www.filindeblogg.nu\/wp-content\/uploads\/2017\/11\/IMG_1228-300x225.jpg 300w, http:\/\/www.filindeblogg.nu\/wp-content\/uploads\/2017\/11\/IMG_1228-768x576.jpg 768w, http:\/\/www.filindeblogg.nu\/wp-content\/uploads\/2017\/11\/IMG_1228-1024x768.jpg 1024w, http:\/\/www.filindeblogg.nu\/wp-content\/uploads\/2017\/11\/IMG_1228.jpg 2048w\" sizes=\"(max-width: 300px) 100vw, 300px\" \/> P\u00e5 v\u00e4g ut fr\u00e5n biblioteket.<\/p>\n<p>Promenaden hem \u00f6ver <strong>Herrg\u00e5rdsbron<\/strong>. <img loading=\"lazy\" class=\"alignnone size-medium wp-image-72107\" src=\"http:\/\/www.filindeblogg.nu\/wp-content\/uploads\/2017\/11\/IMG_1236-300x225.jpg\" alt=\"\" width=\"300\" height=\"225\" srcset=\"http:\/\/www.filindeblogg.nu\/wp-content\/uploads\/2017\/11\/IMG_1236-300x225.jpg 300w, http:\/\/www.filindeblogg.nu\/wp-content\/uploads\/2017\/11\/IMG_1236-768x576.jpg 768w, http:\/\/www.filindeblogg.nu\/wp-content\/uploads\/2017\/11\/IMG_1236-1024x768.jpg 1024w, http:\/\/www.filindeblogg.nu\/wp-content\/uploads\/2017\/11\/IMG_1236.jpg 2048w\" sizes=\"(max-width: 300px) 100vw, 300px\" \/><\/p>\n<p>Lite annat ocks\u00e5.\u00a0<img loading=\"lazy\" class=\"alignnone wp-image-72130\" src=\"http:\/\/www.filindeblogg.nu\/wp-content\/uploads\/2017\/11\/Metoo.jpg\" alt=\"\" width=\"158\" height=\"118\" \/>\u00a0 <strong>Metoo<\/strong> \u00e4r ju omskrivet nu och verkar \u00f6ka i omfattning p\u00e5 olika vis. M\u00e5nga kvinnor som inte v\u00e5gat s\u00e4ga ifr\u00e5n f\u00f6rut ser sin chans nu.<br \/>\nM\u00e5nga m\u00e4n hejar p\u00e5 uppropet men bloggaren tror att v\u00e4ldigt m\u00e5nga av dessa m\u00e4n mycket v\u00e4l skulle kunna f\u00e5 en anm\u00e4lan p\u00e5 sig! <img loading=\"lazy\" class=\"alignnone size-full wp-image-72133\" src=\"http:\/\/www.filindeblogg.nu\/wp-content\/uploads\/2017\/11\/F\u00f6rf\u00f6rad-man-ny.jpg\" alt=\"\" width=\"290\" height=\"175\" \/><br \/>\nDetta med samtycke f\u00f6rr &#8211; och \u00e4ven nu &#8211; \u00e4r nog inte helt sj\u00e4lvklart f\u00f6r alla. Inte heller de signaler vi ger ut eller inte &#8211; och vad de betyder eller inte.<\/p>\n<p>Vet vi det riktigt sj\u00e4lva f\u00f6rresten? En kram f\u00f6r n\u00e5gon kan vara n\u00e5got helt annat f\u00f6r n\u00e5gon annan. En blick, ett m\u00f6te &#8211; ja, till och med ett hej.<\/p>\n<p>Bloggaren l\u00e4ser i <a href=\"http:\/\/www.st.nu\/vasternorrland\/sundsvall\/kvinna-anmaler-man-for-ofredande-for-att-han-sagt-hej-till-henne\"><strong>Sundsvalls Tidning<\/strong><\/a> om en kvinna som anm\u00e4lt en man f\u00f6r att han sagt hej till henne n\u00e5gra g\u00e5nger n\u00e4r det m\u00f6tts p\u00e5 promenad. (Kvinnan och mannen \u00e4r i 60- resp. 80-\u00e5rs\u00e5ldern).<br \/>\nTidningen skriver, citat: <em>&#8221;\u2013 Hon upplever det provocerande n\u00e4r han h\u00e4lsar p\u00e5 henne och s\u00e4ger i anm\u00e4lan att hon k\u00e4nner ett obehag av detta.&#8221;<\/em><\/p>\n<p>Det \u00e4r inte l\u00e4tt att vara m\u00e4nniska, konstaterar bloggaren&#8230;<\/p>\n<p>Bloggaren spelar <strong>Quiskampen <\/strong>ibland och st\u00f6tte p\u00e5 en fr\u00e5ga om en minst sagt m\u00e4rklig matr\u00e4tt som verkar farlig ocks\u00e5 &#8211; <strong><em>&#8221;Tusen\u00e5riga \u00e4gg&#8221;<\/em><\/strong>. <img loading=\"lazy\" class=\"alignnone size-full wp-image-72108\" src=\"http:\/\/www.filindeblogg.nu\/wp-content\/uploads\/2017\/11\/Tusen\u00e5riga-\u00e4gg-1.jpg\" alt=\"\" width=\"194\" height=\"260\" \/> Namnet ger en hint om vad det \u00e4r fr\u00e5gan om&#8230; <img loading=\"lazy\" class=\"alignnone wp-image-72112\" src=\"http:\/\/www.filindeblogg.nu\/wp-content\/uploads\/2017\/11\/Emoji-m\u00e5r-d\u00e5ligt.jpg\" alt=\"\" width=\"72\" height=\"72\" srcset=\"http:\/\/www.filindeblogg.nu\/wp-content\/uploads\/2017\/11\/Emoji-m\u00e5r-d\u00e5ligt.jpg 225w, http:\/\/www.filindeblogg.nu\/wp-content\/uploads\/2017\/11\/Emoji-m\u00e5r-d\u00e5ligt-150x150.jpg 150w, http:\/\/www.filindeblogg.nu\/wp-content\/uploads\/2017\/11\/Emoji-m\u00e5r-d\u00e5ligt-144x144.jpg 144w\" sizes=\"(max-width: 72px) 100vw, 72px\" \/><\/p>\n<p>S\u00e5 h\u00e4r skriver <a href=\"https:\/\/sv.m.wikipedia.org\/wiki\/Tusen%C3%A5riga_%C3%A4gg\"><strong>Wikipedia<\/strong><\/a> om &#8221;Tusen\u00e5riga \u00e4gg&#8221;, citat:<\/p>\n<p><img loading=\"lazy\" class=\"alignnone wp-image-72110\" src=\"http:\/\/www.filindeblogg.nu\/wp-content\/uploads\/2017\/11\/Tusen\u00e5riga-\u00e4gg-4.jpg\" alt=\"\" width=\"179\" height=\"205\" \/>\u00a0&#8221;<em><b>Tusen\u00e5riga \u00e4gg<\/b> (kinesiska: \u76ae\u86cb p\u00edd\u00e0n eller \u677e\u82b1\u86cb s\u014dnghu\u0101d\u00e0n; thail\u00e4ndska: \u0e44\u0e02\u0e48\u0e40\u0e22\u0e35\u0e48\u0e22\u0e27\u0e21\u0e49\u0e32 khai yiao ma) \u00e4r en kinesisk matingrediens som tillverkas av \u00e4gg fr\u00e5n anka, h\u00f6ns eller vaktel. <\/em><br \/>\n<em>Ursprungligen handlade det om en konserveringsmetod: f\u00e4rska \u00e4gg bakas in i en blandning av lera, aska, salt, <strong>osl\u00e4ckt kalk<\/strong> och risagnar och f\u00e5r vara i veckor eller m\u00e5nader.<\/em><\/p>\n<p><img loading=\"lazy\" class=\"alignnone wp-image-72111\" src=\"http:\/\/www.filindeblogg.nu\/wp-content\/uploads\/2017\/11\/Tusen\u00e5riga-\u00e4gg-3.jpg\" alt=\"\" width=\"216\" height=\"162\" \/>\u00a0<em>N\u00e4r \u00e4ggen \u00e4r f\u00e4rdiga har de m\u00f6rkgr\u00f6n kr\u00e4mig \u00e4ggula med doft av surstr\u00f6mming, medan \u00e4ggvitan \u00e4r en styv m\u00f6rkbrun gel\u00e9 utan s\u00e4rskild arom.<\/em><\/p>\n<p><img loading=\"lazy\" class=\"alignnone size-medium wp-image-72109\" src=\"http:\/\/www.filindeblogg.nu\/wp-content\/uploads\/2017\/11\/Tusen\u00e5riga-\u00e4gg-2-300x152.jpg\" alt=\"\" width=\"300\" height=\"152\" srcset=\"http:\/\/www.filindeblogg.nu\/wp-content\/uploads\/2017\/11\/Tusen\u00e5riga-\u00e4gg-2-300x152.jpg 300w, http:\/\/www.filindeblogg.nu\/wp-content\/uploads\/2017\/11\/Tusen\u00e5riga-\u00e4gg-2.jpg 315w\" sizes=\"(max-width: 300px) 100vw, 300px\" \/> <em>Fast\u00e4n \u00e4mnet \u00e4r giftigt i st\u00f6rre doser tills\u00e4tter vissa kinesiska tillverkare <strong>blyoxid <\/strong>till inbakningsmassan f\u00f6r att p\u00e5skynda processen. <\/em><br \/>\n<em>Zinkoxid fungerar som ers\u00e4ttning<sup id=\"cite_ref-2\" class=\"reference\"><\/sup>, men det \u00e4r heller inte nyttigt i \u00f6verm\u00e5tt d\u00e5 det kan orsaka kopparbrist.&#8221;<\/em><\/p>\n<p>Bloggaren som \u00e4r l\u00e4tt magsjuk idag blir \u00e4nnu mer ben\u00e4gen att upps\u00f6ka toaletten efter att ha l\u00e4st om &#8221;Tusen\u00e5riga \u00e4gg&#8221; och avst\u00e5r g\u00e4rna denna r\u00e4tt! <img loading=\"lazy\" class=\"alignnone wp-image-72113\" src=\"http:\/\/www.filindeblogg.nu\/wp-content\/uploads\/2017\/11\/Emoji-spyr.jpg\" alt=\"\" width=\"149\" height=\"125\" \/><\/p>\n<p>Lugna ner er nu och dra ett djupt andetag! T\u00e4nk p\u00e5 n\u00e5got annat. T\u00e4nk p\u00e5 s\u00e5 vackert himlen skiftar f\u00e4rg om morgnarna till exempel.<br \/>\nI alla fall h\u00e4r i <strong>Arboga<\/strong> och i alla fall nu i november.<\/p>\n<p><img loading=\"lazy\" class=\"size-medium wp-image-72114 aligncenter\" src=\"http:\/\/www.filindeblogg.nu\/wp-content\/uploads\/2017\/11\/Brinnande-himmel-225x300.jpg\" alt=\"\" width=\"225\" height=\"300\" srcset=\"http:\/\/www.filindeblogg.nu\/wp-content\/uploads\/2017\/11\/Brinnande-himmel-225x300.jpg 225w, http:\/\/www.filindeblogg.nu\/wp-content\/uploads\/2017\/11\/Brinnande-himmel.jpg 720w\" sizes=\"(max-width: 225px) 100vw, 225px\" \/><\/p>\n<p><img loading=\"lazy\" class=\"alignnone size-full wp-image-72115\" src=\"http:\/\/www.filindeblogg.nu\/wp-content\/uploads\/2017\/11\/Rosa-moln-1.jpg\" alt=\"\" width=\"274\" height=\"206\" \/> H\u00e4r om morgonen s\u00e5g det ut s\u00e5 h\u00e4r hemma hos bloggaren. <img loading=\"lazy\" class=\"alignnone size-medium wp-image-72116\" src=\"http:\/\/www.filindeblogg.nu\/wp-content\/uploads\/2017\/11\/Rosa-moln-2-225x300.jpg\" alt=\"\" width=\"225\" height=\"300\" srcset=\"http:\/\/www.filindeblogg.nu\/wp-content\/uploads\/2017\/11\/Rosa-moln-2-225x300.jpg 225w, http:\/\/www.filindeblogg.nu\/wp-content\/uploads\/2017\/11\/Rosa-moln-2.jpg 720w\" sizes=\"(max-width: 225px) 100vw, 225px\" \/> Rosa moln! Ja, att sv\u00e4va p\u00e5 rosa moln det gillar bloggaren och g\u00f6r allt emellan\u00e5t! \ud83d\ude09<\/p>\n<p>Soligt ibland, rosa moln ibland och gr\u00e5 himmel ibland &#8211; det skiftar, precis som livet sj\u00e4lvt! I morse s\u00e5g det ut s\u00e5 h\u00e4r: <img loading=\"lazy\" class=\"alignnone size-medium wp-image-72117\" src=\"http:\/\/www.filindeblogg.nu\/wp-content\/uploads\/2017\/11\/IMG_4101-300x225.jpg\" alt=\"\" width=\"300\" height=\"225\" srcset=\"http:\/\/www.filindeblogg.nu\/wp-content\/uploads\/2017\/11\/IMG_4101-300x225.jpg 300w, http:\/\/www.filindeblogg.nu\/wp-content\/uploads\/2017\/11\/IMG_4101-768x576.jpg 768w, http:\/\/www.filindeblogg.nu\/wp-content\/uploads\/2017\/11\/IMG_4101-1024x768.jpg 1024w, http:\/\/www.filindeblogg.nu\/wp-content\/uploads\/2017\/11\/IMG_4101.jpg 2016w\" sizes=\"(max-width: 300px) 100vw, 300px\" \/> H\u00e4rligt!<\/p>\n<p>Sk\u00f6t om er nu! Var mycket r\u00e4dda om er och om varandra! Gl\u00f6m inte alla visdomsord som bloggaren f\u00f6rser er med &#8211; och h\u00e4r \u00e4nnu ett: <img loading=\"lazy\" class=\"alignnone size-medium wp-image-72118\" src=\"http:\/\/www.filindeblogg.nu\/wp-content\/uploads\/2017\/11\/IMG_3683-300x160.jpg\" alt=\"\" width=\"300\" height=\"160\" srcset=\"http:\/\/www.filindeblogg.nu\/wp-content\/uploads\/2017\/11\/IMG_3683-300x160.jpg 300w, http:\/\/www.filindeblogg.nu\/wp-content\/uploads\/2017\/11\/IMG_3683.jpg 750w\" sizes=\"(max-width: 300px) 100vw, 300px\" \/><img loading=\"lazy\" class=\"alignnone wp-image-72128\" src=\"http:\/\/www.filindeblogg.nu\/wp-content\/uploads\/2017\/11\/Puss-emoji-300x300.png\" alt=\"\" width=\"82\" height=\"82\" srcset=\"http:\/\/www.filindeblogg.nu\/wp-content\/uploads\/2017\/11\/Puss-emoji-300x300.png 300w, http:\/\/www.filindeblogg.nu\/wp-content\/uploads\/2017\/11\/Puss-emoji-150x150.png 150w, http:\/\/www.filindeblogg.nu\/wp-content\/uploads\/2017\/11\/Puss-emoji-144x144.png 144w, http:\/\/www.filindeblogg.nu\/wp-content\/uploads\/2017\/11\/Puss-emoji.png 512w\" sizes=\"(max-width: 82px) 100vw, 82px\" \/><\/p>\n<p>&nbsp;<\/p>\n<p>&nbsp;<\/p>\n<p>&nbsp;<\/p>\n<p>&nbsp;<\/p>\n<p>&nbsp;<\/p>\n","protected":false},"excerpt":{"rendered":"<p>Idag avslutades en fotoutst\u00e4llning p\u00e5 Arboga Stadsbibliotek. Den h\u00e4r:\u00a0 &#8221;K\u00e4nner du igen dig? Skolbilder fr\u00e5n 1950-70-talet&#8221; \u00a0Bloggaren k\u00e4nde inte till utst\u00e4llningen f\u00f6rr\u00e4n ig\u00e5r och tycker att det varit alltf\u00f6r lite reklam f\u00f6r den. Den har p\u00e5g\u00e5tt i tv\u00e5 veckor och avslutades allts\u00e5 idag klockan 14. I sista minuten &#8211; kan man s\u00e4ga &#8211; var bloggaren [&hellip;]<\/p>\n","protected":false},"author":1,"featured_media":0,"comment_status":"open","ping_status":"open","sticky":false,"template":"","format":"standard","meta":[],"categories":[1,127,137,196,126,203,100,158,151,110,101,179],"tags":[],"_links":{"self":[{"href":"http:\/\/www.filindeblogg.nu\/index.php?rest_route=\/wp\/v2\/posts\/72092"}],"collection":[{"href":"http:\/\/www.filindeblogg.nu\/index.php?rest_route=\/wp\/v2\/posts"}],"about":[{"href":"http:\/\/www.filindeblogg.nu\/index.php?rest_route=\/wp\/v2\/types\/post"}],"author":[{"embeddable":true,"href":"http:\/\/www.filindeblogg.nu\/index.php?rest_route=\/wp\/v2\/users\/1"}],"replies":[{"embeddable":true,"href":"http:\/\/www.filindeblogg.nu\/index.php?rest_route=%2Fwp%2Fv2%2Fcomments&post=72092"}],"version-history":[{"count":13,"href":"http:\/\/www.filindeblogg.nu\/index.php?rest_route=\/wp\/v2\/posts\/72092\/revisions"}],"predecessor-version":[{"id":72135,"href":"http:\/\/www.filindeblogg.nu\/index.php?rest_route=\/wp\/v2\/posts\/72092\/revisions\/72135"}],"wp:attachment":[{"href":"http:\/\/www.filindeblogg.nu\/index.php?rest_route=%2Fwp%2Fv2%2Fmedia&parent=72092"}],"wp:term":[{"taxonomy":"category","embeddable":true,"href":"http:\/\/www.filindeblogg.nu\/index.php?rest_route=%2Fwp%2Fv2%2Fcategories&post=72092"},{"taxonomy":"post_tag","embeddable":true,"href":"http:\/\/www.filindeblogg.nu\/index.php?rest_route=%2Fwp%2Fv2%2Ftags&post=72092"}],"curies":[{"name":"wp","href":"https:\/\/api.w.org\/{rel}","templated":true}]}}