{"id":71340,"date":"2017-10-26T12:33:38","date_gmt":"2017-10-26T11:33:38","guid":{"rendered":"http:\/\/www.filindeblogg.nu\/?p=71340"},"modified":"2017-10-26T12:33:38","modified_gmt":"2017-10-26T11:33:38","slug":"chocken-adhd-20-ar-senare","status":"publish","type":"post","link":"http:\/\/www.filindeblogg.nu\/?p=71340","title":{"rendered":"Chocken &#8211; ADHD 20 \u00e5r senare&#8230;"},"content":{"rendered":"<p><img loading=\"lazy\" class=\"alignnone size-full wp-image-71342\" src=\"http:\/\/www.filindeblogg.nu\/wp-content\/uploads\/2017\/10\/ADHD.png\" alt=\"\" width=\"280\" height=\"160\" \/> &#8211; handlar bloggen om idag. Och andra egenskaper inom autismspektret som inte tas p\u00e5 allvar&#8230; <img loading=\"lazy\" class=\"alignnone wp-image-71346\" src=\"http:\/\/www.filindeblogg.nu\/wp-content\/uploads\/2017\/10\/ADHD-hj\u00e4rna-b\u00e4ttre-bild.jpg\" alt=\"\" width=\"143\" height=\"107\" \/><\/p>\n<p>En artikel i <a href=\"https:\/\/www.dn.se\/ekonomi\/jobb-karriar\/alla-larare-borde-utbildas-om-adhd-och-autism\/\"><strong>DN<\/strong><\/a> i s\u00f6ndags fick bloggaren att bli s\u00e5 h\u00e4r: <img loading=\"lazy\" class=\"alignnone wp-image-71343\" src=\"http:\/\/www.filindeblogg.nu\/wp-content\/uploads\/2017\/10\/Uppr\u00f6rd-kvinna-300x279.jpg\" alt=\"\" width=\"176\" height=\"164\" srcset=\"http:\/\/www.filindeblogg.nu\/wp-content\/uploads\/2017\/10\/Uppr\u00f6rd-kvinna-300x279.jpg 300w, http:\/\/www.filindeblogg.nu\/wp-content\/uploads\/2017\/10\/Uppr\u00f6rd-kvinna-768x714.jpg 768w, http:\/\/www.filindeblogg.nu\/wp-content\/uploads\/2017\/10\/Uppr\u00f6rd-kvinna.jpg 800w\" sizes=\"(max-width: 176px) 100vw, 176px\" \/><\/p>\n<p>Anledningen? Jo, den h\u00e4r rubriken p\u00e5 artikeln:<\/p>\n<h1 class=\"article__headline\">\u201dAlla l\u00e4rare borde utbildas om adhd och autism\u201d<\/h1>\n<p>VA!!?? Vad \u00e4r det f\u00f6r sjuk rubrik?? <img loading=\"lazy\" class=\"alignnone wp-image-71347\" src=\"http:\/\/www.filindeblogg.nu\/wp-content\/uploads\/2017\/10\/ADHD-hyper-flicka.jpg\" alt=\"\" width=\"215\" height=\"182\" \/><br \/>\n\u00c4r det m\u00f6jligen s\u00e5 att INGENTING har h\u00e4nt p\u00e5 20 \u00e5r!!?? De 20 \u00e5r som g\u00e5tt sen bloggaren k\u00e4mpade i skolan f\u00f6r barn med ADHD!!<\/p>\n<p>D\u00e5 finns det bara ett ord: <img loading=\"lazy\" class=\"alignnone size-medium wp-image-71344\" src=\"http:\/\/www.filindeblogg.nu\/wp-content\/uploads\/2017\/10\/SKANDAL-300x151.png\" alt=\"\" width=\"300\" height=\"151\" srcset=\"http:\/\/www.filindeblogg.nu\/wp-content\/uploads\/2017\/10\/SKANDAL-300x151.png 300w, http:\/\/www.filindeblogg.nu\/wp-content\/uploads\/2017\/10\/SKANDAL.png 656w\" sizes=\"(max-width: 300px) 100vw, 300px\" \/> <img loading=\"lazy\" class=\"alignnone wp-image-71345\" src=\"http:\/\/www.filindeblogg.nu\/wp-content\/uploads\/2017\/10\/ARG-222x300.jpg\" alt=\"\" width=\"128\" height=\"173\" srcset=\"http:\/\/www.filindeblogg.nu\/wp-content\/uploads\/2017\/10\/ARG-222x300.jpg 222w, http:\/\/www.filindeblogg.nu\/wp-content\/uploads\/2017\/10\/ARG-768x1039.jpg 768w, http:\/\/www.filindeblogg.nu\/wp-content\/uploads\/2017\/10\/ARG-757x1024.jpg 757w, http:\/\/www.filindeblogg.nu\/wp-content\/uploads\/2017\/10\/ARG.jpg 1417w\" sizes=\"(max-width: 128px) 100vw, 128px\" \/><\/p>\n<p><img loading=\"lazy\" class=\"alignnone wp-image-71348\" src=\"http:\/\/www.filindeblogg.nu\/wp-content\/uploads\/2017\/10\/Sv\u00e5rt-i-skolan.jpg\" alt=\"\" width=\"204\" height=\"136\" \/> \u00a0<img loading=\"lazy\" class=\"alignnone wp-image-71349\" src=\"http:\/\/www.filindeblogg.nu\/wp-content\/uploads\/2017\/10\/HJ\u00c4LP.jpg\" alt=\"\" width=\"175\" height=\"147\" \/><br \/>\n<img loading=\"lazy\" class=\"alignnone size-medium wp-image-71350\" src=\"http:\/\/www.filindeblogg.nu\/wp-content\/uploads\/2017\/10\/Dear-school-I-hate-you-300x125.jpg\" alt=\"\" width=\"300\" height=\"125\" srcset=\"http:\/\/www.filindeblogg.nu\/wp-content\/uploads\/2017\/10\/Dear-school-I-hate-you-300x125.jpg 300w, http:\/\/www.filindeblogg.nu\/wp-content\/uploads\/2017\/10\/Dear-school-I-hate-you.jpg 357w\" sizes=\"(max-width: 300px) 100vw, 300px\" \/>\u00a0<img loading=\"lazy\" class=\"alignnone size-medium wp-image-71351\" src=\"http:\/\/www.filindeblogg.nu\/wp-content\/uploads\/2017\/10\/ADHD-utbrott-300x146.jpg\" alt=\"\" width=\"300\" height=\"146\" srcset=\"http:\/\/www.filindeblogg.nu\/wp-content\/uploads\/2017\/10\/ADHD-utbrott-300x146.jpg 300w, http:\/\/www.filindeblogg.nu\/wp-content\/uploads\/2017\/10\/ADHD-utbrott.jpg 322w\" sizes=\"(max-width: 300px) 100vw, 300px\" \/><\/p>\n<p>&nbsp;<\/p>\n<p><strong><img loading=\"lazy\" class=\"alignnone size-medium wp-image-71352\" src=\"http:\/\/www.filindeblogg.nu\/wp-content\/uploads\/2017\/10\/Attention-300x58.jpg\" alt=\"\" width=\"300\" height=\"58\" srcset=\"http:\/\/www.filindeblogg.nu\/wp-content\/uploads\/2017\/10\/Attention-300x58.jpg 300w, http:\/\/www.filindeblogg.nu\/wp-content\/uploads\/2017\/10\/Attention.jpg 509w\" sizes=\"(max-width: 300px) 100vw, 300px\" \/><br \/>\n<a href=\"http:\/\/attention.se\/npf\/adhd\/\">H\u00c4R<\/a><\/strong> kan outbildade l\u00e4rare och andra l\u00e4sa om ADHD p\u00e5 f\u00f6reningen<strong> Attention<\/strong>s hemsida!<\/p>\n<p>Bloggaren var faktiskt med n\u00e4r Attention bildades f\u00f6r 18 (!) \u00e5r sedan. 18 \u00e5r!! Och l\u00e4rarna har inte snappat det hela \u00e4n!!??<\/p>\n<p><img loading=\"lazy\" class=\"alignnone size-medium wp-image-71353\" src=\"http:\/\/www.filindeblogg.nu\/wp-content\/uploads\/2017\/10\/Aspergers-lugn-300x200.jpg\" alt=\"\" width=\"300\" height=\"200\" srcset=\"http:\/\/www.filindeblogg.nu\/wp-content\/uploads\/2017\/10\/Aspergers-lugn-300x200.jpg 300w, http:\/\/www.filindeblogg.nu\/wp-content\/uploads\/2017\/10\/Aspergers-lugn-768x513.jpg 768w, http:\/\/www.filindeblogg.nu\/wp-content\/uploads\/2017\/10\/Aspergers-lugn.jpg 863w\" sizes=\"(max-width: 300px) 100vw, 300px\" \/> F\u00f6r drygt tre \u00e5r sedan skrev bloggaren en personlig ber\u00e4ttelse om en liten pojke med ADHD. Hur hans skolg\u00e5ng hade varit och den var milt sagt usel och underm\u00e5lig!<\/p>\n<p><strong>Arboga Tidning<\/strong> v\u00e4grade ta in den som ins\u00e4ndare med f\u00f6ljande sk\u00e4l, citat:<br \/>\n&#8221;<em>\u201dJag har valt att inte publicera din ins\u00e4ndare, eftersom s\u00e5 m\u00e5nga personer \u00e4r involverade i texten.<br \/>\n<strong>Ansvarig utgivare anser att l\u00e4rarna inte f\u00e5r pekas ut, vilket de indirekt blir eftersom staden \u00e4r liten<a href=\"http:\/\/www.dn.se\/nyheter\/sverige\/jag-vill-bryta-blockpolitiken-den-ar-fordummande\/\" target=\"_blank\" rel=\"noopener\">.<\/a>\u201d<\/strong><\/em><\/p>\n<p>Bloggaren hade INTE skrivit ut n\u00e5gra namn!<\/p>\n<p>(Arboga Tidning publicerade d\u00e4remot en kr\u00e4nkande ins\u00e4ndare med bloggarens fullst\u00e4ndiga namn angivet n\u00e5gra \u00e5r senare. D\u00e5 var det tydligen inga problem!<br \/>\nTidningen v\u00e4grade be om bloggaren om urs\u00e4kt och anm\u00e4ldes d\u00e4rf\u00f6r till Pressombudsmannen. Tidningen f\u00e4lldes av<strong> PO<\/strong>!<br \/>\nMen DET \u00e4r ju en helt annan historia &#8211; men bara s\u00e5 ni vet hur Arboga Tidning\/<a href=\"http:\/\/www.bblat.se\/\">Bbl\/AT <\/a>fungerar.)<\/p>\n<p><a href=\"http:\/\/www.magazin24.se\/\"><strong>Magazin24<\/strong><\/a> hade d\u00e4remot inga problem med att publicera bloggarens ins\u00e4ndare.<\/p>\n<p><a href=\"http:\/\/www.filindeblogg.nu\/?p=57932\"><strong>H\u00c4R<\/strong><\/a> kan ni l\u00e4sa ins\u00e4ndaren i bloggen fr\u00e5n juni 2014 &#8211; den sanna ber\u00e4ttelsen om hur en liten pojke behandlades i skolan.<br \/>\n<img loading=\"lazy\" class=\"alignnone  wp-image-71356\" src=\"http:\/\/www.filindeblogg.nu\/wp-content\/uploads\/2017\/10\/079-225x300.jpg\" alt=\"\" width=\"88\" height=\"117\" srcset=\"http:\/\/www.filindeblogg.nu\/wp-content\/uploads\/2017\/10\/079-225x300.jpg 225w, http:\/\/www.filindeblogg.nu\/wp-content\/uploads\/2017\/10\/079.jpg 450w\" sizes=\"(max-width: 88px) 100vw, 88px\" \/> Bilden h\u00e4r visar den lilla pojken vid <strong>G\u00f6teborgs universitet<\/strong> n\u00e5gra \u00e5r senare&#8230; Att han tog examen d\u00e4r har inget med hans grundskola att g\u00f6ra &#8211; tv\u00e4rtom. Skolan s\u00e4nkte honom men hans f\u00f6r\u00e4ldrar slutade aldrig k\u00e4mpa!<\/p>\n<p>Vad bloggaren f\u00f6rst\u00e5r p\u00e5g\u00e5r samma sorts s\u00e4nkningar och kr\u00e4nkningar fortfarande i skolan.<em> &#8221;Elever med s\u00e4rskilt behov av st\u00f6d&#8221;<\/em> &#8211; som det s\u00e5 tjusigt kallas (ord p\u00e5 ett papper utan praktisk betydelse i det verkliga skollivet!) &#8211; behandlas precis lika illa nu som f\u00f6r 20 \u00e5r sedan! <img loading=\"lazy\" class=\"alignnone wp-image-71344\" src=\"http:\/\/www.filindeblogg.nu\/wp-content\/uploads\/2017\/10\/SKANDAL-300x151.png\" alt=\"\" width=\"97\" height=\"49\" srcset=\"http:\/\/www.filindeblogg.nu\/wp-content\/uploads\/2017\/10\/SKANDAL-300x151.png 300w, http:\/\/www.filindeblogg.nu\/wp-content\/uploads\/2017\/10\/SKANDAL.png 656w\" sizes=\"(max-width: 97px) 100vw, 97px\" \/><\/p>\n<p><img loading=\"lazy\" class=\"alignnone  wp-image-71357\" src=\"http:\/\/www.filindeblogg.nu\/wp-content\/uploads\/2017\/10\/I-love-someone-with-adhd.jpg\" alt=\"\" width=\"152\" height=\"143\" \/> = SANT!<\/p>\n<p><img loading=\"lazy\" class=\"size-medium wp-image-71358 aligncenter\" src=\"http:\/\/www.filindeblogg.nu\/wp-content\/uploads\/2017\/10\/ADHD-m\u00e4rker-ALLT-300x199.jpg\" alt=\"\" width=\"300\" height=\"199\" srcset=\"http:\/\/www.filindeblogg.nu\/wp-content\/uploads\/2017\/10\/ADHD-m\u00e4rker-ALLT-300x199.jpg 300w, http:\/\/www.filindeblogg.nu\/wp-content\/uploads\/2017\/10\/ADHD-m\u00e4rker-ALLT.jpg 625w\" sizes=\"(max-width: 300px) 100vw, 300px\" \/><\/p>\n<p>&nbsp;<\/p>\n<p>Ingen skulle komma p\u00e5 id\u00e9n att tvinga en blind att l\u00e4sa! Eller en rullstolsbunden att bergskl\u00e4ttra! <img loading=\"lazy\" class=\"alignnone size-medium wp-image-71359\" src=\"http:\/\/www.filindeblogg.nu\/wp-content\/uploads\/2017\/10\/Bild-p\u00e5-det-om\u00f6jliga-300x192.jpg\" alt=\"\" width=\"300\" height=\"192\" srcset=\"http:\/\/www.filindeblogg.nu\/wp-content\/uploads\/2017\/10\/Bild-p\u00e5-det-om\u00f6jliga-300x192.jpg 300w, http:\/\/www.filindeblogg.nu\/wp-content\/uploads\/2017\/10\/Bild-p\u00e5-det-om\u00f6jliga.jpg 510w\" sizes=\"(max-width: 300px) 100vw, 300px\" \/><br \/>\n<em>&#8221;- Men kom igen nu!&#8221;<\/em> Dom orden har barn och ungdomar med ADHD h\u00f6rt hur m\u00e5nga g\u00e5nger som helst! <em>&#8221;- Sluta kr\u00e5ngla d\u00e5! S\u00e4tt ig\u00e5ng nu!&#8221;<\/em> Och m\u00e5nga fler och mindre trevliga versioner av okunnigt tjat&#8230;<\/p>\n<p><img loading=\"lazy\" class=\"alignnone size-medium wp-image-71360\" src=\"http:\/\/www.filindeblogg.nu\/wp-content\/uploads\/2017\/10\/ADHD-hyper-man-300x168.jpg\" alt=\"\" width=\"300\" height=\"168\" \/> Med r\u00e4tt st\u00f6d kan du g\u00e5 hur l\u00e5ngt som helst! <img loading=\"lazy\" class=\"alignnone size-medium wp-image-71361\" src=\"http:\/\/www.filindeblogg.nu\/wp-content\/uploads\/2017\/10\/Einstein-300x225.jpg\" alt=\"\" width=\"300\" height=\"225\" srcset=\"http:\/\/www.filindeblogg.nu\/wp-content\/uploads\/2017\/10\/Einstein-300x225.jpg 300w, http:\/\/www.filindeblogg.nu\/wp-content\/uploads\/2017\/10\/Einstein.jpg 400w\" sizes=\"(max-width: 300px) 100vw, 300px\" \/> (<strong>Albert Einstein<\/strong> hade Aspergers syndrom)<br \/>\nUtan st\u00f6d i en inkompetent omv\u00e4rld kan framtiden bli en inpassering till <strong>Kumlabunkern<\/strong>&#8230; <img loading=\"lazy\" class=\"alignnone size-medium wp-image-71362\" src=\"http:\/\/www.filindeblogg.nu\/wp-content\/uploads\/2017\/10\/Handbojor-300x210.jpg\" alt=\"\" width=\"300\" height=\"210\" srcset=\"http:\/\/www.filindeblogg.nu\/wp-content\/uploads\/2017\/10\/Handbojor-300x210.jpg 300w, http:\/\/www.filindeblogg.nu\/wp-content\/uploads\/2017\/10\/Handbojor.jpg 600w\" sizes=\"(max-width: 300px) 100vw, 300px\" \/><\/p>\n<p><strong>L\u00c4S P\u00c5<\/strong> om ADHD och Aspergers syndrom! <a href=\"http:\/\/attention.se\/\"><strong>Attention<\/strong><\/a> \u00e4r en sida &#8211; men det finns m\u00e5nga fler! <strong>Autism &amp; Aspergerf\u00f6rbundet<\/strong> hittar du <a href=\"http:\/\/www.autism.se\/\"><strong>H\u00c4R!<\/strong> <\/a><strong>Ung och asperger<\/strong> &#8211; den sidan hittar du <a href=\"http:\/\/www.ungochasperger.se\/\"><strong>H\u00c4R!\u00a0<\/strong><\/a><br \/>\nArtikeln ur <strong>DN<\/strong> som bloggaren b\u00f6rjar med hittar du <a href=\"https:\/\/www.dn.se\/ekonomi\/jobb-karriar\/alla-larare-borde-utbildas-om-adhd-och-autism\/\"><strong>H\u00c4R!<\/strong><\/a><\/p>\n<p><strong>Skaffa kunskap om m\u00e4nniskor som \u00e4r precis som du men som ocks\u00e5 har en del andra egenskaper.<br \/>\nEgenskaper som kan vara till stor f\u00f6rdel och nytta om man ser m\u00f6jligheterna, inte bara problemen!<\/strong><\/p>\n<p><img loading=\"lazy\" class=\"aligncenter size-full wp-image-71363\" src=\"http:\/\/www.filindeblogg.nu\/wp-content\/uploads\/2017\/10\/I-love-someone-with-aspergers-syndrom.jpg\" alt=\"\" width=\"178\" height=\"178\" srcset=\"http:\/\/www.filindeblogg.nu\/wp-content\/uploads\/2017\/10\/I-love-someone-with-aspergers-syndrom.jpg 178w, http:\/\/www.filindeblogg.nu\/wp-content\/uploads\/2017\/10\/I-love-someone-with-aspergers-syndrom-150x150.jpg 150w, http:\/\/www.filindeblogg.nu\/wp-content\/uploads\/2017\/10\/I-love-someone-with-aspergers-syndrom-144x144.jpg 144w\" sizes=\"(max-width: 178px) 100vw, 178px\" \/><\/p>\n<p><img loading=\"lazy\" class=\"alignnone  wp-image-71293\" src=\"http:\/\/www.filindeblogg.nu\/wp-content\/uploads\/2017\/10\/Gr\u00e5t-Susanne-1-225x300.jpg\" alt=\"\" width=\"71\" height=\"95\" srcset=\"http:\/\/www.filindeblogg.nu\/wp-content\/uploads\/2017\/10\/Gr\u00e5t-Susanne-1-225x300.jpg 225w, http:\/\/www.filindeblogg.nu\/wp-content\/uploads\/2017\/10\/Gr\u00e5t-Susanne-1-768x1024.jpg 768w\" sizes=\"(max-width: 71px) 100vw, 71px\" \/>\u00a0En kommentar s\u00e5 till den f\u00f6rra bloggen om sorg och bedr\u00f6velser &#8211; nattsvart m\u00f6rker och t\u00e5rar.\u00a0<img loading=\"lazy\" class=\"alignnone  wp-image-71366\" src=\"http:\/\/www.filindeblogg.nu\/wp-content\/uploads\/2017\/10\/Krossat-hj\u00e4rta.jpg\" alt=\"\" width=\"170\" height=\"180\" \/> N\u00e4r bloggaren blev sviken och l\u00e4mnad av den man hon \u00e4lskat i s\u00e5 m\u00e5nga \u00e5r rycktes mattan undan henne f\u00f6tter.\u00a0<img loading=\"lazy\" class=\"alignnone  wp-image-71365\" src=\"http:\/\/www.filindeblogg.nu\/wp-content\/uploads\/2017\/10\/Gr\u00e5tande-kvinna-1-300x228.jpg\" alt=\"\" width=\"234\" height=\"178\" srcset=\"http:\/\/www.filindeblogg.nu\/wp-content\/uploads\/2017\/10\/Gr\u00e5tande-kvinna-1-300x228.jpg 300w, http:\/\/www.filindeblogg.nu\/wp-content\/uploads\/2017\/10\/Gr\u00e5tande-kvinna-1-768x584.jpg 768w, http:\/\/www.filindeblogg.nu\/wp-content\/uploads\/2017\/10\/Gr\u00e5tande-kvinna-1.jpg 1024w\" sizes=\"(max-width: 234px) 100vw, 234px\" \/> T\u00e5rarna ville aldrig sluta rinna.<\/p>\n<p><img loading=\"lazy\" class=\"wp-image-71364 aligncenter\" src=\"http:\/\/www.filindeblogg.nu\/wp-content\/uploads\/2017\/10\/Gr\u00e5ta-en-flod-300x250.png\" alt=\"\" width=\"170\" height=\"142\" \/><\/p>\n<p>Men tiden gick och hon kom \u00f6ver det. <img loading=\"lazy\" class=\"alignnone  wp-image-71367\" src=\"http:\/\/www.filindeblogg.nu\/wp-content\/uploads\/2017\/10\/Ny-k\u00e4rlek.jpg\" alt=\"\" width=\"156\" height=\"104\" \/> Fann annan v\u00e4rme och k\u00e4rlek!<br \/>\nMEN hon lovade sig sj\u00e4lv en sak:\u00a0 <strong>ALDRIG MERA GR\u00c5TA \u00d6VER EN MAN!!<\/strong><br \/>\nOch det l\u00f6ftet har hon h\u00e5llit.<img loading=\"lazy\" class=\"alignnone  wp-image-71381\" src=\"http:\/\/www.filindeblogg.nu\/wp-content\/uploads\/2017\/10\/Seger-243x300.jpg\" alt=\"\" width=\"104\" height=\"129\" srcset=\"http:\/\/www.filindeblogg.nu\/wp-content\/uploads\/2017\/10\/Seger-243x300.jpg 243w, http:\/\/www.filindeblogg.nu\/wp-content\/uploads\/2017\/10\/Seger.jpg 285w\" sizes=\"(max-width: 104px) 100vw, 104px\" \/><\/p>\n<p>S\u00e5dana l\u00f6ften g\u00e4ller dock inte barn. Vid sorger och tragedier d\u00e4r ens barn \u00e4r inblandade d\u00e5 tar aldrig t\u00e5rarna n\u00e5gonsin riktigt slut&#8230; <img loading=\"lazy\" class=\"alignnone size-full wp-image-71382\" src=\"http:\/\/www.filindeblogg.nu\/wp-content\/uploads\/2017\/10\/T\u00e5rar.jpg\" alt=\"\" width=\"108\" height=\"152\" \/><\/p>\n<p><img loading=\"lazy\" class=\"alignnone  wp-image-71369\" src=\"http:\/\/www.filindeblogg.nu\/wp-content\/uploads\/2017\/10\/Cool-kvinna-300x300.jpg\" alt=\"\" width=\"159\" height=\"159\" srcset=\"http:\/\/www.filindeblogg.nu\/wp-content\/uploads\/2017\/10\/Cool-kvinna-300x300.jpg 300w, http:\/\/www.filindeblogg.nu\/wp-content\/uploads\/2017\/10\/Cool-kvinna-150x150.jpg 150w, http:\/\/www.filindeblogg.nu\/wp-content\/uploads\/2017\/10\/Cool-kvinna-144x144.jpg 144w, http:\/\/www.filindeblogg.nu\/wp-content\/uploads\/2017\/10\/Cool-kvinna.jpg 320w\" sizes=\"(max-width: 159px) 100vw, 159px\" \/> Men t\u00e5rar f\u00f6r en man &#8211; no way! <img loading=\"lazy\" class=\"alignnone size-medium wp-image-71370\" src=\"http:\/\/www.filindeblogg.nu\/wp-content\/uploads\/2017\/10\/Tuff-brud-300x141.jpg\" alt=\"\" width=\"300\" height=\"141\" srcset=\"http:\/\/www.filindeblogg.nu\/wp-content\/uploads\/2017\/10\/Tuff-brud-300x141.jpg 300w, http:\/\/www.filindeblogg.nu\/wp-content\/uploads\/2017\/10\/Tuff-brud.jpg 468w\" sizes=\"(max-width: 300px) 100vw, 300px\" \/><\/p>\n<p><img loading=\"lazy\" class=\"aligncenter size-medium wp-image-71371\" src=\"http:\/\/www.filindeblogg.nu\/wp-content\/uploads\/2017\/10\/Gr\u00e5t-inte-273x300.jpg\" alt=\"\" width=\"273\" height=\"300\" srcset=\"http:\/\/www.filindeblogg.nu\/wp-content\/uploads\/2017\/10\/Gr\u00e5t-inte-273x300.jpg 273w, http:\/\/www.filindeblogg.nu\/wp-content\/uploads\/2017\/10\/Gr\u00e5t-inte.jpg 500w\" sizes=\"(max-width: 273px) 100vw, 273px\" \/><\/p>\n<p><img loading=\"lazy\" class=\"alignnone  wp-image-71364\" src=\"http:\/\/www.filindeblogg.nu\/wp-content\/uploads\/2017\/10\/Gr\u00e5ta-en-flod-300x250.png\" alt=\"\" width=\"116\" height=\"97\" \/> <a href=\"https:\/\/www.youtube.com\/watch?v=ggmwTTWwUaA\"><strong>H\u00c4R<\/strong><\/a> kan du lyssna p\u00e5 <strong>CRY ME A RIVER<\/strong> &#8211; <strong>Joe Cockers<\/strong> legendariska version!<\/p>\n<p><img loading=\"lazy\" class=\"aligncenter  wp-image-71386\" src=\"http:\/\/www.filindeblogg.nu\/wp-content\/uploads\/2017\/10\/Yes-300x189.jpg\" alt=\"\" width=\"217\" height=\"137\" srcset=\"http:\/\/www.filindeblogg.nu\/wp-content\/uploads\/2017\/10\/Yes-300x189.jpg 300w, http:\/\/www.filindeblogg.nu\/wp-content\/uploads\/2017\/10\/Yes-768x483.jpg 768w, http:\/\/www.filindeblogg.nu\/wp-content\/uploads\/2017\/10\/Yes.jpg 1000w\" sizes=\"(max-width: 217px) 100vw, 217px\" \/><\/p>\n<p style=\"text-align: center;\"><em>Come on, love<\/em><br \/>\n<em>(Cry me a river)<\/em><br \/>\n<em>Want you to cry<\/em><br \/>\n<em>(Cry me a river)<\/em><br \/>\n<em>Cry for me<\/em><br \/>\n<em>(Cry me a river)<br \/>\n<img loading=\"lazy\" class=\"aligncenter size-full wp-image-71341\" src=\"http:\/\/www.filindeblogg.nu\/wp-content\/uploads\/2017\/10\/Cry-me-a-river.jpg\" alt=\"\" width=\"269\" height=\"188\" \/><\/em><\/p>\n","protected":false},"excerpt":{"rendered":"<p>&#8211; handlar bloggen om idag. Och andra egenskaper inom autismspektret som inte tas p\u00e5 allvar&#8230; En artikel i DN i s\u00f6ndags fick bloggaren att bli s\u00e5 h\u00e4r: Anledningen? Jo, den h\u00e4r rubriken p\u00e5 artikeln: \u201dAlla l\u00e4rare borde utbildas om adhd och autism\u201d VA!!?? Vad \u00e4r det f\u00f6r sjuk rubrik?? \u00c4r det m\u00f6jligen s\u00e5 att INGENTING [&hellip;]<\/p>\n","protected":false},"author":1,"featured_media":0,"comment_status":"open","ping_status":"open","sticky":false,"template":"","format":"standard","meta":[],"categories":[1,127,107,100,110,150],"tags":[],"_links":{"self":[{"href":"http:\/\/www.filindeblogg.nu\/index.php?rest_route=\/wp\/v2\/posts\/71340"}],"collection":[{"href":"http:\/\/www.filindeblogg.nu\/index.php?rest_route=\/wp\/v2\/posts"}],"about":[{"href":"http:\/\/www.filindeblogg.nu\/index.php?rest_route=\/wp\/v2\/types\/post"}],"author":[{"embeddable":true,"href":"http:\/\/www.filindeblogg.nu\/index.php?rest_route=\/wp\/v2\/users\/1"}],"replies":[{"embeddable":true,"href":"http:\/\/www.filindeblogg.nu\/index.php?rest_route=%2Fwp%2Fv2%2Fcomments&post=71340"}],"version-history":[{"count":22,"href":"http:\/\/www.filindeblogg.nu\/index.php?rest_route=\/wp\/v2\/posts\/71340\/revisions"}],"predecessor-version":[{"id":71394,"href":"http:\/\/www.filindeblogg.nu\/index.php?rest_route=\/wp\/v2\/posts\/71340\/revisions\/71394"}],"wp:attachment":[{"href":"http:\/\/www.filindeblogg.nu\/index.php?rest_route=%2Fwp%2Fv2%2Fmedia&parent=71340"}],"wp:term":[{"taxonomy":"category","embeddable":true,"href":"http:\/\/www.filindeblogg.nu\/index.php?rest_route=%2Fwp%2Fv2%2Fcategories&post=71340"},{"taxonomy":"post_tag","embeddable":true,"href":"http:\/\/www.filindeblogg.nu\/index.php?rest_route=%2Fwp%2Fv2%2Ftags&post=71340"}],"curies":[{"name":"wp","href":"https:\/\/api.w.org\/{rel}","templated":true}]}}