{"id":7112,"date":"2009-08-17T07:01:46","date_gmt":"2009-08-17T06:01:46","guid":{"rendered":"http:\/\/www.filindeblogg.nu\/?p=7112"},"modified":"2009-08-17T07:03:39","modified_gmt":"2009-08-17T06:03:39","slug":"hur-man-forstor-en-skolgrupp","status":"publish","type":"post","link":"http:\/\/www.filindeblogg.nu\/?p=7112","title":{"rendered":"Hur man f\u00f6rst\u00f6r en skolgrupp"},"content":{"rendered":"<p><img loading=\"lazy\" class=\"aligncenter size-full wp-image-7224\" title=\"Explosion\" src=\"http:\/\/www.filindeblogg.nu\/wp-content\/uploads\/2009\/08\/Explosion.jpeg\" alt=\"Explosion\" width=\"120\" height=\"131\" \/><\/p>\n<p>F\u00f6r m\u00e5nga \u00e5r sen, kanske 10-15, fanns det precis som idag en massa skolbarn i <strong>Arboga<\/strong> som m\u00e5dde d\u00e5ligt<a href=\"http:\/\/www.dn.se\/sthlm\/elevernas-fria-val-skapar-stress-och-oro-i-skolorna-1.932046\">. <\/a>Dom m\u00e5dde d\u00e5ligt utan anledning. Det var n\u00e4mligen egentligen inget fel p\u00e5 de h\u00e4r barnen &#8211; de var bara lite annorlunda p\u00e5 olika s\u00e4tt. Om man nu med &#8221;annorlunda&#8221; menar lite mer stillsamma \u00e4n andra barn, lite mer i behov av lugn och ro eller kanske barn med problem att l\u00e4sa och skriva<a href=\"http:\/\/www.svd.se\/nyheter\/inrikes\/artikel_3363749.svd\">.<\/a><br \/>\nDet fanns ocks\u00e5 barn som blev stressade av f\u00f6r stora skolklasser och stressen gjorde att barnen blev ledsna och arga. En del gick bara hem f\u00f6r dom inte orkade vara kvar i den j\u00e4ttestora klassen bland alla stimmiga barn. Sen fanns det s k invandrade barn &#8211; barn som inte f\u00f6rstod texten i skolb\u00f6ckerna eller begrep vad l\u00e4raren sa. Dom kallades ocks\u00e5 &#8221;annorlunda&#8221;<a href=\"http:\/\/www.aftonbladet.se\/wendela\/jobbet\/article5652600.ab\">.<\/a><\/p>\n<p>Dom annorlunda barnen var ett stort problem f\u00f6r skolan i Arboga<a href=\"http:\/\/www.kvp.se\/KVP.se\/1.1673799\/13-arig-flicka-ihjalslagen-av-sin-pappa\">. <\/a>Dom var ju s\u00e5 besv\u00e4rliga och jobbiga! Helst skulle man bara vilja deportera dom n\u00e5gonstans, skicka iv\u00e4g dom l\u00e5ngt bort, gl\u00f6mma dom. Och det gjorde man faktiskt ocks\u00e5 d\u00e5 och d\u00e5 &#8211; gl\u00f6mde bort dom!<br \/>\nEn del barn hade d\u00e4rf\u00f6r ingen skola att g\u00e5 till n\u00e4r h\u00f6stterminen startade. Dom &#8221;gl\u00f6mdes bort&#8221; f\u00f6r dom var s\u00e5 besv\u00e4rliga och jobbiga. D\u00e5 fick <strong>Skolverket<\/strong> rycka in och ber\u00e4tta f\u00f6r <strong>Arboga kommun<\/strong> att det finns en lag som s\u00e4ger att alla barn ska f\u00e5 g\u00e5 i skolan.<\/p>\n<p>N\u00e4r Skolverket hade sagt sitt snurrade Arboga kommun snabbt ihop en ny liten skolgrupp f\u00f6r de besv\u00e4rliga, jobbiga barnen som hade gl\u00f6mts bort.<br \/>\nDen lilla skolgruppen kunde vara v\u00e4ldigt liten &#8211; faktiskt bara best\u00e5 av ett enda barn ibland &#8211; den besv\u00e4rliga, jobbiga ungen<a href=\"http:\/\/sydsvenskan.se\/malmo\/article537993\/14-aring-ranad-vid-Kronprinsen.html\">. <\/a>Men skolgruppen kunde ocks\u00e5 utg\u00f6ras av m\u00e5nga besv\u00e4rliga och jobbiga ungar &#8211; besv\u00e4rliga och jobbiga p\u00e5 olika vis<a href=\"http:\/\/hd.se\/landskrona\/2009\/08\/17\/faa-elever-vaeljer-humanus\/\">.<\/a> D\u00e5 kan man s\u00e4ga att det blev \u00e4nnu mer besv\u00e4rligt och jobbigt f\u00f6r alla de besv\u00e4rliga och jobbiga barnen i skolgruppen!<\/p>\n<p>F\u00f6r n\u00e4r man s\u00e4tter ihop en liten skolgrupp av olika sorters besv\u00e4rliga och jobbiga barn s\u00e5 blandar man ihop de barn som vill har lugn och ro, de barn som beh\u00f6ver aktiveras, de barn som beh\u00f6ver extra st\u00f6d, de barn som har sv\u00e5rt att l\u00e4sa och skriva och de barn som inte kan spr\u00e5ket.<\/p>\n<p>Vad h\u00e4nder d\u00e5?<strong> En s\u00e5dan skolgrupp med bara besv\u00e4rliga, jobbiga elever vill ingen l\u00e4rare ta hand om.<\/strong> Det g\u00e5r liksom deras \u00e4ra f\u00f6r n\u00e4r. Att l\u00e4rarna dessutom inte har en susning om vilken hj\u00e4lp och vilket st\u00f6d alla dessa olika besv\u00e4rliga, jobbiga barn ska ha &#8211; talas det tyst om. L\u00e4rarh\u00f6gskolan gl\u00f6mde n\u00e4mligen ocks\u00e5 bort dessa besv\u00e4rliga, jobbiga barn&#8230;<\/p>\n<p>S\u00e5 vad h\u00e4nder?? Jo, kommunen syr\u00a0 ihop en &#8221;l\u00e4rargrupp&#8221; av personer som inte \u00e4r l\u00e4rare &#8211; d v s folk som saknar l\u00e4rarutbildning. Det kan vara personal som beh\u00f6ver omplaceras, barnsk\u00f6tare vars vikariat just g\u00e5tt ut, dagisfr\u00f6knar som visserligen inte har n\u00e5gon utbildning men som tagit hand om ungar hela sitt arbetsliv och anst\u00e4llda som inte riktigt vet var man ska g\u00f6ra av. Ja, f\u00f6r att vara lite bussiga och samh\u00e4llstillv\u00e4nda offrar sig ocks\u00e5 kommunen ibland och tar in en tr\u00f6tt, arbetsl\u00f6s ton\u00e5ring via Arbetsf\u00f6rmedlingen. Toppenhj\u00e4lp f\u00f6r en grupp elever med behov av s\u00e4rskilt st\u00f6d!<\/p>\n<p><strong>Kommunen sl\u00e5r flera flugor i en sm\u00e4ll!<\/strong> Man blir av med personalen som \u00e4r sv\u00e5rplacerad och man blir av med de besv\u00e4rliga, jobbiga barnen!! Plus g\u00f6r en samh\u00e4llsinsats!<br \/>\nAtt det sen blir v\u00e4ldigt, v\u00e4ldigt besv\u00e4rligt f\u00f6r b\u00e5de den outbildade, vilsna personalen som ska &#8221;leka l\u00e4rare&#8221; och de bev\u00e4rliga, jobbiga eleverna de ska f\u00f6rs\u00f6ka ta hand om &#8211; det \u00e4r en helt annan sak! S\u00e5 l\u00e5ngt t\u00e4nker inte kommunen! Och bryr sig inte heller.<\/p>\n<p>Under alla \u00e5r &#8211; ja i \u00e5tminstone 10-15 \u00e5r &#8211; har det uppst\u00e5tt och lagts ner otaliga sm\u00e5 skolgrupper! Grupperna skapas tillf\u00e4lligt n\u00e4r h\u00f6stterminen b\u00f6rjar f\u00f6r att l\u00e4ggas ner till jul. Uppst\u00e5r igen v\u00e5rterminen f\u00f6r att sen l\u00e4ggas ner till sommarlovet. S\u00e5 l\u00f6ser man n\u00e4mligen problem med &#8221;annorlunda skolelever&#8221;.<\/p>\n<p>Alla kan ju f\u00f6rst\u00e5 vilken sorts skolundervisning det blir av s\u00e5dana tillf\u00e4lliga, bristf\u00e4lliga konstruktioner. <strong>MEN &#8211; det finns ett undantag! <\/strong>Eller r\u00e4ttare sagt &#8211; det FANNS ett undantag! <strong>Sturegruppen!!<\/strong><\/p>\n<p><img loading=\"lazy\" class=\"aligncenter size-full wp-image-7225\" title=\"Skolk\" src=\"http:\/\/www.filindeblogg.nu\/wp-content\/uploads\/2009\/08\/Skolk.jpeg\" alt=\"Skolk\" width=\"124\" height=\"82\" \/><\/p>\n<p><strong>Sturegruppen<\/strong> b\u00f6rjade med\u00a0 en bonde och en f d hemmafru som hade anst\u00e4llning inom kommunen. S\u00e5 sv\u00e4mmande pl\u00f6tsligt skolan \u00f6ver igen av &#8221;annorlunda barn&#8221; och en skolgrupp skulle \u00e5ter s\u00e4ttas ihop. Det blev bonden och hemmafrun som grundade den gruppen &#8211;\u00a0 Sturegruppen.<br \/>\nEfter en tid tillkom en barnsk\u00f6tare och en musiker &#8211; och Sturegruppen var komplett.<strong> Bonden, hemmafrun, barnsk\u00f6taren och musikern blev den spetsresurs som skulle ta hand om de absolut sv\u00e5raste skoleleverna &#8211; de med sociala problem, dyslexi, ADHD och invandrarbarnen.<\/strong><br \/>\nDe elever som ingen annan personal med l\u00e4rarutbildning ville befatta sig med. De elever som farit illa under l\u00e5ng tid p.g.a. bristande f\u00f6rst\u00e5else och underm\u00e5lig skolg\u00e5ng. Dessa besv\u00e4rliga, jobbiga ungar blev bondens, hemmafruns, barnsk\u00f6tarens och musikerns uppgift.<\/p>\n<p>Hade &#8221;Spetsresursen&#8221; l\u00f6n f\u00f6r jobbet de utf\u00f6rde? Knappast! Det blev allts\u00e5 den personal med l\u00e4gst utbildning och s\u00e4mst l\u00f6n som fick ta hand om de allra sv\u00e5raste eleverna.<\/p>\n<p><strong>D\u00f6mt att misslyckas, t\u00e4nker ni<\/strong>. Icke! Bonden, hemmafrun, barnsk\u00f6taren och musikern visade sig n\u00e4mligen bli en helt perfekt kombination! En idealisk konstellation av \u00e5lder, erfarenhet och k\u00f6n. Tv\u00e5 m\u00e4n och tv\u00e5 kvinnor med helt olika bakgrund blev Sturegruppen. De lyckades d\u00e4r l\u00e4rare, assistenter och \u00f6vrig personal misslyckats.<\/p>\n<p><strong>MEN som ni f\u00f6rst\u00e5r intresserade sig inte kommunen s\u00e4rskilt mycket f\u00f6r\u00a0 Sturegruppen och personalen d\u00e4r.<\/strong> Brydde sig inte om ifall gruppen visade goda resultat eller inte. Kommungubbarna var enbart n\u00f6jda \u00f6ver att ha ett st\u00e4lle att skyffla \u00f6ver de besv\u00e4rliga, jobbiga skoleleverna p\u00e5.<br \/>\nAllt detta f\u00f6rstod man n\u00e4r man h\u00f6rde om l\u00f6nen och anst\u00e4llningsvilkoren som personalen p\u00e5 Sturegruppen hade.<br \/>\nDet f\u00f6rstod man ocks\u00e5 n\u00e4r man s\u00e5g de spartanska f\u00f6rh\u00e5llanden som r\u00e5dde i lokalen.<br \/>\nLikas\u00e5 f\u00f6rstod man synen p\u00e5 skolgruppen n\u00e4r det n\u00e4stintill varje m\u00e5ndag stod en ny besv\u00e4rlig, jobbig unge utanf\u00f6r d\u00f6rren. N\u00e5gon gr\u00e4ns f\u00f6r hur m\u00e5nga besv\u00e4rliga, jobbiga ungar som skulle finnas p\u00e5 Sturegruppen existerade inte. Jo, hos bonden, hemmafrun. barnsk\u00f6tare och musikern f\u00f6rst\u00e5s. De hade planer, riktlinjer och id\u00e9er f\u00f6r sin verksamhet &#8211; som varje g\u00e5ng det d\u00f6k upp ett nytt besv\u00e4rligt, jobbigt barn fick \u00e4ndras om.<\/p>\n<p><strong>Det som till slut f\u00e5r var och en att f\u00f6rst\u00e5 hur oerh\u00f6rt lite Sturegruppen egentligen betydde f\u00f6r Arboga kommun kom h\u00f6sten 2008.<\/strong> Den f d hemmafrun skulle g\u00e5 i pension, barnsk\u00f6taren gick p\u00e5 barnledighet men bonden och musikern var inget att satsa p\u00e5, tyckte kommunen.<br \/>\n<strong>Dom la ner Sturegruppen!<\/strong> Eller r\u00e4ttare sagt &#8211; dom gjorde det p\u00e5 ett mer sofistikerat s\u00e4tt&#8230; Tog ifr\u00e5n bonden och musikern deras m\u00f6jligheter att p\u00e5verka, k\u00f6rde \u00f6ver dom m.a.o. Anst\u00e4llde ny personal, bytte lokal, sl\u00e4ngde bort allt som p\u00e5minde om den forna verksamheten och str\u00f6k namnet Sturegruppen.<br \/>\n<strong>S\u00e5 betydelsel\u00f6s var, enligt kommunen, den skolgrupp som b\u00e4st och mot alla odds hade lyckats ta hand om de besv\u00e4rliga, jobbiga eleverna &#8211; att inte ens namnet fick vara kvar! <\/strong>Allt skulle suddas ut, raderas bort &#8211; allt som p\u00e5minde om gruppen. Bonden blev heligt f\u00f6rbannad &#8211; och sa upp sig. Man kan inte sl\u00e5ss mot v\u00e4derkvarnar och det hade han gjort tillr\u00e4ckligt l\u00e4nge. Musikern som m\u00e5ste f\u00f6rs\u00f6rja sig p\u00e5 annat \u00e4n bara musik fick bita i det sura \u00e4pplet &#8211; och \u00e4pplet var surt, v\u00e4ldigt surt och \u00e4r s\u00e5 fortfarande!<\/p>\n<p><strong>Nu b\u00f6rjar skolorna igen.<\/strong> P\u00e5 nytt kommer ett stort antal barn att sl\u00e5s ut i Arboga. De &#8221;annorlunda barnen&#8221; som kommunen anser vara s\u00e5 besv\u00e4rliga och jobbiga kommer \u00e5ter att kastas \u00e4n hit, \u00e4n dit.<br \/>\n<strong>Numera finns inte den skolgrupp kvar\u00a0 som b\u00e4st tog hand om de elever som hade det sv\u00e5rast &#8211; Sturegruppen. Sturegruppen var alltf\u00f6r betydelsel\u00f6s och oviktig f\u00f6r Arboga kommun&#8230;<\/strong><\/p>\n<p>(Ska jag vara lite &#8221;sn\u00e4ll&#8221; mot Arboga kommun s\u00e5 kan jag ber\u00e4tta att dom inte \u00e4r ensamma. Massor av kommuner i v\u00e5rt v\u00e4lf\u00e4rdsland <strong>Sverige<\/strong> g\u00f6r precis p\u00e5 samma s\u00e4tt som Arboga. Skandal \u00e4r ett milt uttryck!)<strong><br \/>\n<\/strong><\/p>\n<p style=\"text-align: center;\"><img loading=\"lazy\" class=\"size-thumbnail wp-image-7219 aligncenter\" title=\"Copy of Sturegruppen 15 okt 2008_resize\" src=\"http:\/\/www.filindeblogg.nu\/wp-content\/uploads\/2009\/08\/Copy-of-Sturegruppen-15-okt-2008_resize-150x150.jpg\" alt=\"Copy of Sturegruppen 15 okt 2008_resize\" width=\"150\" height=\"150\" \/><\/p>\n<p style=\"text-align: center;\">Personerna p\u00e5 bilden har inget med ovanst\u00e5ende text att g\u00f6ra.<br \/>\nBloggen best\u00e5r av mina egna \u00e5sikter.<\/p>\n","protected":false},"excerpt":{"rendered":"<p>F\u00f6r m\u00e5nga \u00e5r sen, kanske 10-15, fanns det precis som idag en massa skolbarn i Arboga som m\u00e5dde d\u00e5ligt. Dom m\u00e5dde d\u00e5ligt utan anledning. Det var n\u00e4mligen egentligen inget fel p\u00e5 de h\u00e4r barnen &#8211; de var bara lite annorlunda p\u00e5 olika s\u00e4tt. Om man nu med &#8221;annorlunda&#8221; menar lite mer stillsamma \u00e4n andra barn, [&hellip;]<\/p>\n","protected":false},"author":1,"featured_media":0,"comment_status":"open","ping_status":"open","sticky":false,"template":"","format":"standard","meta":[],"categories":[1,107,100,110,101],"tags":[],"_links":{"self":[{"href":"http:\/\/www.filindeblogg.nu\/index.php?rest_route=\/wp\/v2\/posts\/7112"}],"collection":[{"href":"http:\/\/www.filindeblogg.nu\/index.php?rest_route=\/wp\/v2\/posts"}],"about":[{"href":"http:\/\/www.filindeblogg.nu\/index.php?rest_route=\/wp\/v2\/types\/post"}],"author":[{"embeddable":true,"href":"http:\/\/www.filindeblogg.nu\/index.php?rest_route=\/wp\/v2\/users\/1"}],"replies":[{"embeddable":true,"href":"http:\/\/www.filindeblogg.nu\/index.php?rest_route=%2Fwp%2Fv2%2Fcomments&post=7112"}],"version-history":[{"count":29,"href":"http:\/\/www.filindeblogg.nu\/index.php?rest_route=\/wp\/v2\/posts\/7112\/revisions"}],"predecessor-version":[{"id":7287,"href":"http:\/\/www.filindeblogg.nu\/index.php?rest_route=\/wp\/v2\/posts\/7112\/revisions\/7287"}],"wp:attachment":[{"href":"http:\/\/www.filindeblogg.nu\/index.php?rest_route=%2Fwp%2Fv2%2Fmedia&parent=7112"}],"wp:term":[{"taxonomy":"category","embeddable":true,"href":"http:\/\/www.filindeblogg.nu\/index.php?rest_route=%2Fwp%2Fv2%2Fcategories&post=7112"},{"taxonomy":"post_tag","embeddable":true,"href":"http:\/\/www.filindeblogg.nu\/index.php?rest_route=%2Fwp%2Fv2%2Ftags&post=7112"}],"curies":[{"name":"wp","href":"https:\/\/api.w.org\/{rel}","templated":true}]}}