{"id":70653,"date":"2017-09-08T14:01:32","date_gmt":"2017-09-08T13:01:32","guid":{"rendered":"http:\/\/www.filindeblogg.nu\/?p=70653"},"modified":"2017-09-08T14:01:32","modified_gmt":"2017-09-08T13:01:32","slug":"man-har-inte-roligare-an-man-gor-sig","status":"publish","type":"post","link":"http:\/\/www.filindeblogg.nu\/?p=70653","title":{"rendered":"&#8221;Man har inte roligare \u00e4n man g\u00f6r sig&#8230;&#8221;"},"content":{"rendered":"<p><img loading=\"lazy\" class=\"alignnone  wp-image-70654\" src=\"http:\/\/www.filindeblogg.nu\/wp-content\/uploads\/2017\/09\/H\u00e5nfull.jpg\" alt=\"\" width=\"139\" height=\"104\" \/> <em><strong>&#8221;Man har inte roligare \u00e4n man g\u00f6r sig&#8221;<br \/>\n&#8211;<\/strong><\/em> \u00e4r ett uttryck som r\u00e4tt ofta s\u00e4gs lite neds\u00e4ttande. Och d\u00e5 n\u00e4r man pratar OM n\u00e5gon&#8230; D v s &#8211; gn\u00e4ller \u00f6ver n\u00e5gon som kanske klagar \u00f6ver sitt liv och hur den har det.<\/p>\n<p><img loading=\"lazy\" class=\"alignnone  wp-image-70656\" src=\"http:\/\/www.filindeblogg.nu\/wp-content\/uploads\/2017\/09\/Glad.png\" alt=\"\" width=\"78\" height=\"80\" \/>\u00a0Bloggaren t\u00e4nker ist\u00e4llet positivt vad g\u00e4ller uttrycket! Man kan ha v\u00e4ldigt mycket roligt genom att fixa till en hel del sj\u00e4lv &#8211; g\u00f6ra sig roligt &#8211; och det ganska enkelt!<br \/>\nHar man en s\u00e5dan inst\u00e4llning kan man m\u00f6tas av den h\u00e4r blicken&#8230;<img loading=\"lazy\" class=\"alignnone  wp-image-70655\" src=\"http:\/\/www.filindeblogg.nu\/wp-content\/uploads\/2017\/09\/Skeptiskt-ansikte.jpg\" alt=\"\" width=\"103\" height=\"109\" \/><\/p>\n<p>Det bryr sig inte bloggaren om ett dugg utan forts\u00e4tter! <img loading=\"lazy\" class=\"alignnone  wp-image-70657\" src=\"http:\/\/www.filindeblogg.nu\/wp-content\/uploads\/2017\/09\/Lyfta-sig-sj\u00e4lv-i-h\u00e5ret.jpg\" alt=\"\" width=\"164\" height=\"109\" \/>Har man som bloggaren haft en del sv\u00e5ra perioder i livet och d\u00e5 lyckats lyfta sig sj\u00e4lv i h\u00e5ret s\u00e5 ska det banne mig vara peanuts att fixa till lite enkel n\u00f6jdhet en vanlig vardag! <img loading=\"lazy\" class=\"alignnone size-full wp-image-70658\" src=\"http:\/\/www.filindeblogg.nu\/wp-content\/uploads\/2017\/09\/olika-faser-till-att-bli-n\u00f6jd.png\" alt=\"\" width=\"250\" height=\"202\" \/><\/p>\n<p><img loading=\"lazy\" class=\"alignnone  wp-image-70659\" src=\"http:\/\/www.filindeblogg.nu\/wp-content\/uploads\/2017\/09\/Guldkant-p\u00e5-tillvaron.jpg\" alt=\"\" width=\"82\" height=\"82\" srcset=\"http:\/\/www.filindeblogg.nu\/wp-content\/uploads\/2017\/09\/Guldkant-p\u00e5-tillvaron.jpg 224w, http:\/\/www.filindeblogg.nu\/wp-content\/uploads\/2017\/09\/Guldkant-p\u00e5-tillvaron-150x150.jpg 150w, http:\/\/www.filindeblogg.nu\/wp-content\/uploads\/2017\/09\/Guldkant-p\u00e5-tillvaron-144x144.jpg 144w\" sizes=\"(max-width: 82px) 100vw, 82px\" \/>\u00a0Bloggaren kallar det <em>&#8221;att s\u00e4tta guldkant p\u00e5 tillvaron&#8221;<\/em>! Som det d\u00e4r glaset som sj\u00e4lvfallet \u00e4r halvfullt och inte halvtomt &#8211; s\u00e4tt guldkant p\u00e5 ett enkelt glas s\u00e5 blir vanligt vatten gudagott! <img loading=\"lazy\" class=\"alignnone  wp-image-70660\" src=\"http:\/\/www.filindeblogg.nu\/wp-content\/uploads\/2017\/09\/Guldkantat-glas.jpg\" alt=\"\" width=\"127\" height=\"127\" srcset=\"http:\/\/www.filindeblogg.nu\/wp-content\/uploads\/2017\/09\/Guldkantat-glas.jpg 236w, http:\/\/www.filindeblogg.nu\/wp-content\/uploads\/2017\/09\/Guldkantat-glas-150x150.jpg 150w, http:\/\/www.filindeblogg.nu\/wp-content\/uploads\/2017\/09\/Guldkantat-glas-144x144.jpg 144w\" sizes=\"(max-width: 127px) 100vw, 127px\" \/><\/p>\n<p>Nu talar bloggaren symbolik och uppmanar sj\u00e4lvfallet inte folk att k\u00f6pa varken guldprydda glas eller annat f\u00f6rgyllt &#8211; utan att f\u00f6rgylla livet med ett v\u00e4rmande beteende &#8211; b\u00e5de mot sig sj\u00e4lv och andra!<br \/>\nTa med bullar till jobbet, bjuda n\u00e5gon p\u00e5 fika, skicka ett kort, ring en kompis eller n\u00e5got s\u00e5 enkelt som att ge en kram och n\u00e5gra v\u00e4rmande ord. BRY SIG &#8211; kan man uttrycka det! BRY SIG OM och visa det!<br \/>\n<img loading=\"lazy\" class=\"alignnone size-full wp-image-70697\" src=\"http:\/\/www.filindeblogg.nu\/wp-content\/uploads\/2017\/09\/Benen-p\u00e5-bordet.jpg\" alt=\"\" width=\"244\" height=\"134\" \/>\u00a0B\u00f6rja med dig sj\u00e4lv f\u00f6rst! Var mer sn\u00e4ll mot dig sj\u00e4lv! Unna dig mer vila, ha inte s\u00e5 h\u00f6ga krav p\u00e5 dig sj\u00e4lv!\u00a0 L\u00e4gg upp benen och ta en kopp kaffe bara s\u00e5 d\u00e4r! S\u00e4tt dig ner och k\u00e4nn hur sk\u00f6nt det \u00e4r att BARA VARA!<\/p>\n<p><img loading=\"lazy\" class=\"alignnone size-full wp-image-70662\" src=\"http:\/\/www.filindeblogg.nu\/wp-content\/uploads\/2017\/09\/Huvudet-i-molnet-Kopia.jpg\" alt=\"\" width=\"104\" height=\"196\" \/>Ist\u00e4llet f\u00f6r att liksom g\u00f6da det d\u00e4r svarta molnet \u00f6ver ditt huvud &#8211; v\u00e4lj annat! <img loading=\"lazy\" class=\"alignnone  wp-image-70663\" src=\"http:\/\/www.filindeblogg.nu\/wp-content\/uploads\/2017\/09\/Regn-eller-sol.jpg\" alt=\"\" width=\"225\" height=\"149\" \/><br \/>\nV\u00e4lj det ljusa och soliga!\u00a0<img loading=\"lazy\" class=\"alignnone size-medium wp-image-70665\" src=\"http:\/\/www.filindeblogg.nu\/wp-content\/uploads\/2017\/09\/SOL-300x168.jpg\" alt=\"\" width=\"300\" height=\"168\" srcset=\"http:\/\/www.filindeblogg.nu\/wp-content\/uploads\/2017\/09\/SOL-300x168.jpg 300w, http:\/\/www.filindeblogg.nu\/wp-content\/uploads\/2017\/09\/SOL.jpg 580w\" sizes=\"(max-width: 300px) 100vw, 300px\" \/> Och bli gladare och m\u00e5 mycket b\u00e4ttre!\u00a0 <img loading=\"lazy\" class=\"alignnone  wp-image-70664\" src=\"http:\/\/www.filindeblogg.nu\/wp-content\/uploads\/2017\/09\/YES.jpg\" alt=\"\" width=\"218\" height=\"136\" \/><\/p>\n<p>T\u00e4nk som den goa, glada bj\u00f6rnen<strong> Baloo<\/strong>! <img loading=\"lazy\" class=\"alignnone size-full wp-image-70666\" src=\"http:\/\/www.filindeblogg.nu\/wp-content\/uploads\/2017\/09\/Var-n\u00f6jd-med-allt-som-livet-ger.jpg\" alt=\"\" width=\"225\" height=\"225\" srcset=\"http:\/\/www.filindeblogg.nu\/wp-content\/uploads\/2017\/09\/Var-n\u00f6jd-med-allt-som-livet-ger.jpg 225w, http:\/\/www.filindeblogg.nu\/wp-content\/uploads\/2017\/09\/Var-n\u00f6jd-med-allt-som-livet-ger-150x150.jpg 150w, http:\/\/www.filindeblogg.nu\/wp-content\/uploads\/2017\/09\/Var-n\u00f6jd-med-allt-som-livet-ger-144x144.jpg 144w\" sizes=\"(max-width: 225px) 100vw, 225px\" \/><br \/>\n&#8221;<strong><em>Var n\u00f6jd med allt som livet ger och allt det som du kring dig ser! Gl\u00f6m bort bekymmer, sorger och besv\u00e4r! Var glad och n\u00f6jd &#8211; f\u00f6r vet du vad, en bj\u00f6rntj\u00e4nst g\u00f6r ju ingen glad! Var n\u00f6jd med livet som vi lever h\u00e4r!&#8221;\u00a0<\/em> <\/strong><\/p>\n<p><img loading=\"lazy\" class=\"aligncenter size-full wp-image-70667\" src=\"http:\/\/www.filindeblogg.nu\/wp-content\/uploads\/2017\/09\/Vara-n\u00f6jd.jpg\" alt=\"\" width=\"225\" height=\"225\" srcset=\"http:\/\/www.filindeblogg.nu\/wp-content\/uploads\/2017\/09\/Vara-n\u00f6jd.jpg 225w, http:\/\/www.filindeblogg.nu\/wp-content\/uploads\/2017\/09\/Vara-n\u00f6jd-150x150.jpg 150w, http:\/\/www.filindeblogg.nu\/wp-content\/uploads\/2017\/09\/Vara-n\u00f6jd-144x144.jpg 144w\" sizes=\"(max-width: 225px) 100vw, 225px\" \/><\/p>\n<p><img loading=\"lazy\" class=\"alignnone  wp-image-70681\" src=\"http:\/\/www.filindeblogg.nu\/wp-content\/uploads\/2017\/09\/Susanne-oktober-2015-225x300.jpg\" alt=\"\" width=\"154\" height=\"205\" srcset=\"http:\/\/www.filindeblogg.nu\/wp-content\/uploads\/2017\/09\/Susanne-oktober-2015-225x300.jpg 225w, http:\/\/www.filindeblogg.nu\/wp-content\/uploads\/2017\/09\/Susanne-oktober-2015.jpg 556w\" sizes=\"(max-width: 154px) 100vw, 154px\" \/>\u00a0Bloggaren \u00e4r optimist!<br \/>\nVad karakt\u00e4riserar d\u00e5 en optimist? <img loading=\"lazy\" class=\"alignnone size-medium wp-image-70672\" src=\"http:\/\/www.filindeblogg.nu\/wp-content\/uploads\/2017\/09\/Glad-optimist-300x158.jpg\" alt=\"\" width=\"300\" height=\"158\" srcset=\"http:\/\/www.filindeblogg.nu\/wp-content\/uploads\/2017\/09\/Glad-optimist-300x158.jpg 300w, http:\/\/www.filindeblogg.nu\/wp-content\/uploads\/2017\/09\/Glad-optimist.jpg 310w\" sizes=\"(max-width: 300px) 100vw, 300px\" \/> S\u00e5 h\u00e4r s\u00e4ger <a href=\"https:\/\/sv.wikipedia.org\/wiki\/Optimism\"><strong>Wikipedia<\/strong><\/a> om optimism, citat:<br \/>\n<strong><em>&#8221;Optimism \u00e4r en syn p\u00e5 livet, d\u00e4r man bevarar en syn p\u00e5 v\u00e4rlden som positiv. Det \u00e4r motsatsen till pessimism. Optimister tror generellt att m\u00e4nniskor och h\u00e4ndelser \u00e4r ing\u00e5ende goda, och att de flesta situationer slutar bra.&#8221;<\/em><\/strong><\/p>\n<p><img loading=\"lazy\" class=\"alignnone  wp-image-70668\" src=\"http:\/\/www.filindeblogg.nu\/wp-content\/uploads\/2017\/09\/I-can.jpg\" alt=\"\" width=\"212\" height=\"122\" \/>\u00a0Som optimist f\u00f6rs\u00f6ker bloggaren t\u00e4nka positivt och tror ocks\u00e5 att det finns l\u00f6sningar p\u00e5 allt! <img loading=\"lazy\" class=\"alignnone size-full wp-image-70669\" src=\"http:\/\/www.filindeblogg.nu\/wp-content\/uploads\/2017\/09\/Possible.jpg\" alt=\"\" width=\"275\" height=\"183\" \/> Det \u00e4r faktiskt ett v\u00e4ldigt sk\u00f6nt syns\u00e4tt som g\u00f6r att man k\u00e4nner sig mer tillfreds. Prova!<\/p>\n<p><img loading=\"lazy\" class=\"alignnone  wp-image-70670\" src=\"http:\/\/www.filindeblogg.nu\/wp-content\/uploads\/2017\/09\/Yes-or-no.jpg\" alt=\"\" width=\"211\" height=\"158\" \/> V\u00e4lj &#8211; <img loading=\"lazy\" class=\"alignnone  wp-image-70671\" src=\"http:\/\/www.filindeblogg.nu\/wp-content\/uploads\/2017\/09\/YES-gult-och-r\u00f6tt.png\" alt=\"\" width=\"225\" height=\"164\" \/><\/p>\n<p><img loading=\"lazy\" class=\"alignnone  wp-image-70673\" src=\"http:\/\/www.filindeblogg.nu\/wp-content\/uploads\/2017\/09\/N\u00f6jd-smiley.png\" alt=\"\" width=\"96\" height=\"96\" srcset=\"http:\/\/www.filindeblogg.nu\/wp-content\/uploads\/2017\/09\/N\u00f6jd-smiley.png 225w, http:\/\/www.filindeblogg.nu\/wp-content\/uploads\/2017\/09\/N\u00f6jd-smiley-150x150.png 150w, http:\/\/www.filindeblogg.nu\/wp-content\/uploads\/2017\/09\/N\u00f6jd-smiley-144x144.png 144w\" sizes=\"(max-width: 96px) 100vw, 96px\" \/> S\u00e5 har vi ju det d\u00e4r med<strong> KARMA<\/strong> ocks\u00e5! \u00c5ter till <a href=\"https:\/\/sv.wikipedia.org\/wiki\/Karma\">Wikipedia!<\/a> S\u00e5 h\u00e4r kan man l\u00e4sa om karma, citat:<\/p>\n<p><strong><em><img loading=\"lazy\" class=\"alignnone  wp-image-70674\" src=\"http:\/\/www.filindeblogg.nu\/wp-content\/uploads\/2017\/09\/Karma-1.jpg\" alt=\"\" width=\"141\" height=\"141\" srcset=\"http:\/\/www.filindeblogg.nu\/wp-content\/uploads\/2017\/09\/Karma-1.jpg 225w, http:\/\/www.filindeblogg.nu\/wp-content\/uploads\/2017\/09\/Karma-1-150x150.jpg 150w, http:\/\/www.filindeblogg.nu\/wp-content\/uploads\/2017\/09\/Karma-1-144x144.jpg 144w\" sizes=\"(max-width: 141px) 100vw, 141px\" \/>\u00a0&#8221;I filosofiskt\/religi\u00f6st h\u00e4nseende syftar karma till en s\u00e5 kallad lag om orsak och verkan. <\/em><\/strong><br \/>\n<strong><em>N\u00e4r en varelse agerar med tankar, k\u00e4nslor och handlingar l\u00e4mnas ett sp\u00e5r b\u00e5de p\u00e5 omgivningen och i den egna organismen.<br \/>\nAvtrycket f\u00e5r b\u00e5de omgivningen och varelsen att reagera i enlighet med naturlagarna.<br \/>\nNaturlagarna s\u00f6rjer alltid och \u00f6verallt f\u00f6r att varje orsak f\u00e5r sin best\u00e4mda verkan och dessa kallas sammantagna f\u00f6r karma.<\/em><\/strong><\/p>\n<p>D v s g\u00f6r gott och det f\u00e5r positiva \u00e5terverkningar! <img loading=\"lazy\" class=\"alignnone size-full wp-image-70676\" src=\"http:\/\/www.filindeblogg.nu\/wp-content\/uploads\/2017\/09\/Karma-2-Kopia.png\" alt=\"\" width=\"167\" height=\"163\" \/><\/p>\n<p>Bloggaren var faktiskt med om detta med positiv karma precis nu n\u00e4r hon skrev. Pl\u00f6tsligt ringer <strong>Solbritt <\/strong>fr\u00e5n<a href=\"http:\/\/www.ltlast.se\/\"><strong> LT Last &amp; Gr\u00e4v<\/strong> <\/a>och kommer med tips f\u00f6r att avhj\u00e4lpa ett problem som bloggaren har med sin fastighet.<br \/>\nSkrattande tackar bloggaren och ber\u00e4ttar sen f\u00f6r Solbritt att hon p\u00e5 f\u00f6rmiddagen tr\u00e4ffat en kvinna som undrade hur all sn\u00f6r\u00f6jning runt fastigheten klaras vintertid. Bloggaren skr\u00f6t d\u00e5 \u00f6ver hur duktiga och p\u00e5litliga LT Last &amp; Gr\u00e4v \u00e4r som hon anlitar!<br \/>\n<strong>KARMA! What goes around comes around! <img loading=\"lazy\" class=\"alignnone  wp-image-70678\" src=\"http:\/\/www.filindeblogg.nu\/wp-content\/uploads\/2017\/09\/Karma-bild-Kopia.jpg\" alt=\"\" width=\"225\" height=\"204\" \/><\/strong><\/p>\n<p>Sprid positiv karma &#8211; ocks\u00e5 f\u00f6r din egen skull! &#8221;<em>Man har inte roligare \u00e4n man g\u00f6r sig&#8221;<\/em> &#8211; S\u00c5 G\u00d6R DET! HA ROLIGT!<\/p>\n<p><img loading=\"lazy\" class=\"aligncenter size-medium wp-image-70679\" src=\"http:\/\/www.filindeblogg.nu\/wp-content\/uploads\/2017\/09\/Optimism-300x168.jpg\" alt=\"\" width=\"300\" height=\"168\" \/><\/p>\n<p><img loading=\"lazy\" class=\"aligncenter size-full wp-image-70680\" src=\"http:\/\/www.filindeblogg.nu\/wp-content\/uploads\/2017\/09\/Keep-calm-and-keep-on-loving.jpg\" alt=\"\" width=\"180\" height=\"280\" \/><\/p>\n<p><img loading=\"lazy\" class=\"aligncenter  wp-image-70694\" src=\"http:\/\/www.filindeblogg.nu\/wp-content\/uploads\/2017\/09\/Kyssande-smiley.jpg\" alt=\"\" width=\"164\" height=\"164\" srcset=\"http:\/\/www.filindeblogg.nu\/wp-content\/uploads\/2017\/09\/Kyssande-smiley.jpg 225w, http:\/\/www.filindeblogg.nu\/wp-content\/uploads\/2017\/09\/Kyssande-smiley-150x150.jpg 150w, http:\/\/www.filindeblogg.nu\/wp-content\/uploads\/2017\/09\/Kyssande-smiley-144x144.jpg 144w\" sizes=\"(max-width: 164px) 100vw, 164px\" \/><\/p>\n<p>&nbsp;<\/p>\n<p>&nbsp;<\/p>\n<p>&nbsp;<\/p>\n<p>&nbsp;<\/p>\n","protected":false},"excerpt":{"rendered":"<p>&#8221;Man har inte roligare \u00e4n man g\u00f6r sig&#8221; &#8211; \u00e4r ett uttryck som r\u00e4tt ofta s\u00e4gs lite neds\u00e4ttande. Och d\u00e5 n\u00e4r man pratar OM n\u00e5gon&#8230; D v s &#8211; gn\u00e4ller \u00f6ver n\u00e5gon som kanske klagar \u00f6ver sitt liv och hur den har det. \u00a0Bloggaren t\u00e4nker ist\u00e4llet positivt vad g\u00e4ller uttrycket! Man kan ha v\u00e4ldigt mycket [&hellip;]<\/p>\n","protected":false},"author":1,"featured_media":0,"comment_status":"open","ping_status":"open","sticky":false,"template":"","format":"standard","meta":[],"categories":[196,203,100,191,213,132,146,101],"tags":[],"_links":{"self":[{"href":"http:\/\/www.filindeblogg.nu\/index.php?rest_route=\/wp\/v2\/posts\/70653"}],"collection":[{"href":"http:\/\/www.filindeblogg.nu\/index.php?rest_route=\/wp\/v2\/posts"}],"about":[{"href":"http:\/\/www.filindeblogg.nu\/index.php?rest_route=\/wp\/v2\/types\/post"}],"author":[{"embeddable":true,"href":"http:\/\/www.filindeblogg.nu\/index.php?rest_route=\/wp\/v2\/users\/1"}],"replies":[{"embeddable":true,"href":"http:\/\/www.filindeblogg.nu\/index.php?rest_route=%2Fwp%2Fv2%2Fcomments&post=70653"}],"version-history":[{"count":17,"href":"http:\/\/www.filindeblogg.nu\/index.php?rest_route=\/wp\/v2\/posts\/70653\/revisions"}],"predecessor-version":[{"id":70700,"href":"http:\/\/www.filindeblogg.nu\/index.php?rest_route=\/wp\/v2\/posts\/70653\/revisions\/70700"}],"wp:attachment":[{"href":"http:\/\/www.filindeblogg.nu\/index.php?rest_route=%2Fwp%2Fv2%2Fmedia&parent=70653"}],"wp:term":[{"taxonomy":"category","embeddable":true,"href":"http:\/\/www.filindeblogg.nu\/index.php?rest_route=%2Fwp%2Fv2%2Fcategories&post=70653"},{"taxonomy":"post_tag","embeddable":true,"href":"http:\/\/www.filindeblogg.nu\/index.php?rest_route=%2Fwp%2Fv2%2Ftags&post=70653"}],"curies":[{"name":"wp","href":"https:\/\/api.w.org\/{rel}","templated":true}]}}