{"id":70514,"date":"2017-09-05T17:51:35","date_gmt":"2017-09-05T16:51:35","guid":{"rendered":"http:\/\/www.filindeblogg.nu\/?p=70514"},"modified":"2017-09-05T17:51:35","modified_gmt":"2017-09-05T16:51:35","slug":"an-drojer-sig-sommaren-kvar-om-batterier-som-ska-laddas-lite-mobbing-och-kar-lek-ocksa","status":"publish","type":"post","link":"http:\/\/www.filindeblogg.nu\/?p=70514","title":{"rendered":"\u00c4n dr\u00f6jer sig sommaren kvar&#8230;.om batterier som ska laddas. Lite mobbing och k\u00e4r lek ocks\u00e5!"},"content":{"rendered":"<p><img loading=\"lazy\" class=\"alignnone size-medium wp-image-70518\" src=\"http:\/\/www.filindeblogg.nu\/wp-content\/uploads\/2017\/09\/image-225x300.png\" alt=\"\" width=\"225\" height=\"300\" srcset=\"http:\/\/www.filindeblogg.nu\/wp-content\/uploads\/2017\/09\/image-225x300.png 225w, http:\/\/www.filindeblogg.nu\/wp-content\/uploads\/2017\/09\/image.png 768w\" sizes=\"(max-width: 225px) 100vw, 225px\" \/>\u00a0Batterier kan beh\u00f6va laddas och inte bara de d\u00e4r fyrkanterna som finns under en motorhuv.<\/p>\n<p>Bloggaren tyckte vardagstrampet blev tjatigt och faktiskt lite dr\u00e4nerande. S\u00e5 n\u00e4r nu sommaren dr\u00f6jde sig kvar i slutet av f\u00f6rra veckan tog hon chansen &#8211; dags f\u00f6r batteriladd d\u00e4r det \u00e4r som b\u00e4st! \ud83d\ude42<\/p>\n<p><img loading=\"lazy\" class=\"alignnone size-medium wp-image-70519\" src=\"http:\/\/www.filindeblogg.nu\/wp-content\/uploads\/2017\/09\/image-1-225x300.png\" alt=\"\" width=\"225\" height=\"300\" \/> V\u00e4gen till bloggarens lite hemliga laddningsstation\u00a0<img loading=\"lazy\" class=\"alignnone size-medium wp-image-70520\" src=\"http:\/\/www.filindeblogg.nu\/wp-content\/uploads\/2017\/09\/IMG_0631-225x300.jpg\" alt=\"\" width=\"225\" height=\"300\" srcset=\"http:\/\/www.filindeblogg.nu\/wp-content\/uploads\/2017\/09\/IMG_0631-225x300.jpg 225w, http:\/\/www.filindeblogg.nu\/wp-content\/uploads\/2017\/09\/IMG_0631.jpg 480w\" sizes=\"(max-width: 225px) 100vw, 225px\" \/><\/p>\n<p>Och visst var det en lycktr\u00e4ff! <img loading=\"lazy\" class=\"alignnone size-medium wp-image-70521\" src=\"http:\/\/www.filindeblogg.nu\/wp-content\/uploads\/2017\/09\/IMG_0461-225x300.jpg\" alt=\"\" width=\"225\" height=\"300\" srcset=\"http:\/\/www.filindeblogg.nu\/wp-content\/uploads\/2017\/09\/IMG_0461-225x300.jpg 225w, http:\/\/www.filindeblogg.nu\/wp-content\/uploads\/2017\/09\/IMG_0461.jpg 480w\" sizes=\"(max-width: 225px) 100vw, 225px\" \/> Ljuvligt v\u00e4der och solskenet fortsatte!<\/p>\n<p>Naturligtvis m\u00e5ste bloggaren bada! <img loading=\"lazy\" class=\"alignnone size-medium wp-image-70522\" src=\"http:\/\/www.filindeblogg.nu\/wp-content\/uploads\/2017\/09\/Suss-n\u00e4ck-248x300.jpg\" alt=\"\" width=\"248\" height=\"300\" srcset=\"http:\/\/www.filindeblogg.nu\/wp-content\/uploads\/2017\/09\/Suss-n\u00e4ck-248x300.jpg 248w, http:\/\/www.filindeblogg.nu\/wp-content\/uploads\/2017\/09\/Suss-n\u00e4ck.jpg 530w\" sizes=\"(max-width: 248px) 100vw, 248px\" \/> Termometern p\u00e5 verandan visade +22 s\u00e5 det blev sj\u00e4lvklart ett dopp i sj\u00f6n!<br \/>\nOch hur badar man b\u00e4st? Jo, n\u00e4ck! Det \u00e4r en helt annan k\u00e4nsla att simma ut i vattnet utan en tr\u00e5d p\u00e5 kroppen. Vattnet som smiter \u00e5t runt kroppen &#8211; ljuvligt!<br \/>\nHar ni m\u00f6jlighet att bada naken s\u00e5 ta den!<\/p>\n<p><img loading=\"lazy\" class=\"alignnone size-medium wp-image-70523\" src=\"http:\/\/www.filindeblogg.nu\/wp-content\/uploads\/2017\/09\/IMG_0497-300x225.jpg\" alt=\"\" width=\"300\" height=\"225\" srcset=\"http:\/\/www.filindeblogg.nu\/wp-content\/uploads\/2017\/09\/IMG_0497-300x225.jpg 300w, http:\/\/www.filindeblogg.nu\/wp-content\/uploads\/2017\/09\/IMG_0497.jpg 640w\" sizes=\"(max-width: 300px) 100vw, 300px\" \/> Kv\u00e4llen blev vacker. Bara en s\u00e5dan vy g\u00f6r att man g\u00e5r ner i varv och bara njuter av att finnas till. K\u00e4nna sig liksom n\u00e4rmare naturen och livet.<\/p>\n<p>Ladda batterierna \u00e4r att &#8221;bara vara&#8221; och g\u00f6ra som man vill &#8211; s\u00e5 tycker bloggaren. Och att g\u00f6ra som man vill kan till exempel vara att g\u00e5 upp p\u00e5 natten och njuta av att det \u00e4r totalt becksvart utanf\u00f6r! S\u00e5 m\u00f6rkt som det aldrig n\u00e5gonsin blir i stan.<br \/>\nOch njuta av tystnaden! I en liten stuga finns varken ventilationssurr eller brus fr\u00e5n element &#8211; bara tystnad. Underbart!<br \/>\nG\u00e5r man sen ut p\u00e5 verandan kan man h\u00f6ra skogens stilla sus. Ren njutning!<\/p>\n<p>Sen kan man ta en kopp kaffe och en macka mitt i natten!\u00a0<img loading=\"lazy\" class=\"alignnone size-medium wp-image-70524\" src=\"http:\/\/www.filindeblogg.nu\/wp-content\/uploads\/2017\/09\/IMG_0512-225x300.jpg\" alt=\"\" width=\"225\" height=\"300\" srcset=\"http:\/\/www.filindeblogg.nu\/wp-content\/uploads\/2017\/09\/IMG_0512-225x300.jpg 225w, http:\/\/www.filindeblogg.nu\/wp-content\/uploads\/2017\/09\/IMG_0512.jpg 480w\" sizes=\"(max-width: 225px) 100vw, 225px\" \/> Bara f\u00f6r att man kan &#8211; och vill! Bara s\u00e5 d\u00e4r!<\/p>\n<p>Morgonen gav \u00e4nnu mer lisa f\u00f6r sj\u00e4len! <img loading=\"lazy\" class=\"alignnone size-medium wp-image-70525\" src=\"http:\/\/www.filindeblogg.nu\/wp-content\/uploads\/2017\/09\/IMG_0533-300x300.jpg\" alt=\"\" width=\"300\" height=\"300\" srcset=\"http:\/\/www.filindeblogg.nu\/wp-content\/uploads\/2017\/09\/IMG_0533-300x300.jpg 300w, http:\/\/www.filindeblogg.nu\/wp-content\/uploads\/2017\/09\/IMG_0533-150x150.jpg 150w, http:\/\/www.filindeblogg.nu\/wp-content\/uploads\/2017\/09\/IMG_0533-144x144.jpg 144w, http:\/\/www.filindeblogg.nu\/wp-content\/uploads\/2017\/09\/IMG_0533.jpg 640w\" sizes=\"(max-width: 300px) 100vw, 300px\" \/><\/p>\n<p>Och nej, ingenting \u00e4r &#8221;photoshoppat&#8221;!\u00a0<img loading=\"lazy\" class=\"alignnone size-medium wp-image-70526\" src=\"http:\/\/www.filindeblogg.nu\/wp-content\/uploads\/2017\/09\/IMG_0525-300x300.jpg\" alt=\"\" width=\"300\" height=\"300\" srcset=\"http:\/\/www.filindeblogg.nu\/wp-content\/uploads\/2017\/09\/IMG_0525-300x300.jpg 300w, http:\/\/www.filindeblogg.nu\/wp-content\/uploads\/2017\/09\/IMG_0525-150x150.jpg 150w, http:\/\/www.filindeblogg.nu\/wp-content\/uploads\/2017\/09\/IMG_0525-144x144.jpg 144w, http:\/\/www.filindeblogg.nu\/wp-content\/uploads\/2017\/09\/IMG_0525.jpg 640w\" sizes=\"(max-width: 300px) 100vw, 300px\" \/> Ljuset var s\u00e5 d\u00e4r fantastiskt!<br \/>\nOch \u00e4lvorna dansade \u00f6ver sj\u00f6n&#8230; <img loading=\"lazy\" class=\"alignnone size-medium wp-image-70527\" src=\"http:\/\/www.filindeblogg.nu\/wp-content\/uploads\/2017\/09\/IMG_0530-300x300.jpg\" alt=\"\" width=\"300\" height=\"300\" srcset=\"http:\/\/www.filindeblogg.nu\/wp-content\/uploads\/2017\/09\/IMG_0530-300x300.jpg 300w, http:\/\/www.filindeblogg.nu\/wp-content\/uploads\/2017\/09\/IMG_0530-150x150.jpg 150w, http:\/\/www.filindeblogg.nu\/wp-content\/uploads\/2017\/09\/IMG_0530-144x144.jpg 144w, http:\/\/www.filindeblogg.nu\/wp-content\/uploads\/2017\/09\/IMG_0530.jpg 640w\" sizes=\"(max-width: 300px) 100vw, 300px\" \/><\/p>\n<p>Sen blev det ju bad igen! \ud83d\ude42 <img loading=\"lazy\" class=\"alignnone size-medium wp-image-70528\" src=\"http:\/\/www.filindeblogg.nu\/wp-content\/uploads\/2017\/09\/IMG_0582-225x300.jpg\" alt=\"\" width=\"225\" height=\"300\" srcset=\"http:\/\/www.filindeblogg.nu\/wp-content\/uploads\/2017\/09\/IMG_0582-225x300.jpg 225w, http:\/\/www.filindeblogg.nu\/wp-content\/uploads\/2017\/09\/IMG_0582.jpg 480w\" sizes=\"(max-width: 225px) 100vw, 225px\" \/> Vem kan motst\u00e5 n\u00e4r man f\u00e5r chansen!?<\/p>\n<p><img loading=\"lazy\" class=\"alignnone size-medium wp-image-70529\" src=\"http:\/\/www.filindeblogg.nu\/wp-content\/uploads\/2017\/09\/IMG_0507-300x225.jpg\" alt=\"\" width=\"300\" height=\"225\" srcset=\"http:\/\/www.filindeblogg.nu\/wp-content\/uploads\/2017\/09\/IMG_0507-300x225.jpg 300w, http:\/\/www.filindeblogg.nu\/wp-content\/uploads\/2017\/09\/IMG_0507.jpg 640w\" sizes=\"(max-width: 300px) 100vw, 300px\" \/> Stugan \u00e4r ingen lyx men d\u00e4r finns allt vad man kan beh\u00f6va. Tak \u00f6ver huvudet\u00a0<img loading=\"lazy\" class=\"alignnone size-medium wp-image-70541\" src=\"http:\/\/www.filindeblogg.nu\/wp-content\/uploads\/2017\/09\/IMG_0829-300x225.jpg\" alt=\"\" width=\"300\" height=\"225\" srcset=\"http:\/\/www.filindeblogg.nu\/wp-content\/uploads\/2017\/09\/IMG_0829-300x225.jpg 300w, http:\/\/www.filindeblogg.nu\/wp-content\/uploads\/2017\/09\/IMG_0829.jpg 640w\" sizes=\"(max-width: 300px) 100vw, 300px\" \/><br \/>\n&#8211; och en s\u00e4ng att sova i. <img loading=\"lazy\" class=\"alignnone size-medium wp-image-70530\" src=\"http:\/\/www.filindeblogg.nu\/wp-content\/uploads\/2017\/09\/IMG_0510-225x300.jpg\" alt=\"\" width=\"225\" height=\"300\" srcset=\"http:\/\/www.filindeblogg.nu\/wp-content\/uploads\/2017\/09\/IMG_0510-225x300.jpg 225w, http:\/\/www.filindeblogg.nu\/wp-content\/uploads\/2017\/09\/IMG_0510.jpg 480w\" sizes=\"(max-width: 225px) 100vw, 225px\" \/><br \/>\n<img loading=\"lazy\" class=\"alignnone size-medium wp-image-70535\" src=\"http:\/\/www.filindeblogg.nu\/wp-content\/uploads\/2017\/09\/IMG_0675-225x300.jpg\" alt=\"\" width=\"225\" height=\"300\" srcset=\"http:\/\/www.filindeblogg.nu\/wp-content\/uploads\/2017\/09\/IMG_0675-225x300.jpg 225w, http:\/\/www.filindeblogg.nu\/wp-content\/uploads\/2017\/09\/IMG_0675.jpg 480w\" sizes=\"(max-width: 225px) 100vw, 225px\" \/>\u00a0L\u00e4gg sen till lite god mat och dryck s\u00e5 \u00e4r njutningen komplett!<\/p>\n<p>Jo, det beh\u00f6vs ett dass ocks\u00e5! \ud83d\ude00 <img loading=\"lazy\" class=\"alignnone  wp-image-70531\" src=\"http:\/\/www.filindeblogg.nu\/wp-content\/uploads\/2017\/09\/IMG_0729-300x225.jpg\" alt=\"\" width=\"259\" height=\"194\" srcset=\"http:\/\/www.filindeblogg.nu\/wp-content\/uploads\/2017\/09\/IMG_0729-300x225.jpg 300w, http:\/\/www.filindeblogg.nu\/wp-content\/uploads\/2017\/09\/IMG_0729.jpg 640w\" sizes=\"(max-width: 259px) 100vw, 259px\" \/> Det lilla krypinnet med vit d\u00f6rr!\u00a0 Tv\u00e5 platser s\u00e5 att man kan f\u00e5 s\u00e4llskap om man har lust! \ud83d\ude09\u00a0<img loading=\"lazy\" class=\"alignnone  wp-image-70532\" src=\"http:\/\/www.filindeblogg.nu\/wp-content\/uploads\/2017\/09\/IMG_0743-225x300.jpg\" alt=\"\" width=\"193\" height=\"257\" srcset=\"http:\/\/www.filindeblogg.nu\/wp-content\/uploads\/2017\/09\/IMG_0743-225x300.jpg 225w, http:\/\/www.filindeblogg.nu\/wp-content\/uploads\/2017\/09\/IMG_0743.jpg 480w\" sizes=\"(max-width: 193px) 100vw, 193px\" \/><br \/>\nEller s\u00e5 kan man helt sonika sitta ensam och filosofera<br \/>\n&#8211; g\u00f6ra sina behov i lugn och ro. <img loading=\"lazy\" class=\"alignnone size-medium wp-image-70533\" src=\"http:\/\/www.filindeblogg.nu\/wp-content\/uploads\/2017\/09\/IMG_0733-225x300.jpg\" alt=\"\" width=\"225\" height=\"300\" srcset=\"http:\/\/www.filindeblogg.nu\/wp-content\/uploads\/2017\/09\/IMG_0733-225x300.jpg 225w, http:\/\/www.filindeblogg.nu\/wp-content\/uploads\/2017\/09\/IMG_0733.jpg 480w\" sizes=\"(max-width: 225px) 100vw, 225px\" \/><br \/>\nA room with a view! \ud83d\ude09 <img loading=\"lazy\" class=\"alignnone size-medium wp-image-70534\" src=\"http:\/\/www.filindeblogg.nu\/wp-content\/uploads\/2017\/09\/IMG_0737-225x300.jpg\" alt=\"\" width=\"225\" height=\"300\" srcset=\"http:\/\/www.filindeblogg.nu\/wp-content\/uploads\/2017\/09\/IMG_0737-225x300.jpg 225w, http:\/\/www.filindeblogg.nu\/wp-content\/uploads\/2017\/09\/IMG_0737.jpg 480w\" sizes=\"(max-width: 225px) 100vw, 225px\" \/><\/p>\n<p>Promenader i skogen blev det ocks\u00e5. Vildhallon plockades liksom kantareller och Karl-Johan. Den h\u00e4r l\u00e4t dock bloggaren bli &#8211; men visst \u00e4r den vacker! <img loading=\"lazy\" class=\"alignnone size-medium wp-image-70536\" src=\"http:\/\/www.filindeblogg.nu\/wp-content\/uploads\/2017\/09\/IMG_0773-225x300.jpg\" alt=\"\" width=\"225\" height=\"300\" srcset=\"http:\/\/www.filindeblogg.nu\/wp-content\/uploads\/2017\/09\/IMG_0773-225x300.jpg 225w, http:\/\/www.filindeblogg.nu\/wp-content\/uploads\/2017\/09\/IMG_0773.jpg 480w\" sizes=\"(max-width: 225px) 100vw, 225px\" \/><\/p>\n<p>Fiskelycka hade inte Bloggaren med sig! <img loading=\"lazy\" class=\"alignnone size-medium wp-image-70537\" src=\"http:\/\/www.filindeblogg.nu\/wp-content\/uploads\/2017\/09\/IMG_0767-225x300.jpg\" alt=\"\" width=\"225\" height=\"300\" srcset=\"http:\/\/www.filindeblogg.nu\/wp-content\/uploads\/2017\/09\/IMG_0767-225x300.jpg 225w, http:\/\/www.filindeblogg.nu\/wp-content\/uploads\/2017\/09\/IMG_0767.jpg 480w\" sizes=\"(max-width: 225px) 100vw, 225px\" \/><br \/>\nDet hj\u00e4lpte inte att byta drag ett antal g\u00e5nger&#8230; <img loading=\"lazy\" class=\"alignnone size-medium wp-image-70538\" src=\"http:\/\/www.filindeblogg.nu\/wp-content\/uploads\/2017\/09\/IMG_0768-225x300.jpg\" alt=\"\" width=\"225\" height=\"300\" srcset=\"http:\/\/www.filindeblogg.nu\/wp-content\/uploads\/2017\/09\/IMG_0768-225x300.jpg 225w, http:\/\/www.filindeblogg.nu\/wp-content\/uploads\/2017\/09\/IMG_0768.jpg 480w\" sizes=\"(max-width: 225px) 100vw, 225px\" \/><\/p>\n<p>Sen blev det f\u00f6rst\u00e5s ett dopp igen!!\u00a0<img loading=\"lazy\" class=\"alignnone size-medium wp-image-70539\" src=\"http:\/\/www.filindeblogg.nu\/wp-content\/uploads\/2017\/09\/IMG_0752-225x300.jpg\" alt=\"\" width=\"225\" height=\"300\" srcset=\"http:\/\/www.filindeblogg.nu\/wp-content\/uploads\/2017\/09\/IMG_0752-225x300.jpg 225w, http:\/\/www.filindeblogg.nu\/wp-content\/uploads\/2017\/09\/IMG_0752.jpg 480w\" sizes=\"(max-width: 225px) 100vw, 225px\" \/> Lite kallare nu n\u00e4r temperaturen p\u00e5 morgonen s\u00e5g ut s\u00e5 h\u00e4r! <img loading=\"lazy\" class=\"alignnone size-medium wp-image-70540\" src=\"http:\/\/www.filindeblogg.nu\/wp-content\/uploads\/2017\/09\/IMG_0830-225x300.jpg\" alt=\"\" width=\"225\" height=\"300\" srcset=\"http:\/\/www.filindeblogg.nu\/wp-content\/uploads\/2017\/09\/IMG_0830-225x300.jpg 225w, http:\/\/www.filindeblogg.nu\/wp-content\/uploads\/2017\/09\/IMG_0830.jpg 480w\" sizes=\"(max-width: 225px) 100vw, 225px\" \/> + 10 &#8211; s\u00e5 vattnet blev svalare och svalare efter varje kylig natt!<\/p>\n<p>Regnet kom r\u00e4tt vad det var. Men inte med m\u00f6rka moln och kyla &#8211; utan s\u00e5 h\u00e4r! <img loading=\"lazy\" class=\"alignnone size-medium wp-image-70542\" src=\"http:\/\/www.filindeblogg.nu\/wp-content\/uploads\/2017\/09\/IMG_0649-225x300.jpg\" alt=\"\" width=\"225\" height=\"300\" srcset=\"http:\/\/www.filindeblogg.nu\/wp-content\/uploads\/2017\/09\/IMG_0649-225x300.jpg 225w, http:\/\/www.filindeblogg.nu\/wp-content\/uploads\/2017\/09\/IMG_0649.jpg 480w\" sizes=\"(max-width: 225px) 100vw, 225px\" \/> Pl\u00f6tsligt vr\u00e4kte regnet ner men solen sken f\u00f6r fullt! Fantastiskt! <img loading=\"lazy\" class=\"alignnone size-medium wp-image-70543\" src=\"http:\/\/www.filindeblogg.nu\/wp-content\/uploads\/2017\/09\/IMG_0665-225x300.jpg\" alt=\"\" width=\"225\" height=\"300\" srcset=\"http:\/\/www.filindeblogg.nu\/wp-content\/uploads\/2017\/09\/IMG_0665-225x300.jpg 225w, http:\/\/www.filindeblogg.nu\/wp-content\/uploads\/2017\/09\/IMG_0665.jpg 480w\" sizes=\"(max-width: 225px) 100vw, 225px\" \/><\/p>\n<p><img loading=\"lazy\" class=\"alignnone size-medium wp-image-70544\" src=\"http:\/\/www.filindeblogg.nu\/wp-content\/uploads\/2017\/09\/IMG_0707-225x300.jpg\" alt=\"\" width=\"225\" height=\"300\" srcset=\"http:\/\/www.filindeblogg.nu\/wp-content\/uploads\/2017\/09\/IMG_0707-225x300.jpg 225w, http:\/\/www.filindeblogg.nu\/wp-content\/uploads\/2017\/09\/IMG_0707.jpg 480w\" sizes=\"(max-width: 225px) 100vw, 225px\" \/> Bloggaren avsl\u00f6jar &#8211; det blev bad igen! Ja, varje dag under vistelsen p\u00e5 laddningsstationen! Allt f\u00f6r njutningens skull. F\u00f6r att &#8221;bara vara&#8221;. G\u00f6ra precis det man sj\u00e4lv vill &#8211; utan m\u00e5sten. Gl\u00f6mma vardagen och leva bara h\u00e4r och nu &#8211; mitt i naturen.<\/p>\n<p><img loading=\"lazy\" class=\"alignnone size-medium wp-image-70545\" src=\"http:\/\/www.filindeblogg.nu\/wp-content\/uploads\/2017\/09\/IMG_0794-225x300.jpg\" alt=\"\" width=\"225\" height=\"300\" srcset=\"http:\/\/www.filindeblogg.nu\/wp-content\/uploads\/2017\/09\/IMG_0794-225x300.jpg 225w, http:\/\/www.filindeblogg.nu\/wp-content\/uploads\/2017\/09\/IMG_0794.jpg 480w\" sizes=\"(max-width: 225px) 100vw, 225px\" \/> Sista kv\u00e4llen blev det efterr\u00e4tt. Sen sova hur gott som helst och s\u00e5 l\u00e4nge eller s\u00e5 lite man vill.<\/p>\n<p><img loading=\"lazy\" class=\"size-medium wp-image-70546 aligncenter\" src=\"http:\/\/www.filindeblogg.nu\/wp-content\/uploads\/2017\/09\/IMG_0798-225x300.jpg\" alt=\"\" width=\"225\" height=\"300\" srcset=\"http:\/\/www.filindeblogg.nu\/wp-content\/uploads\/2017\/09\/IMG_0798-225x300.jpg 225w, http:\/\/www.filindeblogg.nu\/wp-content\/uploads\/2017\/09\/IMG_0798.jpg 480w\" sizes=\"(max-width: 225px) 100vw, 225px\" \/><\/p>\n<p><img loading=\"lazy\" class=\"alignnone size-medium wp-image-70547\" src=\"http:\/\/www.filindeblogg.nu\/wp-content\/uploads\/2017\/09\/IMG_0838-225x300.jpg\" alt=\"\" width=\"225\" height=\"300\" srcset=\"http:\/\/www.filindeblogg.nu\/wp-content\/uploads\/2017\/09\/IMG_0838-225x300.jpg 225w, http:\/\/www.filindeblogg.nu\/wp-content\/uploads\/2017\/09\/IMG_0838.jpg 480w\" sizes=\"(max-width: 225px) 100vw, 225px\" \/> Visst var det med lite vemod bloggaren drack sitt morgonkaffe den d\u00e4r sista morgonen&#8230;<\/p>\n<p><img loading=\"lazy\" class=\"alignnone size-medium wp-image-70548\" src=\"http:\/\/www.filindeblogg.nu\/wp-content\/uploads\/2017\/09\/IMG_0633-225x300.jpg\" alt=\"\" width=\"225\" height=\"300\" srcset=\"http:\/\/www.filindeblogg.nu\/wp-content\/uploads\/2017\/09\/IMG_0633-225x300.jpg 225w, http:\/\/www.filindeblogg.nu\/wp-content\/uploads\/2017\/09\/IMG_0633.jpg 480w\" sizes=\"(max-width: 225px) 100vw, 225px\" \/> Men sommarens sista bukett kom med hem som p\u00e5minnelse om ljuvligheterna &#8211; och om att ta det lugnt. Aldrig gl\u00f6mma att ladda batterierna.<\/p>\n<p><img loading=\"lazy\" class=\"aligncenter size-medium wp-image-70549\" src=\"http:\/\/www.filindeblogg.nu\/wp-content\/uploads\/2017\/09\/IMG_0841-225x300.jpg\" alt=\"\" width=\"225\" height=\"300\" srcset=\"http:\/\/www.filindeblogg.nu\/wp-content\/uploads\/2017\/09\/IMG_0841-225x300.jpg 225w, http:\/\/www.filindeblogg.nu\/wp-content\/uploads\/2017\/09\/IMG_0841.jpg 480w\" sizes=\"(max-width: 225px) 100vw, 225px\" \/><\/p>\n<p>Ett litet till\u00e4gg!<\/p>\n<p><img loading=\"lazy\" class=\"alignnone size-full wp-image-70413\" src=\"http:\/\/www.filindeblogg.nu\/wp-content\/uploads\/2017\/08\/Ledsen-skolflicka-2.jpg\" alt=\"\" width=\"240\" height=\"160\" \/> Ni som l\u00e4ste den tidigare bloggen om mobbing och skitprat bakom ryggen &#8211; <strong>DN<\/strong> hade en artikel h\u00e4r om dagen med rubriken\u00a0<strong><em>\u201dHur ska jag f\u00e5 mobbningen i barndomen att sl\u00e4ppa greppet?\u201d<br \/>\n<\/em><\/strong>Du kan l\u00e4sa den <strong><a href=\"http:\/\/www.dn.se\/insidan\/hur-ska-jag-fa-mobbningen-i-barndomen-att-slappa-greppet\/\">H\u00c4R<\/a><em><strong>!<\/strong><br \/>\n<\/em><\/strong><\/p>\n<p><img loading=\"lazy\" class=\"alignnone size-medium wp-image-70550\" src=\"http:\/\/www.filindeblogg.nu\/wp-content\/uploads\/2017\/09\/9789127135963_Rickardsson_Jag_tror_jag_m-ste_prata-213x300.jpg\" alt=\"\" width=\"213\" height=\"300\" srcset=\"http:\/\/www.filindeblogg.nu\/wp-content\/uploads\/2017\/09\/9789127135963_Rickardsson_Jag_tror_jag_m-ste_prata-213x300.jpg 213w, http:\/\/www.filindeblogg.nu\/wp-content\/uploads\/2017\/09\/9789127135963_Rickardsson_Jag_tror_jag_m-ste_prata.jpg 250w\" sizes=\"(max-width: 213px) 100vw, 213px\" \/>\u00a0I artikeln h\u00e4nvisar man bland annat till <strong>Jenny Rickardssons<\/strong> bok &#8221;<strong><em>Jag tror jag m\u00e5ste prata med n\u00e5gon&#8221;<\/em><\/strong>.<br \/>\nDen boken hittar du bland annat <a href=\"https:\/\/www.nok.se\/Akademisk\/Titlar\/Popularpsykologi\/Personlig-utveckling\/Jag-tror-jag-maste-prata-med-nagon\/\"><strong>H\u00c4R!<\/strong><\/a><\/p>\n<p>Till sist! \u00c4lska mer!\u00a0<img loading=\"lazy\" class=\"alignnone size-full wp-image-70551\" src=\"http:\/\/www.filindeblogg.nu\/wp-content\/uploads\/2017\/09\/\u00c4lska-mer-men-inte-bara-drycken.jpg\" alt=\"\" width=\"215\" height=\"177\" \/><\/p>\n<p><img loading=\"lazy\" class=\"alignnone  wp-image-70552\" src=\"http:\/\/www.filindeblogg.nu\/wp-content\/uploads\/2017\/09\/Sprid-k\u00e4rlek-inte-hat-200x300.jpg\" alt=\"\" width=\"166\" height=\"249\" srcset=\"http:\/\/www.filindeblogg.nu\/wp-content\/uploads\/2017\/09\/Sprid-k\u00e4rlek-inte-hat-200x300.jpg 200w, http:\/\/www.filindeblogg.nu\/wp-content\/uploads\/2017\/09\/Sprid-k\u00e4rlek-inte-hat.jpg 236w\" sizes=\"(max-width: 166px) 100vw, 166px\" \/>\u00a0\u00c4lska mer och hata mindre &#8211; en st\u00e4ndig uppmaning fr\u00e5n bloggaren.<\/p>\n<p><img loading=\"lazy\" class=\"alignnone size-full wp-image-70553\" src=\"http:\/\/www.filindeblogg.nu\/wp-content\/uploads\/2017\/09\/\u00c4lska-rosor.jpg\" alt=\"\" width=\"259\" height=\"194\" \/> En del \u00e4lskar blommor<br \/>\n&#8211; andra \u00e4lskar god mat! <img loading=\"lazy\" class=\"alignnone size-medium wp-image-70554\" src=\"http:\/\/www.filindeblogg.nu\/wp-content\/uploads\/2017\/09\/\u00c4lska-god-mat-214x300.jpg\" alt=\"\" width=\"214\" height=\"300\" srcset=\"http:\/\/www.filindeblogg.nu\/wp-content\/uploads\/2017\/09\/\u00c4lska-god-mat-214x300.jpg 214w, http:\/\/www.filindeblogg.nu\/wp-content\/uploads\/2017\/09\/\u00c4lska-god-mat.jpg 325w\" sizes=\"(max-width: 214px) 100vw, 214px\" \/><\/p>\n<p>Vissa k\u00e4nner hur mycket k\u00e4rlek som helst till skid\u00e5kning <img loading=\"lazy\" class=\"alignnone size-full wp-image-70555\" src=\"http:\/\/www.filindeblogg.nu\/wp-content\/uploads\/2017\/09\/\u00c4lska-skid\u00e5kning.jpg\" alt=\"\" width=\"259\" height=\"194\" \/> medan en hel del m\u00e4nniskor bara har \u00f6gon f\u00f6r katter! <img loading=\"lazy\" class=\"alignnone size-full wp-image-70556\" src=\"http:\/\/www.filindeblogg.nu\/wp-content\/uploads\/2017\/09\/\u00c4lska-katter.png\" alt=\"\" width=\"200\" height=\"185\" \/><\/p>\n<p><img loading=\"lazy\" class=\"alignnone size-full wp-image-70557\" src=\"http:\/\/www.filindeblogg.nu\/wp-content\/uploads\/2017\/09\/Kram-Snobben.jpg\" alt=\"\" width=\"194\" height=\"259\" \/>\u00a0 Bloggaren \u00e4r en verkligt k\u00e4rleksfull person som \u00e4lskar m\u00e5nga! Vissa \u00e4lskar hon mycket och andra \u00e4lskar hon bara lite lagom s\u00e5 d\u00e4r! \ud83d\ude42 <img loading=\"lazy\" class=\"alignnone size-full wp-image-70558\" src=\"http:\/\/www.filindeblogg.nu\/wp-content\/uploads\/2017\/09\/Keep-calm-and-love-your-friends.png\" alt=\"\" width=\"194\" height=\"259\" \/> Huvudsaken att man k\u00e4nner k\u00e4rlek och kan \u00e4lska &#8211; ju mer, desto b\u00e4ttre.<\/p>\n<p><img loading=\"lazy\" class=\"alignnone size-full wp-image-70559\" src=\"http:\/\/www.filindeblogg.nu\/wp-content\/uploads\/2017\/09\/Veckans-lek.jpg\" alt=\"\" width=\"275\" height=\"183\" \/> Veckans lek<br \/>\n&#8211; nej en lek varje dag, \u00e5ret om! <img loading=\"lazy\" class=\"alignnone size-full wp-image-70560\" src=\"http:\/\/www.filindeblogg.nu\/wp-content\/uploads\/2017\/09\/K\u00e4rlek-text.jpg\" alt=\"\" width=\"259\" height=\"194\" \/><\/p>\n<p><img loading=\"lazy\" class=\"alignnone size-full wp-image-70561\" src=\"http:\/\/www.filindeblogg.nu\/wp-content\/uploads\/2017\/09\/Love-more.png\" alt=\"\" width=\"225\" height=\"225\" srcset=\"http:\/\/www.filindeblogg.nu\/wp-content\/uploads\/2017\/09\/Love-more.png 225w, http:\/\/www.filindeblogg.nu\/wp-content\/uploads\/2017\/09\/Love-more-150x150.png 150w, http:\/\/www.filindeblogg.nu\/wp-content\/uploads\/2017\/09\/Love-more-144x144.png 144w\" sizes=\"(max-width: 225px) 100vw, 225px\" \/> \u00d6s ur dig k\u00e4rlek! Visa den! Lev livet k\u00e4rleksfullt och varmt &#8211; inte bittert, negativt och kallt.<\/p>\n<p>B\u00f6rja med att \u00e4lska dig sj\u00e4lv<br \/>\n&#8211; s\u00e5 kommer nog resten av bara farten! <img loading=\"lazy\" class=\"alignnone size-full wp-image-70563\" src=\"http:\/\/www.filindeblogg.nu\/wp-content\/uploads\/2017\/09\/\u00c4lska-mer.jpg\" alt=\"\" width=\"183\" height=\"275\" \/><br \/>\nT\u00e4nk p\u00e5 hur bra du \u00e4r! Se dig sj\u00e4lv i spegeln och s\u00e4g till det d\u00e4r ansiktet mitt emot:<br \/>\n<strong>&#8211; DU \u00c4R JU BARA B\u00c4ST!<\/strong> <img loading=\"lazy\" class=\"alignnone size-full wp-image-70562\" src=\"http:\/\/www.filindeblogg.nu\/wp-content\/uploads\/2017\/09\/Keel-calm-and-love-yourself.jpg\" alt=\"\" width=\"208\" height=\"242\" \/><\/p>\n<p>&nbsp;<\/p>\n<p>Bloggaren <strong>\u00c4LSKAR!<\/strong> Och t\u00e4nker forts\u00e4tta med det! <img loading=\"lazy\" class=\"size-full wp-image-70564 aligncenter\" src=\"http:\/\/www.filindeblogg.nu\/wp-content\/uploads\/2017\/09\/Viritual-hug.jpg\" alt=\"\" width=\"230\" height=\"219\" \/><\/p>\n<p><img loading=\"lazy\" class=\"alignnone  wp-image-70565\" src=\"http:\/\/www.filindeblogg.nu\/wp-content\/uploads\/2017\/09\/Keep-calm-and-just-love-ROSA.png\" alt=\"\" width=\"165\" height=\"193\" \/>\u00a0\u00a0 <img loading=\"lazy\" class=\"alignnone size-full wp-image-70566\" src=\"http:\/\/www.filindeblogg.nu\/wp-content\/uploads\/2017\/09\/K\u00e4rlek.jpg\" alt=\"\" width=\"259\" height=\"194\" \/> <img loading=\"lazy\" class=\"alignnone  wp-image-69713\" src=\"http:\/\/www.filindeblogg.nu\/wp-content\/uploads\/2017\/07\/Hj\u00e4rta-300x168.jpg\" alt=\"\" width=\"27\" height=\"15\" \/><\/p>\n<p>&nbsp;<\/p>\n<p>&nbsp;<\/p>\n<p>&nbsp;<\/p>\n<p>&nbsp;<\/p>\n<p>&nbsp;<\/p>\n<p>&nbsp;<\/p>\n<p>&nbsp;<\/p>\n<p>&nbsp;<\/p>\n<p>&nbsp;<\/p>\n<p>&nbsp;<\/p>\n<p>&nbsp;<\/p>\n","protected":false},"excerpt":{"rendered":"<p>\u00a0Batterier kan beh\u00f6va laddas och inte bara de d\u00e4r fyrkanterna som finns under en motorhuv. Bloggaren tyckte vardagstrampet blev tjatigt och faktiskt lite dr\u00e4nerande. S\u00e5 n\u00e4r nu sommaren dr\u00f6jde sig kvar i slutet av f\u00f6rra veckan tog hon chansen &#8211; dags f\u00f6r batteriladd d\u00e4r det \u00e4r som b\u00e4st! \ud83d\ude42 V\u00e4gen till bloggarens lite hemliga laddningsstation\u00a0 [&hellip;]<\/p>\n","protected":false},"author":1,"featured_media":0,"comment_status":"open","ping_status":"open","sticky":false,"template":"","format":"standard","meta":[],"categories":[1,188,196,161,203,100,204,145,132,101,179],"tags":[],"_links":{"self":[{"href":"http:\/\/www.filindeblogg.nu\/index.php?rest_route=\/wp\/v2\/posts\/70514"}],"collection":[{"href":"http:\/\/www.filindeblogg.nu\/index.php?rest_route=\/wp\/v2\/posts"}],"about":[{"href":"http:\/\/www.filindeblogg.nu\/index.php?rest_route=\/wp\/v2\/types\/post"}],"author":[{"embeddable":true,"href":"http:\/\/www.filindeblogg.nu\/index.php?rest_route=\/wp\/v2\/users\/1"}],"replies":[{"embeddable":true,"href":"http:\/\/www.filindeblogg.nu\/index.php?rest_route=%2Fwp%2Fv2%2Fcomments&post=70514"}],"version-history":[{"count":21,"href":"http:\/\/www.filindeblogg.nu\/index.php?rest_route=\/wp\/v2\/posts\/70514\/revisions"}],"predecessor-version":[{"id":70587,"href":"http:\/\/www.filindeblogg.nu\/index.php?rest_route=\/wp\/v2\/posts\/70514\/revisions\/70587"}],"wp:attachment":[{"href":"http:\/\/www.filindeblogg.nu\/index.php?rest_route=%2Fwp%2Fv2%2Fmedia&parent=70514"}],"wp:term":[{"taxonomy":"category","embeddable":true,"href":"http:\/\/www.filindeblogg.nu\/index.php?rest_route=%2Fwp%2Fv2%2Fcategories&post=70514"},{"taxonomy":"post_tag","embeddable":true,"href":"http:\/\/www.filindeblogg.nu\/index.php?rest_route=%2Fwp%2Fv2%2Ftags&post=70514"}],"curies":[{"name":"wp","href":"https:\/\/api.w.org\/{rel}","templated":true}]}}