{"id":70412,"date":"2017-08-27T12:35:39","date_gmt":"2017-08-27T11:35:39","guid":{"rendered":"http:\/\/www.filindeblogg.nu\/?p=70412"},"modified":"2017-08-27T12:35:39","modified_gmt":"2017-08-27T11:35:39","slug":"en-story-om-den-dar-javla-susanne-linde","status":"publish","type":"post","link":"http:\/\/www.filindeblogg.nu\/?p=70412","title":{"rendered":"En story om den d\u00e4r j\u00e4vla Susanne Linde!"},"content":{"rendered":"<p><img loading=\"lazy\" class=\"alignnone  wp-image-70413\" src=\"http:\/\/www.filindeblogg.nu\/wp-content\/uploads\/2017\/08\/Ledsen-skolflicka-2.jpg\" alt=\"\" width=\"161\" height=\"107\" \/> Det h\u00e4r \u00e4r en blogg om en kvinna som bloggaren k\u00e4nner ganska v\u00e4l. Och om mobbing &#8211; p\u00e5 olika niv\u00e5er och hur det kan upplevas.<\/p>\n<p>F\u00f6r enkelhetens skull kan vi kalla den h\u00e4r kvinnan Suss.<br \/>\nId\u00e9n till bloggen kom h\u00e4r om dagen n\u00e4r Suss \u00e5ter fick h\u00f6ra rykten. En v\u00e4n till Suss f\u00f6rklarade hur hon f\u00f6rsvarade Suss mot de som tyckte illa om henne&#8230; <img loading=\"lazy\" class=\"alignnone  wp-image-70414\" src=\"http:\/\/www.filindeblogg.nu\/wp-content\/uploads\/2017\/08\/F\u00f6rv\u00e5nad.jpg\" alt=\"\" width=\"90\" height=\"96\" \/><\/p>\n<p><img loading=\"lazy\" class=\"alignnone  wp-image-70414\" src=\"http:\/\/www.filindeblogg.nu\/wp-content\/uploads\/2017\/08\/F\u00f6rv\u00e5nad.jpg\" alt=\"\" width=\"90\" height=\"96\" \/>WOW, t\u00e4nkte Suss! Igen!<br \/>\nOch sj\u00e4lvklart visste Suss inte vilka personerna var, tog inte reda p\u00e5 det heller. Suss har f\u00f6rmodligen aldrig tr\u00e4ffat dom eller ens bytt n\u00e5gra ord med dom.<br \/>\nMen men, Suss \u00e4r van&#8230;<\/p>\n<p>Sticker man ut &#8211; p\u00e5 vilket s\u00e4tt det nu \u00e4n m\u00e5 vara, s\u00e5 blir man en target &#8211; en m\u00e5ltavla. Som uppstickare kan man antingen hyllas eller h\u00e5nas, det sistn\u00e4mnda kan likst\u00e4llas med mobbing.<\/p>\n<p><img loading=\"lazy\" class=\"alignnone size-medium wp-image-70415\" src=\"http:\/\/www.filindeblogg.nu\/wp-content\/uploads\/2017\/08\/Mobbad-skolflicka-2-300x156.jpg\" alt=\"\" width=\"300\" height=\"156\" srcset=\"http:\/\/www.filindeblogg.nu\/wp-content\/uploads\/2017\/08\/Mobbad-skolflicka-2-300x156.jpg 300w, http:\/\/www.filindeblogg.nu\/wp-content\/uploads\/2017\/08\/Mobbad-skolflicka-2.jpg 311w\" sizes=\"(max-width: 300px) 100vw, 300px\" \/> Suss vet vad mobbing \u00e4r. Hon stack ut som liten. Varf\u00f6r? Jo, Suss var blyg och tordes inte s\u00e4ga ifr\u00e5n. Hon blev en m\u00e5ltavla.<\/p>\n<p><img loading=\"lazy\" class=\"alignnone  wp-image-70431\" src=\"http:\/\/www.filindeblogg.nu\/wp-content\/uploads\/2017\/08\/Pappa-och-jag-300x225.jpg\" alt=\"\" width=\"236\" height=\"177\" srcset=\"http:\/\/www.filindeblogg.nu\/wp-content\/uploads\/2017\/08\/Pappa-och-jag-300x225.jpg 300w, http:\/\/www.filindeblogg.nu\/wp-content\/uploads\/2017\/08\/Pappa-och-jag.jpg 600w\" sizes=\"(max-width: 236px) 100vw, 236px\" \/>\u00a0Suss som liten.\u00a0<img loading=\"lazy\" class=\"alignnone  wp-image-70416\" src=\"http:\/\/www.filindeblogg.nu\/wp-content\/uploads\/2017\/08\/214-225x300.jpg\" alt=\"\" width=\"143\" height=\"191\" srcset=\"http:\/\/www.filindeblogg.nu\/wp-content\/uploads\/2017\/08\/214-225x300.jpg 225w, http:\/\/www.filindeblogg.nu\/wp-content\/uploads\/2017\/08\/214.jpg 450w\" sizes=\"(max-width: 143px) 100vw, 143px\" \/> Tyckte om alla djur, s\u00e4rskilt katter!\u00a0<img loading=\"lazy\" class=\"alignnone  wp-image-70421\" src=\"http:\/\/www.filindeblogg.nu\/wp-content\/uploads\/2017\/08\/IMG_1642-2-Kopia-225x300.jpg\" alt=\"\" width=\"143\" height=\"191\" srcset=\"http:\/\/www.filindeblogg.nu\/wp-content\/uploads\/2017\/08\/IMG_1642-2-Kopia-225x300.jpg 225w, http:\/\/www.filindeblogg.nu\/wp-content\/uploads\/2017\/08\/IMG_1642-2-Kopia.jpg 346w\" sizes=\"(max-width: 143px) 100vw, 143px\" \/><br \/>\nP\u00e5hittig och glad &#8211; hemma hos mamma och pappa.\u00a0<img loading=\"lazy\" class=\"alignnone  wp-image-70418\" src=\"http:\/\/www.filindeblogg.nu\/wp-content\/uploads\/2017\/08\/005-Kopia-113x300.jpg\" alt=\"\" width=\"92\" height=\"244\" srcset=\"http:\/\/www.filindeblogg.nu\/wp-content\/uploads\/2017\/08\/005-Kopia-113x300.jpg 113w, http:\/\/www.filindeblogg.nu\/wp-content\/uploads\/2017\/08\/005-Kopia.jpg 223w\" sizes=\"(max-width: 92px) 100vw, 92px\" \/> Skrev sagor, fick en publicerad i Dagens Nyheter som 7-\u00e5ring, hittade p\u00e5 ett eget skriftspr\u00e5k, kunde namnet p\u00e5 alla hundraser, lekte med Gittan &#8211; hade roligt helt enkelt.<br \/>\nTill hon b\u00f6rjade skolan&#8230;<\/p>\n<p>Suss var, som sagt, blyg &#8211; en m\u00e5ltavla och hade fel frisyr, fl\u00e4tor med fina rosetter som mamman fl\u00e4tade i. \u00c4r man &#8221;fel&#8221; p\u00e5 det s\u00e4ttet i skolkamraters \u00f6gon s\u00e5 blir man nedtryckt, \u00e4nnu tystare, v\u00e5gar \u00e4nnu mindre och finns n\u00e4stan inte till slut&#8230;<\/p>\n<p><img loading=\"lazy\" class=\"alignnone  wp-image-70419\" src=\"http:\/\/www.filindeblogg.nu\/wp-content\/uploads\/2017\/08\/Mobbing-300x200.jpg\" alt=\"\" width=\"227\" height=\"151\" srcset=\"http:\/\/www.filindeblogg.nu\/wp-content\/uploads\/2017\/08\/Mobbing-300x200.jpg 300w, http:\/\/www.filindeblogg.nu\/wp-content\/uploads\/2017\/08\/Mobbing.jpg 615w\" sizes=\"(max-width: 227px) 100vw, 227px\" \/> Det kallas mobbing och f\u00f6rst\u00f6rde n\u00e4stan hela Suss skoltid. Hon v\u00e5gade inte r\u00e4cka upp handen, v\u00e5gade inte svara p\u00e5 fr\u00e5gor, skulle aldrig n\u00e5gonsin v\u00e5gat st\u00e5 framf\u00f6r klassen och prata.<\/p>\n<p><img loading=\"lazy\" class=\"size-medium wp-image-70424\" src=\"http:\/\/www.filindeblogg.nu\/wp-content\/uploads\/2017\/08\/Mobbad-skolflicka-Kopia-300x194.jpg\" alt=\"\" width=\"300\" height=\"194\" srcset=\"http:\/\/www.filindeblogg.nu\/wp-content\/uploads\/2017\/08\/Mobbad-skolflicka-Kopia-300x194.jpg 300w, http:\/\/www.filindeblogg.nu\/wp-content\/uploads\/2017\/08\/Mobbad-skolflicka-Kopia.jpg 539w\" sizes=\"(max-width: 300px) 100vw, 300px\" \/><\/p>\n<p style=\"text-align: center;\">\u00a0Hon blev en ingenting.<\/p>\n<p>Sen kom vuxentiden &#8211; tack och lov! <img loading=\"lazy\" class=\"alignnone size-medium wp-image-70422\" src=\"http:\/\/www.filindeblogg.nu\/wp-content\/uploads\/2017\/08\/Televerket-300x116.jpg\" alt=\"\" width=\"300\" height=\"116\" srcset=\"http:\/\/www.filindeblogg.nu\/wp-content\/uploads\/2017\/08\/Televerket-300x116.jpg 300w, http:\/\/www.filindeblogg.nu\/wp-content\/uploads\/2017\/08\/Televerket.jpg 361w\" sizes=\"(max-width: 300px) 100vw, 300px\" \/> Televerket!<br \/>\nSuss och b\u00e4sta kompisen tog mod till sig, tillsammans och flyttade till Stockholm d\u00e4r de b\u00e5da fick jobb p\u00e5 Televerket.<br \/>\nNu b\u00f6rjade det h\u00e4nda saker f\u00f6r Suss! Hon blev tvungen att svara i telefon och m\u00f6ta kunder som vill best\u00e4lla abonnemang, flytta telefoner och allt vad det var. Suss v\u00e4xte, blev s\u00e4krare, k\u00e4nde sig v\u00e4rdefull. V\u00e5gade mera.<\/p>\n<p><img loading=\"lazy\" class=\"alignnone  wp-image-70425\" src=\"http:\/\/www.filindeblogg.nu\/wp-content\/uploads\/2017\/08\/203-300x225.jpg\" alt=\"\" width=\"185\" height=\"139\" srcset=\"http:\/\/www.filindeblogg.nu\/wp-content\/uploads\/2017\/08\/203-300x225.jpg 300w, http:\/\/www.filindeblogg.nu\/wp-content\/uploads\/2017\/08\/203.jpg 600w\" sizes=\"(max-width: 185px) 100vw, 185px\" \/> V\u00e5gade s\u00f6ka nytt jobb och kom till CVA i Arboga. D\u00e4r blev hon \u00e4nnu s\u00e4krare och v\u00e5gade \u00e4nnu mer &#8211; det slog n\u00e4stan \u00f6ver. Suss tog igen f\u00f6r alla tysta, os\u00e4kra \u00e5r!<\/p>\n<p>Suss utmanade chefer och hon utmanade facket. Hon drev fr\u00e5gor om r\u00e4ttvisa f\u00f6r de svaga p\u00e5 jobbet och k\u00e4mpade f\u00f6r de som hade det sv\u00e5rt. Hon skrev ins\u00e4ndare s\u00e5v\u00e4l i personaltidningen som i det lokala bladet &#8211; gjorde sin r\u00f6st h\u00f6rd. Snart visste alla vem Suss var!<\/p>\n<p>Nu fick Suss h\u00f6ra talas om folk som <em>&#8221;inte t\u00e5lde den d\u00e4r Susanne Wahlfeldt&#8221;.<\/em> <img loading=\"lazy\" class=\"alignnone  wp-image-70414\" src=\"http:\/\/www.filindeblogg.nu\/wp-content\/uploads\/2017\/08\/F\u00f6rv\u00e5nad.jpg\" alt=\"\" width=\"90\" height=\"96\" \/> Naturligtvis p\u00e5 omv\u00e4gar. Ingen sa det direkt till Suss.<br \/>\nSuss som var van att sticka ut, bli mobbad sen skoltiden, k\u00e4nde detta v\u00e4ldigt obehagligt &#8211; men det var ingenting som egentligen bekom henne. Hon hade v\u00e4xt sig starkare och visste att hon k\u00e4mpade f\u00f6r bra saker.<\/p>\n<p>Och om Suss fick namn p\u00e5 &#8221;hatarna&#8221; tog hon kontakt med dom!\u00a0 Antingen l\u00e5tsades de inte f\u00f6rst\u00e5 n\u00e5gonting av vad Suss pratade om &#8211; eller ocks\u00e5 visade det sig att de faktiskt kom r\u00e4tt bra \u00f6verens n\u00e4r de v\u00e4l tr\u00e4ffades &#8230;<br \/>\nHur som helst &#8211; de som verkligen kom i kontakt med Suss tystnade med sitt f\u00f6rtal&#8230;<\/p>\n<p>Suss tr\u00e4ffade k\u00e4rleken och allt blev nu \u00e4nnu b\u00e4ttre! <img loading=\"lazy\" class=\"alignnone  wp-image-70427\" src=\"http:\/\/www.filindeblogg.nu\/wp-content\/uploads\/2017\/08\/010-Kopia-241x300.jpg\" alt=\"\" width=\"163\" height=\"203\" srcset=\"http:\/\/www.filindeblogg.nu\/wp-content\/uploads\/2017\/08\/010-Kopia-241x300.jpg 241w, http:\/\/www.filindeblogg.nu\/wp-content\/uploads\/2017\/08\/010-Kopia.jpg 350w\" sizes=\"(max-width: 163px) 100vw, 163px\" \/><br \/>\nMed k\u00e4rleken kom resor runt om i v\u00e4rlden men ocks\u00e5 barn. \u00c5terigen v\u00e4xte Suss &#8211; nu som dubbelarbetande personalchef och trebarnsmor. V\u00e4xte och fortsatte att k\u00e4mpa &#8211; nu f\u00f6r barnen med ADHD men ocks\u00e5 f\u00f6r andra barn med liknande sv\u00e5righeter.<br \/>\n<img loading=\"lazy\" class=\"alignnone size-medium wp-image-70428\" src=\"http:\/\/www.filindeblogg.nu\/wp-content\/uploads\/2017\/08\/ADHD-300x150.jpg\" alt=\"\" width=\"300\" height=\"150\" srcset=\"http:\/\/www.filindeblogg.nu\/wp-content\/uploads\/2017\/08\/ADHD-300x150.jpg 300w, http:\/\/www.filindeblogg.nu\/wp-content\/uploads\/2017\/08\/ADHD.jpg 318w\" sizes=\"(max-width: 300px) 100vw, 300px\" \/>\u00a0Bildade en f\u00f6rening lokalt och var med om att starta en p\u00e5 riksplanet. Skrev skrivelser, protester, ins\u00e4ndare. Agerade! K\u00e4mpade.<\/p>\n<p><img loading=\"lazy\" class=\"alignnone  wp-image-70414\" src=\"http:\/\/www.filindeblogg.nu\/wp-content\/uploads\/2017\/08\/F\u00f6rv\u00e5nad.jpg\" alt=\"\" width=\"90\" height=\"96\" \/>\u00c5ter fick Suss h\u00f6ra p\u00e5 bakv\u00e4gar att folk tyckte illa om henne. <em>&#8221;Dem d\u00e4r j\u00e4vla Susanne Linde &#8211; hon ska d\u00e5 vara med \u00f6verallt!<\/em>&#8221; &#8211; s\u00e5 kunde det l\u00e5ta.<br \/>\nSuss l\u00e4t sig inte skr\u00e4mmas, k\u00e4nde sig tv\u00e4rtom st\u00e4rkt. Hon k\u00e4mpade ju f\u00f6r bra saker och det fanns m\u00e5nga som sa tv\u00e4rtom &#8211; som hejade p\u00e5, dunkade henne i ryggen.<\/p>\n<p><img loading=\"lazy\" class=\"aligncenter size-full wp-image-70456\" src=\"http:\/\/www.filindeblogg.nu\/wp-content\/uploads\/2017\/08\/ORD.jpg\" alt=\"\" width=\"219\" height=\"230\" \/><\/p>\n<p>P\u00e5 fritiden gjorde hon trevliga saker som att samla de gamla som fortfarande var i livet och som haft sin barndom i huset som Suss nu bodde i. <img loading=\"lazy\" class=\"alignnone size-medium wp-image-70430\" src=\"http:\/\/www.filindeblogg.nu\/wp-content\/uploads\/2017\/08\/Boende-i-Glasbl\u00e5sarg\u00e5rden-i-b\u00f6rjan-av-1900-talet-Kopia-300x225.jpg\" alt=\"\" width=\"300\" height=\"225\" srcset=\"http:\/\/www.filindeblogg.nu\/wp-content\/uploads\/2017\/08\/Boende-i-Glasbl\u00e5sarg\u00e5rden-i-b\u00f6rjan-av-1900-talet-Kopia-300x225.jpg 300w, http:\/\/www.filindeblogg.nu\/wp-content\/uploads\/2017\/08\/Boende-i-Glasbl\u00e5sarg\u00e5rden-i-b\u00f6rjan-av-1900-talet-Kopia.jpg 461w\" sizes=\"(max-width: 300px) 100vw, 300px\" \/><br \/>\n<img loading=\"lazy\" class=\"alignnone  wp-image-70432\" src=\"http:\/\/www.filindeblogg.nu\/wp-content\/uploads\/2017\/08\/Susanne-och-Lovisa-\u00e4r-lika-147x300.jpg\" alt=\"\" width=\"111\" height=\"227\" srcset=\"http:\/\/www.filindeblogg.nu\/wp-content\/uploads\/2017\/08\/Susanne-och-Lovisa-\u00e4r-lika-147x300.jpg 147w, http:\/\/www.filindeblogg.nu\/wp-content\/uploads\/2017\/08\/Susanne-och-Lovisa-\u00e4r-lika-503x1024.jpg 503w, http:\/\/www.filindeblogg.nu\/wp-content\/uploads\/2017\/08\/Susanne-och-Lovisa-\u00e4r-lika.jpg 554w\" sizes=\"(max-width: 111px) 100vw, 111px\" \/>\u00a0Suss fick massor av v\u00e4rdefull information om <strong>Glasbl\u00e5sarg\u00e5rden<\/strong> som blev en artikel i <strong>Arboga Tidning<\/strong> och kanske s\u00e5 sm\u00e5ningom kan hamna i <strong>Arboga Minnes \u00c5rsbok<\/strong>.<\/p>\n<p><img loading=\"lazy\" class=\"alignnone  wp-image-70445\" src=\"http:\/\/www.filindeblogg.nu\/wp-content\/uploads\/2017\/08\/Susanne-W-Linde-192x300.jpg\" alt=\"\" width=\"119\" height=\"186\" srcset=\"http:\/\/www.filindeblogg.nu\/wp-content\/uploads\/2017\/08\/Susanne-W-Linde-192x300.jpg 192w, http:\/\/www.filindeblogg.nu\/wp-content\/uploads\/2017\/08\/Susanne-W-Linde.jpg 255w\" sizes=\"(max-width: 119px) 100vw, 119px\" \/> Hon fortsatte att k\u00e4mpa f\u00f6r utsatta, ville vara en r\u00f6st f\u00f6r de som inte v\u00e5gade tala och fortsatte att agera.<br \/>\nBland olika id\u00e9er som kom f\u00f6r henne var en insamling till kvinnan som f\u00e5tt sina barn m\u00f6rdade i Arboga. F\u00f6rutom en stor summa pengar fr\u00e5n allm\u00e4nheten som \u00f6verl\u00e4mnades genom Suss f\u00f6rsorg sk\u00e4nkte f\u00f6retag m\u00f6bler, resor, presentkort p\u00e5 kl\u00e4der kom fr\u00e5n H&amp;M m.m. genom att Suss tog kontakt.<br \/>\nDe flesta tyckte att Suss gjorde bra d\u00e5 &#8211; inte s\u00e5 m\u00e5nga tyckte att hon var &#8221;too much&#8221; men det fanns n\u00e5gra stycken som tyckte att hon nog skulle l\u00e5ta bli! <img loading=\"lazy\" class=\"alignnone  wp-image-70414\" src=\"http:\/\/www.filindeblogg.nu\/wp-content\/uploads\/2017\/08\/F\u00f6rv\u00e5nad.jpg\" alt=\"\" width=\"90\" height=\"96\" \/><\/p>\n<p><img loading=\"lazy\" class=\"alignnone size-full wp-image-70435\" src=\"http:\/\/www.filindeblogg.nu\/wp-content\/uploads\/2017\/08\/Utbr\u00e4nd-mamma.jpg\" alt=\"\" width=\"128\" height=\"150\" \/>\u00a0Med m\u00e5nga j\u00e4rn i elden hela tiden, en stark vilja att g\u00f6ra gott s\u00e5 h\u00e4nde det som tyv\u00e4rr h\u00e4nder m\u00e5nga &#8211; Suss gick in i v\u00e4ggen, br\u00e4nde ut sig och blev v\u00e4ldigt sjuk. <img loading=\"lazy\" class=\"alignnone size-full wp-image-70436\" src=\"http:\/\/www.filindeblogg.nu\/wp-content\/uploads\/2017\/08\/Brinna-brann-br\u00e4nd.jpg\" alt=\"\" width=\"275\" height=\"183\" \/><\/p>\n<p><img loading=\"lazy\" class=\"alignnone size-medium wp-image-70437\" src=\"http:\/\/www.filindeblogg.nu\/wp-content\/uploads\/2017\/08\/Utbr\u00e4nd-300x134.jpg\" alt=\"\" width=\"300\" height=\"134\" srcset=\"http:\/\/www.filindeblogg.nu\/wp-content\/uploads\/2017\/08\/Utbr\u00e4nd-300x134.jpg 300w, http:\/\/www.filindeblogg.nu\/wp-content\/uploads\/2017\/08\/Utbr\u00e4nd.jpg 335w\" sizes=\"(max-width: 300px) 100vw, 300px\" \/> Det var en fruktansv\u00e4rd och f\u00f6rg\u00f6rande upplevelse. N\u00e5got som f\u00f6r alltid f\u00f6r\u00e4ndrade Suss. Hon hade samma gl\u00f6d, samma vilja men orken fanns inte l\u00e4ngre p\u00e5 samma s\u00e4tt.<\/p>\n<p>N\u00e4r det var som allra v\u00e4rst bodde Suss hemma hos sina gamla f\u00f6r\u00e4ldrar och orkade absolut ingenting. Panik\u00e5ngest och en otroligt tr\u00f6tthet var hennes liv under ett halv\u00e5r.<\/p>\n<p><img loading=\"lazy\" class=\"alignnone  wp-image-70444\" src=\"http:\/\/www.filindeblogg.nu\/wp-content\/uploads\/2017\/08\/206-225x300.jpg\" alt=\"\" width=\"106\" height=\"142\" srcset=\"http:\/\/www.filindeblogg.nu\/wp-content\/uploads\/2017\/08\/206-225x300.jpg 225w, http:\/\/www.filindeblogg.nu\/wp-content\/uploads\/2017\/08\/206.jpg 450w\" sizes=\"(max-width: 106px) 100vw, 106px\" \/> Men som den person hon \u00e4r &#8211; n\u00e4r hon b\u00f6rjat repa sig lite ville hon k\u00e4mpa f\u00f6r att andra inte skulle beh\u00f6va drabbas som hon. F\u00f6r mycket h\u00e5rt jobb, f\u00f6r m\u00e5nga krav, f\u00f6r lite tid.<br \/>\nHon och v\u00e4nner startade f\u00f6reningen <strong>&#8221;Tid f\u00f6r Sverige&#8221;<\/strong> f\u00f6r att agera mot utbr\u00e4ndhet.\u00a0 F\u00f6reningen implementerades snart i vad som skulle komma att bli ett nytt parti &#8211; <strong>Feministiskt initiativ<\/strong>!<\/p>\n<p><img loading=\"lazy\" class=\"size-medium wp-image-70433 aligncenter\" src=\"http:\/\/www.filindeblogg.nu\/wp-content\/uploads\/2017\/08\/042-225x300.jpg\" alt=\"\" width=\"225\" height=\"300\" srcset=\"http:\/\/www.filindeblogg.nu\/wp-content\/uploads\/2017\/08\/042-225x300.jpg 225w, http:\/\/www.filindeblogg.nu\/wp-content\/uploads\/2017\/08\/042.jpg 450w\" sizes=\"(max-width: 225px) 100vw, 225px\" \/><\/p>\n<p>Nu var allm\u00e4nheten delad! N\u00e5gra tyckte att Suss var modig och bra. Det ropades <em>&#8221;Heja, heja!&#8221;<\/em> p\u00e5 stan n\u00e4r hon gick ut. Men det fanns andra som spydde sin galla.<br \/>\nSom vanligt&#8230; <img loading=\"lazy\" class=\"alignnone  wp-image-70414\" src=\"http:\/\/www.filindeblogg.nu\/wp-content\/uploads\/2017\/08\/F\u00f6rv\u00e5nad.jpg\" alt=\"\" width=\"90\" height=\"96\" \/><\/p>\n<p>Men sen blev det riktigt illa!!\u00a0<img loading=\"lazy\" class=\"alignnone  wp-image-70438\" src=\"http:\/\/www.filindeblogg.nu\/wp-content\/uploads\/2017\/08\/680-300x168.jpg\" alt=\"\" width=\"239\" height=\"134\" srcset=\"http:\/\/www.filindeblogg.nu\/wp-content\/uploads\/2017\/08\/680-300x168.jpg 300w, http:\/\/www.filindeblogg.nu\/wp-content\/uploads\/2017\/08\/680.jpg 680w\" sizes=\"(max-width: 239px) 100vw, 239px\" \/> N\u00e4r kv\u00e4llstidningarna gick ut med rubriker som<\/p>\n<h1 class=\"b-article__header__heading\">Fi-ledaren misst\u00e4nks f\u00f6r bedr\u00e4geri<\/h1>\n<p>d\u00e5 kr\u00e4ktes en allm\u00e4nhet fullst\u00e4ndigt ner <em>&#8221;den d\u00e4r Linde&#8221;<\/em>!<\/p>\n<p>Artikeln fr\u00e5n 8 april 2005 finner ni <a href=\"http:\/\/www.expressen.se\/nyheter\/fi-ledaren-misstanks-for-bedrageri\/\"><strong>H\u00c4R!<\/strong><\/a> Den dagen hade Expressens l\u00f6psedlar i Arboga bara en enda stor bild &#8211; den p\u00e5 Suss med rubriken ovan&#8230;<\/p>\n<p>Det spelade ingen roll att Suss inte hade gjort n\u00e5got fel. Att hon f\u00f6rklarat allt f\u00f6r F\u00f6rs\u00e4kringskassan om sin sjukskrivning och sitt deltagande tillsammans med Fi &#8211; n\u00e4r Suss gick in i aff\u00e4rena i lilla Arboga d\u00e5 gick folk ut!<br \/>\nOch F\u00f6rs\u00e4kringskassan gjorde helt om och drog in Suss sjukbidrag. Detta fick de bakl\u00e4xa p\u00e5 n\u00e4r Suss vann i L\u00e4nsr\u00e4tten och domaren gav Suss r\u00e4tt.<br \/>\n<img loading=\"lazy\" class=\"alignnone  wp-image-70439\" src=\"http:\/\/www.filindeblogg.nu\/wp-content\/uploads\/2017\/08\/Suss-vann-300x160.jpg\" alt=\"\" width=\"238\" height=\"127\" srcset=\"http:\/\/www.filindeblogg.nu\/wp-content\/uploads\/2017\/08\/Suss-vann-300x160.jpg 300w, http:\/\/www.filindeblogg.nu\/wp-content\/uploads\/2017\/08\/Suss-vann.jpg 680w\" sizes=\"(max-width: 238px) 100vw, 238px\" \/> Hon vann!! Den artikeln kan ni se <a href=\"http:\/\/www.expressen.se\/nyheter\/fi-ledaren-far-tillbaka-sjukpengen\/\"><strong>H\u00c4R!<\/strong> <\/a><\/p>\n<p>Suss orkade inte all press (i dubbel bem\u00e4rkelse) och hoppade av politiken. Men snart kunde hon inte h\u00e5lla sig l\u00e4ngre&#8230; Det blev Milj\u00f6partiet! <img loading=\"lazy\" class=\"alignnone  wp-image-70440\" src=\"http:\/\/www.filindeblogg.nu\/wp-content\/uploads\/2017\/08\/IMG_7055-300x225.jpg\" alt=\"\" width=\"196\" height=\"147\" srcset=\"http:\/\/www.filindeblogg.nu\/wp-content\/uploads\/2017\/08\/IMG_7055-300x225.jpg 300w, http:\/\/www.filindeblogg.nu\/wp-content\/uploads\/2017\/08\/IMG_7055.jpg 308w\" sizes=\"(max-width: 196px) 100vw, 196px\" \/><br \/>\nNu mottogs hon mestadels bra av lokalbefolkningen och partiet fick m\u00e5nga r\u00f6ster i valet. S\u00e5 pass m\u00e5nga att Suss kom med i kommunfullm\u00e4ktige.<br \/>\nMen nu fanns de fler som m\u00e5dde d\u00e5ligt av Suss engagemang &#8211; de andra partierna hade en en del mindre nogr\u00e4knade medlemmar.\u00a0<img loading=\"lazy\" class=\"alignnone  wp-image-70414\" src=\"http:\/\/www.filindeblogg.nu\/wp-content\/uploads\/2017\/08\/F\u00f6rv\u00e5nad.jpg\" alt=\"\" width=\"90\" height=\"96\" \/> <em>&#8221;Den d\u00e4r j\u00e4vla Susanne Linde!&#8221;<\/em><\/p>\n<p><em>\u00a0<img loading=\"lazy\" class=\"alignnone  wp-image-70449\" src=\"http:\/\/www.filindeblogg.nu\/wp-content\/uploads\/2017\/08\/1994320607-225x300.jpg\" alt=\"\" width=\"134\" height=\"179\" srcset=\"http:\/\/www.filindeblogg.nu\/wp-content\/uploads\/2017\/08\/1994320607-225x300.jpg 225w, http:\/\/www.filindeblogg.nu\/wp-content\/uploads\/2017\/08\/1994320607.jpg 300w\" sizes=\"(max-width: 134px) 100vw, 134px\" \/><\/em> \u00c5ss\u00e5 allm\u00e4nheten!!\u00a0<img loading=\"lazy\" class=\"alignnone  wp-image-70414\" src=\"http:\/\/www.filindeblogg.nu\/wp-content\/uploads\/2017\/08\/F\u00f6rv\u00e5nad.jpg\" alt=\"\" width=\"90\" height=\"96\" \/> &#8221;-<em> Fy fan, f\u00f6r den d\u00e4r j\u00e4vla Linde! Hur kan man hoppa mellan olika partier p\u00e5 det d\u00e4r viset!!??&#8221;<br \/>\n<\/em>\u00a0Suss brydde sig inte det minsta! Numera var hon van&#8230;<\/p>\n<p>Det hon inte var van vid l\u00e4ngre var stressen, pressen &#8211; hon orkade inte alls som f\u00f6rr. Hon hoppade av politiken helt.<br \/>\n<img loading=\"lazy\" class=\"alignnone  wp-image-70414\" src=\"http:\/\/www.filindeblogg.nu\/wp-content\/uploads\/2017\/08\/F\u00f6rv\u00e5nad.jpg\" alt=\"\" width=\"90\" height=\"96\" \/> Belackarna var snart d\u00e4r:<em>&#8221;- Ha ha ha, ja hon \u00e4r ju inte klok den d\u00e4r j\u00e4vla Linde!&#8221;<\/em><\/p>\n<p><img loading=\"lazy\" class=\"alignnone  wp-image-70434\" src=\"http:\/\/www.filindeblogg.nu\/wp-content\/uploads\/2017\/08\/Susanne-i-Arboga-Tidning-18-okt-2012-225x300.jpg\" alt=\"\" width=\"134\" height=\"179\" srcset=\"http:\/\/www.filindeblogg.nu\/wp-content\/uploads\/2017\/08\/Susanne-i-Arboga-Tidning-18-okt-2012-225x300.jpg 225w, http:\/\/www.filindeblogg.nu\/wp-content\/uploads\/2017\/08\/Susanne-i-Arboga-Tidning-18-okt-2012.jpg 375w\" sizes=\"(max-width: 134px) 100vw, 134px\" \/> 2012 kallas hon <em>&#8221;Den frispr\u00e5kiga bloggaren&#8221;<\/em> i lokaltidningen och kr\u00e4ver st\u00f6rre engagemang mot v\u00e5ldsamheter som drabbat hemstaden.<\/p>\n<p><img loading=\"lazy\" class=\"alignnone  wp-image-70414\" src=\"http:\/\/www.filindeblogg.nu\/wp-content\/uploads\/2017\/08\/F\u00f6rv\u00e5nad.jpg\" alt=\"\" width=\"90\" height=\"96\" \/> <em>&#8221;Ja, se den d\u00e4r j\u00e4vla Susanne Linde!!&#8221; <\/em>Bysnacket gick&#8230;<\/p>\n<p><img loading=\"lazy\" class=\"aligncenter size-full wp-image-70457\" src=\"http:\/\/www.filindeblogg.nu\/wp-content\/uploads\/2017\/08\/Oh-you-hate-me.jpg\" alt=\"\" width=\"225\" height=\"225\" srcset=\"http:\/\/www.filindeblogg.nu\/wp-content\/uploads\/2017\/08\/Oh-you-hate-me.jpg 225w, http:\/\/www.filindeblogg.nu\/wp-content\/uploads\/2017\/08\/Oh-you-hate-me-150x150.jpg 150w, http:\/\/www.filindeblogg.nu\/wp-content\/uploads\/2017\/08\/Oh-you-hate-me-144x144.jpg 144w\" sizes=\"(max-width: 225px) 100vw, 225px\" \/><\/p>\n<p><img loading=\"lazy\" class=\"alignnone  wp-image-70447\" src=\"http:\/\/www.filindeblogg.nu\/wp-content\/uploads\/2017\/08\/Debatterande-Susanne-259x300.jpg\" alt=\"\" width=\"181\" height=\"210\" srcset=\"http:\/\/www.filindeblogg.nu\/wp-content\/uploads\/2017\/08\/Debatterande-Susanne-259x300.jpg 259w, http:\/\/www.filindeblogg.nu\/wp-content\/uploads\/2017\/08\/Debatterande-Susanne.jpg 518w\" sizes=\"(max-width: 181px) 100vw, 181px\" \/>\u00a0Suss brydde sig inte l\u00e4ngre om pratet. K\u00e4nde sig mer s\u00e5 h\u00e4r: <img loading=\"lazy\" class=\"alignnone size-full wp-image-70441\" src=\"http:\/\/www.filindeblogg.nu\/wp-content\/uploads\/2017\/08\/Snacka-skit-och-jag-\u00e4r-b\u00e4ttre.png\" alt=\"\" width=\"225\" height=\"225\" srcset=\"http:\/\/www.filindeblogg.nu\/wp-content\/uploads\/2017\/08\/Snacka-skit-och-jag-\u00e4r-b\u00e4ttre.png 225w, http:\/\/www.filindeblogg.nu\/wp-content\/uploads\/2017\/08\/Snacka-skit-och-jag-\u00e4r-b\u00e4ttre-150x150.png 150w, http:\/\/www.filindeblogg.nu\/wp-content\/uploads\/2017\/08\/Snacka-skit-och-jag-\u00e4r-b\u00e4ttre-144x144.png 144w\" sizes=\"(max-width: 225px) 100vw, 225px\" \/><\/p>\n<p><img loading=\"lazy\" class=\"alignnone  wp-image-70443\" src=\"http:\/\/www.filindeblogg.nu\/wp-content\/uploads\/2017\/08\/IMG_3230-2-Kopia-300x225.jpg\" alt=\"\" width=\"256\" height=\"192\" srcset=\"http:\/\/www.filindeblogg.nu\/wp-content\/uploads\/2017\/08\/IMG_3230-2-Kopia-300x225.jpg 300w, http:\/\/www.filindeblogg.nu\/wp-content\/uploads\/2017\/08\/IMG_3230-2-Kopia.jpg 461w\" sizes=\"(max-width: 256px) 100vw, 256px\" \/>\u00a0Men livet \u00e4r inte bara engagemang och kamp f\u00f6r andra n\u00e4r det g\u00e4ller Suss. Det var det egna livet ocks\u00e5. <img loading=\"lazy\" class=\"alignnone  wp-image-70448\" src=\"http:\/\/www.filindeblogg.nu\/wp-content\/uploads\/2017\/08\/Felix-och-jag-fikar-i-solskenet-2-mars-11-Kopia-225x300.jpg\" alt=\"\" width=\"165\" height=\"220\" srcset=\"http:\/\/www.filindeblogg.nu\/wp-content\/uploads\/2017\/08\/Felix-och-jag-fikar-i-solskenet-2-mars-11-Kopia-225x300.jpg 225w, http:\/\/www.filindeblogg.nu\/wp-content\/uploads\/2017\/08\/Felix-och-jag-fikar-i-solskenet-2-mars-11-Kopia.jpg 346w\" sizes=\"(max-width: 165px) 100vw, 165px\" \/> Den egna kampen. <img loading=\"lazy\" class=\"alignnone  wp-image-70450\" src=\"http:\/\/www.filindeblogg.nu\/wp-content\/uploads\/2017\/08\/IMG_5026-2-225x300.jpg\" alt=\"\" width=\"166\" height=\"221\" srcset=\"http:\/\/www.filindeblogg.nu\/wp-content\/uploads\/2017\/08\/IMG_5026-2-225x300.jpg 225w, http:\/\/www.filindeblogg.nu\/wp-content\/uploads\/2017\/08\/IMG_5026-2.jpg 346w\" sizes=\"(max-width: 166px) 100vw, 166px\" \/><\/p>\n<p><img loading=\"lazy\" class=\"alignnone  wp-image-70451\" src=\"http:\/\/www.filindeblogg.nu\/wp-content\/uploads\/2017\/08\/Divorced-Diva-fest-Mors-Dag-2010-Kopia-252x300.jpg\" alt=\"\" width=\"187\" height=\"223\" srcset=\"http:\/\/www.filindeblogg.nu\/wp-content\/uploads\/2017\/08\/Divorced-Diva-fest-Mors-Dag-2010-Kopia-252x300.jpg 252w, http:\/\/www.filindeblogg.nu\/wp-content\/uploads\/2017\/08\/Divorced-Diva-fest-Mors-Dag-2010-Kopia.jpg 291w\" sizes=\"(max-width: 187px) 100vw, 187px\" \/> Mannen i hennes liv l\u00e4mnade henne efter m\u00e5nga \u00e5r tillsammans. Hon tog det mycket h\u00e5rt. Firade trots allt med grannen Lisa som tyckte att hon sannerligen borde fira sitt nya fria liv.<\/p>\n<p><img loading=\"lazy\" class=\"alignnone  wp-image-70453\" src=\"http:\/\/www.filindeblogg.nu\/wp-content\/uploads\/2017\/08\/IMG_3141-Kopia-225x300.jpg\" alt=\"\" width=\"169\" height=\"225\" srcset=\"http:\/\/www.filindeblogg.nu\/wp-content\/uploads\/2017\/08\/IMG_3141-Kopia-225x300.jpg 225w, http:\/\/www.filindeblogg.nu\/wp-content\/uploads\/2017\/08\/IMG_3141-Kopia.jpg 346w\" sizes=\"(max-width: 169px) 100vw, 169px\" \/> Visst &#8211; hon h\u00f6ll god min. Visade upp ett coolt face! <img loading=\"lazy\" class=\"alignnone  wp-image-70455\" src=\"http:\/\/www.filindeblogg.nu\/wp-content\/uploads\/2017\/08\/Efter-300x225.jpg\" alt=\"\" width=\"219\" height=\"164\" srcset=\"http:\/\/www.filindeblogg.nu\/wp-content\/uploads\/2017\/08\/Efter-300x225.jpg 300w, http:\/\/www.filindeblogg.nu\/wp-content\/uploads\/2017\/08\/Efter.jpg 615w\" sizes=\"(max-width: 219px) 100vw, 219px\" \/><br \/>\nMen inuti fanns t\u00e5rarna. <img loading=\"lazy\" class=\"alignnone  wp-image-70454\" src=\"http:\/\/www.filindeblogg.nu\/wp-content\/uploads\/2017\/08\/IMG_4766-2-225x300.jpg\" alt=\"\" width=\"179\" height=\"239\" srcset=\"http:\/\/www.filindeblogg.nu\/wp-content\/uploads\/2017\/08\/IMG_4766-2-225x300.jpg 225w, http:\/\/www.filindeblogg.nu\/wp-content\/uploads\/2017\/08\/IMG_4766-2-768x1024.jpg 768w\" sizes=\"(max-width: 179px) 100vw, 179px\" \/> Att bli l\u00e4mnad av den man \u00e4lskat och trott p\u00e5 &#8211; var mycket h\u00e5rt.<\/p>\n<p><img loading=\"lazy\" class=\"alignnone  wp-image-70470\" src=\"http:\/\/www.filindeblogg.nu\/wp-content\/uploads\/2017\/08\/Susanne-loj-i-San-Agustin-300x225.jpg\" alt=\"\" width=\"231\" height=\"173\" srcset=\"http:\/\/www.filindeblogg.nu\/wp-content\/uploads\/2017\/08\/Susanne-loj-i-San-Agustin-300x225.jpg 300w, http:\/\/www.filindeblogg.nu\/wp-content\/uploads\/2017\/08\/Susanne-loj-i-San-Agustin.jpg 461w\" sizes=\"(max-width: 231px) 100vw, 231px\" \/>\u00a0Livet blev m\u00f6rkt och sv\u00e5rt. De egna engagemangen uteblev.<br \/>\nVardagen k\u00e4ndes bara seg och gr\u00e5. <img loading=\"lazy\" class=\"alignnone  wp-image-70464\" src=\"http:\/\/www.filindeblogg.nu\/wp-content\/uploads\/2017\/08\/Gr\u00e5t-Susanne-225x300.jpg\" alt=\"\" width=\"185\" height=\"247\" srcset=\"http:\/\/www.filindeblogg.nu\/wp-content\/uploads\/2017\/08\/Gr\u00e5t-Susanne-225x300.jpg 225w, http:\/\/www.filindeblogg.nu\/wp-content\/uploads\/2017\/08\/Gr\u00e5t-Susanne.jpg 346w\" sizes=\"(max-width: 185px) 100vw, 185px\" \/> \u00c5ren gick &#8211; hon vande sig vid detta nya liv. MEN &#8211; s\u00e5 en dag h\u00e4nde det till synes om\u00f6jliga! Hon blev k\u00e4r!<br \/>\n<img loading=\"lazy\" class=\"alignnone  wp-image-70458\" src=\"http:\/\/www.filindeblogg.nu\/wp-content\/uploads\/2017\/08\/058-300x256.jpg\" alt=\"\" width=\"155\" height=\"132\" srcset=\"http:\/\/www.filindeblogg.nu\/wp-content\/uploads\/2017\/08\/058-300x256.jpg 300w, http:\/\/www.filindeblogg.nu\/wp-content\/uploads\/2017\/08\/058.jpg 417w\" sizes=\"(max-width: 155px) 100vw, 155px\" \/><img loading=\"lazy\" class=\"alignnone  wp-image-70414\" src=\"http:\/\/www.filindeblogg.nu\/wp-content\/uploads\/2017\/08\/F\u00f6rv\u00e5nad.jpg\" alt=\"\" width=\"62\" height=\"66\" \/><img loading=\"lazy\" class=\"alignnone  wp-image-70459\" src=\"http:\/\/www.filindeblogg.nu\/wp-content\/uploads\/2017\/08\/050-300x231.jpg\" alt=\"\" width=\"172\" height=\"132\" srcset=\"http:\/\/www.filindeblogg.nu\/wp-content\/uploads\/2017\/08\/050-300x231.jpg 300w, http:\/\/www.filindeblogg.nu\/wp-content\/uploads\/2017\/08\/050.jpg 450w\" sizes=\"(max-width: 172px) 100vw, 172px\" \/><img loading=\"lazy\" class=\"alignnone  wp-image-70414\" src=\"http:\/\/www.filindeblogg.nu\/wp-content\/uploads\/2017\/08\/F\u00f6rv\u00e5nad.jpg\" alt=\"\" width=\"62\" height=\"66\" \/><img loading=\"lazy\" class=\"alignnone  wp-image-70460\" src=\"http:\/\/www.filindeblogg.nu\/wp-content\/uploads\/2017\/08\/054-300x259.jpg\" alt=\"\" width=\"154\" height=\"133\" srcset=\"http:\/\/www.filindeblogg.nu\/wp-content\/uploads\/2017\/08\/054-300x259.jpg 300w, http:\/\/www.filindeblogg.nu\/wp-content\/uploads\/2017\/08\/054.jpg 450w\" sizes=\"(max-width: 154px) 100vw, 154px\" \/> En ny man kom pl\u00f6tsligt in i hennes liv! Och med det massor av annat!<br \/>\n17 kilo ner i vikt! Nya kl\u00e4der, ny frisyr, nytt liv! En gladare, lyckligare Suss! Underbart!!\u00a0<img loading=\"lazy\" class=\"alignnone size-medium wp-image-70461\" src=\"http:\/\/www.filindeblogg.nu\/wp-content\/uploads\/2017\/08\/Suss-helad-Kopia-300x233.jpg\" alt=\"\" width=\"300\" height=\"233\" srcset=\"http:\/\/www.filindeblogg.nu\/wp-content\/uploads\/2017\/08\/Suss-helad-Kopia-300x233.jpg 300w, http:\/\/www.filindeblogg.nu\/wp-content\/uploads\/2017\/08\/Suss-helad-Kopia.jpg 463w\" sizes=\"(max-width: 300px) 100vw, 300px\" \/><\/p>\n<p>MEN!! <img loading=\"lazy\" class=\"alignnone  wp-image-70414\" src=\"http:\/\/www.filindeblogg.nu\/wp-content\/uploads\/2017\/08\/F\u00f6rv\u00e5nad.jpg\" alt=\"\" width=\"90\" height=\"96\" \/> Nu var det ju definitivt f\u00e4rdigt igen! Folk skulle absolut veta vem HAN var och helst alla detaljer! En del var glada, andra skadeglada p\u00e5 grund av \u00e5ldersskillnaden och en del var f\u00f6rst\u00e5s riktigt uppr\u00f6rda&#8230;<\/p>\n<p><img loading=\"lazy\" class=\"alignnone size-full wp-image-70462\" src=\"http:\/\/www.filindeblogg.nu\/wp-content\/uploads\/2017\/08\/Facebookskitsnack.png\" alt=\"\" width=\"220\" height=\"229\" \/> Kletade ner Facebook med skitsnack&#8230; S\u00c5 tr\u00f6ttsamt och fullst\u00e4ndigt v\u00e4rdel\u00f6st. <img loading=\"lazy\" class=\"alignnone size-full wp-image-70463\" src=\"http:\/\/www.filindeblogg.nu\/wp-content\/uploads\/2017\/08\/Facebookliv.jpg\" alt=\"\" width=\"236\" height=\"165\" \/><\/p>\n<p><img loading=\"lazy\" class=\"alignnone  wp-image-70465\" src=\"http:\/\/www.filindeblogg.nu\/wp-content\/uploads\/2017\/08\/IMG_0353-225x300.jpg\" alt=\"\" width=\"147\" height=\"196\" srcset=\"http:\/\/www.filindeblogg.nu\/wp-content\/uploads\/2017\/08\/IMG_0353-225x300.jpg 225w, http:\/\/www.filindeblogg.nu\/wp-content\/uploads\/2017\/08\/IMG_0353.jpg 480w\" sizes=\"(max-width: 147px) 100vw, 147px\" \/> Och bryr hon sig, Suss? Inte n\u00e4mnv\u00e4rt! Om det inte drabbar den egna familjen eller \u00e4lsklingens f\u00f6rst\u00e5s!<br \/>\nD\u00c5 blir hon en TIGER! <img loading=\"lazy\" class=\"alignnone size-full wp-image-70466\" src=\"http:\/\/www.filindeblogg.nu\/wp-content\/uploads\/2017\/08\/Dont-mess-with-me.jpg\" alt=\"\" width=\"187\" height=\"245\" \/><\/p>\n<p><img loading=\"lazy\" class=\"aligncenter size-full wp-image-70467\" src=\"http:\/\/www.filindeblogg.nu\/wp-content\/uploads\/2017\/08\/Mess-with-me-not-my-family-karma.jpg\" alt=\"\" width=\"248\" height=\"203\" \/><\/p>\n<p>Vad ville bloggaren s\u00e4ga med det h\u00e4r m\u00e4rkliga inl\u00e4gget d\u00e5 denna s\u00f6ndag!?<\/p>\n<p>Jo, dels &#8211; SLUTA SNACKA SKIT OM FOLK DU INTE HAR EN ANING OM VEM ELLER HUR DOM \u00c4R!!<br \/>\nEller \u00e4nnu hellre &#8211; SLUTA MED SKITSNACK \u00d6VER HUVUD TAGET!! SKITSNACK \u00c4R MOBBING!! G\u00f6r dig inte till \u00e5tl\u00f6je genom ett s\u00e5dant l\u00e5gt beteende!<br \/>\nGl\u00e4ds ist\u00e4llet med dom som det g\u00e5r bra f\u00f6r, som finner lycka och gl\u00e4dje igen. T\u00e4nk positivt och du kommer att m\u00e4rka att ditt eget liv ocks\u00e5 blir positivt!<\/p>\n<p><img loading=\"lazy\" class=\"alignnone size-full wp-image-70468\" src=\"http:\/\/www.filindeblogg.nu\/wp-content\/uploads\/2017\/08\/Prata-skit-och-jag-\u00e4r-i-centrum.jpg\" alt=\"\" width=\"268\" height=\"188\" \/> Ja, s\u00e5 \u00e4r det ju!<\/p>\n<p>S\u00e5 sluta l\u00e4gg dig i andras liv och skaffa ett eget! <img loading=\"lazy\" class=\"alignnone  wp-image-70469\" src=\"http:\/\/www.filindeblogg.nu\/wp-content\/uploads\/2017\/08\/Prata-skit-2.jpg\" alt=\"\" width=\"190\" height=\"174\" \/><\/p>\n<p>Och ni som har \u00e5sikter om Susanne Lindes liv &#8211; vad hon g\u00f6r och inte &#8211; hur hon agerar eller inte &#8211; TA KONTAKT MED HENNE! Bloggaren f\u00f6rmedlar g\u00e4rna fr\u00e5gor och svar! \ud83d\ude09<br \/>\nF\u00f6r som ni s\u00e5g i inledningen s\u00e5 pratar folk fortfarande bakom ryggen p\u00e5 denna kvinna! <img loading=\"lazy\" class=\"alignnone  wp-image-70414\" src=\"http:\/\/www.filindeblogg.nu\/wp-content\/uploads\/2017\/08\/F\u00f6rv\u00e5nad.jpg\" alt=\"\" width=\"90\" height=\"96\" \/>Fr\u00e5n en trist allm\u00e4nhet som inte har annat att l\u00e4gga tiden p\u00e5 &#8211; till ideella organisationer och f\u00f6retag &#8211; ja, faktiskt! <img loading=\"lazy\" class=\"alignnone  wp-image-70414\" src=\"http:\/\/www.filindeblogg.nu\/wp-content\/uploads\/2017\/08\/F\u00f6rv\u00e5nad.jpg\" alt=\"\" width=\"90\" height=\"96\" \/><br \/>\nS\u00c5 sm\u00e5 kan m\u00e4nniskor vara!<\/p>\n<p>Men tror ni hon bryr sig!? Inte d\u00e5!! Jo, det kan st\u00e4rka henne, har bloggaren f\u00f6rst\u00e5tt! G\u00f6ra henne \u00e4nnu mer stridbar och entusiastisk &#8211; men det \u00e4r bara v\u00e4lvilja och godhet som driver henne &#8211; kalla det k\u00e4rlek. <img loading=\"lazy\" class=\"alignnone  wp-image-70367\" src=\"http:\/\/www.filindeblogg.nu\/wp-content\/uploads\/2017\/08\/Hj\u00e4rta.jpg\" alt=\"\" width=\"26\" height=\"21\" \/><\/p>\n<p><img loading=\"lazy\" class=\"alignnone  wp-image-70471\" src=\"http:\/\/www.filindeblogg.nu\/wp-content\/uploads\/2017\/08\/Skrivande-208x300.jpg\" alt=\"\" width=\"166\" height=\"239\" srcset=\"http:\/\/www.filindeblogg.nu\/wp-content\/uploads\/2017\/08\/Skrivande-208x300.jpg 208w, http:\/\/www.filindeblogg.nu\/wp-content\/uploads\/2017\/08\/Skrivande.jpg 444w\" sizes=\"(max-width: 166px) 100vw, 166px\" \/> Hon forts\u00e4tter! <img loading=\"lazy\" class=\"alignnone  wp-image-70472\" src=\"http:\/\/www.filindeblogg.nu\/wp-content\/uploads\/2017\/08\/IMG_0368-225x300.jpg\" alt=\"\" width=\"181\" height=\"241\" srcset=\"http:\/\/www.filindeblogg.nu\/wp-content\/uploads\/2017\/08\/IMG_0368-225x300.jpg 225w, http:\/\/www.filindeblogg.nu\/wp-content\/uploads\/2017\/08\/IMG_0368.jpg 480w\" sizes=\"(max-width: 181px) 100vw, 181px\" \/><\/p>\n<p><img loading=\"lazy\" class=\"alignnone  wp-image-70473\" src=\"http:\/\/www.filindeblogg.nu\/wp-content\/uploads\/2017\/08\/IMG_0394-225x300.jpg\" alt=\"\" width=\"187\" height=\"249\" srcset=\"http:\/\/www.filindeblogg.nu\/wp-content\/uploads\/2017\/08\/IMG_0394-225x300.jpg 225w, http:\/\/www.filindeblogg.nu\/wp-content\/uploads\/2017\/08\/IMG_0394.jpg 480w\" sizes=\"(max-width: 187px) 100vw, 187px\" \/> \u00c4r som hon \u00e4r! <img loading=\"lazy\" class=\"alignnone  wp-image-70474\" src=\"http:\/\/www.filindeblogg.nu\/wp-content\/uploads\/2017\/08\/IMG_0393-225x300.jpg\" alt=\"\" width=\"141\" height=\"188\" srcset=\"http:\/\/www.filindeblogg.nu\/wp-content\/uploads\/2017\/08\/IMG_0393-225x300.jpg 225w, http:\/\/www.filindeblogg.nu\/wp-content\/uploads\/2017\/08\/IMG_0393.jpg 480w\" sizes=\"(max-width: 141px) 100vw, 141px\" \/><\/p>\n<p><img loading=\"lazy\" class=\"aligncenter size-medium wp-image-70475\" src=\"http:\/\/www.filindeblogg.nu\/wp-content\/uploads\/2017\/08\/Puss-3-300x296.jpg\" alt=\"\" width=\"300\" height=\"296\" srcset=\"http:\/\/www.filindeblogg.nu\/wp-content\/uploads\/2017\/08\/Puss-3-300x296.jpg 300w, http:\/\/www.filindeblogg.nu\/wp-content\/uploads\/2017\/08\/Puss-3.jpg 377w\" sizes=\"(max-width: 300px) 100vw, 300px\" \/><\/p>\n<p>&nbsp;<\/p>\n<p>&nbsp;<\/p>\n<p>&nbsp;<\/p>\n<p>&nbsp;<\/p>\n<p>&nbsp;<\/p>\n<p>&nbsp;<\/p>\n<p>&nbsp;<\/p>\n<p>&nbsp;<\/p>\n<p>&nbsp;<\/p>\n<p>&nbsp;<\/p>\n<p>&nbsp;<\/p>\n<p>&nbsp;<\/p>\n<p>&nbsp;<\/p>\n<p>&nbsp;<\/p>\n<p>&nbsp;<\/p>\n<p>&nbsp;<\/p>\n<p>&nbsp;<\/p>\n<p>&nbsp;<\/p>\n<p>&nbsp;<\/p>\n","protected":false},"excerpt":{"rendered":"<p>Det h\u00e4r \u00e4r en blogg om en kvinna som bloggaren k\u00e4nner ganska v\u00e4l. Och om mobbing &#8211; p\u00e5 olika niv\u00e5er och hur det kan upplevas. F\u00f6r enkelhetens skull kan vi kalla den h\u00e4r kvinnan Suss. Id\u00e9n till bloggen kom h\u00e4r om dagen n\u00e4r Suss \u00e5ter fick h\u00f6ra rykten. En v\u00e4n till Suss f\u00f6rklarade hur hon [&hellip;]<\/p>\n","protected":false},"author":1,"featured_media":0,"comment_status":"open","ping_status":"open","sticky":false,"template":"","format":"standard","meta":[],"categories":[127,107,218,196,161,203,100,204,132,119,201,110,212,140,101],"tags":[],"_links":{"self":[{"href":"http:\/\/www.filindeblogg.nu\/index.php?rest_route=\/wp\/v2\/posts\/70412"}],"collection":[{"href":"http:\/\/www.filindeblogg.nu\/index.php?rest_route=\/wp\/v2\/posts"}],"about":[{"href":"http:\/\/www.filindeblogg.nu\/index.php?rest_route=\/wp\/v2\/types\/post"}],"author":[{"embeddable":true,"href":"http:\/\/www.filindeblogg.nu\/index.php?rest_route=\/wp\/v2\/users\/1"}],"replies":[{"embeddable":true,"href":"http:\/\/www.filindeblogg.nu\/index.php?rest_route=%2Fwp%2Fv2%2Fcomments&post=70412"}],"version-history":[{"count":26,"href":"http:\/\/www.filindeblogg.nu\/index.php?rest_route=\/wp\/v2\/posts\/70412\/revisions"}],"predecessor-version":[{"id":70501,"href":"http:\/\/www.filindeblogg.nu\/index.php?rest_route=\/wp\/v2\/posts\/70412\/revisions\/70501"}],"wp:attachment":[{"href":"http:\/\/www.filindeblogg.nu\/index.php?rest_route=%2Fwp%2Fv2%2Fmedia&parent=70412"}],"wp:term":[{"taxonomy":"category","embeddable":true,"href":"http:\/\/www.filindeblogg.nu\/index.php?rest_route=%2Fwp%2Fv2%2Fcategories&post=70412"},{"taxonomy":"post_tag","embeddable":true,"href":"http:\/\/www.filindeblogg.nu\/index.php?rest_route=%2Fwp%2Fv2%2Ftags&post=70412"}],"curies":[{"name":"wp","href":"https:\/\/api.w.org\/{rel}","templated":true}]}}