{"id":70377,"date":"2017-08-25T16:04:38","date_gmt":"2017-08-25T15:04:38","guid":{"rendered":"http:\/\/www.filindeblogg.nu\/?p=70377"},"modified":"2017-08-25T16:04:38","modified_gmt":"2017-08-25T15:04:38","slug":"reflektioner-2","status":"publish","type":"post","link":"http:\/\/www.filindeblogg.nu\/?p=70377","title":{"rendered":"Reflektioner&#8230;"},"content":{"rendered":"<p><img loading=\"lazy\" class=\"alignnone  wp-image-70379\" src=\"http:\/\/www.filindeblogg.nu\/wp-content\/uploads\/2017\/08\/Fundera-f\u00f6rst-300x169.jpg\" alt=\"\" width=\"215\" height=\"121\" srcset=\"http:\/\/www.filindeblogg.nu\/wp-content\/uploads\/2017\/08\/Fundera-f\u00f6rst-300x169.jpg 300w, http:\/\/www.filindeblogg.nu\/wp-content\/uploads\/2017\/08\/Fundera-f\u00f6rst.jpg 320w\" sizes=\"(max-width: 215px) 100vw, 215px\" \/> Reflektioner. Bloggaren sitter och funderar&#8230;<\/p>\n<p>Reflektion betyder eftertanke, enligt <a href=\"https:\/\/sv.wikipedia.org\/wiki\/Reflexion\"><strong>Wikipedia<\/strong><\/a>.<\/p>\n<p>Bloggaren t\u00e4nker p\u00e5 n\u00e5gra h\u00e4ndelser, reflekterar \u00f6ver dom. Egna \u00e5sikter bara&#8230;<\/p>\n<p><img loading=\"lazy\" class=\"alignnone size-full wp-image-70380\" src=\"http:\/\/www.filindeblogg.nu\/wp-content\/uploads\/2017\/08\/Johaug.jpg\" alt=\"\" width=\"205\" height=\"115\" \/> <strong>Therese Johaug<\/strong>.<br \/>\nI t\u00e5rar. St\u00e4ngs av. Straffas. R\u00e4tt p\u00e5 ett vis men fel p\u00e5 ett annat &#8211; kanske&#8230;?<br \/>\n<img loading=\"lazy\" class=\"alignnone  wp-image-70382\" src=\"http:\/\/www.filindeblogg.nu\/wp-content\/uploads\/2017\/08\/Pil-h\u00f6ger.png\" alt=\"\" width=\"56\" height=\"42\" \/>\u00a0Drevet har g\u00e5tt, Johaug h\u00e4ngs ut, allt hon g\u00f6r \u00e4r pl\u00f6tsligt d\u00e5ligt, det har liksom blivit okey att trycka ner henne.<br \/>\n\u00c4r det s\u00e5 &#8211; eller inte &#8211; en reflektion bara&#8230;<\/p>\n<p><img loading=\"lazy\" class=\"alignnone size-full wp-image-70381\" src=\"http:\/\/www.filindeblogg.nu\/wp-content\/uploads\/2017\/08\/Madsen.jpg\" alt=\"\" width=\"205\" height=\"115\" \/> <strong>Peter Madsen.<\/strong><br \/>\nOlycksh\u00e4ndelse? Dr\u00e5p? Mord? Journalisten Kim Wall \u00e4r d\u00f6d.<br \/>\n<img loading=\"lazy\" class=\"alignnone  wp-image-70382\" src=\"http:\/\/www.filindeblogg.nu\/wp-content\/uploads\/2017\/08\/Pil-h\u00f6ger.png\" alt=\"\" width=\"56\" height=\"42\" \/> Olycksh\u00e4ndelse och Madsen handlar i panik, har det snackats om. Knappast! En olycka kan h\u00e4nda, man kan f\u00e5 panik MEN att stycka en m\u00e4nniskokropp, sl\u00e4nga ut delarna i havet, s\u00e4nka en blodig u-b\u00e5t och sen komma cool upp till ytan visar p\u00e5 kall planering.<br \/>\nR\u00e4tt &#8211; eller inte &#8211; en reflektion bara&#8230;<\/p>\n<p><img loading=\"lazy\" class=\"alignnone  wp-image-70383\" src=\"http:\/\/www.filindeblogg.nu\/wp-content\/uploads\/2017\/08\/Batra-300x169.jpg\" alt=\"\" width=\"203\" height=\"114\" srcset=\"http:\/\/www.filindeblogg.nu\/wp-content\/uploads\/2017\/08\/Batra-300x169.jpg 300w, http:\/\/www.filindeblogg.nu\/wp-content\/uploads\/2017\/08\/Batra-768x432.jpg 768w, http:\/\/www.filindeblogg.nu\/wp-content\/uploads\/2017\/08\/Batra.jpg 995w\" sizes=\"(max-width: 203px) 100vw, 203px\" \/> <strong>Anna Kinberg Batra<\/strong>.<br \/>\nV\u00e4ljer att avg\u00e5 som partiledare f\u00f6r Moderaterna.<br \/>\n<img loading=\"lazy\" class=\"alignnone  wp-image-70382\" src=\"http:\/\/www.filindeblogg.nu\/wp-content\/uploads\/2017\/08\/Pil-h\u00f6ger.png\" alt=\"\" width=\"56\" height=\"42\" \/> V\u00e4ljer!? Fel ord! Internt drev som f\u00f6ljs upp av avr\u00e4ttande media. \u00c4r det l\u00e4ttare att likvidera en kvinnlig toppfigur \u00e4n en manlig? Vad har Kinberg Batra gjort f\u00f6r fel EGENTLIGEN?<br \/>\nT\u00e4nker bloggaren r\u00e4tt &#8211; eller inte &#8211; det \u00e4r en reflektion bara&#8230;<\/p>\n<p>Reflektioner \u00f6ver viktiga h\u00e4ndelser i v\u00e5r tid &#8211; eller inte&#8230;<\/p>\n<p><img loading=\"lazy\" class=\"aligncenter  wp-image-70384\" src=\"http:\/\/www.filindeblogg.nu\/wp-content\/uploads\/2017\/08\/IMG_0340-225x300.jpg\" alt=\"\" width=\"158\" height=\"211\" srcset=\"http:\/\/www.filindeblogg.nu\/wp-content\/uploads\/2017\/08\/IMG_0340-225x300.jpg 225w, http:\/\/www.filindeblogg.nu\/wp-content\/uploads\/2017\/08\/IMG_0340.jpg 480w\" sizes=\"(max-width: 158px) 100vw, 158px\" \/><\/p>\n<p><img loading=\"lazy\" class=\"alignnone size-full wp-image-70386\" src=\"http:\/\/www.filindeblogg.nu\/wp-content\/uploads\/2017\/08\/Fundera-1.jpg\" alt=\"\" width=\"210\" height=\"153\" \/>\u00a0Reflektion handlar om eftertanke, att lite eftersinnat begrunda, kanske dra slutsatser och det \u00e4r vad bloggaren g\u00f6r idag &#8211; och gl\u00f6mmer s\u00e5v\u00e4l Johaug, Madsen som Kinberg Batra &#8211; f\u00f6r den h\u00e4r pojken: <img loading=\"lazy\" class=\"alignnone size-full wp-image-70385\" src=\"http:\/\/www.filindeblogg.nu\/wp-content\/uploads\/2017\/08\/Jack-Berggren-Kopia-Kopia.jpg\" alt=\"\" width=\"79\" height=\"79\" \/><strong>Jack<\/strong>.<\/p>\n<p>F\u00f6r en pojke var han, endast 22 \u00e5r gammal, n\u00e4r han valde att ta sitt liv.<\/p>\n<p>Bloggaren kan inte t\u00e4nka sig n\u00e5got mer fasansfullt \u00e4n att som f\u00f6r\u00e4lder, syskon, flickv\u00e4n eller kompis f\u00e5 uppleva detta.<\/p>\n<p><img loading=\"lazy\" class=\"alignnone  wp-image-70387\" src=\"http:\/\/www.filindeblogg.nu\/wp-content\/uploads\/2017\/08\/fundera-pojke.jpg\" alt=\"\" width=\"213\" height=\"141\" \/> <strong>ALDRIG MER<\/strong> &#8211; \u00e4r ord som kommer f\u00f6r bloggaren.<br \/>\nAldrig mer f\u00e5 prata, krama eller ha kul ihop.<br \/>\nAldrig mer f\u00e5r se personen, h\u00f6ra hans r\u00f6st eller dela tid med honom.<br \/>\nAldrig mer &#8211; dela minnen med Jack. Den tiden \u00e4r f\u00f6r evigt slut nu.<\/p>\n<p>D\u00e5 k\u00e4nns med ens allt annat s\u00e5 fullst\u00e4ndigt ovidkommande&#8230; <img loading=\"lazy\" class=\"alignnone size-full wp-image-70388\" src=\"http:\/\/www.filindeblogg.nu\/wp-content\/uploads\/2017\/08\/Fundera-man.jpg\" alt=\"\" width=\"286\" height=\"176\" \/><\/p>\n<p>Vem bryr sig om en dopad skid\u00e5kare? Hur viktig k\u00e4nns Moderaternas partiledare? Varf\u00f6r t\u00e4nka p\u00e5 Peter Madsen &#8211; han kommer att f\u00e5 sitt straff oavsett vad du har f\u00f6r \u00e5sikter om saken.<\/p>\n<p>Du lever &#8211; n\u00e5gon annan g\u00f6r inte det l\u00e4ngre. Och bortom d\u00f6den oavsett vad vi tror om det &#8211; s\u00e5 \u00e4r skid\u00e5kare, partiledare eller m\u00f6rdare ingenting! Finns inte!<\/p>\n<p>FINNS g\u00f6r d\u00e4remot DU! IDAG &#8211; H\u00c4R OCH NU!<br \/>\nG\u00f6r vad du kan med ditt liv! G\u00f6r vad du kan f\u00f6r andra! INNAN ALLTING \u00c4R F\u00d6R SENT!<\/p>\n<p>Bloggaren var p\u00e5 v\u00e4g fr\u00e5n \u00d6rebro idag och p\u00e5 hemv\u00e4g kom hon att k\u00f6ra genom stan. Fick en glimt av <strong>Jack Berggren<\/strong>s sista f\u00e4rd. Jacks sista cruising. Sista tr\u00e4ffen med v\u00e4nnerna&#8230;<\/p>\n<p><img loading=\"lazy\" class=\"aligncenter size-medium wp-image-70389\" src=\"http:\/\/www.filindeblogg.nu\/wp-content\/uploads\/2017\/08\/Jack-3-300x154.jpg\" alt=\"\" width=\"300\" height=\"154\" srcset=\"http:\/\/www.filindeblogg.nu\/wp-content\/uploads\/2017\/08\/Jack-3-300x154.jpg 300w, http:\/\/www.filindeblogg.nu\/wp-content\/uploads\/2017\/08\/Jack-3.jpg 750w\" sizes=\"(max-width: 300px) 100vw, 300px\" \/><\/p>\n<p>Det var fint. Det var v\u00e4rdigt. Det var m\u00e4ktigt.<\/p>\n<p>Bloggaren t\u00e4nde ett ljus f\u00f6r Jack n\u00e4r hon kom hem. <img loading=\"lazy\" class=\"alignnone  wp-image-70390\" src=\"http:\/\/www.filindeblogg.nu\/wp-content\/uploads\/2017\/08\/IMG_0339-225x300.jpg\" alt=\"\" width=\"144\" height=\"192\" srcset=\"http:\/\/www.filindeblogg.nu\/wp-content\/uploads\/2017\/08\/IMG_0339-225x300.jpg 225w, http:\/\/www.filindeblogg.nu\/wp-content\/uploads\/2017\/08\/IMG_0339.jpg 480w\" sizes=\"(max-width: 144px) 100vw, 144px\" \/><br \/>\nOch pl\u00f6tsligt spelades bara &#8221;sad songs&#8221; p\u00e5 Spotify&#8230; <img loading=\"lazy\" class=\"alignnone  wp-image-70391\" src=\"http:\/\/www.filindeblogg.nu\/wp-content\/uploads\/2017\/08\/IMG_0343-169x300.png\" alt=\"\" width=\"156\" height=\"277\" srcset=\"http:\/\/www.filindeblogg.nu\/wp-content\/uploads\/2017\/08\/IMG_0343-169x300.png 169w, http:\/\/www.filindeblogg.nu\/wp-content\/uploads\/2017\/08\/IMG_0343-576x1024.png 576w, http:\/\/www.filindeblogg.nu\/wp-content\/uploads\/2017\/08\/IMG_0343.png 750w\" sizes=\"(max-width: 156px) 100vw, 156px\" \/><\/p>\n<p>Bloggaren t\u00e4nker p\u00e5 Jack men \u00e4nnu mer p\u00e5 hans mor och far, p\u00e5 <strong>Jonte<\/strong> och systrarna, p\u00e5 flickv\u00e4nnen, b\u00e4sta kompisen. M\u00e5 ni finna styrka i att Jack gjorde ett val och att han nu finns p\u00e5 en underbar plats d\u00e4r ni en g\u00e5ng f\u00e5r m\u00f6ta honom igen. S\u00e5 tror bloggaren.<br \/>\nNi ses igen!<\/p>\n<p><img loading=\"lazy\" class=\"alignnone size-medium wp-image-70392\" src=\"http:\/\/www.filindeblogg.nu\/wp-content\/uploads\/2017\/08\/Jack-Berggren-61x300.jpg\" alt=\"\" width=\"61\" height=\"300\" srcset=\"http:\/\/www.filindeblogg.nu\/wp-content\/uploads\/2017\/08\/Jack-Berggren-61x300.jpg 61w, http:\/\/www.filindeblogg.nu\/wp-content\/uploads\/2017\/08\/Jack-Berggren.jpg 144w\" sizes=\"(max-width: 61px) 100vw, 61px\" \/>\u00a0Och precis som i uppmaningen i d\u00f6dsannonsen h\u00e4r intill &#8211; sk\u00e4nk g\u00e4rna inte bara en tanke utan ocks\u00e5 en g\u00e5va till organisationen <strong>Suicide Zero<\/strong> &#8211; som beskriver sig sj\u00e4lva s\u00e5 h\u00e4r, citat:<br \/>\n<em>&#8221;Vi vill med den ideella organisationens kraft \u00f6ka kunskapen och bilda opinion kring samh\u00e4llsproblemet suicid, lyfta fram nyt\u00e4nkande och konkreta l\u00f6sningar f\u00f6r att r\u00e4dda liv samt minska stigmatiseringen av psykisk oh\u00e4lsa.&#8221;<\/em><br \/>\nKlicka <a href=\"http:\/\/suicidezero.se\/\"><strong>H\u00c4R<\/strong><\/a> f\u00f6r att komma dit.<\/p>\n<p>Som s\u00e5 ofta i denna blogg &#8211; \u00c4LSKA MER &#8211; HATA MINDRE! Livet \u00e4r s\u00e5 kort och du vet aldrig n\u00e4r allting pl\u00f6tsligt \u00e4r f\u00f6rsent &#8211; s\u00e5v\u00e4l f\u00f6r din egen del som f\u00f6r dom du \u00e4lskar.<br \/>\nOch dom du tycker illa om, dom du s\u00e4ger dig inte t\u00e5la eller till och med hata &#8211; gl\u00f6m dessa dumma tankar och se bara det ljusa och positiva i din omv\u00e4rld ist\u00e4llet.<\/p>\n<p>Jack fick ett fantastiskt sista farv\u00e4l men det du kan g\u00f6ra \u00e4r att inte v\u00e4nta tills allting \u00e4r f\u00f6rsent innan du bryr dig, hj\u00e4lper, kramar, \u00e4lskar och f\u00f6rl\u00e5ter. G\u00f6r en fest f\u00f6r dina b\u00e4sta medan de \u00e4r i livet! S\u00e4g sn\u00e4lla ord, ge komplimanger, uppskatta dina v\u00e4nner och skippa hat, h\u00e4mnd och f\u00f6rbannelser. Livet \u00e4r f\u00f6r kort f\u00f6r det.<\/p>\n<p style=\"text-align: center;\">Vila i frid, Jack.<\/p>\n<p><img loading=\"lazy\" class=\"aligncenter size-medium wp-image-70397\" src=\"http:\/\/www.filindeblogg.nu\/wp-content\/uploads\/2017\/08\/IMG_0342-169x300.png\" alt=\"\" width=\"169\" height=\"300\" srcset=\"http:\/\/www.filindeblogg.nu\/wp-content\/uploads\/2017\/08\/IMG_0342-169x300.png 169w, http:\/\/www.filindeblogg.nu\/wp-content\/uploads\/2017\/08\/IMG_0342-576x1024.png 576w, http:\/\/www.filindeblogg.nu\/wp-content\/uploads\/2017\/08\/IMG_0342.png 750w\" sizes=\"(max-width: 169px) 100vw, 169px\" \/><\/p>\n<p><img loading=\"lazy\" class=\"aligncenter size-full wp-image-70393\" src=\"http:\/\/www.filindeblogg.nu\/wp-content\/uploads\/2017\/08\/Kramande-hj\u00e4rta.jpg\" alt=\"\" width=\"219\" height=\"163\" \/><br \/>\n<img loading=\"lazy\" class=\"aligncenter size-medium wp-image-70394\" src=\"http:\/\/www.filindeblogg.nu\/wp-content\/uploads\/2017\/08\/Himmel-300x188.jpg\" alt=\"\" width=\"300\" height=\"188\" srcset=\"http:\/\/www.filindeblogg.nu\/wp-content\/uploads\/2017\/08\/Himmel-300x188.jpg 300w, http:\/\/www.filindeblogg.nu\/wp-content\/uploads\/2017\/08\/Himmel-768x480.jpg 768w, http:\/\/www.filindeblogg.nu\/wp-content\/uploads\/2017\/08\/Himmel-1024x640.jpg 1024w, http:\/\/www.filindeblogg.nu\/wp-content\/uploads\/2017\/08\/Himmel.jpg 1200w\" sizes=\"(max-width: 300px) 100vw, 300px\" \/><\/p>\n<p>&nbsp;<\/p>\n","protected":false},"excerpt":{"rendered":"<p>Reflektioner. Bloggaren sitter och funderar&#8230; Reflektion betyder eftertanke, enligt Wikipedia. Bloggaren t\u00e4nker p\u00e5 n\u00e5gra h\u00e4ndelser, reflekterar \u00f6ver dom. Egna \u00e5sikter bara&#8230; Therese Johaug. I t\u00e5rar. St\u00e4ngs av. Straffas. R\u00e4tt p\u00e5 ett vis men fel p\u00e5 ett annat &#8211; kanske&#8230;? \u00a0Drevet har g\u00e5tt, Johaug h\u00e4ngs ut, allt hon g\u00f6r \u00e4r pl\u00f6tsligt d\u00e5ligt, det har liksom blivit [&hellip;]<\/p>\n","protected":false},"author":1,"featured_media":0,"comment_status":"open","ping_status":"open","sticky":false,"template":"","format":"standard","meta":[],"categories":[1,127,196,203,100,212,101],"tags":[],"_links":{"self":[{"href":"http:\/\/www.filindeblogg.nu\/index.php?rest_route=\/wp\/v2\/posts\/70377"}],"collection":[{"href":"http:\/\/www.filindeblogg.nu\/index.php?rest_route=\/wp\/v2\/posts"}],"about":[{"href":"http:\/\/www.filindeblogg.nu\/index.php?rest_route=\/wp\/v2\/types\/post"}],"author":[{"embeddable":true,"href":"http:\/\/www.filindeblogg.nu\/index.php?rest_route=\/wp\/v2\/users\/1"}],"replies":[{"embeddable":true,"href":"http:\/\/www.filindeblogg.nu\/index.php?rest_route=%2Fwp%2Fv2%2Fcomments&post=70377"}],"version-history":[{"count":16,"href":"http:\/\/www.filindeblogg.nu\/index.php?rest_route=\/wp\/v2\/posts\/70377\/revisions"}],"predecessor-version":[{"id":70411,"href":"http:\/\/www.filindeblogg.nu\/index.php?rest_route=\/wp\/v2\/posts\/70377\/revisions\/70411"}],"wp:attachment":[{"href":"http:\/\/www.filindeblogg.nu\/index.php?rest_route=%2Fwp%2Fv2%2Fmedia&parent=70377"}],"wp:term":[{"taxonomy":"category","embeddable":true,"href":"http:\/\/www.filindeblogg.nu\/index.php?rest_route=%2Fwp%2Fv2%2Fcategories&post=70377"},{"taxonomy":"post_tag","embeddable":true,"href":"http:\/\/www.filindeblogg.nu\/index.php?rest_route=%2Fwp%2Fv2%2Ftags&post=70377"}],"curies":[{"name":"wp","href":"https:\/\/api.w.org\/{rel}","templated":true}]}}