{"id":70171,"date":"2017-08-06T12:25:58","date_gmt":"2017-08-06T11:25:58","guid":{"rendered":"http:\/\/www.filindeblogg.nu\/?p=70171"},"modified":"2017-08-06T13:00:09","modified_gmt":"2017-08-06T12:00:09","slug":"pride-stockholm-och-regnbagschefer-bloggaren-svar-i-kyrkan","status":"publish","type":"post","link":"http:\/\/www.filindeblogg.nu\/?p=70171","title":{"rendered":"Pride Stockholm- och &#8221;regnb\u00e5gschefer&#8221;. Bloggaren sv\u00e4r i kyrkan!"},"content":{"rendered":"<p><img loading=\"lazy\" class=\"alignnone size-medium wp-image-70172\" src=\"http:\/\/www.filindeblogg.nu\/wp-content\/uploads\/2017\/08\/Stockholm-Pride-logo-300x111.jpg\" alt=\"\" width=\"300\" height=\"111\" srcset=\"http:\/\/www.filindeblogg.nu\/wp-content\/uploads\/2017\/08\/Stockholm-Pride-logo-300x111.jpg 300w, http:\/\/www.filindeblogg.nu\/wp-content\/uploads\/2017\/08\/Stockholm-Pride-logo.jpg 412w\" sizes=\"(max-width: 300px) 100vw, 300px\" \/> S\u00e5 h\u00e4r p\u00e5 <strong>Stockholm Pride<\/strong>s sista dag, 6 augusti 2017, en s\u00f6ndag &#8211; kommer bloggaren att &#8221;sv\u00e4ra i kyrkan&#8221; och f\u00f6rmodligen g\u00f6ra n\u00e5gra personer fruktansv\u00e4rt uppr\u00f6rda. Det \u00e4r helt OK &#8211; bloggaren st\u00e5r f\u00f6r sina \u00e5sikter och andra f\u00e5r ha sina.<\/p>\n<p>Here we go!<\/p>\n<p><img loading=\"lazy\" class=\"alignnone wp-image-70173\" src=\"http:\/\/www.filindeblogg.nu\/wp-content\/uploads\/2017\/08\/Jag-hatar-m\u00e4n.jpg\" alt=\"\" width=\"187\" height=\"187\" srcset=\"http:\/\/www.filindeblogg.nu\/wp-content\/uploads\/2017\/08\/Jag-hatar-m\u00e4n.jpg 225w, http:\/\/www.filindeblogg.nu\/wp-content\/uploads\/2017\/08\/Jag-hatar-m\u00e4n-150x150.jpg 150w, http:\/\/www.filindeblogg.nu\/wp-content\/uploads\/2017\/08\/Jag-hatar-m\u00e4n-144x144.jpg 144w\" sizes=\"(max-width: 187px) 100vw, 187px\" \/>\u00a0Det handlar lite grann om samma sak som bloggen om <em><strong>&#8221;Proffsdemonstranter och extremfeminister&#8221;<\/strong><\/em> fr\u00e5n den 6 juli. N\u00e4r det liksom g\u00e5r f\u00f6r l\u00e5ngt. N\u00e4r i brist p\u00e5 st\u00f6rre el\u00e4nden i samh\u00e4llet s\u00e5 ska minsta sak uppf\u00f6rstoras och g\u00f6ras till ett megaproblem.<br \/>\nI Sverige! \u00c5r 2017! Ett klart tecken p\u00e5 Ilandsproblem.<\/p>\n<p><img loading=\"lazy\" class=\"alignnone wp-image-69631\" src=\"http:\/\/www.filindeblogg.nu\/wp-content\/uploads\/2017\/07\/Dags-att-klippa-kuken.jpg\" alt=\"\" width=\"149\" height=\"149\" srcset=\"http:\/\/www.filindeblogg.nu\/wp-content\/uploads\/2017\/07\/Dags-att-klippa-kuken.jpg 225w, http:\/\/www.filindeblogg.nu\/wp-content\/uploads\/2017\/07\/Dags-att-klippa-kuken-150x150.jpg 150w, http:\/\/www.filindeblogg.nu\/wp-content\/uploads\/2017\/07\/Dags-att-klippa-kuken-144x144.jpg 144w\" sizes=\"(max-width: 149px) 100vw, 149px\" \/> Bloggen 6 juli handlade om hur &#8221;gubbslem&#8221; blir helt OK att s\u00e4ga och om att m\u00e4n aldrig n\u00e5gonsin kan bli j\u00e4mst\u00e4llda &#8211; honn\u00f6rsord f\u00f6r vissa kvinnor.<br \/>\nD v s &#8211; det handlar inte om j\u00e4mst\u00e4lldhet f\u00f6r de h\u00e4r kvinnorna utan om att trycka ner alla m\u00e4n som banne mig inte ska tro att de kan yttra sig om feminism och j\u00e4mst\u00e4lldhet \u00e4ven om de delar samma \u00e5sikter och vill k\u00e4mpa f\u00f6r lika villkor.<br \/>\nBloggaren f\u00f6reslog att det kan var n\u00e5gon form av personlig vendetta &#8211; och det mest absurda:<br \/>\nDet leder absolut inte till n\u00e5gon f\u00f6rb\u00e4ttring p\u00e5 omr\u00e5det j\u00e4mst\u00e4llt samh\u00e4lle! <img loading=\"lazy\" class=\"alignnone size-medium wp-image-69640\" src=\"http:\/\/www.filindeblogg.nu\/wp-content\/uploads\/2017\/07\/Radikalfeminister-300x156.jpg\" alt=\"\" width=\"300\" height=\"156\" srcset=\"http:\/\/www.filindeblogg.nu\/wp-content\/uploads\/2017\/07\/Radikalfeminister-300x156.jpg 300w, http:\/\/www.filindeblogg.nu\/wp-content\/uploads\/2017\/07\/Radikalfeminister.jpg 311w\" sizes=\"(max-width: 300px) 100vw, 300px\" \/><\/p>\n<p><img loading=\"lazy\" class=\"alignnone size-full wp-image-70174\" src=\"http:\/\/www.filindeblogg.nu\/wp-content\/uploads\/2017\/08\/Pride-flagga.jpg\" alt=\"\" width=\"275\" height=\"183\" \/>\u00a0Nu har det \u00e5ter varit Pridevecka i Stockholm och f\u00f6r bloggaren \u00e4r det naturligtvis helt OK. Hon h\u00f6jer knappast p\u00e5 \u00f6gonbrynen f\u00f6r n\u00e5got som intr\u00e4ffar eller tillhandah\u00e5lls under den veckan. En kul grej! I alla fall f\u00f6r oss i Sverige. Lite fest en vecka om \u00e5ret.<\/p>\n<p>MEN &#8211; det viktiga f\u00f6r alla aktiva inom Pride vore hellre att satsa mycket mer p\u00e5 internationellt arbete. Det kanske g\u00f6rs redan men det kan med st\u00f6rsta sannolikhet g\u00f6ras betydligt mer.<br \/>\nSkapa debatt och hj\u00e4lpa medm\u00e4nniskor i l\u00e4nder d\u00e4r bara en s\u00e5n sak som att h\u00e5lla handen \u00e4r f\u00f6rbjudet p\u00e5 allm\u00e4n plats och d\u00e4r homosexualitet \u00e4r f\u00f6renat med d\u00f6dsstraff.<br \/>\nDet \u00e4r d\u00e5 bloggaren t\u00e4nker p\u00e5 Sverige och Ilandsproblem&#8230;<\/p>\n<p>F\u00f6r \u00c5H, S\u00c5 SV\u00c5RT allt \u00e4r i Sverige p\u00e5 omr\u00e5det HBTQ! I <strong>DN Ekonomi<\/strong> den 30 juli fanns ett reportage med titeln\u00a0<em>\u201dHBTQ-r\u00e4ttigheter stannar ofta vid rekryteringen\u201d<\/em><\/p>\n<p><img loading=\"lazy\" class=\"aligncenter size-medium wp-image-70175\" src=\"http:\/\/www.filindeblogg.nu\/wp-content\/uploads\/2017\/08\/Artikel-om-sexuella-l\u00e4ggningar-DN-225x300.jpg\" alt=\"\" width=\"225\" height=\"300\" srcset=\"http:\/\/www.filindeblogg.nu\/wp-content\/uploads\/2017\/08\/Artikel-om-sexuella-l\u00e4ggningar-DN-225x300.jpg 225w, http:\/\/www.filindeblogg.nu\/wp-content\/uploads\/2017\/08\/Artikel-om-sexuella-l\u00e4ggningar-DN.jpg 480w\" sizes=\"(max-width: 225px) 100vw, 225px\" \/><\/p>\n<p>Artikeln inleds s\u00e5 h\u00e4r, citat: <strong><em>&#8221;Diskrimineringslagen kr\u00e4ver att fack och arbetsgivare aktivt f\u00f6rebygger diskriminering och s\u00e4krar lika r\u00e4ttigheter och m\u00f6jligheter f\u00f6r alla anst\u00e4llda, oavsett k\u00f6nsidentitet, k\u00f6nsuttryck och sexuell l\u00e4ggning&#8221;.<\/em><\/strong><\/p>\n<p>Sen forts\u00e4tter artikeln med fackf\u00f6reningen <strong>Ledarnas Ellen Landberg<\/strong>, kallad m\u00e5ngfaldsexpert i tidningen, som p\u00e5pekar hur sv\u00e5rt det \u00e4r f\u00f6r HBTQ-personer att komma till sin r\u00e4tt p\u00e5 jobbet och hur d\u00e5ligt &#8221;regnb\u00e5gschefer&#8221; kan bete sig.<\/p>\n<p><img loading=\"lazy\" class=\"size-medium wp-image-70176\" src=\"http:\/\/www.filindeblogg.nu\/wp-content\/uploads\/2017\/08\/Chef-med-problem-300x199.jpg\" alt=\"\" width=\"300\" height=\"199\" srcset=\"http:\/\/www.filindeblogg.nu\/wp-content\/uploads\/2017\/08\/Chef-med-problem-300x199.jpg 300w, http:\/\/www.filindeblogg.nu\/wp-content\/uploads\/2017\/08\/Chef-med-problem-768x510.jpg 768w, http:\/\/www.filindeblogg.nu\/wp-content\/uploads\/2017\/08\/Chef-med-problem.jpg 850w\" sizes=\"(max-width: 300px) 100vw, 300px\" \/><\/p>\n<p>L\u00e4ser man s\u00e5 inser man sannerligen hur kr\u00e5ngligt det m\u00e5ste vara f\u00f6r chefen att &#8221;p\u00e5 r\u00e4tt s\u00e4tt&#8221; ber\u00e4tta f\u00f6r arbetskamrater t.ex. att en kvinnlig anst\u00e4lld snart ska bli deras manliga arbetskamrat.<br \/>\nN\u00e4r bloggaren l\u00e4ser det hela k\u00e4nns det som om inget s\u00e4tt \u00e4r OK&#8230;. Det \u00e4r v\u00e4ldigt personligt f\u00f6r var och en och chefen m\u00e5ste g\u00e5 p\u00e5 t\u00e5 verkligen f\u00f6r att inte kr\u00e4nka personen, enligt vad bloggaren f\u00f6rst\u00e5r av m\u00e5ngfaldsexperten.<\/p>\n<p>Ellen Landberg s\u00e4ger ocks\u00e5, citat:<\/p>\n<p><em>&#8221;<strong>Ett k\u00f6nsneutralt spr\u00e5k<\/strong> g\u00f6r skillnad f\u00f6r om alla ska k\u00e4nna sig bekv\u00e4ma i en grupp, framh\u00e5ller hon. Ett f\u00f6rsta steg \u00e4r f\u00f6rst\u00e5s att s\u00e4tta stopp f\u00f6r homofobisk jargong. <\/em><\/p>\n<p><em>Men ocks\u00e5 s\u00e5dant som att alltid v\u00e4lja ord som \u201dpartner\u201d och \u201dsambo\u201d framf\u00f6r make\/man eller hustru\/fru, liksom att konsekvent anv\u00e4nda ordet \u201dhen\u201d i st\u00e4llet f\u00f6r hon\/han, och \u201den\u201d i st\u00e4llet f\u00f6r man. Likas\u00e5 att anv\u00e4nda k\u00f6nsneutrala begrepp i bilder och texter internt och externt.&#8221;<\/em><\/p>\n<p>Bloggaren blir helt matt och t\u00e4nker p\u00e5 hur kr\u00e4nkande det m\u00e5ste vara f\u00f6r alla m\u00f6jliga m\u00e4nniskor p\u00e5 alla m\u00f6jliga olika s\u00e4tt! En arbetsplats kan ju best\u00e5 av s\u00e5 otroligt m\u00e5nga m\u00e4nniskor med olika s\u00e4tt att vara.<\/p>\n<p><img loading=\"lazy\" class=\"aligncenter size-full wp-image-70177\" src=\"http:\/\/www.filindeblogg.nu\/wp-content\/uploads\/2017\/08\/Arbetsgrupp.jpg\" alt=\"\" width=\"273\" height=\"185\" \/><\/p>\n<p>Som n\u00e4r chefen bjuder in till fest med respektive &#8211; och d\u00e4r sitter \u00e4nklingen och blir ledsen. Och stackars Sara som just blivit singel &#8211; hon m\u00e5r inte alls bra av att inte ha n\u00e5gon att ta med. Oavsett sexuell l\u00e4ggnings s\u00e5 att s\u00e4ga.<\/p>\n<p>Eller alla andra kr\u00e4nkningar som kan uppst\u00e5 p\u00e5 f\u00f6retag f\u00f6r chefer att ta tag i!<br \/>\nSjuka, funktionsnedsatta, utbr\u00e4nda, f\u00f6r l\u00e5gutbildade, f\u00f6r h\u00f6gutbildade, \u00f6verviktiga, v\u00e4ldigt smala, de med spr\u00e5ksv\u00e5righeter av olika slag, de med drogproblem, blyga, h\u00f6gljudda, dom som \u00e4r f\u00f6r p\u00e5 och dom som aldrig h\u00f6rs.<br \/>\nHur kommer alla dessa till sin r\u00e4tt utan att kr\u00e4nkas!?<\/p>\n<p><img loading=\"lazy\" class=\"aligncenter wp-image-70178\" src=\"http:\/\/www.filindeblogg.nu\/wp-content\/uploads\/2017\/08\/Arbetsmilj\u00f6-300x202.jpg\" alt=\"\" width=\"257\" height=\"173\" srcset=\"http:\/\/www.filindeblogg.nu\/wp-content\/uploads\/2017\/08\/Arbetsmilj\u00f6-300x202.jpg 300w, http:\/\/www.filindeblogg.nu\/wp-content\/uploads\/2017\/08\/Arbetsmilj\u00f6.jpg 600w\" sizes=\"(max-width: 257px) 100vw, 257px\" \/><\/p>\n<p>Ilandsproblem, var det ja&#8230;<br \/>\nArtikeln fr\u00e5n DN &#8211; hittar ni p\u00e5 n\u00e4tet <a href=\"http:\/\/www.dn.se\/ekonomi\/jobb-karriar\/hbtq-rattigheter-stannar-ofta-vid-rekryteringen\/\"><strong>H\u00c4R!<\/strong><\/a><\/p>\n<p>Att hitta r\u00e4tt formulering f\u00f6r chefen eller att f\u00f6rst\u00e5 vem man har att g\u00f6ra med \u00e4r inte l\u00e4tt! Bara &#8221;homosexuell&#8221; g\u00e4ller inte l\u00e4ngre utan det finns en uppsj\u00f6 av begrepp att ta h\u00e4nsyn till &#8211; ickebin\u00e4r, intergender och pansexuell \u00e4r bara n\u00e5gra ur RFSL:s\u00a0 <img loading=\"lazy\" class=\"alignnone wp-image-70195\" src=\"http:\/\/www.filindeblogg.nu\/wp-content\/uploads\/2017\/08\/Ordlista-RFSL-300x153.jpg\" alt=\"\" width=\"261\" height=\"133\" srcset=\"http:\/\/www.filindeblogg.nu\/wp-content\/uploads\/2017\/08\/Ordlista-RFSL-300x153.jpg 300w, http:\/\/www.filindeblogg.nu\/wp-content\/uploads\/2017\/08\/Ordlista-RFSL-768x392.jpg 768w, http:\/\/www.filindeblogg.nu\/wp-content\/uploads\/2017\/08\/Ordlista-RFSL.jpg 980w\" sizes=\"(max-width: 261px) 100vw, 261px\" \/> Begreppsordlista som du finner <a href=\"https:\/\/www.rfsl.se\/hbtq-fakta\/hbtq\/begreppsordlista\/\"><strong>H\u00c4R!<\/strong><\/a><\/p>\n<p>Ut\u00f6ver dessa kanske mer vedertagna l\u00e4ggningar finns det en hel del andra &#8211; det finns de som t\u00e4nder p\u00e5 n\u00e4sor, bajs, spyor m.m. 17 olika l\u00e4ste bloggaren n\u00e5gonstans &#8211; \u00f6ver 100 p\u00e5 ett annat st\u00e4lle!<br \/>\nBloggaren hittade en lista p\u00e5 n\u00e4tet med titeln<strong><em> &#8221;Hela listan av sexuella b\u00f6jelser\u2026&#8221;<\/em> <\/strong>men v\u00e4ljer att inte l\u00e4nka dit. \u00c4r ni intresserade f\u00e5r ni kolla den sj\u00e4lva.<\/p>\n<p><img loading=\"lazy\" class=\"alignnone wp-image-70183\" src=\"http:\/\/www.filindeblogg.nu\/wp-content\/uploads\/2017\/08\/R\u00f6tt-hj\u00e4rta.png\" alt=\"\" width=\"37\" height=\"32\" \/>\u00a0Om vi alla beter oss s\u00e5 bra som vi kan mot varandra s\u00e5 \u00e4r det en v\u00e4ldigt bra b\u00f6rjan!\u00a0 Om vi har ett trevligt spr\u00e5k i allm\u00e4nhet mot andra, om vi inte trycker ner n\u00e5gon \u00f6ver huvud taget, om vi ser varandra som de medm\u00e4nniskor vi \u00e4r &#8211; innanf\u00f6r pannbenet och inte beroende p\u00e5 utseende, kl\u00e4dsel eller s\u00e4tt att bete sig &#8211; s\u00e5 hj\u00e4lper det nog r\u00e4tt mycket!<\/p>\n<p><img loading=\"lazy\" class=\"aligncenter size-medium wp-image-70179\" src=\"http:\/\/www.filindeblogg.nu\/wp-content\/uploads\/2017\/08\/Arbeta-tillsammans-300x150.jpg\" alt=\"\" width=\"300\" height=\"150\" srcset=\"http:\/\/www.filindeblogg.nu\/wp-content\/uploads\/2017\/08\/Arbeta-tillsammans-300x150.jpg 300w, http:\/\/www.filindeblogg.nu\/wp-content\/uploads\/2017\/08\/Arbeta-tillsammans.jpg 318w\" sizes=\"(max-width: 300px) 100vw, 300px\" \/><\/p>\n<p>Varf\u00f6r f\u00f6rs\u00f6ka hitta problem d\u00e4r de inte finns? Nu utmanar bloggaren verkligen f\u00f6r hon vet ocks\u00e5 att det ser v\u00e4ldigt olika ut \u00e4ven h\u00e4r i Sverige. \u00d6ppenheten och solidariteten \u00e4r inte sj\u00e4lvklar \u00f6verallt.<\/p>\n<p>S\u00e5 Pride, visst &#8211; som en kul grej och viktigt bland v\u00e4ldigt m\u00e5nga andra viktiga saker i Sverige.<\/p>\n<p>Och JOBBA MER F\u00d6R PRIDE INTERNATIONELLT!! <img loading=\"lazy\" class=\"alignnone size-medium wp-image-70181\" src=\"http:\/\/www.filindeblogg.nu\/wp-content\/uploads\/2017\/08\/2017-logo-sideways-300x57.png\" alt=\"\" width=\"300\" height=\"57\" srcset=\"http:\/\/www.filindeblogg.nu\/wp-content\/uploads\/2017\/08\/2017-logo-sideways-300x57.png 300w, http:\/\/www.filindeblogg.nu\/wp-content\/uploads\/2017\/08\/2017-logo-sideways-768x146.png 768w, http:\/\/www.filindeblogg.nu\/wp-content\/uploads\/2017\/08\/2017-logo-sideways.png 802w\" sizes=\"(max-width: 300px) 100vw, 300px\" \/><br \/>\nInterPride, skriver s\u00e5 h\u00e4r, citat: <strong><em>&#8221;Our members produce Pride events around the world for people identifying as Lesbian, Gay, Bisexual, Transgender, Intersex (LGBTI) and\/or other emerging sexual identities.<\/em><\/strong><br \/>\n<strong><em>Our shared vision is a world where there is full cultural, social and legal equality for all.<\/em><\/strong><br \/>\n<strong><em>Our mission is &#8221;empowering Pride organizations worldwide&#8221;. \u00a0<\/em><\/strong><br \/>\nSidan hittar du <a href=\"http:\/\/www.interpride.org\/\"><strong>H\u00c4R!<\/strong> <\/a><\/p>\n<p>VAR R\u00c4DDA OM VARANDRA! \u00c4LSKA MER &#8211; HATA MINDRE!<br \/>\nMED LITE MER\u00a0 AV K\u00c4RLEK OCH V\u00c4RME S\u00c5 L\u00d6SER SIG V\u00c4LDIGT MYCKET! <img loading=\"lazy\" class=\"alignnone wp-image-70183\" src=\"http:\/\/www.filindeblogg.nu\/wp-content\/uploads\/2017\/08\/R\u00f6tt-hj\u00e4rta.png\" alt=\"\" width=\"37\" height=\"32\" \/><\/p>\n<p><img loading=\"lazy\" class=\"aligncenter size-full wp-image-70182\" src=\"http:\/\/www.filindeblogg.nu\/wp-content\/uploads\/2017\/08\/Kramas-mera.jpg\" alt=\"\" width=\"276\" height=\"183\" \/><\/p>\n<p style=\"text-align: center;\">KRAM P\u00c5 ER! <img loading=\"lazy\" class=\"alignnone wp-image-70183\" src=\"http:\/\/www.filindeblogg.nu\/wp-content\/uploads\/2017\/08\/R\u00f6tt-hj\u00e4rta.png\" alt=\"\" width=\"37\" height=\"32\" \/><\/p>\n<p>&nbsp;<\/p>\n<p><img loading=\"lazy\" class=\"aligncenter size-full wp-image-70183\" src=\"http:\/\/www.filindeblogg.nu\/wp-content\/uploads\/2017\/08\/R\u00f6tt-hj\u00e4rta.png\" alt=\"\" width=\"240\" height=\"210\" \/><\/p>\n<p>&nbsp;<\/p>\n","protected":false},"excerpt":{"rendered":"<p>S\u00e5 h\u00e4r p\u00e5 Stockholm Prides sista dag, 6 augusti 2017, en s\u00f6ndag &#8211; kommer bloggaren att &#8221;sv\u00e4ra i kyrkan&#8221; och f\u00f6rmodligen g\u00f6ra n\u00e5gra personer fruktansv\u00e4rt uppr\u00f6rda. Det \u00e4r helt OK &#8211; bloggaren st\u00e5r f\u00f6r sina \u00e5sikter och andra f\u00e5r ha sina. Here we go! \u00a0Det handlar lite grann om samma sak som bloggen om &#8221;Proffsdemonstranter [&hellip;]<\/p>\n","protected":false},"author":1,"featured_media":0,"comment_status":"open","ping_status":"open","sticky":false,"template":"","format":"standard","meta":[],"categories":[1,143,174,196,161,100,123,101],"tags":[],"_links":{"self":[{"href":"http:\/\/www.filindeblogg.nu\/index.php?rest_route=\/wp\/v2\/posts\/70171"}],"collection":[{"href":"http:\/\/www.filindeblogg.nu\/index.php?rest_route=\/wp\/v2\/posts"}],"about":[{"href":"http:\/\/www.filindeblogg.nu\/index.php?rest_route=\/wp\/v2\/types\/post"}],"author":[{"embeddable":true,"href":"http:\/\/www.filindeblogg.nu\/index.php?rest_route=\/wp\/v2\/users\/1"}],"replies":[{"embeddable":true,"href":"http:\/\/www.filindeblogg.nu\/index.php?rest_route=%2Fwp%2Fv2%2Fcomments&post=70171"}],"version-history":[{"count":14,"href":"http:\/\/www.filindeblogg.nu\/index.php?rest_route=\/wp\/v2\/posts\/70171\/revisions"}],"predecessor-version":[{"id":70198,"href":"http:\/\/www.filindeblogg.nu\/index.php?rest_route=\/wp\/v2\/posts\/70171\/revisions\/70198"}],"wp:attachment":[{"href":"http:\/\/www.filindeblogg.nu\/index.php?rest_route=%2Fwp%2Fv2%2Fmedia&parent=70171"}],"wp:term":[{"taxonomy":"category","embeddable":true,"href":"http:\/\/www.filindeblogg.nu\/index.php?rest_route=%2Fwp%2Fv2%2Fcategories&post=70171"},{"taxonomy":"post_tag","embeddable":true,"href":"http:\/\/www.filindeblogg.nu\/index.php?rest_route=%2Fwp%2Fv2%2Ftags&post=70171"}],"curies":[{"name":"wp","href":"https:\/\/api.w.org\/{rel}","templated":true}]}}