{"id":70115,"date":"2017-08-02T20:17:38","date_gmt":"2017-08-02T19:17:38","guid":{"rendered":"http:\/\/www.filindeblogg.nu\/?p=70115"},"modified":"2017-08-02T20:17:38","modified_gmt":"2017-08-02T19:17:38","slug":"att-vilja-leva-och-inte","status":"publish","type":"post","link":"http:\/\/www.filindeblogg.nu\/?p=70115","title":{"rendered":"Att vilja leva &#8211; och inte&#8230;"},"content":{"rendered":"<p><img loading=\"lazy\" class=\"alignnone size-full wp-image-70116\" src=\"http:\/\/www.filindeblogg.nu\/wp-content\/uploads\/2017\/08\/Kors.png\" alt=\"\" width=\"150\" height=\"214\" \/>Korset \u00e4r symbol f\u00f6r mycket och \u00e4ven f\u00f6r d\u00f6den.<br \/>\nBloggen handlar idag om att ha f\u00e5tt ett liv men att v\u00e4lja att avbryta det. Inte vilja leva l\u00e4ngre. Att ta sitt liv.<\/p>\n<p>Knappast n\u00e5gonting \u00e4r v\u00e4l mer f\u00f6rg\u00f6rande och tragiskt \u00e4n n\u00e4r n\u00e5gon v\u00e4ljer att ta sitt liv.<br \/>\n<img loading=\"lazy\" class=\"alignnone  wp-image-70117\" src=\"http:\/\/www.filindeblogg.nu\/wp-content\/uploads\/2017\/08\/Farlig-v\u00e4g.jpg\" alt=\"\" width=\"243\" height=\"149\" \/>\u00a0N\u00e5gon k\u00e4nner att det liv han eller hon har f\u00e5tt \u00e4r s\u00e5 tungt och s\u00e5 sv\u00e5rt att det inte g\u00e5r att klara av. Personen v\u00e4ljer d\u00f6den ist\u00e4llet f\u00f6r att forts\u00e4tta leva. <img loading=\"lazy\" class=\"alignnone  wp-image-70118\" src=\"http:\/\/www.filindeblogg.nu\/wp-content\/uploads\/2017\/08\/Ensam-3.jpg\" alt=\"\" width=\"218\" height=\"143\" \/><\/p>\n<p>Den som brukar l\u00e4sa den h\u00e4r bloggen vet att skribenten hyllar livet och brukar uppmana alla att LEVA.\u00a0 Verkligen leva &#8211; ta chanser, v\u00e5ga spr\u00e5nget, leva ut, g\u00f6ra allt det d\u00e4r du \u00f6nskat att f\u00e5 g\u00f6ra medan tid \u00e4r, vara liten galen &#8211; ja, verkligen leva. <img loading=\"lazy\" class=\"alignnone  wp-image-70119\" src=\"http:\/\/www.filindeblogg.nu\/wp-content\/uploads\/2017\/08\/F\u00c5nga-ballongen.jpg\" alt=\"\" width=\"143\" height=\"216\" \/><\/p>\n<p>D\u00e5 kan det k\u00e4nnas ofattbart n\u00e4r n\u00e5gon v\u00e4ljer att ta sitt liv. S\u00e4tta stopp f\u00f6r chansen man f\u00e5tt. Sluta i f\u00f6rtid, s\u00e5 att s\u00e4ga.<\/p>\n<p>Men bloggaren vet hur det \u00e4r. F\u00f6rst\u00e5r k\u00e4nslan. Har sj\u00e4lv varit d\u00e4r. <img loading=\"lazy\" class=\"alignnone  wp-image-70120\" src=\"http:\/\/www.filindeblogg.nu\/wp-content\/uploads\/2017\/08\/Ensam-4.jpg\" alt=\"\" width=\"222\" height=\"148\" \/> Den d\u00e4r k\u00e4nslan, som efter\u00e5t kan verka helt absurd och ofattbar &#8211; men som var d\u00e4r d\u00e5:<\/p>\n<p><strong> K\u00e4nslan att ingen utv\u00e4g finns.<\/strong><\/p>\n<p><img loading=\"lazy\" class=\"alignnone  wp-image-70128\" src=\"http:\/\/www.filindeblogg.nu\/wp-content\/uploads\/2017\/08\/Life-is-hard.jpg\" alt=\"\" width=\"205\" height=\"154\" \/> Allting, precis allting \u00e4r s\u00e5 sv\u00e5rt och s\u00e5 svart att det inte g\u00e5r l\u00e4ngre. Man orkar inte mera. D\u00e5 i det m\u00f6rkaste m\u00f6rka uppenbarar sig den d\u00e4r fruktansv\u00e4rda k\u00e4nslan av att &#8211; jo, det finns en utv\u00e4g. En sista utv\u00e4g &#8211; att g\u00f6ra slut p\u00e5 alltihop. <img loading=\"lazy\" class=\"alignnone size-medium wp-image-70121\" src=\"http:\/\/www.filindeblogg.nu\/wp-content\/uploads\/2017\/08\/Ensam-2-300x150.jpg\" alt=\"\" width=\"300\" height=\"150\" srcset=\"http:\/\/www.filindeblogg.nu\/wp-content\/uploads\/2017\/08\/Ensam-2-300x150.jpg 300w, http:\/\/www.filindeblogg.nu\/wp-content\/uploads\/2017\/08\/Ensam-2.jpg 318w\" sizes=\"(max-width: 300px) 100vw, 300px\" \/><\/p>\n<p>Bloggaren har varit d\u00e4r. N\u00e4r det var som v\u00e4rst. Som m\u00f6rkast och sv\u00e5rast. D\u00e5 var det en sk\u00f6n k\u00e4nsla att t\u00e4nka s\u00e5. Att slippa. Att fly. Att f\u00e5 lindring n\u00e4r ingen annan hj\u00e4lp fanns att f\u00e5. Lindringen att avsluta sitt liv. <img loading=\"lazy\" class=\"alignnone  wp-image-70122\" src=\"http:\/\/www.filindeblogg.nu\/wp-content\/uploads\/2017\/08\/Svart-tid.jpg\" alt=\"\" width=\"164\" height=\"164\" srcset=\"http:\/\/www.filindeblogg.nu\/wp-content\/uploads\/2017\/08\/Svart-tid.jpg 225w, http:\/\/www.filindeblogg.nu\/wp-content\/uploads\/2017\/08\/Svart-tid-150x150.jpg 150w, http:\/\/www.filindeblogg.nu\/wp-content\/uploads\/2017\/08\/Svart-tid-144x144.jpg 144w\" sizes=\"(max-width: 164px) 100vw, 164px\" \/><\/p>\n<p>Bloggaren lever. Hon valde inte det som d\u00e5 k\u00e4ndes som det enda m\u00f6jliga &#8211; och som strax efter\u00e5t och \u00e4ven idag, k\u00e4nns oerh\u00f6rt skr\u00e4mmande och helt uteslutet &#8211; att beg\u00e5 sj\u00e4lvmord.<\/p>\n<p>Varf\u00f6r valde hon d\u00e5 livet? Jo, hon t\u00e4nkte p\u00e5 sina barn. P\u00e5 vad barnen hade sagt till henne. Hur mycket hon betydde f\u00f6r dem och hur mycket de \u00e4lskade henne. Hon kunde inte l\u00e4mna sina barn! K\u00e4rleken till dem var f\u00f6r stark. <img loading=\"lazy\" class=\"alignnone  wp-image-70123\" src=\"http:\/\/www.filindeblogg.nu\/wp-content\/uploads\/2017\/08\/Kramande-nallar.jpg\" alt=\"\" width=\"158\" height=\"135\" \/><\/p>\n<p>Bloggaren hade tur f\u00f6r bloggaren \u00e4lskar sitt liv. \u00c4lskar att leva och \u00e4r v\u00e4ldigt r\u00e4dd om livet. F\u00f6r livet har ett slut en g\u00e5ng, trots allt, och det g\u00e4ller att ta tillvara varje stund som om den vore den sista.<\/p>\n<p><em>&#8221;\u00c5rligen beg\u00e5r cirka 1 100 m\u00e4nniskor i Sverige sj\u00e4lvmord. <strong>Det \u00e4r ungef\u00e4r tre sj\u00e4lvmord om dagen.<\/strong>&#8221;<\/em><br \/>\nS\u00e5 st\u00e5r det p\u00e5 <a href=\"http:\/\/www.socialstyrelsen.se\/psykiskohalsa\/sjalvmord\"><strong>Socialstyrelsen<\/strong><\/a>s hemsida.<br \/>\nS\u00e5 h\u00e4r st\u00e5r det ocks\u00e5, citat: <em>&#8221;Under det senaste decenniet har sj\u00e4lvmorden minskat i alla \u00e5ldersgrupper <strong>utom bland personer under 25 \u00e5r<\/strong>.&#8221;<\/em><\/p>\n<p><img loading=\"lazy\" class=\"size-full wp-image-70124 aligncenter\" src=\"http:\/\/www.filindeblogg.nu\/wp-content\/uploads\/2017\/08\/Ensam.jpg\" alt=\"\" width=\"276\" height=\"183\" \/><\/p>\n<p>Vad kan man d\u00e5 g\u00f6ra som medm\u00e4nniska? Kan man g\u00f6ra n\u00e5got \u00f6ver huvud taget? Bloggaren t\u00e4nker sj\u00e4lv p\u00e5 att saker som uppm\u00e4rksamhet, h\u00e5lla koll, f\u00e5nga upp signaler och f\u00f6rst\u00e5 &#8221;rop p\u00e5 hj\u00e4lp&#8221; \u00e4r viktiga. Vara r\u00e4dda om varandra, v\u00e4rna om inte bara familj och v\u00e4nner utan \u00e4ven m\u00e4nniskor i n\u00e4romr\u00e5det, grannar, arbetskamrater o.s.v. <img loading=\"lazy\" class=\"alignnone size-medium wp-image-70127\" src=\"http:\/\/www.filindeblogg.nu\/wp-content\/uploads\/2017\/08\/Bry-sig-om-300x158.jpg\" alt=\"\" width=\"300\" height=\"158\" srcset=\"http:\/\/www.filindeblogg.nu\/wp-content\/uploads\/2017\/08\/Bry-sig-om-300x158.jpg 300w, http:\/\/www.filindeblogg.nu\/wp-content\/uploads\/2017\/08\/Bry-sig-om.jpg 309w\" sizes=\"(max-width: 300px) 100vw, 300px\" \/><\/p>\n<p>Men det \u00e4r inte l\u00e4tt. Ibland kommer sj\u00e4lvmordet till synes som en blixt fr\u00e5n klar himmel och anh\u00f6riga liksom v\u00e4nner st\u00e5r d\u00e4r best\u00f6rta och chockade utan att ha f\u00f6rst\u00e5tt hur allvarligt det varit, kanske inte m\u00e4rkt n\u00e5got alls.<\/p>\n<p><img loading=\"lazy\" class=\"alignnone  wp-image-70125\" src=\"http:\/\/www.filindeblogg.nu\/wp-content\/uploads\/2017\/08\/suicidezero_svart-300x267.png\" alt=\"\" width=\"215\" height=\"191\" \/>\u00a0 Det finns en organisation som f\u00f6rs\u00f6ker se till att minska antalet sj\u00e4lvmord &#8211; <a href=\"http:\/\/suicidezero.se\/\"><strong>Suicide Zero<\/strong><\/a>!<br \/>\nSucide Zero skriver <em>&#8221;Varje \u00e5r tar \u00f6ver 1 500 m\u00e4nniskor sitt liv i Sverige. Det \u00e4r n\u00e4ra sex g\u00e5nger fler \u00e4n som d\u00f6r i trafiken.\u2026 &#8221; (<\/em>Siffran \u00e4r h\u00f6gre \u00e4n Socialstyrelsens men det \u00e4r m\u00f6jligt att Socialstyrelsens siffra \u00e4r gammal, bloggarens anm.)<\/p>\n<p>P\u00e5 Sucide Zeros hemsida kan du f\u00e5 r\u00e5d och du kan \u00e4ven l\u00e4ra dig exempel p\u00e5 hur den suicidala processen kan se ut. <img loading=\"lazy\" class=\"alignnone size-medium wp-image-70126\" src=\"http:\/\/www.filindeblogg.nu\/wp-content\/uploads\/2017\/08\/suicidalaprocessen-300x225.jpg\" alt=\"\" width=\"300\" height=\"225\" srcset=\"http:\/\/www.filindeblogg.nu\/wp-content\/uploads\/2017\/08\/suicidalaprocessen-300x225.jpg 300w, http:\/\/www.filindeblogg.nu\/wp-content\/uploads\/2017\/08\/suicidalaprocessen.jpg 720w\" sizes=\"(max-width: 300px) 100vw, 300px\" \/>(Bild fr\u00e5n Suicide Zeros hemsida).<\/p>\n<p>P\u00e5 Suicide Zeros hemsida finns ocks\u00e5 m\u00f6jlighet att st\u00f6dja organisationens verksamhet liksom att ge minnesg\u00e5vor, en g\u00e5va till minnet av n\u00e5gon som tagit sitt liv.<br \/>\nBloggaren kommer att hedra minnet av <strong>Jack Berggren<\/strong> som tog sitt liv endast 22 \u00e5r gammal. <strong>Vila i frid Jack. <img loading=\"lazy\" class=\"alignnone  wp-image-70165\" src=\"http:\/\/www.filindeblogg.nu\/wp-content\/uploads\/2017\/08\/Fb-hj\u00e4rta.png\" alt=\"\" width=\"31\" height=\"32\" srcset=\"http:\/\/www.filindeblogg.nu\/wp-content\/uploads\/2017\/08\/Fb-hj\u00e4rta.png 164w, http:\/\/www.filindeblogg.nu\/wp-content\/uploads\/2017\/08\/Fb-hj\u00e4rta-150x150.png 150w, http:\/\/www.filindeblogg.nu\/wp-content\/uploads\/2017\/08\/Fb-hj\u00e4rta-144x144.png 144w\" sizes=\"(max-width: 31px) 100vw, 31px\" \/><\/strong><\/p>\n<p><img loading=\"lazy\" class=\"aligncenter size-medium wp-image-70129\" src=\"http:\/\/www.filindeblogg.nu\/wp-content\/uploads\/2017\/08\/banner_ljus_hand-300x47.jpg\" alt=\"\" width=\"300\" height=\"47\" srcset=\"http:\/\/www.filindeblogg.nu\/wp-content\/uploads\/2017\/08\/banner_ljus_hand-300x47.jpg 300w, http:\/\/www.filindeblogg.nu\/wp-content\/uploads\/2017\/08\/banner_ljus_hand-768x120.jpg 768w, http:\/\/www.filindeblogg.nu\/wp-content\/uploads\/2017\/08\/banner_ljus_hand-1024x160.jpg 1024w, http:\/\/www.filindeblogg.nu\/wp-content\/uploads\/2017\/08\/banner_ljus_hand.jpg 1280w\" sizes=\"(max-width: 300px) 100vw, 300px\" \/><\/p>\n<p>Du kan ocks\u00e5 l\u00e4mna en minnesg\u00e5va \u00f6ver Jack eller n\u00e5gon annan genom att klicka <a href=\"http:\/\/suicidezero.se\/stod-oss\/privatpersoner\/minnesgava\"><strong>H\u00c4R!<\/strong><\/a><\/p>\n<p>Bloggaren tror ocks\u00e5 att medm\u00e4nsklighet, v\u00e4rme och att bry sig om &#8211; \u00e4r viktiga delar.\u00a0 Att inte blunda f\u00f6r det som sker.<img loading=\"lazy\" class=\"alignnone size-full wp-image-70130\" src=\"http:\/\/www.filindeblogg.nu\/wp-content\/uploads\/2017\/08\/Tr\u00f6sta.jpg\" alt=\"\" width=\"240\" height=\"135\" \/><br \/>\nAtt v\u00e5ga fr\u00e5ga hur n\u00e5gon m\u00e5r.\u00a0<img loading=\"lazy\" class=\"alignnone  wp-image-70132\" src=\"http:\/\/www.filindeblogg.nu\/wp-content\/uploads\/2017\/08\/Tr\u00f6sta-man.jpg\" alt=\"\" width=\"203\" height=\"152\" \/><br \/>\nAtt tr\u00f6sta. <img loading=\"lazy\" class=\"alignnone  wp-image-70131\" src=\"http:\/\/www.filindeblogg.nu\/wp-content\/uploads\/2017\/08\/Tr\u00f6sta-b\u00e4sta-bild.jpg\" alt=\"\" width=\"198\" height=\"131\" \/><br \/>\nHj\u00e4lpa n\u00e5gon att ta sig upp igen. <img loading=\"lazy\" class=\"alignnone size-full wp-image-70141\" src=\"http:\/\/www.filindeblogg.nu\/wp-content\/uploads\/2017\/08\/Lyft-upp-n\u00e5gon.jpg\" alt=\"\" width=\"128\" height=\"175\" \/><\/p>\n<p><img loading=\"lazy\" class=\"alignnone size-full wp-image-70133\" src=\"http:\/\/www.filindeblogg.nu\/wp-content\/uploads\/2017\/08\/Just-a-bad-day.png\" alt=\"\" width=\"297\" height=\"170\" \/><strong><em>&#8221;Ta ett djupt andetag. Det \u00e4r bara en d\u00e5lig dag, inte ett d\u00e5ligt liv.&#8221;<\/em><\/strong><br \/>\nAtt bry sig! Att str\u00e4cka ut en hj\u00e4lpande hand! <img loading=\"lazy\" class=\"alignnone  wp-image-70134\" src=\"http:\/\/www.filindeblogg.nu\/wp-content\/uploads\/2017\/08\/Hj\u00e4lpande-hand.jpg\" alt=\"\" width=\"200\" height=\"134\" \/><br \/>\nMen ocks\u00e5 att l\u00e5ta m\u00e4nniskor f\u00e5 vara som dom \u00e4r.<br \/>\nVara mer vidsynt, inte s\u00e5 f\u00f6rd\u00f6mande. <img loading=\"lazy\" class=\"alignnone size-full wp-image-70135\" src=\"http:\/\/www.filindeblogg.nu\/wp-content\/uploads\/2017\/08\/Du-duger.jpg\" alt=\"\" width=\"253\" height=\"199\" \/> DU DUGER!! Gl\u00f6m aldrig det!<\/p>\n<p>Ett bra s\u00e4tt att leva livet \u00e4r att leva livet mera k\u00e4rleksfullt. \u00c4lska mer och hata mindre. Kramas mer &#8211; sl\u00e5ss inte alls. Knip igen munnen n\u00e4r de spydiga kommentarerna eller de elaka orden \u00e4r p\u00e5 v\u00e4g och f\u00f6rs\u00f6k att se det positiva och ljusa i det som h\u00e4nder runt omkring dig ist\u00e4llet. Ett mynt har tv\u00e5 sidor och glaset \u00e4r antingen halvtomt eller halvfullt! V\u00e4lj sj\u00e4lv och v\u00e4lj r\u00e4tt! V\u00e4lj v\u00e4nlighet, omtanke och k\u00e4rlek. \ud83d\ude42<\/p>\n<p><img loading=\"lazy\" class=\"alignnone  wp-image-70136\" src=\"http:\/\/www.filindeblogg.nu\/wp-content\/uploads\/2017\/08\/Ta-hand-om-dig-BURK.jpg\" alt=\"\" width=\"126\" height=\"198\" \/> Ta hand om dig sj\u00e4lv men ta ocks\u00e5 hand om andra! <img loading=\"lazy\" class=\"alignnone size-full wp-image-70137\" src=\"http:\/\/www.filindeblogg.nu\/wp-content\/uploads\/2017\/08\/V\u00e4nner-lyfte-oss.jpg\" alt=\"\" width=\"286\" height=\"176\" \/> <strong><em>&#8221;V\u00e4nner \u00e4r \u00e4nglar som lyfter upp oss n\u00e4r v\u00e5ra vingar har gl\u00f6mt hur man flyger&#8221;.<\/em><\/strong><\/p>\n<p><img loading=\"lazy\" class=\"alignnone  wp-image-70138\" src=\"http:\/\/www.filindeblogg.nu\/wp-content\/uploads\/2017\/08\/Tappade-ballonger.jpg\" alt=\"\" width=\"174\" height=\"130\" \/> Se till att den som tappar sin ballong &#8211; f\u00e5r den tillbaka, eller en helt ny! <img loading=\"lazy\" class=\"alignnone size-full wp-image-70139\" src=\"http:\/\/www.filindeblogg.nu\/wp-content\/uploads\/2017\/08\/Ta-han-dom-varandra-hj\u00e4rta.jpg\" alt=\"\" width=\"275\" height=\"183\" \/><\/p>\n<p>T\u00e4nk efter p\u00e5 hur roligare livet blir n\u00e4r man \u00e4r positiv och t\u00e4nker gott om m\u00e4nniskor &#8211; \u00e4n n\u00e4r man g\u00e5r runt med ett m\u00f6rkt och bittert sinne med f\u00f6rg\u00f6rande tankar om andra. T\u00e4nk p\u00e5 hur smittande ett leende \u00e4r och hur gott det v\u00e4rmer i hj\u00e4rtat att m\u00f6tas av ett s\u00e5dant.<\/p>\n<p><strong>\u00c4lska mer &#8211; hata mindre<\/strong>. Var r\u00e4dda om er och om varandra! Livet \u00e4r s\u00e5 kort &#8211; g\u00f6r resan s\u00e5 varm, solig och lycklig som du bara kan! KRAM p\u00e5 er! <img loading=\"lazy\" class=\"alignnone  wp-image-70165\" src=\"http:\/\/www.filindeblogg.nu\/wp-content\/uploads\/2017\/08\/Fb-hj\u00e4rta.png\" alt=\"\" width=\"46\" height=\"48\" \/><\/p>\n<p><img loading=\"lazy\" class=\"aligncenter size-full wp-image-70140\" src=\"http:\/\/www.filindeblogg.nu\/wp-content\/uploads\/2017\/08\/Hj\u00e4lpande-h\u00e4nder.png\" alt=\"\" width=\"225\" height=\"225\" srcset=\"http:\/\/www.filindeblogg.nu\/wp-content\/uploads\/2017\/08\/Hj\u00e4lpande-h\u00e4nder.png 225w, http:\/\/www.filindeblogg.nu\/wp-content\/uploads\/2017\/08\/Hj\u00e4lpande-h\u00e4nder-150x150.png 150w, http:\/\/www.filindeblogg.nu\/wp-content\/uploads\/2017\/08\/Hj\u00e4lpande-h\u00e4nder-144x144.png 144w\" sizes=\"(max-width: 225px) 100vw, 225px\" \/><\/p>\n<p><strong>TACK mina \u00e4lskade barn f\u00f6r er k\u00e4rlek!<img loading=\"lazy\" class=\"alignnone  wp-image-70167\" src=\"http:\/\/www.filindeblogg.nu\/wp-content\/uploads\/2017\/08\/Tre-hj\u00e4rtan-300x200.jpg\" alt=\"\" width=\"248\" height=\"165\" srcset=\"http:\/\/www.filindeblogg.nu\/wp-content\/uploads\/2017\/08\/Tre-hj\u00e4rtan-300x200.jpg 300w, http:\/\/www.filindeblogg.nu\/wp-content\/uploads\/2017\/08\/Tre-hj\u00e4rtan-768x513.jpg 768w, http:\/\/www.filindeblogg.nu\/wp-content\/uploads\/2017\/08\/Tre-hj\u00e4rtan.jpg 849w\" sizes=\"(max-width: 248px) 100vw, 248px\" \/><\/strong><\/p>\n<p>&nbsp;<\/p>\n<p>&nbsp;<\/p>\n<p><strong>\u00a0<\/strong><\/p>\n<p>&nbsp;<\/p>\n<p>&nbsp;<\/p>\n<p>&nbsp;<\/p>\n<p>&nbsp;<\/p>\n","protected":false},"excerpt":{"rendered":"<p>Korset \u00e4r symbol f\u00f6r mycket och \u00e4ven f\u00f6r d\u00f6den. Bloggen handlar idag om att ha f\u00e5tt ett liv men att v\u00e4lja att avbryta det. Inte vilja leva l\u00e4ngre. Att ta sitt liv. Knappast n\u00e5gonting \u00e4r v\u00e4l mer f\u00f6rg\u00f6rande och tragiskt \u00e4n n\u00e4r n\u00e5gon v\u00e4ljer att ta sitt liv. \u00a0N\u00e5gon k\u00e4nner att det liv han eller [&hellip;]<\/p>\n","protected":false},"author":1,"featured_media":0,"comment_status":"open","ping_status":"open","sticky":false,"template":"","format":"standard","meta":[],"categories":[225,196,161,203,100,151,212,197,101],"tags":[],"_links":{"self":[{"href":"http:\/\/www.filindeblogg.nu\/index.php?rest_route=\/wp\/v2\/posts\/70115"}],"collection":[{"href":"http:\/\/www.filindeblogg.nu\/index.php?rest_route=\/wp\/v2\/posts"}],"about":[{"href":"http:\/\/www.filindeblogg.nu\/index.php?rest_route=\/wp\/v2\/types\/post"}],"author":[{"embeddable":true,"href":"http:\/\/www.filindeblogg.nu\/index.php?rest_route=\/wp\/v2\/users\/1"}],"replies":[{"embeddable":true,"href":"http:\/\/www.filindeblogg.nu\/index.php?rest_route=%2Fwp%2Fv2%2Fcomments&post=70115"}],"version-history":[{"count":27,"href":"http:\/\/www.filindeblogg.nu\/index.php?rest_route=\/wp\/v2\/posts\/70115\/revisions"}],"predecessor-version":[{"id":70170,"href":"http:\/\/www.filindeblogg.nu\/index.php?rest_route=\/wp\/v2\/posts\/70115\/revisions\/70170"}],"wp:attachment":[{"href":"http:\/\/www.filindeblogg.nu\/index.php?rest_route=%2Fwp%2Fv2%2Fmedia&parent=70115"}],"wp:term":[{"taxonomy":"category","embeddable":true,"href":"http:\/\/www.filindeblogg.nu\/index.php?rest_route=%2Fwp%2Fv2%2Fcategories&post=70115"},{"taxonomy":"post_tag","embeddable":true,"href":"http:\/\/www.filindeblogg.nu\/index.php?rest_route=%2Fwp%2Fv2%2Ftags&post=70115"}],"curies":[{"name":"wp","href":"https:\/\/api.w.org\/{rel}","templated":true}]}}