{"id":69990,"date":"2017-07-16T15:04:17","date_gmt":"2017-07-16T14:04:17","guid":{"rendered":"http:\/\/www.filindeblogg.nu\/?p=69990"},"modified":"2017-07-16T15:04:17","modified_gmt":"2017-07-16T14:04:17","slug":"veckans-babe-3","status":"publish","type":"post","link":"http:\/\/www.filindeblogg.nu\/?p=69990","title":{"rendered":"Veckans babe!!"},"content":{"rendered":"<p><img loading=\"lazy\" class=\"aligncenter size-medium wp-image-69991\" src=\"http:\/\/www.filindeblogg.nu\/wp-content\/uploads\/2017\/07\/Veckans-babe-svartvitt-300x76.png\" alt=\"\" width=\"300\" height=\"76\" srcset=\"http:\/\/www.filindeblogg.nu\/wp-content\/uploads\/2017\/07\/Veckans-babe-svartvitt-300x76.png 300w, http:\/\/www.filindeblogg.nu\/wp-content\/uploads\/2017\/07\/Veckans-babe-svartvitt.png 500w\" sizes=\"(max-width: 300px) 100vw, 300px\" \/><\/p>\n<p>F\u00f6r ett antal \u00e5r sedan k\u00f6rde bloggaren ett tag med <strong><em>&#8221;Veckans Babe&#8221;<\/em><\/strong>. H\u00e4r kommer n\u00e5gra av bejbsen! \ud83d\ude00<\/p>\n<p><img loading=\"lazy\" class=\"alignnone size-medium wp-image-69992\" src=\"http:\/\/www.filindeblogg.nu\/wp-content\/uploads\/2017\/07\/veckans-babe-magnus_resize-300x193.jpg\" alt=\"\" width=\"300\" height=\"193\" srcset=\"http:\/\/www.filindeblogg.nu\/wp-content\/uploads\/2017\/07\/veckans-babe-magnus_resize-300x193.jpg 300w, http:\/\/www.filindeblogg.nu\/wp-content\/uploads\/2017\/07\/veckans-babe-magnus_resize.jpg 509w\" sizes=\"(max-width: 300px) 100vw, 300px\" \/> <strong>Magnus!<\/strong><\/p>\n<p><strong>Pelle!<\/strong> <img loading=\"lazy\" class=\"alignnone size-medium wp-image-69993\" src=\"http:\/\/www.filindeblogg.nu\/wp-content\/uploads\/2017\/07\/veckans-babe-2-27-maj-09-pelle-225x300.jpg\" alt=\"\" width=\"225\" height=\"300\" srcset=\"http:\/\/www.filindeblogg.nu\/wp-content\/uploads\/2017\/07\/veckans-babe-2-27-maj-09-pelle-225x300.jpg 225w, http:\/\/www.filindeblogg.nu\/wp-content\/uploads\/2017\/07\/veckans-babe-2-27-maj-09-pelle.jpg 450w\" sizes=\"(max-width: 225px) 100vw, 225px\" \/><\/p>\n<p><img loading=\"lazy\" class=\"alignnone size-medium wp-image-69994\" src=\"http:\/\/www.filindeblogg.nu\/wp-content\/uploads\/2017\/07\/veckans-babe-27-maj-09-tomas-Kopia-242x300.jpg\" alt=\"\" width=\"242\" height=\"300\" srcset=\"http:\/\/www.filindeblogg.nu\/wp-content\/uploads\/2017\/07\/veckans-babe-27-maj-09-tomas-Kopia-242x300.jpg 242w, http:\/\/www.filindeblogg.nu\/wp-content\/uploads\/2017\/07\/veckans-babe-27-maj-09-tomas-Kopia.jpg 394w\" sizes=\"(max-width: 242px) 100vw, 242px\" \/> <strong>Thomas!<\/strong><\/p>\n<p>Men det var inte bara vuxna snyggingar som blev babes!<br \/>\nH\u00e4r \u00e4r <strong>Carl-Johan!<\/strong> <img loading=\"lazy\" class=\"alignnone size-medium wp-image-69995\" src=\"http:\/\/www.filindeblogg.nu\/wp-content\/uploads\/2017\/07\/Veckans-babe-c-j-djurvan-med-pistolen-intill_resize-Kopia-300x286.jpg\" alt=\"\" width=\"300\" height=\"286\" srcset=\"http:\/\/www.filindeblogg.nu\/wp-content\/uploads\/2017\/07\/Veckans-babe-c-j-djurvan-med-pistolen-intill_resize-Kopia-300x286.jpg 300w, http:\/\/www.filindeblogg.nu\/wp-content\/uploads\/2017\/07\/Veckans-babe-c-j-djurvan-med-pistolen-intill_resize-Kopia.jpg 459w\" sizes=\"(max-width: 300px) 100vw, 300px\" \/><\/p>\n<p><img loading=\"lazy\" class=\"alignnone  wp-image-69996\" src=\"http:\/\/www.filindeblogg.nu\/wp-content\/uploads\/2017\/07\/stig-thoren-4_resize-Kopia-231x300.jpg\" alt=\"\" width=\"231\" height=\"300\" srcset=\"http:\/\/www.filindeblogg.nu\/wp-content\/uploads\/2017\/07\/stig-thoren-4_resize-Kopia-231x300.jpg 231w, http:\/\/www.filindeblogg.nu\/wp-content\/uploads\/2017\/07\/stig-thoren-4_resize-Kopia.jpg 386w\" sizes=\"(max-width: 231px) 100vw, 231px\" \/> Lite \u00e4ldre godingar ocks\u00e5!\u00a0 <strong>Stig!<\/strong><br \/>\nN\u00e4r det begav sig! <img loading=\"lazy\" class=\"alignnone size-medium wp-image-69997\" src=\"http:\/\/www.filindeblogg.nu\/wp-content\/uploads\/2017\/07\/stig-thoren-mc-1_resize-Kopia-212x300.jpg\" alt=\"\" width=\"212\" height=\"300\" srcset=\"http:\/\/www.filindeblogg.nu\/wp-content\/uploads\/2017\/07\/stig-thoren-mc-1_resize-Kopia-212x300.jpg 212w, http:\/\/www.filindeblogg.nu\/wp-content\/uploads\/2017\/07\/stig-thoren-mc-1_resize-Kopia.jpg 419w\" sizes=\"(max-width: 212px) 100vw, 212px\" \/><\/p>\n<p>Den gode <strong>Stig Thor\u00e9n<\/strong> \u00e4r borta sen flera \u00e5r men visst hade han glimten i \u00f6gat ocks\u00e5 p\u00e5 gamla dar!\u00a0 <img loading=\"lazy\" class=\"alignnone size-medium wp-image-69998\" src=\"http:\/\/www.filindeblogg.nu\/wp-content\/uploads\/2017\/07\/stig-thoren-sista-bilden-pa-bloggen_resize-Kopia-293x300.jpg\" alt=\"\" width=\"293\" height=\"300\" srcset=\"http:\/\/www.filindeblogg.nu\/wp-content\/uploads\/2017\/07\/stig-thoren-sista-bilden-pa-bloggen_resize-Kopia-293x300.jpg 293w, http:\/\/www.filindeblogg.nu\/wp-content\/uploads\/2017\/07\/stig-thoren-sista-bilden-pa-bloggen_resize-Kopia.jpg 445w\" sizes=\"(max-width: 293px) 100vw, 293px\" \/><\/p>\n<p>Stig hade mycket att ber\u00e4tta och m\u00e5nga foton att visa. <img loading=\"lazy\" class=\"alignnone size-medium wp-image-69999\" src=\"http:\/\/www.filindeblogg.nu\/wp-content\/uploads\/2017\/07\/stig-thoren-har-hittat-bilder_resize-Kopia-300x206.jpg\" alt=\"\" width=\"300\" height=\"206\" srcset=\"http:\/\/www.filindeblogg.nu\/wp-content\/uploads\/2017\/07\/stig-thoren-har-hittat-bilder_resize-Kopia-300x206.jpg 300w, http:\/\/www.filindeblogg.nu\/wp-content\/uploads\/2017\/07\/stig-thoren-har-hittat-bilder_resize-Kopia.jpg 614w\" sizes=\"(max-width: 300px) 100vw, 300px\" \/> Han var en av de br\u00f6der som i folkmun h\u00e4r i <strong>Arboga<\/strong> kallades <strong>Tarzanbr\u00f6derna<\/strong>. Och de skulle v\u00e4l platsa alltihop som &#8221;Veckans Babe&#8221; &#8211; eller hur!? <img loading=\"lazy\" class=\"alignnone size-medium wp-image-70000\" src=\"http:\/\/www.filindeblogg.nu\/wp-content\/uploads\/2017\/07\/stig-thoren-3_resize-Kopia-300x208.jpg\" alt=\"\" width=\"300\" height=\"208\" srcset=\"http:\/\/www.filindeblogg.nu\/wp-content\/uploads\/2017\/07\/stig-thoren-3_resize-Kopia-300x208.jpg 300w, http:\/\/www.filindeblogg.nu\/wp-content\/uploads\/2017\/07\/stig-thoren-3_resize-Kopia.jpg 614w\" sizes=\"(max-width: 300px) 100vw, 300px\" \/> <strong>Pappa Valfrid<\/strong> gick inte av f\u00f6r hackor han heller! <img loading=\"lazy\" class=\"alignnone size-medium wp-image-70001\" src=\"http:\/\/www.filindeblogg.nu\/wp-content\/uploads\/2017\/07\/Valfrid-Thoren-stig-thoren-2_resize-225x300-225x300.jpg\" alt=\"\" width=\"225\" height=\"300\" \/><\/p>\n<p>Bloggen som var ett l\u00e5ngt reportage om Stig och Tarzanbr\u00f6derna kan ni l\u00e4sa om igen <a href=\"http:\/\/www.filindeblogg.nu\/?p=3169\"><strong>H\u00c4R!<\/strong> <\/a><\/p>\n<p><img loading=\"lazy\" class=\"alignnone  wp-image-70002\" src=\"http:\/\/www.filindeblogg.nu\/wp-content\/uploads\/2017\/07\/Hj\u00e4rta-Veckans-Babe-300x225.jpg\" alt=\"\" width=\"191\" height=\"143\" srcset=\"http:\/\/www.filindeblogg.nu\/wp-content\/uploads\/2017\/07\/Hj\u00e4rta-Veckans-Babe-300x225.jpg 300w, http:\/\/www.filindeblogg.nu\/wp-content\/uploads\/2017\/07\/Hj\u00e4rta-Veckans-Babe.jpg 605w\" sizes=\"(max-width: 191px) 100vw, 191px\" \/> Det h\u00e4r var ett litet smakprov p\u00e5 bejbs fr\u00e5n f\u00f6rr! Men har ni f\u00f6rslag p\u00e5 nya snyggingar att pryda bloggen med s\u00e5 H\u00d6R AV ER!<br \/>\nBloggaren har en speciell &#8221;babe&#8221; som hon inte kan se sig m\u00e4tt p\u00e5 men han visas inte upp f\u00f6r er! S\u00e5 tji fick ni!! \ud83d\ude09<\/p>\n<p><img loading=\"lazy\" class=\"alignnone size-medium wp-image-70003\" src=\"http:\/\/www.filindeblogg.nu\/wp-content\/uploads\/2017\/07\/IMG_8477-225x300.jpg\" alt=\"\" width=\"225\" height=\"300\" srcset=\"http:\/\/www.filindeblogg.nu\/wp-content\/uploads\/2017\/07\/IMG_8477-225x300.jpg 225w, http:\/\/www.filindeblogg.nu\/wp-content\/uploads\/2017\/07\/IMG_8477.jpg 480w\" sizes=\"(max-width: 225px) 100vw, 225px\" \/> Lite gr\u00e5mulen sommardag idag. <em>&#8221;Typiskt svenskt sommarv\u00e4der&#8221;<\/em> l\u00e4ses i <strong>DN<\/strong>. Gr\u00e4smattan beh\u00f6ver vatten hemma hos bloggaren och alldeles nyss fick hennes fina staket av lukt\u00e4rter sig en dusch med vattenkannan under <strong>Vilda Wilma<\/strong>s \u00f6verseende.<img loading=\"lazy\" class=\"alignnone size-medium wp-image-70004\" src=\"http:\/\/www.filindeblogg.nu\/wp-content\/uploads\/2017\/07\/IMG_8480-253x300.jpg\" alt=\"\" width=\"253\" height=\"300\" srcset=\"http:\/\/www.filindeblogg.nu\/wp-content\/uploads\/2017\/07\/IMG_8480-253x300.jpg 253w, http:\/\/www.filindeblogg.nu\/wp-content\/uploads\/2017\/07\/IMG_8480.jpg 454w\" sizes=\"(max-width: 253px) 100vw, 253px\" \/><br \/>\nDet blir nog ljuvligt sen att sitta p\u00e5 trappan n\u00e4r lukt\u00e4rterna b\u00f6rjar blomma&#8230;<\/p>\n<p>Dagens ord i kalendern s\u00e4ger s\u00e5 h\u00e4r: <img loading=\"lazy\" class=\"alignnone size-medium wp-image-70005\" src=\"http:\/\/www.filindeblogg.nu\/wp-content\/uploads\/2017\/07\/IMG_8473-225x300.jpg\" alt=\"\" width=\"225\" height=\"300\" srcset=\"http:\/\/www.filindeblogg.nu\/wp-content\/uploads\/2017\/07\/IMG_8473-225x300.jpg 225w, http:\/\/www.filindeblogg.nu\/wp-content\/uploads\/2017\/07\/IMG_8473.jpg 480w\" sizes=\"(max-width: 225px) 100vw, 225px\" \/><strong><em> &#8221;T\u00e4nk mer p\u00e5 vad du kan uppn\u00e5, \u00e4n p\u00e5 vad du kan f\u00f6rlora&#8221;<\/em><\/strong>. L\u00e5ter v\u00e4ldigt bra, tycker bloggaren. Lite av <strong><em>&#8221;Friskt v\u00e5gat &#8211; h\u00e4lften vunnet&#8221;<\/em> <\/strong>liksom!<\/p>\n<p>Bloggaren kan inte l\u00e5ta bli att glutta lite p\u00e5 morgondagens budskap och de raderna \u00e4r fina! <img loading=\"lazy\" class=\"alignnone size-medium wp-image-70006\" src=\"http:\/\/www.filindeblogg.nu\/wp-content\/uploads\/2017\/07\/IMG_8474-225x300.jpg\" alt=\"\" width=\"225\" height=\"300\" srcset=\"http:\/\/www.filindeblogg.nu\/wp-content\/uploads\/2017\/07\/IMG_8474-225x300.jpg 225w, http:\/\/www.filindeblogg.nu\/wp-content\/uploads\/2017\/07\/IMG_8474.jpg 480w\" sizes=\"(max-width: 225px) 100vw, 225px\" \/> <strong><em>&#8221;En sommar tillsammans med dig \u00e4r allt jag vill ha&#8221;.<br \/>\n<\/em><\/strong>L\u00e5ter enkelt men kan vara tusan s\u00e5 sv\u00e5rt att f\u00e5 till. Men skam den som ger sig. Friskt v\u00e5gat &#8211; h\u00e4lften vunnet, som sagt och att leva p\u00e5 hoppet och aldrig ge upp &#8211; det \u00e4r bloggarens melodi!<\/p>\n<p><img loading=\"lazy\" class=\"alignnone  wp-image-70008\" src=\"http:\/\/www.filindeblogg.nu\/wp-content\/uploads\/2017\/07\/N\u00e4rhet-300x199.jpg\" alt=\"\" width=\"232\" height=\"154\" srcset=\"http:\/\/www.filindeblogg.nu\/wp-content\/uploads\/2017\/07\/N\u00e4rhet-300x199.jpg 300w, http:\/\/www.filindeblogg.nu\/wp-content\/uploads\/2017\/07\/N\u00e4rhet.jpg 474w\" sizes=\"(max-width: 232px) 100vw, 232px\" \/>\u00a0 N\u00e4rhet \u00e4r n\u00e5got vi alla beh\u00f6ver &#8211; och p\u00e5 olika vis.<br \/>\nV\u00e5rt behov av andra, av varandra\u2026 \u00d6ver tid. D\u00e5, f\u00f6rr &#8211; och nu&#8230;<br \/>\nMed tiden \u2013 mer behov av tolerans, t\u00e5lamod, v\u00e4ntan\u2026<img loading=\"lazy\" class=\"alignnone  wp-image-70007\" src=\"http:\/\/www.filindeblogg.nu\/wp-content\/uploads\/2017\/07\/Spindeln\u00e4t-300x200.jpg\" alt=\"\" width=\"243\" height=\"162\" srcset=\"http:\/\/www.filindeblogg.nu\/wp-content\/uploads\/2017\/07\/Spindeln\u00e4t-300x200.jpg 300w, http:\/\/www.filindeblogg.nu\/wp-content\/uploads\/2017\/07\/Spindeln\u00e4t-768x512.jpg 768w, http:\/\/www.filindeblogg.nu\/wp-content\/uploads\/2017\/07\/Spindeln\u00e4t-1024x683.jpg 1024w\" sizes=\"(max-width: 243px) 100vw, 243px\" \/> Som att v\u00e4va ett spindeln\u00e4t med fina, fina tr\u00e5dar. S\u00e5 sk\u00f6rt, s\u00e5 sk\u00f6rt. Och sk\u00f6rare med tiden, senare i livet&#8230;<br \/>\nEn vindpust, ett h\u00e5rt regn &#8211;<br \/>\noch tr\u00e5darna kan brista. <img loading=\"lazy\" class=\"alignnone  wp-image-70010\" src=\"http:\/\/www.filindeblogg.nu\/wp-content\/uploads\/2017\/07\/Spindeln\u00e4t-med-droppar-300x168.jpg\" alt=\"\" width=\"248\" height=\"139\" \/><\/p>\n<p>En storm och allt \u00e4r borta.\u00a0\u00a0\u00a0\u00a0<img loading=\"lazy\" class=\"alignnone  wp-image-70009\" src=\"http:\/\/www.filindeblogg.nu\/wp-content\/uploads\/2017\/07\/Spindeln\u00e4t-raserat-300x236.jpg\" alt=\"\" width=\"208\" height=\"164\" srcset=\"http:\/\/www.filindeblogg.nu\/wp-content\/uploads\/2017\/07\/Spindeln\u00e4t-raserat-300x236.jpg 300w, http:\/\/www.filindeblogg.nu\/wp-content\/uploads\/2017\/07\/Spindeln\u00e4t-raserat-768x603.jpg 768w, http:\/\/www.filindeblogg.nu\/wp-content\/uploads\/2017\/07\/Spindeln\u00e4t-raserat-1024x805.jpg 1024w\" sizes=\"(max-width: 208px) 100vw, 208px\" \/><\/p>\n<p>Men med tolerans, t\u00e5lamod och v\u00e4ntan kan n\u00e4tet v\u00e4vas upp igen. <img loading=\"lazy\" class=\"alignnone size-medium wp-image-70011\" src=\"http:\/\/www.filindeblogg.nu\/wp-content\/uploads\/2017\/07\/Spindel-bygger-nytt-n\u00e4t-300x146.jpg\" alt=\"\" width=\"300\" height=\"146\" srcset=\"http:\/\/www.filindeblogg.nu\/wp-content\/uploads\/2017\/07\/Spindel-bygger-nytt-n\u00e4t-300x146.jpg 300w, http:\/\/www.filindeblogg.nu\/wp-content\/uploads\/2017\/07\/Spindel-bygger-nytt-n\u00e4t.jpg 480w\" sizes=\"(max-width: 300px) 100vw, 300px\" \/><\/p>\n<p>S\u00e5 v\u00e4v din lyckas v\u00e4v v\u00e4ldigt f\u00f6rsiktigt. Var r\u00e4dd om det du byggt upp. Skydda det fr\u00e5n hetsiga regn och farliga stormbyar. Varsamt, k\u00e4rleksfullt, mjukt med k\u00e4nsla.<br \/>\nHar du hittat din lyckospindel &#8211; var r\u00e4dd om den!<\/p>\n<p><img loading=\"lazy\" class=\"wp-image-70012 aligncenter\" src=\"http:\/\/www.filindeblogg.nu\/wp-content\/uploads\/2017\/07\/Lyckospindel-200x300.jpg\" alt=\"\" width=\"141\" height=\"212\" srcset=\"http:\/\/www.filindeblogg.nu\/wp-content\/uploads\/2017\/07\/Lyckospindel-200x300.jpg 200w, http:\/\/www.filindeblogg.nu\/wp-content\/uploads\/2017\/07\/Lyckospindel.jpg 320w\" sizes=\"(max-width: 141px) 100vw, 141px\" \/><\/p>\n<p>Bloggaren har hittat sin och hon \u00e4r mycket r\u00e4dd om honom. <img loading=\"lazy\" class=\"alignnone  wp-image-70013\" src=\"http:\/\/www.filindeblogg.nu\/wp-content\/uploads\/2017\/07\/VITT-HJ\u00c4RTA-av-l\u00f6jtnanshj\u00e4rta1-150x150.jpg\" alt=\"\" width=\"95\" height=\"95\" srcset=\"http:\/\/www.filindeblogg.nu\/wp-content\/uploads\/2017\/07\/VITT-HJ\u00c4RTA-av-l\u00f6jtnanshj\u00e4rta1-150x150.jpg 150w, http:\/\/www.filindeblogg.nu\/wp-content\/uploads\/2017\/07\/VITT-HJ\u00c4RTA-av-l\u00f6jtnanshj\u00e4rta1-150x150-144x144.jpg 144w\" sizes=\"(max-width: 95px) 100vw, 95px\" \/><\/p>\n<p>Sk\u00f6t er nu och gl\u00f6m inte att leva livet &#8211; men varsamt. \ud83d\ude09<br \/>\nOCH &#8211; tips mottages g\u00e4rna om fler:<\/p>\n<p><img loading=\"lazy\" class=\"alignnone size-medium wp-image-70026\" src=\"http:\/\/www.filindeblogg.nu\/wp-content\/uploads\/2017\/07\/V-B-300x125.jpg\" alt=\"\" width=\"300\" height=\"125\" srcset=\"http:\/\/www.filindeblogg.nu\/wp-content\/uploads\/2017\/07\/V-B-300x125.jpg 300w, http:\/\/www.filindeblogg.nu\/wp-content\/uploads\/2017\/07\/V-B.jpg 368w\" sizes=\"(max-width: 300px) 100vw, 300px\" \/>\u00a0\u00a0 <img loading=\"lazy\" class=\"alignnone  wp-image-70027\" src=\"http:\/\/www.filindeblogg.nu\/wp-content\/uploads\/2017\/07\/Hj\u00e4rtan-i-\u00f6gon.jpg\" alt=\"\" width=\"148\" height=\"148\" srcset=\"http:\/\/www.filindeblogg.nu\/wp-content\/uploads\/2017\/07\/Hj\u00e4rtan-i-\u00f6gon.jpg 188w, http:\/\/www.filindeblogg.nu\/wp-content\/uploads\/2017\/07\/Hj\u00e4rtan-i-\u00f6gon-150x150.jpg 150w, http:\/\/www.filindeblogg.nu\/wp-content\/uploads\/2017\/07\/Hj\u00e4rtan-i-\u00f6gon-144x144.jpg 144w\" sizes=\"(max-width: 148px) 100vw, 148px\" \/><\/p>\n<p>&nbsp;<\/p>\n<p>&nbsp;<\/p>\n<p>&nbsp;<\/p>\n<p>&nbsp;<\/p>\n<p>&nbsp;<\/p>\n<p>&nbsp;<\/p>\n<p>&nbsp;<\/p>\n","protected":false},"excerpt":{"rendered":"<p>F\u00f6r ett antal \u00e5r sedan k\u00f6rde bloggaren ett tag med &#8221;Veckans Babe&#8221;. H\u00e4r kommer n\u00e5gra av bejbsen! \ud83d\ude00 Magnus! Pelle! Thomas! Men det var inte bara vuxna snyggingar som blev babes! H\u00e4r \u00e4r Carl-Johan! Lite \u00e4ldre godingar ocks\u00e5!\u00a0 Stig! N\u00e4r det begav sig! Den gode Stig Thor\u00e9n \u00e4r borta sen flera \u00e5r men visst hade [&hellip;]<\/p>\n","protected":false},"author":1,"featured_media":0,"comment_status":"open","ping_status":"open","sticky":false,"template":"","format":"standard","meta":[],"categories":[127,196,203,100,191,101,103],"tags":[],"_links":{"self":[{"href":"http:\/\/www.filindeblogg.nu\/index.php?rest_route=\/wp\/v2\/posts\/69990"}],"collection":[{"href":"http:\/\/www.filindeblogg.nu\/index.php?rest_route=\/wp\/v2\/posts"}],"about":[{"href":"http:\/\/www.filindeblogg.nu\/index.php?rest_route=\/wp\/v2\/types\/post"}],"author":[{"embeddable":true,"href":"http:\/\/www.filindeblogg.nu\/index.php?rest_route=\/wp\/v2\/users\/1"}],"replies":[{"embeddable":true,"href":"http:\/\/www.filindeblogg.nu\/index.php?rest_route=%2Fwp%2Fv2%2Fcomments&post=69990"}],"version-history":[{"count":26,"href":"http:\/\/www.filindeblogg.nu\/index.php?rest_route=\/wp\/v2\/posts\/69990\/revisions"}],"predecessor-version":[{"id":70041,"href":"http:\/\/www.filindeblogg.nu\/index.php?rest_route=\/wp\/v2\/posts\/69990\/revisions\/70041"}],"wp:attachment":[{"href":"http:\/\/www.filindeblogg.nu\/index.php?rest_route=%2Fwp%2Fv2%2Fmedia&parent=69990"}],"wp:term":[{"taxonomy":"category","embeddable":true,"href":"http:\/\/www.filindeblogg.nu\/index.php?rest_route=%2Fwp%2Fv2%2Fcategories&post=69990"},{"taxonomy":"post_tag","embeddable":true,"href":"http:\/\/www.filindeblogg.nu\/index.php?rest_route=%2Fwp%2Fv2%2Ftags&post=69990"}],"curies":[{"name":"wp","href":"https:\/\/api.w.org\/{rel}","templated":true}]}}