{"id":69761,"date":"2017-07-10T18:19:37","date_gmt":"2017-07-10T17:19:37","guid":{"rendered":"http:\/\/www.filindeblogg.nu\/?p=69761"},"modified":"2017-07-10T18:19:37","modified_gmt":"2017-07-10T17:19:37","slug":"fri-antligen-och-inte-utan-min-dotter-happens-once-in-a-lifetime","status":"publish","type":"post","link":"http:\/\/www.filindeblogg.nu\/?p=69761","title":{"rendered":"Fri \u00e4ntligen! och &#8221;Inte utan min dotter&#8221;? + Happens once in a lifetime&#8230;"},"content":{"rendered":"<p><img loading=\"lazy\" class=\"aligncenter size-full wp-image-69790\" src=\"http:\/\/www.filindeblogg.nu\/wp-content\/uploads\/2017\/07\/S\u00f6mnl\u00f6s-med-mobil.jpg\" alt=\"\" width=\"231\" height=\"218\" \/><\/p>\n<p><span data-reactid=\"118\"><img loading=\"lazy\" class=\"alignnone wp-image-69763\" src=\"http:\/\/www.filindeblogg.nu\/wp-content\/uploads\/2017\/07\/Galen-av-mobil.jpg\" alt=\"\" width=\"109\" height=\"155\" \/> Har ni t\u00e4nkt p\u00e5 hur mobiler kan g\u00f6ra en galen!<\/span><\/p>\n<p><span data-reactid=\"118\">Hur grejen att st\u00e4ndigt vara uppkopplad g\u00f6r en tokig! <img loading=\"lazy\" class=\"alignnone size-medium wp-image-69764\" src=\"http:\/\/www.filindeblogg.nu\/wp-content\/uploads\/2017\/07\/Galen-av-att-vara-online-300x134.jpg\" alt=\"\" width=\"300\" height=\"134\" srcset=\"http:\/\/www.filindeblogg.nu\/wp-content\/uploads\/2017\/07\/Galen-av-att-vara-online-300x134.jpg 300w, http:\/\/www.filindeblogg.nu\/wp-content\/uploads\/2017\/07\/Galen-av-att-vara-online.jpg 335w\" sizes=\"(max-width: 300px) 100vw, 300px\" \/><\/span><\/p>\n<p>Vid matbordet&#8230; <img loading=\"lazy\" class=\"alignnone size-full wp-image-69765\" src=\"http:\/\/www.filindeblogg.nu\/wp-content\/uploads\/2017\/07\/Mobiltr\u00f6tt-vid-maten.jpg\" alt=\"\" width=\"258\" height=\"195\" \/><\/p>\n<p>I s\u00e4ngen&#8230; <img loading=\"lazy\" class=\"alignnone size-full wp-image-69766\" src=\"http:\/\/www.filindeblogg.nu\/wp-content\/uploads\/2017\/07\/Kolla-mobilen-om-natten.jpg\" alt=\"\" width=\"275\" height=\"183\" \/><\/p>\n<p>St\u00e4ndigt h\u00e5lla koll! \u00c4r det inte senaste v\u00e4rldsnyheterna s\u00e5 \u00e4r det vad kompisarnas kompisar har f\u00f6r sig! <img loading=\"lazy\" class=\"alignnone size-full wp-image-69767\" src=\"http:\/\/www.filindeblogg.nu\/wp-content\/uploads\/2017\/07\/Kolla-mobilen-om-natten-2.jpg\" alt=\"\" width=\"284\" height=\"177\" \/><\/p>\n<p><em>&#8211; Varf\u00f6r svarar han aldrig d\u00e5???<\/em> <img loading=\"lazy\" class=\"alignnone size-full wp-image-69768\" src=\"http:\/\/www.filindeblogg.nu\/wp-content\/uploads\/2017\/07\/Mobil-om-natten.jpg\" alt=\"\" width=\"259\" height=\"194\" \/><\/p>\n<p><img loading=\"lazy\" class=\"alignnone size-full wp-image-69769\" src=\"http:\/\/www.filindeblogg.nu\/wp-content\/uploads\/2017\/07\/S\u00f6mnl\u00f6s-pga-mobilen.jpg\" alt=\"\" width=\"275\" height=\"183\" \/><em> &#8211; Och vad tusan h\u00e5ller HON p\u00e5 med!!??<\/em><\/p>\n<p>Aldrig fri&#8230; <img loading=\"lazy\" class=\"alignnone size-full wp-image-69771\" src=\"http:\/\/www.filindeblogg.nu\/wp-content\/uploads\/2017\/07\/Helt-slut-mobil-Kopia.png\" alt=\"\" width=\"143\" height=\"168\" \/><br \/>\nFullst\u00e4ndigt utpumpad!! <img loading=\"lazy\" class=\"alignnone size-full wp-image-69773\" src=\"http:\/\/www.filindeblogg.nu\/wp-content\/uploads\/2017\/07\/L\u00e5t-mig-f\u00e5-sova-Internet-Kopia.jpg\" alt=\"\" width=\"225\" height=\"218\" \/><\/p>\n<p><img loading=\"lazy\" class=\"alignnone wp-image-69781\" src=\"http:\/\/www.filindeblogg.nu\/wp-content\/uploads\/2017\/07\/uppdatera-sig-som-d\u00f6d-260x300.jpg\" alt=\"\" width=\"234\" height=\"270\" srcset=\"http:\/\/www.filindeblogg.nu\/wp-content\/uploads\/2017\/07\/uppdatera-sig-som-d\u00f6d-260x300.jpg 260w, http:\/\/www.filindeblogg.nu\/wp-content\/uploads\/2017\/07\/uppdatera-sig-som-d\u00f6d.jpg 600w\" sizes=\"(max-width: 234px) 100vw, 234px\" \/> Helt okontrollerbar&#8230;<\/p>\n<p><img loading=\"lazy\" class=\"size-medium wp-image-69782 aligncenter\" src=\"http:\/\/www.filindeblogg.nu\/wp-content\/uploads\/2017\/07\/Ringa-fr\u00e5n-graven-300x185.png\" alt=\"\" width=\"300\" height=\"185\" srcset=\"http:\/\/www.filindeblogg.nu\/wp-content\/uploads\/2017\/07\/Ringa-fr\u00e5n-graven-300x185.png 300w, http:\/\/www.filindeblogg.nu\/wp-content\/uploads\/2017\/07\/Ringa-fr\u00e5n-graven.png 468w\" sizes=\"(max-width: 300px) 100vw, 300px\" \/><\/p>\n<p>MEN &#8211; det finns en mycket enkel utv\u00e4g!! <img loading=\"lazy\" class=\"alignnone size-full wp-image-69774\" src=\"http:\/\/www.filindeblogg.nu\/wp-content\/uploads\/2017\/07\/Mobilfri.jpg\" alt=\"\" width=\"97\" height=\"96\" \/><\/p>\n<p><img loading=\"lazy\" class=\"alignnone size-full wp-image-69775\" src=\"http:\/\/www.filindeblogg.nu\/wp-content\/uploads\/2017\/07\/Kasta-mobilen.jpg\" alt=\"\" width=\"205\" height=\"246\" \/> Tja, du beh\u00f6ver ju inte g\u00f6ra dig av med mobilen helt.<br \/>\nDet finns b\u00e4ttre s\u00e4tt&#8230; <img loading=\"lazy\" class=\"alignnone size-medium wp-image-69776\" src=\"http:\/\/www.filindeblogg.nu\/wp-content\/uploads\/2017\/07\/St\u00e4nga-av-mobilen-300x168.jpg\" alt=\"\" width=\"300\" height=\"168\" \/><\/p>\n<p><img loading=\"lazy\" class=\"alignnone size-full wp-image-69777\" src=\"http:\/\/www.filindeblogg.nu\/wp-content\/uploads\/2017\/07\/St\u00e4nga-av.jpg\" alt=\"\" width=\"225\" height=\"225\" srcset=\"http:\/\/www.filindeblogg.nu\/wp-content\/uploads\/2017\/07\/St\u00e4nga-av.jpg 225w, http:\/\/www.filindeblogg.nu\/wp-content\/uploads\/2017\/07\/St\u00e4nga-av-150x150.jpg 150w, http:\/\/www.filindeblogg.nu\/wp-content\/uploads\/2017\/07\/St\u00e4nga-av-144x144.jpg 144w\" sizes=\"(max-width: 225px) 100vw, 225px\" \/> och <img loading=\"lazy\" class=\"alignnone size-medium wp-image-69778\" src=\"http:\/\/www.filindeblogg.nu\/wp-content\/uploads\/2017\/07\/Shutting-down-300x138.jpg\" alt=\"\" width=\"300\" height=\"138\" srcset=\"http:\/\/www.filindeblogg.nu\/wp-content\/uploads\/2017\/07\/Shutting-down-300x138.jpg 300w, http:\/\/www.filindeblogg.nu\/wp-content\/uploads\/2017\/07\/Shutting-down.jpg 331w\" sizes=\"(max-width: 300px) 100vw, 300px\" \/> YES!!! \ud83d\ude42<\/p>\n<p><img loading=\"lazy\" class=\"size-full wp-image-69780 aligncenter\" src=\"http:\/\/www.filindeblogg.nu\/wp-content\/uploads\/2017\/07\/I-am-free.jpg\" alt=\"\" width=\"259\" height=\"194\" \/><\/p>\n<p>&nbsp;<\/p>\n<p>\u00c4ntligen fri!!!!\u00a0 <img loading=\"lazy\" class=\"alignnone size-medium wp-image-69779\" src=\"http:\/\/www.filindeblogg.nu\/wp-content\/uploads\/2017\/07\/I-am-free-2-300x200.jpg\" alt=\"\" width=\"300\" height=\"200\" srcset=\"http:\/\/www.filindeblogg.nu\/wp-content\/uploads\/2017\/07\/I-am-free-2-300x200.jpg 300w, http:\/\/www.filindeblogg.nu\/wp-content\/uploads\/2017\/07\/I-am-free-2.jpg 640w\" sizes=\"(max-width: 300px) 100vw, 300px\" \/><\/p>\n<p>FRI &#8211; utan att beh\u00f6va oroa dig \u00f6ver grannens bes\u00f6kare, vems som s\u00f6p sig fullast i helgen och om killen du tr\u00e5nar efter gjort det IGEN med v\u00e4ninnan&#8230; DU \u00c4R FRI!!! YES!!!<\/p>\n<p><img loading=\"lazy\" class=\"alignnone  wp-image-69783\" src=\"http:\/\/www.filindeblogg.nu\/wp-content\/uploads\/2017\/07\/Sova-gott-kvinna.jpg\" alt=\"\" width=\"156\" height=\"104\" \/> S\u00c5 sk\u00f6nt du kan sova sen! <img loading=\"lazy\" class=\"alignnone  wp-image-69784\" src=\"http:\/\/www.filindeblogg.nu\/wp-content\/uploads\/2017\/07\/Sova-gott-man.jpg\" alt=\"\" width=\"164\" height=\"109\" \/><\/p>\n<p><img loading=\"lazy\" class=\"alignnone size-full wp-image-69785\" src=\"http:\/\/www.filindeblogg.nu\/wp-content\/uploads\/2017\/07\/No-cell-phone-zone.jpg\" alt=\"\" width=\"259\" height=\"195\" \/> Mobilfri zon! Ja, du beh\u00f6ver ju inte g\u00e5 till \u00f6verdrift. St\u00e4ng av en natt, ett dygn, tv\u00e5 &#8211; och m\u00e4rk hur lycklig du blir! FRI att g\u00f6ra s\u00e5 mycket annat och &#8211; att \u00c4NTLIGEN f\u00e5 sova! \ud83d\ude09<\/p>\n<p>Nu till allvarligare saker&#8230;.<br \/>\nAtt mista ett barn. <img loading=\"lazy\" class=\"alignnone  wp-image-69834\" src=\"http:\/\/www.filindeblogg.nu\/wp-content\/uploads\/2017\/07\/Gr\u00e5tande-mor-300x140.jpg\" alt=\"\" width=\"129\" height=\"60\" srcset=\"http:\/\/www.filindeblogg.nu\/wp-content\/uploads\/2017\/07\/Gr\u00e5tande-mor-300x140.jpg 300w, http:\/\/www.filindeblogg.nu\/wp-content\/uploads\/2017\/07\/Gr\u00e5tande-mor.jpg 329w\" sizes=\"(max-width: 129px) 100vw, 129px\" \/><\/p>\n<p>Att mista ett barn &#8211; d\u00e5 t\u00e4nker man antagligen p\u00e5 att barnet d\u00f6r &#8211; men det t\u00e4nkte inte bloggaren ta upp nu. Utan att mista ett barn som fortfarande lever.<\/p>\n<p><img loading=\"lazy\" class=\"alignnone size-medium wp-image-69786\" src=\"http:\/\/www.filindeblogg.nu\/wp-content\/uploads\/2017\/07\/Inte-utan-min-dotter-211x300.jpg\" alt=\"\" width=\"211\" height=\"300\" srcset=\"http:\/\/www.filindeblogg.nu\/wp-content\/uploads\/2017\/07\/Inte-utan-min-dotter-211x300.jpg 211w, http:\/\/www.filindeblogg.nu\/wp-content\/uploads\/2017\/07\/Inte-utan-min-dotter.jpg 338w\" sizes=\"(max-width: 211px) 100vw, 211px\" \/> Det har gjorts filmer om det &#8211; och det har skrivits b\u00f6cker&#8230; <img loading=\"lazy\" class=\"alignnone size-full wp-image-69787\" src=\"http:\/\/www.filindeblogg.nu\/wp-content\/uploads\/2017\/07\/Utan-min-dotter.jpg\" alt=\"\" width=\"155\" height=\"240\" \/><\/p>\n<p>Det handlar i dessa fall om hur en av f\u00f6r\u00e4ldrarna olagligt ser till att den andre inte f\u00e5r tr\u00e4ffa sitt barn mer. R\u00f6var bort barnet, g\u00f6mmer det, ser till att m\u00e5nader och \u00e5r g\u00e5r utan att barnet f\u00e5r tr\u00e4ffa sina b\u00e5da f\u00f6r\u00e4ldrar.<\/p>\n<p><img loading=\"lazy\" class=\"alignnone  wp-image-69791\" src=\"http:\/\/www.filindeblogg.nu\/wp-content\/uploads\/2017\/07\/Barn-n\u00e4r-separationen-\u00e4r-ett-faktum.png\" alt=\"\" width=\"188\" height=\"139\" \/>\u00a0Det kan ligga allt m\u00f6jligt m\u00e4rkligt bakom s\u00e5dana beteenden och ett av det v\u00e4rre anser bloggaren \u00e4r n\u00e4r barn anv\u00e4nds som brickor i spelet mellan man och kvinna.<\/p>\n<p>Bloggaren k\u00e4nner till kvinnor som av ilska vid en separation och svartsjuka \u00f6ver mannens nya liv f\u00f6rv\u00e4grar honom barnen. Helt olagligt och fel f\u00f6rst\u00e5s &#8211; men det h\u00e4nder &#8211; igen och igen och igen. <img loading=\"lazy\" class=\"aligncenter size-full wp-image-69792\" src=\"http:\/\/www.filindeblogg.nu\/wp-content\/uploads\/2017\/07\/Barn-som-slits-mellan-f\u00f6r\u00e4ldrarna.jpg\" alt=\"\" width=\"275\" height=\"183\" \/><\/p>\n<p>Ett fullst\u00e4ndigt oacceptabelt beteende f\u00f6rst\u00e5s &#8211;\u00a0 och som bara kan sluta med el\u00e4nde. Och till syvende och sist s\u00e5 blir barnen de stora f\u00f6rlorarna. Skamligt! Sk\u00e4ms p\u00e5 dig mamma!! \ud83d\ude41<\/p>\n<p>&nbsp;<br \/>\nSen finns det barn, vuxna s\u00e5dana, som g\u00f6r en annan variant:<br \/>\nL\u00e4mnar sin familj&#8230; <img loading=\"lazy\" class=\"alignnone size-full wp-image-69794\" src=\"http:\/\/www.filindeblogg.nu\/wp-content\/uploads\/2017\/07\/Flicka-l\u00e4mnar-hemmet-Kopia.jpg\" alt=\"\" width=\"287\" height=\"150\" \/> Utan synbar anledning. Utan att f\u00f6r\u00e4ldrar och syskon f\u00f6rst\u00e5r. Bara bryter kontakten. Utan en chans f\u00f6r de anh\u00f6riga att f\u00f6rklara, tr\u00f6sta, klarg\u00f6ra &#8211; att \u00f6ver huvud taget fatta vad som h\u00e4nder&#8230;<\/p>\n<p>Utan ord&#8230; <img loading=\"lazy\" class=\"alignnone size-full wp-image-69795\" src=\"http:\/\/www.filindeblogg.nu\/wp-content\/uploads\/2017\/07\/Ung-flicka-g\u00e5r-sin-v\u00e4g.jpg\" alt=\"\" width=\"257\" height=\"196\" \/> Bara g\u00e5r&#8230;<\/p>\n<p>Bloggaren vet hur det h\u00e4r k\u00e4nns och gr\u00e5ter tyst om natten&#8230;<\/p>\n<p><img loading=\"lazy\" class=\"aligncenter size-full wp-image-69796\" src=\"http:\/\/www.filindeblogg.nu\/wp-content\/uploads\/2017\/07\/Dotter.jpg\" alt=\"\" width=\"284\" height=\"177\" \/><br \/>\n<img loading=\"lazy\" class=\"aligncenter size-full wp-image-69797\" src=\"http:\/\/www.filindeblogg.nu\/wp-content\/uploads\/2017\/07\/Please-come-back.jpg\" alt=\"\" width=\"259\" height=\"194\" \/><\/p>\n<p>Till barnet, men ocks\u00e5 till den man som trots allt som h\u00e4nder ger bloggarens liv v\u00e4rme och lust, ges dessa bilder:<\/p>\n<p><img loading=\"lazy\" class=\"alignnone size-full wp-image-69798\" src=\"http:\/\/www.filindeblogg.nu\/wp-content\/uploads\/2017\/07\/I-want-to-make-you-happy.jpg\" alt=\"\" width=\"202\" height=\"250\" \/> ******* <img loading=\"lazy\" class=\"alignnone size-full wp-image-69799\" src=\"http:\/\/www.filindeblogg.nu\/wp-content\/uploads\/2017\/07\/Den-enda.jpg\" alt=\"\" width=\"231\" height=\"219\" \/><\/p>\n<p style=\"text-align: center;\"><em>&#8221;Om bara du kan se hur jag ser dig<br \/>\nAllt f\u00f6r dig<br \/>\nBara du<br \/>\nAllt f\u00f6r dig<br \/>\nBara du&#8221;<br \/>\n*\/<br \/>\n<\/em><\/p>\n<p>\u00c4LSKADE FLICKA h\u00f6r av dig!<\/p>\n<p>Och lite extra till HONOM: <img loading=\"lazy\" class=\"alignnone size-full wp-image-69800\" src=\"http:\/\/www.filindeblogg.nu\/wp-content\/uploads\/2017\/07\/Vill-ha-dig-f\u00f6r-du-\u00e4r-annorlunda.png\" alt=\"\" width=\"225\" height=\"225\" srcset=\"http:\/\/www.filindeblogg.nu\/wp-content\/uploads\/2017\/07\/Vill-ha-dig-f\u00f6r-du-\u00e4r-annorlunda.png 225w, http:\/\/www.filindeblogg.nu\/wp-content\/uploads\/2017\/07\/Vill-ha-dig-f\u00f6r-du-\u00e4r-annorlunda-150x150.png 150w, http:\/\/www.filindeblogg.nu\/wp-content\/uploads\/2017\/07\/Vill-ha-dig-f\u00f6r-du-\u00e4r-annorlunda-144x144.png 144w\" sizes=\"(max-width: 225px) 100vw, 225px\" \/><br \/>\nDet h\u00e4r ocks\u00e5: \u00a0 \u00a0 <img loading=\"lazy\" class=\"alignnone size-full wp-image-69802\" src=\"http:\/\/www.filindeblogg.nu\/wp-content\/uploads\/2017\/07\/Jag-vill-bara-ha-DIG.png\" alt=\"\" width=\"190\" height=\"266\" \/>\u00a0 Sant!<\/p>\n<p>Tack du fina man f\u00f6r att du finns! Ett s\u00e5dant m\u00f6te &#8221;happens once in a lifetime&#8221; &#8211; i alla fall f\u00f6r bloggaren!<\/p>\n<p>Till sist m\u00e5ste nog bloggen l\u00e4ttas upp med lite ordsnokeri! Vet inte om fler har retat upp sig p\u00e5 den nya rubriks\u00e4ttning som vissa tidningar b\u00f6rjat med!? Bloggaren har!! \ud83d\ude41<\/p>\n<p>H\u00e4r \u00e4r ett exempel: <img loading=\"lazy\" class=\"alignnone size-medium wp-image-69803\" src=\"http:\/\/www.filindeblogg.nu\/wp-content\/uploads\/2017\/07\/Trista-tidningars-nya-s\u00e4tt-att-skriva-262x300.png\" alt=\"\" width=\"262\" height=\"300\" srcset=\"http:\/\/www.filindeblogg.nu\/wp-content\/uploads\/2017\/07\/Trista-tidningars-nya-s\u00e4tt-att-skriva-262x300.png 262w, http:\/\/www.filindeblogg.nu\/wp-content\/uploads\/2017\/07\/Trista-tidningars-nya-s\u00e4tt-att-skriva.png 360w\" sizes=\"(max-width: 262px) 100vw, 262px\" \/><br \/>\nDet \u00e4r <em>&#8221;efter vilda polisjakten&#8221;<\/em> som retar bloggaren!<br \/>\nPl\u00f6tsligt ska det uttryckas s\u00e5. <em>&#8221;Uppt\u00e4cker hemska missen&#8221;<\/em>, <em>&#8221;F\u00e5r se det ot\u00e4cka&#8221;<\/em> och liknande. Bloggaren spyr!!<\/p>\n<p>F\u00f6rutom att det \u00e4r t\u00f6ntigt s\u00e5 skulle rubriken i bilden ovan bli b\u00e5de kortare och b\u00e4ttre med texten &#8211; <strong><em>&#8221;efter vild polisjakt&#8221;<\/em><\/strong>.<br \/>\nJo, bloggaren tar nog i lite nu och det \u00e4r v\u00e4l inte hela v\u00e4rlden vad Aftonbladet skriver. Men men, hon kan t\u00e4nka sig att en och annan h\u00e5ller med. Tankarna g\u00e5r bland annat till <strong>Mia Pettersson<\/strong>. Vad s\u00e4ger du Mia!? \ud83d\ude00<\/p>\n<p>Ha det bra nu k\u00e4ra l\u00e4sare! St\u00e4ng av mobilen och logga ut emellan\u00e5t &#8211; livet har en hel del annat att ge! \ud83d\ude09<\/p>\n<p style=\"text-align: center;\">\u00c4LSKA MERA &#8211; HATA MINDRE!<br \/>\nLIVET \u00c4R F\u00d6RBANNAT KORT! GL\u00d6M ALDRIG DET!<\/p>\n<p style=\"text-align: left;\"><strong>*\/Lisa Ekdahl<\/strong> h\u00f6r ni sjunga <strong><em>&#8221;Om bara du&#8221;<\/em><\/strong> &#8211; <a href=\"https:\/\/www.youtube.com\/watch?v=BE1U90fFf74\"><strong>H\u00c4R!<\/strong> <\/a><\/p>\n<p style=\"text-align: center;\"><img loading=\"lazy\" class=\"aligncenter size-full wp-image-69823\" src=\"http:\/\/www.filindeblogg.nu\/wp-content\/uploads\/2017\/07\/G\u00f6r-dagen-lycklig.jpg\" alt=\"\" width=\"188\" height=\"182\" \/><\/p>\n<p>&nbsp;<\/p>\n<p>&nbsp;<\/p>\n<p>&nbsp;<\/p>\n<p>&nbsp;<\/p>\n<p>&nbsp;<\/p>\n<p>&nbsp;<\/p>\n<p><span data-reactid=\"118\"><\/p>\n<p><\/span><\/p>\n<p>&nbsp;<\/p>\n","protected":false},"excerpt":{"rendered":"<p>Har ni t\u00e4nkt p\u00e5 hur mobiler kan g\u00f6ra en galen! Hur grejen att st\u00e4ndigt vara uppkopplad g\u00f6r en tokig! Vid matbordet&#8230; I s\u00e4ngen&#8230; St\u00e4ndigt h\u00e5lla koll! \u00c4r det inte senaste v\u00e4rldsnyheterna s\u00e5 \u00e4r det vad kompisarnas kompisar har f\u00f6r sig! &#8211; Varf\u00f6r svarar han aldrig d\u00e5??? &#8211; Och vad tusan h\u00e5ller HON p\u00e5 med!!?? Aldrig [&hellip;]<\/p>\n","protected":false},"author":1,"featured_media":0,"comment_status":"open","ping_status":"open","sticky":false,"template":"","format":"standard","meta":[],"categories":[1,196,161,100,224,132,201,101,134],"tags":[],"_links":{"self":[{"href":"http:\/\/www.filindeblogg.nu\/index.php?rest_route=\/wp\/v2\/posts\/69761"}],"collection":[{"href":"http:\/\/www.filindeblogg.nu\/index.php?rest_route=\/wp\/v2\/posts"}],"about":[{"href":"http:\/\/www.filindeblogg.nu\/index.php?rest_route=\/wp\/v2\/types\/post"}],"author":[{"embeddable":true,"href":"http:\/\/www.filindeblogg.nu\/index.php?rest_route=\/wp\/v2\/users\/1"}],"replies":[{"embeddable":true,"href":"http:\/\/www.filindeblogg.nu\/index.php?rest_route=%2Fwp%2Fv2%2Fcomments&post=69761"}],"version-history":[{"count":39,"href":"http:\/\/www.filindeblogg.nu\/index.php?rest_route=\/wp\/v2\/posts\/69761\/revisions"}],"predecessor-version":[{"id":69841,"href":"http:\/\/www.filindeblogg.nu\/index.php?rest_route=\/wp\/v2\/posts\/69761\/revisions\/69841"}],"wp:attachment":[{"href":"http:\/\/www.filindeblogg.nu\/index.php?rest_route=%2Fwp%2Fv2%2Fmedia&parent=69761"}],"wp:term":[{"taxonomy":"category","embeddable":true,"href":"http:\/\/www.filindeblogg.nu\/index.php?rest_route=%2Fwp%2Fv2%2Fcategories&post=69761"},{"taxonomy":"post_tag","embeddable":true,"href":"http:\/\/www.filindeblogg.nu\/index.php?rest_route=%2Fwp%2Fv2%2Ftags&post=69761"}],"curies":[{"name":"wp","href":"https:\/\/api.w.org\/{rel}","templated":true}]}}