{"id":69582,"date":"2017-06-21T05:16:08","date_gmt":"2017-06-21T04:16:08","guid":{"rendered":"http:\/\/www.filindeblogg.nu\/?p=69582"},"modified":"2017-06-21T05:16:08","modified_gmt":"2017-06-21T04:16:08","slug":"blogg-i-midsommartid","status":"publish","type":"post","link":"http:\/\/www.filindeblogg.nu\/?p=69582","title":{"rendered":"Blogg i midsommartid&#8230;"},"content":{"rendered":"<p><img loading=\"lazy\" class=\"alignnone  wp-image-69583\" src=\"http:\/\/www.filindeblogg.nu\/wp-content\/uploads\/2017\/06\/029-1-300x225.jpg\" alt=\"\" width=\"220\" height=\"165\" srcset=\"http:\/\/www.filindeblogg.nu\/wp-content\/uploads\/2017\/06\/029-1-300x225.jpg 300w, http:\/\/www.filindeblogg.nu\/wp-content\/uploads\/2017\/06\/029-1.jpg 600w\" sizes=\"(max-width: 220px) 100vw, 220px\" \/> Ljuset kommer tidigt i midsommartid. Natt och m\u00f6rker finns knappast inte alls.<br \/>\nTrots detta ljuvliga, ljusa blir bloggaren lite dunkel till sinnet denna sommarmorgon.<\/p>\n<p>N\u00e4r man \u00e4r ung \u00e4r det mesta ljust och \u00f6ppet. Du tror att du \u00e4r od\u00f6dlig. Livet leker och man har hur mycket tid i v\u00e4rlden som helst, tycker man.<br \/>\n<img loading=\"lazy\" class=\"alignnone  wp-image-69586\" src=\"http:\/\/www.filindeblogg.nu\/wp-content\/uploads\/2017\/06\/009-225x300.jpg\" alt=\"\" width=\"159\" height=\"212\" srcset=\"http:\/\/www.filindeblogg.nu\/wp-content\/uploads\/2017\/06\/009-225x300.jpg 225w, http:\/\/www.filindeblogg.nu\/wp-content\/uploads\/2017\/06\/009.jpg 450w\" sizes=\"(max-width: 159px) 100vw, 159px\" \/>\u00a0Med \u00e5ren f\u00f6r\u00e4ndras detta tankes\u00e4tt. Man f\u00e5r sina sm\u00e4llar, blir lite tilltygad av livet &#8211;<br \/>\noch f\u00e5r uppleva sorger och mindre ljusa dagar. <img loading=\"lazy\" class=\"alignnone  wp-image-69585\" src=\"http:\/\/www.filindeblogg.nu\/wp-content\/uploads\/2017\/06\/Nej-3-Kopia-225x300.jpg\" alt=\"\" width=\"148\" height=\"198\" srcset=\"http:\/\/www.filindeblogg.nu\/wp-content\/uploads\/2017\/06\/Nej-3-Kopia-225x300.jpg 225w, http:\/\/www.filindeblogg.nu\/wp-content\/uploads\/2017\/06\/Nej-3-Kopia.jpg 450w\" sizes=\"(max-width: 148px) 100vw, 148px\" \/><br \/>\n<img loading=\"lazy\" class=\"alignnone  wp-image-69587\" src=\"http:\/\/www.filindeblogg.nu\/wp-content\/uploads\/2017\/06\/032a-300x225.jpg\" alt=\"\" width=\"203\" height=\"152\" srcset=\"http:\/\/www.filindeblogg.nu\/wp-content\/uploads\/2017\/06\/032a-300x225.jpg 300w, http:\/\/www.filindeblogg.nu\/wp-content\/uploads\/2017\/06\/032a.jpg 600w\" sizes=\"(max-width: 203px) 100vw, 203px\" \/> F\u00f6r\u00e4ldrarna g\u00e5r ur tiden, arbetskollegor faller ifr\u00e5n men ocks\u00e5 n\u00e4ra v\u00e4nner och j\u00e4mn\u00e5riga. Man uppt\u00e4cker att livet faktiskt inte \u00e4r o\u00e4ndligt &#8211; det har ett slut.<\/p>\n<p><img loading=\"lazy\" class=\"aligncenter  wp-image-69588\" src=\"http:\/\/www.filindeblogg.nu\/wp-content\/uploads\/2017\/06\/0-F\u00f6rs\u00e4ttsblad-300x300.jpg\" alt=\"\" width=\"259\" height=\"259\" srcset=\"http:\/\/www.filindeblogg.nu\/wp-content\/uploads\/2017\/06\/0-F\u00f6rs\u00e4ttsblad-300x300.jpg 300w, http:\/\/www.filindeblogg.nu\/wp-content\/uploads\/2017\/06\/0-F\u00f6rs\u00e4ttsblad-150x150.jpg 150w, http:\/\/www.filindeblogg.nu\/wp-content\/uploads\/2017\/06\/0-F\u00f6rs\u00e4ttsblad-768x768.jpg 768w, http:\/\/www.filindeblogg.nu\/wp-content\/uploads\/2017\/06\/0-F\u00f6rs\u00e4ttsblad-144x144.jpg 144w, http:\/\/www.filindeblogg.nu\/wp-content\/uploads\/2017\/06\/0-F\u00f6rs\u00e4ttsblad.jpg 960w\" sizes=\"(max-width: 259px) 100vw, 259px\" \/><\/p>\n<p>Men vad vill bloggaren d\u00e5 s\u00e4ga med allt detta dystra? L\u00e4gga sordin p\u00e5 dina sommarrusiga k\u00e4nslor? Hindra dig fr\u00e5n gl\u00e4djeskuttet i sommarhagen? Dra ner rullgardinen f\u00f6r solen, ljuset och v\u00e4rmen?<\/p>\n<p>Nej, inte alls!\u00a0<img loading=\"lazy\" class=\"alignnone  wp-image-69590\" src=\"http:\/\/www.filindeblogg.nu\/wp-content\/uploads\/2017\/06\/024-225x300.jpg\" alt=\"\" width=\"184\" height=\"245\" srcset=\"http:\/\/www.filindeblogg.nu\/wp-content\/uploads\/2017\/06\/024-225x300.jpg 225w, http:\/\/www.filindeblogg.nu\/wp-content\/uploads\/2017\/06\/024.jpg 450w\" sizes=\"(max-width: 184px) 100vw, 184px\" \/> Ist\u00e4llet &#8211; \u00f6ppna alla d\u00f6rrar mot ljuset!<br \/>\nH\u00e4r texten till Rune Lindstr\u00f6ms &#8221;Visa i midsommartid&#8221; fr\u00e5n 1946:<\/p>\n<p><img loading=\"lazy\" class=\"aligncenter  wp-image-69592\" src=\"http:\/\/www.filindeblogg.nu\/wp-content\/uploads\/2017\/06\/012-300x225.jpg\" alt=\"\" width=\"275\" height=\"206\" srcset=\"http:\/\/www.filindeblogg.nu\/wp-content\/uploads\/2017\/06\/012-300x225.jpg 300w, http:\/\/www.filindeblogg.nu\/wp-content\/uploads\/2017\/06\/012.jpg 600w\" sizes=\"(max-width: 275px) 100vw, 275px\" \/><\/p>\n<p style=\"text-align: center;\"><em>Du lindar av olvon en midsommarkrans<\/em><br \/>\n<em> och h\u00e4nger den om ditt h\u00e5r.<\/em><br \/>\n<em> Du skrattar \u00e5t m\u00e5ngubbens benvita glans,<\/em><br \/>\n<em> som h\u00f6gt \u00f6ver tallen st\u00e5r.<\/em><br \/>\n<em> I natt skall du dansa vid Svartrama tj\u00e4rn<\/em><br \/>\n<em> i l\u00e5ngdans, i spr\u00e5ngdans p\u00e5 gl\u00f6dande j\u00e4rn.<\/em><br \/>\n<em> I natt \u00e4r du bjuden av dimman till dans,<\/em><br \/>\n<em> d\u00e4r Ull-Stina, Kull-Lina g\u00e5r.<\/p>\n<p>Nu tager du m\u00e5nen fr\u00e5n Bl\u00e5bergets kam<\/em><br \/>\n<em> att ge dig en glorias sken.<\/em><br \/>\n<em> Och ynglet som avlas i g\u00f6larnas slam<\/em><br \/>\n<em> blir f\u00e5lar p\u00e5 flygande ben.<\/em><br \/>\n<em> Nu far du till Mosslinda, Mosslunda mor,<\/em><br \/>\n<em> d\u00e4r Ull-Stina, Kull-Lina, Gull-Fina bor.<\/em><br \/>\n<em> I natt skall du somna vid Svartrama damm<\/em><br \/>\n<em> d\u00e4r natten och mossan \u00e4r len.<\/em><img loading=\"lazy\" class=\"aligncenter  wp-image-69591\" src=\"http:\/\/www.filindeblogg.nu\/wp-content\/uploads\/2017\/06\/011-Kopia-218x300.jpg\" alt=\"\" width=\"205\" height=\"282\" srcset=\"http:\/\/www.filindeblogg.nu\/wp-content\/uploads\/2017\/06\/011-Kopia-218x300.jpg 218w, http:\/\/www.filindeblogg.nu\/wp-content\/uploads\/2017\/06\/011-Kopia.jpg 435w\" sizes=\"(max-width: 205px) 100vw, 205px\" \/><\/p>\n<p><a href=\"https:\/\/www.youtube.com\/watch?v=AbuOxM8dtj0\"><strong>H\u00c4R<\/strong><\/a> kan du lyssna p\u00e5 <strong>First Aid Kit<\/strong> som sjunger visan.<\/p>\n<p>Nej, bloggaren vill ist\u00e4llet att du ska t\u00e4nka p\u00e5 att TA TILLVARA TIDEN! N\u00e4r du nu vet att skuggorna kommer, m\u00f6rkret t\u00e4tnar och dagarna blir kortare, allt har ett slut &#8211; LEV!<br \/>\n<img loading=\"lazy\" class=\"alignnone  wp-image-69593\" src=\"http:\/\/www.filindeblogg.nu\/wp-content\/uploads\/2017\/06\/020-225x300.jpg\" alt=\"\" width=\"191\" height=\"255\" srcset=\"http:\/\/www.filindeblogg.nu\/wp-content\/uploads\/2017\/06\/020-225x300.jpg 225w, http:\/\/www.filindeblogg.nu\/wp-content\/uploads\/2017\/06\/020.jpg 450w\" sizes=\"(max-width: 191px) 100vw, 191px\" \/>\u00a0LEV medan tid \u00e4r! NJUT av dagarna! Vantrivs du p\u00e5 jobbet? Tr\u00f6ttnat p\u00e5 l\u00e4genheten du bor i? Kanske du lever i ett trist eller rentav destruktivt f\u00f6rh\u00e5llande &#8211; BRYT UPP! KASTA LOSS!<\/p>\n<p>L\u00e5t inte en enda av dina utr\u00e4knade dagar g\u00e5 till spillo om du bara sj\u00e4lv kan p\u00e5verka det!<\/p>\n<p><img loading=\"lazy\" class=\"wp-image-69594 aligncenter\" src=\"http:\/\/www.filindeblogg.nu\/wp-content\/uploads\/2017\/06\/013-Kopia-206x300.jpg\" alt=\"\" width=\"166\" height=\"242\" srcset=\"http:\/\/www.filindeblogg.nu\/wp-content\/uploads\/2017\/06\/013-Kopia-206x300.jpg 206w, http:\/\/www.filindeblogg.nu\/wp-content\/uploads\/2017\/06\/013-Kopia.jpg 411w\" sizes=\"(max-width: 166px) 100vw, 166px\" \/><\/p>\n<p><img loading=\"lazy\" class=\"alignnone  wp-image-69595\" src=\"http:\/\/www.filindeblogg.nu\/wp-content\/uploads\/2017\/06\/Solnedg\u00e5ng-Bj\u00f6rkebo-225x300.jpg\" alt=\"\" width=\"155\" height=\"207\" srcset=\"http:\/\/www.filindeblogg.nu\/wp-content\/uploads\/2017\/06\/Solnedg\u00e5ng-Bj\u00f6rkebo-225x300.jpg 225w, http:\/\/www.filindeblogg.nu\/wp-content\/uploads\/2017\/06\/Solnedg\u00e5ng-Bj\u00f6rkebo.jpg 450w\" sizes=\"(max-width: 155px) 100vw, 155px\" \/>\u00a0Det enda vi riktigt s\u00e4kert vet om v\u00e5ra liv det \u00e4r att det kommer att ta slut.<br \/>\nLev varje dag som om det var den sista &#8211; f\u00f6r s\u00e5 kan det ju faktiskt vara.<br \/>\nUnna dig! Skratta! Kramas och \u00e4lska! Gl\u00f6m of\u00f6rr\u00e4tter, strunta i skvaller och elakt f\u00f6rtal, skippa dom d\u00e4r surkartarna som bara vill g\u00f6ra livet s\u00e5 tr\u00e5kigt som m\u00f6jligt och &#8211;<\/p>\n<p style=\"text-align: center;\">LEV &#8211; LYCKLIGT!<\/p>\n<p><img loading=\"lazy\" class=\"alignnone  wp-image-69596\" src=\"http:\/\/www.filindeblogg.nu\/wp-content\/uploads\/2017\/06\/037-1-300x225.jpg\" alt=\"\" width=\"263\" height=\"197\" srcset=\"http:\/\/www.filindeblogg.nu\/wp-content\/uploads\/2017\/06\/037-1-300x225.jpg 300w, http:\/\/www.filindeblogg.nu\/wp-content\/uploads\/2017\/06\/037-1.jpg 600w\" sizes=\"(max-width: 263px) 100vw, 263px\" \/> Som <strong>Vilda Wilma<\/strong> kanske!?\u00a0<img loading=\"lazy\" class=\"alignnone  wp-image-69597\" src=\"http:\/\/www.filindeblogg.nu\/wp-content\/uploads\/2017\/06\/041-225x300.jpg\" alt=\"\" width=\"208\" height=\"277\" srcset=\"http:\/\/www.filindeblogg.nu\/wp-content\/uploads\/2017\/06\/041-225x300.jpg 225w, http:\/\/www.filindeblogg.nu\/wp-content\/uploads\/2017\/06\/041.jpg 450w\" sizes=\"(max-width: 208px) 100vw, 208px\" \/> Ett enkelt och gott liv &#8211; p\u00e5 katters vis!\u00a0<img loading=\"lazy\" class=\"alignnone size-medium wp-image-69598\" src=\"http:\/\/www.filindeblogg.nu\/wp-content\/uploads\/2017\/06\/042-1-225x300.jpg\" alt=\"\" width=\"225\" height=\"300\" srcset=\"http:\/\/www.filindeblogg.nu\/wp-content\/uploads\/2017\/06\/042-1-225x300.jpg 225w, http:\/\/www.filindeblogg.nu\/wp-content\/uploads\/2017\/06\/042-1.jpg 450w\" sizes=\"(max-width: 225px) 100vw, 225px\" \/><\/p>\n<p>Avslutningsvis psalm 200, skriven 1653:<\/p>\n<p style=\"text-align: center;\"><em>1.<\/em><br \/>\n<em> I denna ljuva sommartid<\/em><br \/>\n<em> G\u00e5 ut, min sj\u00e4l, och gl\u00e4d dig vid<\/em><br \/>\n<em> Den store Gudens g\u00e5vor.<\/em><br \/>\n<em> Se, hur i prydning jorden st\u00e5r,<\/em><br \/>\n<em> Se, hur f\u00f6r dig och mig hon f\u00e5r<\/em><br \/>\n<em> S\u00e5 underbara h\u00e5vor.<\/em><\/p>\n<p><em> 2.<\/em><br \/>\n<em> Av rika l\u00f6v \u00e4r grenen full,<\/em><br \/>\n<em> Och jorden t\u00e4ckt sin svarta mull<\/em><br \/>\n<em> Med sk\u00f6na gr\u00f6na kl\u00e4der.<\/em><br \/>\n<em> De fagra blommors myckenhet<\/em><br \/>\n<em> Med st\u00f6rre prakt och h\u00e4rlighet<\/em><br \/>\n<em> \u00c4n Salomos dig gl\u00e4der.<\/em><\/p>\n<p style=\"text-align: center;\"><img loading=\"lazy\" class=\"alignnone size-medium wp-image-69599\" src=\"http:\/\/www.filindeblogg.nu\/wp-content\/uploads\/2017\/06\/040-1-225x300.jpg\" alt=\"\" width=\"225\" height=\"300\" srcset=\"http:\/\/www.filindeblogg.nu\/wp-content\/uploads\/2017\/06\/040-1-225x300.jpg 225w, http:\/\/www.filindeblogg.nu\/wp-content\/uploads\/2017\/06\/040-1.jpg 450w\" sizes=\"(max-width: 225px) 100vw, 225px\" \/><\/p>\n<p><a href=\"https:\/\/www.youtube.com\/watch?v=IZ49n_cAKHs\"><strong>H\u00c4R<\/strong><\/a> kan du lyssna p\u00e5 n\u00e4r <strong>Olof Andersson<\/strong> sjunger psalmen.<\/p>\n<p>En riktigt sk\u00f6n midsommar \u00f6nskar bloggaren dig som l\u00e4ser! Njut och gl\u00f6m bekymren. G\u00f6r varje dag\u00a0 till en fest och gl\u00f6m aldrig att LEVA medan tid \u00e4r.<\/p>\n<p><img loading=\"lazy\" class=\"aligncenter size-medium wp-image-69600\" src=\"http:\/\/www.filindeblogg.nu\/wp-content\/uploads\/2017\/06\/035-1-300x225.jpg\" alt=\"\" width=\"300\" height=\"225\" srcset=\"http:\/\/www.filindeblogg.nu\/wp-content\/uploads\/2017\/06\/035-1-300x225.jpg 300w, http:\/\/www.filindeblogg.nu\/wp-content\/uploads\/2017\/06\/035-1.jpg 600w\" sizes=\"(max-width: 300px) 100vw, 300px\" \/><\/p>\n<p>&nbsp;<\/p>\n","protected":false},"excerpt":{"rendered":"<p>Ljuset kommer tidigt i midsommartid. Natt och m\u00f6rker finns knappast inte alls. Trots detta ljuvliga, ljusa blir bloggaren lite dunkel till sinnet denna sommarmorgon. N\u00e4r man \u00e4r ung \u00e4r det mesta ljust och \u00f6ppet. Du tror att du \u00e4r od\u00f6dlig. Livet leker och man har hur mycket tid i v\u00e4rlden som helst, tycker man. \u00a0Med [&hellip;]<\/p>\n","protected":false},"author":1,"featured_media":0,"comment_status":"open","ping_status":"open","sticky":false,"template":"","format":"standard","meta":[],"categories":[188,41,196,203,100,101,134],"tags":[],"_links":{"self":[{"href":"http:\/\/www.filindeblogg.nu\/index.php?rest_route=\/wp\/v2\/posts\/69582"}],"collection":[{"href":"http:\/\/www.filindeblogg.nu\/index.php?rest_route=\/wp\/v2\/posts"}],"about":[{"href":"http:\/\/www.filindeblogg.nu\/index.php?rest_route=\/wp\/v2\/types\/post"}],"author":[{"embeddable":true,"href":"http:\/\/www.filindeblogg.nu\/index.php?rest_route=\/wp\/v2\/users\/1"}],"replies":[{"embeddable":true,"href":"http:\/\/www.filindeblogg.nu\/index.php?rest_route=%2Fwp%2Fv2%2Fcomments&post=69582"}],"version-history":[{"count":20,"href":"http:\/\/www.filindeblogg.nu\/index.php?rest_route=\/wp\/v2\/posts\/69582\/revisions"}],"predecessor-version":[{"id":69620,"href":"http:\/\/www.filindeblogg.nu\/index.php?rest_route=\/wp\/v2\/posts\/69582\/revisions\/69620"}],"wp:attachment":[{"href":"http:\/\/www.filindeblogg.nu\/index.php?rest_route=%2Fwp%2Fv2%2Fmedia&parent=69582"}],"wp:term":[{"taxonomy":"category","embeddable":true,"href":"http:\/\/www.filindeblogg.nu\/index.php?rest_route=%2Fwp%2Fv2%2Fcategories&post=69582"},{"taxonomy":"post_tag","embeddable":true,"href":"http:\/\/www.filindeblogg.nu\/index.php?rest_route=%2Fwp%2Fv2%2Ftags&post=69582"}],"curies":[{"name":"wp","href":"https:\/\/api.w.org\/{rel}","templated":true}]}}