{"id":69522,"date":"2017-06-18T17:49:52","date_gmt":"2017-06-18T16:49:52","guid":{"rendered":"http:\/\/www.filindeblogg.nu\/?p=69522"},"modified":"2017-06-18T17:49:52","modified_gmt":"2017-06-18T16:49:52","slug":"allehanda-gravande","status":"publish","type":"post","link":"http:\/\/www.filindeblogg.nu\/?p=69522","title":{"rendered":"Allehanda gr\u00e4vande&#8230;"},"content":{"rendered":"<p><img loading=\"lazy\" class=\"alignnone  wp-image-69523\" src=\"http:\/\/www.filindeblogg.nu\/wp-content\/uploads\/2017\/06\/039-216x300.jpg\" alt=\"\" width=\"115\" height=\"160\" srcset=\"http:\/\/www.filindeblogg.nu\/wp-content\/uploads\/2017\/06\/039-216x300.jpg 216w, http:\/\/www.filindeblogg.nu\/wp-content\/uploads\/2017\/06\/039.jpg 415w\" sizes=\"(max-width: 115px) 100vw, 115px\" \/> Vi skriver den 18 juni idag och dagar, veckor och m\u00e5nader har bara rullat p\u00e5 f\u00f6r bloggaren. Tumultartat p\u00e5 olika vis men denna s\u00f6ndag ska en blogg \u00e4nd\u00e5 f\u00f6rs\u00f6ka komma p\u00e5 pr\u00e4nt.<\/p>\n<p><img loading=\"lazy\" class=\"alignnone  wp-image-69524\" src=\"http:\/\/www.filindeblogg.nu\/wp-content\/uploads\/2017\/06\/034-300x202.jpg\" alt=\"\" width=\"181\" height=\"122\" srcset=\"http:\/\/www.filindeblogg.nu\/wp-content\/uploads\/2017\/06\/034-300x202.jpg 300w, http:\/\/www.filindeblogg.nu\/wp-content\/uploads\/2017\/06\/034.jpg 600w\" sizes=\"(max-width: 181px) 100vw, 181px\" \/>\u00a0<strong>DN<\/strong> skriver idag och \u00e4ven f\u00f6rra s\u00f6ndagen om Tysklands f\u00f6rbundskansler Helmut Kohl som avled den 16 juni. <img loading=\"lazy\" class=\"alignnone size-medium wp-image-69525\" src=\"http:\/\/www.filindeblogg.nu\/wp-content\/uploads\/2017\/06\/035-300x170.jpg\" alt=\"\" width=\"300\" height=\"170\" srcset=\"http:\/\/www.filindeblogg.nu\/wp-content\/uploads\/2017\/06\/035-300x170.jpg 300w, http:\/\/www.filindeblogg.nu\/wp-content\/uploads\/2017\/06\/035.jpg 585w\" sizes=\"(max-width: 300px) 100vw, 300px\" \/><\/p>\n<p>Ledarsidan:<img loading=\"lazy\" class=\"alignnone  wp-image-69526\" src=\"http:\/\/www.filindeblogg.nu\/wp-content\/uploads\/2017\/06\/031-225x300.jpg\" alt=\"\" width=\"185\" height=\"247\" srcset=\"http:\/\/www.filindeblogg.nu\/wp-content\/uploads\/2017\/06\/031-225x300.jpg 225w, http:\/\/www.filindeblogg.nu\/wp-content\/uploads\/2017\/06\/031.jpg 450w\" sizes=\"(max-width: 185px) 100vw, 185px\" \/> Ord om Helmut Kohl: <img loading=\"lazy\" class=\"alignnone  wp-image-69527\" src=\"http:\/\/www.filindeblogg.nu\/wp-content\/uploads\/2017\/06\/036-236x300.jpg\" alt=\"\" width=\"201\" height=\"256\" srcset=\"http:\/\/www.filindeblogg.nu\/wp-content\/uploads\/2017\/06\/036-236x300.jpg 236w, http:\/\/www.filindeblogg.nu\/wp-content\/uploads\/2017\/06\/036.jpg 404w\" sizes=\"(max-width: 201px) 100vw, 201px\" \/><\/p>\n<p>Och ord av Helmut Kohl sj\u00e4lv: <img loading=\"lazy\" class=\"alignnone size-medium wp-image-69528\" src=\"http:\/\/www.filindeblogg.nu\/wp-content\/uploads\/2017\/06\/030-300x243.jpg\" alt=\"\" width=\"300\" height=\"243\" srcset=\"http:\/\/www.filindeblogg.nu\/wp-content\/uploads\/2017\/06\/030-300x243.jpg 300w, http:\/\/www.filindeblogg.nu\/wp-content\/uploads\/2017\/06\/030.jpg 555w\" sizes=\"(max-width: 300px) 100vw, 300px\" \/> Dessa ord tycker bloggaren ocks\u00e5 \u00e4r otroligt viktiga och bra: <em>&#8221;Den som inte k\u00e4nner sin historia kan inte heller f\u00f6rst\u00e5 dagens situation&#8221;<\/em>. <img loading=\"lazy\" class=\"alignnone  wp-image-69530\" src=\"http:\/\/www.filindeblogg.nu\/wp-content\/uploads\/2017\/06\/Story-of-the-world.jpg\" alt=\"\" width=\"175\" height=\"131\" \/><\/p>\n<p><img loading=\"lazy\" class=\"alignnone  wp-image-69529\" src=\"http:\/\/www.filindeblogg.nu\/wp-content\/uploads\/2017\/06\/046-300x225.jpg\" alt=\"\" width=\"202\" height=\"151\" srcset=\"http:\/\/www.filindeblogg.nu\/wp-content\/uploads\/2017\/06\/046-300x225.jpg 300w, http:\/\/www.filindeblogg.nu\/wp-content\/uploads\/2017\/06\/046.jpg 600w\" sizes=\"(max-width: 202px) 100vw, 202px\" \/>\u00a0Bloggaren t\u00e4nker p\u00e5 sitt eget lands historia och har l\u00e4nge tyckt att <strong>Per Anders Fogelstr\u00f6ms<\/strong> bokserie om <strong>Stockholm<\/strong> sj\u00e4lvklart borde ing\u00e5 p\u00e5 historielektionerna i grundskolan. <img loading=\"lazy\" class=\"alignnone  wp-image-69531\" src=\"http:\/\/www.filindeblogg.nu\/wp-content\/uploads\/2017\/06\/048-225x300.jpg\" alt=\"\" width=\"169\" height=\"225\" srcset=\"http:\/\/www.filindeblogg.nu\/wp-content\/uploads\/2017\/06\/048-225x300.jpg 225w, http:\/\/www.filindeblogg.nu\/wp-content\/uploads\/2017\/06\/048.jpg 450w\" sizes=\"(max-width: 169px) 100vw, 169px\" \/> Tillsammans med bland andra b\u00f6cker som speglar v\u00e5r historia, till exempel: <img loading=\"lazy\" class=\"alignnone  wp-image-69532\" src=\"http:\/\/www.filindeblogg.nu\/wp-content\/uploads\/2017\/06\/Utvandrarna-bok-186x300.jpg\" alt=\"\" width=\"143\" height=\"231\" srcset=\"http:\/\/www.filindeblogg.nu\/wp-content\/uploads\/2017\/06\/Utvandrarna-bok-186x300.jpg 186w, http:\/\/www.filindeblogg.nu\/wp-content\/uploads\/2017\/06\/Utvandrarna-bok.jpg 200w\" sizes=\"(max-width: 143px) 100vw, 143px\" \/><\/p>\n<p>Dagens unga borde f\u00f6rst\u00e5 sitt land och dess utveckling f\u00f6r att ocks\u00e5 f\u00f6rst\u00e5 andra l\u00e4nders utveckling och m\u00e4nniskorna som lever d\u00e4r.<\/p>\n<p>Lite annat ur DN ocks\u00e5. Om ett av bloggarens favoritdjur, vargen: <img loading=\"lazy\" class=\"alignnone size-medium wp-image-69534\" src=\"http:\/\/www.filindeblogg.nu\/wp-content\/uploads\/2017\/06\/029-300x248.jpg\" alt=\"\" width=\"300\" height=\"248\" srcset=\"http:\/\/www.filindeblogg.nu\/wp-content\/uploads\/2017\/06\/029-300x248.jpg 300w, http:\/\/www.filindeblogg.nu\/wp-content\/uploads\/2017\/06\/029.jpg 534w\" sizes=\"(max-width: 300px) 100vw, 300px\" \/> Och <strong>Marie-Louise Ekmans<\/strong> samlade konstn\u00e4rskap som invigdes p\u00e5 <strong><a href=\"http:\/\/www.modernamuseet.se\/stockholm\/sv\/utstallningar\/marie-louise-ekman\/\">Moderna Museet<\/a> i Stockholm<\/strong> ig\u00e5r, ett av hennes m\u00e5nga verk: <img loading=\"lazy\" class=\"alignnone size-medium wp-image-69536\" src=\"http:\/\/www.filindeblogg.nu\/wp-content\/uploads\/2017\/06\/038-300x231.jpg\" alt=\"\" width=\"300\" height=\"231\" srcset=\"http:\/\/www.filindeblogg.nu\/wp-content\/uploads\/2017\/06\/038-300x231.jpg 300w, http:\/\/www.filindeblogg.nu\/wp-content\/uploads\/2017\/06\/038.jpg 573w\" sizes=\"(max-width: 300px) 100vw, 300px\" \/> (Bild ur DN)<\/p>\n<p>L\u00e4ttsammare saker finnes ocks\u00e5! \ud83d\ude42 <img loading=\"lazy\" class=\"alignnone size-medium wp-image-69535\" src=\"http:\/\/www.filindeblogg.nu\/wp-content\/uploads\/2017\/06\/033-300x225.jpg\" alt=\"\" width=\"300\" height=\"225\" srcset=\"http:\/\/www.filindeblogg.nu\/wp-content\/uploads\/2017\/06\/033-300x225.jpg 300w, http:\/\/www.filindeblogg.nu\/wp-content\/uploads\/2017\/06\/033.jpg 600w\" sizes=\"(max-width: 300px) 100vw, 300px\" \/><\/p>\n<p>Och <strong>Assar<\/strong> som sl\u00e5r huvudet p\u00e5 spiken som vanligt!<\/p>\n<p><img loading=\"lazy\" class=\"wp-image-69537 aligncenter\" src=\"http:\/\/www.filindeblogg.nu\/wp-content\/uploads\/2017\/06\/026-219x300.jpg\" alt=\"\" width=\"219\" height=\"300\" srcset=\"http:\/\/www.filindeblogg.nu\/wp-content\/uploads\/2017\/06\/026-219x300.jpg 219w, http:\/\/www.filindeblogg.nu\/wp-content\/uploads\/2017\/06\/026.jpg 414w\" sizes=\"(max-width: 219px) 100vw, 219px\" \/><\/p>\n<p>Lite annat gr\u00e4v \u00e4n i tidningar: <img loading=\"lazy\" class=\"alignnone  wp-image-69538\" src=\"http:\/\/www.filindeblogg.nu\/wp-content\/uploads\/2017\/06\/Herrg\u00e5rdsbron-300x225.jpg\" alt=\"\" width=\"207\" height=\"155\" srcset=\"http:\/\/www.filindeblogg.nu\/wp-content\/uploads\/2017\/06\/Herrg\u00e5rdsbron-300x225.jpg 300w, http:\/\/www.filindeblogg.nu\/wp-content\/uploads\/2017\/06\/Herrg\u00e5rdsbron.jpg 600w\" sizes=\"(max-width: 207px) 100vw, 207px\" \/> Utsikt fr\u00e5n <strong>Herrg\u00e5rdsbron i Arboga<\/strong>. <img loading=\"lazy\" class=\"alignnone  wp-image-69539\" src=\"http:\/\/www.filindeblogg.nu\/wp-content\/uploads\/2017\/06\/054-300x225.jpg\" alt=\"\" width=\"195\" height=\"146\" srcset=\"http:\/\/www.filindeblogg.nu\/wp-content\/uploads\/2017\/06\/054-300x225.jpg 300w, http:\/\/www.filindeblogg.nu\/wp-content\/uploads\/2017\/06\/054.jpg 600w\" sizes=\"(max-width: 195px) 100vw, 195px\" \/><br \/>\nH\u00e4r gr\u00e4vs det f\u00f6r en ny, fin hamn. Bilderna \u00e4r tagna f\u00f6r en tid sedan och arbetet har f\u00f6rhoppningsvis framskridit p\u00e5 b\u00e4sta s\u00e4tt. <img loading=\"lazy\" class=\"alignnone  wp-image-69541\" src=\"http:\/\/www.filindeblogg.nu\/wp-content\/uploads\/2017\/06\/055-300x225.jpg\" alt=\"\" width=\"201\" height=\"151\" srcset=\"http:\/\/www.filindeblogg.nu\/wp-content\/uploads\/2017\/06\/055-300x225.jpg 300w, http:\/\/www.filindeblogg.nu\/wp-content\/uploads\/2017\/06\/055.jpg 600w\" sizes=\"(max-width: 201px) 100vw, 201px\" \/><\/p>\n<p>V\u00e4ldigt lokalt gr\u00e4vande ocks\u00e5. <img loading=\"lazy\" class=\"alignnone  wp-image-69540\" src=\"http:\/\/www.filindeblogg.nu\/wp-content\/uploads\/2017\/06\/052-300x225.jpg\" alt=\"\" width=\"189\" height=\"142\" srcset=\"http:\/\/www.filindeblogg.nu\/wp-content\/uploads\/2017\/06\/052-300x225.jpg 300w, http:\/\/www.filindeblogg.nu\/wp-content\/uploads\/2017\/06\/052.jpg 600w\" sizes=\"(max-width: 189px) 100vw, 189px\" \/><br \/>\n<img loading=\"lazy\" class=\"alignnone  wp-image-69542\" src=\"http:\/\/www.filindeblogg.nu\/wp-content\/uploads\/2017\/06\/014-300x225.jpg\" alt=\"\" width=\"175\" height=\"131\" srcset=\"http:\/\/www.filindeblogg.nu\/wp-content\/uploads\/2017\/06\/014-300x225.jpg 300w, http:\/\/www.filindeblogg.nu\/wp-content\/uploads\/2017\/06\/014.jpg 600w\" sizes=\"(max-width: 175px) 100vw, 175px\" \/> Stopp i avloppet p\u00e5 <strong>Glasbl\u00e5sarg\u00e5rden i Arboga<\/strong> ledde till stambyte som i sin tur genererade en del &#8221;kringarbeten&#8221;&#8230; <img loading=\"lazy\" class=\"alignnone  wp-image-69543\" src=\"http:\/\/www.filindeblogg.nu\/wp-content\/uploads\/2017\/06\/016-300x225.jpg\" alt=\"\" width=\"200\" height=\"150\" srcset=\"http:\/\/www.filindeblogg.nu\/wp-content\/uploads\/2017\/06\/016-300x225.jpg 300w, http:\/\/www.filindeblogg.nu\/wp-content\/uploads\/2017\/06\/016.jpg 600w\" sizes=\"(max-width: 200px) 100vw, 200px\" \/> Det \u00e4r tur det finns granngemenskap &#8211;<br \/>\noch goda v\u00e4nner! <img loading=\"lazy\" class=\"alignnone  wp-image-69544\" src=\"http:\/\/www.filindeblogg.nu\/wp-content\/uploads\/2017\/06\/037-300x225.jpg\" alt=\"\" width=\"186\" height=\"140\" srcset=\"http:\/\/www.filindeblogg.nu\/wp-content\/uploads\/2017\/06\/037-300x225.jpg 300w, http:\/\/www.filindeblogg.nu\/wp-content\/uploads\/2017\/06\/037.jpg 600w\" sizes=\"(max-width: 186px) 100vw, 186px\" \/> <strong>Tack Gunnar och Ulf!<\/strong><\/p>\n<p>Lite annat &#8211; saker kommer och g\u00e5r&#8230; <img loading=\"lazy\" class=\"alignnone  wp-image-69545\" src=\"http:\/\/www.filindeblogg.nu\/wp-content\/uploads\/2017\/06\/004-300x225.jpg\" alt=\"\" width=\"197\" height=\"148\" srcset=\"http:\/\/www.filindeblogg.nu\/wp-content\/uploads\/2017\/06\/004-300x225.jpg 300w, http:\/\/www.filindeblogg.nu\/wp-content\/uploads\/2017\/06\/004.jpg 600w\" sizes=\"(max-width: 197px) 100vw, 197px\" \/> Gammal k\u00e4rlek fick g\u00e5 och en ny rullade in ist\u00e4llet! <img loading=\"lazy\" class=\"alignnone  wp-image-69546\" src=\"http:\/\/www.filindeblogg.nu\/wp-content\/uploads\/2017\/06\/005-300x225.jpg\" alt=\"\" width=\"239\" height=\"179\" srcset=\"http:\/\/www.filindeblogg.nu\/wp-content\/uploads\/2017\/06\/005-300x225.jpg 300w, http:\/\/www.filindeblogg.nu\/wp-content\/uploads\/2017\/06\/005.jpg 600w\" sizes=\"(max-width: 239px) 100vw, 239px\" \/> K\u00f6pt av trevlige <strong>Ulf Thor\u00e9n<\/strong> vid<a href=\"http:\/\/www.motornilsson.se\/\"><strong> MotorNilssons<\/strong> <\/a>i <strong>K\u00f6ping<\/strong>!<br \/>\n<strong>Uffe<\/strong> han kan kr\u00e4nga bilar han!! \ud83d\ude09<\/p>\n<p>Rosta ihop &#8211; det kan gamla bilar g\u00f6ra. <img loading=\"lazy\" class=\"alignnone  wp-image-69547\" src=\"http:\/\/www.filindeblogg.nu\/wp-content\/uploads\/2017\/06\/Rostig-bil-2-300x169.jpg\" alt=\"\" width=\"213\" height=\"120\" srcset=\"http:\/\/www.filindeblogg.nu\/wp-content\/uploads\/2017\/06\/Rostig-bil-2-300x169.jpg 300w, http:\/\/www.filindeblogg.nu\/wp-content\/uploads\/2017\/06\/Rostig-bil-2.jpg 640w\" sizes=\"(max-width: 213px) 100vw, 213px\" \/><br \/>\n<img loading=\"lazy\" class=\"alignnone  wp-image-69548\" src=\"http:\/\/www.filindeblogg.nu\/wp-content\/uploads\/2017\/06\/Rostig-bild-3-300x200.jpg\" alt=\"\" width=\"206\" height=\"137\" srcset=\"http:\/\/www.filindeblogg.nu\/wp-content\/uploads\/2017\/06\/Rostig-bild-3-300x200.jpg 300w, http:\/\/www.filindeblogg.nu\/wp-content\/uploads\/2017\/06\/Rostig-bild-3-768x512.jpg 768w, http:\/\/www.filindeblogg.nu\/wp-content\/uploads\/2017\/06\/Rostig-bild-3-1024x683.jpg 1024w, http:\/\/www.filindeblogg.nu\/wp-content\/uploads\/2017\/06\/Rostig-bild-3.jpg 1125w\" sizes=\"(max-width: 206px) 100vw, 206px\" \/> Rost var inte fallet med bloggarens fina gamla p\u00e4rla till <strong>Volvo<\/strong> &#8211; men p\u00e5 tal om rost s\u00e5 s\u00e4ger man ju att<strong><em> &#8221;gammal k\u00e4rlek rostar aldrig<\/em><\/strong>&#8221;. Men visst tusan kan k\u00e4rlek rosta ihop!\u00a0<img loading=\"lazy\" class=\"alignnone  wp-image-69550\" src=\"http:\/\/www.filindeblogg.nu\/wp-content\/uploads\/2017\/06\/Hj\u00e4rta-som-rostat-248x300.jpg\" alt=\"\" width=\"106\" height=\"128\" srcset=\"http:\/\/www.filindeblogg.nu\/wp-content\/uploads\/2017\/06\/Hj\u00e4rta-som-rostat-248x300.jpg 248w, http:\/\/www.filindeblogg.nu\/wp-content\/uploads\/2017\/06\/Hj\u00e4rta-som-rostat.jpg 330w\" sizes=\"(max-width: 106px) 100vw, 106px\" \/> Precis som en gammal bil!<\/p>\n<p>Det man trodde var s\u00e5 s\u00e4kert och\u00a0livsl\u00e5ngt h\u00e5llbart visades sig vara n\u00e5got annat. Och hur gick det sen d\u00e5?<\/p>\n<p><img loading=\"lazy\" class=\"alignnone size-full wp-image-69551\" src=\"http:\/\/www.filindeblogg.nu\/wp-content\/uploads\/2017\/06\/Heartbreak-changes-people.jpg\" alt=\"\" width=\"183\" height=\"275\" \/> Ja, visst f\u00f6r\u00e4ndras man av ett brustet hj\u00e4rta&#8230; <img loading=\"lazy\" class=\"alignnone  wp-image-69553\" src=\"http:\/\/www.filindeblogg.nu\/wp-content\/uploads\/2017\/06\/Brustet-hj\u00e4rta-Kopia.jpg\" alt=\"\" width=\"183\" height=\"146\" \/>Ingenting blir riktigt som f\u00f6rr&#8230; Men hj\u00e4rtesorg g\u00e5r \u00f6ver och ett sargat hj\u00e4rta kan pl\u00e5stras ihop igen. <img loading=\"lazy\" class=\"alignnone  wp-image-69554\" src=\"http:\/\/www.filindeblogg.nu\/wp-content\/uploads\/2017\/06\/Lagat-hj\u00e4rta.jpg\" alt=\"\" width=\"169\" height=\"156\" \/>Story of my life&#8230;<\/p>\n<p><img loading=\"lazy\" class=\"alignnone  wp-image-69549\" src=\"http:\/\/www.filindeblogg.nu\/wp-content\/uploads\/2017\/06\/Rostig-bil-300x208.jpg\" alt=\"\" width=\"206\" height=\"143\" srcset=\"http:\/\/www.filindeblogg.nu\/wp-content\/uploads\/2017\/06\/Rostig-bil-300x208.jpg 300w, http:\/\/www.filindeblogg.nu\/wp-content\/uploads\/2017\/06\/Rostig-bil.jpg 500w\" sizes=\"(max-width: 206px) 100vw, 206px\" \/> Gammal k\u00e4rlek f\u00e5r g\u00e5 &#8211; men n\u00e5got nytt kan ocks\u00e5 rulla in!<\/p>\n<p>En ny k\u00e4nsla och ett nytt klappande hj\u00e4rta &#8211; lite rostigt kanske, som en r\u00f6d ros med lite sargade kanter&#8230;men \u00e4nd\u00e5 varm, innerlig k\u00e4rlek som s\u00e5 v\u00e4l beh\u00f6vs.<\/p>\n<p><img loading=\"lazy\" class=\"size-medium wp-image-69565 aligncenter\" src=\"http:\/\/www.filindeblogg.nu\/wp-content\/uploads\/2017\/06\/043-300x225.jpg\" alt=\"\" width=\"300\" height=\"225\" srcset=\"http:\/\/www.filindeblogg.nu\/wp-content\/uploads\/2017\/06\/043-300x225.jpg 300w, http:\/\/www.filindeblogg.nu\/wp-content\/uploads\/2017\/06\/043.jpg 600w\" sizes=\"(max-width: 300px) 100vw, 300px\" \/><\/p>\n<p>Avslutningsvis lite <strong>Arbogakarneval<\/strong> som p\u00e5gick i helgen. <img loading=\"lazy\" class=\"alignnone  wp-image-69556\" src=\"http:\/\/www.filindeblogg.nu\/wp-content\/uploads\/2017\/06\/Bloggen-1-Kopia-289x300.jpg\" alt=\"\" width=\"182\" height=\"189\" srcset=\"http:\/\/www.filindeblogg.nu\/wp-content\/uploads\/2017\/06\/Bloggen-1-Kopia-289x300.jpg 289w, http:\/\/www.filindeblogg.nu\/wp-content\/uploads\/2017\/06\/Bloggen-1-Kopia.jpg 556w\" sizes=\"(max-width: 182px) 100vw, 182px\" \/> Karnevalst\u00e5g som vanligt och bra v\u00e4der ocks\u00e5 som vanligt! <img loading=\"lazy\" class=\"alignnone  wp-image-69557\" src=\"http:\/\/www.filindeblogg.nu\/wp-content\/uploads\/2017\/06\/Karneval-225x300.jpg\" alt=\"\" width=\"162\" height=\"216\" srcset=\"http:\/\/www.filindeblogg.nu\/wp-content\/uploads\/2017\/06\/Karneval-225x300.jpg 225w, http:\/\/www.filindeblogg.nu\/wp-content\/uploads\/2017\/06\/Karneval.jpg 556w\" sizes=\"(max-width: 162px) 100vw, 162px\" \/> Soligt men inte f\u00f6r soligt och inte en droppe regn!<\/p>\n<p>Allahanda blomster s\u00e5v\u00e4l ute som inne kommer h\u00e4r ocks\u00e5: <img loading=\"lazy\" class=\"alignnone  wp-image-69558\" src=\"http:\/\/www.filindeblogg.nu\/wp-content\/uploads\/2017\/06\/022-300x225.jpg\" alt=\"\" width=\"150\" height=\"112\" srcset=\"http:\/\/www.filindeblogg.nu\/wp-content\/uploads\/2017\/06\/022-300x225.jpg 300w, http:\/\/www.filindeblogg.nu\/wp-content\/uploads\/2017\/06\/022.jpg 600w\" sizes=\"(max-width: 150px) 100vw, 150px\" \/><\/p>\n<p><img loading=\"lazy\" class=\"alignnone  wp-image-69560\" src=\"http:\/\/www.filindeblogg.nu\/wp-content\/uploads\/2017\/06\/017-300x225.jpg\" alt=\"\" width=\"167\" height=\"125\" srcset=\"http:\/\/www.filindeblogg.nu\/wp-content\/uploads\/2017\/06\/017-300x225.jpg 300w, http:\/\/www.filindeblogg.nu\/wp-content\/uploads\/2017\/06\/017.jpg 600w\" sizes=\"(max-width: 167px) 100vw, 167px\" \/> I regn och i solsken. <img loading=\"lazy\" class=\"alignnone  wp-image-69561\" src=\"http:\/\/www.filindeblogg.nu\/wp-content\/uploads\/2017\/06\/042-300x225.jpg\" alt=\"\" width=\"171\" height=\"128\" srcset=\"http:\/\/www.filindeblogg.nu\/wp-content\/uploads\/2017\/06\/042-300x225.jpg 300w, http:\/\/www.filindeblogg.nu\/wp-content\/uploads\/2017\/06\/042.jpg 600w\" sizes=\"(max-width: 171px) 100vw, 171px\" \/><\/p>\n<p><img loading=\"lazy\" class=\"alignnone  wp-image-69562\" src=\"http:\/\/www.filindeblogg.nu\/wp-content\/uploads\/2017\/06\/050-300x225.jpg\" alt=\"\" width=\"137\" height=\"103\" srcset=\"http:\/\/www.filindeblogg.nu\/wp-content\/uploads\/2017\/06\/050-300x225.jpg 300w, http:\/\/www.filindeblogg.nu\/wp-content\/uploads\/2017\/06\/050.jpg 600w\" sizes=\"(max-width: 137px) 100vw, 137px\" \/> *** <img loading=\"lazy\" class=\"alignnone  wp-image-69563\" src=\"http:\/\/www.filindeblogg.nu\/wp-content\/uploads\/2017\/06\/049-300x225.jpg\" alt=\"\" width=\"140\" height=\"105\" srcset=\"http:\/\/www.filindeblogg.nu\/wp-content\/uploads\/2017\/06\/049-300x225.jpg 300w, http:\/\/www.filindeblogg.nu\/wp-content\/uploads\/2017\/06\/049.jpg 600w\" sizes=\"(max-width: 140px) 100vw, 140px\" \/> *** <img loading=\"lazy\" class=\"alignnone  wp-image-69564\" src=\"http:\/\/www.filindeblogg.nu\/wp-content\/uploads\/2017\/06\/040-300x225.jpg\" alt=\"\" width=\"139\" height=\"104\" srcset=\"http:\/\/www.filindeblogg.nu\/wp-content\/uploads\/2017\/06\/040-300x225.jpg 300w, http:\/\/www.filindeblogg.nu\/wp-content\/uploads\/2017\/06\/040.jpg 600w\" sizes=\"(max-width: 139px) 100vw, 139px\" \/><\/p>\n<p><img loading=\"lazy\" class=\"size-medium wp-image-69566 aligncenter\" src=\"http:\/\/www.filindeblogg.nu\/wp-content\/uploads\/2017\/06\/045-300x225.jpg\" alt=\"\" width=\"300\" height=\"225\" srcset=\"http:\/\/www.filindeblogg.nu\/wp-content\/uploads\/2017\/06\/045-300x225.jpg 300w, http:\/\/www.filindeblogg.nu\/wp-content\/uploads\/2017\/06\/045.jpg 600w\" sizes=\"(max-width: 300px) 100vw, 300px\" \/><\/p>\n<p>Var r\u00e4dda om er nu &#8211; och om varandra! T\u00e4nk p\u00e5 dessa visa ord: <em>&#8221;L\u00e4r dig livets stora g\u00e5ta, \u00e4lska &#8211; gl\u00f6mma &#8211; och f\u00f6rl\u00e5ta&#8221;<\/em>.<br \/>\nVar inte s\u00e5 h\u00e5rd, livet \u00e4r s\u00e5 kort, Stryk ett streck \u00f6ver of\u00f6rr\u00e4tter och s\u00e5nt som blev lite tokigt &#8211; f\u00f6rl\u00e5t den som vill bli f\u00f6rl\u00e5ten.<\/p>\n<p>Ge mer k\u00e4rlek och f\u00e5 k\u00e4rlek tillbaka. <img loading=\"lazy\" class=\"alignnone size-medium wp-image-69567\" src=\"http:\/\/www.filindeblogg.nu\/wp-content\/uploads\/2017\/06\/Bl\u00e5sa-hj\u00e4rtan-300x168.jpg\" alt=\"\" width=\"300\" height=\"168\" \/> Var r\u00e4dd om den lycka du funnit igen. Slarvar inte bort den. T\u00e4nk p\u00e5 att ett brustet, ompl\u00e5strat hj\u00e4rta \u00e4r mer s\u00e5rbart&#8230;<\/p>\n<p>&nbsp;<\/p>\n<p>&nbsp;<\/p>\n","protected":false},"excerpt":{"rendered":"<p>Vi skriver den 18 juni idag och dagar, veckor och m\u00e5nader har bara rullat p\u00e5 f\u00f6r bloggaren. Tumultartat p\u00e5 olika vis men denna s\u00f6ndag ska en blogg \u00e4nd\u00e5 f\u00f6rs\u00f6ka komma p\u00e5 pr\u00e4nt. \u00a0DN skriver idag och \u00e4ven f\u00f6rra s\u00f6ndagen om Tysklands f\u00f6rbundskansler Helmut Kohl som avled den 16 juni. Ledarsidan: Ord om Helmut Kohl: Och [&hellip;]<\/p>\n","protected":false},"author":1,"featured_media":0,"comment_status":"open","ping_status":"open","sticky":false,"template":"","format":"standard","meta":[],"categories":[127,189,188,137,161,100,101,116],"tags":[],"_links":{"self":[{"href":"http:\/\/www.filindeblogg.nu\/index.php?rest_route=\/wp\/v2\/posts\/69522"}],"collection":[{"href":"http:\/\/www.filindeblogg.nu\/index.php?rest_route=\/wp\/v2\/posts"}],"about":[{"href":"http:\/\/www.filindeblogg.nu\/index.php?rest_route=\/wp\/v2\/types\/post"}],"author":[{"embeddable":true,"href":"http:\/\/www.filindeblogg.nu\/index.php?rest_route=\/wp\/v2\/users\/1"}],"replies":[{"embeddable":true,"href":"http:\/\/www.filindeblogg.nu\/index.php?rest_route=%2Fwp%2Fv2%2Fcomments&post=69522"}],"version-history":[{"count":14,"href":"http:\/\/www.filindeblogg.nu\/index.php?rest_route=\/wp\/v2\/posts\/69522\/revisions"}],"predecessor-version":[{"id":69581,"href":"http:\/\/www.filindeblogg.nu\/index.php?rest_route=\/wp\/v2\/posts\/69522\/revisions\/69581"}],"wp:attachment":[{"href":"http:\/\/www.filindeblogg.nu\/index.php?rest_route=%2Fwp%2Fv2%2Fmedia&parent=69522"}],"wp:term":[{"taxonomy":"category","embeddable":true,"href":"http:\/\/www.filindeblogg.nu\/index.php?rest_route=%2Fwp%2Fv2%2Fcategories&post=69522"},{"taxonomy":"post_tag","embeddable":true,"href":"http:\/\/www.filindeblogg.nu\/index.php?rest_route=%2Fwp%2Fv2%2Ftags&post=69522"}],"curies":[{"name":"wp","href":"https:\/\/api.w.org\/{rel}","templated":true}]}}