{"id":69441,"date":"2017-05-25T08:05:10","date_gmt":"2017-05-25T07:05:10","guid":{"rendered":"http:\/\/www.filindeblogg.nu\/?p=69441"},"modified":"2017-05-25T08:15:30","modified_gmt":"2017-05-25T07:15:30","slug":"du-har-bara-ett-skinn","status":"publish","type":"post","link":"http:\/\/www.filindeblogg.nu\/?p=69441","title":{"rendered":"Du har bara ett skinn!"},"content":{"rendered":"<p><img loading=\"lazy\" class=\"alignnone size-medium wp-image-69442\" src=\"http:\/\/www.filindeblogg.nu\/wp-content\/uploads\/2017\/05\/Du-har-bara-ett-skinn-300x94.jpg\" alt=\"\" width=\"300\" height=\"94\" srcset=\"http:\/\/www.filindeblogg.nu\/wp-content\/uploads\/2017\/05\/Du-har-bara-ett-skinn-300x94.jpg 300w, http:\/\/www.filindeblogg.nu\/wp-content\/uploads\/2017\/05\/Du-har-bara-ett-skinn.jpg 480w\" sizes=\"(max-width: 300px) 100vw, 300px\" \/><\/p>\n<p>S\u00e5 sant &#8211; du har bara ett skinn och var r\u00e4dd om det!<\/p>\n<p>F\u00f6r 10 dagar sedan inf\u00f6ll <a href=\"http:\/\/www.euromelanoma.org\/sweden\"><strong>Melanoma Day<\/strong><\/a>. <img loading=\"lazy\" class=\" wp-image-69479\" src=\"http:\/\/www.filindeblogg.nu\/wp-content\/uploads\/2017\/05\/Tidningsurklippet-300x230.jpg\" alt=\"\" width=\"247\" height=\"189\" srcset=\"http:\/\/www.filindeblogg.nu\/wp-content\/uploads\/2017\/05\/Tidningsurklippet-300x230.jpg 300w, http:\/\/www.filindeblogg.nu\/wp-content\/uploads\/2017\/05\/Tidningsurklippet.jpg 742w\" sizes=\"(max-width: 247px) 100vw, 247px\" \/> Bloggaren hade uppm\u00e4rksammat annonsen i tidningen och h\u00e4ngde p\u00e5 l\u00e5set f\u00f6r att f\u00e5 delta i dropp-in p\u00e5<strong> Hudkliniken i V\u00e4ster\u00e5s<\/strong>.<\/p>\n<p>Har man en hud som ser ut s\u00e5 h\u00e4r \u00f6ver hela kroppen &#8211; <img loading=\"lazy\" class=\"alignnone wp-image-69480\" src=\"http:\/\/www.filindeblogg.nu\/wp-content\/uploads\/2017\/05\/006-2-300x225.jpg\" alt=\"\" width=\"187\" height=\"140\" srcset=\"http:\/\/www.filindeblogg.nu\/wp-content\/uploads\/2017\/05\/006-2-300x225.jpg 300w, http:\/\/www.filindeblogg.nu\/wp-content\/uploads\/2017\/05\/006-2.jpg 600w\" sizes=\"(max-width: 187px) 100vw, 187px\" \/> &#8211; och dessutom opererades f\u00f6r malignt melanom f\u00f6r ett \u00e5r sedan d\u00e5 \u00e4r man angel\u00e4gen om att f\u00e5 en unders\u00f6kning n\u00e4r det annonseras om det.<\/p>\n<p>Iv\u00e4g mot V\u00e4ster\u00e5s och lasarettet.\u00a0<img loading=\"lazy\" class=\"alignnone size-medium wp-image-69482\" src=\"http:\/\/www.filindeblogg.nu\/wp-content\/uploads\/2017\/05\/032-300x205.jpg\" alt=\"\" width=\"300\" height=\"205\" srcset=\"http:\/\/www.filindeblogg.nu\/wp-content\/uploads\/2017\/05\/032-300x205.jpg 300w, http:\/\/www.filindeblogg.nu\/wp-content\/uploads\/2017\/05\/032.jpg 600w\" sizes=\"(max-width: 300px) 100vw, 300px\" \/><br \/>\nBra parkeringsplats hittades! \ud83d\ude09 <img loading=\"lazy\" class=\"alignnone size-medium wp-image-69481\" src=\"http:\/\/www.filindeblogg.nu\/wp-content\/uploads\/2017\/05\/007-3-300x225.jpg\" alt=\"\" width=\"300\" height=\"225\" srcset=\"http:\/\/www.filindeblogg.nu\/wp-content\/uploads\/2017\/05\/007-3-300x225.jpg 300w, http:\/\/www.filindeblogg.nu\/wp-content\/uploads\/2017\/05\/007-3.jpg 600w\" sizes=\"(max-width: 300px) 100vw, 300px\" \/> Bilen till v\u00e4nster \u00e4r dock inte min bil&#8230; \ud83d\ude42<\/p>\n<p><img loading=\"lazy\" class=\"alignnone size-medium wp-image-69484\" src=\"http:\/\/www.filindeblogg.nu\/wp-content\/uploads\/2017\/05\/010-2-300x225.jpg\" alt=\"\" width=\"300\" height=\"225\" srcset=\"http:\/\/www.filindeblogg.nu\/wp-content\/uploads\/2017\/05\/010-2-300x225.jpg 300w, http:\/\/www.filindeblogg.nu\/wp-content\/uploads\/2017\/05\/010-2.jpg 600w\" sizes=\"(max-width: 300px) 100vw, 300px\" \/> P\u00e5 v\u00e4g!<\/p>\n<p><img loading=\"lazy\" class=\"alignnone size-medium wp-image-69485\" src=\"http:\/\/www.filindeblogg.nu\/wp-content\/uploads\/2017\/05\/011-2-225x300.jpg\" alt=\"\" width=\"225\" height=\"300\" srcset=\"http:\/\/www.filindeblogg.nu\/wp-content\/uploads\/2017\/05\/011-2-225x300.jpg 225w, http:\/\/www.filindeblogg.nu\/wp-content\/uploads\/2017\/05\/011-2.jpg 450w\" sizes=\"(max-width: 225px) 100vw, 225px\" \/>\u00a0H\u00e4nga p\u00e5 l\u00e5set var helt r\u00e4tt &#8211;<br \/>\nf\u00f6r s\u00e5 h\u00e4r s\u00e5g det ut n\u00e4r bloggaren kom fram: <img loading=\"lazy\" class=\"alignnone size-medium wp-image-69483\" src=\"http:\/\/www.filindeblogg.nu\/wp-content\/uploads\/2017\/05\/014-3-300x225.jpg\" alt=\"\" width=\"300\" height=\"225\" srcset=\"http:\/\/www.filindeblogg.nu\/wp-content\/uploads\/2017\/05\/014-3-300x225.jpg 300w, http:\/\/www.filindeblogg.nu\/wp-content\/uploads\/2017\/05\/014-3.jpg 600w\" sizes=\"(max-width: 300px) 100vw, 300px\" \/><\/p>\n<p><img loading=\"lazy\" class=\"alignnone size-medium wp-image-69486\" src=\"http:\/\/www.filindeblogg.nu\/wp-content\/uploads\/2017\/05\/016-1-300x225.jpg\" alt=\"\" width=\"300\" height=\"225\" srcset=\"http:\/\/www.filindeblogg.nu\/wp-content\/uploads\/2017\/05\/016-1-300x225.jpg 300w, http:\/\/www.filindeblogg.nu\/wp-content\/uploads\/2017\/05\/016-1.jpg 600w\" sizes=\"(max-width: 300px) 100vw, 300px\" \/> In och betala!<br \/>\nSen kl\u00e4 av sig. <img loading=\"lazy\" class=\"alignnone size-medium wp-image-69487\" src=\"http:\/\/www.filindeblogg.nu\/wp-content\/uploads\/2017\/05\/018-3-225x300.jpg\" alt=\"\" width=\"225\" height=\"300\" srcset=\"http:\/\/www.filindeblogg.nu\/wp-content\/uploads\/2017\/05\/018-3-225x300.jpg 225w, http:\/\/www.filindeblogg.nu\/wp-content\/uploads\/2017\/05\/018-3.jpg 450w\" sizes=\"(max-width: 225px) 100vw, 225px\" \/><\/p>\n<p><img loading=\"lazy\" class=\"alignnone size-medium wp-image-69488\" src=\"http:\/\/www.filindeblogg.nu\/wp-content\/uploads\/2017\/05\/019-2-225x300.jpg\" alt=\"\" width=\"225\" height=\"300\" srcset=\"http:\/\/www.filindeblogg.nu\/wp-content\/uploads\/2017\/05\/019-2-225x300.jpg 225w, http:\/\/www.filindeblogg.nu\/wp-content\/uploads\/2017\/05\/019-2.jpg 450w\" sizes=\"(max-width: 225px) 100vw, 225px\" \/> I trosor och beh\u00e5 blev bloggaren unders\u00f6kt \u00f6ver hela kroppen av tre l\u00e4kare. Sen s\u00e5g bloggaren ut s\u00e5 h\u00e4r: <img loading=\"lazy\" class=\"alignnone size-medium wp-image-69489\" src=\"http:\/\/www.filindeblogg.nu\/wp-content\/uploads\/2017\/05\/020-4-225x300.jpg\" alt=\"\" width=\"225\" height=\"300\" srcset=\"http:\/\/www.filindeblogg.nu\/wp-content\/uploads\/2017\/05\/020-4-225x300.jpg 225w, http:\/\/www.filindeblogg.nu\/wp-content\/uploads\/2017\/05\/020-4.jpg 450w\" sizes=\"(max-width: 225px) 100vw, 225px\" \/> &#8211; Hurra! Inga farliga prickar!! \ud83d\ude42<\/p>\n<p>320 kronor och det var det verkligen v\u00e4rt! <img loading=\"lazy\" class=\"alignnone size-medium wp-image-69490\" src=\"http:\/\/www.filindeblogg.nu\/wp-content\/uploads\/2017\/05\/036-300x225.jpg\" alt=\"\" width=\"300\" height=\"225\" srcset=\"http:\/\/www.filindeblogg.nu\/wp-content\/uploads\/2017\/05\/036-300x225.jpg 300w, http:\/\/www.filindeblogg.nu\/wp-content\/uploads\/2017\/05\/036.jpg 600w\" sizes=\"(max-width: 300px) 100vw, 300px\" \/><\/p>\n<p><img loading=\"lazy\" class=\"alignnone size-medium wp-image-69491\" src=\"http:\/\/www.filindeblogg.nu\/wp-content\/uploads\/2017\/05\/hudcancer-fodelsemarken-300x121.jpg\" alt=\"\" width=\"300\" height=\"121\" srcset=\"http:\/\/www.filindeblogg.nu\/wp-content\/uploads\/2017\/05\/hudcancer-fodelsemarken-300x121.jpg 300w, http:\/\/www.filindeblogg.nu\/wp-content\/uploads\/2017\/05\/hudcancer-fodelsemarken.jpg 765w\" sizes=\"(max-width: 300px) 100vw, 300px\" \/> \u00c4r du orolig?\u00a0<img loading=\"lazy\" class=\"alignnone size-medium wp-image-69493\" src=\"http:\/\/www.filindeblogg.nu\/wp-content\/uploads\/2017\/05\/Hudcancer-i-steg-Kopia-300x178.jpg\" alt=\"\" width=\"300\" height=\"178\" srcset=\"http:\/\/www.filindeblogg.nu\/wp-content\/uploads\/2017\/05\/Hudcancer-i-steg-Kopia-300x178.jpg 300w, http:\/\/www.filindeblogg.nu\/wp-content\/uploads\/2017\/05\/Hudcancer-i-steg-Kopia.jpg 321w\" sizes=\"(max-width: 300px) 100vw, 300px\" \/><\/p>\n<p>Tveka inte! Kontakta din familjel\u00e4kare eller ring hudkliniken direkt f\u00f6r en koll! L\u00e4s mera <a href=\"https:\/\/www.cancerfonden.se\/livsstil\/solen\"><strong>H\u00c4R<\/strong> <\/a>p\u00e5 <strong>Cancerfonden<\/strong>s sida.<br \/>\n<a href=\"http:\/\/www.expressen.se\/halsoliv\/hudcancer---flackarna-du-bor-kolla-upp-extra\/\"><strong>H\u00c4R<\/strong> <\/a>finns ocks\u00e5 en checklista fr\u00e5n <strong>Expressen<\/strong>. <img loading=\"lazy\" class=\"alignnone wp-image-69494\" src=\"http:\/\/www.filindeblogg.nu\/wp-content\/uploads\/2017\/05\/Bruna-prickar-Expressen-300x181.jpg\" alt=\"\" width=\"194\" height=\"117\" srcset=\"http:\/\/www.filindeblogg.nu\/wp-content\/uploads\/2017\/05\/Bruna-prickar-Expressen-300x181.jpg 300w, http:\/\/www.filindeblogg.nu\/wp-content\/uploads\/2017\/05\/Bruna-prickar-Expressen.jpg 643w\" sizes=\"(max-width: 194px) 100vw, 194px\" \/><br \/>\nHudmottagningen i V\u00e4ster\u00e5s hittar du <a href=\"https:\/\/www.1177.se\/Hitta-vard\/Vastmanland\/Kontakt\/Landstinget-Vastmanland-Hudmottagningen\/\"><strong>H\u00c4R!<\/strong><\/a><\/p>\n<p><a href=\"http:\/\/www.euromelanoma.org\/sweden\"><strong>H\u00c4R<\/strong><\/a> kan du l\u00e4sa \u00e4nnu mera. <img loading=\"lazy\" class=\"alignnone wp-image-69495\" src=\"http:\/\/www.filindeblogg.nu\/wp-content\/uploads\/2017\/05\/Euro-Melanoma.png\" alt=\"\" width=\"202\" height=\"202\" srcset=\"http:\/\/www.filindeblogg.nu\/wp-content\/uploads\/2017\/05\/Euro-Melanoma.png 266w, http:\/\/www.filindeblogg.nu\/wp-content\/uploads\/2017\/05\/Euro-Melanoma-150x150.png 150w, http:\/\/www.filindeblogg.nu\/wp-content\/uploads\/2017\/05\/Euro-Melanoma-144x144.png 144w\" sizes=\"(max-width: 202px) 100vw, 202px\" \/><\/p>\n<p style=\"text-align: center;\">H\u00c5LL DIG I SKINNET OCH VAR R\u00c4DD OM DIG!!<\/p>\n<p style=\"text-align: center;\"><img loading=\"lazy\" class=\"aligncenter size-medium wp-image-69496\" src=\"http:\/\/www.filindeblogg.nu\/wp-content\/uploads\/2017\/05\/Om-cancer-och-kvinnos-solande-200x300.jpg\" alt=\"\" width=\"200\" height=\"300\" srcset=\"http:\/\/www.filindeblogg.nu\/wp-content\/uploads\/2017\/05\/Om-cancer-och-kvinnos-solande-200x300.jpg 200w, http:\/\/www.filindeblogg.nu\/wp-content\/uploads\/2017\/05\/Om-cancer-och-kvinnos-solande-768x1152.jpg 768w, http:\/\/www.filindeblogg.nu\/wp-content\/uploads\/2017\/05\/Om-cancer-och-kvinnos-solande-683x1024.jpg 683w, http:\/\/www.filindeblogg.nu\/wp-content\/uploads\/2017\/05\/Om-cancer-och-kvinnos-solande.jpg 1729w\" sizes=\"(max-width: 200px) 100vw, 200px\" \/><\/p>\n<p>Screenshot<\/p>\n","protected":false},"excerpt":{"rendered":"<p>S\u00e5 sant &#8211; du har bara ett skinn och var r\u00e4dd om det! F\u00f6r 10 dagar sedan inf\u00f6ll Melanoma Day. Bloggaren hade uppm\u00e4rksammat annonsen i tidningen och h\u00e4ngde p\u00e5 l\u00e5set f\u00f6r att f\u00e5 delta i dropp-in p\u00e5 Hudkliniken i V\u00e4ster\u00e5s. Har man en hud som ser ut s\u00e5 h\u00e4r \u00f6ver hela kroppen &#8211; &#8211; och [&hellip;]<\/p>\n","protected":false},"author":1,"featured_media":0,"comment_status":"open","ping_status":"open","sticky":false,"template":"","format":"standard","meta":[],"categories":[1,203,100,170,207,101,150],"tags":[],"_links":{"self":[{"href":"http:\/\/www.filindeblogg.nu\/index.php?rest_route=\/wp\/v2\/posts\/69441"}],"collection":[{"href":"http:\/\/www.filindeblogg.nu\/index.php?rest_route=\/wp\/v2\/posts"}],"about":[{"href":"http:\/\/www.filindeblogg.nu\/index.php?rest_route=\/wp\/v2\/types\/post"}],"author":[{"embeddable":true,"href":"http:\/\/www.filindeblogg.nu\/index.php?rest_route=\/wp\/v2\/users\/1"}],"replies":[{"embeddable":true,"href":"http:\/\/www.filindeblogg.nu\/index.php?rest_route=%2Fwp%2Fv2%2Fcomments&post=69441"}],"version-history":[{"count":3,"href":"http:\/\/www.filindeblogg.nu\/index.php?rest_route=\/wp\/v2\/posts\/69441\/revisions"}],"predecessor-version":[{"id":69498,"href":"http:\/\/www.filindeblogg.nu\/index.php?rest_route=\/wp\/v2\/posts\/69441\/revisions\/69498"}],"wp:attachment":[{"href":"http:\/\/www.filindeblogg.nu\/index.php?rest_route=%2Fwp%2Fv2%2Fmedia&parent=69441"}],"wp:term":[{"taxonomy":"category","embeddable":true,"href":"http:\/\/www.filindeblogg.nu\/index.php?rest_route=%2Fwp%2Fv2%2Fcategories&post=69441"},{"taxonomy":"post_tag","embeddable":true,"href":"http:\/\/www.filindeblogg.nu\/index.php?rest_route=%2Fwp%2Fv2%2Ftags&post=69441"}],"curies":[{"name":"wp","href":"https:\/\/api.w.org\/{rel}","templated":true}]}}