{"id":69191,"date":"2017-05-06T18:34:47","date_gmt":"2017-05-06T17:34:47","guid":{"rendered":"http:\/\/www.filindeblogg.nu\/?p=69191"},"modified":"2017-05-06T18:34:47","modified_gmt":"2017-05-06T17:34:47","slug":"livet-och-doden-och-allt-daremellan","status":"publish","type":"post","link":"http:\/\/www.filindeblogg.nu\/?p=69191","title":{"rendered":"Livet och d\u00f6den och allt d\u00e4remellan."},"content":{"rendered":"<p><img loading=\"lazy\" class=\"alignnone  wp-image-68732\" src=\"http:\/\/www.filindeblogg.nu\/wp-content\/uploads\/2017\/02\/Suss-i-skinn-20-jan-2017-Kopia-1-300x287.jpg\" alt=\"\" width=\"142\" height=\"136\" srcset=\"http:\/\/www.filindeblogg.nu\/wp-content\/uploads\/2017\/02\/Suss-i-skinn-20-jan-2017-Kopia-1-300x287.jpg 300w, http:\/\/www.filindeblogg.nu\/wp-content\/uploads\/2017\/02\/Suss-i-skinn-20-jan-2017-Kopia-1.jpg 604w\" sizes=\"(max-width: 142px) 100vw, 142px\" \/> Solsken och v\u00e4rme ig\u00e5r &#8211; moln och smygande kyla idag &#8211; det fick bloggaren att vilja skriva en lite filosofisk blogg igen. Om livet och d\u00f6den och allt d\u00e4remellan.<br \/>\nResearchen b\u00f6rjade, l\u00e4mpliga bilder skulle hittas och d\u00e5 visade det sig att bloggaren sannerligen var full av filosofiska k\u00e4nslor och tankarna i skallen verkligen tr\u00e4ngdes och ville ut! S\u00e5 nu f\u00e5r vi se vart bloggen landar! \ud83d\ude00<\/p>\n<p>Here we go! <img loading=\"lazy\" class=\"alignnone size-full wp-image-69192\" src=\"http:\/\/www.filindeblogg.nu\/wp-content\/uploads\/2017\/05\/Skriva-blogg.jpg\" alt=\"\" width=\"240\" height=\"159\" \/><\/p>\n<p>Vi b\u00f6rjar lite sm\u00e5tt med sommark\u00e4nslan fr\u00e5n ig\u00e5r! <img loading=\"lazy\" class=\"alignnone  wp-image-69193\" src=\"http:\/\/www.filindeblogg.nu\/wp-content\/uploads\/2017\/05\/003-225x300.jpg\" alt=\"\" width=\"143\" height=\"191\" srcset=\"http:\/\/www.filindeblogg.nu\/wp-content\/uploads\/2017\/05\/003-225x300.jpg 225w, http:\/\/www.filindeblogg.nu\/wp-content\/uploads\/2017\/05\/003.jpg 450w\" sizes=\"(max-width: 143px) 100vw, 143px\" \/> S\u00e5dana d\u00e4r h\u00e4rliga dagar d\u00e5 f\u00f6nstret \u00e5ker upp direkt p\u00e5 morgonen &#8211;<br \/>\noch d\u00f6rren f\u00e5r bli \u00f6ppen \u00e4nda ut! <img loading=\"lazy\" class=\"alignnone  wp-image-69194\" src=\"http:\/\/www.filindeblogg.nu\/wp-content\/uploads\/2017\/05\/002-1-225x300.jpg\" alt=\"\" width=\"161\" height=\"215\" srcset=\"http:\/\/www.filindeblogg.nu\/wp-content\/uploads\/2017\/05\/002-1-225x300.jpg 225w, http:\/\/www.filindeblogg.nu\/wp-content\/uploads\/2017\/05\/002-1.jpg 450w\" sizes=\"(max-width: 161px) 100vw, 161px\" \/><br \/>\nS\u00e5nt gillar bloggaren och s\u00e5nt gillar hennes katter! Frihetsk\u00e4nsla parat med ljus och v\u00e4rme!<\/p>\n<p>Men ljusa dagar varar inte f\u00f6r evigt och d\u00e5 infaller m\u00f6jligen lite av tungsinne eller i alla fall lite filosofiskt t\u00e4nkande som hos bloggaren idag.<br \/>\n<img loading=\"lazy\" class=\"alignnone  wp-image-69195\" src=\"http:\/\/www.filindeblogg.nu\/wp-content\/uploads\/2017\/05\/Skriva-dagbok-2.jpg\" alt=\"\" width=\"217\" height=\"146\" \/> Bloggaren har en f\u00f6rm\u00e5ga att skriva av sig. Det \u00e4r anv\u00e4ndbart n\u00e4r dagarna blir tunga &#8211; och n\u00e4tterna m\u00f6rka och l\u00e5nga&#8230; <img loading=\"lazy\" class=\"alignnone size-medium wp-image-69196\" src=\"http:\/\/www.filindeblogg.nu\/wp-content\/uploads\/2017\/05\/T\u00e4nka-p\u00e5-natten-300x147.jpg\" alt=\"\" width=\"300\" height=\"147\" srcset=\"http:\/\/www.filindeblogg.nu\/wp-content\/uploads\/2017\/05\/T\u00e4nka-p\u00e5-natten-300x147.jpg 300w, http:\/\/www.filindeblogg.nu\/wp-content\/uploads\/2017\/05\/T\u00e4nka-p\u00e5-natten.jpg 320w\" sizes=\"(max-width: 300px) 100vw, 300px\" \/> Dom d\u00e4r n\u00e4tterna n\u00e4r s\u00f6mnen aldrig vill infinna sig men d\u00e4remot tankarna. N\u00e4tter d\u00e5 man vrider och v\u00e4nder p\u00e5 allt. G\u00f6r h\u00f6nor av fj\u00e4drar, oroar sig och v\u00e5ndas. D\u00e5 \u00e4r det sk\u00f6nt att skriva av sig! <img loading=\"lazy\" class=\"alignnone  wp-image-69197\" src=\"http:\/\/www.filindeblogg.nu\/wp-content\/uploads\/2017\/05\/Skriva-dagbok-300x158.jpg\" alt=\"\" width=\"230\" height=\"121\" srcset=\"http:\/\/www.filindeblogg.nu\/wp-content\/uploads\/2017\/05\/Skriva-dagbok-300x158.jpg 300w, http:\/\/www.filindeblogg.nu\/wp-content\/uploads\/2017\/05\/Skriva-dagbok.jpg 310w\" sizes=\"(max-width: 230px) 100vw, 230px\" \/> Skriva ner allt som tynger, avreagera sig via skrivpapper och inte genom mobilen&#8230; <img loading=\"lazy\" class=\"alignnone  wp-image-69198\" src=\"http:\/\/www.filindeblogg.nu\/wp-content\/uploads\/2017\/05\/T\u00e4nka-i-s\u00e4ngen-med-mobil-i-hand.jpg\" alt=\"\" width=\"187\" height=\"105\" \/><br \/>\nSen somnar i alla fall bloggaren sk\u00f6nt. Inga uppvarvade textmeddelanden har blivit skickade och p\u00e5 morgonen k\u00e4nns allt som oroat s\u00e5 mycket mindre besv\u00e4rande &#8211; ja, faktiskt n\u00e4stan borta helt!<\/p>\n<p>Men vad \u00e4r det d\u00e5 som tynger? Som \u00e4ter en om n\u00e4tterna? Det kan vara ensamhet! <img loading=\"lazy\" class=\"alignnone  wp-image-69199\" src=\"http:\/\/www.filindeblogg.nu\/wp-content\/uploads\/2017\/05\/Ensam-kvinna.jpg\" alt=\"\" width=\"195\" height=\"146\" \/> Att ensam tackla b\u00f6rdor. Ensam f\u00f6rs\u00f6ka klara allt. <img loading=\"lazy\" class=\"alignnone  wp-image-69200\" src=\"http:\/\/www.filindeblogg.nu\/wp-content\/uploads\/2017\/05\/Ensam-man.jpg\" alt=\"\" width=\"192\" height=\"154\" \/><br \/>\nVill det sig riktigt illa \u00e4ter sorgen och bekymren upp en \u00e4ven dagtid och man k\u00e4nner sig pl\u00f6tsligt ensammast i v\u00e4rlden&#8230; <img loading=\"lazy\" class=\"alignnone size-full wp-image-69201\" src=\"http:\/\/www.filindeblogg.nu\/wp-content\/uploads\/2017\/05\/Ensammast-i-v\u00e4rlden.jpg\" alt=\"\" width=\"275\" height=\"183\" \/> Bloggaren vet hur s\u00e5nt k\u00e4nns. Som utbr\u00e4nd har man betydligt mindre kraftf\u00f6rr\u00e5d \u00e4n andra m\u00e4nniskor. Ja, mycket mindre energi och ork \u00e4n man f\u00f6rst\u00e5r sj\u00e4lv m\u00e5nga g\u00e5nger.<br \/>\nOch \u00e4r man riktigt, riktigt nere s\u00e5 orkar man inte be om hj\u00e4lp. Orkar inte h\u00f6ra av sig f\u00f6r n\u00e5gra tr\u00f6stande ord och lite omsorg. D\u00e5 \u00e4r allt bara svart. <img loading=\"lazy\" class=\"alignnone size-full wp-image-69202\" src=\"http:\/\/www.filindeblogg.nu\/wp-content\/uploads\/2017\/05\/Svart-ruta.png\" alt=\"\" width=\"225\" height=\"225\" srcset=\"http:\/\/www.filindeblogg.nu\/wp-content\/uploads\/2017\/05\/Svart-ruta.png 225w, http:\/\/www.filindeblogg.nu\/wp-content\/uploads\/2017\/05\/Svart-ruta-150x150.png 150w, http:\/\/www.filindeblogg.nu\/wp-content\/uploads\/2017\/05\/Svart-ruta-144x144.png 144w\" sizes=\"(max-width: 225px) 100vw, 225px\" \/> D\u00e5 blir man verkligen ensammast i v\u00e4rlden&#8230;<\/p>\n<p><img loading=\"lazy\" class=\"size-medium wp-image-69203 aligncenter\" src=\"http:\/\/www.filindeblogg.nu\/wp-content\/uploads\/2017\/05\/Im-lonely-and-I-need-you-300x129.jpg\" alt=\"\" width=\"300\" height=\"129\" srcset=\"http:\/\/www.filindeblogg.nu\/wp-content\/uploads\/2017\/05\/Im-lonely-and-I-need-you-300x129.jpg 300w, http:\/\/www.filindeblogg.nu\/wp-content\/uploads\/2017\/05\/Im-lonely-and-I-need-you.jpg 342w\" sizes=\"(max-width: 300px) 100vw, 300px\" \/><\/p>\n<p>Det \u00e4r d\u00e5 man beh\u00f6ver en v\u00e4n. <img loading=\"lazy\" class=\"alignnone  wp-image-69205\" src=\"http:\/\/www.filindeblogg.nu\/wp-content\/uploads\/2017\/05\/Bra-v\u00e4nner-finns-alltid-d\u00e4r-300x263.png\" alt=\"\" width=\"194\" height=\"170\" srcset=\"http:\/\/www.filindeblogg.nu\/wp-content\/uploads\/2017\/05\/Bra-v\u00e4nner-finns-alltid-d\u00e4r-300x263.png 300w, http:\/\/www.filindeblogg.nu\/wp-content\/uploads\/2017\/05\/Bra-v\u00e4nner-finns-alltid-d\u00e4r.png 400w\" sizes=\"(max-width: 194px) 100vw, 194px\" \/>Och inte vilken &#8221;v\u00e4n&#8221; som helst&#8230; <img loading=\"lazy\" class=\"alignnone  wp-image-69207\" src=\"http:\/\/www.filindeblogg.nu\/wp-content\/uploads\/2017\/05\/008-Kopia-300x265.jpg\" alt=\"\" width=\"206\" height=\"182\" srcset=\"http:\/\/www.filindeblogg.nu\/wp-content\/uploads\/2017\/05\/008-Kopia-300x265.jpg 300w, http:\/\/www.filindeblogg.nu\/wp-content\/uploads\/2017\/05\/008-Kopia.jpg 500w\" sizes=\"(max-width: 206px) 100vw, 206px\" \/>\u00a0 <strong><em>&#8221;En verklig v\u00e4n uppv\u00e4ger tio halvhj\u00e4rtade&#8221;<\/em><\/strong> \u00e4r just dagens ord f\u00f6r 6 maj.<\/p>\n<p>S\u00c5 sant! <img loading=\"lazy\" class=\"alignnone size-full wp-image-69208\" src=\"http:\/\/www.filindeblogg.nu\/wp-content\/uploads\/2017\/05\/En-riktig-v\u00e4n.jpg\" alt=\"\" width=\"209\" height=\"241\" \/> Det \u00e4r d\u00e5 man letar efter s\u00e5dana h\u00e4r bilder&#8230; <img loading=\"lazy\" class=\"alignnone size-full wp-image-69209\" src=\"http:\/\/www.filindeblogg.nu\/wp-content\/uploads\/2017\/05\/Gr\u00e5ta-ihop-v\u00e4nskap.jpg\" alt=\"\" width=\"188\" height=\"187\" srcset=\"http:\/\/www.filindeblogg.nu\/wp-content\/uploads\/2017\/05\/Gr\u00e5ta-ihop-v\u00e4nskap.jpg 188w, http:\/\/www.filindeblogg.nu\/wp-content\/uploads\/2017\/05\/Gr\u00e5ta-ihop-v\u00e4nskap-150x150.jpg 150w, http:\/\/www.filindeblogg.nu\/wp-content\/uploads\/2017\/05\/Gr\u00e5ta-ihop-v\u00e4nskap-144x144.jpg 144w\" sizes=\"(max-width: 188px) 100vw, 188px\" \/><br \/>\n&#8230;och s\u00e5dana h\u00e4r&#8230; <img loading=\"lazy\" class=\"alignnone size-full wp-image-69210\" src=\"http:\/\/www.filindeblogg.nu\/wp-content\/uploads\/2017\/05\/R\u00c4TT.jpg\" alt=\"\" width=\"210\" height=\"240\" \/>&#8230;och hoppas att man har n\u00e5gra verkliga v\u00e4nner&#8230; <img loading=\"lazy\" class=\"alignnone size-medium wp-image-69211\" src=\"http:\/\/www.filindeblogg.nu\/wp-content\/uploads\/2017\/05\/Riktig-v\u00e4nskap-Kopia-245x300.jpg\" alt=\"\" width=\"245\" height=\"300\" srcset=\"http:\/\/www.filindeblogg.nu\/wp-content\/uploads\/2017\/05\/Riktig-v\u00e4nskap-Kopia-245x300.jpg 245w, http:\/\/www.filindeblogg.nu\/wp-content\/uploads\/2017\/05\/Riktig-v\u00e4nskap-Kopia.jpg 490w\" sizes=\"(max-width: 245px) 100vw, 245px\" \/><\/p>\n<p><img loading=\"lazy\" class=\"aligncenter size-medium wp-image-69213\" src=\"http:\/\/www.filindeblogg.nu\/wp-content\/uploads\/2017\/05\/Om-vi-inte-finns-f\u00f6r-varandra-225x300.jpg\" alt=\"\" width=\"225\" height=\"300\" srcset=\"http:\/\/www.filindeblogg.nu\/wp-content\/uploads\/2017\/05\/Om-vi-inte-finns-f\u00f6r-varandra-225x300.jpg 225w, http:\/\/www.filindeblogg.nu\/wp-content\/uploads\/2017\/05\/Om-vi-inte-finns-f\u00f6r-varandra.jpg 480w\" sizes=\"(max-width: 225px) 100vw, 225px\" \/><\/p>\n<p>M\u00e4nniskan \u00e4r en besynnerlig figur f\u00f6r det finns stunder d\u00e5 man verkligen vill vara ensam ocks\u00e5 &#8211; och m\u00e5r bra av det! Man s\u00f6ker ensamhet. Kanske f\u00f6r vila och \u00e5terh\u00e4mtning &#8211; eller bara f\u00f6r att njuta av just den &#8211; ensamheten. <img loading=\"lazy\" class=\"alignnone size-full wp-image-69212\" src=\"http:\/\/www.filindeblogg.nu\/wp-content\/uploads\/2017\/05\/Vill-vara-ensam.jpg\" alt=\"\" width=\"297\" height=\"170\" \/> Man \u00e4r inte arg och inte ledsen &#8211; man vill bara vara ensam en stund &#8211; och beh\u00f6ver f\u00e5 vara det.<\/p>\n<p>Men verkliga v\u00e4nner vet skillnaden.\u00a0<img loading=\"lazy\" class=\"alignnone size-full wp-image-69215\" src=\"http:\/\/www.filindeblogg.nu\/wp-content\/uploads\/2017\/05\/V\u00e4nskap.jpg\" alt=\"\" width=\"275\" height=\"183\" \/> Skillnaden p\u00e5 \u00f6nskad och o\u00f6nskad ensamhet. Verkliga v\u00e4nner k\u00e4nner en och vet.<\/p>\n<p><img loading=\"lazy\" class=\"size-full wp-image-69214 aligncenter\" src=\"http:\/\/www.filindeblogg.nu\/wp-content\/uploads\/2017\/05\/Sv\u00e5ra-stunder-riktiga-v\u00e4nner.jpg\" alt=\"\" width=\"236\" height=\"236\" srcset=\"http:\/\/www.filindeblogg.nu\/wp-content\/uploads\/2017\/05\/Sv\u00e5ra-stunder-riktiga-v\u00e4nner.jpg 236w, http:\/\/www.filindeblogg.nu\/wp-content\/uploads\/2017\/05\/Sv\u00e5ra-stunder-riktiga-v\u00e4nner-150x150.jpg 150w, http:\/\/www.filindeblogg.nu\/wp-content\/uploads\/2017\/05\/Sv\u00e5ra-stunder-riktiga-v\u00e4nner-144x144.jpg 144w\" sizes=\"(max-width: 236px) 100vw, 236px\" \/><\/p>\n<p>Sen har vi andra sv\u00e5ra, filosofiska sp\u00f6rsm\u00e5l&#8230; <img loading=\"lazy\" class=\"alignnone  wp-image-69216\" src=\"http:\/\/www.filindeblogg.nu\/wp-content\/uploads\/2017\/05\/Var-finns-lyckan.jpg\" alt=\"\" width=\"180\" height=\"135\" \/><br \/>\nVar finns lyckan? Och har vi hittat den &#8211; hur f\u00e5ngar vi den d\u00e5? <img loading=\"lazy\" class=\"alignnone  wp-image-69218\" src=\"http:\/\/www.filindeblogg.nu\/wp-content\/uploads\/2017\/05\/Stor-kram-Kopia.jpg\" alt=\"\" width=\"191\" height=\"154\" \/><\/p>\n<p>Om vi k\u00e4nner s\u00e5 h\u00e4r: <img loading=\"lazy\" class=\"alignnone size-full wp-image-69219\" src=\"http:\/\/www.filindeblogg.nu\/wp-content\/uploads\/2017\/05\/Strong-but-need-someone.jpg\" alt=\"\" width=\"239\" height=\"211\" \/>Att man \u00e4r stark och klarar sig sj\u00e4lv men vill ha n\u00e5gon \u00e4nd\u00e5 ibland. Hur g\u00f6r man d\u00e5? Hur v\u00e5gar man s\u00e5nt? <img loading=\"lazy\" class=\"alignnone size-full wp-image-69220\" src=\"http:\/\/www.filindeblogg.nu\/wp-content\/uploads\/2017\/05\/N\u00e5gon-att-prata-med.jpg\" alt=\"\" width=\"291\" height=\"173\" \/><\/p>\n<p>Och n\u00e4r man inte bara vill ha n\u00e5gon &#8211; utan l\u00e4ngtar efter n\u00e5gon som ocks\u00e5 vill ha dig!\u00a0<img loading=\"lazy\" class=\"alignnone size-full wp-image-69221\" src=\"http:\/\/www.filindeblogg.nu\/wp-content\/uploads\/2017\/05\/Need-someone-who-needs-me.jpg\" alt=\"\" width=\"273\" height=\"184\" \/> N\u00e5gon som k\u00e4nner en l\u00e4ngtan efter just dig, att ha dig i sin n\u00e4rhet. Hur g\u00f6r man d\u00e5?<\/p>\n<p><img loading=\"lazy\" class=\"alignnone  wp-image-69222\" src=\"http:\/\/www.filindeblogg.nu\/wp-content\/uploads\/2017\/05\/M\u00f6ts-av-en-orsak.jpg\" alt=\"\" width=\"202\" height=\"184\" \/> S\u00e5 kan det absolut vara! Det finns en mening med m\u00f6ten mellan m\u00e4nniskor. Och f\u00e5r du chansen till ett s\u00e5dant m\u00f6te &#8211; l\u00e5t det inte g\u00e5 dig ur h\u00e4nder! <img loading=\"lazy\" class=\"alignnone size-full wp-image-69225\" src=\"http:\/\/www.filindeblogg.nu\/wp-content\/uploads\/2017\/05\/Tappa-inte-bort-k\u00e4rleken-Kopia.png\" alt=\"\" width=\"167\" height=\"195\" \/>H\u00e5ll fast!<br \/>\nOch h\u00e5ll h\u00e5rt! <img loading=\"lazy\" class=\"alignnone size-full wp-image-69224\" src=\"http:\/\/www.filindeblogg.nu\/wp-content\/uploads\/2017\/05\/Tappa-inte-din-k\u00e4resta.jpg\" alt=\"\" width=\"260\" height=\"194\" \/><\/p>\n<p>F\u00f6r s\u00e5 h\u00e4r \u00e4r det! <img loading=\"lazy\" class=\"alignnone size-full wp-image-69226\" src=\"http:\/\/www.filindeblogg.nu\/wp-content\/uploads\/2017\/05\/In-the-end-we-regret.jpg\" alt=\"\" width=\"190\" height=\"265\" \/> I slut\u00e4nden kommer vi bara att \u00e5ngra chanserna vi aldrig tog!<br \/>\nS\u00e5 ta chansen! V\u00e5ga! <img loading=\"lazy\" class=\"alignnone size-full wp-image-69227\" src=\"http:\/\/www.filindeblogg.nu\/wp-content\/uploads\/2017\/05\/Att-v\u00e5ga-\u00e4r.jpg\" alt=\"\" width=\"225\" height=\"225\" srcset=\"http:\/\/www.filindeblogg.nu\/wp-content\/uploads\/2017\/05\/Att-v\u00e5ga-\u00e4r.jpg 225w, http:\/\/www.filindeblogg.nu\/wp-content\/uploads\/2017\/05\/Att-v\u00e5ga-\u00e4r-150x150.jpg 150w, http:\/\/www.filindeblogg.nu\/wp-content\/uploads\/2017\/05\/Att-v\u00e5ga-\u00e4r-144x144.jpg 144w\" sizes=\"(max-width: 225px) 100vw, 225px\" \/><\/p>\n<p>Det d\u00e4r med att v\u00e5ga \u00e4r viktigt! Har du hittat en v\u00e4n du vill ha i ditt liv, en v\u00e4n att \u00e4lska, V\u00c5GA VISA DET! <img loading=\"lazy\" class=\"alignnone size-full wp-image-69228\" src=\"http:\/\/www.filindeblogg.nu\/wp-content\/uploads\/2017\/05\/Livet-\u00e4r-kort-\u00e4lska.png\" alt=\"\" width=\"225\" height=\"225\" srcset=\"http:\/\/www.filindeblogg.nu\/wp-content\/uploads\/2017\/05\/Livet-\u00e4r-kort-\u00e4lska.png 225w, http:\/\/www.filindeblogg.nu\/wp-content\/uploads\/2017\/05\/Livet-\u00e4r-kort-\u00e4lska-150x150.png 150w, http:\/\/www.filindeblogg.nu\/wp-content\/uploads\/2017\/05\/Livet-\u00e4r-kort-\u00e4lska-144x144.png 144w\" sizes=\"(max-width: 225px) 100vw, 225px\" \/><\/p>\n<p>T\u00e4nker du att du inte v\u00e5gar d\u00e4rf\u00f6r att du \u00e4r br\u00e4nd sen tidigare. Du orkar inte \u00e5ka p\u00e5 en sm\u00e4ll till. Ser inte m\u00f6jligheterna f\u00f6r alla problem &#8211; t\u00e4nk om! <img loading=\"lazy\" class=\"alignnone size-full wp-image-69233\" src=\"http:\/\/www.filindeblogg.nu\/wp-content\/uploads\/2017\/05\/Om-du-h\u00e5ller-tillbaka-dina-k\u00e4nslor.jpg\" alt=\"\" width=\"228\" height=\"221\" \/> <em>&#8221;<strong>Om du h\u00e5ller tillbaka k\u00e4nslorna f\u00f6r att du \u00e4r r\u00e4dd f\u00f6r att bli s\u00e5rad s\u00e5 kommer du i slut\u00e4nden att bli s\u00e5rad i alla fall&#8230;&#8221; <\/strong><\/em><\/p>\n<p><em><strong><img loading=\"lazy\" class=\"alignnone  wp-image-69235\" src=\"http:\/\/www.filindeblogg.nu\/wp-content\/uploads\/2017\/05\/Var-inte-r\u00e4dd-att-visa-k\u00e4nslor.png\" alt=\"\" width=\"159\" height=\"239\" \/><\/strong><\/em> S\u00e5 GO FOR IT!! <img loading=\"lazy\" class=\"alignnone  wp-image-69234\" src=\"http:\/\/www.filindeblogg.nu\/wp-content\/uploads\/2017\/05\/Livet-\u00e4r-s\u00e5-kort-\u00c4LSKA.png\" alt=\"\" width=\"175\" height=\"245\" \/><\/p>\n<p>V\u00e5ga prata med varandra ocks\u00e5! Om allt! <img loading=\"lazy\" class=\"alignnone size-medium wp-image-69229\" src=\"http:\/\/www.filindeblogg.nu\/wp-content\/uploads\/2017\/05\/PRATA-MED-VARANDRA-300x166.jpg\" alt=\"\" width=\"300\" height=\"166\" srcset=\"http:\/\/www.filindeblogg.nu\/wp-content\/uploads\/2017\/05\/PRATA-MED-VARANDRA-300x166.jpg 300w, http:\/\/www.filindeblogg.nu\/wp-content\/uploads\/2017\/05\/PRATA-MED-VARANDRA.jpg 301w\" sizes=\"(max-width: 300px) 100vw, 300px\" \/> L\u00e5t inte missf\u00f6rst\u00e5nd och &#8221;h\u00f6nor av fj\u00e4drar&#8221; st\u00f6ra k\u00e4rleken. <img loading=\"lazy\" class=\"alignnone size-full wp-image-69230\" src=\"http:\/\/www.filindeblogg.nu\/wp-content\/uploads\/2017\/05\/Missf\u00f6rst\u00e5nd.jpg\" alt=\"\" width=\"280\" height=\"180\" \/> L\u00e5t det inte f\u00f6rst\u00f6ra k\u00e4rleken! <img loading=\"lazy\" class=\"alignnone size-medium wp-image-69231\" src=\"http:\/\/www.filindeblogg.nu\/wp-content\/uploads\/2017\/05\/between-what-is-said-and-not-meant-and-what-is-18003691-300x292.png\" alt=\"\" width=\"300\" height=\"292\" srcset=\"http:\/\/www.filindeblogg.nu\/wp-content\/uploads\/2017\/05\/between-what-is-said-and-not-meant-and-what-is-18003691-300x292.png 300w, http:\/\/www.filindeblogg.nu\/wp-content\/uploads\/2017\/05\/between-what-is-said-and-not-meant-and-what-is-18003691.png 500w\" sizes=\"(max-width: 300px) 100vw, 300px\" \/> De d\u00e4r orden \u00e4r v\u00e4ldigt sanna: <em>&#8221;Mellan vad som sas men inte menades &#8211; och vad som menades men aldrig blev sagt &#8211; har\u00a0 mycken k\u00e4rlek g\u00e5tt f\u00f6rlorad&#8221;&#8230;<\/em><\/p>\n<p>S\u00e5 v\u00e5ga prata om det som trycker dig! <img loading=\"lazy\" class=\"alignnone size-full wp-image-69232\" src=\"http:\/\/www.filindeblogg.nu\/wp-content\/uploads\/2017\/05\/Prata-i-telefon-med-n\u00e5gon.png\" alt=\"\" width=\"282\" height=\"178\" \/> F\u00f6rpassa problem och missf\u00f6rst\u00e5nd dit d\u00e4r de h\u00f6r hemma! <img loading=\"lazy\" class=\"alignnone size-full wp-image-69236\" src=\"http:\/\/www.filindeblogg.nu\/wp-content\/uploads\/2017\/05\/Kasta-problemen-i-papperskorgen.jpg\" alt=\"\" width=\"244\" height=\"206\" \/><\/p>\n<p>KRAMAS ist\u00e4llet!\u00a0<img loading=\"lazy\" class=\"alignnone  wp-image-69238\" src=\"http:\/\/www.filindeblogg.nu\/wp-content\/uploads\/2017\/05\/Kramas-Kopia-275x300.jpg\" alt=\"\" width=\"183\" height=\"200\" srcset=\"http:\/\/www.filindeblogg.nu\/wp-content\/uploads\/2017\/05\/Kramas-Kopia-275x300.jpg 275w, http:\/\/www.filindeblogg.nu\/wp-content\/uploads\/2017\/05\/Kramas-Kopia.jpg 391w\" sizes=\"(max-width: 183px) 100vw, 183px\" \/><\/p>\n<p>F\u00f6r livet \u00e4r s\u00e5 kort&#8230;<img loading=\"lazy\" class=\"alignnone size-full wp-image-69239\" src=\"http:\/\/www.filindeblogg.nu\/wp-content\/uploads\/2017\/05\/Lifes-too-short.jpg\" alt=\"\" width=\"253\" height=\"199\" \/> Idag, 6 maj, \u00e4r en speciell dag f\u00f6r bloggaren.<br \/>\nDet handlar om dom h\u00e4r tv\u00e5. <img loading=\"lazy\" class=\"alignnone  wp-image-69241\" src=\"http:\/\/www.filindeblogg.nu\/wp-content\/uploads\/2017\/05\/024-225x300.jpg\" alt=\"\" width=\"162\" height=\"216\" srcset=\"http:\/\/www.filindeblogg.nu\/wp-content\/uploads\/2017\/05\/024-225x300.jpg 225w, http:\/\/www.filindeblogg.nu\/wp-content\/uploads\/2017\/05\/024.jpg 450w\" sizes=\"(max-width: 162px) 100vw, 162px\" \/>\u00a0 En ung man en g\u00e5ng f\u00f6r l\u00e4nge sedan.<br \/>\nOch en annan ung man f\u00f6r \u00e4nnu l\u00e4ngre sedan. <img loading=\"lazy\" class=\"alignnone size-full wp-image-69240\" src=\"http:\/\/www.filindeblogg.nu\/wp-content\/uploads\/2017\/05\/Pappa-G\u00f6te-25-\u00e5r.jpg\" alt=\"\" width=\"135\" height=\"143\" \/> Dom tv\u00e5 har med bloggaren att g\u00f6ra&#8230;<\/p>\n<p><img loading=\"lazy\" class=\"alignnone  wp-image-69242\" src=\"http:\/\/www.filindeblogg.nu\/wp-content\/uploads\/2017\/05\/Pappa-och-jag-1.jpg\" alt=\"\" width=\"235\" height=\"171\" \/> En av dom kom att bli bloggarens far.<\/p>\n<p><img loading=\"lazy\" class=\"alignnone  wp-image-69245\" src=\"http:\/\/www.filindeblogg.nu\/wp-content\/uploads\/2017\/05\/013-300x225.jpg\" alt=\"\" width=\"137\" height=\"103\" srcset=\"http:\/\/www.filindeblogg.nu\/wp-content\/uploads\/2017\/05\/013-300x225.jpg 300w, http:\/\/www.filindeblogg.nu\/wp-content\/uploads\/2017\/05\/013.jpg 600w\" sizes=\"(max-width: 137px) 100vw, 137px\" \/> Den andre blev hennes make. <img loading=\"lazy\" class=\"alignnone  wp-image-69243\" src=\"http:\/\/www.filindeblogg.nu\/wp-content\/uploads\/2017\/05\/Susanne-p\u00e5-Mats-br\u00f6llop-229x300.jpg\" alt=\"\" width=\"129\" height=\"169\" srcset=\"http:\/\/www.filindeblogg.nu\/wp-content\/uploads\/2017\/05\/Susanne-p\u00e5-Mats-br\u00f6llop-229x300.jpg 229w, http:\/\/www.filindeblogg.nu\/wp-content\/uploads\/2017\/05\/Susanne-p\u00e5-Mats-br\u00f6llop.jpg 412w\" sizes=\"(max-width: 129px) 100vw, 129px\" \/><br \/>\nB\u00e5da \u00e4r borta ur hennes liv nu kan man s\u00e4ga.<br \/>\nDen h\u00e4r bilden togs 1 maj 2013: <img loading=\"lazy\" class=\"alignnone  wp-image-69244\" src=\"http:\/\/www.filindeblogg.nu\/wp-content\/uploads\/2017\/05\/G\u00f6te-och-Peter-1-maj-2013-225x300.jpg\" alt=\"\" width=\"146\" height=\"195\" srcset=\"http:\/\/www.filindeblogg.nu\/wp-content\/uploads\/2017\/05\/G\u00f6te-och-Peter-1-maj-2013-225x300.jpg 225w, http:\/\/www.filindeblogg.nu\/wp-content\/uploads\/2017\/05\/G\u00f6te-och-Peter-1-maj-2013.jpg 480w\" sizes=\"(max-width: 146px) 100vw, 146px\" \/> Det \u00e4r den sista bilden p\u00e5 bloggarens far &#8211; p\u00e5 bilden ihop med exmaken Peter.<br \/>\nPappa avled p\u00e5 Peters f\u00f6delsedag den 6 maj f\u00f6r 4 \u00e5r sedan. Idag den 6 maj fyller Peter j\u00e4mna \u00e5r. 6 maj &#8211; en speciell dag f\u00f6r bloggaren&#8230; Tankarna g\u00e5r till dem b\u00e5da &#8211; p\u00e5 olika vis&#8230;<\/p>\n<p>S\u00e5 l\u00e5t oss t\u00e4nka p\u00e5 det som \u00e4r viktigt i v\u00e5ra korta liv! <img loading=\"lazy\" class=\"alignnone  wp-image-69246\" src=\"http:\/\/www.filindeblogg.nu\/wp-content\/uploads\/2017\/05\/Livet-\u00e4r-kort-\u00e4lska-varandra.jpg\" alt=\"\" width=\"176\" height=\"176\" srcset=\"http:\/\/www.filindeblogg.nu\/wp-content\/uploads\/2017\/05\/Livet-\u00e4r-kort-\u00e4lska-varandra.jpg 225w, http:\/\/www.filindeblogg.nu\/wp-content\/uploads\/2017\/05\/Livet-\u00e4r-kort-\u00e4lska-varandra-150x150.jpg 150w, http:\/\/www.filindeblogg.nu\/wp-content\/uploads\/2017\/05\/Livet-\u00e4r-kort-\u00e4lska-varandra-144x144.jpg 144w\" sizes=\"(max-width: 176px) 100vw, 176px\" \/><\/p>\n<p><img loading=\"lazy\" class=\"alignnone size-full wp-image-69247\" src=\"http:\/\/www.filindeblogg.nu\/wp-content\/uploads\/2017\/05\/\u00c4lska-v\u00e4nta-inte.jpg\" alt=\"\" width=\"225\" height=\"225\" srcset=\"http:\/\/www.filindeblogg.nu\/wp-content\/uploads\/2017\/05\/\u00c4lska-v\u00e4nta-inte.jpg 225w, http:\/\/www.filindeblogg.nu\/wp-content\/uploads\/2017\/05\/\u00c4lska-v\u00e4nta-inte-150x150.jpg 150w, http:\/\/www.filindeblogg.nu\/wp-content\/uploads\/2017\/05\/\u00c4lska-v\u00e4nta-inte-144x144.jpg 144w\" sizes=\"(max-width: 225px) 100vw, 225px\" \/> \u00c4lskar du n\u00e5gon &#8211; s\u00e4g det!<br \/>\nV\u00e5ga nu d\u00e5!! Lyssna till ditt hj\u00e4rta! <img loading=\"lazy\" class=\"alignnone size-full wp-image-69248\" src=\"http:\/\/www.filindeblogg.nu\/wp-content\/uploads\/2017\/05\/Pr\u00f6va-\u00e4nd\u00e5-sa-hj\u00e4rtat.jpg\" alt=\"\" width=\"225\" height=\"225\" srcset=\"http:\/\/www.filindeblogg.nu\/wp-content\/uploads\/2017\/05\/Pr\u00f6va-\u00e4nd\u00e5-sa-hj\u00e4rtat.jpg 225w, http:\/\/www.filindeblogg.nu\/wp-content\/uploads\/2017\/05\/Pr\u00f6va-\u00e4nd\u00e5-sa-hj\u00e4rtat-150x150.jpg 150w, http:\/\/www.filindeblogg.nu\/wp-content\/uploads\/2017\/05\/Pr\u00f6va-\u00e4nd\u00e5-sa-hj\u00e4rtat-144x144.jpg 144w\" sizes=\"(max-width: 225px) 100vw, 225px\" \/><\/p>\n<p>Och kom ih\u00e5g de h\u00e4r orden&#8230; <img loading=\"lazy\" class=\"alignnone size-medium wp-image-69249\" src=\"http:\/\/www.filindeblogg.nu\/wp-content\/uploads\/2017\/05\/Mellan-det-som-sagt-och-inte-menats-300x183.jpg\" alt=\"\" width=\"300\" height=\"183\" srcset=\"http:\/\/www.filindeblogg.nu\/wp-content\/uploads\/2017\/05\/Mellan-det-som-sagt-och-inte-menats-300x183.jpg 300w, http:\/\/www.filindeblogg.nu\/wp-content\/uploads\/2017\/05\/Mellan-det-som-sagt-och-inte-menats-768x468.jpg 768w, http:\/\/www.filindeblogg.nu\/wp-content\/uploads\/2017\/05\/Mellan-det-som-sagt-och-inte-menats-1024x624.jpg 1024w, http:\/\/www.filindeblogg.nu\/wp-content\/uploads\/2017\/05\/Mellan-det-som-sagt-och-inte-menats.jpg 1534w\" sizes=\"(max-width: 300px) 100vw, 300px\" \/><\/p>\n<p style=\"text-align: left;\"><img loading=\"lazy\" class=\"alignnone  wp-image-69250\" src=\"http:\/\/www.filindeblogg.nu\/wp-content\/uploads\/2017\/05\/019-300x225.jpg\" alt=\"\" width=\"145\" height=\"109\" srcset=\"http:\/\/www.filindeblogg.nu\/wp-content\/uploads\/2017\/05\/019-300x225.jpg 300w, http:\/\/www.filindeblogg.nu\/wp-content\/uploads\/2017\/05\/019.jpg 600w\" sizes=\"(max-width: 145px) 100vw, 145px\" \/><img loading=\"lazy\" class=\"alignnone  wp-image-69251\" src=\"http:\/\/www.filindeblogg.nu\/wp-content\/uploads\/2017\/05\/025-225x300.jpg\" alt=\"\" width=\"164\" height=\"219\" srcset=\"http:\/\/www.filindeblogg.nu\/wp-content\/uploads\/2017\/05\/025-225x300.jpg 225w, http:\/\/www.filindeblogg.nu\/wp-content\/uploads\/2017\/05\/025.jpg 450w\" sizes=\"(max-width: 164px) 100vw, 164px\" \/><img loading=\"lazy\" class=\"alignnone  wp-image-69252\" src=\"http:\/\/www.filindeblogg.nu\/wp-content\/uploads\/2017\/05\/020-1-300x225.jpg\" alt=\"\" width=\"137\" height=\"103\" srcset=\"http:\/\/www.filindeblogg.nu\/wp-content\/uploads\/2017\/05\/020-1-300x225.jpg 300w, http:\/\/www.filindeblogg.nu\/wp-content\/uploads\/2017\/05\/020-1.jpg 600w\" sizes=\"(max-width: 137px) 100vw, 137px\" \/><\/p>\n<p>Lev livet medan tid \u00e4r! Och gl\u00f6m inte att s\u00e4ga&#8230;<\/p>\n<p><img loading=\"lazy\" class=\"aligncenter size-full wp-image-69253\" src=\"http:\/\/www.filindeblogg.nu\/wp-content\/uploads\/2017\/05\/I-love-you.jpg\" alt=\"\" width=\"299\" height=\"168\" \/><\/p>\n<p style=\"text-align: center;\">Och att ge&#8230;<\/p>\n<p><img loading=\"lazy\" class=\"aligncenter  wp-image-69254\" src=\"http:\/\/www.filindeblogg.nu\/wp-content\/uploads\/2017\/05\/Bj\u00f6rn-kram.jpg\" alt=\"\" width=\"162\" height=\"198\" \/><\/p>\n<p><img loading=\"lazy\" class=\"aligncenter  wp-image-69255\" src=\"http:\/\/www.filindeblogg.nu\/wp-content\/uploads\/2017\/05\/Tro-hopp-och-k\u00e4rlek.jpg\" alt=\"\" width=\"153\" height=\"167\" \/><\/p>\n<p style=\"text-align: center;\">\n<p style=\"text-align: center;\"><em>K\u00e4rleken \u00e4r t\u00e5lmodig och god. <\/em><br \/>\n<em>K\u00e4rleken \u00e4r inte stridslysten, inte skrytsam och inte uppbl\u00e5st.<\/em><br \/>\n<em> Den \u00e4r inte utmanande, inte sj\u00e4lvisk, den brusar inte upp, den vill ingen n\u00e5got ont. <\/em><br \/>\n<em>Den finner inte gl\u00e4dje i or\u00e4tten, men gl\u00e4ds med sanningen.<\/em><br \/>\n<em> Allt b\u00e4r den, allt tror den, allt hoppas den, allt uth\u00e4rdar den.<\/em><br \/>\n<em> Men nu best\u00e5r <strong>tro, hopp och k\u00e4rlek<\/strong>, dessa tre och <strong>st\u00f6rst av dem \u00e4r k\u00e4rleken<\/strong>.<br \/>\n<\/em><br \/>\n<img loading=\"lazy\" class=\"aligncenter  wp-image-68934\" src=\"http:\/\/www.filindeblogg.nu\/wp-content\/uploads\/2017\/04\/Hj\u00e4rta-i-handen.jpg\" alt=\"\" width=\"120\" height=\"118\" \/><\/p>\n<p>&nbsp;<\/p>\n<p>&nbsp;<\/p>\n<p>&nbsp;<\/p>\n<p>&nbsp;<\/p>\n<p>&nbsp;<\/p>\n<p>&nbsp;<\/p>\n","protected":false},"excerpt":{"rendered":"<p>Solsken och v\u00e4rme ig\u00e5r &#8211; moln och smygande kyla idag &#8211; det fick bloggaren att vilja skriva en lite filosofisk blogg igen. Om livet och d\u00f6den och allt d\u00e4remellan. Researchen b\u00f6rjade, l\u00e4mpliga bilder skulle hittas och d\u00e5 visade det sig att bloggaren sannerligen var full av filosofiska k\u00e4nslor och tankarna i skallen verkligen tr\u00e4ngdes och [&hellip;]<\/p>\n","protected":false},"author":1,"featured_media":0,"comment_status":"open","ping_status":"open","sticky":false,"template":"","format":"standard","meta":[],"categories":[188,41,185,196,161,203,100,132,201,101,134,150],"tags":[],"_links":{"self":[{"href":"http:\/\/www.filindeblogg.nu\/index.php?rest_route=\/wp\/v2\/posts\/69191"}],"collection":[{"href":"http:\/\/www.filindeblogg.nu\/index.php?rest_route=\/wp\/v2\/posts"}],"about":[{"href":"http:\/\/www.filindeblogg.nu\/index.php?rest_route=\/wp\/v2\/types\/post"}],"author":[{"embeddable":true,"href":"http:\/\/www.filindeblogg.nu\/index.php?rest_route=\/wp\/v2\/users\/1"}],"replies":[{"embeddable":true,"href":"http:\/\/www.filindeblogg.nu\/index.php?rest_route=%2Fwp%2Fv2%2Fcomments&post=69191"}],"version-history":[{"count":33,"href":"http:\/\/www.filindeblogg.nu\/index.php?rest_route=\/wp\/v2\/posts\/69191\/revisions"}],"predecessor-version":[{"id":69288,"href":"http:\/\/www.filindeblogg.nu\/index.php?rest_route=\/wp\/v2\/posts\/69191\/revisions\/69288"}],"wp:attachment":[{"href":"http:\/\/www.filindeblogg.nu\/index.php?rest_route=%2Fwp%2Fv2%2Fmedia&parent=69191"}],"wp:term":[{"taxonomy":"category","embeddable":true,"href":"http:\/\/www.filindeblogg.nu\/index.php?rest_route=%2Fwp%2Fv2%2Fcategories&post=69191"},{"taxonomy":"post_tag","embeddable":true,"href":"http:\/\/www.filindeblogg.nu\/index.php?rest_route=%2Fwp%2Fv2%2Ftags&post=69191"}],"curies":[{"name":"wp","href":"https:\/\/api.w.org\/{rel}","templated":true}]}}