{"id":68981,"date":"2017-04-05T05:36:57","date_gmt":"2017-04-05T04:36:57","guid":{"rendered":"http:\/\/www.filindeblogg.nu\/?p=68981"},"modified":"2017-04-05T05:36:57","modified_gmt":"2017-04-05T04:36:57","slug":"hur-gammal-ar-du-da-ja-hursa-nar-individen-ar-normen-inte-siffror-i-ett-personnummer","status":"publish","type":"post","link":"http:\/\/www.filindeblogg.nu\/?p=68981","title":{"rendered":"&#8211; Hur gammal \u00e4r du d\u00e5? &#8211; Ja, hurs\u00e5???? N\u00e4r individen \u00e4r normen &#8211; inte siffror i ett personnummer!"},"content":{"rendered":"<p><img loading=\"lazy\" class=\"alignnone  wp-image-68983\" src=\"http:\/\/www.filindeblogg.nu\/wp-content\/uploads\/2017\/04\/045-235x300.jpg\" alt=\"\" width=\"94\" height=\"120\" srcset=\"http:\/\/www.filindeblogg.nu\/wp-content\/uploads\/2017\/04\/045-235x300.jpg 235w, http:\/\/www.filindeblogg.nu\/wp-content\/uploads\/2017\/04\/045.jpg 450w\" sizes=\"(max-width: 94px) 100vw, 94px\" \/> &#8211; Hur gammal \u00e4r du d\u00e5!? &#8211; Ja, hurs\u00e5??<\/p>\n<p>H\u00e4r kommer en blogg om att vara som man vill! Att t\u00e4nja gr\u00e4nser! Ytterligheter &#8211; att utmana det som anses vara r\u00e4tt och fel &#8211; och det viktigaste av allt &#8211; OAVSETT \u00c5LDER!<\/p>\n<p>Bloggaren \u00e4r en person som sticker ut. Lite vild och crazy.\u00a0<img loading=\"lazy\" class=\"alignnone  wp-image-68984\" src=\"http:\/\/www.filindeblogg.nu\/wp-content\/uploads\/2017\/04\/058-293x300.jpg\" alt=\"\" width=\"159\" height=\"163\" srcset=\"http:\/\/www.filindeblogg.nu\/wp-content\/uploads\/2017\/04\/058-293x300.jpg 293w, http:\/\/www.filindeblogg.nu\/wp-content\/uploads\/2017\/04\/058.jpg 450w\" sizes=\"(max-width: 159px) 100vw, 159px\" \/> En s\u00e5dan d\u00e4r person som man kanske beundrar f\u00f6r att hon v\u00e5gar eller ocks\u00e5 f\u00f6rfasar sig \u00f6ver &#8211; av samma anledning.<\/p>\n<p>En person som en del f\u00e5r rysningar av och helst v\u00e4ljer bort d\u00e4rf\u00f6r att dom t\u00e4nker &#8211; vad ska h\u00e4nda h\u00e4rn\u00e4st?? <img loading=\"lazy\" class=\"alignnone  wp-image-68985\" src=\"http:\/\/www.filindeblogg.nu\/wp-content\/uploads\/2017\/04\/049-248x300.jpg\" alt=\"\" width=\"159\" height=\"192\" srcset=\"http:\/\/www.filindeblogg.nu\/wp-content\/uploads\/2017\/04\/049-248x300.jpg 248w, http:\/\/www.filindeblogg.nu\/wp-content\/uploads\/2017\/04\/049.jpg 450w\" sizes=\"(max-width: 159px) 100vw, 159px\" \/> <em>&#8211; Vad ska hon nu hitta p\u00e5??<\/em><br \/>\nN\u00e4r bloggaren gick med i <strong>Milj\u00f6partiet i Arboga<\/strong> kom en i stan k\u00e4nd \u00e4ldre herre till ordf\u00f6rande i Mp och beklagade sig: <em>&#8221;- Jag h\u00f6rde att ni skulle f\u00e5 Susanne Linde med i partiet. Stackars er!&#8221;<\/em><br \/>\nSamma person har i andra ordalag ber\u00f6mt bloggaren f\u00f6r ins\u00e4ndare hon skrivit och det till henne personligen&#8230;<\/p>\n<p><img loading=\"lazy\" class=\"alignnone  wp-image-68986\" src=\"http:\/\/www.filindeblogg.nu\/wp-content\/uploads\/2017\/04\/060-290x300.jpg\" alt=\"\" width=\"157\" height=\"162\" srcset=\"http:\/\/www.filindeblogg.nu\/wp-content\/uploads\/2017\/04\/060-290x300.jpg 290w, http:\/\/www.filindeblogg.nu\/wp-content\/uploads\/2017\/04\/060.jpg 431w\" sizes=\"(max-width: 157px) 100vw, 157px\" \/> Vad beror s\u00e5nt p\u00e5?? En liten stad?? \u00c4ldre man och yngre kvinna?? Allm\u00e4n sur avundsjuka??<\/p>\n<p>Och vem bryr sig d\u00e5 egentligen?? Inte bloggaren i alla fall! <img loading=\"lazy\" class=\"alignnone  wp-image-68987\" src=\"http:\/\/www.filindeblogg.nu\/wp-content\/uploads\/2017\/04\/054-267x300.jpg\" alt=\"\" width=\"156\" height=\"175\" srcset=\"http:\/\/www.filindeblogg.nu\/wp-content\/uploads\/2017\/04\/054-267x300.jpg 267w, http:\/\/www.filindeblogg.nu\/wp-content\/uploads\/2017\/04\/054.jpg 450w\" sizes=\"(max-width: 156px) 100vw, 156px\" \/> Hon forts\u00e4tter som tidigare!<\/p>\n<p>Men &#8211; hon har inte alltid varit s\u00e5dan. Inte alltid modig och skulle heller aldrig d\u00e5 ha v\u00e5gat st\u00e5 f\u00f6r sin sak offentligt. Nej, det fanns en tid d\u00e5 bloggaren aldrig v\u00e5gade \u00f6ppna munnen utan bara ville g\u00f6mma sig. En l\u00e5ng skoltid av mobbning d\u00e5 hon liksom inte fanns.<\/p>\n<p>Den h\u00e4r bilden visar bloggarens skolklass en g\u00e5ng f\u00f6r l\u00e4nge sen.\u00a0<img loading=\"lazy\" class=\"alignnone size-medium wp-image-68988\" src=\"http:\/\/www.filindeblogg.nu\/wp-content\/uploads\/2017\/04\/007-300x179.jpg\" alt=\"\" width=\"300\" height=\"179\" srcset=\"http:\/\/www.filindeblogg.nu\/wp-content\/uploads\/2017\/04\/007-300x179.jpg 300w, http:\/\/www.filindeblogg.nu\/wp-content\/uploads\/2017\/04\/007.jpg 600w\" sizes=\"(max-width: 300px) 100vw, 300px\" \/> Sommarlov f\u00f6r 8-9-\u00e5ringar p\u00e5 <strong>G\u00e4ddg\u00e5rdsskolan i Arboga<\/strong>. Men var finns bloggaren bland alla blommor och glada barn? <img loading=\"lazy\" class=\"alignnone  wp-image-68989\" src=\"http:\/\/www.filindeblogg.nu\/wp-content\/uploads\/2017\/04\/011-1-300x225.jpg\" alt=\"\" width=\"220\" height=\"165\" srcset=\"http:\/\/www.filindeblogg.nu\/wp-content\/uploads\/2017\/04\/011-1-300x225.jpg 300w, http:\/\/www.filindeblogg.nu\/wp-content\/uploads\/2017\/04\/011-1.jpg 600w\" sizes=\"(max-width: 220px) 100vw, 220px\" \/> Ser ni henne inte? Det \u00e4r ju hon som g\u00f6mmer sig l\u00e4ngst bak&#8230; <img loading=\"lazy\" class=\"alignnone  wp-image-68990\" src=\"http:\/\/www.filindeblogg.nu\/wp-content\/uploads\/2017\/04\/011-Kopia-300x225.jpg\" alt=\"\" width=\"216\" height=\"162\" srcset=\"http:\/\/www.filindeblogg.nu\/wp-content\/uploads\/2017\/04\/011-Kopia-300x225.jpg 300w, http:\/\/www.filindeblogg.nu\/wp-content\/uploads\/2017\/04\/011-Kopia.jpg 600w\" sizes=\"(max-width: 216px) 100vw, 216px\" \/> Hon med l\u00e5ng fl\u00e4ta bak p\u00e5 ryggen. En h\u00e5rupps\u00e4ttning som fick &#8221;kamrater&#8221; att f\u00f6rf\u00f6lja henne med trakasserier och gl\u00e5pord som &#8221;j\u00e4vla 1800-talsk\u00e4rring&#8221;. Som gjorde att hon hade ont i magen j\u00e4mt och gr\u00e4t varje kv\u00e4ll n\u00e4r hon skulle sova.<\/p>\n<p>Det \u00e4r h\u00e4nsynsl\u00f6sa barn, mobbare, som ser till att en liten flicka f\u00e5r sin skoltid f\u00f6rst\u00f6rd. <img loading=\"lazy\" class=\"alignnone  wp-image-68991\" src=\"http:\/\/www.filindeblogg.nu\/wp-content\/uploads\/2017\/04\/004-225x300.jpg\" alt=\"\" width=\"161\" height=\"215\" srcset=\"http:\/\/www.filindeblogg.nu\/wp-content\/uploads\/2017\/04\/004-225x300.jpg 225w, http:\/\/www.filindeblogg.nu\/wp-content\/uploads\/2017\/04\/004.jpg 450w\" sizes=\"(max-width: 161px) 100vw, 161px\" \/> En liten f\u00f6rv\u00e4ntansfull flicka som s\u00e5g fram emot att l\u00e4ra sig mycket. <img loading=\"lazy\" class=\"alignnone  wp-image-68992\" src=\"http:\/\/www.filindeblogg.nu\/wp-content\/uploads\/2017\/04\/005-225x300.jpg\" alt=\"\" width=\"182\" height=\"243\" srcset=\"http:\/\/www.filindeblogg.nu\/wp-content\/uploads\/2017\/04\/005-225x300.jpg 225w, http:\/\/www.filindeblogg.nu\/wp-content\/uploads\/2017\/04\/005.jpg 450w\" sizes=\"(max-width: 182px) 100vw, 182px\" \/> Som trycktes ner och kuvades s\u00e5 att hon kom att \u00e4ngslas varje morgon d\u00e5 skolan v\u00e4ntade. <img loading=\"lazy\" class=\"alignnone  wp-image-68993\" src=\"http:\/\/www.filindeblogg.nu\/wp-content\/uploads\/2017\/04\/006-221x300.jpg\" alt=\"\" width=\"169\" height=\"229\" srcset=\"http:\/\/www.filindeblogg.nu\/wp-content\/uploads\/2017\/04\/006-221x300.jpg 221w, http:\/\/www.filindeblogg.nu\/wp-content\/uploads\/2017\/04\/006.jpg 438w\" sizes=\"(max-width: 169px) 100vw, 169px\" \/><\/p>\n<p><img loading=\"lazy\" class=\"alignnone  wp-image-68994\" src=\"http:\/\/www.filindeblogg.nu\/wp-content\/uploads\/2017\/04\/014-225x300.jpg\" alt=\"\" width=\"166\" height=\"221\" srcset=\"http:\/\/www.filindeblogg.nu\/wp-content\/uploads\/2017\/04\/014-225x300.jpg 225w, http:\/\/www.filindeblogg.nu\/wp-content\/uploads\/2017\/04\/014.jpg 450w\" sizes=\"(max-width: 166px) 100vw, 166px\" \/> En helt vanlig liten flicka, lite blyg bara och r\u00e4dd. F\u00f6r henne blev skoltiden en mardr\u00f6m &#8211; liksom f\u00f6r s\u00e5 m\u00e5nga andra skolbarn tyv\u00e4rr. Allt beroende p\u00e5 elaka &#8221;kamrater&#8221; och l\u00e4rare som &#8221;inget ser&#8221;. <img loading=\"lazy\" class=\"alignnone  wp-image-68995\" src=\"http:\/\/www.filindeblogg.nu\/wp-content\/uploads\/2017\/04\/012-1-300x225.jpg\" alt=\"\" width=\"223\" height=\"167\" srcset=\"http:\/\/www.filindeblogg.nu\/wp-content\/uploads\/2017\/04\/012-1-300x225.jpg 300w, http:\/\/www.filindeblogg.nu\/wp-content\/uploads\/2017\/04\/012-1.jpg 600w\" sizes=\"(max-width: 223px) 100vw, 223px\" \/><\/p>\n<p>MEN &#8211; den lilla flickan tog revansch! <img loading=\"lazy\" class=\"alignnone  wp-image-68996\" src=\"http:\/\/www.filindeblogg.nu\/wp-content\/uploads\/2017\/04\/050-240x300.jpg\" alt=\"\" width=\"185\" height=\"231\" srcset=\"http:\/\/www.filindeblogg.nu\/wp-content\/uploads\/2017\/04\/050-240x300.jpg 240w, http:\/\/www.filindeblogg.nu\/wp-content\/uploads\/2017\/04\/050.jpg 421w\" sizes=\"(max-width: 185px) 100vw, 185px\" \/> Nu v\u00e5gar hon allt och lite till! Lever ut allt nedtryckt och undanstoppat och det beror ocks\u00e5 p\u00e5 en annan sak &#8211; <strong>50-talisterna!<\/strong><\/p>\n<p>Aftonbladet skrev n\u00e5got m\u00e4rkligt och helt fel f\u00f6r n\u00e5gra \u00e5r sedan!<span class=\"irc_su\" dir=\"ltr\"><img loading=\"lazy\" class=\"alignnone size-full wp-image-68982\" src=\"http:\/\/www.filindeblogg.nu\/wp-content\/uploads\/2017\/04\/Fel-fel-fel.jpg\" alt=\"\" width=\"274\" height=\"184\" \/> <strong><em>&#8221;1950-talisterna &#8211; generationen som f\u00f6rsvann. Blek men sn\u00e4ll.&#8221;<\/em><\/strong><\/span><br \/>\n<strong><em>&#8221;<span class=\"irc_su\" dir=\"ltr\">Men kl\u00e4mda mellan j\u00e4tteproppen Orvar och de ironiska 60-talisterna gl\u00f6mdes 50-talisterna bort. Den sista bondegenerationen.&#8221;<\/span><\/em><\/strong><\/p>\n<p>Ha ha ha, inget kan vara mera felaktigt!!<img loading=\"lazy\" class=\"alignnone  wp-image-68998\" src=\"http:\/\/www.filindeblogg.nu\/wp-content\/uploads\/2017\/04\/047-249x300.jpg\" alt=\"\" width=\"158\" height=\"190\" srcset=\"http:\/\/www.filindeblogg.nu\/wp-content\/uploads\/2017\/04\/047-249x300.jpg 249w, http:\/\/www.filindeblogg.nu\/wp-content\/uploads\/2017\/04\/047.jpg 450w\" sizes=\"(max-width: 158px) 100vw, 158px\" \/> <strong>Det \u00e4r ju 50-talisterna som regerar!!<\/strong><\/p>\n<p><img loading=\"lazy\" class=\"alignnone  wp-image-68999\" src=\"http:\/\/www.filindeblogg.nu\/wp-content\/uploads\/2017\/04\/Peace-and-love-v.jpg\" alt=\"\" width=\"170\" height=\"170\" srcset=\"http:\/\/www.filindeblogg.nu\/wp-content\/uploads\/2017\/04\/Peace-and-love-v.jpg 225w, http:\/\/www.filindeblogg.nu\/wp-content\/uploads\/2017\/04\/Peace-and-love-v-150x150.jpg 150w, http:\/\/www.filindeblogg.nu\/wp-content\/uploads\/2017\/04\/Peace-and-love-v-144x144.jpg 144w\" sizes=\"(max-width: 170px) 100vw, 170px\" \/>\u00a050-talisterna som var ton\u00e5ringar under 60-talets totala revolution!<img loading=\"lazy\" class=\"alignnone size-full wp-image-69000\" src=\"http:\/\/www.filindeblogg.nu\/wp-content\/uploads\/2017\/04\/1968-revolution.jpg\" alt=\"\" width=\"198\" height=\"255\" \/><\/p>\n<p>N\u00e4r 60-talet kom hade 40-talisterna redan tuktats. Den tidens ungdomar var h\u00e5rt h\u00e5llna, skulle sk\u00f6ta sig, fick skriva till kungs f\u00f6r att gifta sig n\u00e4r tjejen blev med barn. F\u00f6r preventivmedel vad var det (!) och blev flickv\u00e4nnen med barn s\u00e5 var det bara att g\u00e5 till pr\u00e4sten och gifta sig!<\/p>\n<p><img loading=\"lazy\" class=\"alignnone  wp-image-69001\" src=\"http:\/\/www.filindeblogg.nu\/wp-content\/uploads\/2017\/04\/Love-revolution-300x236.jpg\" alt=\"\" width=\"256\" height=\"201\" srcset=\"http:\/\/www.filindeblogg.nu\/wp-content\/uploads\/2017\/04\/Love-revolution-300x236.jpg 300w, http:\/\/www.filindeblogg.nu\/wp-content\/uploads\/2017\/04\/Love-revolution.jpg 698w\" sizes=\"(max-width: 256px) 100vw, 256px\" \/> 50-talisterna d\u00e4remot fick uppleva The Love Revolution! <img loading=\"lazy\" class=\"alignnone  wp-image-69006\" src=\"http:\/\/www.filindeblogg.nu\/wp-content\/uploads\/2017\/04\/Peace-and-love.jpg\" alt=\"\" width=\"196\" height=\"133\" \/><\/p>\n<p><img loading=\"lazy\" class=\"aligncenter size-medium wp-image-69036\" src=\"http:\/\/www.filindeblogg.nu\/wp-content\/uploads\/2017\/04\/60talet-300x162.jpg\" alt=\"\" width=\"300\" height=\"162\" srcset=\"http:\/\/www.filindeblogg.nu\/wp-content\/uploads\/2017\/04\/60talet-300x162.jpg 300w, http:\/\/www.filindeblogg.nu\/wp-content\/uploads\/2017\/04\/60talet.jpg 306w\" sizes=\"(max-width: 300px) 100vw, 300px\" \/><\/p>\n<p><img loading=\"lazy\" class=\"alignnone  wp-image-69002\" src=\"http:\/\/www.filindeblogg.nu\/wp-content\/uploads\/2017\/04\/Free-love.jpg\" alt=\"\" width=\"204\" height=\"163\" \/> Allting blev fritt och det var sex, drugs and rock&#8217;n roll som g\u00e4llde! <img loading=\"lazy\" class=\"alignnone  wp-image-69003\" src=\"http:\/\/www.filindeblogg.nu\/wp-content\/uploads\/2017\/04\/Bob-Marly.jpg\" alt=\"\" width=\"169\" height=\"169\" srcset=\"http:\/\/www.filindeblogg.nu\/wp-content\/uploads\/2017\/04\/Bob-Marly.jpg 225w, http:\/\/www.filindeblogg.nu\/wp-content\/uploads\/2017\/04\/Bob-Marly-150x150.jpg 150w, http:\/\/www.filindeblogg.nu\/wp-content\/uploads\/2017\/04\/Bob-Marly-144x144.jpg 144w\" sizes=\"(max-width: 169px) 100vw, 169px\" \/><\/p>\n<p>Hasch r\u00f6ktes fritt \u00e4ven p\u00e5 lilla G\u00e4ddg\u00e5rdsskolan i Arboga! <img loading=\"lazy\" class=\"alignnone size-full wp-image-69004\" src=\"http:\/\/www.filindeblogg.nu\/wp-content\/uploads\/2017\/04\/Love-weed.jpg\" alt=\"\" width=\"225\" height=\"225\" srcset=\"http:\/\/www.filindeblogg.nu\/wp-content\/uploads\/2017\/04\/Love-weed.jpg 225w, http:\/\/www.filindeblogg.nu\/wp-content\/uploads\/2017\/04\/Love-weed-150x150.jpg 150w, http:\/\/www.filindeblogg.nu\/wp-content\/uploads\/2017\/04\/Love-weed-144x144.jpg 144w\" sizes=\"(max-width: 225px) 100vw, 225px\" \/><\/p>\n<p>S\u00e5nt s\u00e4tter sp\u00e5r! 50-talisterna blev inte alls n\u00e5gon blek och sn\u00e4ll generation utan satte ribban f\u00f6r forts\u00e4ttningen! 50-talisterna finner sig inte utan forts\u00e4tter att l\u00e4ra ut att det finns inga gr\u00e4nser!<br \/>\nOch n\u00e4r de nu b\u00f6rjar bli mer mogna i \u00e5lder s\u00e5 har definitivt inte heller \u00e5ldern n\u00e5gon betydelse!<br \/>\n<img loading=\"lazy\" class=\"alignnone  wp-image-69005\" src=\"http:\/\/www.filindeblogg.nu\/wp-content\/uploads\/2017\/04\/Siffror-1-till-100.png\" alt=\"\" width=\"208\" height=\"159\" \/> F\u00f6r vad \u00e4r \u00e5lder?? En siffra p\u00e5 ett papper! Inget m\u00e5tt och ingen gr\u00e4ns f\u00f6r gl\u00e4dje, k\u00e4rlek, liv &#8211; och heller inte f\u00f6r mode och reklam!<\/p>\n<p><img loading=\"lazy\" class=\"alignnone  wp-image-69007\" src=\"http:\/\/www.filindeblogg.nu\/wp-content\/uploads\/2017\/04\/017-225x300.jpg\" alt=\"\" width=\"122\" height=\"163\" srcset=\"http:\/\/www.filindeblogg.nu\/wp-content\/uploads\/2017\/04\/017-225x300.jpg 225w, http:\/\/www.filindeblogg.nu\/wp-content\/uploads\/2017\/04\/017.jpg 450w\" sizes=\"(max-width: 122px) 100vw, 122px\" \/>\u00a0<strong>Tidningen Kup\u00e9 tar<\/strong> faktiskt upp det h\u00e4r \u00e4mnet ocks\u00e5 i sitt senaste nummer. <img loading=\"lazy\" class=\"alignnone  wp-image-69008\" src=\"http:\/\/www.filindeblogg.nu\/wp-content\/uploads\/2017\/04\/024-300x225.jpg\" alt=\"\" width=\"160\" height=\"120\" srcset=\"http:\/\/www.filindeblogg.nu\/wp-content\/uploads\/2017\/04\/024-300x225.jpg 300w, http:\/\/www.filindeblogg.nu\/wp-content\/uploads\/2017\/04\/024.jpg 600w\" sizes=\"(max-width: 160px) 100vw, 160px\" \/> <strong><em>&#8221;Tendens \u00e5ldersskiftet&#8221;<\/em><\/strong> kallar tidningen reportaget som handlar om s\u00e5v\u00e4l arbete som s\u00e4tt att leva &#8211; och om hur f\u00f6retagen anv\u00e4nder sig av den nya trenden.<br \/>\n<img loading=\"lazy\" class=\"alignnone  wp-image-69009\" src=\"http:\/\/www.filindeblogg.nu\/wp-content\/uploads\/2017\/04\/033-190x300.jpg\" alt=\"\" width=\"154\" height=\"243\" srcset=\"http:\/\/www.filindeblogg.nu\/wp-content\/uploads\/2017\/04\/033-190x300.jpg 190w, http:\/\/www.filindeblogg.nu\/wp-content\/uploads\/2017\/04\/033.jpg 359w\" sizes=\"(max-width: 154px) 100vw, 154px\" \/> Arbetsgivare anst\u00e4ller g\u00e4rna \u00e4ldre som \u00e4r pigga och friska &#8211; och m\u00e5nga v\u00e4ljer att jobba l\u00e4ngre &#8211; eller tillf\u00e4lligt n\u00e4r de efterfr\u00e5gas igen som pension\u00e4rer.<\/p>\n<p>Modebranschen har ocks\u00e5 f\u00f6rst\u00e5tt att \u00e5lder inte \u00e4r n\u00e5got bra m\u00e5tt! <img loading=\"lazy\" class=\"alignnone size-medium wp-image-69010\" src=\"http:\/\/www.filindeblogg.nu\/wp-content\/uploads\/2017\/04\/030-225x300.jpg\" alt=\"\" width=\"225\" height=\"300\" srcset=\"http:\/\/www.filindeblogg.nu\/wp-content\/uploads\/2017\/04\/030-225x300.jpg 225w, http:\/\/www.filindeblogg.nu\/wp-content\/uploads\/2017\/04\/030.jpg 450w\" sizes=\"(max-width: 225px) 100vw, 225px\" \/> Modellerna \u00e4r \u00e4ldre och inte tr\u00e5dsmala heller! <img loading=\"lazy\" class=\"alignnone  wp-image-69012\" src=\"http:\/\/www.filindeblogg.nu\/wp-content\/uploads\/2017\/04\/025-225x300.jpg\" alt=\"\" width=\"185\" height=\"247\" srcset=\"http:\/\/www.filindeblogg.nu\/wp-content\/uploads\/2017\/04\/025-225x300.jpg 225w, http:\/\/www.filindeblogg.nu\/wp-content\/uploads\/2017\/04\/025.jpg 450w\" sizes=\"(max-width: 185px) 100vw, 185px\" \/> Modellerna speglar m\u00e4nniskor som vill leva livet utan begr\u00e4nsningar.\u00a0<img loading=\"lazy\" class=\"alignnone  wp-image-69013\" src=\"http:\/\/www.filindeblogg.nu\/wp-content\/uploads\/2017\/04\/032-202x300.jpg\" alt=\"\" width=\"180\" height=\"267\" srcset=\"http:\/\/www.filindeblogg.nu\/wp-content\/uploads\/2017\/04\/032-202x300.jpg 202w, http:\/\/www.filindeblogg.nu\/wp-content\/uploads\/2017\/04\/032.jpg 373w\" sizes=\"(max-width: 180px) 100vw, 180px\" \/>\u00a0<img loading=\"lazy\" class=\"alignnone size-medium wp-image-69014\" src=\"http:\/\/www.filindeblogg.nu\/wp-content\/uploads\/2017\/04\/031-300x77.jpg\" alt=\"\" width=\"300\" height=\"77\" srcset=\"http:\/\/www.filindeblogg.nu\/wp-content\/uploads\/2017\/04\/031-300x77.jpg 300w, http:\/\/www.filindeblogg.nu\/wp-content\/uploads\/2017\/04\/031.jpg 525w\" sizes=\"(max-width: 300px) 100vw, 300px\" \/> <strong><em>&#8221;Trenden g\u00e5r mot att sluta skilja p\u00e5 ungt och gammalt, feminint och maskulint, och ist\u00e4llet s\u00e4tta individen i fokus.&#8221;<\/em> <\/strong><\/p>\n<p><img loading=\"lazy\" class=\"alignnone size-medium wp-image-69011\" src=\"http:\/\/www.filindeblogg.nu\/wp-content\/uploads\/2017\/04\/035-300x225.jpg\" alt=\"\" width=\"300\" height=\"225\" srcset=\"http:\/\/www.filindeblogg.nu\/wp-content\/uploads\/2017\/04\/035-300x225.jpg 300w, http:\/\/www.filindeblogg.nu\/wp-content\/uploads\/2017\/04\/035.jpg 600w\" sizes=\"(max-width: 300px) 100vw, 300px\" \/> <strong><em>&#8221;- N\u00e4r individen \u00e4r normen d\u00e5 finns det inte l\u00e4ngre n\u00e5gra egenskaper, s\u00e4tt att kl\u00e4 sig eller vara som \u00e4r exklusivt f\u00f6r ett k\u00f6n eller en \u00e5lder&#8221;<\/em><\/strong>, s\u00e4ger <strong>Bobo af Ekenstam,<\/strong> omv\u00e4rldsanalytiker.<\/p>\n<p><img loading=\"lazy\" class=\"alignnone size-medium wp-image-69015\" src=\"http:\/\/www.filindeblogg.nu\/wp-content\/uploads\/2017\/04\/026-300x225.jpg\" alt=\"\" width=\"300\" height=\"225\" srcset=\"http:\/\/www.filindeblogg.nu\/wp-content\/uploads\/2017\/04\/026-300x225.jpg 300w, http:\/\/www.filindeblogg.nu\/wp-content\/uploads\/2017\/04\/026.jpg 600w\" sizes=\"(max-width: 300px) 100vw, 300px\" \/> \u00c4ven resebranschen har fattat att \u00e5lder inte har betydelse n\u00e4r det g\u00e4ller att se sig om i v\u00e4rlden! <img loading=\"lazy\" class=\"alignnone size-medium wp-image-69016\" src=\"http:\/\/www.filindeblogg.nu\/wp-content\/uploads\/2017\/04\/027-300x234.jpg\" alt=\"\" width=\"300\" height=\"234\" srcset=\"http:\/\/www.filindeblogg.nu\/wp-content\/uploads\/2017\/04\/027-300x234.jpg 300w, http:\/\/www.filindeblogg.nu\/wp-content\/uploads\/2017\/04\/027.jpg 380w\" sizes=\"(max-width: 300px) 100vw, 300px\" \/><\/p>\n<p>Precis s\u00e5 som bloggaren uppfattar det hela s\u00e5 skriver ocks\u00e5 tidningen Kup\u00e9! <img loading=\"lazy\" class=\"alignnone size-medium wp-image-69017\" src=\"http:\/\/www.filindeblogg.nu\/wp-content\/uploads\/2017\/04\/036-300x225.jpg\" alt=\"\" width=\"300\" height=\"225\" srcset=\"http:\/\/www.filindeblogg.nu\/wp-content\/uploads\/2017\/04\/036-300x225.jpg 300w, http:\/\/www.filindeblogg.nu\/wp-content\/uploads\/2017\/04\/036.jpg 600w\" sizes=\"(max-width: 300px) 100vw, 300px\" \/> <em>&#8221;I stora delar av v\u00e4rlden har erfarenhet och \u00e5lder alltid ingett v\u00f6rdnad. I v\u00e4st och inte minst i Sverige, sl\u00e4ngde vi ut mycket av den respekten med ungdomsrevolten i slutet av 60-talet. Gamla auktoriteter skulle ifr\u00e5gas\u00e4ttas. De medel\u00e5lders representerade n\u00e5got f\u00f6rstelnat. F\u00f6r att inte tala om de \u00e4nnu \u00e4ldre.&#8221;<\/em><\/p>\n<p>Och nu forts\u00e4tter de d\u00e4r ungdomarna att t\u00e4nja gr\u00e4nser! Att inte finna sig! Att leva livet! Allt \u00e4r till\u00e5tet! K\u00e4rlek har ingen \u00e5lder och inget annat \u00e4r det \u00e5ldersgr\u00e4ns p\u00e5 heller!\u00a0 <img loading=\"lazy\" class=\"alignnone  wp-image-69020\" src=\"http:\/\/www.filindeblogg.nu\/wp-content\/uploads\/2017\/04\/059-286x300.jpg\" alt=\"\" width=\"177\" height=\"186\" srcset=\"http:\/\/www.filindeblogg.nu\/wp-content\/uploads\/2017\/04\/059-286x300.jpg 286w, http:\/\/www.filindeblogg.nu\/wp-content\/uploads\/2017\/04\/059.jpg 403w\" sizes=\"(max-width: 177px) 100vw, 177px\" \/><br \/>\nS\u00e5 borta \u00e4r den lilla f\u00f6rskr\u00e4mda flickan i skolan! Bloggaren forts\u00e4tter att leva ut! \ud83d\ude00 Vild och crazy &#8211; yes!! <img loading=\"lazy\" class=\"alignnone  wp-image-69021\" src=\"http:\/\/www.filindeblogg.nu\/wp-content\/uploads\/2017\/04\/V-tecken.png\" alt=\"\" width=\"59\" height=\"97\" \/><\/p>\n<p>S\u00e5 alla ni som inte v\u00e5gar, inte t\u00f6rs utan t\u00e4nker <em>&#8221;- kan det d\u00e4r verkligen passa sig&#8221;<\/em> &#8211; skit i s\u00e5dana dumheter och <strong>LEV LIVET!<\/strong> F\u00f6r livet \u00e4r kort och du har m\u00f6jligheten <strong>JUST NU!<\/strong><\/p>\n<p>Tyv\u00e4rr ligger inte senaste numret av tidningen Kup\u00e9 p\u00e5 n\u00e4tet \u00e4nnu &#8211; om du vill l\u00e4sa om &#8221;Tendens \u00e5ldersskifte&#8221; s\u00e5 norpa ett ex n\u00e4sta g\u00e5ng du tar t\u00e5get!<\/p>\n<p><img loading=\"lazy\" class=\"aligncenter size-medium wp-image-69022\" src=\"http:\/\/www.filindeblogg.nu\/wp-content\/uploads\/2017\/04\/072-225x300.jpg\" alt=\"\" width=\"225\" height=\"300\" srcset=\"http:\/\/www.filindeblogg.nu\/wp-content\/uploads\/2017\/04\/072-225x300.jpg 225w, http:\/\/www.filindeblogg.nu\/wp-content\/uploads\/2017\/04\/072.jpg 450w\" sizes=\"(max-width: 225px) 100vw, 225px\" \/><\/p>\n<p><img loading=\"lazy\" class=\"aligncenter size-medium wp-image-69023\" src=\"http:\/\/www.filindeblogg.nu\/wp-content\/uploads\/2017\/04\/067-300x225.jpg\" alt=\"\" width=\"300\" height=\"225\" srcset=\"http:\/\/www.filindeblogg.nu\/wp-content\/uploads\/2017\/04\/067-300x225.jpg 300w, http:\/\/www.filindeblogg.nu\/wp-content\/uploads\/2017\/04\/067.jpg 600w\" sizes=\"(max-width: 300px) 100vw, 300px\" \/><\/p>\n<p><img loading=\"lazy\" class=\"aligncenter size-medium wp-image-69024\" src=\"http:\/\/www.filindeblogg.nu\/wp-content\/uploads\/2017\/04\/Flower-power-300x300.jpg\" alt=\"\" width=\"300\" height=\"300\" srcset=\"http:\/\/www.filindeblogg.nu\/wp-content\/uploads\/2017\/04\/Flower-power-300x300.jpg 300w, http:\/\/www.filindeblogg.nu\/wp-content\/uploads\/2017\/04\/Flower-power-150x150.jpg 150w, http:\/\/www.filindeblogg.nu\/wp-content\/uploads\/2017\/04\/Flower-power-144x144.jpg 144w, http:\/\/www.filindeblogg.nu\/wp-content\/uploads\/2017\/04\/Flower-power.jpg 324w\" sizes=\"(max-width: 300px) 100vw, 300px\" \/><\/p>\n<p>&nbsp;<\/p>\n<p>&nbsp;<\/p>\n<p>&nbsp;<\/p>\n","protected":false},"excerpt":{"rendered":"<p>&#8211; Hur gammal \u00e4r du d\u00e5!? &#8211; Ja, hurs\u00e5?? H\u00e4r kommer en blogg om att vara som man vill! Att t\u00e4nja gr\u00e4nser! Ytterligheter &#8211; att utmana det som anses vara r\u00e4tt och fel &#8211; och det viktigaste av allt &#8211; OAVSETT \u00c5LDER! Bloggaren \u00e4r en person som sticker ut. Lite vild och crazy.\u00a0 En s\u00e5dan [&hellip;]<\/p>\n","protected":false},"author":1,"featured_media":0,"comment_status":"open","ping_status":"open","sticky":false,"template":"","format":"standard","meta":[],"categories":[127,161,203,100,132,151,123,101,150],"tags":[],"_links":{"self":[{"href":"http:\/\/www.filindeblogg.nu\/index.php?rest_route=\/wp\/v2\/posts\/68981"}],"collection":[{"href":"http:\/\/www.filindeblogg.nu\/index.php?rest_route=\/wp\/v2\/posts"}],"about":[{"href":"http:\/\/www.filindeblogg.nu\/index.php?rest_route=\/wp\/v2\/types\/post"}],"author":[{"embeddable":true,"href":"http:\/\/www.filindeblogg.nu\/index.php?rest_route=\/wp\/v2\/users\/1"}],"replies":[{"embeddable":true,"href":"http:\/\/www.filindeblogg.nu\/index.php?rest_route=%2Fwp%2Fv2%2Fcomments&post=68981"}],"version-history":[{"count":19,"href":"http:\/\/www.filindeblogg.nu\/index.php?rest_route=\/wp\/v2\/posts\/68981\/revisions"}],"predecessor-version":[{"id":69044,"href":"http:\/\/www.filindeblogg.nu\/index.php?rest_route=\/wp\/v2\/posts\/68981\/revisions\/69044"}],"wp:attachment":[{"href":"http:\/\/www.filindeblogg.nu\/index.php?rest_route=%2Fwp%2Fv2%2Fmedia&parent=68981"}],"wp:term":[{"taxonomy":"category","embeddable":true,"href":"http:\/\/www.filindeblogg.nu\/index.php?rest_route=%2Fwp%2Fv2%2Fcategories&post=68981"},{"taxonomy":"post_tag","embeddable":true,"href":"http:\/\/www.filindeblogg.nu\/index.php?rest_route=%2Fwp%2Fv2%2Ftags&post=68981"}],"curies":[{"name":"wp","href":"https:\/\/api.w.org\/{rel}","templated":true}]}}